{"id":4638,"date":"2022-05-06T07:39:57","date_gmt":"2022-05-06T04:39:57","guid":{"rendered":"https:\/\/tdcenter.org\/?p=4638"},"modified":"2022-05-06T10:19:36","modified_gmt":"2022-05-06T07:19:36","slug":"german-36","status":"publish","type":"post","link":"https:\/\/tdcenter.org\/uk\/2022\/05\/06\/german-36\/","title":{"rendered":"05.Mai, 2022 | T\u00e4gliches Briefing"},"content":{"rendered":"<h3 class=\"wp-block-heading\" id=\"h-00-00\"><strong>00:00<\/strong><\/h3>\n\n\n\n<p>Die Russen beschossen mehrere Grenzd\u00f6rfer in der Region Sumy. Die Siedlungen Sopytsch, Batschiwsk und Towstodubowe gerieten unter M\u00f6rserbeschuss. Es gibt keine Opfer in der Bev\u00f6lkerung.<\/p>\n\n\n\n<h3 class=\"wp-block-heading\" id=\"h-01-00\"><strong>01:00<\/strong><\/h3>\n\n\n\n<p>Die St\u00e4dte Dnipro, Mykolayiv, Odessa und Saporischschja wurden von Raketen getroffen. In Dnipro traf der Schlag das Stadtzentrum, infolgedessen wurde die Eisenbahninfrastruktur der Stadt besch\u00e4digt.<\/p>\n\n\n\n<h3 class=\"wp-block-heading\" id=\"h-02-00\"><strong>02:00<\/strong><\/h3>\n\n\n\n<p>Der Kommandant des Regiments &#8220;Asow&#8221;, Denys Prokopenko, ver\u00f6ffentlichte eine <a href=\"https:\/\/www.youtube.com\/watch?v=sfut7dFTxRc\">Videoansprache<\/a> \u00fcber die Situation im Werk Asow-Stahl, wo das ukrainische Milit\u00e4r eine kreisf\u00f6rmige Verteidigung abh\u00e4lt. Er bezeichnete die Lage als schwierig, best\u00e4tigte die Pr\u00e4senz russischer Truppen auf dem Werksgel\u00e4nde und dankte der ganzen Welt f\u00fcr die enorme Unterst\u00fctzung der ukrainischen Garnison. \u201eTrotz allem f\u00fchren wir weiterhin den Befehl aus, die Verteidigung aufrechtzuerhalten\u201c, sagte er.<\/p>\n\n\n\n<h3 class=\"wp-block-heading\" id=\"h-03-00\"><strong>03:00<\/strong><\/h3>\n\n\n\n<p>Am 4. Mai wurde der ukrainische Journalist Oleksandr Machow bei K\u00e4mpfen in der N\u00e4he der Stadt Isjum get\u00f6tet. Alexander wurde von Vielen f\u00fcr seine hochkar\u00e4tigen Berichte in Erinnerung behalten. Er war der einzige Journalist, der sich dem Team anschloss, das zu Beginn der Coronavirus-Epidemie Ukrainer aus Wuhan evakuierte. Er war Mitglied der ukrainischen Delegation in der Antarktis. Sein <a href=\"https:\/\/www.facebook.com\/profile.php?id=100000603522570\">letzter Beitrag auf Facebook<\/a> lautet: \u201eIch m\u00f6chte, dass Sie stolz auf unsere Armee w\u00e4ren. Wir k\u00e4mpfen f\u00fcr unser Land. F\u00fcr unser Zuhause.\u201c<\/p>\n\n\n\n<figure class=\"wp-block-image\"><img decoding=\"async\" src=\"https:\/\/lh6.googleusercontent.com\/SPZS1JfB3q4RuC7_e3xPWVInXy7rEPhWFl6WBCc5_dNKXPPdDahmSAvMmLnXvX-9G2eJtKeiPwa_Yj5h2HTp9a54IPjbQQq07Ri6ntpnXL2Miqxgxrp0utMWI-DsaKpmdDqJiOCd9m7y2ThfIA\" alt=\"\"\/><\/figure>\n\n\n\n<h3 class=\"wp-block-heading\" id=\"h-04-00\"><strong>04:00<\/strong><\/h3>\n\n\n\n<p>Am 4. Mai evakuierten die ukrainischen Beh\u00f6rden 344 B\u00fcrger aus Mariupol und seinen Au\u00dfenbezirken. Dies <a href=\"https:\/\/www.facebook.com\/100007211555008\/videos\/1116730885838474\/\">gab<\/a> Pr\u00e4sident Wolodymyr Selenskyj in seiner Ansprache an die Ukrainer am Ende des 70. Tages des russischen Krieges mit der Ukraine bekannt.<\/p>\n\n\n\n<h3 class=\"wp-block-heading\" id=\"h-09-00\"><strong>09:00<\/strong><\/h3>\n\n\n\n<p>Ein Einwohner von Mariupol, Ihor und sein Hund Schuscha <a href=\"https:\/\/www.dw.com\/uk\/staryi-i-sobaka-200-kilometriv-pishoho-poriatunku-z-mariupolia\/av-61672893#spark_wn=1\">gingen 200 Kilometer zu Fu\u00df<\/a>, um aus der blockierten Stadt nach Saporischschja zu gelangen.<\/p>\n\n\n\n<h3 class=\"wp-block-heading\" id=\"h-10-00\"><strong>10:00<\/strong><\/h3>\n\n\n\n<p>Der Blogger Anatolij Sharij wurde auf Ersuchen ukrainischer Sonderdienste in Spanien festgenommen. Dies wurde vom Inlandsgeheimdienst der Ukraine, SBU, gemeldet. Dem Blogger wird wegen Landesverrat und Verbrechen nach Artikel 161 des Strafgesetzbuches der Ukraine (Verletzung der Gleichberechtigung der B\u00fcrger je nach Rasse, Nationalit\u00e4t, religi\u00f6ser \u00dcberzeugung, Behinderung und anderen Gr\u00fcnden) angeklagt. Die Inhaftierung wurde durch die Zusammenarbeit der SBU mit der Nationalpolizei in Spanien und dem spanischen Attach\u00e9-B\u00fcro in der Ukraine erm\u00f6glicht.<\/p>\n\n\n\n<figure class=\"wp-block-image\"><img decoding=\"async\" src=\"https:\/\/lh4.googleusercontent.com\/5wf9neIJ3LGQFE_UDNdsJzbTGbESib4ZcUGW3Ig6wsr2YWkMd6XS-h9f0_m9mXL-loERFLkiGuKVPY7doXUYtSqeKlGZcCAygPEMtgRiucQhyvmIwsbqxb9J5_CiF5Xv9KiWbLk30z5arhvqLA\" alt=\"\"\/><\/figure>\n\n\n\n<h3 class=\"wp-block-heading\" id=\"h-10-30\"><strong>10:30<\/strong><\/h3>\n\n\n\n<p>Am vergangenen Tag (4. Mai) griffen die russischen Besatzungstuppen die D\u00f6rfer Hirske und Komyschuwacha, die St\u00e4dte Sjewjerodonezk, Nowodruschesk und Lysytschansk in der Region Luhansk an. F\u00fcnf Zivilisten in der Region sind wegen Schrapnellwunden, die durch Beschuss verursacht waren, gestorben.<\/p>\n\n\n\n<h3 class=\"wp-block-heading\" id=\"h-11-00\"><strong>11:00<\/strong><\/h3>\n\n\n\n<p>Ukrainische Feuerwehr lokalisierten einen Waldbrand in der N\u00e4he des Kontrollpunkts Dytjatky in der Sperrzone in der N\u00e4he des Kernkraftwerks Tschernobyl. Es besteht keine Gefahr einer Brandausbreitung, aber das L\u00f6schen wird durch die Tatsache erschwert, dass der Wald w\u00e4hrend der russischen Milit\u00e4rbesetzung von Tschernobyl vermint wurde. Fotos vom Tatort sind <a href=\"https:\/\/www.facebook.com\/photo?fbid=367245498776679&amp;set=pcb.367252445442651\">hier<\/a> und <a href=\"https:\/\/www.facebook.com\/photo?fbid=367245578776671&amp;set=pcb.367252445442651\">hier.<\/a><\/p>\n\n\n\n<h3 class=\"wp-block-heading\" id=\"h-12-00\"><strong>12:00<\/strong><\/h3>\n\n\n\n<p>Die globale Plattform United24, die auf Initiative von Pr\u00e4sident Wolodymyr Selenskyj gegr\u00fcndet wurde, hat ihre T\u00e4tigkeit in der Ukraine aufgenommen. Mit Hilfe der Website <a href=\"https:\/\/u24.gov.ua\/\">https:\/\/u24.gov.ua\/<\/a> kann jeder einen Beitrag leisten, um dem medizinischen System bei der Bew\u00e4ltigung der Folgen des Krieges zu helfen.<\/p>\n\n\n\n<p><strong>13:00 <\/strong><strong><br><\/strong>In der vor\u00fcbergehend eroberten Stadt Energodar in der Region Saporischschja funktionierte das W\u00e4rmekraftwerk nicht mehr. Der B\u00fcrgermeister Dmytro Orlov erkl\u00e4rte, dass das ein erzwungener Schritt gewesen sei \u2013 dem Unternehmen sei die Kohle ausgegangen und es sei aufgrund der Besetzung unm\u00f6glich, seine regelm\u00e4\u00dfigen Lieferungen zu organisieren. <strong><br><\/strong><\/p>\n\n\n\n<figure class=\"wp-block-image\"><img decoding=\"async\" src=\"https:\/\/lh6.googleusercontent.com\/OT7IEwZk07zl-TpTEoa_w-fkf_x9hdler9yJqOhHUekWSyDQ6i_rkTyNgJPBbUbq2xPq6J-AZ9tSzhmU5HvsMdy-K2gR5Cnn8Bd2LyFoAoU_Jo0XWLUPKu0To5i85HCXmy2gcGj9fqpFFaGT6g\" alt=\"\"\/><\/figure>\n\n\n\n<p><strong>14:00 <\/strong><strong><br><\/strong><strong><br><\/strong><strong>Die Ombudsfrau Lyudmila Denisova sprach \u00fcber \u201eFiltrationslager\u201c in den D\u00f6rfern Bezymenne und Kozatske im Bezirk Novoazovsk.<\/strong><\/p>\n\n\n\n<p>Sie wurden in der Schule und im Club untergebracht, wo sie st\u00e4ndig unter der Aufsicht eines Konvois russischer Soldaten bleiben.<\/p>\n\n\n\n<p>Die Leute schlafen auf dem Boden in den Fluren. Sie werden mit sehr seltenen mageren Suppen gef\u00fcttert. Von den hygienischen Verfahren steht Hunderten von Menschen nur ein Waschbecken mit kaltem Wasser zur Verf\u00fcgung. Die M\u00e4nner werden beim geringsten Ungehorsam geschlagen und gefoltert.<\/p>\n\n\n\n<p>An der Schule in Bezymenne wurde bereits der erste Fall von Tuberkulose registriert, daher verwandelten die Besetzer die Turnhalle in eine Isolierstation, in der viele Menschen untergebracht sind.<\/p>\n\n\n\n<p>Ein Mann starb in einem Lager im Dorf Kozatske, weil die Besatzer sich weigerten, einen Krankenwagen zu rufen.<\/p>\n\n\n\n<p>Den M\u00e4nnern wurde auch gesagt, dass sie als \u201eGefangene\u201c an der \u201eParade\u201c am 9. Mai in Mariupol teilnehmen w\u00fcrden.<\/p>\n\n\n\n<p><strong>15:00<\/strong><br>Der stellvertretende Kommandeur des Asowschen Regiments, Hauptmann Swjatoslaw Palamar, der Mariupol verteidigt, nahm eine Videobotschaft auf.<\/p>\n\n\n\n<p><br><img fetchpriority=\"high\" decoding=\"async\" src=\"https:\/\/lh5.googleusercontent.com\/ZeV_3Er-H63m7QTOXz6YsbtDqwVQI5LJRFmRMMvtYeS4rqmSDz-NOJKet9uqrL4qLXVoFxD0UvvIrrQQ5Pdrf0KshgqpLs3qM-R9k4ckTFyEldjOWCIAqAd8Rkd9T0PBsvD5HOTfMwEUUGPdvQ\" width=\"535\" height=\"299\"><br><br><em>\u201eWir rufen die Weltgemeinschaft auf, Zivilisten zu evakuieren, und ich appelliere pers\u00f6nlich an den Obersten Oberbefehlshaber, sich um die verwundeten Soldaten zu k\u00fcmmern, die qualvoll durch unzureichende Behandlung sterben. Geben Sie die Gelegenheit, die Leichen der Soldaten aufzuheben, damit die Ukrainer sich von ihren Helden verabschieden k\u00f6nnen. Reagieren Sie angemessen auf eine kritische Situation, in der der Feind sich nicht an ethische Normen, Konventionen oder Gesetze h\u00e4lt und Menschen vor der Welt zerst\u00f6rt, geleitet von Freiz\u00fcgigkeit und Straflosigkeit!\u201c<\/em><\/p>\n\n\n\n<p><strong>16:00<\/strong><strong><br><\/strong>Die Ukraine ist bereit, den Transit von russischem Gas durch ihr Hoheitsgebiet zu stoppen, wenn die europ\u00e4ischen L\u00e4nder beschlie\u00dfen, ihn abzulehnen, erkl\u00e4rte der Vorsitzende des Energieausschusses der Werchowna Rada.<br><\/p>\n\n\n\n<p><em>Es sei darauf hingewiesen, dass russisches Gas trotz des Krieges nach Europa transportiert wird. Der Grund daf\u00fcr ist ein Transitabkommen zwischen Naftogaz und Gazprom, das Ende 2019 f\u00fcr eine Laufzeit von f\u00fcnf Jahren unterzeichnet wurde.<\/em><\/p>\n\n\n\n<p><strong>17:00 <\/strong><strong><br><\/strong>Die Rentnerin Anna Ivaniva, die mit einer roten bolschewistischen Fahne zum Treffen mit dem ukrainischen Milit\u00e4r herauskam, schw\u00f6rt auf die russische Armee f\u00fcr das zerst\u00f6rte Haus.<strong><br><\/strong>Obwohl in diesen Gebieten Propaganda verbreitet wurde, nahm der Sohn von Anna Ivanivna Sohn sie nicht mit nach Russland, und sie selbst bemerkte, dass ihr Haus von den russischen Besatzern beschossen wurde.<\/p>\n\n\n\n<p>Anna Ivanivna sagt, dass sie sich dem ukrainischen Milit\u00e4r angeschlossen hat, weil sie dachte, sie seien Besatzer, sie machte sich Sorgen um ihr Leben und versuchte, sich mit ihnen mit der roten bolschewistischen Flagge zu \u201evers\u00f6hnen\u201c, damit sie das Dorf und die Ukraine nicht \u201ezerst\u00f6ren\u201c.<\/p>\n\n\n\n<p>Aber jetzt f\u00fchlt sie sich wie eine \u201eVerr\u00e4terin\u201c.<\/p>\n\n\n\n<p><strong>Die Streitkr\u00e4fte dr\u00e4ngen darauf, eine alte Frau nicht zu dem\u00fctigen oder zu bel\u00e4stigen!<\/strong><strong><br><\/strong><\/p>\n\n\n\n<p>Es wird daran erinnert, dass russische soziale Netzwerke ein Video verbreiteten, in dem die Gro\u00dfmutter mit einer roten Fahne zu den &#8220;ukrainischen Bestrafern&#8221; herauskam. Die Besatzer schufen das Bild einer Frau, die von der Wiedervereinigung mit Russland und der Wiederbelebung der Sowjetunion tr\u00e4umt.<strong><br><\/strong><br><img decoding=\"async\" src=\"https:\/\/lh3.googleusercontent.com\/D9yFnq9pK27EMBQU3VtmLl9WZQvtTSmm7IV8SIkl41_dW4ihdD5k9udGoP7LjGuV7svmj0n21er-GzC1Ny30w6M3BQgyUfxfKF_k1oPerBJCeoJzk-SQtMdioptcfocvPWykSvOW0XlPk2KvYA\" width=\"718\" height=\"414\"><\/p>\n\n\n\n<p><strong>18:00 <\/strong><strong><br><\/strong><strong><br><\/strong>66 % der Europ\u00e4er bef\u00fcrworten den Beitritt der Ukraine zur EU.<\/p>\n\n\n\n<figure class=\"wp-block-image\"><img decoding=\"async\" src=\"https:\/\/lh5.googleusercontent.com\/uLaCE5cIJSft0mg6sJUWBh0degIE83dhrbvAghFTm1eHx37EDohxFWW6uf4oeb8GitwlQPVgwJlT3yfqHFMlnZre0zmK8w6_rMOIDzhA8EWxu2WDOMqxMAwvrNi-aBh6wP6Pb3F0byWk0bsllQ\" alt=\"\"\/><\/figure>\n\n\n\n<p>Die Umfrage ergab, dass 89 % der Europ\u00e4er mit den Ukrainern sympathisieren, 88 % die Idee bef\u00fcrworten, Menschen, die vor dem Krieg fliehen, in die EU einzuladen, und 80 % die finanzielle Unterst\u00fctzung f\u00fcr die Ukraine bef\u00fcrworten.<\/p>\n\n\n\n<p><strong>19:00 <\/strong><strong><br><\/strong><strong><br><\/strong>Abteilung der Asowschen Spezialeinheiten ver\u00f6ffentlichte Aufnahmen des Azovstal-Angriffs.<strong><br><\/strong><\/p>\n\n\n\n<p>\u201e<em>Der Angriff auf \u201eAzovstal\u201c geht weiter! Die Verteidiger halten die Anlage unter schwerem Beschuss. Der Feind setzt Flugzeuge, Artillerie und Infanterie ein<\/em>\u201c.<strong><br><\/strong><\/p>\n\n\n\n<figure class=\"wp-block-image\"><img decoding=\"async\" src=\"https:\/\/lh5.googleusercontent.com\/SNpOK4THy0vE7HOqM7rm7HnAkAUJ4p_QEZmn4WO5C5FEfzFf37blsZVUvYuaLLqsGbE53BIV-Qgo88UkE4qqXwiUHGI7YEVKpbW2vXjYj1kEj_Ff51OqK6e3Ia4KzY1aF2aJ6PWZ-xMa0gx4BQ\" alt=\"\"\/><\/figure>\n\n\n\n<p>Video: <a href=\"https:\/\/t.me\/polkazov\/4463\">https:\/\/t.me\/polkazov\/4463<\/a><\/p>\n\n\n\n<p><strong>20:00&nbsp;<\/strong><\/p>\n\n\n\n<p>\u201eIch habe den Tod vor dem Krieg nie gesehen. Ich arbeitete in der Ambulanz. Aber jetzt, im Jahr 2022, schmerzt es, Menschen mangels Antibiotika an eitrigen Wunden an den H\u00e4nden sterben zu sehen\u201c, &#8211; erz\u00e4hlte der Arzt, der den Verwundeten in \u201eAzovstal\u201c Hilfe leistet.<\/p>\n\n\n\n<p><strong>21:00&nbsp;<\/strong><\/p>\n\n\n\n<p>Die Beh\u00f6rden von Mariupol erhielten Details und Videos aus den Filterlagern der russischen Besatzungstruppen im Dorf Bezimyane, das f\u00fcr die Einwohner von Mariupol zu einem echten Ghetto wurde.&nbsp;Die Besatzer haben etwa 2.000 Menschen aus den Bezirken Guglino, Myrnyi und Volonterivka gewaltsam vertrieben \u2013 sie werden in Filtrationslagern in den D\u00f6rfern Bezimyane und Kozatske festgehalten.<\/p>\n\n\n\n<figure class=\"wp-block-image\"><img decoding=\"async\" src=\"https:\/\/lh4.googleusercontent.com\/PavU2nhw0e7BRvm5Xp0iMRZk2SFbjn2B6_ThPNSUqQpTmKrZercTNfLxwavK7h4UXmaq3XRtZYJ_gLpnPJSmZTRdSsNl8wer4Q-JtiO2r-zzuriCizJESeXyUTs9r5ZQMrcd8N0jo0Ts68L62g\" alt=\"\"\/><\/figure>\n\n\n\n<p><br><strong>21:30<\/strong><br><br>Nachdem die russischen Besatzungstruppen Mariupol zerst\u00f6rt hatten, begannen sie, ukrainischsprachige Wegweiser zu zerst\u00f6ren und stattdessen russischsprachige zu installieren.<\/p>","protected":false},"excerpt":{"rendered":"<p>00:00 Die Russen beschossen mehrere Grenzd\u00f6rfer in der Region Sumy. Die Siedlungen Sopytsch, Batschiwsk und Towstodubowe gerieten unter M\u00f6rserbeschuss. Es gibt keine Opfer in der Bev\u00f6lkerung. 01:00 Die St\u00e4dte Dnipro, Mykolayiv, Odessa und Saporischschja wurden von Raketen getroffen. In Dnipro traf der Schlag das Stadtzentrum, infolgedessen wurde die Eisenbahninfrastruktur der Stadt besch\u00e4digt. 02:00 Der Kommandant [&hellip;]<\/p>","protected":false},"author":1,"featured_media":4626,"comment_status":"open","ping_status":"open","sticky":false,"template":"","format":"standard","meta":{"footnotes":""},"categories":[1,16],"tags":[],"topic":[],"class_list":["post-4638","post","type-post","status-publish","format-standard","has-post-thumbnail","hentry","category-uncategorized","category-german"],"mb":[],"yoast_head":"<!-- This site is optimized with the Yoast SEO Premium plugin v25.6 (Yoast SEO v25.6) - https:\/\/yoast.com\/wordpress\/plugins\/seo\/ -->\n<title>Nachrichten aus der Ukraine vom 45 Mai<\/title>\n<meta name=\"description\" content=\"Transatlantic Dialogue Center - Promoting International Peace and Security at Kyiv, Ukraine - Nachrichten aus der Ukraine vom 05. Mai\" \/>\n<meta name=\"robots\" content=\"index, follow, max-snippet:-1, max-image-preview:large, max-video-preview:-1\" \/>\n<link rel=\"canonical\" href=\"https:\/\/tdcenter.org\/uk\/2022\/05\/06\/german-36\/\" \/>\n<meta property=\"og:locale\" content=\"uk_UA\" \/>\n<meta property=\"og:type\" content=\"article\" \/>\n<meta property=\"og:title\" content=\"05.Mai, 2022 | T\u00e4gliches Briefing\" \/>\n<meta property=\"og:description\" content=\"Transatlantic Dialogue Center (TDC) is a non-governmental and non-partisan think tank that provides high-quality policy advice to private and public clients. The network of our friends and partners includes government officials, members of parliaments, businessmen, journalists, experts and analysts.\" \/>\n<meta property=\"og:url\" content=\"https:\/\/tdcenter.org\/uk\/2022\/05\/06\/german-36\/\" \/>\n<meta property=\"og:site_name\" content=\"Transatlantic Dialogue Center\" \/>\n<meta property=\"article:publisher\" content=\"https:\/\/www.facebook.com\/Transatlantic-Dialogue-Center-105645698740463\" \/>\n<meta property=\"article:published_time\" content=\"2022-05-06T04:39:57+00:00\" \/>\n<meta property=\"article:modified_time\" content=\"2022-05-06T07:19:36+00:00\" \/>\n<meta property=\"og:image\" content=\"https:\/\/tdcenter.org\/wp-content\/uploads\/2022\/05\/photo_2022-05-04_17-31-59.jpg\" \/>\n\t<meta property=\"og:image:width\" content=\"2560\" \/>\n\t<meta property=\"og:image:height\" content=\"1798\" \/>\n\t<meta property=\"og:image:type\" content=\"image\/jpeg\" \/>\n<meta name=\"author\" content=\"tdcadmin\" \/>\n<meta name=\"twitter:card\" content=\"summary_large_image\" \/>\n<meta name=\"twitter:label1\" content=\"\u041d\u0430\u043f\u0438\u0441\u0430\u043d\u043e\" \/>\n\t<meta name=\"twitter:data1\" content=\"tdcadmin\" \/>\n\t<meta name=\"twitter:label2\" content=\"\u041f\u0440\u0438\u0431\u043b. \u0447\u0430\u0441 \u0447\u0438\u0442\u0430\u043d\u043d\u044f\" \/>\n\t<meta name=\"twitter:data2\" content=\"7 \u0445\u0432\u0438\u043b\u0438\u043d\" \/>\n<script type=\"application\/ld+json\" class=\"yoast-schema-graph\">{\"@context\":\"https:\/\/schema.org\",\"@graph\":[{\"@type\":\"Article\",\"@id\":\"https:\/\/tdcenter.org\/2022\/05\/06\/german-36\/#article\",\"isPartOf\":{\"@id\":\"https:\/\/tdcenter.org\/2022\/05\/06\/german-36\/\"},\"author\":{\"name\":\"tdcadmin\",\"@id\":\"https:\/\/tdcenter.org\/#\/schema\/person\/93d6a1a71a5db737f83ae00987761c07\"},\"headline\":\"05.Mai, 2022 | T\u00e4gliches Briefing\",\"datePublished\":\"2022-05-06T04:39:57+00:00\",\"dateModified\":\"2022-05-06T07:19:36+00:00\",\"mainEntityOfPage\":{\"@id\":\"https:\/\/tdcenter.org\/2022\/05\/06\/german-36\/\"},\"wordCount\":1265,\"commentCount\":0,\"publisher\":{\"@id\":\"https:\/\/tdcenter.org\/#organization\"},\"image\":{\"@id\":\"https:\/\/tdcenter.org\/2022\/05\/06\/german-36\/#primaryimage\"},\"thumbnailUrl\":\"https:\/\/tdcenter.org\/wp-content\/uploads\/2022\/05\/photo_2022-05-04_17-31-59.jpg\",\"articleSection\":[\"Briefings\",\"German\"],\"inLanguage\":\"uk\",\"potentialAction\":[{\"@type\":\"CommentAction\",\"name\":\"Comment\",\"target\":[\"https:\/\/tdcenter.org\/2022\/05\/06\/german-36\/#respond\"]}]},{\"@type\":\"WebPage\",\"@id\":\"https:\/\/tdcenter.org\/2022\/05\/06\/german-36\/\",\"url\":\"https:\/\/tdcenter.org\/2022\/05\/06\/german-36\/\",\"name\":\"Nachrichten aus der Ukraine vom 45 Mai\",\"isPartOf\":{\"@id\":\"https:\/\/tdcenter.org\/#website\"},\"primaryImageOfPage\":{\"@id\":\"https:\/\/tdcenter.org\/2022\/05\/06\/german-36\/#primaryimage\"},\"image\":{\"@id\":\"https:\/\/tdcenter.org\/2022\/05\/06\/german-36\/#primaryimage\"},\"thumbnailUrl\":\"https:\/\/tdcenter.org\/wp-content\/uploads\/2022\/05\/photo_2022-05-04_17-31-59.jpg\",\"datePublished\":\"2022-05-06T04:39:57+00:00\",\"dateModified\":\"2022-05-06T07:19:36+00:00\",\"description\":\"Transatlantic Dialogue Center - Promoting International Peace and Security at Kyiv, Ukraine - Nachrichten aus der Ukraine vom 05. Mai\",\"breadcrumb\":{\"@id\":\"https:\/\/tdcenter.org\/2022\/05\/06\/german-36\/#breadcrumb\"},\"inLanguage\":\"uk\",\"potentialAction\":[{\"@type\":\"ReadAction\",\"target\":[\"https:\/\/tdcenter.org\/2022\/05\/06\/german-36\/\"]}]},{\"@type\":\"ImageObject\",\"inLanguage\":\"uk\",\"@id\":\"https:\/\/tdcenter.org\/2022\/05\/06\/german-36\/#primaryimage\",\"url\":\"https:\/\/tdcenter.org\/wp-content\/uploads\/2022\/05\/photo_2022-05-04_17-31-59.jpg\",\"contentUrl\":\"https:\/\/tdcenter.org\/wp-content\/uploads\/2022\/05\/photo_2022-05-04_17-31-59.jpg\",\"width\":2560,\"height\":1798},{\"@type\":\"BreadcrumbList\",\"@id\":\"https:\/\/tdcenter.org\/2022\/05\/06\/german-36\/#breadcrumb\",\"itemListElement\":[{\"@type\":\"ListItem\",\"position\":1,\"name\":\"Home\",\"item\":\"https:\/\/tdcenter.org\/\"},{\"@type\":\"ListItem\",\"position\":2,\"name\":\"05.Mai, 2022 | T\u00e4gliches Briefing\"}]},{\"@type\":\"WebSite\",\"@id\":\"https:\/\/tdcenter.org\/#website\",\"url\":\"https:\/\/tdcenter.org\/\",\"name\":\"Transatlantic Dialogue Center\",\"description\":\"Promoting International Peace and Security\",\"publisher\":{\"@id\":\"https:\/\/tdcenter.org\/#organization\"},\"potentialAction\":[{\"@type\":\"SearchAction\",\"target\":{\"@type\":\"EntryPoint\",\"urlTemplate\":\"https:\/\/tdcenter.org\/?s={search_term_string}\"},\"query-input\":{\"@type\":\"PropertyValueSpecification\",\"valueRequired\":true,\"valueName\":\"search_term_string\"}}],\"inLanguage\":\"uk\"},{\"@type\":\"Organization\",\"@id\":\"https:\/\/tdcenter.org\/#organization\",\"name\":\"Transatlantic Dialogue Center\",\"url\":\"https:\/\/tdcenter.org\/\",\"logo\":{\"@type\":\"ImageObject\",\"inLanguage\":\"uk\",\"@id\":\"https:\/\/tdcenter.org\/#\/schema\/logo\/image\/\",\"url\":\"https:\/\/tdcenter.org\/wp-content\/uploads\/2022\/04\/google.png\",\"contentUrl\":\"https:\/\/tdcenter.org\/wp-content\/uploads\/2022\/04\/google.png\",\"width\":2568,\"height\":2487,\"caption\":\"Transatlantic Dialogue Center\"},\"image\":{\"@id\":\"https:\/\/tdcenter.org\/#\/schema\/logo\/image\/\"},\"sameAs\":[\"https:\/\/www.facebook.com\/Transatlantic-Dialogue-Center-105645698740463\",\"https:\/\/www.youtube.com\/channel\/UCpJuhU4JBfpv_jsldNOc5LA\"]},{\"@type\":\"Person\",\"@id\":\"https:\/\/tdcenter.org\/#\/schema\/person\/93d6a1a71a5db737f83ae00987761c07\",\"name\":\"tdcadmin\",\"image\":{\"@type\":\"ImageObject\",\"inLanguage\":\"uk\",\"@id\":\"https:\/\/tdcenter.org\/#\/schema\/person\/image\/\",\"url\":\"https:\/\/tdcenter.org\/wp-content\/litespeed\/avatar\/591094187f87a3c5c4f3f5415d24bd3d.jpg?ver=1777459311\",\"contentUrl\":\"https:\/\/tdcenter.org\/wp-content\/litespeed\/avatar\/591094187f87a3c5c4f3f5415d24bd3d.jpg?ver=1777459311\",\"caption\":\"tdcadmin\"},\"sameAs\":[\"https:\/\/tdcenter.org\"]}]}<\/script>\n<!-- \/ Yoast SEO Premium plugin. -->","yoast_head_json":{"title":"Nachrichten aus der Ukraine vom 45 Mai","description":"Transatlantic Dialogue Center - Promoting International Peace and Security at Kyiv, Ukraine - Nachrichten aus der Ukraine vom 05. Mai","robots":{"index":"index","follow":"follow","max-snippet":"max-snippet:-1","max-image-preview":"max-image-preview:large","max-video-preview":"max-video-preview:-1"},"canonical":"https:\/\/tdcenter.org\/uk\/2022\/05\/06\/german-36\/","og_locale":"uk_UA","og_type":"article","og_title":"05.Mai, 2022 | T\u00e4gliches Briefing","og_description":"Transatlantic Dialogue Center (TDC) is a non-governmental and non-partisan think tank that provides high-quality policy advice to private and public clients. The network of our friends and partners includes government officials, members of parliaments, businessmen, journalists, experts and analysts.","og_url":"https:\/\/tdcenter.org\/uk\/2022\/05\/06\/german-36\/","og_site_name":"Transatlantic Dialogue Center","article_publisher":"https:\/\/www.facebook.com\/Transatlantic-Dialogue-Center-105645698740463","article_published_time":"2022-05-06T04:39:57+00:00","article_modified_time":"2022-05-06T07:19:36+00:00","og_image":[{"width":2560,"height":1798,"url":"https:\/\/tdcenter.org\/wp-content\/uploads\/2022\/05\/photo_2022-05-04_17-31-59.jpg","type":"image\/jpeg"}],"author":"tdcadmin","twitter_card":"summary_large_image","twitter_misc":{"\u041d\u0430\u043f\u0438\u0441\u0430\u043d\u043e":"tdcadmin","\u041f\u0440\u0438\u0431\u043b. \u0447\u0430\u0441 \u0447\u0438\u0442\u0430\u043d\u043d\u044f":"7 \u0445\u0432\u0438\u043b\u0438\u043d"},"schema":{"@context":"https:\/\/schema.org","@graph":[{"@type":"Article","@id":"https:\/\/tdcenter.org\/2022\/05\/06\/german-36\/#article","isPartOf":{"@id":"https:\/\/tdcenter.org\/2022\/05\/06\/german-36\/"},"author":{"name":"tdcadmin","@id":"https:\/\/tdcenter.org\/#\/schema\/person\/93d6a1a71a5db737f83ae00987761c07"},"headline":"05.Mai, 2022 | T\u00e4gliches Briefing","datePublished":"2022-05-06T04:39:57+00:00","dateModified":"2022-05-06T07:19:36+00:00","mainEntityOfPage":{"@id":"https:\/\/tdcenter.org\/2022\/05\/06\/german-36\/"},"wordCount":1265,"commentCount":0,"publisher":{"@id":"https:\/\/tdcenter.org\/#organization"},"image":{"@id":"https:\/\/tdcenter.org\/2022\/05\/06\/german-36\/#primaryimage"},"thumbnailUrl":"https:\/\/tdcenter.org\/wp-content\/uploads\/2022\/05\/photo_2022-05-04_17-31-59.jpg","articleSection":["Briefings","German"],"inLanguage":"uk","potentialAction":[{"@type":"CommentAction","name":"Comment","target":["https:\/\/tdcenter.org\/2022\/05\/06\/german-36\/#respond"]}]},{"@type":"WebPage","@id":"https:\/\/tdcenter.org\/2022\/05\/06\/german-36\/","url":"https:\/\/tdcenter.org\/2022\/05\/06\/german-36\/","name":"Nachrichten aus der Ukraine vom 45 Mai","isPartOf":{"@id":"https:\/\/tdcenter.org\/#website"},"primaryImageOfPage":{"@id":"https:\/\/tdcenter.org\/2022\/05\/06\/german-36\/#primaryimage"},"image":{"@id":"https:\/\/tdcenter.org\/2022\/05\/06\/german-36\/#primaryimage"},"thumbnailUrl":"https:\/\/tdcenter.org\/wp-content\/uploads\/2022\/05\/photo_2022-05-04_17-31-59.jpg","datePublished":"2022-05-06T04:39:57+00:00","dateModified":"2022-05-06T07:19:36+00:00","description":"Transatlantic Dialogue Center - Promoting International Peace and Security at Kyiv, Ukraine - Nachrichten aus der Ukraine vom 05. Mai","breadcrumb":{"@id":"https:\/\/tdcenter.org\/2022\/05\/06\/german-36\/#breadcrumb"},"inLanguage":"uk","potentialAction":[{"@type":"ReadAction","target":["https:\/\/tdcenter.org\/2022\/05\/06\/german-36\/"]}]},{"@type":"ImageObject","inLanguage":"uk","@id":"https:\/\/tdcenter.org\/2022\/05\/06\/german-36\/#primaryimage","url":"https:\/\/tdcenter.org\/wp-content\/uploads\/2022\/05\/photo_2022-05-04_17-31-59.jpg","contentUrl":"https:\/\/tdcenter.org\/wp-content\/uploads\/2022\/05\/photo_2022-05-04_17-31-59.jpg","width":2560,"height":1798},{"@type":"BreadcrumbList","@id":"https:\/\/tdcenter.org\/2022\/05\/06\/german-36\/#breadcrumb","itemListElement":[{"@type":"ListItem","position":1,"name":"Home","item":"https:\/\/tdcenter.org\/"},{"@type":"ListItem","position":2,"name":"05.Mai, 2022 | T\u00e4gliches Briefing"}]},{"@type":"WebSite","@id":"https:\/\/tdcenter.org\/#website","url":"https:\/\/tdcenter.org\/","name":"\u0426\u0435\u043d\u0442\u0440\u0456 \u0442\u0440\u0430\u043d\u0441\u0430\u0442\u043b\u0430\u043d\u0442\u0438\u0447\u043d\u043e\u0433\u043e \u0434\u0456\u0430\u043b\u043e\u0433\u0443","description":"Promoting International Peace and Security","publisher":{"@id":"https:\/\/tdcenter.org\/#organization"},"potentialAction":[{"@type":"SearchAction","target":{"@type":"EntryPoint","urlTemplate":"https:\/\/tdcenter.org\/?s={search_term_string}"},"query-input":{"@type":"PropertyValueSpecification","valueRequired":true,"valueName":"search_term_string"}}],"inLanguage":"uk"},{"@type":"Organization","@id":"https:\/\/tdcenter.org\/#organization","name":"\u0426\u0435\u043d\u0442\u0440\u0456 \u0442\u0440\u0430\u043d\u0441\u0430\u0442\u043b\u0430\u043d\u0442\u0438\u0447\u043d\u043e\u0433\u043e \u0434\u0456\u0430\u043b\u043e\u0433\u0443","url":"https:\/\/tdcenter.org\/","logo":{"@type":"ImageObject","inLanguage":"uk","@id":"https:\/\/tdcenter.org\/#\/schema\/logo\/image\/","url":"https:\/\/tdcenter.org\/wp-content\/uploads\/2022\/04\/google.png","contentUrl":"https:\/\/tdcenter.org\/wp-content\/uploads\/2022\/04\/google.png","width":2568,"height":2487,"caption":"Transatlantic Dialogue Center"},"image":{"@id":"https:\/\/tdcenter.org\/#\/schema\/logo\/image\/"},"sameAs":["https:\/\/www.facebook.com\/Transatlantic-Dialogue-Center-105645698740463","https:\/\/www.youtube.com\/channel\/UCpJuhU4JBfpv_jsldNOc5LA"]},{"@type":"Person","@id":"https:\/\/tdcenter.org\/#\/schema\/person\/93d6a1a71a5db737f83ae00987761c07","name":"tdcadmin","image":{"@type":"ImageObject","inLanguage":"uk","@id":"https:\/\/tdcenter.org\/#\/schema\/person\/image\/","url":"https:\/\/tdcenter.org\/wp-content\/litespeed\/avatar\/591094187f87a3c5c4f3f5415d24bd3d.jpg?ver=1777459311","contentUrl":"https:\/\/tdcenter.org\/wp-content\/litespeed\/avatar\/591094187f87a3c5c4f3f5415d24bd3d.jpg?ver=1777459311","caption":"tdcadmin"},"sameAs":["https:\/\/tdcenter.org"]}]}},"mfb_rest_fields":["title","yoast_head","yoast_head_json","gutenberg_elementor_mode"],"_links":{"self":[{"href":"https:\/\/tdcenter.org\/uk\/wp-json\/wp\/v2\/posts\/4638","targetHints":{"allow":["GET"]}}],"collection":[{"href":"https:\/\/tdcenter.org\/uk\/wp-json\/wp\/v2\/posts"}],"about":[{"href":"https:\/\/tdcenter.org\/uk\/wp-json\/wp\/v2\/types\/post"}],"author":[{"embeddable":true,"href":"https:\/\/tdcenter.org\/uk\/wp-json\/wp\/v2\/users\/1"}],"replies":[{"embeddable":true,"href":"https:\/\/tdcenter.org\/uk\/wp-json\/wp\/v2\/comments?post=4638"}],"version-history":[{"count":0,"href":"https:\/\/tdcenter.org\/uk\/wp-json\/wp\/v2\/posts\/4638\/revisions"}],"wp:featuredmedia":[{"embeddable":true,"href":"https:\/\/tdcenter.org\/uk\/wp-json\/wp\/v2\/media\/4626"}],"wp:attachment":[{"href":"https:\/\/tdcenter.org\/uk\/wp-json\/wp\/v2\/media?parent=4638"}],"wp:term":[{"taxonomy":"category","embeddable":true,"href":"https:\/\/tdcenter.org\/uk\/wp-json\/wp\/v2\/categories?post=4638"},{"taxonomy":"post_tag","embeddable":true,"href":"https:\/\/tdcenter.org\/uk\/wp-json\/wp\/v2\/tags?post=4638"},{"taxonomy":"topic","embeddable":true,"href":"https:\/\/tdcenter.org\/uk\/wp-json\/wp\/v2\/topic?post=4638"}],"curies":[{"name":"wp","href":"https:\/\/api.w.org\/{rel}","templated":true}]}}