{"id":2189,"date":"2022-03-22T23:21:10","date_gmt":"2022-03-22T21:21:10","guid":{"rendered":"https:\/\/tdcenter.org\/?p=2189"},"modified":"2022-04-01T00:53:22","modified_gmt":"2022-03-31T21:53:22","slug":"22-marzo-2022-briefing-giornaliero","status":"publish","type":"post","link":"https:\/\/tdcenter.org\/uk\/2022\/03\/22\/22-marzo-2022-briefing-giornaliero\/","title":{"rendered":"22 marzo 2022, briefing giornaliero"},"content":{"rendered":"<p><strong>01.00<\/strong> <\/p>\n\n\n\n<p>Si registrano sette incendi nella zona di Chornobyl. I dati sono presi dai satelliti.<\/p>\n\n\n\n<p>L&#8217;incendio \u00e8 stato probabilmente causato dall&#8217;aggressione armata russa, vale a dire da un proiettile o un incendio doloso.<\/p>\n\n\n\n<figure class=\"wp-block-image size-full is-resized\"><img fetchpriority=\"high\" decoding=\"async\" src=\"https:\/\/tdcenter.org\/wp-content\/uploads\/2022\/03\/image-231.png\" alt=\"\" class=\"wp-image-2190\" width=\"839\" height=\"470\" srcset=\"https:\/\/tdcenter.org\/wp-content\/uploads\/2022\/03\/image-231.png 760w, https:\/\/tdcenter.org\/wp-content\/uploads\/2022\/03\/image-231-600x336.png 600w, https:\/\/tdcenter.org\/wp-content\/uploads\/2022\/03\/image-231-18x10.png 18w\" sizes=\"(max-width: 839px) 100vw, 839px\" \/><\/figure>\n\n\n\n<p>Incendio nel bosco di Chernobyl nel 2020<\/p>\n\n\n\n<p><strong>06.00<\/strong> <\/p>\n\n\n\n<p>A Kramatorsk gli occupanti russi hanno usato le munizioni al fosforo.<\/p>\n\n\n\n<p>Oleksiy Biloshitskyi, il primo vice capo della polizia di pattuglia di Kyiv, ha pubblicato un video su Facebook in cui si conferma l&#8217;uso di armi vietate da parte della Russia.<\/p>\n\n\n\n<p><em>&#8220;Un altro uso di munizioni al fosforo a Kramatorsk. Divieti e convenzioni sono per il mondo civile. I russi, invece, sono venuti a \u201cliberare la gente\u201d. E possono \u201cliberare\u201d solo in questo modo. Ma loro saranno bruciati come brucia questo fosforo &#8220;<\/em>, ha detto nel suo messaggio.<\/p>\n\n\n\n<p><a href=\"https:\/\/t.me\/ukrinform_news\/59500\">https:\/\/t.me\/ukrinform_news\/59500<\/a><\/p>\n\n\n\n<p><strong>08.00<\/strong> <\/p>\n\n\n\n<p>Nella Berdyansk occupata \u00e8 apparso l&#8217;autoproclamato sindaco ad interim.<\/p>\n\n\n\n<p><em>&#8220;Secondo l&#8217;indagine, un cittadino si \u00e8 dichiarato &#8220;sindaco ad interim&#8221; della Berdyansk occupata. Lo ha detto nel suo videodiscorso ai residenti della citt\u00e0, pubblicato su Internet. In questo modo, ha affermato le sue intenzioni di promuovere la creazione di un&#8217;autorit\u00e0 illegale nel territorio occupato di Berdyansk&#8221;<\/em>, ha affermato l&#8217;Ufficio del procuratore generale dell&#8217;Ucraina.<\/p>\n\n\n\n<p><strong>10.00<\/strong> <\/p>\n\n\n\n<p>Gli invasori hanno sparato contro i distributori di benzina a Mykolaiv, ci sono tre vittime.<\/p>\n\n\n\n<p>Il Servizio statale per le emergenze riferisce che gli occupanti russi hanno sparato alle stazioni di servizio nel distretto delle Navi di Mykolaiv, e di seguito c&#8217;\u00e8 stato un incendio. Tre uomini sono morti e una donna \u00e8 rimasta ferita.<\/p>\n\n\n\n<figure class=\"wp-block-image size-full is-resized\"><img decoding=\"async\" src=\"https:\/\/tdcenter.org\/wp-content\/uploads\/2022\/03\/image-237.png\" alt=\"\" class=\"wp-image-2197\" width=\"840\" height=\"468\" srcset=\"https:\/\/tdcenter.org\/wp-content\/uploads\/2022\/03\/image-237.png 843w, https:\/\/tdcenter.org\/wp-content\/uploads\/2022\/03\/image-237-600x335.png 600w, https:\/\/tdcenter.org\/wp-content\/uploads\/2022\/03\/image-237-768x428.png 768w, https:\/\/tdcenter.org\/wp-content\/uploads\/2022\/03\/image-237-18x10.png 18w\" sizes=\"(max-width: 840px) 100vw, 840px\" \/><\/figure>\n\n\n\n<p><strong>11.00<\/strong> <\/p>\n\n\n\n<p>Nella regione di Kharkiv un carro armato russo ha sparato a una famiglia in un&#8217;auto, uccidendo due adulti e un bambino. Lo ha annunciato su Facebook la Procura generale.<\/p>\n\n\n\n<p><em>&#8220;Nella regione di Kharkiv un carro armato russo ha sparato contro un&#8217;auto con una famiglia con due bambini dentro. La famiglia aveva gridato che erano civili, sventolando bandiera bianca, ma invano. I genitori e la bambina di 9 anni sono morti, il ragazzo di 17 anni \u00e8 rimasto ferito&#8221;<\/em>, si legge nella nota.<\/p>\n\n\n\n<p><strong>12:00<\/strong> <\/p>\n\n\n\n<p>A Severodonetsk le forze di occupazione russe hanno sparato contro un supermercato in cui c&#8217;era la gente, <a href=\"https:\/\/www.facebook.com\/sergey.gaidai.loga\/posts\/138548472017878\">secondo<\/a> il capo dell&#8217;Amministrazione militare di Luhansk Serhii Haidai.<\/p>\n\n\n\n<p>Ci sono informazioni sui morti e feriti, ma i dati sono in corso di chiarimento. Secondo il leader, le truppe russe hanno mirato deliberatamente alla persone che stavano in fila.<\/p>\n\n\n\n<p><strong>13:00<\/strong> <\/p>\n\n\n\n<p>A Kherson la gente \u00e8 uscita a una manifestazione pacifica. Gli occupanti hanno usato gas lacrimogeni per far andar via le persone. Nel <a href=\"https:\/\/t.me\/suspilnenews\/8408\">filmato<\/a> si possono sentire esplosioni e spari, i testimoni riferiscono l&#8217;uso di granate luminose e rumorose. &#8220;Suspilne Kherson&#8221; <a href=\"https:\/\/t.me\/suspilnekherson\/9669\">comunica<\/a> che ci sono feriti.<\/p>\n\n\n\n<figure class=\"wp-block-image size-full is-resized\"><img decoding=\"async\" src=\"https:\/\/tdcenter.org\/wp-content\/uploads\/2022\/03\/image-234.png\" alt=\"\" class=\"wp-image-2193\" width=\"840\" height=\"1117\" srcset=\"https:\/\/tdcenter.org\/wp-content\/uploads\/2022\/03\/image-234.png 416w, https:\/\/tdcenter.org\/wp-content\/uploads\/2022\/03\/image-234-9x12.png 9w\" sizes=\"(max-width: 840px) 100vw, 840px\" \/><\/figure>\n\n\n\n<figure class=\"wp-block-image size-full is-resized\"><img loading=\"lazy\" decoding=\"async\" src=\"https:\/\/tdcenter.org\/wp-content\/uploads\/2022\/03\/image-233.png\" alt=\"\" class=\"wp-image-2191\" width=\"838\" height=\"441\" srcset=\"https:\/\/tdcenter.org\/wp-content\/uploads\/2022\/03\/image-233.png 500w, https:\/\/tdcenter.org\/wp-content\/uploads\/2022\/03\/image-233-18x9.png 18w\" sizes=\"(max-width: 838px) 100vw, 838px\" \/><\/figure>\n\n\n\n<p><strong>16:00<\/strong> <\/p>\n\n\n\n<p>Volodymyr Zelenskyi, nel suo canale telegram, <a href=\"https:\/\/t.me\/V_Zelenskiy_official\/925\">ha pubblicato<\/a> una foto dalla guerra, chiedendo di chiudere il cielo.<\/p>\n\n\n\n<p><em>&#8220;Cos&#8217;altro devono fare gli occupanti, quante pi\u00f9 persone devono uccidere affinch\u00e9 i leader occidentali, i leader della NATO, rispondano positivamente alla richiesta dell&#8217;Ucraina di una no-fly zone o di fornire al nostro paese gli aerei di cui abbiamo un disperato bisogno?&#8221;<\/em><\/p>\n\n\n\n<figure class=\"wp-block-image size-full is-resized\"><img loading=\"lazy\" decoding=\"async\" src=\"https:\/\/tdcenter.org\/wp-content\/uploads\/2022\/03\/image-238.png\" alt=\"\" class=\"wp-image-2198\" width=\"841\" height=\"562\" srcset=\"https:\/\/tdcenter.org\/wp-content\/uploads\/2022\/03\/image-238.png 650w, https:\/\/tdcenter.org\/wp-content\/uploads\/2022\/03\/image-238-600x401.png 600w, https:\/\/tdcenter.org\/wp-content\/uploads\/2022\/03\/image-238-18x12.png 18w\" sizes=\"(max-width: 841px) 100vw, 841px\" \/><\/figure>\n\n\n\n<figure class=\"wp-block-image size-full is-resized\"><img loading=\"lazy\" decoding=\"async\" src=\"https:\/\/tdcenter.org\/wp-content\/uploads\/2022\/03\/image-235.png\" alt=\"\" class=\"wp-image-2194\" width=\"840\" height=\"558\" srcset=\"https:\/\/tdcenter.org\/wp-content\/uploads\/2022\/03\/image-235.png 653w, https:\/\/tdcenter.org\/wp-content\/uploads\/2022\/03\/image-235-600x399.png 600w, https:\/\/tdcenter.org\/wp-content\/uploads\/2022\/03\/image-235-18x12.png 18w\" sizes=\"(max-width: 840px) 100vw, 840px\" \/><\/figure>\n\n\n\n<p><strong>17:00<\/strong> <\/p>\n\n\n\n<p>A Severodonetsk nelle ultime 24 ore i russi hanno sparato all&#8217;ospedale pediatrico. Di conseguenza, il tetto ha preso fuoco. I soccorritori del Servizio di emergenza statale dell&#8217;Ucraina hanno evacuato in un luogo sicuro 7 giovani pazienti e 15 adulti, 8 dei quali sono medici, <a href=\"https:\/\/t.me\/dsns_telegram\/5120?single\">secondo<\/a> il servizio di emergenza statale.<\/p>\n\n\n\n<figure class=\"wp-block-image size-full is-resized\"><img loading=\"lazy\" decoding=\"async\" src=\"https:\/\/tdcenter.org\/wp-content\/uploads\/2022\/03\/image-239.png\" alt=\"\" class=\"wp-image-2199\" width=\"839\" height=\"630\" srcset=\"https:\/\/tdcenter.org\/wp-content\/uploads\/2022\/03\/image-239.png 780w, https:\/\/tdcenter.org\/wp-content\/uploads\/2022\/03\/image-239-600x451.png 600w, https:\/\/tdcenter.org\/wp-content\/uploads\/2022\/03\/image-239-768x577.png 768w, https:\/\/tdcenter.org\/wp-content\/uploads\/2022\/03\/image-239-16x12.png 16w\" sizes=\"(max-width: 839px) 100vw, 839px\" \/><\/figure>\n\n\n\n<p><strong>18:00<\/strong> <\/p>\n\n\n\n<p>Un camion e due edifici hanno preso fuoco nel distretto di Obolonskyi a Kyiv a causa dei bombardamenti da parte degli occupanti. L&#8217;incendio \u00e8 gi\u00e0 stato spento. Le informazioni su vittime e feriti sono in corso di chiarimento.<\/p>\n\n\n\n<figure class=\"wp-block-image size-full is-resized\"><img loading=\"lazy\" decoding=\"async\" src=\"https:\/\/tdcenter.org\/wp-content\/uploads\/2022\/03\/image-240.png\" alt=\"\" class=\"wp-image-2200\" width=\"838\" height=\"475\" srcset=\"https:\/\/tdcenter.org\/wp-content\/uploads\/2022\/03\/image-240.png 564w, https:\/\/tdcenter.org\/wp-content\/uploads\/2022\/03\/image-240-18x10.png 18w\" sizes=\"(max-width: 838px) 100vw, 838px\" \/><\/figure>\n\n\n\n<p><strong>19:00<\/strong> <\/p>\n\n\n\n<p>Attualmente la regione di Kyiv \u00e8 approssimativamente divisa nella parte settentrionale, dove continuano i combattimenti, e nella parte meridionale, dove non ci sono combattimenti. La situazione pi\u00f9 difficile \u00e8 nelle zone di Bucha, Brovary e Chornobyl. Le autorit\u00e0 non sono in grado di fornire aiuti umanitari ad alcuni insediamenti in queste aree a causa dei continui combattimenti, <a href=\"https:\/\/hromadske.ua\/posts\/kiyivska-oblast-umovno-podilena-na-pivnichnu-j-pivdennu-chastini-najskladnisha-situaciya-za-troma-napryamkami\">ha affermato<\/a> Oleksiy Kuleba, capo del quartier generale umanitario dell&#8217;Amministrazione militare regionale di Kyiv.<\/p>\n\n\n\n<p><strong>19:20<\/strong> <\/p>\n\n\n\n<p>A seguito del precedente bombardamento del distretto Obolonskyi a Kyiv, una persona \u00e8 morta e altre tre sono rimaste ferite, <a href=\"https:\/\/t.me\/VA_Kyiv\/112\">riferisce<\/a> l&#8217;Amministrazione militare di Kyiv.<\/p>\n\n\n\n<p><strong>20:00<\/strong> <\/p>\n\n\n\n<p>A Bucha, nella regione di Kyiv, un invasore russo ha ucciso a colpi di arma da fuoco un uomo di 47 anni davanti al figlio di 14 anni. Anche l&#8217;adolescente \u00e8 stato colpito. Il servizio stampa \u201cOkhmadit\u201d ha condiviso la sua storia.<\/p>\n\n\n\n<figure class=\"wp-block-image size-full is-resized\"><img loading=\"lazy\" decoding=\"async\" src=\"https:\/\/tdcenter.org\/wp-content\/uploads\/2022\/03\/image-241.png\" alt=\"\" class=\"wp-image-2201\" width=\"838\" height=\"629\" srcset=\"https:\/\/tdcenter.org\/wp-content\/uploads\/2022\/03\/image-241.png 650w, https:\/\/tdcenter.org\/wp-content\/uploads\/2022\/03\/image-241-600x450.png 600w, https:\/\/tdcenter.org\/wp-content\/uploads\/2022\/03\/image-241-16x12.png 16w\" sizes=\"(max-width: 838px) 100vw, 838px\" \/><\/figure>","protected":false},"excerpt":{"rendered":"<p>01.00 Si registrano sette incendi nella zona di Chornobyl. I dati sono presi dai satelliti. L&#8217;incendio \u00e8 stato probabilmente causato dall&#8217;aggressione armata russa, vale a dire da un proiettile o un incendio doloso. Incendio nel bosco di Chernobyl nel 2020 06.00 A Kramatorsk gli occupanti russi hanno usato le munizioni al fosforo. Oleksiy Biloshitskyi, il [&hellip;]<\/p>","protected":false},"author":1,"featured_media":2203,"comment_status":"open","ping_status":"open","sticky":false,"template":"","format":"standard","meta":{"footnotes":""},"categories":[1,19],"tags":[],"topic":[],"class_list":["post-2189","post","type-post","status-publish","format-standard","has-post-thumbnail","hentry","category-uncategorized","category-italian"],"mb":[],"yoast_head":"<!-- This site is optimized with the Yoast SEO Premium plugin v25.6 (Yoast SEO v25.6) - https:\/\/yoast.com\/wordpress\/plugins\/seo\/ -->\n<title>22 marzo 2022, briefing giornaliero - Transatlantic Dialogue Center<\/title>\n<meta name=\"description\" content=\"Transatlantic Dialogue Center (TDC) is a non-governmental and non-partisan think tank that provides high-quality policy advice to private and public clients. The network of our friends and partners includes government officials, members of parliaments, businessmen, journalists, experts and analysts.\" \/>\n<meta name=\"robots\" content=\"index, follow, max-snippet:-1, max-image-preview:large, max-video-preview:-1\" \/>\n<link rel=\"canonical\" href=\"https:\/\/tdcenter.org\/uk\/2022\/03\/22\/22-marzo-2022-briefing-giornaliero\/\" \/>\n<meta property=\"og:locale\" content=\"uk_UA\" \/>\n<meta property=\"og:type\" content=\"article\" \/>\n<meta property=\"og:title\" content=\"22 marzo 2022, briefing giornaliero\" \/>\n<meta property=\"og:description\" content=\"Transatlantic Dialogue Center (TDC) is a non-governmental and non-partisan think tank that provides high-quality policy advice to private and public clients. The network of our friends and partners includes government officials, members of parliaments, businessmen, journalists, experts and analysts.\" \/>\n<meta property=\"og:url\" content=\"https:\/\/tdcenter.org\/uk\/2022\/03\/22\/22-marzo-2022-briefing-giornaliero\/\" \/>\n<meta property=\"og:site_name\" content=\"Transatlantic Dialogue Center\" \/>\n<meta property=\"article:publisher\" content=\"https:\/\/www.facebook.com\/Transatlantic-Dialogue-Center-105645698740463\" \/>\n<meta property=\"article:published_time\" content=\"2022-03-22T21:21:10+00:00\" \/>\n<meta property=\"article:modified_time\" content=\"2022-03-31T21:53:22+00:00\" \/>\n<meta property=\"og:image\" content=\"https:\/\/tdcenter.org\/wp-content\/uploads\/2022\/03\/signal-2022-03-17-001100_009.jpeg\" \/>\n\t<meta property=\"og:image:width\" content=\"1600\" \/>\n\t<meta property=\"og:image:height\" content=\"1211\" \/>\n\t<meta property=\"og:image:type\" content=\"image\/jpeg\" \/>\n<meta name=\"author\" content=\"tdcadmin\" \/>\n<meta name=\"twitter:card\" content=\"summary_large_image\" \/>\n<meta name=\"twitter:label1\" content=\"\u041d\u0430\u043f\u0438\u0441\u0430\u043d\u043e\" \/>\n\t<meta name=\"twitter:data1\" content=\"tdcadmin\" \/>\n\t<meta name=\"twitter:label2\" content=\"\u041f\u0440\u0438\u0431\u043b. \u0447\u0430\u0441 \u0447\u0438\u0442\u0430\u043d\u043d\u044f\" \/>\n\t<meta name=\"twitter:data2\" content=\"3 \u0445\u0432\u0438\u043b\u0438\u043d\u0438\" \/>\n<script type=\"application\/ld+json\" class=\"yoast-schema-graph\">{\"@context\":\"https:\/\/schema.org\",\"@graph\":[{\"@type\":\"Article\",\"@id\":\"https:\/\/tdcenter.org\/2022\/03\/22\/22-marzo-2022-briefing-giornaliero\/#article\",\"isPartOf\":{\"@id\":\"https:\/\/tdcenter.org\/2022\/03\/22\/22-marzo-2022-briefing-giornaliero\/\"},\"author\":{\"name\":\"tdcadmin\",\"@id\":\"https:\/\/tdcenter.org\/#\/schema\/person\/93d6a1a71a5db737f83ae00987761c07\"},\"headline\":\"22 marzo 2022, briefing giornaliero\",\"datePublished\":\"2022-03-22T21:21:10+00:00\",\"dateModified\":\"2022-03-31T21:53:22+00:00\",\"mainEntityOfPage\":{\"@id\":\"https:\/\/tdcenter.org\/2022\/03\/22\/22-marzo-2022-briefing-giornaliero\/\"},\"wordCount\":720,\"commentCount\":0,\"publisher\":{\"@id\":\"https:\/\/tdcenter.org\/#organization\"},\"image\":{\"@id\":\"https:\/\/tdcenter.org\/2022\/03\/22\/22-marzo-2022-briefing-giornaliero\/#primaryimage\"},\"thumbnailUrl\":\"https:\/\/tdcenter.org\/wp-content\/uploads\/2022\/03\/signal-2022-03-17-001100_009.jpeg\",\"articleSection\":[\"Briefings\",\"Italian\"],\"inLanguage\":\"uk\",\"potentialAction\":[{\"@type\":\"CommentAction\",\"name\":\"Comment\",\"target\":[\"https:\/\/tdcenter.org\/2022\/03\/22\/22-marzo-2022-briefing-giornaliero\/#respond\"]}]},{\"@type\":\"WebPage\",\"@id\":\"https:\/\/tdcenter.org\/2022\/03\/22\/22-marzo-2022-briefing-giornaliero\/\",\"url\":\"https:\/\/tdcenter.org\/2022\/03\/22\/22-marzo-2022-briefing-giornaliero\/\",\"name\":\"22 marzo 2022, briefing giornaliero - Transatlantic Dialogue Center\",\"isPartOf\":{\"@id\":\"https:\/\/tdcenter.org\/#website\"},\"primaryImageOfPage\":{\"@id\":\"https:\/\/tdcenter.org\/2022\/03\/22\/22-marzo-2022-briefing-giornaliero\/#primaryimage\"},\"image\":{\"@id\":\"https:\/\/tdcenter.org\/2022\/03\/22\/22-marzo-2022-briefing-giornaliero\/#primaryimage\"},\"thumbnailUrl\":\"https:\/\/tdcenter.org\/wp-content\/uploads\/2022\/03\/signal-2022-03-17-001100_009.jpeg\",\"datePublished\":\"2022-03-22T21:21:10+00:00\",\"dateModified\":\"2022-03-31T21:53:22+00:00\",\"description\":\"Transatlantic Dialogue Center (TDC) is a non-governmental and non-partisan think tank that provides high-quality policy advice to private and public clients. The network of our friends and partners includes government officials, members of parliaments, businessmen, journalists, experts and analysts.\",\"breadcrumb\":{\"@id\":\"https:\/\/tdcenter.org\/2022\/03\/22\/22-marzo-2022-briefing-giornaliero\/#breadcrumb\"},\"inLanguage\":\"uk\",\"potentialAction\":[{\"@type\":\"ReadAction\",\"target\":[\"https:\/\/tdcenter.org\/2022\/03\/22\/22-marzo-2022-briefing-giornaliero\/\"]}]},{\"@type\":\"ImageObject\",\"inLanguage\":\"uk\",\"@id\":\"https:\/\/tdcenter.org\/2022\/03\/22\/22-marzo-2022-briefing-giornaliero\/#primaryimage\",\"url\":\"https:\/\/tdcenter.org\/wp-content\/uploads\/2022\/03\/signal-2022-03-17-001100_009.jpeg\",\"contentUrl\":\"https:\/\/tdcenter.org\/wp-content\/uploads\/2022\/03\/signal-2022-03-17-001100_009.jpeg\",\"width\":1600,\"height\":1211},{\"@type\":\"BreadcrumbList\",\"@id\":\"https:\/\/tdcenter.org\/2022\/03\/22\/22-marzo-2022-briefing-giornaliero\/#breadcrumb\",\"itemListElement\":[{\"@type\":\"ListItem\",\"position\":1,\"name\":\"Home\",\"item\":\"https:\/\/tdcenter.org\/\"},{\"@type\":\"ListItem\",\"position\":2,\"name\":\"22 marzo 2022, briefing giornaliero\"}]},{\"@type\":\"WebSite\",\"@id\":\"https:\/\/tdcenter.org\/#website\",\"url\":\"https:\/\/tdcenter.org\/\",\"name\":\"Transatlantic Dialogue Center\",\"description\":\"Promoting International Peace and Security\",\"publisher\":{\"@id\":\"https:\/\/tdcenter.org\/#organization\"},\"potentialAction\":[{\"@type\":\"SearchAction\",\"target\":{\"@type\":\"EntryPoint\",\"urlTemplate\":\"https:\/\/tdcenter.org\/?s={search_term_string}\"},\"query-input\":{\"@type\":\"PropertyValueSpecification\",\"valueRequired\":true,\"valueName\":\"search_term_string\"}}],\"inLanguage\":\"uk\"},{\"@type\":\"Organization\",\"@id\":\"https:\/\/tdcenter.org\/#organization\",\"name\":\"Transatlantic Dialogue Center\",\"url\":\"https:\/\/tdcenter.org\/\",\"logo\":{\"@type\":\"ImageObject\",\"inLanguage\":\"uk\",\"@id\":\"https:\/\/tdcenter.org\/#\/schema\/logo\/image\/\",\"url\":\"https:\/\/tdcenter.org\/wp-content\/uploads\/2022\/04\/google.png\",\"contentUrl\":\"https:\/\/tdcenter.org\/wp-content\/uploads\/2022\/04\/google.png\",\"width\":2568,\"height\":2487,\"caption\":\"Transatlantic Dialogue Center\"},\"image\":{\"@id\":\"https:\/\/tdcenter.org\/#\/schema\/logo\/image\/\"},\"sameAs\":[\"https:\/\/www.facebook.com\/Transatlantic-Dialogue-Center-105645698740463\",\"https:\/\/www.youtube.com\/channel\/UCpJuhU4JBfpv_jsldNOc5LA\"]},{\"@type\":\"Person\",\"@id\":\"https:\/\/tdcenter.org\/#\/schema\/person\/93d6a1a71a5db737f83ae00987761c07\",\"name\":\"tdcadmin\",\"image\":{\"@type\":\"ImageObject\",\"inLanguage\":\"uk\",\"@id\":\"https:\/\/tdcenter.org\/#\/schema\/person\/image\/\",\"url\":\"https:\/\/tdcenter.org\/wp-content\/litespeed\/avatar\/591094187f87a3c5c4f3f5415d24bd3d.jpg?ver=1777459311\",\"contentUrl\":\"https:\/\/tdcenter.org\/wp-content\/litespeed\/avatar\/591094187f87a3c5c4f3f5415d24bd3d.jpg?ver=1777459311\",\"caption\":\"tdcadmin\"},\"sameAs\":[\"https:\/\/tdcenter.org\"]}]}<\/script>\n<!-- \/ Yoast SEO Premium plugin. -->","yoast_head_json":{"title":"22 marzo 2022, briefing giornaliero - Transatlantic Dialogue Center","description":"Transatlantic Dialogue Center (TDC) is a non-governmental and non-partisan think tank that provides high-quality policy advice to private and public clients. The network of our friends and partners includes government officials, members of parliaments, businessmen, journalists, experts and analysts.","robots":{"index":"index","follow":"follow","max-snippet":"max-snippet:-1","max-image-preview":"max-image-preview:large","max-video-preview":"max-video-preview:-1"},"canonical":"https:\/\/tdcenter.org\/uk\/2022\/03\/22\/22-marzo-2022-briefing-giornaliero\/","og_locale":"uk_UA","og_type":"article","og_title":"22 marzo 2022, briefing giornaliero","og_description":"Transatlantic Dialogue Center (TDC) is a non-governmental and non-partisan think tank that provides high-quality policy advice to private and public clients. The network of our friends and partners includes government officials, members of parliaments, businessmen, journalists, experts and analysts.","og_url":"https:\/\/tdcenter.org\/uk\/2022\/03\/22\/22-marzo-2022-briefing-giornaliero\/","og_site_name":"Transatlantic Dialogue Center","article_publisher":"https:\/\/www.facebook.com\/Transatlantic-Dialogue-Center-105645698740463","article_published_time":"2022-03-22T21:21:10+00:00","article_modified_time":"2022-03-31T21:53:22+00:00","og_image":[{"width":1600,"height":1211,"url":"https:\/\/tdcenter.org\/wp-content\/uploads\/2022\/03\/signal-2022-03-17-001100_009.jpeg","type":"image\/jpeg"}],"author":"tdcadmin","twitter_card":"summary_large_image","twitter_misc":{"\u041d\u0430\u043f\u0438\u0441\u0430\u043d\u043e":"tdcadmin","\u041f\u0440\u0438\u0431\u043b. \u0447\u0430\u0441 \u0447\u0438\u0442\u0430\u043d\u043d\u044f":"3 \u0445\u0432\u0438\u043b\u0438\u043d\u0438"},"schema":{"@context":"https:\/\/schema.org","@graph":[{"@type":"Article","@id":"https:\/\/tdcenter.org\/2022\/03\/22\/22-marzo-2022-briefing-giornaliero\/#article","isPartOf":{"@id":"https:\/\/tdcenter.org\/2022\/03\/22\/22-marzo-2022-briefing-giornaliero\/"},"author":{"name":"tdcadmin","@id":"https:\/\/tdcenter.org\/#\/schema\/person\/93d6a1a71a5db737f83ae00987761c07"},"headline":"22 marzo 2022, briefing giornaliero","datePublished":"2022-03-22T21:21:10+00:00","dateModified":"2022-03-31T21:53:22+00:00","mainEntityOfPage":{"@id":"https:\/\/tdcenter.org\/2022\/03\/22\/22-marzo-2022-briefing-giornaliero\/"},"wordCount":720,"commentCount":0,"publisher":{"@id":"https:\/\/tdcenter.org\/#organization"},"image":{"@id":"https:\/\/tdcenter.org\/2022\/03\/22\/22-marzo-2022-briefing-giornaliero\/#primaryimage"},"thumbnailUrl":"https:\/\/tdcenter.org\/wp-content\/uploads\/2022\/03\/signal-2022-03-17-001100_009.jpeg","articleSection":["Briefings","Italian"],"inLanguage":"uk","potentialAction":[{"@type":"CommentAction","name":"Comment","target":["https:\/\/tdcenter.org\/2022\/03\/22\/22-marzo-2022-briefing-giornaliero\/#respond"]}]},{"@type":"WebPage","@id":"https:\/\/tdcenter.org\/2022\/03\/22\/22-marzo-2022-briefing-giornaliero\/","url":"https:\/\/tdcenter.org\/2022\/03\/22\/22-marzo-2022-briefing-giornaliero\/","name":"22 marzo 2022, briefing giornaliero - Transatlantic Dialogue Center","isPartOf":{"@id":"https:\/\/tdcenter.org\/#website"},"primaryImageOfPage":{"@id":"https:\/\/tdcenter.org\/2022\/03\/22\/22-marzo-2022-briefing-giornaliero\/#primaryimage"},"image":{"@id":"https:\/\/tdcenter.org\/2022\/03\/22\/22-marzo-2022-briefing-giornaliero\/#primaryimage"},"thumbnailUrl":"https:\/\/tdcenter.org\/wp-content\/uploads\/2022\/03\/signal-2022-03-17-001100_009.jpeg","datePublished":"2022-03-22T21:21:10+00:00","dateModified":"2022-03-31T21:53:22+00:00","description":"Transatlantic Dialogue Center (TDC) is a non-governmental and non-partisan think tank that provides high-quality policy advice to private and public clients. The network of our friends and partners includes government officials, members of parliaments, businessmen, journalists, experts and analysts.","breadcrumb":{"@id":"https:\/\/tdcenter.org\/2022\/03\/22\/22-marzo-2022-briefing-giornaliero\/#breadcrumb"},"inLanguage":"uk","potentialAction":[{"@type":"ReadAction","target":["https:\/\/tdcenter.org\/2022\/03\/22\/22-marzo-2022-briefing-giornaliero\/"]}]},{"@type":"ImageObject","inLanguage":"uk","@id":"https:\/\/tdcenter.org\/2022\/03\/22\/22-marzo-2022-briefing-giornaliero\/#primaryimage","url":"https:\/\/tdcenter.org\/wp-content\/uploads\/2022\/03\/signal-2022-03-17-001100_009.jpeg","contentUrl":"https:\/\/tdcenter.org\/wp-content\/uploads\/2022\/03\/signal-2022-03-17-001100_009.jpeg","width":1600,"height":1211},{"@type":"BreadcrumbList","@id":"https:\/\/tdcenter.org\/2022\/03\/22\/22-marzo-2022-briefing-giornaliero\/#breadcrumb","itemListElement":[{"@type":"ListItem","position":1,"name":"Home","item":"https:\/\/tdcenter.org\/"},{"@type":"ListItem","position":2,"name":"22 marzo 2022, briefing giornaliero"}]},{"@type":"WebSite","@id":"https:\/\/tdcenter.org\/#website","url":"https:\/\/tdcenter.org\/","name":"\u0426\u0435\u043d\u0442\u0440\u0456 \u0442\u0440\u0430\u043d\u0441\u0430\u0442\u043b\u0430\u043d\u0442\u0438\u0447\u043d\u043e\u0433\u043e \u0434\u0456\u0430\u043b\u043e\u0433\u0443","description":"Promoting International Peace and Security","publisher":{"@id":"https:\/\/tdcenter.org\/#organization"},"potentialAction":[{"@type":"SearchAction","target":{"@type":"EntryPoint","urlTemplate":"https:\/\/tdcenter.org\/?s={search_term_string}"},"query-input":{"@type":"PropertyValueSpecification","valueRequired":true,"valueName":"search_term_string"}}],"inLanguage":"uk"},{"@type":"Organization","@id":"https:\/\/tdcenter.org\/#organization","name":"\u0426\u0435\u043d\u0442\u0440\u0456 \u0442\u0440\u0430\u043d\u0441\u0430\u0442\u043b\u0430\u043d\u0442\u0438\u0447\u043d\u043e\u0433\u043e \u0434\u0456\u0430\u043b\u043e\u0433\u0443","url":"https:\/\/tdcenter.org\/","logo":{"@type":"ImageObject","inLanguage":"uk","@id":"https:\/\/tdcenter.org\/#\/schema\/logo\/image\/","url":"https:\/\/tdcenter.org\/wp-content\/uploads\/2022\/04\/google.png","contentUrl":"https:\/\/tdcenter.org\/wp-content\/uploads\/2022\/04\/google.png","width":2568,"height":2487,"caption":"Transatlantic Dialogue Center"},"image":{"@id":"https:\/\/tdcenter.org\/#\/schema\/logo\/image\/"},"sameAs":["https:\/\/www.facebook.com\/Transatlantic-Dialogue-Center-105645698740463","https:\/\/www.youtube.com\/channel\/UCpJuhU4JBfpv_jsldNOc5LA"]},{"@type":"Person","@id":"https:\/\/tdcenter.org\/#\/schema\/person\/93d6a1a71a5db737f83ae00987761c07","name":"tdcadmin","image":{"@type":"ImageObject","inLanguage":"uk","@id":"https:\/\/tdcenter.org\/#\/schema\/person\/image\/","url":"https:\/\/tdcenter.org\/wp-content\/litespeed\/avatar\/591094187f87a3c5c4f3f5415d24bd3d.jpg?ver=1777459311","contentUrl":"https:\/\/tdcenter.org\/wp-content\/litespeed\/avatar\/591094187f87a3c5c4f3f5415d24bd3d.jpg?ver=1777459311","caption":"tdcadmin"},"sameAs":["https:\/\/tdcenter.org"]}]}},"mfb_rest_fields":["title","yoast_head","yoast_head_json","gutenberg_elementor_mode"],"_links":{"self":[{"href":"https:\/\/tdcenter.org\/uk\/wp-json\/wp\/v2\/posts\/2189","targetHints":{"allow":["GET"]}}],"collection":[{"href":"https:\/\/tdcenter.org\/uk\/wp-json\/wp\/v2\/posts"}],"about":[{"href":"https:\/\/tdcenter.org\/uk\/wp-json\/wp\/v2\/types\/post"}],"author":[{"embeddable":true,"href":"https:\/\/tdcenter.org\/uk\/wp-json\/wp\/v2\/users\/1"}],"replies":[{"embeddable":true,"href":"https:\/\/tdcenter.org\/uk\/wp-json\/wp\/v2\/comments?post=2189"}],"version-history":[{"count":0,"href":"https:\/\/tdcenter.org\/uk\/wp-json\/wp\/v2\/posts\/2189\/revisions"}],"wp:featuredmedia":[{"embeddable":true,"href":"https:\/\/tdcenter.org\/uk\/wp-json\/wp\/v2\/media\/2203"}],"wp:attachment":[{"href":"https:\/\/tdcenter.org\/uk\/wp-json\/wp\/v2\/media?parent=2189"}],"wp:term":[{"taxonomy":"category","embeddable":true,"href":"https:\/\/tdcenter.org\/uk\/wp-json\/wp\/v2\/categories?post=2189"},{"taxonomy":"post_tag","embeddable":true,"href":"https:\/\/tdcenter.org\/uk\/wp-json\/wp\/v2\/tags?post=2189"},{"taxonomy":"topic","embeddable":true,"href":"https:\/\/tdcenter.org\/uk\/wp-json\/wp\/v2\/topic?post=2189"}],"curies":[{"name":"wp","href":"https:\/\/api.w.org\/{rel}","templated":true}]}}