{"id":21571,"date":"2023-12-13T16:08:50","date_gmt":"2023-12-13T14:08:50","guid":{"rendered":"https:\/\/tdcenter.org\/?p=21571"},"modified":"2025-08-12T13:27:54","modified_gmt":"2025-08-12T10:27:54","slug":"volodymyr-zelenskyy-en-argentinaun-nuevo-capitulo-en-las-relaciones-entre-ucrania-y-america-latina","status":"publish","type":"post","link":"https:\/\/tdcenter.org\/uk\/2023\/12\/13\/volodymyr-zelenskyy-en-argentinaun-nuevo-capitulo-en-las-relaciones-entre-ucrania-y-america-latina\/","title":{"rendered":"Volodymyr Zelenskyy en Argentina: un nuevo cap\u00edtulo en las relaciones entre Ucrania y Am\u00e9rica Latina"},"content":{"rendered":"<h4 class=\"wp-block-heading\" id=\"h-\"><\/h4>\n\n\n\n<div class=\"wp-block-quick-download-button-download-button aligncenter qdbn-wrapper\"><div class=\"qdbn\" data-plugin-name=\"qdbn\" data-style=\"small\" data-file=\"hide-file\" data-size=\"hide-size\"><div class=\"qdbn-download-button-inner\"><button type=\"button\" data-button-type=\"small\" class=\"g-btn f-l\" style=\"background-color:#0e107b;color:#ffffff;border-radius:25px;border:1px solid #e2e2e2\" data-attachment-id=\"40423\" data-page-id=\"18850\" data-post-id=\"\" data-have-external=\"false\" data-external-url=\"\" data-wait-duration=\"0\" data-target-blank=\"true\" data-msg=\"Please wait...\" data-member=\"0\" data-has-icon-dark=\"false\" title=\"Descargar\"><span class=\"download-btn-icon\"><svg xmlns=\"http:\/\/www.w3.org\/2000\/svg\" viewbox=\"0 0 24 24\" width=\"22\" height=\"22\" aria-hidden=\"true\"><path d=\"M18 11.3l-1-1.1-4 4V3h-1.5v11.3L7 10.2l-1 1.1 6.2 5.8 5.8-5.8zm.5 3.7v3.5h-13V15H4v5h16v-5h-1.5z\"><\/path><\/svg><\/span><span>Descargar<\/span><\/button><p class=\"up\" style=\"background:transparent;border-radius:0\"><i class=\"fi fi-pdf\"><\/i><\/p><p class=\"down\" style=\"background:transparent;border-radius:0\"><i class=\"fi-folder-o\"><\/i><span class=\"file-size\">376 KB<\/span><\/p><\/div><\/div><quick-download-button-info class=\"qdb-btn-info\"><\/quick-download-button-info><\/div>\n\n\n\n<figure class=\"wp-block-image alignwide size-large\"><img fetchpriority=\"high\" decoding=\"async\" width=\"1024\" height=\"432\" src=\"https:\/\/tdcenter.org\/wp-content\/uploads\/2024\/01\/image-1024x432.png\" alt=\"\" class=\"wp-image-21574\" srcset=\"https:\/\/tdcenter.org\/wp-content\/uploads\/2024\/01\/image-1024x432.png 1024w, https:\/\/tdcenter.org\/wp-content\/uploads\/2024\/01\/image-600x253.png 600w, https:\/\/tdcenter.org\/wp-content\/uploads\/2024\/01\/image-768x324.png 768w, https:\/\/tdcenter.org\/wp-content\/uploads\/2024\/01\/image-18x8.png 18w, https:\/\/tdcenter.org\/wp-content\/uploads\/2024\/01\/image.png 1241w\" sizes=\"(max-width: 1024px) 100vw, 1024px\" \/><\/figure>\n\n\n\n<p>La presencia del mandatario ucraniano Volodymyr Zelenskyy en la asunci\u00f3n del presidente Javier Milei, estuvo marcada por una seria de reuniones con distintos jefes de gobierno latinoamericanos. La importancia de esta visita se resume en la b\u00fasqueda de apoyo en las sanciones impuestas a Rusia, como tambi\u00e9n sumar respaldo del Estado argentino en organismos multilaterales u otro tipo de acciones diplom\u00e1ticas, pol\u00edticas y econ\u00f3micas para fortalecer la posici\u00f3n ucraniana en Latinoam\u00e9rica. <\/p>\n\n\n\n<p>Si bien la visita del mandatario ucraniano fue corta, hubo el tiempo suficiente para llevar a cabo una serie de encuentros con los presidentes de Ecuador, Paraguay y Uruguay; con los cuales se estableci\u00f3 una charla amena en la que se explic\u00f3 la importancia de la regi\u00f3n para hacer frente a la invasi\u00f3n rusa. En palabras del presidente ucraniano declar\u00f3 que: <em>&#8220;La voz poderosa y unida de los pa\u00edses latinoamericanos que apoyan la lucha del pueblo ucraniano por la libertad y la democracia es muy importante para nosotros&#8221;<\/em>. <\/p>\n\n\n<div class=\"wp-block-image\">\n<figure class=\"alignleft size-full is-resized\"><img decoding=\"async\" width=\"441\" height=\"202\" src=\"https:\/\/tdcenter.org\/wp-content\/uploads\/2024\/01\/image-1.png\" alt=\"\" class=\"wp-image-21575\" style=\"width:360px;height:auto\" srcset=\"https:\/\/tdcenter.org\/wp-content\/uploads\/2024\/01\/image-1.png 441w, https:\/\/tdcenter.org\/wp-content\/uploads\/2024\/01\/image-1-18x8.png 18w\" sizes=\"(max-width: 441px) 100vw, 441px\" \/><\/figure>\n<\/div>\n\n\n<p>En cuanto a los principales puntos que se tocaron con cada mandatario, la reuni\u00f3n con el presidente uruguayo Luis Lacalle Pou fue la m\u00e1s cercana, atendiendo al apoyo del Estado uruguayo por el apoyo a la integridad ucraniana y por haber participado de una tercera reuni\u00f3n de asesores extranjeros sobre la implementaci\u00f3n de la f\u00f3rmula ucraniana en la negociaci\u00f3n de paz.<\/p>\n\n\n\n<p>Con respecto a la reuni\u00f3n con los mandatarios Daniel Novoa de Ecuador y Santiago Pe\u00f1a de Paraguay, agradeci\u00f3 su apoyo en las votaciones en organizaciones multilaterales como la ONU, en especial en la resoluci\u00f3n para el \u201ccese de hostilidades\u201d en Ucrania y la retirada de las tropas rusas. Asimismo, el presidente Zelenskyy contin\u00fao demostrando un marcado inter\u00e9s en fortalecer los lazos bilaterales con los presidentes latinoamericanos reunidos y, como era de esperarse, con su anfitri\u00f3n el presidente Javier Milei. <strong><br><\/strong><\/p>\n\n\n\n<p>Ahora bien, el encuentro entre Zelenskyy y Milei estuvo marcado por gestos de cordialidad y elogios hacia el presidente argentino, catalog\u00e1ndolo como \u201cl\u00edder latinoamericano\u201d, haciendo \u00e9nfasis en la posibilidad de realizar una cumbre entre Ucrania y distintos lideres de Am\u00e9rica Latina y el Caribe, donde el presidente argentino tenga un papel relevante.&nbsp; <\/p>\n\n\n\n<p>Por otro lado, cuando se trat\u00f3 sobre la agenda bilateral el presidente Zelenskyy estuvo muy interesado en atender asuntos de ciberseguridad y desinformaci\u00f3n; citando la actividad rusa en ciberataques y resaltando la importancia de combatir la propaganda rusa en la regi\u00f3n. Sin embargo, tambi\u00e9n se trataron asuntos como la creaci\u00f3n de empleo y el fortalecimiento de los v\u00ednculos econ\u00f3micos entre ambas naciones. Un detalle relevante es la decisi\u00f3n del presidente Milei de negociar la donaci\u00f3n al Estado ucraniano de dos helic\u00f3pteros Russian Mi-171E que permanecen fuera de servicio, como parte de un posible acuerdo en materia de defensa con los Estados Unidos para la compra de F-16 Fighting Falcon. Como tambi\u00e9n es fundamental destacar la ausencia del embajador ruso o de comitivas enviadas por el Estado ruso para acompa\u00f1ar la ceremonia.<\/p>\n\n\n\n<div class=\"wp-block-columns is-layout-flex wp-container-core-columns-is-layout-28f84493 wp-block-columns-is-layout-flex\">\n<div class=\"wp-block-column is-layout-flow wp-block-column-is-layout-flow\"><div class=\"wp-block-image\">\n<figure class=\"aligncenter size-full is-resized\"><img decoding=\"async\" width=\"448\" height=\"299\" src=\"https:\/\/tdcenter.org\/wp-content\/uploads\/2024\/01\/image-2.png\" alt=\"\" class=\"wp-image-21576\" style=\"width:449px;height:auto\" srcset=\"https:\/\/tdcenter.org\/wp-content\/uploads\/2024\/01\/image-2.png 448w, https:\/\/tdcenter.org\/wp-content\/uploads\/2024\/01\/image-2-18x12.png 18w\" sizes=\"(max-width: 448px) 100vw, 448px\" \/><figcaption class=\"wp-element-caption\">El encuentro entre Volodymyr Zelensky y el presidente Javier Milei<\/figcaption><\/figure>\n<\/div><\/div>\n\n\n\n<div class=\"wp-block-column is-layout-flow wp-block-column-is-layout-flow\"><div class=\"wp-block-image\">\n<figure class=\"aligncenter size-full\"><img loading=\"lazy\" decoding=\"async\" width=\"461\" height=\"300\" src=\"https:\/\/tdcenter.org\/wp-content\/uploads\/2024\/01\/image-3.png\" alt=\"\" class=\"wp-image-21577\" srcset=\"https:\/\/tdcenter.org\/wp-content\/uploads\/2024\/01\/image-3.png 461w, https:\/\/tdcenter.org\/wp-content\/uploads\/2024\/01\/image-3-18x12.png 18w\" sizes=\"(max-width: 461px) 100vw, 461px\" \/><\/figure>\n<\/div><\/div>\n<\/div>\n\n\n\n<p>Sobre asuntos tratados de pol\u00edtica internacional, Zelenskyy no divag\u00f3 en destacar que la guerra librada entre Israel y Hamas tiene repercusiones en la invasi\u00f3n rusa a Ucrania; por un lado, en la atenci\u00f3n de la comunidad internacional que ahora se centra en el conflicto palestino-israel\u00ed, y por el otro, en los fondos dirigidos a la guerra de Rusia contra Ucrania, ya que se han destinado recursos para atender el conflicto en Israel. &nbsp;<\/p>\n\n\n<div class=\"wp-block-image\">\n<figure class=\"alignright size-full is-resized\"><img loading=\"lazy\" decoding=\"async\" width=\"400\" height=\"223\" src=\"https:\/\/tdcenter.org\/wp-content\/uploads\/2024\/01\/image-4.png\" alt=\"\" class=\"wp-image-21578\" style=\"width:319px;height:auto\" srcset=\"https:\/\/tdcenter.org\/wp-content\/uploads\/2024\/01\/image-4.png 400w, https:\/\/tdcenter.org\/wp-content\/uploads\/2024\/01\/image-4-18x10.png 18w\" sizes=\"(max-width: 400px) 100vw, 400px\" \/><figcaption class=\"wp-element-caption\"><em>Fuente: Reuters<\/em><\/figcaption><\/figure>\n<\/div>\n\n\n<p>Otro encuentro importante se dio entre Zelenskyy y el primer ministro Viktor Orb\u00e1n, en el cual, sin dar mayores detalles, el presidente ucraniano menciono que se trataron \u201casuntos europeos\u201d. No hay que olvidar que Budapest se ha mostrado en contra de la adhesi\u00f3n de Kyiv a la Uni\u00f3n Europea, acompa\u00f1ado de fuertes declaraciones por las cuales ha generado rispideces entre ambos Estados. <\/p>\n\n\n\n<p>En conclusi\u00f3n, la presencia del presidente ucraniano en Buenos Aires marca un importante acercamiento en las relaciones argentino-ucranianas, por las cuales se pueden abrir algunos lazos pol\u00edticos con el resto de los pa\u00edses de la regi\u00f3n que est\u00e9n alineados con ciertas bases ideol\u00f3gicas o pol\u00edticas del nuevo mandatario argentino. En este mismo sentido, no hay que sobrevalorar el alcance que pueda tener el presidente Milei para liderar un apoyo regional a Ucrania, ya que las relaciones con el presidente Lula Da Silva de Brasil han estado inmersas en desencuentros con el nuevo gobierno argentino; adem\u00e1s de una ausencia sustancial de mandatarios europeos y latinoamericanos de primer nivel, como fue el caso de Colombia y M\u00e9xico, pa\u00edses centrales en la regi\u00f3n por su peso pol\u00edtico y econ\u00f3mico.&nbsp; <\/p>\n\n\n\n<p>Esta situaci\u00f3n se da en medio de un posible debilitamiento del apoyo financiero a Ucrania por parte del gobierno estadounidense para hacer frente a Rusia, con lo cual el presidente ucraniano precisa de un mayor apoyo de la regi\u00f3n latinoamericana.<\/p>\n\n\n\n<hr class=\"wp-block-separator has-alpha-channel-opacity\"\/>\n\n\n\n<p><em>Descargo de responsabilidad: Los puntos de vista, pensamientos y opiniones expresados en los documentos publicados en este sitio pertenecen \u00fanicamente a los autores, y no necesariamente al Centro de Di\u00e1logo Transatl\u00e1ntico, sus comit\u00e9s o sus organizaciones afiliadas. Los documentos est\u00e1n destinados a estimular el di\u00e1logo y la discusi\u00f3n y no representan posiciones pol\u00edticas oficiales del Centro de Di\u00e1logo Transatl\u00e1ntico o cualquier otra organizaci\u00f3n con la que los autores puedan estar asociados.<\/em><\/p>","protected":false},"excerpt":{"rendered":"<p>La presencia del mandatario ucraniano Volodymyr Zelenskyy en la asunci\u00f3n del presidente Javier Milei, estuvo marcada por una seria de reuniones con distintos jefes de gobierno latinoamericanos. La importancia de esta visita se resume en la b\u00fasqueda de apoyo en las sanciones impuestas a Rusia, como tambi\u00e9n sumar respaldo del Estado argentino en organismos multilaterales [&hellip;]<\/p>","protected":false},"author":8,"featured_media":21576,"comment_status":"open","ping_status":"open","sticky":false,"template":"","format":"standard","meta":{"footnotes":""},"categories":[67,32],"tags":[],"topic":[113,86],"class_list":["post-21571","post","type-post","status-publish","format-standard","has-post-thumbnail","hentry","category-latin-america-caribbean-esp-analyses","category-esp-analyses","topic-latin-america","topic-ukraine"],"mb":[],"yoast_head":"<!-- This site is optimized with the Yoast SEO Premium plugin v25.6 (Yoast SEO v25.6) - https:\/\/yoast.com\/wordpress\/plugins\/seo\/ -->\n<title>Volodymyr Zelenskyy en Argentina: un nuevo cap\u00edtulo en las relaciones entre Ucrania y Am\u00e9rica Latina - Transatlantic Dialogue Center<\/title>\n<meta name=\"description\" content=\"Transatlantic Dialogue Center (TDC) is a non-governmental and non-partisan think tank that provides high-quality policy advice to private and public clients. The network of our friends and partners includes government officials, members of parliaments, businessmen, journalists, experts and analysts.\" \/>\n<meta name=\"robots\" content=\"index, follow, max-snippet:-1, max-image-preview:large, max-video-preview:-1\" \/>\n<link rel=\"canonical\" href=\"https:\/\/tdcenter.org\/uk\/2023\/12\/13\/volodymyr-zelenskyy-en-argentinaun-nuevo-capitulo-en-las-relaciones-entre-ucrania-y-america-latina\/\" \/>\n<meta property=\"og:locale\" content=\"uk_UA\" \/>\n<meta property=\"og:type\" content=\"article\" \/>\n<meta property=\"og:title\" content=\"Volodymyr Zelenskyy en Argentina: un nuevo cap\u00edtulo en las relaciones entre Ucrania y Am\u00e9rica Latina\" \/>\n<meta property=\"og:description\" content=\"Transatlantic Dialogue Center (TDC) is a non-governmental and non-partisan think tank that provides high-quality policy advice to private and public clients. The network of our friends and partners includes government officials, members of parliaments, businessmen, journalists, experts and analysts.\" \/>\n<meta property=\"og:url\" content=\"https:\/\/tdcenter.org\/uk\/2023\/12\/13\/volodymyr-zelenskyy-en-argentinaun-nuevo-capitulo-en-las-relaciones-entre-ucrania-y-america-latina\/\" \/>\n<meta property=\"og:site_name\" content=\"Transatlantic Dialogue Center\" \/>\n<meta property=\"article:publisher\" content=\"https:\/\/www.facebook.com\/Transatlantic-Dialogue-Center-105645698740463\" \/>\n<meta property=\"article:published_time\" content=\"2023-12-13T14:08:50+00:00\" \/>\n<meta property=\"article:modified_time\" content=\"2025-08-12T10:27:54+00:00\" \/>\n<meta property=\"og:image\" content=\"https:\/\/tdcenter.org\/wp-content\/uploads\/2024\/01\/image-2.png\" \/>\n\t<meta property=\"og:image:width\" content=\"448\" \/>\n\t<meta property=\"og:image:height\" content=\"299\" \/>\n\t<meta property=\"og:image:type\" content=\"image\/png\" \/>\n<meta name=\"author\" content=\"Alina Rohach\" \/>\n<meta name=\"twitter:card\" content=\"summary_large_image\" \/>\n<meta name=\"twitter:label1\" content=\"\u041d\u0430\u043f\u0438\u0441\u0430\u043d\u043e\" \/>\n\t<meta name=\"twitter:data1\" content=\"Alina Rohach\" \/>\n\t<meta name=\"twitter:label2\" content=\"\u041f\u0440\u0438\u0431\u043b. \u0447\u0430\u0441 \u0447\u0438\u0442\u0430\u043d\u043d\u044f\" \/>\n\t<meta name=\"twitter:data2\" content=\"6 \u0445\u0432\u0438\u043b\u0438\u043d\" \/>\n<script type=\"application\/ld+json\" class=\"yoast-schema-graph\">{\"@context\":\"https:\/\/schema.org\",\"@graph\":[{\"@type\":\"Article\",\"@id\":\"https:\/\/tdcenter.org\/2023\/12\/13\/volodymyr-zelenskyy-en-argentinaun-nuevo-capitulo-en-las-relaciones-entre-ucrania-y-america-latina\/#article\",\"isPartOf\":{\"@id\":\"https:\/\/tdcenter.org\/2023\/12\/13\/volodymyr-zelenskyy-en-argentinaun-nuevo-capitulo-en-las-relaciones-entre-ucrania-y-america-latina\/\"},\"author\":{\"name\":\"Alina Rohach\",\"@id\":\"https:\/\/tdcenter.org\/#\/schema\/person\/2b76b794dbb8257325dc72d4fdee35ec\"},\"headline\":\"Volodymyr Zelenskyy en Argentina: un nuevo cap\u00edtulo en las relaciones entre Ucrania y Am\u00e9rica Latina\",\"datePublished\":\"2023-12-13T14:08:50+00:00\",\"dateModified\":\"2025-08-12T10:27:54+00:00\",\"mainEntityOfPage\":{\"@id\":\"https:\/\/tdcenter.org\/2023\/12\/13\/volodymyr-zelenskyy-en-argentinaun-nuevo-capitulo-en-las-relaciones-entre-ucrania-y-america-latina\/\"},\"wordCount\":957,\"commentCount\":0,\"publisher\":{\"@id\":\"https:\/\/tdcenter.org\/#organization\"},\"image\":{\"@id\":\"https:\/\/tdcenter.org\/2023\/12\/13\/volodymyr-zelenskyy-en-argentinaun-nuevo-capitulo-en-las-relaciones-entre-ucrania-y-america-latina\/#primaryimage\"},\"thumbnailUrl\":\"https:\/\/tdcenter.org\/wp-content\/uploads\/2024\/01\/image-2.png\",\"articleSection\":[\"Latin America &amp; Caribbean\",\"Spanish Analyses\"],\"inLanguage\":\"uk\",\"potentialAction\":[{\"@type\":\"CommentAction\",\"name\":\"Comment\",\"target\":[\"https:\/\/tdcenter.org\/2023\/12\/13\/volodymyr-zelenskyy-en-argentinaun-nuevo-capitulo-en-las-relaciones-entre-ucrania-y-america-latina\/#respond\"]}]},{\"@type\":\"WebPage\",\"@id\":\"https:\/\/tdcenter.org\/2023\/12\/13\/volodymyr-zelenskyy-en-argentinaun-nuevo-capitulo-en-las-relaciones-entre-ucrania-y-america-latina\/\",\"url\":\"https:\/\/tdcenter.org\/2023\/12\/13\/volodymyr-zelenskyy-en-argentinaun-nuevo-capitulo-en-las-relaciones-entre-ucrania-y-america-latina\/\",\"name\":\"Volodymyr Zelenskyy en Argentina: un nuevo cap\u00edtulo en las relaciones entre Ucrania y Am\u00e9rica Latina - Transatlantic Dialogue Center\",\"isPartOf\":{\"@id\":\"https:\/\/tdcenter.org\/#website\"},\"primaryImageOfPage\":{\"@id\":\"https:\/\/tdcenter.org\/2023\/12\/13\/volodymyr-zelenskyy-en-argentinaun-nuevo-capitulo-en-las-relaciones-entre-ucrania-y-america-latina\/#primaryimage\"},\"image\":{\"@id\":\"https:\/\/tdcenter.org\/2023\/12\/13\/volodymyr-zelenskyy-en-argentinaun-nuevo-capitulo-en-las-relaciones-entre-ucrania-y-america-latina\/#primaryimage\"},\"thumbnailUrl\":\"https:\/\/tdcenter.org\/wp-content\/uploads\/2024\/01\/image-2.png\",\"datePublished\":\"2023-12-13T14:08:50+00:00\",\"dateModified\":\"2025-08-12T10:27:54+00:00\",\"description\":\"Transatlantic Dialogue Center (TDC) is a non-governmental and non-partisan think tank that provides high-quality policy advice to private and public clients. The network of our friends and partners includes government officials, members of parliaments, businessmen, journalists, experts and analysts.\",\"breadcrumb\":{\"@id\":\"https:\/\/tdcenter.org\/2023\/12\/13\/volodymyr-zelenskyy-en-argentinaun-nuevo-capitulo-en-las-relaciones-entre-ucrania-y-america-latina\/#breadcrumb\"},\"inLanguage\":\"uk\",\"potentialAction\":[{\"@type\":\"ReadAction\",\"target\":[\"https:\/\/tdcenter.org\/2023\/12\/13\/volodymyr-zelenskyy-en-argentinaun-nuevo-capitulo-en-las-relaciones-entre-ucrania-y-america-latina\/\"]}]},{\"@type\":\"ImageObject\",\"inLanguage\":\"uk\",\"@id\":\"https:\/\/tdcenter.org\/2023\/12\/13\/volodymyr-zelenskyy-en-argentinaun-nuevo-capitulo-en-las-relaciones-entre-ucrania-y-america-latina\/#primaryimage\",\"url\":\"https:\/\/tdcenter.org\/wp-content\/uploads\/2024\/01\/image-2.png\",\"contentUrl\":\"https:\/\/tdcenter.org\/wp-content\/uploads\/2024\/01\/image-2.png\",\"width\":448,\"height\":299},{\"@type\":\"BreadcrumbList\",\"@id\":\"https:\/\/tdcenter.org\/2023\/12\/13\/volodymyr-zelenskyy-en-argentinaun-nuevo-capitulo-en-las-relaciones-entre-ucrania-y-america-latina\/#breadcrumb\",\"itemListElement\":[{\"@type\":\"ListItem\",\"position\":1,\"name\":\"Home\",\"item\":\"https:\/\/tdcenter.org\/\"},{\"@type\":\"ListItem\",\"position\":2,\"name\":\"Volodymyr Zelenskyy en Argentina: un nuevo cap\u00edtulo en las relaciones entre Ucrania y Am\u00e9rica Latina\"}]},{\"@type\":\"WebSite\",\"@id\":\"https:\/\/tdcenter.org\/#website\",\"url\":\"https:\/\/tdcenter.org\/\",\"name\":\"Transatlantic Dialogue Center\",\"description\":\"Promoting International Peace and Security\",\"publisher\":{\"@id\":\"https:\/\/tdcenter.org\/#organization\"},\"potentialAction\":[{\"@type\":\"SearchAction\",\"target\":{\"@type\":\"EntryPoint\",\"urlTemplate\":\"https:\/\/tdcenter.org\/?s={search_term_string}\"},\"query-input\":{\"@type\":\"PropertyValueSpecification\",\"valueRequired\":true,\"valueName\":\"search_term_string\"}}],\"inLanguage\":\"uk\"},{\"@type\":\"Organization\",\"@id\":\"https:\/\/tdcenter.org\/#organization\",\"name\":\"Transatlantic Dialogue Center\",\"url\":\"https:\/\/tdcenter.org\/\",\"logo\":{\"@type\":\"ImageObject\",\"inLanguage\":\"uk\",\"@id\":\"https:\/\/tdcenter.org\/#\/schema\/logo\/image\/\",\"url\":\"https:\/\/tdcenter.org\/wp-content\/uploads\/2022\/04\/google.png\",\"contentUrl\":\"https:\/\/tdcenter.org\/wp-content\/uploads\/2022\/04\/google.png\",\"width\":2568,\"height\":2487,\"caption\":\"Transatlantic Dialogue Center\"},\"image\":{\"@id\":\"https:\/\/tdcenter.org\/#\/schema\/logo\/image\/\"},\"sameAs\":[\"https:\/\/www.facebook.com\/Transatlantic-Dialogue-Center-105645698740463\",\"https:\/\/www.youtube.com\/channel\/UCpJuhU4JBfpv_jsldNOc5LA\"]},{\"@type\":\"Person\",\"@id\":\"https:\/\/tdcenter.org\/#\/schema\/person\/2b76b794dbb8257325dc72d4fdee35ec\",\"name\":\"Alina Rohach\",\"image\":{\"@type\":\"ImageObject\",\"inLanguage\":\"uk\",\"@id\":\"https:\/\/tdcenter.org\/#\/schema\/person\/image\/\",\"url\":\"https:\/\/secure.gravatar.com\/avatar\/04473bac214ce5c636f0bd292b4d6bb288add9a9d8b5e62300a75f6f9f6176db?s=96&d=mm&r=g\",\"contentUrl\":\"https:\/\/secure.gravatar.com\/avatar\/04473bac214ce5c636f0bd292b4d6bb288add9a9d8b5e62300a75f6f9f6176db?s=96&d=mm&r=g\",\"caption\":\"Alina Rohach\"}}]}<\/script>\n<!-- \/ Yoast SEO Premium plugin. -->","yoast_head_json":{"title":"Volodymyr Zelenskyy en Argentina: un nuevo cap\u00edtulo en las relaciones entre Ucrania y Am\u00e9rica Latina - Transatlantic Dialogue Center","description":"Transatlantic Dialogue Center (TDC) is a non-governmental and non-partisan think tank that provides high-quality policy advice to private and public clients. The network of our friends and partners includes government officials, members of parliaments, businessmen, journalists, experts and analysts.","robots":{"index":"index","follow":"follow","max-snippet":"max-snippet:-1","max-image-preview":"max-image-preview:large","max-video-preview":"max-video-preview:-1"},"canonical":"https:\/\/tdcenter.org\/uk\/2023\/12\/13\/volodymyr-zelenskyy-en-argentinaun-nuevo-capitulo-en-las-relaciones-entre-ucrania-y-america-latina\/","og_locale":"uk_UA","og_type":"article","og_title":"Volodymyr Zelenskyy en Argentina: un nuevo cap\u00edtulo en las relaciones entre Ucrania y Am\u00e9rica Latina","og_description":"Transatlantic Dialogue Center (TDC) is a non-governmental and non-partisan think tank that provides high-quality policy advice to private and public clients. The network of our friends and partners includes government officials, members of parliaments, businessmen, journalists, experts and analysts.","og_url":"https:\/\/tdcenter.org\/uk\/2023\/12\/13\/volodymyr-zelenskyy-en-argentinaun-nuevo-capitulo-en-las-relaciones-entre-ucrania-y-america-latina\/","og_site_name":"Transatlantic Dialogue Center","article_publisher":"https:\/\/www.facebook.com\/Transatlantic-Dialogue-Center-105645698740463","article_published_time":"2023-12-13T14:08:50+00:00","article_modified_time":"2025-08-12T10:27:54+00:00","og_image":[{"width":448,"height":299,"url":"https:\/\/tdcenter.org\/wp-content\/uploads\/2024\/01\/image-2.png","type":"image\/png"}],"author":"Alina Rohach","twitter_card":"summary_large_image","twitter_misc":{"\u041d\u0430\u043f\u0438\u0441\u0430\u043d\u043e":"Alina Rohach","\u041f\u0440\u0438\u0431\u043b. \u0447\u0430\u0441 \u0447\u0438\u0442\u0430\u043d\u043d\u044f":"6 \u0445\u0432\u0438\u043b\u0438\u043d"},"schema":{"@context":"https:\/\/schema.org","@graph":[{"@type":"Article","@id":"https:\/\/tdcenter.org\/2023\/12\/13\/volodymyr-zelenskyy-en-argentinaun-nuevo-capitulo-en-las-relaciones-entre-ucrania-y-america-latina\/#article","isPartOf":{"@id":"https:\/\/tdcenter.org\/2023\/12\/13\/volodymyr-zelenskyy-en-argentinaun-nuevo-capitulo-en-las-relaciones-entre-ucrania-y-america-latina\/"},"author":{"name":"Alina Rohach","@id":"https:\/\/tdcenter.org\/#\/schema\/person\/2b76b794dbb8257325dc72d4fdee35ec"},"headline":"Volodymyr Zelenskyy en Argentina: un nuevo cap\u00edtulo en las relaciones entre Ucrania y Am\u00e9rica Latina","datePublished":"2023-12-13T14:08:50+00:00","dateModified":"2025-08-12T10:27:54+00:00","mainEntityOfPage":{"@id":"https:\/\/tdcenter.org\/2023\/12\/13\/volodymyr-zelenskyy-en-argentinaun-nuevo-capitulo-en-las-relaciones-entre-ucrania-y-america-latina\/"},"wordCount":957,"commentCount":0,"publisher":{"@id":"https:\/\/tdcenter.org\/#organization"},"image":{"@id":"https:\/\/tdcenter.org\/2023\/12\/13\/volodymyr-zelenskyy-en-argentinaun-nuevo-capitulo-en-las-relaciones-entre-ucrania-y-america-latina\/#primaryimage"},"thumbnailUrl":"https:\/\/tdcenter.org\/wp-content\/uploads\/2024\/01\/image-2.png","articleSection":["Latin America &amp; Caribbean","Spanish Analyses"],"inLanguage":"uk","potentialAction":[{"@type":"CommentAction","name":"Comment","target":["https:\/\/tdcenter.org\/2023\/12\/13\/volodymyr-zelenskyy-en-argentinaun-nuevo-capitulo-en-las-relaciones-entre-ucrania-y-america-latina\/#respond"]}]},{"@type":"WebPage","@id":"https:\/\/tdcenter.org\/2023\/12\/13\/volodymyr-zelenskyy-en-argentinaun-nuevo-capitulo-en-las-relaciones-entre-ucrania-y-america-latina\/","url":"https:\/\/tdcenter.org\/2023\/12\/13\/volodymyr-zelenskyy-en-argentinaun-nuevo-capitulo-en-las-relaciones-entre-ucrania-y-america-latina\/","name":"Volodymyr Zelenskyy en Argentina: un nuevo cap\u00edtulo en las relaciones entre Ucrania y Am\u00e9rica Latina - Transatlantic Dialogue Center","isPartOf":{"@id":"https:\/\/tdcenter.org\/#website"},"primaryImageOfPage":{"@id":"https:\/\/tdcenter.org\/2023\/12\/13\/volodymyr-zelenskyy-en-argentinaun-nuevo-capitulo-en-las-relaciones-entre-ucrania-y-america-latina\/#primaryimage"},"image":{"@id":"https:\/\/tdcenter.org\/2023\/12\/13\/volodymyr-zelenskyy-en-argentinaun-nuevo-capitulo-en-las-relaciones-entre-ucrania-y-america-latina\/#primaryimage"},"thumbnailUrl":"https:\/\/tdcenter.org\/wp-content\/uploads\/2024\/01\/image-2.png","datePublished":"2023-12-13T14:08:50+00:00","dateModified":"2025-08-12T10:27:54+00:00","description":"Transatlantic Dialogue Center (TDC) is a non-governmental and non-partisan think tank that provides high-quality policy advice to private and public clients. The network of our friends and partners includes government officials, members of parliaments, businessmen, journalists, experts and analysts.","breadcrumb":{"@id":"https:\/\/tdcenter.org\/2023\/12\/13\/volodymyr-zelenskyy-en-argentinaun-nuevo-capitulo-en-las-relaciones-entre-ucrania-y-america-latina\/#breadcrumb"},"inLanguage":"uk","potentialAction":[{"@type":"ReadAction","target":["https:\/\/tdcenter.org\/2023\/12\/13\/volodymyr-zelenskyy-en-argentinaun-nuevo-capitulo-en-las-relaciones-entre-ucrania-y-america-latina\/"]}]},{"@type":"ImageObject","inLanguage":"uk","@id":"https:\/\/tdcenter.org\/2023\/12\/13\/volodymyr-zelenskyy-en-argentinaun-nuevo-capitulo-en-las-relaciones-entre-ucrania-y-america-latina\/#primaryimage","url":"https:\/\/tdcenter.org\/wp-content\/uploads\/2024\/01\/image-2.png","contentUrl":"https:\/\/tdcenter.org\/wp-content\/uploads\/2024\/01\/image-2.png","width":448,"height":299},{"@type":"BreadcrumbList","@id":"https:\/\/tdcenter.org\/2023\/12\/13\/volodymyr-zelenskyy-en-argentinaun-nuevo-capitulo-en-las-relaciones-entre-ucrania-y-america-latina\/#breadcrumb","itemListElement":[{"@type":"ListItem","position":1,"name":"Home","item":"https:\/\/tdcenter.org\/"},{"@type":"ListItem","position":2,"name":"Volodymyr Zelenskyy en Argentina: un nuevo cap\u00edtulo en las relaciones entre Ucrania y Am\u00e9rica Latina"}]},{"@type":"WebSite","@id":"https:\/\/tdcenter.org\/#website","url":"https:\/\/tdcenter.org\/","name":"\u0426\u0435\u043d\u0442\u0440\u0456 \u0442\u0440\u0430\u043d\u0441\u0430\u0442\u043b\u0430\u043d\u0442\u0438\u0447\u043d\u043e\u0433\u043e \u0434\u0456\u0430\u043b\u043e\u0433\u0443","description":"Promoting International Peace and Security","publisher":{"@id":"https:\/\/tdcenter.org\/#organization"},"potentialAction":[{"@type":"SearchAction","target":{"@type":"EntryPoint","urlTemplate":"https:\/\/tdcenter.org\/?s={search_term_string}"},"query-input":{"@type":"PropertyValueSpecification","valueRequired":true,"valueName":"search_term_string"}}],"inLanguage":"uk"},{"@type":"Organization","@id":"https:\/\/tdcenter.org\/#organization","name":"\u0426\u0435\u043d\u0442\u0440\u0456 \u0442\u0440\u0430\u043d\u0441\u0430\u0442\u043b\u0430\u043d\u0442\u0438\u0447\u043d\u043e\u0433\u043e \u0434\u0456\u0430\u043b\u043e\u0433\u0443","url":"https:\/\/tdcenter.org\/","logo":{"@type":"ImageObject","inLanguage":"uk","@id":"https:\/\/tdcenter.org\/#\/schema\/logo\/image\/","url":"https:\/\/tdcenter.org\/wp-content\/uploads\/2022\/04\/google.png","contentUrl":"https:\/\/tdcenter.org\/wp-content\/uploads\/2022\/04\/google.png","width":2568,"height":2487,"caption":"Transatlantic Dialogue Center"},"image":{"@id":"https:\/\/tdcenter.org\/#\/schema\/logo\/image\/"},"sameAs":["https:\/\/www.facebook.com\/Transatlantic-Dialogue-Center-105645698740463","https:\/\/www.youtube.com\/channel\/UCpJuhU4JBfpv_jsldNOc5LA"]},{"@type":"Person","@id":"https:\/\/tdcenter.org\/#\/schema\/person\/2b76b794dbb8257325dc72d4fdee35ec","name":"\u0410\u043b\u0456\u043d\u0430 \u0420\u043e\u0433\u0430\u0447","image":{"@type":"ImageObject","inLanguage":"uk","@id":"https:\/\/tdcenter.org\/#\/schema\/person\/image\/","url":"https:\/\/secure.gravatar.com\/avatar\/04473bac214ce5c636f0bd292b4d6bb288add9a9d8b5e62300a75f6f9f6176db?s=96&d=mm&r=g","contentUrl":"https:\/\/secure.gravatar.com\/avatar\/04473bac214ce5c636f0bd292b4d6bb288add9a9d8b5e62300a75f6f9f6176db?s=96&d=mm&r=g","caption":"Alina Rohach"}}]}},"mfb_rest_fields":["title","yoast_head","yoast_head_json","gutenberg_elementor_mode"],"_links":{"self":[{"href":"https:\/\/tdcenter.org\/uk\/wp-json\/wp\/v2\/posts\/21571","targetHints":{"allow":["GET"]}}],"collection":[{"href":"https:\/\/tdcenter.org\/uk\/wp-json\/wp\/v2\/posts"}],"about":[{"href":"https:\/\/tdcenter.org\/uk\/wp-json\/wp\/v2\/types\/post"}],"author":[{"embeddable":true,"href":"https:\/\/tdcenter.org\/uk\/wp-json\/wp\/v2\/users\/8"}],"replies":[{"embeddable":true,"href":"https:\/\/tdcenter.org\/uk\/wp-json\/wp\/v2\/comments?post=21571"}],"version-history":[{"count":2,"href":"https:\/\/tdcenter.org\/uk\/wp-json\/wp\/v2\/posts\/21571\/revisions"}],"predecessor-version":[{"id":31770,"href":"https:\/\/tdcenter.org\/uk\/wp-json\/wp\/v2\/posts\/21571\/revisions\/31770"}],"wp:featuredmedia":[{"embeddable":true,"href":"https:\/\/tdcenter.org\/uk\/wp-json\/wp\/v2\/media\/21576"}],"wp:attachment":[{"href":"https:\/\/tdcenter.org\/uk\/wp-json\/wp\/v2\/media?parent=21571"}],"wp:term":[{"taxonomy":"category","embeddable":true,"href":"https:\/\/tdcenter.org\/uk\/wp-json\/wp\/v2\/categories?post=21571"},{"taxonomy":"post_tag","embeddable":true,"href":"https:\/\/tdcenter.org\/uk\/wp-json\/wp\/v2\/tags?post=21571"},{"taxonomy":"topic","embeddable":true,"href":"https:\/\/tdcenter.org\/uk\/wp-json\/wp\/v2\/topic?post=21571"}],"curies":[{"name":"wp","href":"https:\/\/api.w.org\/{rel}","templated":true}]}}