{"id":22026,"date":"2024-01-26T11:44:58","date_gmt":"2024-01-26T09:44:58","guid":{"rendered":"https:\/\/tdcenter.org\/?p=22026"},"modified":"2025-08-05T16:20:31","modified_gmt":"2025-08-05T13:20:31","slug":"staff-members-of-the-german-bundestag-visit-ukraine","status":"publish","type":"post","link":"https:\/\/tdcenter.org\/it\/2024\/01\/26\/staff-members-of-the-german-bundestag-visit-ukraine\/","title":{"rendered":"Collaboratori del Bundestag tedesco in visita in Ucraina"},"content":{"rendered":"<p class=\"wp-block-paragraph\">Con l'inizio del nuovo anno, il Transatlantic Dialogue Center continua a organizzare visite in Ucraina per responsabili politici tedeschi, per aiutarli a conoscere la situazione attuale nel Paese e le opportunit\u00e0 di sostegno e cooperazione con le strutture governative e della societ\u00e0 civile. All'inizio di gennaio, TDC, in stretta collaborazione con il think tank tedesco Zentrum Liberale Moderne, ha accolto una delegazione di collaboratori del Bundestag che rappresentavano deputati dei principali partiti tedeschi e di varie commissioni del Bundestag.<\/p>\n\n\n\n<p class=\"wp-block-paragraph\">Il primo giorno, i partecipanti alla delegazione si sono recati nella regione di Kyiv, dove le autorit\u00e0 locali hanno mostrato i luoghi degli evidenti crimini di guerra commessi dalle truppe russe a Bucha e Irpin, raccontando storie di rinascita e ricostruzione della regione. <\/p>\n\n\n<div class=\"wp-block-image\">\n<figure class=\"aligncenter size-large is-resized\"><img fetchpriority=\"high\" decoding=\"async\" width=\"1024\" height=\"576\" src=\"https:\/\/tdcenter.org\/wp-content\/uploads\/2024\/01\/P1032643-1024x576.jpg\" alt=\"\" class=\"wp-image-22028\" style=\"width:763px;height:auto\" srcset=\"https:\/\/tdcenter.org\/wp-content\/uploads\/2024\/01\/P1032643-1024x576.jpg 1024w, https:\/\/tdcenter.org\/wp-content\/uploads\/2024\/01\/P1032643-600x338.jpg 600w, https:\/\/tdcenter.org\/wp-content\/uploads\/2024\/01\/P1032643-768x432.jpg 768w, https:\/\/tdcenter.org\/wp-content\/uploads\/2024\/01\/P1032643-1536x865.jpg 1536w, https:\/\/tdcenter.org\/wp-content\/uploads\/2024\/01\/P1032643-2048x1153.jpg 2048w, https:\/\/tdcenter.org\/wp-content\/uploads\/2024\/01\/P1032643-18x10.jpg 18w\" sizes=\"(max-width: 1024px) 100vw, 1024px\" \/><\/figure>\n<\/div>\n\n\n<p class=\"wp-block-paragraph\">Dopo la visita nella regione di Kyiv, gli ospiti tedeschi sono stati invitati a partecipare a un incontro <em>Stammtisch<\/em> , durante il quale hanno avuto l'opportunit\u00e0 di scambiare idee con rinomati scienziati e analisti tedeschi e ucraini.<\/p>\n\n\n\n<p class=\"wp-block-paragraph\">Il programma del secondo giorno era incentrato principalmente sul percorso dell'Ucraina verso l'UE e la NATO, sugli sforzi di ricostruzione del Paese e sulle questioni relative ai diritti umani. La delegazione ha incontrato i consiglieri della Vice Prima Ministra per l'integrazione europea ed euro-atlantica, discutendo i principali passaggi, le sfide e le prospettive dell'adesione dell'Ucraina all'UE e alla NATO. In seguito, durante una tavola rotonda con ONG ucraine, ha approfondito la prospettiva e il ruolo della societ\u00e0 civile ucraina in questo processo. Inoltre, rappresentanti dell'Institute of Analytics and Advocacy, del Better Regulation Delivery Office e di RISE Ukraine hanno condiviso le loro opinioni sugli sforzi di ricostruzione e sugli sviluppi recenti in questo ambito, incluso l'ultimo strumento per la gestione dei progetti di ricostruzione, DREAM (Digital Reconstruction Ecosystem for Accountable Management).<\/p>\n\n\n<div class=\"wp-block-image\">\n<figure class=\"aligncenter size-large is-resized\"><img decoding=\"async\" width=\"1024\" height=\"576\" src=\"https:\/\/tdcenter.org\/wp-content\/uploads\/2024\/01\/P1032676-1024x576.jpg\" alt=\"\" class=\"wp-image-22029\" style=\"width:754px;height:auto\" srcset=\"https:\/\/tdcenter.org\/wp-content\/uploads\/2024\/01\/P1032676-1024x576.jpg 1024w, https:\/\/tdcenter.org\/wp-content\/uploads\/2024\/01\/P1032676-600x338.jpg 600w, https:\/\/tdcenter.org\/wp-content\/uploads\/2024\/01\/P1032676-768x432.jpg 768w, https:\/\/tdcenter.org\/wp-content\/uploads\/2024\/01\/P1032676-1536x865.jpg 1536w, https:\/\/tdcenter.org\/wp-content\/uploads\/2024\/01\/P1032676-2048x1153.jpg 2048w, https:\/\/tdcenter.org\/wp-content\/uploads\/2024\/01\/P1032676-18x10.jpg 18w\" sizes=\"(max-width: 1024px) 100vw, 1024px\" \/><\/figure>\n<\/div>\n\n\n<p class=\"wp-block-paragraph\">Il dialogo con la societ\u00e0 civile ucraina \u00e8 proseguito con una tavola rotonda sui diritti umani. Durante lo scambio con i rappresentanti delle principali ONG ucraine per i diritti umani e la giustizia, sono stati affrontati temi quali le differenze tra la legislazione ucraina relativa alla guerra del 2014 e quella del 2022, l'ecocidio e i prigionieri di guerra. I partecipanti tedeschi hanno inoltre affrontato le questioni relative al trattamento dei collaborazionisti nei territori occupati e dei bambini deportati.<\/p>\n\n\n\n<p class=\"wp-block-paragraph\">Nell'ambito della visita, la delegazione \u00e8 giunta sul luogo di uno degli attacchi pi\u00f9 recenti contro Kyiv e ha avuto l'opportunit\u00e0 unica di parlare con volontari locali che aiutavano le persone a rimuovere le macerie e a soddisfare le loro necessit\u00e0 immediate dopo il bombardamento.<\/p>\n\n\n<div class=\"wp-block-image\">\n<figure class=\"aligncenter size-large is-resized\"><img decoding=\"async\" width=\"1024\" height=\"576\" src=\"https:\/\/tdcenter.org\/wp-content\/uploads\/2024\/01\/P1032702-1024x576.jpg\" alt=\"\" class=\"wp-image-22030\" style=\"width:758px;height:auto\" srcset=\"https:\/\/tdcenter.org\/wp-content\/uploads\/2024\/01\/P1032702-1024x576.jpg 1024w, https:\/\/tdcenter.org\/wp-content\/uploads\/2024\/01\/P1032702-600x338.jpg 600w, https:\/\/tdcenter.org\/wp-content\/uploads\/2024\/01\/P1032702-768x432.jpg 768w, https:\/\/tdcenter.org\/wp-content\/uploads\/2024\/01\/P1032702-1536x865.jpg 1536w, https:\/\/tdcenter.org\/wp-content\/uploads\/2024\/01\/P1032702-2048x1153.jpg 2048w, https:\/\/tdcenter.org\/wp-content\/uploads\/2024\/01\/P1032702-18x10.jpg 18w\" sizes=\"(max-width: 1024px) 100vw, 1024px\" \/><\/figure>\n<\/div>\n\n<div class=\"wp-block-image\">\n<figure class=\"aligncenter size-large is-resized\"><img loading=\"lazy\" decoding=\"async\" width=\"1024\" height=\"576\" src=\"https:\/\/tdcenter.org\/wp-content\/uploads\/2024\/01\/P1032696-1024x576.jpg\" alt=\"\" class=\"wp-image-22031\" style=\"width:756px;height:auto\" srcset=\"https:\/\/tdcenter.org\/wp-content\/uploads\/2024\/01\/P1032696-1024x576.jpg 1024w, https:\/\/tdcenter.org\/wp-content\/uploads\/2024\/01\/P1032696-600x338.jpg 600w, https:\/\/tdcenter.org\/wp-content\/uploads\/2024\/01\/P1032696-768x432.jpg 768w, https:\/\/tdcenter.org\/wp-content\/uploads\/2024\/01\/P1032696-1536x865.jpg 1536w, https:\/\/tdcenter.org\/wp-content\/uploads\/2024\/01\/P1032696-2048x1153.jpg 2048w, https:\/\/tdcenter.org\/wp-content\/uploads\/2024\/01\/P1032696-18x10.jpg 18w\" sizes=\"(max-width: 1024px) 100vw, 1024px\" \/><\/figure>\n<\/div>\n\n\n<p class=\"wp-block-paragraph\">La giornata si \u00e8 conclusa con una cena con rappresentanti degli uffici di Kyiv della Fondazione Friedrich Naumann e della Fondazione Konrad Adenauer.<\/p>\n\n\n\n<p class=\"wp-block-paragraph\">L'ultimo giorno, la delegazione tedesca ha incontrato i rappresentanti del Segretariato del Commissario parlamentare ucraino per i diritti umani. La delegazione ha approfondito l'operato dell'Ombudsman ucraino e del suo ufficio, concentrandosi sulla situazione attuale relativa alle gravi violazioni dei diritti umani da parte delle forze armate e del governo russi. Particolare attenzione \u00e8 stata rivolta alla questione dei bambini deportati, dei prigionieri di guerra e degli sfollati interni, nonch\u00e9 alla cooperazione con istituzioni internazionali quali il CICR e l'OSCE.<\/p>\n\n\n<div class=\"wp-block-image\">\n<figure class=\"aligncenter size-large is-resized\"><img loading=\"lazy\" decoding=\"async\" width=\"1024\" height=\"683\" src=\"https:\/\/tdcenter.org\/wp-content\/uploads\/2024\/01\/DSC_8060-1024x683.jpg\" alt=\"\" class=\"wp-image-22032\" style=\"width:750px;height:auto\" srcset=\"https:\/\/tdcenter.org\/wp-content\/uploads\/2024\/01\/DSC_8060-1024x683.jpg 1024w, https:\/\/tdcenter.org\/wp-content\/uploads\/2024\/01\/DSC_8060-600x400.jpg 600w, https:\/\/tdcenter.org\/wp-content\/uploads\/2024\/01\/DSC_8060-768x512.jpg 768w, https:\/\/tdcenter.org\/wp-content\/uploads\/2024\/01\/DSC_8060-1536x1024.jpg 1536w, https:\/\/tdcenter.org\/wp-content\/uploads\/2024\/01\/DSC_8060-2048x1365.jpg 2048w, https:\/\/tdcenter.org\/wp-content\/uploads\/2024\/01\/DSC_8060-18x12.jpg 18w\" sizes=\"(max-width: 1024px) 100vw, 1024px\" \/><\/figure>\n<\/div>\n\n\n<p class=\"wp-block-paragraph\">Il programma dell'ultimo giorno della visita comprendeva anche un incontro con i rappresentanti del Ministero della Difesa dell'Ucraina, durante il quale hanno discusso la situazione attuale al fronte, le maggiori sfide e necessit\u00e0 dell'Ucraina nel confronto con la Federazione Russa, gli obiettivi e le aspettative per il 2024 e le prospettive di cooperazione tra Ucraina e Germania.<\/p>\n\n\n\n<p class=\"wp-block-paragraph\">I partecipanti alla delegazione hanno inoltre visitato il Parlamento ucraino, dove hanno avuto un proficuo scambio con deputati ucraini della Commissione per l'energia e della Commissione per l'ingresso dell'Ucraina nell'Unione europea. La discussione ha riguardato l'integrazione dell'Ucraina nell'UE e nella NATO, gli sforzi e i piani di ricostruzione, la possibilit\u00e0 di avviare il processo elettorale in condizioni di guerra e le concrete misure di sostegno necessarie da parte dell'Europa.<\/p>\n\n\n<div class=\"wp-block-image\">\n<figure class=\"aligncenter size-large is-resized\"><img loading=\"lazy\" decoding=\"async\" width=\"1024\" height=\"576\" src=\"https:\/\/tdcenter.org\/wp-content\/uploads\/2024\/01\/P1032755-1024x576.jpg\" alt=\"\" class=\"wp-image-22033\" style=\"width:742px;height:auto\" srcset=\"https:\/\/tdcenter.org\/wp-content\/uploads\/2024\/01\/P1032755-1024x576.jpg 1024w, https:\/\/tdcenter.org\/wp-content\/uploads\/2024\/01\/P1032755-600x338.jpg 600w, https:\/\/tdcenter.org\/wp-content\/uploads\/2024\/01\/P1032755-768x432.jpg 768w, https:\/\/tdcenter.org\/wp-content\/uploads\/2024\/01\/P1032755-1536x865.jpg 1536w, https:\/\/tdcenter.org\/wp-content\/uploads\/2024\/01\/P1032755-2048x1153.jpg 2048w, https:\/\/tdcenter.org\/wp-content\/uploads\/2024\/01\/P1032755-18x10.jpg 18w\" sizes=\"(max-width: 1024px) 100vw, 1024px\" \/><\/figure>\n<\/div>\n\n\n<p class=\"wp-block-paragraph\">La visita si \u00e8 conclusa con un incontro con l'ambasciatore tedesco in Ucraina, Martin J\u00e4ger, che ha condiviso le sue opinioni sui pi\u00f9 recenti massicci attacchi contro il territorio ucraino compiuti dalla Russia alla fine di dicembre 2023, sulla situazione al fronte, sulla possibilit\u00e0 di un'intensificazione della mobilitazione in Ucraina, sulle prospettive del confronto e sull'attuale sostegno della Germania all'Ucraina rispetto all'inizio dell'invasione su vasta scala. Hanno inoltre discusso le pi\u00f9 urgenti necessit\u00e0 militari dell'Ucraina, la potenziale influenza delle prossime elezioni negli Stati Uniti sul sostegno occidentale all'Ucraina e la ricostruzione.<\/p>\n\n\n\n<p class=\"wp-block-paragraph\">Questa visita \u00e8 stata un'ulteriore dimostrazione dell'impegno dei nostri partner a continuare a sostenere il governo e il popolo dell'Ucraina in questi tempi di instabilit\u00e0. Il Transatlantic Dialogue Center esprime la propria gratitudine a Zentrum Liberale Moderne per aver coorganizzato questa visita e ringrazia anche i partner tedeschi e ucraini per il loro attivo coinvolgimento.<\/p>","protected":false},"excerpt":{"rendered":"<p>As the new year unfolds, the Transatlantic Dialogue Center continues arranging visits for German policymakers to Ukraine to help them learn about the current situation in the country and the opportunities for support and cooperation with governmental and civil society structures. In early January, TDC, in close cooperation with the German think-tank Zentrum Liberale Moderne, [&hellip;]<\/p>\n","protected":false},"author":10,"featured_media":22032,"comment_status":"open","ping_status":"open","sticky":false,"template":"","format":"standard","meta":{"footnotes":""},"categories":[25,105],"tags":[],"topic":[],"class_list":["post-22026","post","type-post","status-publish","format-standard","has-post-thumbnail","hentry","category-events","category-german-ukrainian-partnership-program-events"],"mb":[],"yoast_head":"<!-- This site is optimized with the Yoast SEO Premium plugin v25.6 (Yoast SEO v25.6) - https:\/\/yoast.com\/wordpress\/plugins\/seo\/ -->\n<title>Staff members of the German Bundestag visit Ukraine | TDC<\/title>\n<meta name=\"description\" content=\"Bundestag staff visited Kyiv region and met Ukrainian officials and civil society representatives during a program organized by TDC and LibMod.\" \/>\n<meta name=\"robots\" content=\"index, follow, max-snippet:-1, max-image-preview:large, max-video-preview:-1\" \/>\n<link rel=\"canonical\" href=\"https:\/\/tdcenter.org\/it\/2024\/01\/26\/staff-members-of-the-german-bundestag-visit-ukraine\/\" \/>\n<meta property=\"og:locale\" content=\"it_IT\" \/>\n<meta property=\"og:type\" content=\"article\" \/>\n<meta property=\"og:title\" content=\"Staff members of the German Bundestag visit Ukraine\" \/>\n<meta property=\"og:description\" content=\"Bundestag staff visited Kyiv region and met Ukrainian officials and civil society representatives during a program organized by TDC and LibMod.\" \/>\n<meta property=\"og:url\" content=\"https:\/\/tdcenter.org\/it\/2024\/01\/26\/staff-members-of-the-german-bundestag-visit-ukraine\/\" \/>\n<meta property=\"og:site_name\" content=\"Transatlantic Dialogue Center\" \/>\n<meta property=\"article:publisher\" content=\"https:\/\/www.facebook.com\/Transatlantic-Dialogue-Center-105645698740463\" \/>\n<meta property=\"article:published_time\" content=\"2024-01-26T09:44:58+00:00\" \/>\n<meta property=\"article:modified_time\" content=\"2025-08-05T13:20:31+00:00\" \/>\n<meta property=\"og:image\" content=\"https:\/\/tdcenter.org\/wp-content\/uploads\/2024\/01\/DSC_8060-scaled.jpg\" \/>\n\t<meta property=\"og:image:width\" content=\"2560\" \/>\n\t<meta property=\"og:image:height\" content=\"1707\" \/>\n\t<meta property=\"og:image:type\" content=\"image\/jpeg\" \/>\n<meta name=\"author\" content=\"Stepan Rusyn\" \/>\n<meta name=\"twitter:card\" content=\"summary_large_image\" \/>\n<meta name=\"twitter:title\" content=\"Staff members of the German Bundestag visit Ukraine\" \/>\n<meta name=\"twitter:description\" content=\"Bundestag staff visited Kyiv region and met Ukrainian officials and civil society representatives during a program organized by TDC and LibMod.\" \/>\n<meta name=\"twitter:label1\" content=\"Written by\" \/>\n\t<meta name=\"twitter:data1\" content=\"Stepan Rusyn\" \/>\n\t<meta name=\"twitter:label2\" content=\"Est. reading time\" \/>\n\t<meta name=\"twitter:data2\" content=\"5 minuti\" \/>\n<script type=\"application\/ld+json\" class=\"yoast-schema-graph\">{\"@context\":\"https:\/\/schema.org\",\"@graph\":[{\"@type\":\"Article\",\"@id\":\"https:\/\/tdcenter.org\/2024\/01\/26\/staff-members-of-the-german-bundestag-visit-ukraine\/#article\",\"isPartOf\":{\"@id\":\"https:\/\/tdcenter.org\/2024\/01\/26\/staff-members-of-the-german-bundestag-visit-ukraine\/\"},\"author\":{\"name\":\"Stepan Rusyn\",\"@id\":\"https:\/\/tdcenter.org\/#\/schema\/person\/10d9eb6be418ce623b4525c0dedbadfa\"},\"headline\":\"Staff members of the German Bundestag visit Ukraine\",\"datePublished\":\"2024-01-26T09:44:58+00:00\",\"dateModified\":\"2025-08-05T13:20:31+00:00\",\"mainEntityOfPage\":{\"@id\":\"https:\/\/tdcenter.org\/2024\/01\/26\/staff-members-of-the-german-bundestag-visit-ukraine\/\"},\"wordCount\":746,\"commentCount\":0,\"publisher\":{\"@id\":\"https:\/\/tdcenter.org\/#organization\"},\"image\":{\"@id\":\"https:\/\/tdcenter.org\/2024\/01\/26\/staff-members-of-the-german-bundestag-visit-ukraine\/#primaryimage\"},\"thumbnailUrl\":\"https:\/\/tdcenter.org\/wp-content\/uploads\/2024\/01\/DSC_8060-scaled.jpg\",\"articleSection\":[\"Events\",\"Events-German-Ukrainian Partnership Program\"],\"inLanguage\":\"it-IT\",\"potentialAction\":[{\"@type\":\"CommentAction\",\"name\":\"Comment\",\"target\":[\"https:\/\/tdcenter.org\/2024\/01\/26\/staff-members-of-the-german-bundestag-visit-ukraine\/#respond\"]}]},{\"@type\":\"WebPage\",\"@id\":\"https:\/\/tdcenter.org\/2024\/01\/26\/staff-members-of-the-german-bundestag-visit-ukraine\/\",\"url\":\"https:\/\/tdcenter.org\/2024\/01\/26\/staff-members-of-the-german-bundestag-visit-ukraine\/\",\"name\":\"Staff members of the German Bundestag visit Ukraine | TDC\",\"isPartOf\":{\"@id\":\"https:\/\/tdcenter.org\/#website\"},\"primaryImageOfPage\":{\"@id\":\"https:\/\/tdcenter.org\/2024\/01\/26\/staff-members-of-the-german-bundestag-visit-ukraine\/#primaryimage\"},\"image\":{\"@id\":\"https:\/\/tdcenter.org\/2024\/01\/26\/staff-members-of-the-german-bundestag-visit-ukraine\/#primaryimage\"},\"thumbnailUrl\":\"https:\/\/tdcenter.org\/wp-content\/uploads\/2024\/01\/DSC_8060-scaled.jpg\",\"datePublished\":\"2024-01-26T09:44:58+00:00\",\"dateModified\":\"2025-08-05T13:20:31+00:00\",\"description\":\"Bundestag staff visited Kyiv region and met Ukrainian officials and civil society representatives during a program organized by TDC and LibMod.\",\"breadcrumb\":{\"@id\":\"https:\/\/tdcenter.org\/2024\/01\/26\/staff-members-of-the-german-bundestag-visit-ukraine\/#breadcrumb\"},\"inLanguage\":\"it-IT\",\"potentialAction\":[{\"@type\":\"ReadAction\",\"target\":[\"https:\/\/tdcenter.org\/2024\/01\/26\/staff-members-of-the-german-bundestag-visit-ukraine\/\"]}]},{\"@type\":\"ImageObject\",\"inLanguage\":\"it-IT\",\"@id\":\"https:\/\/tdcenter.org\/2024\/01\/26\/staff-members-of-the-german-bundestag-visit-ukraine\/#primaryimage\",\"url\":\"https:\/\/tdcenter.org\/wp-content\/uploads\/2024\/01\/DSC_8060-scaled.jpg\",\"contentUrl\":\"https:\/\/tdcenter.org\/wp-content\/uploads\/2024\/01\/DSC_8060-scaled.jpg\",\"width\":2560,\"height\":1707},{\"@type\":\"BreadcrumbList\",\"@id\":\"https:\/\/tdcenter.org\/2024\/01\/26\/staff-members-of-the-german-bundestag-visit-ukraine\/#breadcrumb\",\"itemListElement\":[{\"@type\":\"ListItem\",\"position\":1,\"name\":\"Home\",\"item\":\"https:\/\/tdcenter.org\/\"},{\"@type\":\"ListItem\",\"position\":2,\"name\":\"Staff members of the German Bundestag visit Ukraine\"}]},{\"@type\":\"WebSite\",\"@id\":\"https:\/\/tdcenter.org\/#website\",\"url\":\"https:\/\/tdcenter.org\/\",\"name\":\"Transatlantic Dialogue Center\",\"description\":\"Promoting International Peace and Security\",\"publisher\":{\"@id\":\"https:\/\/tdcenter.org\/#organization\"},\"potentialAction\":[{\"@type\":\"SearchAction\",\"target\":{\"@type\":\"EntryPoint\",\"urlTemplate\":\"https:\/\/tdcenter.org\/?s={search_term_string}\"},\"query-input\":{\"@type\":\"PropertyValueSpecification\",\"valueRequired\":true,\"valueName\":\"search_term_string\"}}],\"inLanguage\":\"it-IT\"},{\"@type\":\"Organization\",\"@id\":\"https:\/\/tdcenter.org\/#organization\",\"name\":\"Transatlantic Dialogue Center\",\"url\":\"https:\/\/tdcenter.org\/\",\"logo\":{\"@type\":\"ImageObject\",\"inLanguage\":\"it-IT\",\"@id\":\"https:\/\/tdcenter.org\/#\/schema\/logo\/image\/\",\"url\":\"https:\/\/tdcenter.org\/wp-content\/uploads\/2022\/04\/google.png\",\"contentUrl\":\"https:\/\/tdcenter.org\/wp-content\/uploads\/2022\/04\/google.png\",\"width\":2568,\"height\":2487,\"caption\":\"Transatlantic Dialogue Center\"},\"image\":{\"@id\":\"https:\/\/tdcenter.org\/#\/schema\/logo\/image\/\"},\"sameAs\":[\"https:\/\/www.facebook.com\/Transatlantic-Dialogue-Center-105645698740463\",\"https:\/\/www.youtube.com\/channel\/UCpJuhU4JBfpv_jsldNOc5LA\"]},{\"@type\":\"Person\",\"@id\":\"https:\/\/tdcenter.org\/#\/schema\/person\/10d9eb6be418ce623b4525c0dedbadfa\",\"name\":\"Stepan Rusyn\",\"image\":{\"@type\":\"ImageObject\",\"inLanguage\":\"it-IT\",\"@id\":\"https:\/\/tdcenter.org\/#\/schema\/person\/image\/\",\"url\":\"https:\/\/tdcenter.org\/wp-content\/litespeed\/avatar\/933c2b7a4204b3771069324be5fa5a24.jpg?ver=1788348441\",\"contentUrl\":\"https:\/\/tdcenter.org\/wp-content\/litespeed\/avatar\/933c2b7a4204b3771069324be5fa5a24.jpg?ver=1788348441\",\"caption\":\"Stepan Rusyn\"}}]}<\/script>\n<!-- \/ Yoast SEO Premium plugin. -->","yoast_head_json":{"title":"Staff members of the German Bundestag visit Ukraine | TDC","description":"Bundestag staff visited Kyiv region and met Ukrainian officials and civil society representatives during a program organized by TDC and LibMod.","robots":{"index":"index","follow":"follow","max-snippet":"max-snippet:-1","max-image-preview":"max-image-preview:large","max-video-preview":"max-video-preview:-1"},"canonical":"https:\/\/tdcenter.org\/it\/2024\/01\/26\/staff-members-of-the-german-bundestag-visit-ukraine\/","og_locale":"it_IT","og_type":"article","og_title":"Staff members of the German Bundestag visit Ukraine","og_description":"Bundestag staff visited Kyiv region and met Ukrainian officials and civil society representatives during a program organized by TDC and LibMod.","og_url":"https:\/\/tdcenter.org\/it\/2024\/01\/26\/staff-members-of-the-german-bundestag-visit-ukraine\/","og_site_name":"Transatlantic Dialogue Center","article_publisher":"https:\/\/www.facebook.com\/Transatlantic-Dialogue-Center-105645698740463","article_published_time":"2024-01-26T09:44:58+00:00","article_modified_time":"2025-08-05T13:20:31+00:00","og_image":[{"width":2560,"height":1707,"url":"https:\/\/tdcenter.org\/wp-content\/uploads\/2024\/01\/DSC_8060-scaled.jpg","type":"image\/jpeg"}],"author":"Stepan Rusyn","twitter_card":"summary_large_image","twitter_title":"Staff members of the German Bundestag visit Ukraine","twitter_description":"Bundestag staff visited Kyiv region and met Ukrainian officials and civil society representatives during a program organized by TDC and LibMod.","twitter_misc":{"Written by":"Stepan Rusyn","Est. reading time":"5 minuti"},"schema":{"@context":"https:\/\/schema.org","@graph":[{"@type":"Article","@id":"https:\/\/tdcenter.org\/2024\/01\/26\/staff-members-of-the-german-bundestag-visit-ukraine\/#article","isPartOf":{"@id":"https:\/\/tdcenter.org\/2024\/01\/26\/staff-members-of-the-german-bundestag-visit-ukraine\/"},"author":{"name":"Stepan Rusyn","@id":"https:\/\/tdcenter.org\/#\/schema\/person\/10d9eb6be418ce623b4525c0dedbadfa"},"headline":"Staff members of the German Bundestag visit Ukraine","datePublished":"2024-01-26T09:44:58+00:00","dateModified":"2025-08-05T13:20:31+00:00","mainEntityOfPage":{"@id":"https:\/\/tdcenter.org\/2024\/01\/26\/staff-members-of-the-german-bundestag-visit-ukraine\/"},"wordCount":746,"commentCount":0,"publisher":{"@id":"https:\/\/tdcenter.org\/#organization"},"image":{"@id":"https:\/\/tdcenter.org\/2024\/01\/26\/staff-members-of-the-german-bundestag-visit-ukraine\/#primaryimage"},"thumbnailUrl":"https:\/\/tdcenter.org\/wp-content\/uploads\/2024\/01\/DSC_8060-scaled.jpg","articleSection":["Events","Events-German-Ukrainian Partnership Program"],"inLanguage":"it-IT","potentialAction":[{"@type":"CommentAction","name":"Comment","target":["https:\/\/tdcenter.org\/2024\/01\/26\/staff-members-of-the-german-bundestag-visit-ukraine\/#respond"]}]},{"@type":"WebPage","@id":"https:\/\/tdcenter.org\/2024\/01\/26\/staff-members-of-the-german-bundestag-visit-ukraine\/","url":"https:\/\/tdcenter.org\/2024\/01\/26\/staff-members-of-the-german-bundestag-visit-ukraine\/","name":"Staff members of the German Bundestag visit Ukraine | TDC","isPartOf":{"@id":"https:\/\/tdcenter.org\/#website"},"primaryImageOfPage":{"@id":"https:\/\/tdcenter.org\/2024\/01\/26\/staff-members-of-the-german-bundestag-visit-ukraine\/#primaryimage"},"image":{"@id":"https:\/\/tdcenter.org\/2024\/01\/26\/staff-members-of-the-german-bundestag-visit-ukraine\/#primaryimage"},"thumbnailUrl":"https:\/\/tdcenter.org\/wp-content\/uploads\/2024\/01\/DSC_8060-scaled.jpg","datePublished":"2024-01-26T09:44:58+00:00","dateModified":"2025-08-05T13:20:31+00:00","description":"Bundestag staff visited Kyiv region and met Ukrainian officials and civil society representatives during a program organized by TDC and LibMod.","breadcrumb":{"@id":"https:\/\/tdcenter.org\/2024\/01\/26\/staff-members-of-the-german-bundestag-visit-ukraine\/#breadcrumb"},"inLanguage":"it-IT","potentialAction":[{"@type":"ReadAction","target":["https:\/\/tdcenter.org\/2024\/01\/26\/staff-members-of-the-german-bundestag-visit-ukraine\/"]}]},{"@type":"ImageObject","inLanguage":"it-IT","@id":"https:\/\/tdcenter.org\/2024\/01\/26\/staff-members-of-the-german-bundestag-visit-ukraine\/#primaryimage","url":"https:\/\/tdcenter.org\/wp-content\/uploads\/2024\/01\/DSC_8060-scaled.jpg","contentUrl":"https:\/\/tdcenter.org\/wp-content\/uploads\/2024\/01\/DSC_8060-scaled.jpg","width":2560,"height":1707},{"@type":"BreadcrumbList","@id":"https:\/\/tdcenter.org\/2024\/01\/26\/staff-members-of-the-german-bundestag-visit-ukraine\/#breadcrumb","itemListElement":[{"@type":"ListItem","position":1,"name":"Home","item":"https:\/\/tdcenter.org\/"},{"@type":"ListItem","position":2,"name":"Staff members of the German Bundestag visit Ukraine"}]},{"@type":"WebSite","@id":"https:\/\/tdcenter.org\/#website","url":"https:\/\/tdcenter.org\/","name":"Centro per il Dialogo Transatlantico","description":"Promoting International Peace and Security","publisher":{"@id":"https:\/\/tdcenter.org\/#organization"},"potentialAction":[{"@type":"SearchAction","target":{"@type":"EntryPoint","urlTemplate":"https:\/\/tdcenter.org\/?s={search_term_string}"},"query-input":{"@type":"PropertyValueSpecification","valueRequired":true,"valueName":"search_term_string"}}],"inLanguage":"it-IT"},{"@type":"Organization","@id":"https:\/\/tdcenter.org\/#organization","name":"Centro per il Dialogo Transatlantico","url":"https:\/\/tdcenter.org\/","logo":{"@type":"ImageObject","inLanguage":"it-IT","@id":"https:\/\/tdcenter.org\/#\/schema\/logo\/image\/","url":"https:\/\/tdcenter.org\/wp-content\/uploads\/2022\/04\/google.png","contentUrl":"https:\/\/tdcenter.org\/wp-content\/uploads\/2022\/04\/google.png","width":2568,"height":2487,"caption":"Transatlantic Dialogue Center"},"image":{"@id":"https:\/\/tdcenter.org\/#\/schema\/logo\/image\/"},"sameAs":["https:\/\/www.facebook.com\/Transatlantic-Dialogue-Center-105645698740463","https:\/\/www.youtube.com\/channel\/UCpJuhU4JBfpv_jsldNOc5LA"]},{"@type":"Person","@id":"https:\/\/tdcenter.org\/#\/schema\/person\/10d9eb6be418ce623b4525c0dedbadfa","name":"Stepan Rusyn","image":{"@type":"ImageObject","inLanguage":"it-IT","@id":"https:\/\/tdcenter.org\/#\/schema\/person\/image\/","url":"https:\/\/tdcenter.org\/wp-content\/litespeed\/avatar\/933c2b7a4204b3771069324be5fa5a24.jpg?ver=1788348441","contentUrl":"https:\/\/tdcenter.org\/wp-content\/litespeed\/avatar\/933c2b7a4204b3771069324be5fa5a24.jpg?ver=1788348441","caption":"Stepan Rusyn"}}]}},"mfb_rest_fields":["title","yoast_head","yoast_head_json","gutenberg_elementor_mode"],"_links":{"self":[{"href":"https:\/\/tdcenter.org\/it\/wp-json\/wp\/v2\/posts\/22026","targetHints":{"allow":["GET"]}}],"collection":[{"href":"https:\/\/tdcenter.org\/it\/wp-json\/wp\/v2\/posts"}],"about":[{"href":"https:\/\/tdcenter.org\/it\/wp-json\/wp\/v2\/types\/post"}],"author":[{"embeddable":true,"href":"https:\/\/tdcenter.org\/it\/wp-json\/wp\/v2\/users\/10"}],"replies":[{"embeddable":true,"href":"https:\/\/tdcenter.org\/it\/wp-json\/wp\/v2\/comments?post=22026"}],"version-history":[{"count":1,"href":"https:\/\/tdcenter.org\/it\/wp-json\/wp\/v2\/posts\/22026\/revisions"}],"predecessor-version":[{"id":31053,"href":"https:\/\/tdcenter.org\/it\/wp-json\/wp\/v2\/posts\/22026\/revisions\/31053"}],"wp:featuredmedia":[{"embeddable":true,"href":"https:\/\/tdcenter.org\/it\/wp-json\/wp\/v2\/media\/22032"}],"wp:attachment":[{"href":"https:\/\/tdcenter.org\/it\/wp-json\/wp\/v2\/media?parent=22026"}],"wp:term":[{"taxonomy":"category","embeddable":true,"href":"https:\/\/tdcenter.org\/it\/wp-json\/wp\/v2\/categories?post=22026"},{"taxonomy":"post_tag","embeddable":true,"href":"https:\/\/tdcenter.org\/it\/wp-json\/wp\/v2\/tags?post=22026"},{"taxonomy":"topic","embeddable":true,"href":"https:\/\/tdcenter.org\/it\/wp-json\/wp\/v2\/topic?post=22026"}],"curies":[{"name":"wp","href":"https:\/\/api.w.org\/{rel}","templated":true}]}}