{"id":18797,"date":"2023-08-18T17:13:15","date_gmt":"2023-08-18T14:13:15","guid":{"rendered":"https:\/\/tdcenter.org\/?p=18797"},"modified":"2025-08-05T21:11:24","modified_gmt":"2025-08-05T18:11:24","slug":"tdc-and-latin-american-media-visited-kharkiv-region","status":"publish","type":"post","link":"https:\/\/tdcenter.org\/it\/2023\/08\/18\/tdc-and-latin-american-media-visited-kharkiv-region\/","title":{"rendered":"TDC e i media latinoamericani hanno visitato la regione di Kharkiv"},"content":{"rendered":"<p class=\"wp-block-paragraph\">Grazie all'organizzazione del TDC, una delegazione di giornalisti latinoamericani ha visitato la regione di Kharkiv, sottoposta a costanti attacchi russi fin dal primo giorno dell'invasione su vasta scala dell'Ucraina da parte della Russia. In collaborazione con il Kharkiv Media Hub, i giornalisti hanno potuto visitare non solo la citt\u00e0 di Kharkiv, ma anche citt\u00e0 della regione liberate dall'occupazione, come Izium e Kupiansk, che hanno vissuto tutti gli orrori delle operazioni militari russe.<\/p>\n\n\n\n<div class=\"wp-block-columns is-layout-flex wp-container-core-columns-is-layout-7387b849 wp-block-columns-is-layout-flex\">\n<div class=\"wp-block-column is-layout-flow wp-block-column-is-layout-flow\"><div class=\"wp-block-image\">\n<figure class=\"aligncenter size-large is-resized\"><img fetchpriority=\"high\" decoding=\"async\" src=\"https:\/\/tdcenter.org\/wp-content\/uploads\/2023\/08\/photo_2023-08-18_14-52-53-1024x768.jpg\" alt=\"\" class=\"wp-image-18799\" style=\"width:462px;height:347px\" width=\"462\" height=\"347\" srcset=\"https:\/\/tdcenter.org\/wp-content\/uploads\/2023\/08\/photo_2023-08-18_14-52-53-1024x768.jpg 1024w, https:\/\/tdcenter.org\/wp-content\/uploads\/2023\/08\/photo_2023-08-18_14-52-53-600x450.jpg 600w, https:\/\/tdcenter.org\/wp-content\/uploads\/2023\/08\/photo_2023-08-18_14-52-53-768x576.jpg 768w, https:\/\/tdcenter.org\/wp-content\/uploads\/2023\/08\/photo_2023-08-18_14-52-53-16x12.jpg 16w, https:\/\/tdcenter.org\/wp-content\/uploads\/2023\/08\/photo_2023-08-18_14-52-53.jpg 1280w\" sizes=\"(max-width: 462px) 100vw, 462px\" \/><\/figure>\n<\/div><\/div>\n\n\n\n<div class=\"wp-block-column is-layout-flow wp-block-column-is-layout-flow\"><div class=\"wp-block-image\">\n<figure class=\"aligncenter size-full is-resized\"><img decoding=\"async\" src=\"https:\/\/tdcenter.org\/wp-content\/uploads\/2023\/08\/367957675_2165707863638631_6259804723389641755_n.jpg\" alt=\"\" class=\"wp-image-18800\" style=\"width:518px;height:347px\" width=\"518\" height=\"347\" srcset=\"https:\/\/tdcenter.org\/wp-content\/uploads\/2023\/08\/367957675_2165707863638631_6259804723389641755_n.jpg 687w, https:\/\/tdcenter.org\/wp-content\/uploads\/2023\/08\/367957675_2165707863638631_6259804723389641755_n-600x403.jpg 600w, https:\/\/tdcenter.org\/wp-content\/uploads\/2023\/08\/367957675_2165707863638631_6259804723389641755_n-18x12.jpg 18w\" sizes=\"(max-width: 518px) 100vw, 518px\" \/><\/figure>\n<\/div><\/div>\n<\/div>\n\n\n\n<p class=\"wp-block-paragraph\">Nella citt\u00e0 di Izium, i giornalisti latinoamericani hanno constatato lo stato della citt\u00e0 dopo l'occupazione, con l'80% degli edifici multipiano distrutti. Hanno visitato camere di tortura in cui venivano detenute persone, parlato con vittime delle torture russe e visto fosse comuni di civili e militari ucraini. Tymur Tertyshnyi, capo del Dipartimento investigativo della polizia di Izium e del distretto di Izium, ha dichiarato che in una delle fosse comuni sono state trovate 449 persone. Tuttavia, secondo stime approssimative, durante l'occupazione a Izyum sono morte circa mille persone.<\/p>\n\n\n<div class=\"wp-block-image\">\n<figure class=\"aligncenter size-large is-resized\"><img decoding=\"async\" src=\"https:\/\/tdcenter.org\/wp-content\/uploads\/2023\/08\/Brown-Autumn-Photo-Collage-1024x688.png\" alt=\"\" class=\"wp-image-18829\" style=\"width:850px;height:571px\" width=\"850\" height=\"571\" srcset=\"https:\/\/tdcenter.org\/wp-content\/uploads\/2023\/08\/Brown-Autumn-Photo-Collage-1024x688.png 1024w, https:\/\/tdcenter.org\/wp-content\/uploads\/2023\/08\/Brown-Autumn-Photo-Collage-600x403.png 600w, https:\/\/tdcenter.org\/wp-content\/uploads\/2023\/08\/Brown-Autumn-Photo-Collage-768x516.png 768w, https:\/\/tdcenter.org\/wp-content\/uploads\/2023\/08\/Brown-Autumn-Photo-Collage-1536x1032.png 1536w, https:\/\/tdcenter.org\/wp-content\/uploads\/2023\/08\/Brown-Autumn-Photo-Collage-18x12.png 18w, https:\/\/tdcenter.org\/wp-content\/uploads\/2023\/08\/Brown-Autumn-Photo-Collage.png 2000w\" sizes=\"(max-width: 850px) 100vw, 850px\" \/><\/figure>\n<\/div>\n\n\n<p class=\"wp-block-paragraph\">Inoltre, i rappresentanti dei media latinoamericani hanno avuto l'opportunit\u00e0 di incontrare personalmente il vicesindaco di Izium, Volodymyr Matsokin. Il signor Matsokin ha raccontato loro come appariva la citt\u00e0 dopo la liberazione dagli occupanti russi e come vive oggi.<\/p>\n\n\n\n<div class=\"wp-block-columns is-layout-flex wp-container-core-columns-is-layout-7387b849 wp-block-columns-is-layout-flex\">\n<div class=\"wp-block-column is-layout-flow wp-block-column-is-layout-flow\">\n<figure class=\"wp-block-image size-full is-resized\"><img loading=\"lazy\" decoding=\"async\" src=\"https:\/\/tdcenter.org\/wp-content\/uploads\/2023\/08\/photo_2023-08-18_14-48-42.jpg\" alt=\"\" class=\"wp-image-18805\" style=\"width:456px;height:304px\" width=\"456\" height=\"304\" srcset=\"https:\/\/tdcenter.org\/wp-content\/uploads\/2023\/08\/photo_2023-08-18_14-48-42.jpg 1024w, https:\/\/tdcenter.org\/wp-content\/uploads\/2023\/08\/photo_2023-08-18_14-48-42-600x400.jpg 600w, https:\/\/tdcenter.org\/wp-content\/uploads\/2023\/08\/photo_2023-08-18_14-48-42-768x512.jpg 768w, https:\/\/tdcenter.org\/wp-content\/uploads\/2023\/08\/photo_2023-08-18_14-48-42-18x12.jpg 18w\" sizes=\"(max-width: 456px) 100vw, 456px\" \/><\/figure>\n<\/div>\n\n\n\n<div class=\"wp-block-column is-layout-flow wp-block-column-is-layout-flow\">\n<figure class=\"wp-block-image size-full is-resized\"><img loading=\"lazy\" decoding=\"async\" src=\"https:\/\/tdcenter.org\/wp-content\/uploads\/2023\/08\/photo_2023-08-18_14-57-04.jpg\" alt=\"\" class=\"wp-image-18806\" style=\"width:456px;height:304px\" width=\"456\" height=\"304\" srcset=\"https:\/\/tdcenter.org\/wp-content\/uploads\/2023\/08\/photo_2023-08-18_14-57-04.jpg 1024w, https:\/\/tdcenter.org\/wp-content\/uploads\/2023\/08\/photo_2023-08-18_14-57-04-600x400.jpg 600w, https:\/\/tdcenter.org\/wp-content\/uploads\/2023\/08\/photo_2023-08-18_14-57-04-768x512.jpg 768w, https:\/\/tdcenter.org\/wp-content\/uploads\/2023\/08\/photo_2023-08-18_14-57-04-18x12.jpg 18w\" sizes=\"(max-width: 456px) 100vw, 456px\" \/><\/figure>\n<\/div>\n<\/div>\n\n\n\n<p class=\"wp-block-paragraph\">I giornalisti si sono inoltre recati nella direzione di Kupiansk e nella zona di confine con la Russia, dove hanno visitato postazioni militari e parlato con i militari ucraini. Hanno anche incontrato il team ucraino che sta sviluppando un drone per lo sminamento e gli operatori della ricognizione aerea e dei droni, e hanno visitato il Centro per l'innovazione forense intelligenTrident. <\/p>\n\n\n\n<div class=\"wp-block-columns is-layout-flex wp-container-core-columns-is-layout-7387b849 wp-block-columns-is-layout-flex\">\n<div class=\"wp-block-column is-layout-flow wp-block-column-is-layout-flow\">\n<figure class=\"wp-block-image size-large is-resized\"><img loading=\"lazy\" decoding=\"async\" src=\"https:\/\/tdcenter.org\/wp-content\/uploads\/2023\/08\/photo_2023-08-18_14-50-52-1-1024x768.jpg\" alt=\"\" class=\"wp-image-18833\" style=\"width:272px;height:204px\" width=\"272\" height=\"204\" srcset=\"https:\/\/tdcenter.org\/wp-content\/uploads\/2023\/08\/photo_2023-08-18_14-50-52-1-1024x768.jpg 1024w, https:\/\/tdcenter.org\/wp-content\/uploads\/2023\/08\/photo_2023-08-18_14-50-52-1-600x450.jpg 600w, https:\/\/tdcenter.org\/wp-content\/uploads\/2023\/08\/photo_2023-08-18_14-50-52-1-768x576.jpg 768w, https:\/\/tdcenter.org\/wp-content\/uploads\/2023\/08\/photo_2023-08-18_14-50-52-1-16x12.jpg 16w, https:\/\/tdcenter.org\/wp-content\/uploads\/2023\/08\/photo_2023-08-18_14-50-52-1.jpg 1280w\" sizes=\"(max-width: 272px) 100vw, 272px\" \/><\/figure>\n<\/div>\n\n\n\n<div class=\"wp-block-column is-layout-flow wp-block-column-is-layout-flow\">\n<figure class=\"wp-block-image size-full is-resized\"><img loading=\"lazy\" decoding=\"async\" src=\"https:\/\/tdcenter.org\/wp-content\/uploads\/2023\/08\/photo_2023-08-18_14-48-50-1.jpg\" alt=\"\" class=\"wp-image-18834\" style=\"width:304px;height:203px\" width=\"304\" height=\"203\" srcset=\"https:\/\/tdcenter.org\/wp-content\/uploads\/2023\/08\/photo_2023-08-18_14-48-50-1.jpg 1024w, https:\/\/tdcenter.org\/wp-content\/uploads\/2023\/08\/photo_2023-08-18_14-48-50-1-600x400.jpg 600w, https:\/\/tdcenter.org\/wp-content\/uploads\/2023\/08\/photo_2023-08-18_14-48-50-1-768x512.jpg 768w, https:\/\/tdcenter.org\/wp-content\/uploads\/2023\/08\/photo_2023-08-18_14-48-50-1-18x12.jpg 18w\" sizes=\"(max-width: 304px) 100vw, 304px\" \/><\/figure>\n<\/div>\n\n\n\n<div class=\"wp-block-column is-layout-flow wp-block-column-is-layout-flow\">\n<figure class=\"wp-block-image size-full is-resized\"><img loading=\"lazy\" decoding=\"async\" src=\"https:\/\/tdcenter.org\/wp-content\/uploads\/2023\/08\/photo_2023-08-18_14-48-44.jpg\" alt=\"\" class=\"wp-image-18835\" style=\"width:300px;height:200px\" width=\"300\" height=\"200\" srcset=\"https:\/\/tdcenter.org\/wp-content\/uploads\/2023\/08\/photo_2023-08-18_14-48-44.jpg 1024w, https:\/\/tdcenter.org\/wp-content\/uploads\/2023\/08\/photo_2023-08-18_14-48-44-600x400.jpg 600w, https:\/\/tdcenter.org\/wp-content\/uploads\/2023\/08\/photo_2023-08-18_14-48-44-768x512.jpg 768w, https:\/\/tdcenter.org\/wp-content\/uploads\/2023\/08\/photo_2023-08-18_14-48-44-18x12.jpg 18w\" sizes=\"(max-width: 300px) 100vw, 300px\" \/><\/figure>\n<\/div>\n<\/div>\n\n\n\n<p class=\"wp-block-paragraph\">Vasyl Bilous, rappresentante del Centro per l'innovazione forense intelligenTrident, ha parlato delle caratteristiche e dei risultati del lavoro del centro. I video e le fotografie forniti dal Centro sono gi\u00e0 entrati a far parte della base probatoria per futuri processi contro i militari russi e l'alta dirigenza militare.<\/p>\n\n\n<div class=\"wp-block-image\">\n<figure class=\"aligncenter size-large is-resized\"><img loading=\"lazy\" decoding=\"async\" src=\"https:\/\/tdcenter.org\/wp-content\/uploads\/2023\/08\/photo_2023-08-18_14-50-53-1024x768.jpg\" alt=\"\" class=\"wp-image-18810\" style=\"width:596px;height:447px\" width=\"596\" height=\"447\" srcset=\"https:\/\/tdcenter.org\/wp-content\/uploads\/2023\/08\/photo_2023-08-18_14-50-53-1024x768.jpg 1024w, https:\/\/tdcenter.org\/wp-content\/uploads\/2023\/08\/photo_2023-08-18_14-50-53-600x450.jpg 600w, https:\/\/tdcenter.org\/wp-content\/uploads\/2023\/08\/photo_2023-08-18_14-50-53-768x576.jpg 768w, https:\/\/tdcenter.org\/wp-content\/uploads\/2023\/08\/photo_2023-08-18_14-50-53-16x12.jpg 16w, https:\/\/tdcenter.org\/wp-content\/uploads\/2023\/08\/photo_2023-08-18_14-50-53.jpg 1280w\" sizes=\"(max-width: 596px) 100vw, 596px\" \/><\/figure>\n<\/div>\n\n\n<p class=\"wp-block-paragraph\">Come rilevato, uno dei distretti pi\u00f9 colpiti di Kharkiv \u00e8 Northern Saltivka, visitato personalmente dai giornalisti. Questa zona residenziale \u00e8 stata bombardata senza sosta dai russi per diversi mesi, al punto che non \u00e8 rimasto in piedi un solo edificio.<\/p>\n\n\n\n<div class=\"wp-block-columns is-layout-flex wp-container-core-columns-is-layout-7387b849 wp-block-columns-is-layout-flex\">\n<div class=\"wp-block-column is-layout-flow wp-block-column-is-layout-flow\">\n<figure class=\"wp-block-image size-large\"><img loading=\"lazy\" decoding=\"async\" width=\"768\" height=\"1024\" src=\"https:\/\/tdcenter.org\/wp-content\/uploads\/2023\/08\/photo_2023-08-18_14-49-33-1-768x1024.jpg\" alt=\"\" class=\"wp-image-18823\" srcset=\"https:\/\/tdcenter.org\/wp-content\/uploads\/2023\/08\/photo_2023-08-18_14-49-33-1-768x1024.jpg 768w, https:\/\/tdcenter.org\/wp-content\/uploads\/2023\/08\/photo_2023-08-18_14-49-33-1-450x600.jpg 450w, https:\/\/tdcenter.org\/wp-content\/uploads\/2023\/08\/photo_2023-08-18_14-49-33-1-9x12.jpg 9w, https:\/\/tdcenter.org\/wp-content\/uploads\/2023\/08\/photo_2023-08-18_14-49-33-1.jpg 960w\" sizes=\"(max-width: 768px) 100vw, 768px\" \/><\/figure>\n<\/div>\n\n\n\n<div class=\"wp-block-column is-layout-flow wp-block-column-is-layout-flow\">\n<figure class=\"wp-block-image size-large\"><img loading=\"lazy\" decoding=\"async\" width=\"768\" height=\"1024\" src=\"https:\/\/tdcenter.org\/wp-content\/uploads\/2023\/08\/photo_2023-08-18_14-49-34-1-768x1024.jpg\" alt=\"\" class=\"wp-image-18824\" srcset=\"https:\/\/tdcenter.org\/wp-content\/uploads\/2023\/08\/photo_2023-08-18_14-49-34-1-768x1024.jpg 768w, https:\/\/tdcenter.org\/wp-content\/uploads\/2023\/08\/photo_2023-08-18_14-49-34-1-450x600.jpg 450w, https:\/\/tdcenter.org\/wp-content\/uploads\/2023\/08\/photo_2023-08-18_14-49-34-1-9x12.jpg 9w, https:\/\/tdcenter.org\/wp-content\/uploads\/2023\/08\/photo_2023-08-18_14-49-34-1.jpg 960w\" sizes=\"(max-width: 768px) 100vw, 768px\" \/><\/figure>\n<\/div>\n\n\n\n<div class=\"wp-block-column is-layout-flow wp-block-column-is-layout-flow\">\n<figure class=\"wp-block-image size-large\"><img loading=\"lazy\" decoding=\"async\" width=\"768\" height=\"1024\" src=\"https:\/\/tdcenter.org\/wp-content\/uploads\/2023\/08\/photo_2023-08-18_15-00-03-768x1024.jpg\" alt=\"\" class=\"wp-image-18825\" srcset=\"https:\/\/tdcenter.org\/wp-content\/uploads\/2023\/08\/photo_2023-08-18_15-00-03-768x1024.jpg 768w, https:\/\/tdcenter.org\/wp-content\/uploads\/2023\/08\/photo_2023-08-18_15-00-03-450x600.jpg 450w, https:\/\/tdcenter.org\/wp-content\/uploads\/2023\/08\/photo_2023-08-18_15-00-03-9x12.jpg 9w, https:\/\/tdcenter.org\/wp-content\/uploads\/2023\/08\/photo_2023-08-18_15-00-03.jpg 960w\" sizes=\"(max-width: 768px) 100vw, 768px\" \/><\/figure>\n<\/div>\n<\/div>\n\n\n\n<p class=\"wp-block-paragraph\">Hanno inoltre visitato il cimitero dei missili di Kharkiv, un deposito temporaneo per i resti neutralizzati delle munizioni russe. Secondo Dmytro Chubenko, portavoce dell'Ufficio del procuratore regionale di Kharkiv, i frammenti di bombe e proiettili raccolti saranno presentati come prove dei crimini di guerra commessi dai militari russi.<\/p>\n\n\n<div class=\"wp-block-image\">\n<figure class=\"alignleft size-full is-resized\"><img loading=\"lazy\" decoding=\"async\" src=\"https:\/\/tdcenter.org\/wp-content\/uploads\/2023\/08\/image-30.png\" alt=\"\" class=\"wp-image-18827\" style=\"width:404px;height:269px\" width=\"404\" height=\"269\" srcset=\"https:\/\/tdcenter.org\/wp-content\/uploads\/2023\/08\/image-30.png 1024w, https:\/\/tdcenter.org\/wp-content\/uploads\/2023\/08\/image-30-600x400.png 600w, https:\/\/tdcenter.org\/wp-content\/uploads\/2023\/08\/image-30-768x512.png 768w, https:\/\/tdcenter.org\/wp-content\/uploads\/2023\/08\/image-30-18x12.png 18w\" sizes=\"(max-width: 404px) 100vw, 404px\" \/><\/figure>\n<\/div>\n\n\n<p class=\"wp-block-paragraph\">Il Kharkiv Media Hub ha ospitato un incontro con Mamuka Mamulashvili, comandante della Legione nazionale georgiana, che combatte contro i russi da 30 anni. All'et\u00e0 di 14 anni, insieme al padre, ha difeso l'integrit\u00e0 della Georgia; in seguito \u00e8 stato fatto prigioniero dalla Russia, dove ha capito di dover continuare la lotta contro le ambizioni aggressive della Russia. Mamuka ha parlato della creazione della Legione nazionale georgiana, dei suoi obiettivi e principi, della sua composizione e delle specificit\u00e0 delle sue attivit\u00e0.<\/p>\n\n\n\n<p class=\"wp-block-paragraph\">TDC sta realizzando il progetto con il sostegno della&nbsp;<em><a href=\"https:\/\/www.irf.ua\/en\/\">Fondazione Internazionale Rinascimento<\/a>.<\/em><\/p>","protected":false},"excerpt":{"rendered":"<p>With the organization of TDC, a delegation of Latin American journalists visited the Kharkiv region, which has been under constant Russian attack since the first day of Russia&#8217;s full-scale invasion of Ukraine. In cooperation with Kharkiv Media Hub, they managed to visit not only Kharkiv city, but also such de-occupied cities of Kharkiv region as [&hellip;]<\/p>\n","protected":false},"author":8,"featured_media":18799,"comment_status":"open","ping_status":"open","sticky":false,"template":"","format":"standard","meta":{"footnotes":""},"categories":[25,104],"tags":[],"topic":[],"class_list":["post-18797","post","type-post","status-publish","format-standard","has-post-thumbnail","hentry","category-events","category-spain-and-latin-america-cooperation-program-events"],"mb":[],"yoast_head":"<!-- This site is optimized with the Yoast SEO Premium plugin v25.6 (Yoast SEO v25.6) - https:\/\/yoast.com\/wordpress\/plugins\/seo\/ -->\n<title>TDC and Latin American media visited Kharkiv region<\/title>\n<meta name=\"description\" content=\"Latin American journalists visited Kharkiv, Izium and Kupiansk to witness destruction, torture sites and other consequences of Russian occupation.\" \/>\n<meta name=\"robots\" content=\"index, follow, max-snippet:-1, max-image-preview:large, max-video-preview:-1\" \/>\n<link rel=\"canonical\" href=\"https:\/\/tdcenter.org\/it\/2023\/08\/18\/tdc-and-latin-american-media-visited-kharkiv-region\/\" \/>\n<meta property=\"og:locale\" content=\"it_IT\" \/>\n<meta property=\"og:type\" content=\"article\" \/>\n<meta property=\"og:title\" content=\"TDC and Latin American media visited Kharkiv region\" \/>\n<meta property=\"og:description\" content=\"Latin American journalists visited Kharkiv, Izium and Kupiansk to witness destruction, torture sites and other consequences of Russian occupation.\" \/>\n<meta property=\"og:url\" content=\"https:\/\/tdcenter.org\/it\/2023\/08\/18\/tdc-and-latin-american-media-visited-kharkiv-region\/\" \/>\n<meta property=\"og:site_name\" content=\"Transatlantic Dialogue Center\" \/>\n<meta property=\"article:publisher\" content=\"https:\/\/www.facebook.com\/Transatlantic-Dialogue-Center-105645698740463\" \/>\n<meta property=\"article:published_time\" content=\"2023-08-18T14:13:15+00:00\" \/>\n<meta property=\"article:modified_time\" content=\"2025-08-05T18:11:24+00:00\" \/>\n<meta property=\"og:image\" content=\"https:\/\/tdcenter.org\/wp-content\/uploads\/2023\/08\/photo_2023-08-18_14-52-53.jpg\" \/>\n\t<meta property=\"og:image:width\" content=\"1280\" \/>\n\t<meta property=\"og:image:height\" content=\"960\" \/>\n\t<meta property=\"og:image:type\" content=\"image\/jpeg\" \/>\n<meta name=\"author\" content=\"Alina Rohach\" \/>\n<meta name=\"twitter:card\" content=\"summary_large_image\" \/>\n<meta name=\"twitter:title\" content=\"TDC and Latin American media visited Kharkiv region\" \/>\n<meta name=\"twitter:description\" content=\"Latin American journalists visited Kharkiv, Izium and Kupiansk to witness destruction, torture sites and other consequences of Russian occupation.\" \/>\n<meta name=\"twitter:label1\" content=\"Written by\" \/>\n\t<meta name=\"twitter:data1\" content=\"Alina Rohach\" \/>\n\t<meta name=\"twitter:label2\" content=\"Est. reading time\" \/>\n\t<meta name=\"twitter:data2\" content=\"5 minuti\" \/>\n<script type=\"application\/ld+json\" class=\"yoast-schema-graph\">{\"@context\":\"https:\/\/schema.org\",\"@graph\":[{\"@type\":\"Article\",\"@id\":\"https:\/\/tdcenter.org\/2023\/08\/18\/tdc-and-latin-american-media-visited-kharkiv-region\/#article\",\"isPartOf\":{\"@id\":\"https:\/\/tdcenter.org\/2023\/08\/18\/tdc-and-latin-american-media-visited-kharkiv-region\/\"},\"author\":{\"name\":\"Alina Rohach\",\"@id\":\"https:\/\/tdcenter.org\/#\/schema\/person\/2b76b794dbb8257325dc72d4fdee35ec\"},\"headline\":\"TDC and Latin American media visited Kharkiv region\",\"datePublished\":\"2023-08-18T14:13:15+00:00\",\"dateModified\":\"2025-08-05T18:11:24+00:00\",\"mainEntityOfPage\":{\"@id\":\"https:\/\/tdcenter.org\/2023\/08\/18\/tdc-and-latin-american-media-visited-kharkiv-region\/\"},\"wordCount\":493,\"commentCount\":0,\"publisher\":{\"@id\":\"https:\/\/tdcenter.org\/#organization\"},\"image\":{\"@id\":\"https:\/\/tdcenter.org\/2023\/08\/18\/tdc-and-latin-american-media-visited-kharkiv-region\/#primaryimage\"},\"thumbnailUrl\":\"https:\/\/tdcenter.org\/wp-content\/uploads\/2023\/08\/photo_2023-08-18_14-52-53.jpg\",\"articleSection\":[\"Events\",\"Events-Spain and Latin America Cooperation Program\"],\"inLanguage\":\"it-IT\",\"potentialAction\":[{\"@type\":\"CommentAction\",\"name\":\"Comment\",\"target\":[\"https:\/\/tdcenter.org\/2023\/08\/18\/tdc-and-latin-american-media-visited-kharkiv-region\/#respond\"]}]},{\"@type\":\"WebPage\",\"@id\":\"https:\/\/tdcenter.org\/2023\/08\/18\/tdc-and-latin-american-media-visited-kharkiv-region\/\",\"url\":\"https:\/\/tdcenter.org\/2023\/08\/18\/tdc-and-latin-american-media-visited-kharkiv-region\/\",\"name\":\"TDC and Latin American media visited Kharkiv region\",\"isPartOf\":{\"@id\":\"https:\/\/tdcenter.org\/#website\"},\"primaryImageOfPage\":{\"@id\":\"https:\/\/tdcenter.org\/2023\/08\/18\/tdc-and-latin-american-media-visited-kharkiv-region\/#primaryimage\"},\"image\":{\"@id\":\"https:\/\/tdcenter.org\/2023\/08\/18\/tdc-and-latin-american-media-visited-kharkiv-region\/#primaryimage\"},\"thumbnailUrl\":\"https:\/\/tdcenter.org\/wp-content\/uploads\/2023\/08\/photo_2023-08-18_14-52-53.jpg\",\"datePublished\":\"2023-08-18T14:13:15+00:00\",\"dateModified\":\"2025-08-05T18:11:24+00:00\",\"description\":\"Latin American journalists visited Kharkiv, Izium and Kupiansk to witness destruction, torture sites and other consequences of Russian occupation.\",\"breadcrumb\":{\"@id\":\"https:\/\/tdcenter.org\/2023\/08\/18\/tdc-and-latin-american-media-visited-kharkiv-region\/#breadcrumb\"},\"inLanguage\":\"it-IT\",\"potentialAction\":[{\"@type\":\"ReadAction\",\"target\":[\"https:\/\/tdcenter.org\/2023\/08\/18\/tdc-and-latin-american-media-visited-kharkiv-region\/\"]}]},{\"@type\":\"ImageObject\",\"inLanguage\":\"it-IT\",\"@id\":\"https:\/\/tdcenter.org\/2023\/08\/18\/tdc-and-latin-american-media-visited-kharkiv-region\/#primaryimage\",\"url\":\"https:\/\/tdcenter.org\/wp-content\/uploads\/2023\/08\/photo_2023-08-18_14-52-53.jpg\",\"contentUrl\":\"https:\/\/tdcenter.org\/wp-content\/uploads\/2023\/08\/photo_2023-08-18_14-52-53.jpg\",\"width\":1280,\"height\":960},{\"@type\":\"BreadcrumbList\",\"@id\":\"https:\/\/tdcenter.org\/2023\/08\/18\/tdc-and-latin-american-media-visited-kharkiv-region\/#breadcrumb\",\"itemListElement\":[{\"@type\":\"ListItem\",\"position\":1,\"name\":\"Home\",\"item\":\"https:\/\/tdcenter.org\/\"},{\"@type\":\"ListItem\",\"position\":2,\"name\":\"TDC and Latin American media visited Kharkiv region\"}]},{\"@type\":\"WebSite\",\"@id\":\"https:\/\/tdcenter.org\/#website\",\"url\":\"https:\/\/tdcenter.org\/\",\"name\":\"Transatlantic Dialogue Center\",\"description\":\"Promoting International Peace and Security\",\"publisher\":{\"@id\":\"https:\/\/tdcenter.org\/#organization\"},\"potentialAction\":[{\"@type\":\"SearchAction\",\"target\":{\"@type\":\"EntryPoint\",\"urlTemplate\":\"https:\/\/tdcenter.org\/?s={search_term_string}\"},\"query-input\":{\"@type\":\"PropertyValueSpecification\",\"valueRequired\":true,\"valueName\":\"search_term_string\"}}],\"inLanguage\":\"it-IT\"},{\"@type\":\"Organization\",\"@id\":\"https:\/\/tdcenter.org\/#organization\",\"name\":\"Transatlantic Dialogue Center\",\"url\":\"https:\/\/tdcenter.org\/\",\"logo\":{\"@type\":\"ImageObject\",\"inLanguage\":\"it-IT\",\"@id\":\"https:\/\/tdcenter.org\/#\/schema\/logo\/image\/\",\"url\":\"https:\/\/tdcenter.org\/wp-content\/uploads\/2022\/04\/google.png\",\"contentUrl\":\"https:\/\/tdcenter.org\/wp-content\/uploads\/2022\/04\/google.png\",\"width\":2568,\"height\":2487,\"caption\":\"Transatlantic Dialogue Center\"},\"image\":{\"@id\":\"https:\/\/tdcenter.org\/#\/schema\/logo\/image\/\"},\"sameAs\":[\"https:\/\/www.facebook.com\/Transatlantic-Dialogue-Center-105645698740463\",\"https:\/\/www.youtube.com\/channel\/UCpJuhU4JBfpv_jsldNOc5LA\"]},{\"@type\":\"Person\",\"@id\":\"https:\/\/tdcenter.org\/#\/schema\/person\/2b76b794dbb8257325dc72d4fdee35ec\",\"name\":\"Alina Rohach\",\"image\":{\"@type\":\"ImageObject\",\"inLanguage\":\"it-IT\",\"@id\":\"https:\/\/tdcenter.org\/#\/schema\/person\/image\/\",\"url\":\"https:\/\/tdcenter.org\/wp-content\/litespeed\/avatar\/61eca207869235575ab8e6c478a7ca66.jpg?ver=1787747207\",\"contentUrl\":\"https:\/\/tdcenter.org\/wp-content\/litespeed\/avatar\/61eca207869235575ab8e6c478a7ca66.jpg?ver=1787747207\",\"caption\":\"Alina Rohach\"}}]}<\/script>\n<!-- \/ Yoast SEO Premium plugin. -->","yoast_head_json":{"title":"TDC e i media latinoamericani hanno visitato la regione di Kharkiv","description":"Latin American journalists visited Kharkiv, Izium and Kupiansk to witness destruction, torture sites and other consequences of Russian occupation.","robots":{"index":"index","follow":"follow","max-snippet":"max-snippet:-1","max-image-preview":"max-image-preview:large","max-video-preview":"max-video-preview:-1"},"canonical":"https:\/\/tdcenter.org\/it\/2023\/08\/18\/tdc-and-latin-american-media-visited-kharkiv-region\/","og_locale":"it_IT","og_type":"article","og_title":"TDC and Latin American media visited Kharkiv region","og_description":"Latin American journalists visited Kharkiv, Izium and Kupiansk to witness destruction, torture sites and other consequences of Russian occupation.","og_url":"https:\/\/tdcenter.org\/it\/2023\/08\/18\/tdc-and-latin-american-media-visited-kharkiv-region\/","og_site_name":"Transatlantic Dialogue Center","article_publisher":"https:\/\/www.facebook.com\/Transatlantic-Dialogue-Center-105645698740463","article_published_time":"2023-08-18T14:13:15+00:00","article_modified_time":"2025-08-05T18:11:24+00:00","og_image":[{"width":1280,"height":960,"url":"https:\/\/tdcenter.org\/wp-content\/uploads\/2023\/08\/photo_2023-08-18_14-52-53.jpg","type":"image\/jpeg"}],"author":"Alina Rohach","twitter_card":"summary_large_image","twitter_title":"TDC and Latin American media visited Kharkiv region","twitter_description":"Latin American journalists visited Kharkiv, Izium and Kupiansk to witness destruction, torture sites and other consequences of Russian occupation.","twitter_misc":{"Written by":"Alina Rohach","Est. reading time":"5 minuti"},"schema":{"@context":"https:\/\/schema.org","@graph":[{"@type":"Article","@id":"https:\/\/tdcenter.org\/2023\/08\/18\/tdc-and-latin-american-media-visited-kharkiv-region\/#article","isPartOf":{"@id":"https:\/\/tdcenter.org\/2023\/08\/18\/tdc-and-latin-american-media-visited-kharkiv-region\/"},"author":{"name":"Alina Rohach","@id":"https:\/\/tdcenter.org\/#\/schema\/person\/2b76b794dbb8257325dc72d4fdee35ec"},"headline":"TDC and Latin American media visited Kharkiv region","datePublished":"2023-08-18T14:13:15+00:00","dateModified":"2025-08-05T18:11:24+00:00","mainEntityOfPage":{"@id":"https:\/\/tdcenter.org\/2023\/08\/18\/tdc-and-latin-american-media-visited-kharkiv-region\/"},"wordCount":493,"commentCount":0,"publisher":{"@id":"https:\/\/tdcenter.org\/#organization"},"image":{"@id":"https:\/\/tdcenter.org\/2023\/08\/18\/tdc-and-latin-american-media-visited-kharkiv-region\/#primaryimage"},"thumbnailUrl":"https:\/\/tdcenter.org\/wp-content\/uploads\/2023\/08\/photo_2023-08-18_14-52-53.jpg","articleSection":["Events","Events-Spain and Latin America Cooperation Program"],"inLanguage":"it-IT","potentialAction":[{"@type":"CommentAction","name":"Comment","target":["https:\/\/tdcenter.org\/2023\/08\/18\/tdc-and-latin-american-media-visited-kharkiv-region\/#respond"]}]},{"@type":"WebPage","@id":"https:\/\/tdcenter.org\/2023\/08\/18\/tdc-and-latin-american-media-visited-kharkiv-region\/","url":"https:\/\/tdcenter.org\/2023\/08\/18\/tdc-and-latin-american-media-visited-kharkiv-region\/","name":"TDC e i media latinoamericani hanno visitato la regione di Kharkiv","isPartOf":{"@id":"https:\/\/tdcenter.org\/#website"},"primaryImageOfPage":{"@id":"https:\/\/tdcenter.org\/2023\/08\/18\/tdc-and-latin-american-media-visited-kharkiv-region\/#primaryimage"},"image":{"@id":"https:\/\/tdcenter.org\/2023\/08\/18\/tdc-and-latin-american-media-visited-kharkiv-region\/#primaryimage"},"thumbnailUrl":"https:\/\/tdcenter.org\/wp-content\/uploads\/2023\/08\/photo_2023-08-18_14-52-53.jpg","datePublished":"2023-08-18T14:13:15+00:00","dateModified":"2025-08-05T18:11:24+00:00","description":"Latin American journalists visited Kharkiv, Izium and Kupiansk to witness destruction, torture sites and other consequences of Russian occupation.","breadcrumb":{"@id":"https:\/\/tdcenter.org\/2023\/08\/18\/tdc-and-latin-american-media-visited-kharkiv-region\/#breadcrumb"},"inLanguage":"it-IT","potentialAction":[{"@type":"ReadAction","target":["https:\/\/tdcenter.org\/2023\/08\/18\/tdc-and-latin-american-media-visited-kharkiv-region\/"]}]},{"@type":"ImageObject","inLanguage":"it-IT","@id":"https:\/\/tdcenter.org\/2023\/08\/18\/tdc-and-latin-american-media-visited-kharkiv-region\/#primaryimage","url":"https:\/\/tdcenter.org\/wp-content\/uploads\/2023\/08\/photo_2023-08-18_14-52-53.jpg","contentUrl":"https:\/\/tdcenter.org\/wp-content\/uploads\/2023\/08\/photo_2023-08-18_14-52-53.jpg","width":1280,"height":960},{"@type":"BreadcrumbList","@id":"https:\/\/tdcenter.org\/2023\/08\/18\/tdc-and-latin-american-media-visited-kharkiv-region\/#breadcrumb","itemListElement":[{"@type":"ListItem","position":1,"name":"Home","item":"https:\/\/tdcenter.org\/"},{"@type":"ListItem","position":2,"name":"TDC and Latin American media visited Kharkiv region"}]},{"@type":"WebSite","@id":"https:\/\/tdcenter.org\/#website","url":"https:\/\/tdcenter.org\/","name":"Centro per il Dialogo Transatlantico","description":"Promoting International Peace and Security","publisher":{"@id":"https:\/\/tdcenter.org\/#organization"},"potentialAction":[{"@type":"SearchAction","target":{"@type":"EntryPoint","urlTemplate":"https:\/\/tdcenter.org\/?s={search_term_string}"},"query-input":{"@type":"PropertyValueSpecification","valueRequired":true,"valueName":"search_term_string"}}],"inLanguage":"it-IT"},{"@type":"Organization","@id":"https:\/\/tdcenter.org\/#organization","name":"Centro per il Dialogo Transatlantico","url":"https:\/\/tdcenter.org\/","logo":{"@type":"ImageObject","inLanguage":"it-IT","@id":"https:\/\/tdcenter.org\/#\/schema\/logo\/image\/","url":"https:\/\/tdcenter.org\/wp-content\/uploads\/2022\/04\/google.png","contentUrl":"https:\/\/tdcenter.org\/wp-content\/uploads\/2022\/04\/google.png","width":2568,"height":2487,"caption":"Transatlantic Dialogue Center"},"image":{"@id":"https:\/\/tdcenter.org\/#\/schema\/logo\/image\/"},"sameAs":["https:\/\/www.facebook.com\/Transatlantic-Dialogue-Center-105645698740463","https:\/\/www.youtube.com\/channel\/UCpJuhU4JBfpv_jsldNOc5LA"]},{"@type":"Person","@id":"https:\/\/tdcenter.org\/#\/schema\/person\/2b76b794dbb8257325dc72d4fdee35ec","name":"Alina Rohach","image":{"@type":"ImageObject","inLanguage":"it-IT","@id":"https:\/\/tdcenter.org\/#\/schema\/person\/image\/","url":"https:\/\/tdcenter.org\/wp-content\/litespeed\/avatar\/61eca207869235575ab8e6c478a7ca66.jpg?ver=1787747207","contentUrl":"https:\/\/tdcenter.org\/wp-content\/litespeed\/avatar\/61eca207869235575ab8e6c478a7ca66.jpg?ver=1787747207","caption":"Alina Rohach"}}]}},"mfb_rest_fields":["title","yoast_head","yoast_head_json","gutenberg_elementor_mode"],"_links":{"self":[{"href":"https:\/\/tdcenter.org\/it\/wp-json\/wp\/v2\/posts\/18797","targetHints":{"allow":["GET"]}}],"collection":[{"href":"https:\/\/tdcenter.org\/it\/wp-json\/wp\/v2\/posts"}],"about":[{"href":"https:\/\/tdcenter.org\/it\/wp-json\/wp\/v2\/types\/post"}],"author":[{"embeddable":true,"href":"https:\/\/tdcenter.org\/it\/wp-json\/wp\/v2\/users\/8"}],"replies":[{"embeddable":true,"href":"https:\/\/tdcenter.org\/it\/wp-json\/wp\/v2\/comments?post=18797"}],"version-history":[{"count":1,"href":"https:\/\/tdcenter.org\/it\/wp-json\/wp\/v2\/posts\/18797\/revisions"}],"predecessor-version":[{"id":31190,"href":"https:\/\/tdcenter.org\/it\/wp-json\/wp\/v2\/posts\/18797\/revisions\/31190"}],"wp:featuredmedia":[{"embeddable":true,"href":"https:\/\/tdcenter.org\/it\/wp-json\/wp\/v2\/media\/18799"}],"wp:attachment":[{"href":"https:\/\/tdcenter.org\/it\/wp-json\/wp\/v2\/media?parent=18797"}],"wp:term":[{"taxonomy":"category","embeddable":true,"href":"https:\/\/tdcenter.org\/it\/wp-json\/wp\/v2\/categories?post=18797"},{"taxonomy":"post_tag","embeddable":true,"href":"https:\/\/tdcenter.org\/it\/wp-json\/wp\/v2\/tags?post=18797"},{"taxonomy":"topic","embeddable":true,"href":"https:\/\/tdcenter.org\/it\/wp-json\/wp\/v2\/topic?post=18797"}],"curies":[{"name":"wp","href":"https:\/\/api.w.org\/{rel}","templated":true}]}}