{"id":12148,"date":"2023-06-09T09:06:23","date_gmt":"2023-06-09T06:06:23","guid":{"rendered":"https:\/\/tdcenter.org\/?p=12148"},"modified":"2025-08-05T16:33:12","modified_gmt":"2025-08-05T13:33:12","slug":"generation-of-change-students-meet-mykhailo-podoliak","status":"publish","type":"post","link":"https:\/\/tdcenter.org\/it\/2023\/06\/09\/generation-of-change-students-meet-mykhailo-podoliak\/","title":{"rendered":"\u201cGenerazione del cambiamento\u201d: gli studenti incontrano Mykhailo Podoliak"},"content":{"rendered":"<p class=\"wp-block-paragraph\">L\u20198 giugno, nell\u2019ambito del progetto TDC \u201cGenerazione del cambiamento\u201d, gli studenti ucraini hanno incontrato Mykhailo Podoliak, consigliere del Capo dell\u2019Ufficio del Presidente dell\u2019Ucraina. <\/p>\n\n\n<div class=\"wp-block-image\">\n<figure class=\"aligncenter size-full is-resized\"><img fetchpriority=\"high\" decoding=\"async\" src=\"https:\/\/tdcenter.org\/wp-content\/uploads\/2023\/06\/IMG_7608-2-edited-scaled.jpg\" alt=\"\" class=\"wp-image-12156\" width=\"724\" height=\"543\" srcset=\"https:\/\/tdcenter.org\/wp-content\/uploads\/2023\/06\/IMG_7608-2-edited-scaled.jpg 2560w, https:\/\/tdcenter.org\/wp-content\/uploads\/2023\/06\/IMG_7608-2-edited-600x450.jpg 600w, https:\/\/tdcenter.org\/wp-content\/uploads\/2023\/06\/IMG_7608-2-edited-1024x768.jpg 1024w, https:\/\/tdcenter.org\/wp-content\/uploads\/2023\/06\/IMG_7608-2-edited-768x576.jpg 768w, https:\/\/tdcenter.org\/wp-content\/uploads\/2023\/06\/IMG_7608-2-edited-1536x1152.jpg 1536w, https:\/\/tdcenter.org\/wp-content\/uploads\/2023\/06\/IMG_7608-2-edited-2048x1536.jpg 2048w, https:\/\/tdcenter.org\/wp-content\/uploads\/2023\/06\/IMG_7608-2-edited-16x12.jpg 16w\" sizes=\"(max-width: 724px) 100vw, 724px\" \/><\/figure>\n<\/div>\n\n\n<p class=\"wp-block-paragraph\">Nel corso della discussione sono stati sollevati numerosi temi, quali la guerra e la societ\u00e0 postbellica, gli effetti degli attuali flussi migratori, nonch\u00e9 altre sfide presenti e imminenti per la comunit\u00e0 ucraina dovute al conflitto in corso.<br>L\u2019attenzione si \u00e8 concentrata sulla politica del dopoguerra, sulla ricostruzione e sulla ripresa personale degli ucraini, nonch\u00e9 sul ruolo cruciale dei giovani nei processi di costruzione dello Stato. Mykhailo Podoliak ha sottolineato che l\u2019Ucraina dovrebbe prestare maggiore attenzione al Sud globale, in particolare promuovendo i rapporti con i paesi dell\u2019America Latina.<\/p>\n\n\n<div class=\"wp-block-image\">\n<figure class=\"aligncenter size-full is-resized\"><img decoding=\"async\" src=\"https:\/\/tdcenter.org\/wp-content\/uploads\/2023\/06\/1-1.png\" alt=\"\" class=\"wp-image-12157\" width=\"748\" height=\"599\" srcset=\"https:\/\/tdcenter.org\/wp-content\/uploads\/2023\/06\/1-1.png 2000w, https:\/\/tdcenter.org\/wp-content\/uploads\/2023\/06\/1-1-600x480.png 600w, https:\/\/tdcenter.org\/wp-content\/uploads\/2023\/06\/1-1-1024x819.png 1024w, https:\/\/tdcenter.org\/wp-content\/uploads\/2023\/06\/1-1-768x614.png 768w, https:\/\/tdcenter.org\/wp-content\/uploads\/2023\/06\/1-1-1536x1229.png 1536w, https:\/\/tdcenter.org\/wp-content\/uploads\/2023\/06\/1-1-15x12.png 15w\" sizes=\"(max-width: 748px) 100vw, 748px\" \/><\/figure>\n<\/div>\n\n\n<p class=\"wp-block-paragraph\">Inoltre, gli studenti hanno mostrato interesse per l\u2019importanza della politica informativa ucraina e delle pratiche mediatiche ucraine nel promuovere un\u2019immagine positiva dello Stato sulla scena internazionale. A seguito dell\u2019incontro, i giovani hanno acquisito una conoscenza pi\u00f9 completa del punto di vista del governo sulle questioni pi\u00f9 urgenti per l\u2019Ucraina.<\/p>\n\n\n<div class=\"wp-block-image\">\n<figure class=\"aligncenter size-full is-resized\"><img decoding=\"async\" src=\"https:\/\/tdcenter.org\/wp-content\/uploads\/2023\/06\/2-1.png\" alt=\"\" class=\"wp-image-12158\" width=\"760\" height=\"608\" srcset=\"https:\/\/tdcenter.org\/wp-content\/uploads\/2023\/06\/2-1.png 2000w, https:\/\/tdcenter.org\/wp-content\/uploads\/2023\/06\/2-1-600x480.png 600w, https:\/\/tdcenter.org\/wp-content\/uploads\/2023\/06\/2-1-1024x819.png 1024w, https:\/\/tdcenter.org\/wp-content\/uploads\/2023\/06\/2-1-768x614.png 768w, https:\/\/tdcenter.org\/wp-content\/uploads\/2023\/06\/2-1-1536x1229.png 1536w, https:\/\/tdcenter.org\/wp-content\/uploads\/2023\/06\/2-1-15x12.png 15w\" sizes=\"(max-width: 760px) 100vw, 760px\" \/><\/figure>\n<\/div>","protected":false},"excerpt":{"rendered":"<p>On 8 June, within the framework of the TDC project \u201cGeneration of Change\u201d Ukrainian students met with Mykhailo Podoliak, Advisor to the Head of the Office of the President of Ukraine. Numerous topics were raised throughout the discussion such as the war and post-war society, the effects of nowadays migration flows, as well as other [&hellip;]<\/p>\n","protected":false},"author":11,"featured_media":12156,"comment_status":"open","ping_status":"open","sticky":false,"template":"","format":"standard","meta":{"footnotes":""},"categories":[25,103],"tags":[],"topic":[],"class_list":["post-12148","post","type-post","status-publish","format-standard","has-post-thumbnail","hentry","category-events","category-eu-ukraine-partnership-program-events"],"mb":[],"yoast_head":"<!-- This site is optimized with the Yoast SEO Premium plugin v25.6 (Yoast SEO v25.6) - https:\/\/yoast.com\/wordpress\/plugins\/seo\/ -->\n<title>\u201cGeneration of Change\u201d: Students Meet Mykhailo Podoliak<\/title>\n<meta name=\"description\" content=\"Generation of Change students met Mykhailo Podoliak to discuss postwar politics, reconstruction, migration and young people\u2019s role in state-building.\" \/>\n<meta name=\"robots\" content=\"index, follow, max-snippet:-1, max-image-preview:large, max-video-preview:-1\" \/>\n<link rel=\"canonical\" href=\"https:\/\/tdcenter.org\/it\/2023\/06\/09\/generation-of-change-students-meet-mykhailo-podoliak\/\" \/>\n<meta property=\"og:locale\" content=\"it_IT\" \/>\n<meta property=\"og:type\" content=\"article\" \/>\n<meta property=\"og:title\" content=\"\u201cGeneration of Change\u201d: students meet Mykhailo Podoliak\" \/>\n<meta property=\"og:description\" content=\"Generation of Change students met Mykhailo Podoliak to discuss postwar politics, reconstruction, migration and young people\u2019s role in state-building.\" \/>\n<meta property=\"og:url\" content=\"https:\/\/tdcenter.org\/it\/2023\/06\/09\/generation-of-change-students-meet-mykhailo-podoliak\/\" \/>\n<meta property=\"og:site_name\" content=\"Transatlantic Dialogue Center\" \/>\n<meta property=\"article:publisher\" content=\"https:\/\/www.facebook.com\/Transatlantic-Dialogue-Center-105645698740463\" \/>\n<meta property=\"article:published_time\" content=\"2023-06-09T06:06:23+00:00\" \/>\n<meta property=\"article:modified_time\" content=\"2025-08-05T13:33:12+00:00\" \/>\n<meta property=\"og:image\" content=\"https:\/\/tdcenter.org\/wp-content\/uploads\/2023\/06\/IMG_7608-2-edited-scaled.jpg\" \/>\n\t<meta property=\"og:image:width\" content=\"2560\" \/>\n\t<meta property=\"og:image:height\" content=\"1920\" \/>\n\t<meta property=\"og:image:type\" content=\"image\/jpeg\" \/>\n<meta name=\"author\" content=\"Alina Horbenko\" \/>\n<meta name=\"twitter:card\" content=\"summary_large_image\" \/>\n<meta name=\"twitter:title\" content=\"\u201cGeneration of Change\u201d: Students Meet Mykhailo Podoliak\" \/>\n<meta name=\"twitter:description\" content=\"Generation of Change students met Mykhailo Podoliak to discuss postwar politics, reconstruction, migration and young people\u2019s role in state-building.\" \/>\n<meta name=\"twitter:label1\" content=\"Written by\" \/>\n\t<meta name=\"twitter:data1\" content=\"Alina Horbenko\" \/>\n\t<meta name=\"twitter:label2\" content=\"Est. reading time\" \/>\n\t<meta name=\"twitter:data2\" content=\"2 minuti\" \/>\n<script type=\"application\/ld+json\" class=\"yoast-schema-graph\">{\"@context\":\"https:\/\/schema.org\",\"@graph\":[{\"@type\":\"Article\",\"@id\":\"https:\/\/tdcenter.org\/2023\/06\/09\/generation-of-change-students-meet-mykhailo-podoliak\/#article\",\"isPartOf\":{\"@id\":\"https:\/\/tdcenter.org\/2023\/06\/09\/generation-of-change-students-meet-mykhailo-podoliak\/\"},\"author\":{\"name\":\"Alina Horbenko\",\"@id\":\"https:\/\/tdcenter.org\/#\/schema\/person\/80009f5c977ad6af93392a183d2126e9\"},\"headline\":\"\u201cGeneration of Change\u201d: students meet Mykhailo Podoliak\",\"datePublished\":\"2023-06-09T06:06:23+00:00\",\"dateModified\":\"2025-08-05T13:33:12+00:00\",\"mainEntityOfPage\":{\"@id\":\"https:\/\/tdcenter.org\/2023\/06\/09\/generation-of-change-students-meet-mykhailo-podoliak\/\"},\"wordCount\":175,\"commentCount\":0,\"publisher\":{\"@id\":\"https:\/\/tdcenter.org\/#organization\"},\"image\":{\"@id\":\"https:\/\/tdcenter.org\/2023\/06\/09\/generation-of-change-students-meet-mykhailo-podoliak\/#primaryimage\"},\"thumbnailUrl\":\"https:\/\/tdcenter.org\/wp-content\/uploads\/2023\/06\/IMG_7608-2-edited-scaled.jpg\",\"articleSection\":[\"Events\",\"Events-EU-Ukraine Partnership Program\"],\"inLanguage\":\"it-IT\",\"potentialAction\":[{\"@type\":\"CommentAction\",\"name\":\"Comment\",\"target\":[\"https:\/\/tdcenter.org\/2023\/06\/09\/generation-of-change-students-meet-mykhailo-podoliak\/#respond\"]}]},{\"@type\":\"WebPage\",\"@id\":\"https:\/\/tdcenter.org\/2023\/06\/09\/generation-of-change-students-meet-mykhailo-podoliak\/\",\"url\":\"https:\/\/tdcenter.org\/2023\/06\/09\/generation-of-change-students-meet-mykhailo-podoliak\/\",\"name\":\"\u201cGeneration of Change\u201d: Students Meet Mykhailo Podoliak\",\"isPartOf\":{\"@id\":\"https:\/\/tdcenter.org\/#website\"},\"primaryImageOfPage\":{\"@id\":\"https:\/\/tdcenter.org\/2023\/06\/09\/generation-of-change-students-meet-mykhailo-podoliak\/#primaryimage\"},\"image\":{\"@id\":\"https:\/\/tdcenter.org\/2023\/06\/09\/generation-of-change-students-meet-mykhailo-podoliak\/#primaryimage\"},\"thumbnailUrl\":\"https:\/\/tdcenter.org\/wp-content\/uploads\/2023\/06\/IMG_7608-2-edited-scaled.jpg\",\"datePublished\":\"2023-06-09T06:06:23+00:00\",\"dateModified\":\"2025-08-05T13:33:12+00:00\",\"description\":\"Generation of Change students met Mykhailo Podoliak to discuss postwar politics, reconstruction, migration and young people\u2019s role in state-building.\",\"breadcrumb\":{\"@id\":\"https:\/\/tdcenter.org\/2023\/06\/09\/generation-of-change-students-meet-mykhailo-podoliak\/#breadcrumb\"},\"inLanguage\":\"it-IT\",\"potentialAction\":[{\"@type\":\"ReadAction\",\"target\":[\"https:\/\/tdcenter.org\/2023\/06\/09\/generation-of-change-students-meet-mykhailo-podoliak\/\"]}]},{\"@type\":\"ImageObject\",\"inLanguage\":\"it-IT\",\"@id\":\"https:\/\/tdcenter.org\/2023\/06\/09\/generation-of-change-students-meet-mykhailo-podoliak\/#primaryimage\",\"url\":\"https:\/\/tdcenter.org\/wp-content\/uploads\/2023\/06\/IMG_7608-2-edited-scaled.jpg\",\"contentUrl\":\"https:\/\/tdcenter.org\/wp-content\/uploads\/2023\/06\/IMG_7608-2-edited-scaled.jpg\",\"width\":2560,\"height\":1920},{\"@type\":\"BreadcrumbList\",\"@id\":\"https:\/\/tdcenter.org\/2023\/06\/09\/generation-of-change-students-meet-mykhailo-podoliak\/#breadcrumb\",\"itemListElement\":[{\"@type\":\"ListItem\",\"position\":1,\"name\":\"Home\",\"item\":\"https:\/\/tdcenter.org\/\"},{\"@type\":\"ListItem\",\"position\":2,\"name\":\"\u201cGeneration of Change\u201d: students meet Mykhailo Podoliak\"}]},{\"@type\":\"WebSite\",\"@id\":\"https:\/\/tdcenter.org\/#website\",\"url\":\"https:\/\/tdcenter.org\/\",\"name\":\"Transatlantic Dialogue Center\",\"description\":\"Promoting International Peace and Security\",\"publisher\":{\"@id\":\"https:\/\/tdcenter.org\/#organization\"},\"potentialAction\":[{\"@type\":\"SearchAction\",\"target\":{\"@type\":\"EntryPoint\",\"urlTemplate\":\"https:\/\/tdcenter.org\/?s={search_term_string}\"},\"query-input\":{\"@type\":\"PropertyValueSpecification\",\"valueRequired\":true,\"valueName\":\"search_term_string\"}}],\"inLanguage\":\"it-IT\"},{\"@type\":\"Organization\",\"@id\":\"https:\/\/tdcenter.org\/#organization\",\"name\":\"Transatlantic Dialogue Center\",\"url\":\"https:\/\/tdcenter.org\/\",\"logo\":{\"@type\":\"ImageObject\",\"inLanguage\":\"it-IT\",\"@id\":\"https:\/\/tdcenter.org\/#\/schema\/logo\/image\/\",\"url\":\"https:\/\/tdcenter.org\/wp-content\/uploads\/2022\/04\/google.png\",\"contentUrl\":\"https:\/\/tdcenter.org\/wp-content\/uploads\/2022\/04\/google.png\",\"width\":2568,\"height\":2487,\"caption\":\"Transatlantic Dialogue Center\"},\"image\":{\"@id\":\"https:\/\/tdcenter.org\/#\/schema\/logo\/image\/\"},\"sameAs\":[\"https:\/\/www.facebook.com\/Transatlantic-Dialogue-Center-105645698740463\",\"https:\/\/www.youtube.com\/channel\/UCpJuhU4JBfpv_jsldNOc5LA\"]},{\"@type\":\"Person\",\"@id\":\"https:\/\/tdcenter.org\/#\/schema\/person\/80009f5c977ad6af93392a183d2126e9\",\"name\":\"Alina Horbenko\",\"image\":{\"@type\":\"ImageObject\",\"inLanguage\":\"it-IT\",\"@id\":\"https:\/\/tdcenter.org\/#\/schema\/person\/image\/\",\"url\":\"https:\/\/tdcenter.org\/wp-content\/litespeed\/avatar\/b1207ed6d06601cfb4421df51a2c7db7.jpg?ver=1788350682\",\"contentUrl\":\"https:\/\/tdcenter.org\/wp-content\/litespeed\/avatar\/b1207ed6d06601cfb4421df51a2c7db7.jpg?ver=1788350682\",\"caption\":\"Alina Horbenko\"}}]}<\/script>\n<!-- \/ Yoast SEO Premium plugin. -->","yoast_head_json":{"title":"\u201cGeneration of Change\u201d: Students Meet Mykhailo Podoliak","description":"Generation of Change students met Mykhailo Podoliak to discuss postwar politics, reconstruction, migration and young people\u2019s role in state-building.","robots":{"index":"index","follow":"follow","max-snippet":"max-snippet:-1","max-image-preview":"max-image-preview:large","max-video-preview":"max-video-preview:-1"},"canonical":"https:\/\/tdcenter.org\/it\/2023\/06\/09\/generation-of-change-students-meet-mykhailo-podoliak\/","og_locale":"it_IT","og_type":"article","og_title":"\u201cGeneration of Change\u201d: students meet Mykhailo Podoliak","og_description":"Generation of Change students met Mykhailo Podoliak to discuss postwar politics, reconstruction, migration and young people\u2019s role in state-building.","og_url":"https:\/\/tdcenter.org\/it\/2023\/06\/09\/generation-of-change-students-meet-mykhailo-podoliak\/","og_site_name":"Transatlantic Dialogue Center","article_publisher":"https:\/\/www.facebook.com\/Transatlantic-Dialogue-Center-105645698740463","article_published_time":"2023-06-09T06:06:23+00:00","article_modified_time":"2025-08-05T13:33:12+00:00","og_image":[{"width":2560,"height":1920,"url":"https:\/\/tdcenter.org\/wp-content\/uploads\/2023\/06\/IMG_7608-2-edited-scaled.jpg","type":"image\/jpeg"}],"author":"Alina Horbenko","twitter_card":"summary_large_image","twitter_title":"\u201cGeneration of Change\u201d: Students Meet Mykhailo Podoliak","twitter_description":"Generation of Change students met Mykhailo Podoliak to discuss postwar politics, reconstruction, migration and young people\u2019s role in state-building.","twitter_misc":{"Written by":"Alina Horbenko","Est. reading time":"2 minuti"},"schema":{"@context":"https:\/\/schema.org","@graph":[{"@type":"Article","@id":"https:\/\/tdcenter.org\/2023\/06\/09\/generation-of-change-students-meet-mykhailo-podoliak\/#article","isPartOf":{"@id":"https:\/\/tdcenter.org\/2023\/06\/09\/generation-of-change-students-meet-mykhailo-podoliak\/"},"author":{"name":"Alina Horbenko","@id":"https:\/\/tdcenter.org\/#\/schema\/person\/80009f5c977ad6af93392a183d2126e9"},"headline":"\u201cGeneration of Change\u201d: students meet Mykhailo Podoliak","datePublished":"2023-06-09T06:06:23+00:00","dateModified":"2025-08-05T13:33:12+00:00","mainEntityOfPage":{"@id":"https:\/\/tdcenter.org\/2023\/06\/09\/generation-of-change-students-meet-mykhailo-podoliak\/"},"wordCount":175,"commentCount":0,"publisher":{"@id":"https:\/\/tdcenter.org\/#organization"},"image":{"@id":"https:\/\/tdcenter.org\/2023\/06\/09\/generation-of-change-students-meet-mykhailo-podoliak\/#primaryimage"},"thumbnailUrl":"https:\/\/tdcenter.org\/wp-content\/uploads\/2023\/06\/IMG_7608-2-edited-scaled.jpg","articleSection":["Events","Events-EU-Ukraine Partnership Program"],"inLanguage":"it-IT","potentialAction":[{"@type":"CommentAction","name":"Comment","target":["https:\/\/tdcenter.org\/2023\/06\/09\/generation-of-change-students-meet-mykhailo-podoliak\/#respond"]}]},{"@type":"WebPage","@id":"https:\/\/tdcenter.org\/2023\/06\/09\/generation-of-change-students-meet-mykhailo-podoliak\/","url":"https:\/\/tdcenter.org\/2023\/06\/09\/generation-of-change-students-meet-mykhailo-podoliak\/","name":"\u201cGeneration of Change\u201d: Students Meet Mykhailo Podoliak","isPartOf":{"@id":"https:\/\/tdcenter.org\/#website"},"primaryImageOfPage":{"@id":"https:\/\/tdcenter.org\/2023\/06\/09\/generation-of-change-students-meet-mykhailo-podoliak\/#primaryimage"},"image":{"@id":"https:\/\/tdcenter.org\/2023\/06\/09\/generation-of-change-students-meet-mykhailo-podoliak\/#primaryimage"},"thumbnailUrl":"https:\/\/tdcenter.org\/wp-content\/uploads\/2023\/06\/IMG_7608-2-edited-scaled.jpg","datePublished":"2023-06-09T06:06:23+00:00","dateModified":"2025-08-05T13:33:12+00:00","description":"Generation of Change students met Mykhailo Podoliak to discuss postwar politics, reconstruction, migration and young people\u2019s role in state-building.","breadcrumb":{"@id":"https:\/\/tdcenter.org\/2023\/06\/09\/generation-of-change-students-meet-mykhailo-podoliak\/#breadcrumb"},"inLanguage":"it-IT","potentialAction":[{"@type":"ReadAction","target":["https:\/\/tdcenter.org\/2023\/06\/09\/generation-of-change-students-meet-mykhailo-podoliak\/"]}]},{"@type":"ImageObject","inLanguage":"it-IT","@id":"https:\/\/tdcenter.org\/2023\/06\/09\/generation-of-change-students-meet-mykhailo-podoliak\/#primaryimage","url":"https:\/\/tdcenter.org\/wp-content\/uploads\/2023\/06\/IMG_7608-2-edited-scaled.jpg","contentUrl":"https:\/\/tdcenter.org\/wp-content\/uploads\/2023\/06\/IMG_7608-2-edited-scaled.jpg","width":2560,"height":1920},{"@type":"BreadcrumbList","@id":"https:\/\/tdcenter.org\/2023\/06\/09\/generation-of-change-students-meet-mykhailo-podoliak\/#breadcrumb","itemListElement":[{"@type":"ListItem","position":1,"name":"Home","item":"https:\/\/tdcenter.org\/"},{"@type":"ListItem","position":2,"name":"\u201cGeneration of Change\u201d: students meet Mykhailo Podoliak"}]},{"@type":"WebSite","@id":"https:\/\/tdcenter.org\/#website","url":"https:\/\/tdcenter.org\/","name":"Centro per il Dialogo Transatlantico","description":"Promoting International Peace and Security","publisher":{"@id":"https:\/\/tdcenter.org\/#organization"},"potentialAction":[{"@type":"SearchAction","target":{"@type":"EntryPoint","urlTemplate":"https:\/\/tdcenter.org\/?s={search_term_string}"},"query-input":{"@type":"PropertyValueSpecification","valueRequired":true,"valueName":"search_term_string"}}],"inLanguage":"it-IT"},{"@type":"Organization","@id":"https:\/\/tdcenter.org\/#organization","name":"Centro per il Dialogo Transatlantico","url":"https:\/\/tdcenter.org\/","logo":{"@type":"ImageObject","inLanguage":"it-IT","@id":"https:\/\/tdcenter.org\/#\/schema\/logo\/image\/","url":"https:\/\/tdcenter.org\/wp-content\/uploads\/2022\/04\/google.png","contentUrl":"https:\/\/tdcenter.org\/wp-content\/uploads\/2022\/04\/google.png","width":2568,"height":2487,"caption":"Transatlantic Dialogue Center"},"image":{"@id":"https:\/\/tdcenter.org\/#\/schema\/logo\/image\/"},"sameAs":["https:\/\/www.facebook.com\/Transatlantic-Dialogue-Center-105645698740463","https:\/\/www.youtube.com\/channel\/UCpJuhU4JBfpv_jsldNOc5LA"]},{"@type":"Person","@id":"https:\/\/tdcenter.org\/#\/schema\/person\/80009f5c977ad6af93392a183d2126e9","name":"Alina Horbenko","image":{"@type":"ImageObject","inLanguage":"it-IT","@id":"https:\/\/tdcenter.org\/#\/schema\/person\/image\/","url":"https:\/\/tdcenter.org\/wp-content\/litespeed\/avatar\/b1207ed6d06601cfb4421df51a2c7db7.jpg?ver=1788350682","contentUrl":"https:\/\/tdcenter.org\/wp-content\/litespeed\/avatar\/b1207ed6d06601cfb4421df51a2c7db7.jpg?ver=1788350682","caption":"Alina Horbenko"}}]}},"mfb_rest_fields":["title","yoast_head","yoast_head_json","gutenberg_elementor_mode"],"_links":{"self":[{"href":"https:\/\/tdcenter.org\/it\/wp-json\/wp\/v2\/posts\/12148","targetHints":{"allow":["GET"]}}],"collection":[{"href":"https:\/\/tdcenter.org\/it\/wp-json\/wp\/v2\/posts"}],"about":[{"href":"https:\/\/tdcenter.org\/it\/wp-json\/wp\/v2\/types\/post"}],"author":[{"embeddable":true,"href":"https:\/\/tdcenter.org\/it\/wp-json\/wp\/v2\/users\/11"}],"replies":[{"embeddable":true,"href":"https:\/\/tdcenter.org\/it\/wp-json\/wp\/v2\/comments?post=12148"}],"version-history":[{"count":1,"href":"https:\/\/tdcenter.org\/it\/wp-json\/wp\/v2\/posts\/12148\/revisions"}],"predecessor-version":[{"id":31075,"href":"https:\/\/tdcenter.org\/it\/wp-json\/wp\/v2\/posts\/12148\/revisions\/31075"}],"wp:featuredmedia":[{"embeddable":true,"href":"https:\/\/tdcenter.org\/it\/wp-json\/wp\/v2\/media\/12156"}],"wp:attachment":[{"href":"https:\/\/tdcenter.org\/it\/wp-json\/wp\/v2\/media?parent=12148"}],"wp:term":[{"taxonomy":"category","embeddable":true,"href":"https:\/\/tdcenter.org\/it\/wp-json\/wp\/v2\/categories?post=12148"},{"taxonomy":"post_tag","embeddable":true,"href":"https:\/\/tdcenter.org\/it\/wp-json\/wp\/v2\/tags?post=12148"},{"taxonomy":"topic","embeddable":true,"href":"https:\/\/tdcenter.org\/it\/wp-json\/wp\/v2\/topic?post=12148"}],"curies":[{"name":"wp","href":"https:\/\/api.w.org\/{rel}","templated":true}]}}