{"id":6040,"date":"2022-08-09T17:53:14","date_gmt":"2022-08-09T14:53:14","guid":{"rendered":"https:\/\/tdcenter.org\/?p=6040"},"modified":"2025-08-05T16:54:58","modified_gmt":"2025-08-05T13:54:58","slug":"tdc-meets-marcus-faber-on-his-trip-around-ukraine","status":"publish","type":"post","link":"https:\/\/tdcenter.org\/fr\/2022\/08\/09\/tdc-meets-marcus-faber-on-his-trip-around-ukraine\/","title":{"rendered":"TDC rencontre Marcus Faber lors de son voyage \u00e0 travers l\u2019Ukraine"},"content":{"rendered":"<p class=\"wp-block-paragraph\"><\/p>\n\n\n<div class=\"wp-block-image\">\n<figure class=\"aligncenter size-large\"><img decoding=\"async\" src=\"https:\/\/tdcenter.org\/wp-content\/uploads\/2022\/08\/Marcus-Faber-meeting-1024x768.jpeg\" alt=\"\" class=\"wp-image-6043\"\/><figcaption><em>Maksym Skrypchenko, Inna Sovsun, Marcus Faber et Iuliia Osmolovska au si\u00e8ge de TDC<\/em><\/figcaption><\/figure>\n<\/div>\n\n\n<p class=\"wp-block-paragraph\">L\u2019\u00e9quipe du Transatlantic Dialogue Center a eu l\u2019honneur de rencontrer Marcus Faber, membre du Bundestag et personnalit\u00e9 politique allemande de premier plan, lors de son vaste voyage \u00e0 travers l\u2019Ukraine.<\/p>\n\n\n\n<p class=\"wp-block-paragraph\">Nous avons eu un \u00e9change approfondi sur l\u2019aide financi\u00e8re et militaire allemande \u00e0 l\u2019Ukraine, ainsi que sur l\u2019efficacit\u00e9 des armes occidentales fournies, les invit\u00e9s comme les h\u00f4tes apportant un \u00e9clairage pr\u00e9cieux sur la coop\u00e9ration bilat\u00e9rale dans le contexte de la guerre en Ukraine. <\/p>\n\n\n\n<p class=\"wp-block-paragraph\">L\u2019engagement ind\u00e9fectible des responsables et de l\u2019opinion publique allemands en faveur des Ukrainiens dans les heures les plus sombres de leur histoire moderne est remarquable. <\/p>\n\n\n\n<p class=\"wp-block-paragraph\">De notre c\u00f4t\u00e9, nous prenons le m\u00eame engagement de diffuser des informations objectives sur la situation actuelle de la guerre non provoqu\u00e9e men\u00e9e par la F\u00e9d\u00e9ration de Russie contre l\u2019Ukraine.<\/p>\n\n\n\n<figure class=\"wp-block-image size-full\"><img fetchpriority=\"high\" decoding=\"async\" width=\"885\" height=\"652\" src=\"https:\/\/tdcenter.org\/wp-content\/uploads\/2022\/08\/image-27.png\" alt=\"\" class=\"wp-image-6049\" srcset=\"https:\/\/tdcenter.org\/wp-content\/uploads\/2022\/08\/image-27.png 885w, https:\/\/tdcenter.org\/wp-content\/uploads\/2022\/08\/image-27-600x442.png 600w, https:\/\/tdcenter.org\/wp-content\/uploads\/2022\/08\/image-27-768x566.png 768w, https:\/\/tdcenter.org\/wp-content\/uploads\/2022\/08\/image-27-16x12.png 16w\" sizes=\"(max-width: 885px) 100vw, 885px\" \/><figcaption><em>Marcus Faber lors de ses visites \u00e0 Kyiv, Kharkiv et Kramatorsk<\/em><\/figcaption><\/figure>\n\n\n\n<p class=\"wp-block-paragraph\"><\/p>","protected":false},"excerpt":{"rendered":"<p>Transatlantic Dialogue Center team was honored to meet with Marcus Faber, Bundestag member and bright German politician, during his extensive trip around Ukraine. We had an impressive discussion about German financial and military assistance to Ukraine as well as the efficiency of Western weapons provided by both guests and hosts with valuable insight into the [&hellip;]<\/p>\n","protected":false},"author":5,"featured_media":6043,"comment_status":"open","ping_status":"open","sticky":false,"template":"","format":"standard","meta":{"footnotes":""},"categories":[25,105],"tags":[],"topic":[],"class_list":["post-6040","post","type-post","status-publish","format-standard","has-post-thumbnail","hentry","category-events","category-german-ukrainian-partnership-program-events"],"mb":[],"yoast_head":"<!-- This site is optimized with the Yoast SEO Premium plugin v25.6 (Yoast SEO v25.6) - https:\/\/yoast.com\/wordpress\/plugins\/seo\/ -->\n<title>TDC Met Bundestag Member Marcus Faber in Ukraine<\/title>\n<meta name=\"description\" content=\"TDC met Bundestag member Marcus Faber during his visit to Ukraine, where he examined the country\u2019s security and humanitarian situation.\" \/>\n<meta name=\"robots\" content=\"index, follow, max-snippet:-1, max-image-preview:large, max-video-preview:-1\" \/>\n<link rel=\"canonical\" href=\"https:\/\/tdcenter.org\/fr\/2022\/08\/09\/tdc-meets-marcus-faber-on-his-trip-around-ukraine\/\" \/>\n<meta property=\"og:locale\" content=\"fr_FR\" \/>\n<meta property=\"og:type\" content=\"article\" \/>\n<meta property=\"og:title\" content=\"TDC meets Marcus Faber on his trip around Ukraine\" \/>\n<meta property=\"og:description\" content=\"TDC met Bundestag member Marcus Faber during his visit to Ukraine, where he examined the country\u2019s security and humanitarian situation.\" \/>\n<meta property=\"og:url\" content=\"https:\/\/tdcenter.org\/fr\/2022\/08\/09\/tdc-meets-marcus-faber-on-his-trip-around-ukraine\/\" \/>\n<meta property=\"og:site_name\" content=\"Transatlantic Dialogue Center\" \/>\n<meta property=\"article:publisher\" content=\"https:\/\/www.facebook.com\/Transatlantic-Dialogue-Center-105645698740463\" \/>\n<meta property=\"article:published_time\" content=\"2022-08-09T14:53:14+00:00\" \/>\n<meta property=\"article:modified_time\" content=\"2025-08-05T13:54:58+00:00\" \/>\n<meta property=\"og:image\" content=\"https:\/\/tdcenter.org\/wp-content\/uploads\/2022\/08\/Marcus-Faber-meeting-scaled.jpeg\" \/>\n\t<meta property=\"og:image:width\" content=\"1200\" \/>\n\t<meta property=\"og:image:height\" content=\"900\" \/>\n\t<meta property=\"og:image:type\" content=\"image\/jpeg\" \/>\n<meta name=\"author\" content=\"Daryna Sydorenko\" \/>\n<meta name=\"twitter:card\" content=\"summary_large_image\" \/>\n<meta name=\"twitter:title\" content=\"TDC Met Bundestag Member Marcus Faber in Ukraine\" \/>\n<meta name=\"twitter:description\" content=\"TDC met Bundestag member Marcus Faber during his visit to Ukraine, where he examined the country\u2019s security and humanitarian situation.\" \/>\n<meta name=\"twitter:label1\" content=\"Written by\" \/>\n\t<meta name=\"twitter:data1\" content=\"Daryna Sydorenko\" \/>\n\t<meta name=\"twitter:label2\" content=\"Est. reading time\" \/>\n\t<meta name=\"twitter:data2\" content=\"1 minute\" \/>\n<script type=\"application\/ld+json\" class=\"yoast-schema-graph\">{\"@context\":\"https:\/\/schema.org\",\"@graph\":[{\"@type\":\"Article\",\"@id\":\"https:\/\/tdcenter.org\/2022\/08\/09\/tdc-meets-marcus-faber-on-his-trip-around-ukraine\/#article\",\"isPartOf\":{\"@id\":\"https:\/\/tdcenter.org\/2022\/08\/09\/tdc-meets-marcus-faber-on-his-trip-around-ukraine\/\"},\"author\":{\"name\":\"Daryna Sydorenko\",\"@id\":\"https:\/\/tdcenter.org\/#\/schema\/person\/98e2f5bb6c890bd0e4fb5c6144121453\"},\"headline\":\"TDC meets Marcus Faber on his trip around Ukraine\",\"datePublished\":\"2022-08-09T14:53:14+00:00\",\"dateModified\":\"2025-08-05T13:54:58+00:00\",\"mainEntityOfPage\":{\"@id\":\"https:\/\/tdcenter.org\/2022\/08\/09\/tdc-meets-marcus-faber-on-his-trip-around-ukraine\/\"},\"wordCount\":142,\"commentCount\":0,\"publisher\":{\"@id\":\"https:\/\/tdcenter.org\/#organization\"},\"image\":{\"@id\":\"https:\/\/tdcenter.org\/2022\/08\/09\/tdc-meets-marcus-faber-on-his-trip-around-ukraine\/#primaryimage\"},\"thumbnailUrl\":\"https:\/\/tdcenter.org\/wp-content\/uploads\/2022\/08\/Marcus-Faber-meeting-scaled.jpeg\",\"articleSection\":[\"Events\",\"Events-German-Ukrainian Partnership Program\"],\"inLanguage\":\"fr-FR\",\"potentialAction\":[{\"@type\":\"CommentAction\",\"name\":\"Comment\",\"target\":[\"https:\/\/tdcenter.org\/2022\/08\/09\/tdc-meets-marcus-faber-on-his-trip-around-ukraine\/#respond\"]}]},{\"@type\":\"WebPage\",\"@id\":\"https:\/\/tdcenter.org\/2022\/08\/09\/tdc-meets-marcus-faber-on-his-trip-around-ukraine\/\",\"url\":\"https:\/\/tdcenter.org\/2022\/08\/09\/tdc-meets-marcus-faber-on-his-trip-around-ukraine\/\",\"name\":\"TDC Met Bundestag Member Marcus Faber in Ukraine\",\"isPartOf\":{\"@id\":\"https:\/\/tdcenter.org\/#website\"},\"primaryImageOfPage\":{\"@id\":\"https:\/\/tdcenter.org\/2022\/08\/09\/tdc-meets-marcus-faber-on-his-trip-around-ukraine\/#primaryimage\"},\"image\":{\"@id\":\"https:\/\/tdcenter.org\/2022\/08\/09\/tdc-meets-marcus-faber-on-his-trip-around-ukraine\/#primaryimage\"},\"thumbnailUrl\":\"https:\/\/tdcenter.org\/wp-content\/uploads\/2022\/08\/Marcus-Faber-meeting-scaled.jpeg\",\"datePublished\":\"2022-08-09T14:53:14+00:00\",\"dateModified\":\"2025-08-05T13:54:58+00:00\",\"description\":\"TDC met Bundestag member Marcus Faber during his visit to Ukraine, where he examined the country\u2019s security and humanitarian situation.\",\"breadcrumb\":{\"@id\":\"https:\/\/tdcenter.org\/2022\/08\/09\/tdc-meets-marcus-faber-on-his-trip-around-ukraine\/#breadcrumb\"},\"inLanguage\":\"fr-FR\",\"potentialAction\":[{\"@type\":\"ReadAction\",\"target\":[\"https:\/\/tdcenter.org\/2022\/08\/09\/tdc-meets-marcus-faber-on-his-trip-around-ukraine\/\"]}]},{\"@type\":\"ImageObject\",\"inLanguage\":\"fr-FR\",\"@id\":\"https:\/\/tdcenter.org\/2022\/08\/09\/tdc-meets-marcus-faber-on-his-trip-around-ukraine\/#primaryimage\",\"url\":\"https:\/\/tdcenter.org\/wp-content\/uploads\/2022\/08\/Marcus-Faber-meeting-scaled.jpeg\",\"contentUrl\":\"https:\/\/tdcenter.org\/wp-content\/uploads\/2022\/08\/Marcus-Faber-meeting-scaled.jpeg\",\"width\":1200,\"height\":900},{\"@type\":\"BreadcrumbList\",\"@id\":\"https:\/\/tdcenter.org\/2022\/08\/09\/tdc-meets-marcus-faber-on-his-trip-around-ukraine\/#breadcrumb\",\"itemListElement\":[{\"@type\":\"ListItem\",\"position\":1,\"name\":\"Home\",\"item\":\"https:\/\/tdcenter.org\/\"},{\"@type\":\"ListItem\",\"position\":2,\"name\":\"TDC meets Marcus Faber on his trip around Ukraine\"}]},{\"@type\":\"WebSite\",\"@id\":\"https:\/\/tdcenter.org\/#website\",\"url\":\"https:\/\/tdcenter.org\/\",\"name\":\"Transatlantic Dialogue Center\",\"description\":\"Promoting International Peace and Security\",\"publisher\":{\"@id\":\"https:\/\/tdcenter.org\/#organization\"},\"potentialAction\":[{\"@type\":\"SearchAction\",\"target\":{\"@type\":\"EntryPoint\",\"urlTemplate\":\"https:\/\/tdcenter.org\/?s={search_term_string}\"},\"query-input\":{\"@type\":\"PropertyValueSpecification\",\"valueRequired\":true,\"valueName\":\"search_term_string\"}}],\"inLanguage\":\"fr-FR\"},{\"@type\":\"Organization\",\"@id\":\"https:\/\/tdcenter.org\/#organization\",\"name\":\"Transatlantic Dialogue Center\",\"url\":\"https:\/\/tdcenter.org\/\",\"logo\":{\"@type\":\"ImageObject\",\"inLanguage\":\"fr-FR\",\"@id\":\"https:\/\/tdcenter.org\/#\/schema\/logo\/image\/\",\"url\":\"https:\/\/tdcenter.org\/wp-content\/uploads\/2022\/04\/google.png\",\"contentUrl\":\"https:\/\/tdcenter.org\/wp-content\/uploads\/2022\/04\/google.png\",\"width\":2568,\"height\":2487,\"caption\":\"Transatlantic Dialogue Center\"},\"image\":{\"@id\":\"https:\/\/tdcenter.org\/#\/schema\/logo\/image\/\"},\"sameAs\":[\"https:\/\/www.facebook.com\/Transatlantic-Dialogue-Center-105645698740463\",\"https:\/\/www.youtube.com\/channel\/UCpJuhU4JBfpv_jsldNOc5LA\"]},{\"@type\":\"Person\",\"@id\":\"https:\/\/tdcenter.org\/#\/schema\/person\/98e2f5bb6c890bd0e4fb5c6144121453\",\"name\":\"Daryna Sydorenko\",\"image\":{\"@type\":\"ImageObject\",\"inLanguage\":\"fr-FR\",\"@id\":\"https:\/\/tdcenter.org\/#\/schema\/person\/image\/\",\"url\":\"https:\/\/tdcenter.org\/wp-content\/litespeed\/avatar\/40d038af669f9cfc00b3b9871d53682e.jpg?ver=1788347382\",\"contentUrl\":\"https:\/\/tdcenter.org\/wp-content\/litespeed\/avatar\/40d038af669f9cfc00b3b9871d53682e.jpg?ver=1788347382\",\"caption\":\"Daryna Sydorenko\"}}]}<\/script>\n<!-- \/ Yoast SEO Premium plugin. -->","yoast_head_json":{"title":"TDC Met Bundestag Member Marcus Faber in Ukraine","description":"TDC met Bundestag member Marcus Faber during his visit to Ukraine, where he examined the country\u2019s security and humanitarian situation.","robots":{"index":"index","follow":"follow","max-snippet":"max-snippet:-1","max-image-preview":"max-image-preview:large","max-video-preview":"max-video-preview:-1"},"canonical":"https:\/\/tdcenter.org\/fr\/2022\/08\/09\/tdc-meets-marcus-faber-on-his-trip-around-ukraine\/","og_locale":"fr_FR","og_type":"article","og_title":"TDC meets Marcus Faber on his trip around Ukraine","og_description":"TDC met Bundestag member Marcus Faber during his visit to Ukraine, where he examined the country\u2019s security and humanitarian situation.","og_url":"https:\/\/tdcenter.org\/fr\/2022\/08\/09\/tdc-meets-marcus-faber-on-his-trip-around-ukraine\/","og_site_name":"Transatlantic Dialogue Center","article_publisher":"https:\/\/www.facebook.com\/Transatlantic-Dialogue-Center-105645698740463","article_published_time":"2022-08-09T14:53:14+00:00","article_modified_time":"2025-08-05T13:54:58+00:00","og_image":[{"width":1200,"height":900,"url":"https:\/\/tdcenter.org\/wp-content\/uploads\/2022\/08\/Marcus-Faber-meeting-scaled.jpeg","type":"image\/jpeg"}],"author":"Daryna Sydorenko","twitter_card":"summary_large_image","twitter_title":"TDC Met Bundestag Member Marcus Faber in Ukraine","twitter_description":"TDC met Bundestag member Marcus Faber during his visit to Ukraine, where he examined the country\u2019s security and humanitarian situation.","twitter_misc":{"Written by":"Daryna Sydorenko","Est. reading time":"1 minute"},"schema":{"@context":"https:\/\/schema.org","@graph":[{"@type":"Article","@id":"https:\/\/tdcenter.org\/2022\/08\/09\/tdc-meets-marcus-faber-on-his-trip-around-ukraine\/#article","isPartOf":{"@id":"https:\/\/tdcenter.org\/2022\/08\/09\/tdc-meets-marcus-faber-on-his-trip-around-ukraine\/"},"author":{"name":"Daryna Sydorenko","@id":"https:\/\/tdcenter.org\/#\/schema\/person\/98e2f5bb6c890bd0e4fb5c6144121453"},"headline":"TDC meets Marcus Faber on his trip around Ukraine","datePublished":"2022-08-09T14:53:14+00:00","dateModified":"2025-08-05T13:54:58+00:00","mainEntityOfPage":{"@id":"https:\/\/tdcenter.org\/2022\/08\/09\/tdc-meets-marcus-faber-on-his-trip-around-ukraine\/"},"wordCount":142,"commentCount":0,"publisher":{"@id":"https:\/\/tdcenter.org\/#organization"},"image":{"@id":"https:\/\/tdcenter.org\/2022\/08\/09\/tdc-meets-marcus-faber-on-his-trip-around-ukraine\/#primaryimage"},"thumbnailUrl":"https:\/\/tdcenter.org\/wp-content\/uploads\/2022\/08\/Marcus-Faber-meeting-scaled.jpeg","articleSection":["Events","Events-German-Ukrainian Partnership Program"],"inLanguage":"fr-FR","potentialAction":[{"@type":"CommentAction","name":"Comment","target":["https:\/\/tdcenter.org\/2022\/08\/09\/tdc-meets-marcus-faber-on-his-trip-around-ukraine\/#respond"]}]},{"@type":"WebPage","@id":"https:\/\/tdcenter.org\/2022\/08\/09\/tdc-meets-marcus-faber-on-his-trip-around-ukraine\/","url":"https:\/\/tdcenter.org\/2022\/08\/09\/tdc-meets-marcus-faber-on-his-trip-around-ukraine\/","name":"TDC Met Bundestag Member Marcus Faber in Ukraine","isPartOf":{"@id":"https:\/\/tdcenter.org\/#website"},"primaryImageOfPage":{"@id":"https:\/\/tdcenter.org\/2022\/08\/09\/tdc-meets-marcus-faber-on-his-trip-around-ukraine\/#primaryimage"},"image":{"@id":"https:\/\/tdcenter.org\/2022\/08\/09\/tdc-meets-marcus-faber-on-his-trip-around-ukraine\/#primaryimage"},"thumbnailUrl":"https:\/\/tdcenter.org\/wp-content\/uploads\/2022\/08\/Marcus-Faber-meeting-scaled.jpeg","datePublished":"2022-08-09T14:53:14+00:00","dateModified":"2025-08-05T13:54:58+00:00","description":"TDC met Bundestag member Marcus Faber during his visit to Ukraine, where he examined the country\u2019s security and humanitarian situation.","breadcrumb":{"@id":"https:\/\/tdcenter.org\/2022\/08\/09\/tdc-meets-marcus-faber-on-his-trip-around-ukraine\/#breadcrumb"},"inLanguage":"fr-FR","potentialAction":[{"@type":"ReadAction","target":["https:\/\/tdcenter.org\/2022\/08\/09\/tdc-meets-marcus-faber-on-his-trip-around-ukraine\/"]}]},{"@type":"ImageObject","inLanguage":"fr-FR","@id":"https:\/\/tdcenter.org\/2022\/08\/09\/tdc-meets-marcus-faber-on-his-trip-around-ukraine\/#primaryimage","url":"https:\/\/tdcenter.org\/wp-content\/uploads\/2022\/08\/Marcus-Faber-meeting-scaled.jpeg","contentUrl":"https:\/\/tdcenter.org\/wp-content\/uploads\/2022\/08\/Marcus-Faber-meeting-scaled.jpeg","width":1200,"height":900},{"@type":"BreadcrumbList","@id":"https:\/\/tdcenter.org\/2022\/08\/09\/tdc-meets-marcus-faber-on-his-trip-around-ukraine\/#breadcrumb","itemListElement":[{"@type":"ListItem","position":1,"name":"Home","item":"https:\/\/tdcenter.org\/"},{"@type":"ListItem","position":2,"name":"TDC meets Marcus Faber on his trip around Ukraine"}]},{"@type":"WebSite","@id":"https:\/\/tdcenter.org\/#website","url":"https:\/\/tdcenter.org\/","name":"Transatlantic Dialogue Center","description":"Promoting International Peace and Security","publisher":{"@id":"https:\/\/tdcenter.org\/#organization"},"potentialAction":[{"@type":"SearchAction","target":{"@type":"EntryPoint","urlTemplate":"https:\/\/tdcenter.org\/?s={search_term_string}"},"query-input":{"@type":"PropertyValueSpecification","valueRequired":true,"valueName":"search_term_string"}}],"inLanguage":"fr-FR"},{"@type":"Organization","@id":"https:\/\/tdcenter.org\/#organization","name":"Transatlantic Dialogue Center","url":"https:\/\/tdcenter.org\/","logo":{"@type":"ImageObject","inLanguage":"fr-FR","@id":"https:\/\/tdcenter.org\/#\/schema\/logo\/image\/","url":"https:\/\/tdcenter.org\/wp-content\/uploads\/2022\/04\/google.png","contentUrl":"https:\/\/tdcenter.org\/wp-content\/uploads\/2022\/04\/google.png","width":2568,"height":2487,"caption":"Transatlantic Dialogue Center"},"image":{"@id":"https:\/\/tdcenter.org\/#\/schema\/logo\/image\/"},"sameAs":["https:\/\/www.facebook.com\/Transatlantic-Dialogue-Center-105645698740463","https:\/\/www.youtube.com\/channel\/UCpJuhU4JBfpv_jsldNOc5LA"]},{"@type":"Person","@id":"https:\/\/tdcenter.org\/#\/schema\/person\/98e2f5bb6c890bd0e4fb5c6144121453","name":"Daryna Sydorenko","image":{"@type":"ImageObject","inLanguage":"fr-FR","@id":"https:\/\/tdcenter.org\/#\/schema\/person\/image\/","url":"https:\/\/tdcenter.org\/wp-content\/litespeed\/avatar\/40d038af669f9cfc00b3b9871d53682e.jpg?ver=1788347382","contentUrl":"https:\/\/tdcenter.org\/wp-content\/litespeed\/avatar\/40d038af669f9cfc00b3b9871d53682e.jpg?ver=1788347382","caption":"Daryna Sydorenko"}}]}},"mfb_rest_fields":["title","yoast_head","yoast_head_json","gutenberg_elementor_mode"],"_links":{"self":[{"href":"https:\/\/tdcenter.org\/fr\/wp-json\/wp\/v2\/posts\/6040","targetHints":{"allow":["GET"]}}],"collection":[{"href":"https:\/\/tdcenter.org\/fr\/wp-json\/wp\/v2\/posts"}],"about":[{"href":"https:\/\/tdcenter.org\/fr\/wp-json\/wp\/v2\/types\/post"}],"author":[{"embeddable":true,"href":"https:\/\/tdcenter.org\/fr\/wp-json\/wp\/v2\/users\/5"}],"replies":[{"embeddable":true,"href":"https:\/\/tdcenter.org\/fr\/wp-json\/wp\/v2\/comments?post=6040"}],"version-history":[{"count":1,"href":"https:\/\/tdcenter.org\/fr\/wp-json\/wp\/v2\/posts\/6040\/revisions"}],"predecessor-version":[{"id":31119,"href":"https:\/\/tdcenter.org\/fr\/wp-json\/wp\/v2\/posts\/6040\/revisions\/31119"}],"wp:featuredmedia":[{"embeddable":true,"href":"https:\/\/tdcenter.org\/fr\/wp-json\/wp\/v2\/media\/6043"}],"wp:attachment":[{"href":"https:\/\/tdcenter.org\/fr\/wp-json\/wp\/v2\/media?parent=6040"}],"wp:term":[{"taxonomy":"category","embeddable":true,"href":"https:\/\/tdcenter.org\/fr\/wp-json\/wp\/v2\/categories?post=6040"},{"taxonomy":"post_tag","embeddable":true,"href":"https:\/\/tdcenter.org\/fr\/wp-json\/wp\/v2\/tags?post=6040"},{"taxonomy":"topic","embeddable":true,"href":"https:\/\/tdcenter.org\/fr\/wp-json\/wp\/v2\/topic?post=6040"}],"curies":[{"name":"wp","href":"https:\/\/api.w.org\/{rel}","templated":true}]}}