{"id":38404,"date":"2026-04-30T11:00:00","date_gmt":"2026-04-30T08:00:00","guid":{"rendered":"https:\/\/tdcenter.org\/?p=38404"},"modified":"2026-09-03T10:54:09","modified_gmt":"2026-09-03T07:54:09","slug":"venezuela-and-the-limits-of-the-contemporary-international-order-norms-power-and-adaptation-in-a-system-in-transformation","status":"publish","type":"post","link":"https:\/\/tdcenter.org\/fr\/2026\/04\/30\/venezuela-and-the-limits-of-the-contemporary-international-order-norms-power-and-adaptation-in-a-system-in-transformation\/","title":{"rendered":"Le Venezuela et les limites de l\u2019ordre international contemporain : normes, puissance et adaptation dans un syst\u00e8me en transformation"},"content":{"rendered":"<div class=\"wp-block-quick-download-button-download-button aligncenter qdbn-wrapper\"><div class=\"qdbn\" data-plugin-name=\"qdbn\" data-style=\"small\" data-file=\"hide-file\" data-size=\"hide-size\" data-icon-position=\"left\"><div class=\"qdbn-download-button-inner\"><button type=\"button\" data-button-type=\"small\" class=\"g-btn f-l\" style=\"background-color:#0e107b;color:#ffffff;border-radius:25px\" data-attachment-id=\"55377\" data-page-id=\"18850\" data-post-id=\"\" data-have-external=\"false\" data-external-url=\"\" data-wait-duration=\"0\" data-target-blank=\"true\" data-msg=\"Please wait...\" data-member=\"0\" data-has-icon-dark=\"true\" title=\"T\u00e9l\u00e9charger le PDF original en espagnol\"><span class=\"download-btn-icon\"><svg xmlns=\"http:\/\/www.w3.org\/2000\/svg\" viewbox=\"0 0 24 24\" width=\"20\" height=\"20\" aria-hidden=\"true\"><path fill=\"currentColor\" d=\"M18 11.3l-1-1.1-4 4V3h-1.5v11.3L7 10.2l-1 1.1 6.2 5.8 5.8-5.8zm.5 3.7v3.5h-13V15H4v5h16v-5h-1.5z\"><\/path><\/svg><\/span><span>T\u00e9l\u00e9charger le PDF original en espagnol<\/span><\/button><p class=\"up\" style=\"border-radius:0\"><i class=\"fi fi-pdf\"><\/i><\/p><p class=\"down\" style=\"border-radius:0\"><svg xmlns=\"http:\/\/www.w3.org\/2000\/svg\" viewbox=\"0 0 24 24\" width=\"20\" height=\"20\" aria-hidden=\"true\"><path fill=\"currentColor\" d=\"M10 4H4c-1.1 0-1.99.9-1.99 2L2 18c0 1.1.9 2 2 2h16c1.1 0 2-.9 2-2V8c0-1.1-.9-2-2-2h-8l-2-2z\"><\/path><\/svg><span class=\"file-size\">2 Mo<\/span><\/p><\/div><\/div><quick-download-button-info class=\"qdb-btn-info\"><\/quick-download-button-info><\/div>\n\n\n\n<figure class=\"wp-block-image size-large\"><img fetchpriority=\"high\" decoding=\"async\" width=\"1024\" height=\"418\" src=\"https:\/\/tdcenter.org\/wp-content\/uploads\/2026\/07\/image-9-1024x418.jpeg\" alt=\"\" class=\"wp-image-37893\" srcset=\"https:\/\/tdcenter.org\/wp-content\/uploads\/2026\/07\/image-9-1024x418.jpeg 1024w, https:\/\/tdcenter.org\/wp-content\/uploads\/2026\/07\/image-9-600x245.jpeg 600w, https:\/\/tdcenter.org\/wp-content\/uploads\/2026\/07\/image-9-768x314.jpeg 768w, https:\/\/tdcenter.org\/wp-content\/uploads\/2026\/07\/image-9-18x7.jpeg 18w, https:\/\/tdcenter.org\/wp-content\/uploads\/2026\/07\/image-9.jpeg 1190w\" sizes=\"(max-width: 1024px) 100vw, 1024px\" \/><\/figure>\n\n\n\n<p class=\"wp-block-paragraph\">Depuis des ann\u00e9es, le Venezuela occupe une place r\u00e9currente dans l\u2019agenda international : sanctions \u00e9conomiques, condamnations diplomatiques, tentatives de m\u00e9diation infructueuses et un r\u00e9gime qui, malgr\u00e9 tout, demeure en place. \u00c0 premi\u00e8re vue, le cas semble \u00eatre un autre exemple de crise prolong\u00e9e sous un r\u00e9gime autoritaire r\u00e9sistant aux pressions ext\u00e9rieures. Pourtant, sa persistance refl\u00e8te davantage qu\u2019une dynamique d\u2019affaiblissement institutionnel interne.<\/p>\n\n\n\n<p class=\"wp-block-paragraph\">Au fil du temps, le Venezuela est devenu un th\u00e9\u00e2tre o\u00f9 la capacit\u00e9 r\u00e9elle de l\u2019ordre international \u00e0 g\u00e9rer des crises politiques profondes est mise \u00e0 l\u2019\u00e9preuve. Les outils qui, pendant des d\u00e9cennies, ont servi de m\u00e9canismes de pression \u2014 tels que les sanctions, l\u2019isolement et la reconnaissance s\u00e9lective \u2014 ont produit des r\u00e9sultats limit\u00e9s, tandis que les acteurs ext\u00e9rieurs ajustent leurs strat\u00e9gies et red\u00e9finissent leurs priorit\u00e9s. La question ne porte plus seulement sur l\u2019efficacit\u00e9 de ces instruments, mais sur ce que leur \u00e9rosion r\u00e9v\u00e8le d\u2019un contexte mondial de plus en plus fragment\u00e9 et moins pr\u00e9visible.<\/p>\n\n\n\n<p class=\"wp-block-paragraph\">Loin d\u2019\u00eatre un cas exceptionnel, le Venezuela offre une grille de lecture pour comprendre des transformations plus larges : la s\u00e9lectivit\u00e9 de l\u2019engagement des \u00c9tats-Unis, la vuln\u00e9rabilit\u00e9 de l\u2019Europe face \u00e0 l\u2019\u00e9rosion du soutien ext\u00e9rieur, les fluctuations politiques et diplomatiques en Am\u00e9rique latine, ainsi que l\u2019apprentissage d\u2019acteurs qui consid\u00e8rent la r\u00e9sistance prolong\u00e9e comme une strat\u00e9gie viable. <strong>En ce sens, le cas v\u00e9n\u00e9zu\u00e9lien cesse d\u2019\u00eatre une simple crise latino-am\u00e9ricaine et devient un sympt\u00f4me visible des limites de l\u2019ordre contemporain.<\/strong><\/p>\n\n\n\n<p class=\"wp-block-paragraph\">Ces dynamiques se sont manifest\u00e9es de fa\u00e7on particuli\u00e8rement visible lors d\u2019un \u00e9v\u00e9nement r\u00e9cent. La capture du pr\u00e9sident Nicol\u00e1s Maduro par les forces des \u00c9tats-Unis au d\u00e9but de 2026 a marqu\u00e9 un tournant dans la crise v\u00e9n\u00e9zu\u00e9lienne. Cet \u00e9pisode a profond\u00e9ment modifi\u00e9 une situation jusqu\u2019alors caract\u00e9ris\u00e9e par l\u2019alternance de sanctions et de dialogues infructueux, sans produire de changement effectif ni susciter de transition politique. En ce sens, il constitue un \u00e9v\u00e9nement cl\u00e9 pour l\u2019analyse, puisqu\u2019il permet d\u2019examiner comment un conflit prolong\u00e9 a conduit \u00e0 une r\u00e9solution exceptionnelle, en dehors des m\u00e9canismes traditionnels de pression, et d\u2019\u00e9valuer ainsi leur efficacit\u00e9 ainsi que l\u2019\u00e9volution de l\u2019ordre normatif qui les sous-tend.<\/p>\n\n\n\n<p class=\"wp-block-paragraph\">Avant d\u2019en examiner les implications, il convient toutefois de reconstituer l\u2019enchev\u00eatrement de d\u00e9cisions et de tensions qui a rendu cette issue possible.<\/p>\n\n\n\n<h4 id=\"h-evolucion-nbsp-reciente-nbsp-de-nbsp-la-nbsp-crisis-nbsp-venezolana\" class=\"wp-block-heading\"><strong>\u00c9volutions r\u00e9centes de la crise v\u00e9n\u00e9zu\u00e9lienne<\/strong><\/h4>\n\n\n\n<p class=\"wp-block-paragraph\">Le chavisme a \u00e9merg\u00e9 au Venezuela comme un mouvement civico-militaire d\u2019orientation socialiste et bolivarienne, consolidant son pouvoir avec l\u2019accession d\u2019Hugo Ch\u00e1vez \u00e0 la pr\u00e9sidence en 1999. Apr\u00e8s sa mort en 2013, Nicol\u00e1s Maduro a pris la t\u00eate du pays, prolongeant la dur\u00e9e du mouvement au pouvoir \u00e0 plus de 25 ans. Cette p\u00e9riode a \u00e9t\u00e9 marqu\u00e9e par la centralisation progressive du pouvoir et la d\u00e9gradation des institutions, suscitant de multiples condamnations internationales, notamment les accusations de l\u2019ONU de <a href=\"https:\/\/news.un.org\/es\/story\/2025\/12\/1540893\">crimes contre l\u2019humanit\u00e9,<\/a> les signalements de d\u00e9tentions arbitraires et de torture, ainsi qu\u2019un isolement diplomatique croissant en raison de l\u2019absence de garanties d\u00e9mocratiques.<\/p>\n\n\n\n<figure class=\"wp-block-image size-full\"><img decoding=\"async\" width=\"1008\" height=\"404\" src=\"https:\/\/tdcenter.org\/wp-content\/uploads\/2026\/07\/image-1.jpeg\" alt=\"\" class=\"wp-image-37884\" srcset=\"https:\/\/tdcenter.org\/wp-content\/uploads\/2026\/07\/image-1.jpeg 1008w, https:\/\/tdcenter.org\/wp-content\/uploads\/2026\/07\/image-1-600x240.jpeg 600w, https:\/\/tdcenter.org\/wp-content\/uploads\/2026\/07\/image-1-768x308.jpeg 768w, https:\/\/tdcenter.org\/wp-content\/uploads\/2026\/07\/image-1-18x7.jpeg 18w\" sizes=\"(max-width: 1008px) 100vw, 1008px\" \/><figcaption class=\"wp-element-caption\"><em>Photo d\u2019archives d\u2019une manifestation de l\u2019opposition au Venezuela, o\u00f9 une banderole proclame : \u00ab Plus jamais de torture. \u00bb Selon une mission d\u2019\u00e9tablissement des faits du Conseil des droits de l\u2019homme de l\u2019ONU, les forces militaires et polici\u00e8res ont suivi un plan gouvernemental visant \u00e0 r\u00e9primer la dissidence, entra\u00eenant des crimes contre l\u2019humanit\u00e9. Source : <\/em><a href=\"https:\/\/ipsnoticias.net\/2022\/09\/crimenes-de-lesa-humanidad-en-venezuela-denuncia-mision-de-la-onu\/\"><em>ANV, via IPS.<\/em><\/a><\/figcaption><\/figure>\n\n\n\n<p class=\"wp-block-paragraph\">Dans ce contexte de tensions accumul\u00e9es, le calendrier \u00e9lectoral de 2024 a marqu\u00e9 le d\u00e9but de la phase la plus r\u00e9cente et la plus turbulente de la crise. Une date cl\u00e9 a \u00e9t\u00e9 le 28 juillet 2024, lorsque les <a href=\"https:\/\/directoriolegislativo.org\/es\/maduro-asumio-su-tercer-mandato-en-medio-de-denuncias-por-fraude\/\">\u00e9lections pr\u00e9sidentielles<\/a> ont eu lieu et que le Conseil national \u00e9lectoral a officiellement d\u00e9clar\u00e9 Nicol\u00e1s Maduro vainqueur d\u2019un troisi\u00e8me mandat. Les secteurs de l\u2019opposition, men\u00e9s par Mar\u00eda Corina Machado et Edmundo Gonz\u00e1lez Urrutia, ont d\u00e9nonc\u00e9 une fraude et un manque de transparence dans la publication des r\u00e9sultats, soutenant que le candidat Gonz\u00e1lez Urrutia avait obtenu une large majorit\u00e9 selon leurs propres d\u00e9comptes des proc\u00e8s-verbaux disponibles. Le refus du CNE de publier les donn\u00e9es a aliment\u00e9 les accusations de manipulation \u00e9lectorale et d\u00e9clench\u00e9 des manifestations dans plusieurs \u00c9tats du pays.<\/p>\n\n\n\n<p class=\"wp-block-paragraph\">La r\u00e9ponse de la communaut\u00e9 internationale a \u00e9t\u00e9 imm\u00e9diate et diverse. Le <a href=\"https:\/\/www.consilium.europa.eu\/es\/press\/press-releases\/2025\/01\/10\/venezuela-council-renews-restrictive-measures-and-lists-a-further-15-individuals-in-view-of-the-situation-in-the-country\/\">Conseil de l\u2019Union europ\u00e9enne<\/a> a d\u00e9cid\u00e9, le 10 janvier 2025, de proroger et d\u2019\u00e9largir ses mesures restrictives, renouvelant les sanctions contre des responsables du r\u00e9gime v\u00e9n\u00e9zu\u00e9lien et sanctionnant 15 personnes suppl\u00e9mentaires li\u00e9es au Conseil national \u00e9lectoral, au pouvoir judiciaire et aux forces de s\u00e9curit\u00e9 pour leur r\u00f4le dans la r\u00e9pression post\u00e9lectorale et la d\u00e9gradation de la d\u00e9mocratie. Pour leur part, les <a href=\"https:\/\/home.treasury.gov\/news\/press-releases\/jy2778\">\u00c9tats-Unis<\/a> ont \u00e9galement \u00e9largi les mesures pr\u00e9existantes. Ce m\u00eame jour, l\u2019OFAC a sanctionn\u00e9 huit responsables v\u00e9n\u00e9zu\u00e9liens dirigeant des organismes \u00e9conomiques et s\u00e9curitaires cl\u00e9s du r\u00e9gime, ainsi que de hauts responsables de l\u2019arm\u00e9e et de la police \u00e0 la t\u00eate d\u2019entit\u00e9s impliqu\u00e9es dans la r\u00e9pression et les violations des droits humains. Le D\u00e9partement d\u2019\u00c9tat a \u00e9galement port\u00e9 \u00e0 25 millions de dollars au maximum les r\u00e9compenses offertes pour toute information conduisant \u00e0 la capture de Nicol\u00e1s Maduro et de Diosdado Cabello, tout en proposant une nouvelle r\u00e9compense pouvant atteindre 15 millions de dollars pour leur ministre de la D\u00e9fense, Vladimir Padrino. Le Canada et le Royaume-Uni ont adopt\u00e9 des mesures similaires au m\u00eame moment.<\/p>\n\n\n\n<p class=\"wp-block-paragraph\">Parall\u00e8lement, les acteurs alli\u00e9s au r\u00e9gime <a href=\"https:\/\/www.as-coa.org\/articles\/how-have-international-leaders-responded-venezuelas-2024-election\">ont exprim\u00e9 leur soutien au gouvernement v\u00e9n\u00e9zu\u00e9lien,<\/a> reconnaissant la victoire \u00e9lectorale de Maduro et mettant en cause la l\u00e9gitimit\u00e9 des sanctions occidentales. Le dirigeant cubain Miguel D\u00edaz-Canel a \u00e9t\u00e9 le premier \u00e0 s\u2019exprimer, qualifiant celle-ci de \u00ab victoire historique \u00bb. Il a \u00e9t\u00e9 suivi de d\u00e9clarations de la Russie, de l\u2019Iran, du Nicaragua et de la Chine, entre autres. La Russie et la Chine ont soulign\u00e9 le principe de non-ing\u00e9rence dans les affaires int\u00e9rieures tout en r\u00e9affirmant leur soutien politique et diplomatique au gouvernement, contribuant \u00e0 att\u00e9nuer l\u2019impact de l\u2019isolement international promu par l\u2019Occident. Pendant ce temps, 13 pays latino-am\u00e9ricains, dont l\u2019Argentine, le Chili, El Salvador et le P\u00e9rou, ont sign\u00e9 une <a href=\"https:\/\/www.cancilleria.gob.ar\/es\/actualidad\/noticias\/declaracion-conjunta-sobre-venezuela\">d\u00e9claration conjointe<\/a> avec d\u2019autres nations, exprimant leurs inqui\u00e9tudes quant \u00e0 la transparence du processus \u00e9lectoral et appelant \u00e0 la publication des proc\u00e8s-verbaux \u00e9lectoraux ainsi qu\u2019\u00e0 une v\u00e9rification impartiale et ind\u00e9pendante des r\u00e9sultats.<\/p>\n\n\n\n<p class=\"wp-block-paragraph\">Malgr\u00e9 ces r\u00e9percussions, le 10 janvier 2025, Maduro a officiellement pr\u00eat\u00e9 serment pour un nouveau mandat pr\u00e9sidentiel de six ans, dans un contexte de m\u00e9contentement social g\u00e9n\u00e9ralis\u00e9 et de grandes mobilisations populaires sous le slogan \u00ab Gloire au peuple courageux \u00bb. Celles-ci ont \u00e9t\u00e9 s\u00e9v\u00e8rement r\u00e9prim\u00e9es, des accusations et des rapports faisant \u00e9tat de <a href=\"https:\/\/www.hrw.org\/es\/report\/2025\/04\/30\/castigados-por-buscar-un-cambio\/asesinatos-desapariciones-forzadas-y-detenciones\">violations g\u00e9n\u00e9ralis\u00e9es des droits humains,<\/a> notamment des meurtres de manifestants et de passants, des disparitions forc\u00e9es, des d\u00e9tentions arbitraires et des poursuites p\u00e9nales, ainsi que des actes de torture et des mauvais traitements inflig\u00e9s aux d\u00e9tenus. Dans ce contexte, Machado et Gonz\u00e1lez Urrutia ont appel\u00e9 \u00e0 une pression internationale accrue, remerciant publiquement leurs partenaires pour leur soutien et approuvant les strat\u00e9gies de pression men\u00e9es par les \u00c9tats-Unis, telles que de nouvelles sanctions et des actions militaires, qu\u2019ils consid\u00e8rent comme n\u00e9cessaires pour imposer un changement politique.<\/p>\n\n\n\n<p class=\"wp-block-paragraph\">\u00c0 la suite de l\u2019investiture de Nicol\u00e1s Maduro en janvier 2025, un nombre croissant d\u2019analystes ont partag\u00e9 une m\u00eame conclusion : le r\u00e9gime de sanctions, longtemps consid\u00e9r\u00e9 comme le <a href=\"https:\/\/www.brookings.edu\/articles\/the-global-implications-of-the-us-military-operation-in-venezuela\/\">principal outil de pression,<\/a> n\u2019avait pas produit de changement politique significatif. Avec l\u2019arriv\u00e9e d\u2019une nouvelle administration des \u00c9tats-Unis, ce constat a conduit \u00e0 privil\u00e9gier davantage les instruments coercitifs directs. Tout au long de 2025, <a href=\"https:\/\/ipr.blogs.ie.edu\/2025\/11\/09\/policy-under-pressure-americas-shifting-strategy-in-venezuela\/\">la politique des \u00c9tats-Unis<\/a> a int\u00e9gr\u00e9 de plus en plus <a href=\"https:\/\/www.chathamhouse.org\/2026\/01\/us-attacks-venezuela-and-maduro-captured-early-analysis-chatham-house-experts\">de m\u00e9thodes agressives,<\/a> notamment des op\u00e9rations clandestines et une action militaire limit\u00e9e. Parall\u00e8lement, la crise v\u00e9n\u00e9zu\u00e9lienne a cess\u00e9 d\u2019\u00eatre interpr\u00e9t\u00e9e principalement comme un probl\u00e8me d\u00e9mocratique pour \u00eatre davantage consid\u00e9r\u00e9e comme une <a href=\"https:\/\/www.bbc.com\/news\/articles\/c93n4nx5yqro\">question de s\u00e9curit\u00e9 r\u00e9gionale<\/a> li\u00e9e aux flux migratoires, au trafic de drogue et \u00e0 la criminalit\u00e9 organis\u00e9e. Par cons\u00e9quent, la diplomatie a progressivement perdu son r\u00f4le central de principal m\u00e9canisme de r\u00e9solution du conflit.<\/p>\n\n\n\n<figure class=\"wp-block-image size-full\"><img decoding=\"async\" width=\"1000\" height=\"488\" src=\"https:\/\/tdcenter.org\/wp-content\/uploads\/2026\/07\/image-2.jpeg\" alt=\"\" class=\"wp-image-37885\" srcset=\"https:\/\/tdcenter.org\/wp-content\/uploads\/2026\/07\/image-2.jpeg 1000w, https:\/\/tdcenter.org\/wp-content\/uploads\/2026\/07\/image-2-600x293.jpeg 600w, https:\/\/tdcenter.org\/wp-content\/uploads\/2026\/07\/image-2-768x375.jpeg 768w, https:\/\/tdcenter.org\/wp-content\/uploads\/2026\/07\/image-2-18x9.jpeg 18w\" sizes=\"(max-width: 1000px) 100vw, 1000px\" \/><figcaption class=\"wp-element-caption\"><em>La police tire des gaz lacrymog\u00e8nes sur des manifestants protestant contre les r\u00e9sultats \u00e9lectoraux annonc\u00e9s \u00e0 Caracas, au Venezuela. Source : Matias Delacroix \/ AP Photo, via <\/em><a href=\"https:\/\/www.hrw.org\/es\/news\/2024\/09\/04\/venezuela-brutal-represion-contra-manifestantes-y-votantes\"><em>Human Rights Watch.<\/em><\/a><\/figcaption><\/figure>\n\n\n\n<p class=\"wp-block-paragraph\">Le paysage a connu une profonde transformation au d\u00e9but de 2026, lorsqu\u2019une op\u00e9ration militaire men\u00e9e par les \u00c9tats-Unis a abouti \u00e0 la <a href=\"https:\/\/cnnespanol.cnn.com\/2026\/01\/03\/eeuu\/asi-captura-nicolas-maduro-venezuela-trax\">capture du pr\u00e9sident Nicol\u00e1s Maduro<\/a> et de son \u00e9pouse, Cilia Flores. L\u2019intervention a marqu\u00e9 une rupture dans la politique v\u00e9n\u00e9zu\u00e9lienne et a suscit\u00e9 un d\u00e9bat sur des questions telles que la souverainet\u00e9 de l\u2019\u00c9tat, le droit international et les limites de l\u2019intervention ext\u00e9rieure en Am\u00e9rique latine. Les r\u00e9actions ont \u00e9t\u00e9 contrast\u00e9es, tant parmi les acteurs \u00e9tatiques qu\u2019au sein de la soci\u00e9t\u00e9 civile, o\u00f9 de grandes c\u00e9l\u00e9brations de la diaspora v\u00e9n\u00e9zu\u00e9lienne dans diff\u00e9rents pays ont coexist\u00e9 avec des analyses et des critiques centr\u00e9es sur les aspects normatifs et g\u00e9opolitiques de la situation.<\/p>\n\n\n\n<p class=\"wp-block-paragraph\">La capture de Maduro n\u2019a toutefois pas signifi\u00e9 la chute du r\u00e9gime. Washington a clairement indiqu\u00e9 que l\u2019opposition ne prendrait pas imm\u00e9diatement le contr\u00f4le du gouvernement et que la transition serait g\u00e9r\u00e9e sous sa supervision directe, <a href=\"https:\/\/www.bbc.com\/mundo\/articles\/cvgr610v3nyo\">\u00e9cartant une solution dirig\u00e9e par Mar\u00eda Corina Machado<\/a> \u00e0 court terme. En pratique, cela a signifi\u00e9 l\u2019acceptation d\u2019une continuit\u00e9 institutionnelle men\u00e9e par Delcy Rodr\u00edguez, qui a pr\u00eat\u00e9 serment en tant que pr\u00e9sidente par int\u00e9rim et n\u00e9gocie avec le gouvernement des \u00c9tats-Unis.<\/p>\n\n\n\n<p class=\"wp-block-paragraph\">Jusqu\u2019\u00e0 pr\u00e9sent, les \u00c9tats-Unis ont r\u00e9tabli leur mission diplomatique \u00e0 Caracas, ce qui t\u00e9moigne d\u2019une tentative de rouvrir des canaux de dialogue formel \u00e0 un moment o\u00f9 la relation bilat\u00e9rale est red\u00e9finie. Ils ont \u00e9galement exerc\u00e9 des pressions sur le gouvernement Rodr\u00edguez, aboutissant \u00e0 l\u2019annonce d\u2019une mesure d\u2019 <a href=\"https:\/\/elpais.com\/america\/2026-01-30\/delcy-rodriguez-anuncia-una-amnistia-general-para-los-cientos-de-presos-en-venezuela.html\">amnistie<\/a> <a href=\"https:\/\/elpais.com\/america\/2026-01-30\/delcy-rodriguez-anuncia-una-amnistia-general-para-los-cientos-de-presos-en-venezuela.html\">pr\u00e9vue par la loi<\/a> pour les prisonniers politiques, visant \u00e0 lib\u00e9rer les personnes d\u00e9tenues pour des motifs politiques depuis 1999. Parall\u00e8lement, une nouvelle <a href=\"https:\/\/www.bbc.com\/mundo\/articles\/cg7y4kznyppo\">loi sur les hydrocarbures<\/a> a \u00e9t\u00e9 approuv\u00e9e, ouvrant le secteur p\u00e9trolier \u00e0 davantage d\u2019investissements priv\u00e9s \u2014 un changement majeur dans un pays o\u00f9 la nationalisation du secteur a constitu\u00e9 pendant des d\u00e9cennies un pilier central du projet politique.<\/p>\n\n\n\n<h4 id=\"h-la-nbsp-reconfiguracion-nbsp-del-nbsp-liderazgo-nbsp-estadounidense\" class=\"wp-block-heading\"><strong>La reconfiguration du leadership des \u00c9tats-Unis<\/strong><\/h4>\n\n\n\n<p class=\"wp-block-paragraph\">L\u2019\u00e9puisement de la pression normative et la capacit\u00e9 du r\u00e9gime v\u00e9n\u00e9zu\u00e9lien \u00e0 perdurer soul\u00e8vent une question in\u00e9vitable : que se passe-t-il lorsque les m\u00e9canismes qui structuraient la r\u00e9ponse internationale perdent leur efficacit\u00e9 et que l\u2019acteur qui les garantissait historiquement red\u00e9finit son mode d\u2019engagement ? En ce sens, le cas v\u00e9n\u00e9zu\u00e9lien ne peut \u00eatre analys\u00e9 sans examiner le r\u00f4le des \u00c9tats-Unis, dont la position a \u00e9t\u00e9 centrale tant dans la construction que dans l\u2019\u00e9rosion de ce cadre normatif.<\/p>\n\n\n\n<p class=\"wp-block-paragraph\">Dans ce contexte, la seconde administration de Donald Trump s\u2019est caract\u00e9ris\u00e9e par une conception de la politique \u00e9trang\u00e8re moins ancr\u00e9e dans la promotion de r\u00e8gles multilat\u00e9rales et davantage orient\u00e9e vers l\u2019obtention de r\u00e9sultats strat\u00e9giques imm\u00e9diats, comme en t\u00e9moigne sa <a href=\"https:\/\/www.whitehouse.gov\/wp-content\/uploads\/2025\/12\/2025-National-Security-Strategy.pdf\">Strat\u00e9gie de s\u00e9curit\u00e9 nationale (NSS).<\/a> Ses traits distinctifs comprennent la priorit\u00e9 accord\u00e9e aux int\u00e9r\u00eats de s\u00e9curit\u00e9 nationale, le recours \u00e0 la pression et \u00e0 la coop\u00e9ration internationales pour faire avancer des objectifs int\u00e9rieurs, ainsi qu\u2019une plus grande disposition \u00e0 utiliser des outils coercitifs directs au d\u00e9triment des m\u00e9canismes diplomatiques traditionnels. Cette approche n\u2019implique pas n\u00e9cessairement un renoncement explicite au leadership international, mais plut\u00f4t une reformulation de ses fondements, d\u00e9pla\u00e7ant l\u2019accent de la pr\u00e9servation d\u2019un ordre normatif mondial vers une logique qui privil\u00e9gie la puissance dure et la gestion pragmatique des menaces per\u00e7ues.<\/p>\n\n\n\n<figure class=\"wp-block-image size-full\"><img loading=\"lazy\" decoding=\"async\" width=\"1016\" height=\"418\" src=\"https:\/\/tdcenter.org\/wp-content\/uploads\/2026\/07\/image-3.jpeg\" alt=\"\" class=\"wp-image-37886\" srcset=\"https:\/\/tdcenter.org\/wp-content\/uploads\/2026\/07\/image-3.jpeg 1016w, https:\/\/tdcenter.org\/wp-content\/uploads\/2026\/07\/image-3-600x247.jpeg 600w, https:\/\/tdcenter.org\/wp-content\/uploads\/2026\/07\/image-3-768x316.jpeg 768w, https:\/\/tdcenter.org\/wp-content\/uploads\/2026\/07\/image-3-18x7.jpeg 18w\" sizes=\"(max-width: 1016px) 100vw, 1016px\" \/><figcaption class=\"wp-element-caption\"><em>Le pr\u00e9sident des \u00c9tats-Unis Donald Trump s\u2019adresse \u00e0 une session conjointe du Congr\u00e8s le 28 f\u00e9vrier \u00e0 Washington, D.C. Source : Jim Lo Scalzo\/Getty Images, via <\/em><a href=\"https:\/\/foreignpolicy.com\/2017\/12\/18\/five-takeaways-from-trumps-national-security-strategy\/\"><em>Foreign Policy.<\/em><\/a><\/figcaption><\/figure>\n\n\n\n<p class=\"wp-block-paragraph\">Pendant des d\u00e9cennies, la capacit\u00e9 des \u00c9tats-Unis \u00e0 exercer une pression diplomatique, des sanctions \u00e9conomiques et une reconnaissance politique reposait non seulement sur leur sup\u00e9riorit\u00e9 mat\u00e9rielle, mais aussi sur leur r\u00f4le de garant central de l\u2019ordre international lib\u00e9ral. Dans ce cadre, la promotion de transitions d\u00e9mocratiques \u2014 m\u00eame lorsqu\u2019elle servait des int\u00e9r\u00eats strat\u00e9giques \u2014 s\u2019inscrivait dans une architecture plus large de r\u00e8gles partag\u00e9es, d\u2019alliances stables et d\u2019engagements durables. Le cas v\u00e9n\u00e9zu\u00e9lien, quant \u00e0 lui, <a href=\"https:\/\/goodauthority.org\/news\/what-happens-now-in-venezuela-and-the-world\/\">r\u00e9v\u00e8le<\/a> la difficult\u00e9 croissante des \u00c9tats-Unis \u00e0 maintenir de telles strat\u00e9gies prolong\u00e9es dans un contexte de polarisation int\u00e9rieure, d\u2019\u00e9rosion institutionnelle et d\u2019extension excessive de leurs engagements mondiaux <a href=\"https:\/\/goodauthority.org\/news\/what-happens-now-in-venezuela-and-the-world\/\">(Saunders, 2026;<\/a> Hyde &amp; Saunders, 2025). Dans ce contexte, m\u00eame s\u2019ils conservent des capacit\u00e9s mat\u00e9rielles importantes, leur puissance tend \u00e0 s\u2019exercer de mani\u00e8re plus s\u00e9lective, r\u00e9active et transactionnelle, affaiblissant leur r\u00f4le de fournisseur de biens publics mondiaux et de pilier de la pr\u00e9visibilit\u00e9 internationale.<\/p>\n\n\n\n<p class=\"wp-block-paragraph\">La politique des \u00c9tats-Unis \u00e0 l\u2019\u00e9gard du Venezuela a refl\u00e9t\u00e9 de plus en plus un changement d\u2019approche. Plut\u00f4t que de se concentrer principalement sur le r\u00e9tablissement de la d\u00e9mocratie par les sanctions, l\u2019isolement diplomatique et le soutien \u00e0 l\u2019opposition, Washington s\u2019est orient\u00e9 vers une strat\u00e9gie plus pragmatique, centr\u00e9e sur la stabilit\u00e9, la s\u00e9curit\u00e9 et l\u2019exercice d\u2019une influence directe sur les acteurs cl\u00e9s du r\u00e9gime. Dans ce cadre, le Venezuela a \u00e9t\u00e9 trait\u00e9 moins comme un cas de r\u00e9solution normative que comme un conflit \u00e0 g\u00e9rer au moyen des instruments qui se r\u00e9v\u00e9laient les plus efficaces. Ce changement a \u00e9galement mis en \u00e9vidence les limites de la d\u00e9pendance prolong\u00e9e de l\u2019opposition \u00e0 l\u2019\u00e9gard de la reconnaissance internationale. Bien que les dirigeants de l\u2019opposition aient conserv\u00e9 une importante l\u00e9gitimit\u00e9 ext\u00e9rieure, ce soutien s\u2019est \u00e0 lui seul r\u00e9v\u00e9l\u00e9 insuffisant pour modifier les rapports de force internes tant que le r\u00e9gime continuait de contr\u00f4ler les principales ressources coercitives, \u00e9conomiques et institutionnelles de l\u2019\u00c9tat. Plus largement, le cas v\u00e9n\u00e9zu\u00e9lien illustre une transformation plus vaste de la politique internationale : la l\u00e9gitimit\u00e9 d\u00e9mocratique conserve une importance symbolique, mais elle ne suffit plus \u00e0 elle seule \u00e0 d\u00e9terminer les r\u00e9sultats politiques lorsqu\u2019elle n\u2019est pas appuy\u00e9e par un contr\u00f4le effectif sur le terrain.<\/p>\n\n\n\n<p class=\"wp-block-paragraph\">Le cas sert donc d\u2019indicateur de l\u2019\u00e9tat actuel du leadership des \u00c9tats-Unis. La politique de Washington envers le Venezuela refl\u00e8te une transformation subtile mais structurelle de la mani\u00e8re dont les \u00c9tats-Unis exercent leur puissance \u00e0 l\u2019\u00e9chelle internationale. Il s\u2019agit d\u2019un leadership de plus en plus contraint par les limites int\u00e9rieures, les co\u00fbts strat\u00e9giques et les priorit\u00e9s imm\u00e9diates, qui entra\u00eene un passage de l\u2019ambition de soutenir un ordre normatif mondial \u00e0 une logique de gestion pragmatique des risques et de pr\u00e9servation des int\u00e9r\u00eats vitaux.<\/p>\n\n\n\n<h4 id=\"h-proyeccion-nbsp-internacional\" class=\"wp-block-heading\"><strong>Implications internationales<\/strong><\/h4>\n\n\n\n<p class=\"wp-block-paragraph\">Les transformations analys\u00e9es jusqu\u2019ici ne se limitent pas au cas v\u00e9n\u00e9zu\u00e9lien ni \u00e0 la relation bilat\u00e9rale avec les \u00c9tats-Unis. Au contraire, elles red\u00e9finissent la marge de man\u0153uvre de r\u00e9gions enti\u00e8res qui, depuis des positions diff\u00e9rentes, ont historiquement \u00e9t\u00e9 inscrites dans l\u2019ordre international lib\u00e9ral. L\u2019Am\u00e9rique latine et l\u2019Europe sont deux cadres particuli\u00e8rement r\u00e9v\u00e9lateurs pour observer ces effets : la premi\u00e8re en tant que r\u00e9gion directement touch\u00e9e par la crise v\u00e9n\u00e9zu\u00e9lienne et par l\u2019\u00e9volution de la politique des \u00c9tats-Unis ; la seconde en tant qu\u2019acteur ayant fond\u00e9 une grande partie de sa projection internationale sur la validit\u00e9 des r\u00e8gles, la coordination transatlantique et la pr\u00e9visibilit\u00e9 strat\u00e9gique.<\/p>\n\n\n\n<p class=\"wp-block-paragraph\">Bien que leurs capacit\u00e9s et leurs liens avec les \u00c9tats-Unis diff\u00e8rent sensiblement, les deux r\u00e9gions font d\u00e9sormais face \u00e0 une tension commune. La red\u00e9finition du leadership des \u00c9tats-Unis, conjugu\u00e9e \u00e0 l\u2019\u00e9rosion des m\u00e9canismes normatifs traditionnels, modifie les conditions dans lesquelles elles pourraient r\u00e9agir, projeter leur influence ou garantir la stabilit\u00e9. Dans cette perspective, l\u2019analyse r\u00e9gionale permet de voir comment un m\u00eame changement structurel produit des effets diff\u00e9renci\u00e9s : en Am\u00e9rique latine, en reconfigurant les alignements politiques et les r\u00e9ponses \u00e0 la crise ; en Europe, en exposant les vuln\u00e9rabilit\u00e9s strat\u00e9giques et les limites croissantes de sa capacit\u00e9 d\u2019action ext\u00e9rieure.<\/p>\n\n\n\n<h5 id=\"h-america-nbsp-latina\" class=\"wp-block-heading\"><em><strong>Am\u00e9rique latine<\/strong><\/em><\/h5>\n\n\n\n<p class=\"wp-block-paragraph\">En Am\u00e9rique latine, les effets de la crise v\u00e9n\u00e9zu\u00e9lienne et de la red\u00e9finition de l\u2019engagement des \u00c9tats-Unis sont imm\u00e9diats mais in\u00e9gaux. L\u2019intervention militaire des \u00c9tats-Unis et la capture de Nicol\u00e1s Maduro en janvier 2026 ont jou\u00e9 un r\u00f4le de catalyseur, r\u00e9v\u00e9lant \u00e0 la fois les divisions politiques pr\u00e9existantes et la difficult\u00e9 de la r\u00e9gion \u00e0 formuler des r\u00e9ponses collectives \u00e0 des d\u00e9cisions \u00e0 fort impact prises par des acteurs ext\u00e9rieurs.<\/p>\n\n\n\n<p class=\"wp-block-paragraph\"><a href=\"https:\/\/www.dw.com\/es\/am%C3%A9rica-latina-cautela-y-pragmatismo-ante-venezuela-y-estados-unidos\/a-75773587\">Les r\u00e9actions officielles \u00e0 l\u2019intervention<\/a> ont r\u00e9v\u00e9l\u00e9 un paysage r\u00e9gional fragment\u00e9. Plusieurs gouvernements, dont ceux du Br\u00e9sil, du Mexique, de la Colombie, du Chili et de l\u2019Uruguay, ont rejet\u00e9 l\u2019action militaire unilat\u00e9rale, invoquant les principes de souverainet\u00e9, de non-intervention et de respect du droit international. Dans des communiqu\u00e9s et d\u00e9clarations publiques publi\u00e9s dans les jours suivant l\u2019op\u00e9ration, ces positions ont soulign\u00e9 les pr\u00e9occupations concernant le pr\u00e9c\u00e9dent qu\u2019une telle intervention pourrait cr\u00e9er pour la r\u00e9gion. Dans le m\u00eame temps, d\u2019autres \u00c9tats ont adopt\u00e9 des positions explicitement favorables \u00e0 l\u2019intervention des \u00c9tats-Unis, y voyant une occasion de d\u00e9manteler un r\u00e9gime autoritaire qu\u2019ils consid\u00e9raient comme irr\u00e9formable. Les gouvernements de l\u2019Argentine, du Paraguay, du P\u00e9rou et d\u2019El Salvador ont exprim\u00e9 leur soutien aux actions de Washington, soulignant la n\u00e9cessit\u00e9 de mettre fin \u00e0 la crise v\u00e9n\u00e9zu\u00e9lienne, m\u00eame par des mesures exceptionnelles.<\/p>\n\n\n\n<figure class=\"wp-block-image size-full\"><img loading=\"lazy\" decoding=\"async\" width=\"836\" height=\"908\" src=\"https:\/\/tdcenter.org\/wp-content\/uploads\/2026\/07\/image-4.jpeg\" alt=\"\" class=\"wp-image-37887\" srcset=\"https:\/\/tdcenter.org\/wp-content\/uploads\/2026\/07\/image-4.jpeg 836w, https:\/\/tdcenter.org\/wp-content\/uploads\/2026\/07\/image-4-552x600.jpeg 552w, https:\/\/tdcenter.org\/wp-content\/uploads\/2026\/07\/image-4-768x834.jpeg 768w, https:\/\/tdcenter.org\/wp-content\/uploads\/2026\/07\/image-4-11x12.jpeg 11w\" sizes=\"(max-width: 836px) 100vw, 836px\" \/><\/figure>\n\n\n\n<p class=\"wp-block-paragraph translation-block\">Le soutien de certains gouvernements latino-am\u00e9ricains \u00e0 l\u2019intervention des \u00c9tats-Unis ne proc\u00e8de pas d\u2019une motivation unique. Dans des pays tels que <a href=\"https:\/\/www.csis.org\/analysis\/argentinas-realignment-united-states-mileis-reforms-gain-strategic-support\">l\u2019Argentine,<\/a> <a href=\"https:\/\/www.lanacion.com.py\/editorial\/2025\/11\/24\/paraguay-y-estados-unidos-avanzan-hacia-una-alianza-mas-dinamica-y-fuerte\/\">le Paraguay<\/a>, et <a href=\"https:\/\/www.infobae.com\/estados-unidos\/2026\/02\/05\/trump-ratifica-su-alianza-estrategica-con-bukele-durante-el-desayuno-nacional-de-oracion-servido-en-washington\/\">El Salvador,<\/a> pr\u00e9vaut une logique d\u2019affinit\u00e9 politique et id\u00e9ologique avec l\u2019administration Trump, caract\u00e9ris\u00e9e par une politique \u00e9trang\u00e8re align\u00e9e sur Washington, une orientation conservatrice, une prise de distance vis-\u00e0-vis des gouvernements de gauche de la r\u00e9gion et l\u2019adoption de programmes centr\u00e9s sur la s\u00e9curit\u00e9, le contr\u00f4le des migrations et la lutte contre la criminalit\u00e9 organis\u00e9e. Dans des cas tels que <a href=\"https:\/\/apnews.com\/article\/chile-peru-jose-jari-gabriel-boric-venezuela-511ce16ff599d5e48f8f03584ae37f69\">le P\u00e9rou,<\/a> <a href=\"https:\/\/elpais.com\/america\/2025-04-13\/la-migracion-venezolana-en-ecuador-es-arma-electoral-entre-luisa-gonzalez-y-daniel-noboa.html?event=go&amp;event_log=go&amp;prod=REGCRART&amp;o=cerrado\">l\u2019\u00c9quateur,<\/a> <a href=\"https:\/\/apnews.com\/article\/darien-gap-panama-venezuelan-migrants-4a385db728c922525d9addbc2577bc42\">le Panama<\/a>, et <a href=\"https:\/\/apnews.com\/article\/chile-peru-jose-jari-gabriel-boric-venezuela-511ce16ff599d5e48f8f03584ae37f69\">le Chili<\/a> (en tenant compte de son pr\u00e9sident \u00e9lu), l\u2019impact de la crise v\u00e9n\u00e9zu\u00e9lienne sur leurs propres soci\u00e9t\u00e9s a davantage pes\u00e9 dans la d\u00e9termination de leur soutien \u00e0 l\u2019intervention. Cela s\u2019explique par la pression migratoire, son impact sur les services publics et l\u2019association fr\u00e9quente de l\u2019immigration aux probl\u00e8mes de s\u00e9curit\u00e9 int\u00e9rieure \u2014 pr\u00e9occupations exprim\u00e9es par diff\u00e9rents responsables au fil des ans. Dans ces contextes, l\u2019intervention a \u00e9t\u00e9 consid\u00e9r\u00e9e moins comme une question normative que comme un moyen de r\u00e9duire une source ext\u00e9rieure d\u2019instabilit\u00e9 int\u00e9rieure. Cela n\u2019exclut pas la coexistence d\u2019une affinit\u00e9 id\u00e9ologique, comme dans le cas du <a href=\"https:\/\/www.infobae.com\/estados-unidos\/2025\/12\/15\/donald-trump-felicito-a-jose-antonio-kast-por-su-triunfo-en-las-elecciones-en-chile-es-una-muy-buena-persona\/\">Chili<\/a> apr\u00e8s l\u2019\u00e9lection pr\u00e9sidentielle de 2025.<\/p>\n\n\n\n<p class=\"wp-block-paragraph\">Entre ces deux p\u00f4les, plusieurs pays ont opt\u00e9 pour des positions plus prudentes. Des \u00c9tats tels que <a href=\"https:\/\/www.swissinfo.ch\/spa\/panam%c3%a1-pide-una-%22transici%c3%b3n-democr%c3%a1tica%22-en-venezuela-tras-la-captura-de-nicol%c3%a1s-maduro\/90721913\">le Panama<\/a> et du <a href=\"https:\/\/x.com\/eldiario\/status\/2007606434276786322?s=20\">R\u00e9publique dominicaine<\/a> ont \u00e9vit\u00e9 les d\u00e9clarations cat\u00e9goriques, se limitant \u00e0 des appels g\u00e9n\u00e9raux en faveur de la stabilit\u00e9, du dialogue et du r\u00e9tablissement de la d\u00e9mocratie \u2014 une strat\u00e9gie qui refl\u00e8te l\u2019effort de pr\u00e9server une marge de man\u0153uvre diplomatique dans un contexte de grande incertitude. Cette diversit\u00e9 de r\u00e9ponses refl\u00e8te non seulement des divergences id\u00e9ologiques, mais aussi des \u00e9valuations diff\u00e9rentes des co\u00fbts et avantages de l\u2019alignement \u2014 ou du non-alignement \u2014 sur une puissance qui a d\u00e9montr\u00e9 une volont\u00e9 s\u00e9lective et fluctuante d\u2019intervenir dans la r\u00e9gion.<\/p>\n\n\n\n<figure class=\"wp-block-image size-full\"><img loading=\"lazy\" decoding=\"async\" width=\"1018\" height=\"448\" src=\"https:\/\/tdcenter.org\/wp-content\/uploads\/2026\/07\/image-5.jpeg\" alt=\"\" class=\"wp-image-37888\" srcset=\"https:\/\/tdcenter.org\/wp-content\/uploads\/2026\/07\/image-5.jpeg 1018w, https:\/\/tdcenter.org\/wp-content\/uploads\/2026\/07\/image-5-600x264.jpeg 600w, https:\/\/tdcenter.org\/wp-content\/uploads\/2026\/07\/image-5-768x338.jpeg 768w, https:\/\/tdcenter.org\/wp-content\/uploads\/2026\/07\/image-5-18x8.jpeg 18w\" sizes=\"(max-width: 1018px) 100vw, 1018px\" \/><figcaption class=\"wp-element-caption\"><em>Source : <\/em><a href=\"https:\/\/www.caracaschronicles.com\/2025\/10\/29\/venezuela-is-exposing-the-debts-of-latin-american-integration\/\"><em>Caracas Chronicles.<\/em><\/a><\/figcaption><\/figure>\n\n\n\n<p class=\"wp-block-paragraph\">Ce qui importe toutefois n\u2019est pas seulement la persistance de la fragmentation \u2014 une caract\u00e9ristique r\u00e9currente de la r\u00e9gion \u2014 mais le contexte dans lequel cette fragmentation op\u00e8re d\u00e9sormais. Ce contexte est d\u00e9fini par le regain de tension entre les normes internationales, le caract\u00e8re unilat\u00e9ral des d\u00e9cisions strat\u00e9giques prises par des acteurs puissants et l\u2019incapacit\u00e9 des m\u00e9canismes r\u00e9gionaux existants \u00e0 canaliser ou \u00e0 mod\u00e9rer ces tensions. En ce sens, l\u2019analyse de <a href=\"https:\/\/www.defensa.gob.es\/ceseden\/-\/ieee\/eeuu_en_venezuela_2026_dieeea01\">Francisco M\u00e1rquez de la Rubia (2026)<\/a> est r\u00e9v\u00e9latrice lorsqu\u2019elle observe que la r\u00e9cente politique des \u00c9tats-Unis cherche \u00e0 r\u00e9affirmer leur primaut\u00e9 r\u00e9gionale et \u00e0 contenir l\u2019influence d\u2019acteurs extrah\u00e9misph\u00e9riques. Cette approche et ses actions r\u00e9centes ont eu un impact notable sur la r\u00e9gion en mettant \u00e0 l\u2019\u00e9preuve le principe de non-intervention, en approfondissant la fragmentation et en affaiblissant les m\u00e9canismes, d\u00e9j\u00e0 fragiles, de coordination r\u00e9gionale, favorisant une bilat\u00e9ralisation asym\u00e9trique de la politique \u00e9trang\u00e8re.<\/p>\n\n\n\n<p class=\"wp-block-paragraph\">D\u2019un point de vue institutionnaliste lib\u00e9ral, l\u2019intervention des \u00c9tats-Unis au Venezuela met en lumi\u00e8re l\u2019\u00e9rosion des m\u00e9canismes qui ont historiquement structur\u00e9 la coop\u00e9ration internationale et la gestion des crises. Comme le souligne Robert Keohane (1984), les institutions internationales d\u00e9pendent du fait que les \u00c9tats per\u00e7oivent des avantages clairs et pr\u00e9visibles \u00e0 la coop\u00e9ration. Toutefois, lorsque les grandes puissances choisissent d\u2019agir unilat\u00e9ralement et que l\u2019environnement est marqu\u00e9 par l\u2019incertitude, ces incitations s\u2019\u00e9rodent et les normes perdent leur efficacit\u00e9 en tant que m\u00e9canismes de r\u00e9gulation.<\/p>\n\n\n\n<p class=\"wp-block-paragraph\">Dans ce cas, la strat\u00e9gie de Washington combine l\u2019emploi direct de capacit\u00e9s coercitives avec une extension de la port\u00e9e de ses instruments juridiques et \u00e9conomiques, brouillant les fronti\u00e8res entre action militaire, pression juridique et contr\u00f4le politique des espaces strat\u00e9giques. Ce changement ne signifie pas encore la disparition de l\u2019ordre lib\u00e9ral, mais il traduit un mode de fonctionnement de plus en plus s\u00e9lectif, conditionn\u00e9 par les priorit\u00e9s de puissance. Du point de vue du r\u00e9alisme structurel, cette dynamique est coh\u00e9rente avec un syst\u00e8me international anarchique dans lequel, en l\u2019absence de contraintes effectives, les \u00c9tats disposant de plus grandes capacit\u00e9s mat\u00e9rielles donnent la priorit\u00e9 \u00e0 la protection de leurs int\u00e9r\u00eats strat\u00e9giques plut\u00f4t qu\u2019\u00e0 leurs engagements normatifs. En suivant les arguments de Kenneth Waltz (1979), on peut comprendre que lorsque les r\u00e8gles cessent d\u2019offrir des garanties cr\u00e9dibles, la puissance se r\u00e9affirme comme principal garant de l\u2019ordre, red\u00e9finissant les limites de ce que l\u2019on peut attendre de la coop\u00e9ration internationale.<\/p>\n\n\n\n<p class=\"wp-block-paragraph\">Dans le cas latino-am\u00e9ricain, ces dynamiques syst\u00e9miques se traduisent par une plus grande vuln\u00e9rabilit\u00e9 aux d\u00e9cisions unilat\u00e9rales d\u2019acteurs plus puissants, r\u00e9duisant davantage la marge d\u2019action collective et renfor\u00e7ant une insertion internationale principalement r\u00e9active, dans laquelle les \u00c9tats latino-am\u00e9ricains ajustent leurs positions aux dynamiques ext\u00e9rieures plut\u00f4t qu\u2019\u00e0 leurs propres strat\u00e9gies de long terme. Plus pr\u00e9cis\u00e9ment, l\u2019impact r\u00e9gional de ces \u00e9v\u00e9nements peut s\u2019exprimer moins par une reconfiguration formelle des alliances que par des ajustements pragmatiques \u00e0 court terme. Plut\u00f4t que la consolidation de blocs stables, des alignements flexibles et des r\u00e9ponses diff\u00e9renci\u00e9es devraient pr\u00e9dominer selon la nature sp\u00e9cifique de chaque situation, cherchant g\u00e9n\u00e9ralement \u00e0 maintenir des liens fonctionnels avec les \u00c9tats-Unis dans des domaines jug\u00e9s strat\u00e9giques, m\u00eame lorsque des divergences id\u00e9ologiques existent.<\/p>\n\n\n\n<p class=\"wp-block-paragraph\">Le cas v\u00e9n\u00e9zu\u00e9lien n\u2019inaugure donc pas un sch\u00e9ma enti\u00e8rement nouveau ; il ravive plut\u00f4t des tendances ant\u00e9rieures vers une gouvernance faiblement r\u00e9gionalis\u00e9e, mais cette fois dans un contexte international marqu\u00e9 par des niveaux de fragmentation plus \u00e9lev\u00e9s. Cela n\u2019implique pas n\u00e9cessairement la disparition des cadres institutionnels r\u00e9gionaux, mais sugg\u00e8re une perte relative de leur centralit\u00e9. Ce sch\u00e9ma est coh\u00e9rent avec le vide de gouvernance pr\u00e9c\u00e9demment pressenti au niveau mondial et avec la place croissante de concepts tels que <a href=\"https:\/\/es.weforum.org\/stories\/2026\/01\/que-es-el-minilateralismo-y-por-que-esta-ganando-terreno\/\">\u00ab minilat\u00e9ralisme \u00bb<\/a> comme alternatives au multilat\u00e9ralisme pour aborder les probl\u00e8mes mondiaux.<\/p>\n\n\n\n<h5 id=\"h-union-nbsp-europea\" class=\"wp-block-heading translation-block\"><em>Union europ\u00e9enne<\/em><\/h5>\n\n\n\n<p class=\"wp-block-paragraph\">Pendant des d\u00e9cennies, la politique \u00e9trang\u00e8re europ\u00e9enne reposait sur l\u2019id\u00e9e que l\u2019action collective, le droit international et la coordination transatlantique constituaient des outils suffisants pour g\u00e9rer les crises politiques, m\u00eame au-del\u00e0 de son voisinage imm\u00e9diat. Cette conception se refl\u00e9tait tant dans la pratique diplomatique du <a href=\"https:\/\/www.eeas.europa.eu\/node\/60358_es\">Groupe de contact international sur le Venezuela (ICG)<\/a> que dans les nombreuses <a href=\"https:\/\/www.consilium.europa.eu\/es\/policies\/venezuela\/\">d\u00e9clarations<\/a> de l\u2019Union europ\u00e9enne appelant au respect des droits humains, \u00e0 l\u2019aide humanitaire et \u00e0 des processus \u00e9lectoraux transparents \u00e0 Caracas. Toutefois, l\u2019\u00e9volution du cas v\u00e9n\u00e9zu\u00e9lien sugg\u00e8re que ce cadre a perdu sa capacit\u00e9 op\u00e9rationnelle. L\u2019incapacit\u00e9 \u00e0 traduire les condamnations diplomatiques, la m\u00e9diation politique et la coordination avec le leadership des \u00c9tats-Unis en r\u00e9sultats concrets a plac\u00e9 l\u2019Europe dans une situation qui d\u00e9passe les cadres d\u2019action sur lesquels elle avait construit sa projection internationale.<\/p>\n\n\n\n<p class=\"wp-block-paragraph\">Cette situation a r\u00e9v\u00e9l\u00e9 une d\u00e9pendance structurelle au leadership des \u00c9tats-Unis en mati\u00e8re de coercition et de gestion des crises. Le cas v\u00e9n\u00e9zu\u00e9lien sugg\u00e8re que les \u00c9tats-Unis ont choisi de calibrer leur implication, donnant la priorit\u00e9 aux consid\u00e9rations de stabilit\u00e9 et de gestion des conflits plut\u00f4t qu\u2019\u00e0 l\u2019imposition active d\u2019un ordre fond\u00e9 sur des r\u00e8gles. Cette dynamique r\u00e9duit la marge de man\u0153uvre de l\u2019Europe en affaiblissant le soutien strat\u00e9gique sur lequel l\u2019Union europ\u00e9enne a traditionnellement fond\u00e9 son action ext\u00e9rieure.<\/p>\n\n\n\n<p class=\"wp-block-paragraph\">Dans cette perspective, le cas invite \u00e0 une r\u00e9flexion plus large sur la position de l\u2019Europe dans un contexte d\u2019incertitude strat\u00e9gique croissante. Dans un environnement o\u00f9 les garanties ext\u00e9rieures sont devenues plus s\u00e9lectives et moins pr\u00e9visibles, certains territoires et espaces rev\u00eatent une importance centrale.<\/p>\n\n\n\n<figure class=\"wp-block-image size-full\"><img loading=\"lazy\" decoding=\"async\" width=\"988\" height=\"422\" src=\"https:\/\/tdcenter.org\/wp-content\/uploads\/2026\/07\/image-6.jpeg\" alt=\"\" class=\"wp-image-37889\" srcset=\"https:\/\/tdcenter.org\/wp-content\/uploads\/2026\/07\/image-6.jpeg 988w, https:\/\/tdcenter.org\/wp-content\/uploads\/2026\/07\/image-6-600x256.jpeg 600w, https:\/\/tdcenter.org\/wp-content\/uploads\/2026\/07\/image-6-768x328.jpeg 768w, https:\/\/tdcenter.org\/wp-content\/uploads\/2026\/07\/image-6-18x8.jpeg 18w\" sizes=\"(max-width: 988px) 100vw, 988px\" \/><figcaption class=\"wp-element-caption\"><em>\u00ab Ces d\u00e9fis doivent \u00eatre relev\u00e9s gr\u00e2ce \u00e0 une coop\u00e9ration soutenue, dans le plein respect du droit international et des principes d\u2019int\u00e9grit\u00e9 territoriale et de souverainet\u00e9 \u00bb, d\u00e9claration officielle de l\u2019UE sur la crise v\u00e9n\u00e9zu\u00e9lienne, sign\u00e9e par la haute repr\u00e9sentante de l\u2019Union pour les affaires \u00e9trang\u00e8res et la politique de s\u00e9curit\u00e9, Kaja Kallas. Source : <\/em><a href=\"https:\/\/euperspectives.eu\/2026\/01\/respect-international-law-eu-releases-statement-on-venezuela-one-country-denies-support\/\"><em>Parlement europ\u00e9en, via EU Perspectives.<\/em><\/a><\/figcaption><\/figure>\n\n\n\n<p class=\"wp-block-paragraph\">Le territoire du <a href=\"https:\/\/cnnespanol.cnn.com\/2026\/01\/19\/eeuu\/trump-objetivo-militar-groenlandia-division-asesores-trax\">Groenland,<\/a> qui fait officiellement partie d\u2019un \u00c9tat europ\u00e9en mais est de plus en plus expos\u00e9 \u00e0 la concurrence entre grandes puissances, illustre la fa\u00e7on dont des zones cl\u00e9s de l\u2019architecture de s\u00e9curit\u00e9 europ\u00e9enne peuvent devenir des sources de vuln\u00e9rabilit\u00e9. La guerre en Ukraine renforce cette interpr\u00e9tation : bien que les \u00c9tats-Unis aient d\u00e9montr\u00e9 leur capacit\u00e9 \u00e0 intervenir lorsqu\u2019ils identifient des int\u00e9r\u00eats prioritaires, cet engagement appara\u00eet conditionnel et variable plut\u00f4t que comme un soutien structurel et permanent.<\/p>\n\n\n\n<p class=\"wp-block-paragraph\">En ce sens, le d\u00e9bat en Europe sur la n\u00e9cessit\u00e9 de d\u00e9passer sa conception traditionnelle d\u2019elle-m\u00eame comme puissance purement normative, historiquement d\u00e9pendante de la protection militaire des \u00c9tats-Unis, a gagn\u00e9 en importance. Ainsi, le concept d\u2019 <a href=\"https:\/\/www.eeas.europa.eu\/eeas\/por-qu%C3%A9-es-importante-la-autonom%C3%ADa-estrat%C3%A9gica-europea_es\">autonomie strat\u00e9gique<\/a> s\u2019est impos\u00e9, d\u00e9fini non seulement comme la capacit\u00e9 de prendre des d\u00e9cisions ind\u00e9pendantes, sans contrainte, mais aussi comme un effort visant \u00e0 concilier le r\u00e9alisme politique avec les valeurs fondatrices du bloc. Comme l\u2019affirme Kotzur (2025), face \u00e0 un syst\u00e8me international dans lequel le multilat\u00e9ralisme fond\u00e9 sur des r\u00e8gles est contest\u00e9 par des acteurs illib\u00e9raux et par le tournant transactionnel de la politique \u00e9trang\u00e8re des \u00c9tats-Unis, l\u2019UE est pouss\u00e9e \u00e0 agir comme un acteur g\u00e9opolitique et \u00e9conomique capable, qui doit investir dans sa propre d\u00e9fense et diversifier ses alliances afin de r\u00e9duire une d\u00e9pendance excessive envers un partenaire strat\u00e9gique.<\/p>\n\n\n\n<p class=\"wp-block-paragraph\">Dans le m\u00eame temps, certains auteurs avertissent que l\u2019ambition de parvenir \u00e0 une autonomie strat\u00e9gique en mati\u00e8re de s\u00e9curit\u00e9 et de d\u00e9fense se heurte \u00e0 des obstacles consid\u00e9rables, notamment les divergences entre \u00c9tats membres, l\u2019absence de consensus sur les capacit\u00e9s militaires collectives et des limites technologiques et industrielles qui entraveraient un remplacement rapide du soutien traditionnel de Washington. En ce sens, l\u2019Union ferait face \u00e0 des d\u00e9fis exigeant un renforcement \u00e0 long terme et une coordination plus approfondie et durable. Comme le note Steinbach (2023), la mise en \u0153uvre de l\u2019autonomie strat\u00e9gique exige de recalibrer l\u2019\u00e9quilibre entre ind\u00e9pendance et interd\u00e9pendance, puisque la \u00ab diversit\u00e9 strat\u00e9gique \u00bb persistante entre les \u00c9tats membres et l\u2019absence de pr\u00e9f\u00e9rences homog\u00e8nes maintiennent l\u2019Union comme un \u00ab quasi-appendice \u00bb de la puissance de Washington, tandis que les contraintes institutionnelles \u2014 en particulier les exigences d\u2019unanimit\u00e9 \u2014 ralentissent la formation d\u2019une vision politique coh\u00e9rente et solide de la s\u00e9curit\u00e9.<\/p>\n\n\n\n<p class=\"wp-block-paragraph\">En ce sens, la situation au Venezuela ne remet pas seulement en cause la politique europ\u00e9enne envers l\u2019Am\u00e9rique latine ; elle rappelle aussi, de mani\u00e8re inconfortable, la vuln\u00e9rabilit\u00e9 de l\u2019Europe dans un environnement international en mutation, o\u00f9 le soutien strat\u00e9gique ext\u00e9rieur ne peut plus \u00eatre tenu pour acquis. Elle soul\u00e8ve un d\u00e9bat auquel il faut r\u00e9pondre au plus vite : comment l\u2019Europe peut-elle renforcer sa capacit\u00e9 d\u2019anticipation, de dissuasion, de d\u00e9fense et de gestion des crises dans un contexte changeant sans abandonner ses principes normatifs ?<\/p>\n\n\n\n<h4 id=\"h-el-nbsp-agotamiento-nbsp-de-la-nbsp-presion-nbsp-normativa\" class=\"wp-block-heading\"><strong>L\u2019\u00e9puisement de la pression normative<\/strong><\/h4>\n\n\n\n<p class=\"wp-block-paragraph\">Le cas v\u00e9n\u00e9zu\u00e9lien met en lumi\u00e8re un ph\u00e9nom\u00e8ne qui d\u00e9passe largement ses fronti\u00e8res : la perte d\u2019efficacit\u00e9 des m\u00e9canismes normatifs qui, pendant des d\u00e9cennies, ont structur\u00e9 la r\u00e9ponse internationale aux crises politiques profondes. Des instruments tels que les sanctions \u00e9conomiques, l\u2019isolement diplomatique et les politiques de reconnaissance s\u00e9lective constituaient des composantes centrales d\u2019un ordre fond\u00e9 sur l\u2019attente selon laquelle la pression ext\u00e9rieure pouvait produire des effets tangibles. L\u2019exclusion du syst\u00e8me international entra\u00eenait des co\u00fbts \u00e9conomiques, diplomatiques et de l\u00e9gitimit\u00e9 ayant un impact int\u00e9rieur important, renfor\u00e7ant la capacit\u00e9 de ces m\u00e9canismes \u00e0 conditionner le comportement des \u00c9tats. Le Venezuela montre \u00e0 quel point cette pr\u00e9misse a commenc\u00e9 \u00e0 s\u2019effriter.<\/p>\n\n\n\n<p class=\"wp-block-paragraph\">Les transformations en cours dans le syst\u00e8me international deviennent de plus en plus visibles. Comme le note G. John Ikenberry (2018), l\u2019ordre international lib\u00e9ral d\u2019apr\u00e8s-guerre \u00e9tait \u00e9troitement li\u00e9 au leadership h\u00e9g\u00e9monique des \u00c9tats-Unis et \u00e0 une communaut\u00e9 d\u2019\u00c9tats relativement homog\u00e8ne autour de normes partag\u00e9es. La diffusion progressive de la puissance mondiale, l\u2019affaiblissement de l\u2019autorit\u00e9 des \u00c9tats-Unis et l\u2019\u00e9mergence d\u2019acteurs dispos\u00e9s \u00e0 contester ouvertement ce cadre ont \u00e9rod\u00e9 les fondements sur lesquels reposaient les instruments normatifs traditionnels. Dans ce contexte de fragmentation et de transition, la pression fond\u00e9e sur les sanctions, l\u2019isolement et la l\u00e9gitimit\u00e9 internationale \u00e9prouve une difficult\u00e9 croissante \u00e0 se traduire en r\u00e9sultats lorsqu\u2019il n\u2019existe plus de consensus minimal sur les r\u00e8gles ni d\u2019acteur capable de les faire respecter efficacement.<\/p>\n\n\n\n<p class=\"wp-block-paragraph\">Au-del\u00e0 de son impact int\u00e9rieur, la persistance du r\u00e9gime v\u00e9n\u00e9zu\u00e9lien malgr\u00e9 les sanctions et les condamnations internationales a produit des effets de d\u00e9monstration \u00e0 l\u2019\u00e9chelle mondiale. Le cas affaiblit l\u2019attente selon laquelle ces instruments peuvent agir comme des m\u00e9canismes coercitifs d\u00e9cisifs et renforce la perception que leur application ne garantit plus d\u2019issues politiques claires. Dans ce contexte, o\u00f9 existent un soutien ext\u00e9rieur alternatif et une marge suffisante d\u2019adaptation int\u00e9rieure, la pression normative tend \u00e0 s\u2019inscrire dans des situations de stabilit\u00e9 pr\u00e9caire : les r\u00e9gimes apprennent \u00e0 coexister avec elle, \u00e0 en g\u00e9rer les co\u00fbts et \u00e0 ajuster leurs strat\u00e9gies sans modifier substantiellement les fondements de leur pouvoir.<\/p>\n\n\n\n<p class=\"wp-block-paragraph\">En ce sens, le Venezuela refl\u00e8te une tendance plus large, de plus en plus visible dans la politique mondiale : un glissement vers un ordre international dans lequel les normes conservent une importance symbolique et rh\u00e9torique, mais perdent leur r\u00f4le central d\u2019instruments effectifs de gouvernance. Le d\u00e9clin de l\u2019efficacit\u00e9 de la pression normative ne reconfigure pas seulement les options disponibles pour faire face aux crises politiques prolong\u00e9es ; il impose \u00e9galement de repenser ce que l\u2019action internationale peut r\u00e9ellement accomplir dans un monde moins pr\u00e9visible et de plus en plus structur\u00e9 par les rapports de force plut\u00f4t que par des normes partag\u00e9es.<\/p>\n\n\n\n<h4 id=\"h-la-nbsp-resiliencia-nbsp-autoritaria\" class=\"wp-block-heading\"><strong>R\u00e9silience autoritaire<\/strong><\/h4>\n\n\n\n<p class=\"wp-block-paragraph\">La survie du r\u00e9gime v\u00e9n\u00e9zu\u00e9lien dans un cadre prolong\u00e9 de sanctions, d\u2019isolement diplomatique et de pression politique ne peut s\u2019expliquer uniquement par l\u2019inefficacit\u00e9 de la coercition ext\u00e9rieure. Le cas r\u00e9v\u00e8le plut\u00f4t l\u2019\u00e9mergence de strat\u00e9gies actives d\u2019adaptation autoritaire combinant ressources int\u00e9rieures, soutiens ext\u00e9rieurs et apprentissage cumulatif face \u00e0 un environnement d\u00e9favorable. En ce sens, le Venezuela ne r\u00e9siste pas seulement \u00e0 la pression internationale, mais d\u00e9veloppe \u00e9galement des capacit\u00e9s lui permettant d\u2019op\u00e9rer en son sein, en la transformant en \u00e9l\u00e9ment structurel du paysage politique.<\/p>\n\n\n\n<p class=\"wp-block-paragraph\">L\u2019un des piliers de cette r\u00e9silience a \u00e9t\u00e9 la construction de m\u00e9canismes alternatifs de soutien \u00e9conomique visant \u00e0 r\u00e9duire la d\u00e9pendance aux circuits formels contr\u00f4l\u00e9s par l\u2019Occident. La r\u00e9organisation du secteur p\u00e9trolier au moyen de r\u00e9seaux de commercialisation opaques, le recours \u00e0 des interm\u00e9diaires, \u00e0 des itin\u00e9raires non conventionnels et \u00e0 ce que l\u2019on appelle commun\u00e9ment une <a href=\"https:\/\/www.nytimes.com\/es\/2026\/01\/08\/espanol\/mundo\/buque-petrolero-flota-fantasma.html\">\u00ab flotte fant\u00f4me \u00bb<\/a> ont permis de maintenir les flux d\u2019exportation m\u00eame sous de s\u00e9v\u00e8res restrictions. Ces pratiques n\u2019\u00e9liminent pas les co\u00fbts des sanctions, mais les rendent g\u00e9rables en les int\u00e9grant dans un mod\u00e8le de fonctionnement qui privil\u00e9gie la continuit\u00e9 du r\u00e9gime plut\u00f4t que la normalisation \u00e9conomique.<\/p>\n\n\n\n<figure class=\"wp-block-image size-full\"><img loading=\"lazy\" decoding=\"async\" width=\"810\" height=\"470\" src=\"https:\/\/tdcenter.org\/wp-content\/uploads\/2026\/07\/image-7.jpeg\" alt=\"\" class=\"wp-image-37890\" srcset=\"https:\/\/tdcenter.org\/wp-content\/uploads\/2026\/07\/image-7.jpeg 810w, https:\/\/tdcenter.org\/wp-content\/uploads\/2026\/07\/image-7-600x348.jpeg 600w, https:\/\/tdcenter.org\/wp-content\/uploads\/2026\/07\/image-7-768x446.jpeg 768w, https:\/\/tdcenter.org\/wp-content\/uploads\/2026\/07\/image-7-18x10.jpeg 18w\" sizes=\"(max-width: 810px) 100vw, 810px\" \/><figcaption class=\"wp-element-caption\"><em>Le patrouilleur Munro des garde-c\u00f4tes des \u00c9tats-Unis suit de pr\u00e8s le MV Bella 1, un p\u00e9trolier russe li\u00e9 au p\u00e9trole v\u00e9n\u00e9zu\u00e9lien, dans l\u2019oc\u00e9an Atlantique Nord, lors de l\u2019op\u00e9ration d\u2019interdiction maritime du mercredi 7 janvier 2026. Source : <\/em><a href=\"https:\/\/www.huffingtonpost.co.uk\/entry\/why-uk-aid-in-us-mission-to-seize-russian-oil-tanker-matters_uk_695f6344e4b0b3db6e4de3fb\"><em>D\u00e9partement de la D\u00e9fense des \u00c9tats-Unis, via AP.<\/em><\/a><\/figcaption><\/figure>\n\n\n\n<p class=\"wp-block-paragraph\">Selon les recherches de <a href=\"https:\/\/www.jstor.org\/stable\/26936905\">Bull et Rosales (2020),<\/a> les sanctions, ainsi que les contre-strat\u00e9gies employ\u00e9es par l\u2019\u00c9tat v\u00e9n\u00e9zu\u00e9lien, ont produit de multiples transformations dans une \u00e9conomie d\u00e9j\u00e0 affect\u00e9e par des tendances \u00e9conomiques et politiques d\u00e9favorables. Celles-ci comprennent une informalisation et une criminalisation accrues de l\u2019\u00e9conomie, qui se manifestent par \u00ab une augmentation de l\u2019\u00e9conomie du troc, une dollarisation de facto, l\u2019expansion d\u2019activit\u00e9s informelles telles que l\u2019exploitation mini\u00e8re et l\u2019utilisation de cryptomonnaies, ainsi que la prolif\u00e9ration d\u2019acteurs ill\u00e9gaux et l\u2019intervention militaire dans des secteurs critiques \u00bb.<\/p>\n\n\n\n<p class=\"wp-block-paragraph\">\u00c0 cela s\u2019ajoute le soutien de puissances non occidentales, en particulier la Russie et la Chine, qui ont apport\u00e9 un appui diplomatique, financier et strat\u00e9gique sans exiger de concessions en mati\u00e8re de r\u00e9formes politiques ou de normes d\u00e9mocratiques. Ce soutien a impliqu\u00e9 la construction de r\u00e9seaux de soutien parall\u00e8les qui r\u00e9duisent la vuln\u00e9rabilit\u00e9 du r\u00e9gime \u00e0 l\u2019isolement. Elles ont en effet \u00e9t\u00e9 des alli\u00e9es cl\u00e9s dans la construction de ce que l\u2019on appelle le <a href=\"https:\/\/www.linkedin.com\/pulse\/caracas-model-venezuelas-response-us-sanctions-reto-zogg-vqlhe\/\">\u00ab mod\u00e8le de Caracas \u00bb<\/a> pour contourner les sanctions.<\/p>\n\n\n\n<p class=\"wp-block-paragraph\">Ce mod\u00e8le a commenc\u00e9 \u00e0 se consolider \u00e0 partir de 2018, lorsque le Venezuela a r\u00e9orient\u00e9 son int\u00e9gration \u00e9conomique et financi\u00e8re vers des circuits non occidentaux. Dans le domaine de l\u2019\u00e9nergie, une part consid\u00e9rable des exportations de p\u00e9trole a \u00e9t\u00e9 achemin\u00e9e par des accords bilat\u00e9raux avec la Russie et la Chine, notamment des ventes libell\u00e9es en yuans et des m\u00e9canismes de paiement en dehors du syst\u00e8me financier domin\u00e9 par le dollar. La Chine, qui depuis 2007 a accord\u00e9 au Venezuela environ 100 milliards de dollars de <a href=\"https:\/\/www.nytimes.com\/es\/2026\/01\/05\/espanol\/america-latina\/venezuela-petroleo-china-trump.html\">pr\u00eats garantis par le p\u00e9trole,<\/a> a continu\u00e9 de recevoir d\u2019importants volumes de brut, estim\u00e9s par diverses sources entre 600 000 et 800 000 barils par jour ces derni\u00e8res ann\u00e9es. Selon <a href=\"https:\/\/www.reuters.com\/article\/world\/americas\/reporte-especial-petrleo-venezolano-se-esconde-camino-a-china-evitando-sancion-idUSKBN23J1NG\/\">Reuters,<\/a> apr\u00e8s les menaces de Donald Trump, la soci\u00e9t\u00e9 publique China National Petroleum Corp. (CNPC) a officiellement suspendu les importations de p\u00e9trole v\u00e9n\u00e9zu\u00e9lien. N\u00e9anmoins, le brut de PDVSA a continu\u00e9 d\u2019arriver en Chine, \u00ab avec l\u2019aide d\u2019une filiale suisse de Rosneft, la soci\u00e9t\u00e9 publique russe, et gr\u00e2ce \u00e0 une m\u00e9thode de livraison indirecte faisant appara\u00eetre le p\u00e9trole comme originaire de Malaisie \u00bb. La Russie, pour sa part, a approfondi sa participation dans des <a href=\"https:\/\/x.com\/PDVSA\/status\/940579311966412800?s=20\">coentreprises<\/a> dans le secteur de l\u2019\u00e9nergie, telles que Boquer\u00f3n et Petroperij\u00e1, avec des <a href=\"https:\/\/www.swissinfo.ch\/spa\/parlamento-autoriza-prorrogar-por-15-a%C3%B1os-operaci%C3%B3n-de-dos-petroleras-ruso-venezolanas\/90429180\">accords prolong\u00e9s jusqu\u2019en 2041,<\/a> combinant investissements, assistance technique et approvisionnements \u00e9nerg\u00e9tiques.<\/p>\n\n\n\n<p class=\"wp-block-paragraph\">Dans les domaines financier et logistique, le r\u00e9gime a progress\u00e9 dans la cr\u00e9ation de canaux alternatifs pour les transactions et le transport. L\u2019int\u00e9gration \u00e0 des syst\u00e8mes de paiement parall\u00e8les, tels que le CIPS chinois et, du c\u00f4t\u00e9 russe, les m\u00e9canismes associ\u00e9s au <a href=\"https:\/\/www.eleconomista.es\/economia\/noticias\/12852431\/06\/24\/que-son-las-tarjetas-mir-el-plan-ruso-para-desdolarizar-el-comercio-y-defenderse-de-sanciones-internacionales.html\">MIR<\/a> , syst\u00e8me de paiement, ainsi que l\u2019utilisation croissante de <a href=\"https:\/\/www.atlanticcouncil.org\/blogs\/new-atlanticist\/how-venezuela-uses-crypto-to-sell-oil-and-what-the-us-should-do-about-it\/\">cryptomonnaies<\/a> et de flottes fant\u00f4mes, ont permis de maintenir les exportations et les flux de recettes hors de port\u00e9e des sanctions occidentales. Enfin, ce r\u00e9seau a \u00e9t\u00e9 compl\u00e9t\u00e9 par une coop\u00e9ration en mati\u00e8re de d\u00e9fense et de s\u00e9curit\u00e9. Les pr\u00e9c\u00e9dentes livraisons de syst\u00e8mes de d\u00e9fense a\u00e9rienne, d\u2019a\u00e9ronefs et de formations militaires, ainsi que les signes p\u00e9riodiques de soutien strat\u00e9gique, ont accru le co\u00fbt d\u2019une intervention directe et renforc\u00e9 la perception que le r\u00e9gime disposait de soutiens ext\u00e9rieurs pr\u00eats \u00e0 le maintenir.<\/p>\n\n\n\n<figure class=\"wp-block-image size-full\"><img loading=\"lazy\" decoding=\"async\" width=\"1010\" height=\"436\" src=\"https:\/\/tdcenter.org\/wp-content\/uploads\/2026\/07\/image-8.jpeg\" alt=\"\" class=\"wp-image-37891\" srcset=\"https:\/\/tdcenter.org\/wp-content\/uploads\/2026\/07\/image-8.jpeg 1010w, https:\/\/tdcenter.org\/wp-content\/uploads\/2026\/07\/image-8-600x259.jpeg 600w, https:\/\/tdcenter.org\/wp-content\/uploads\/2026\/07\/image-8-768x332.jpeg 768w, https:\/\/tdcenter.org\/wp-content\/uploads\/2026\/07\/image-8-18x8.jpeg 18w\" sizes=\"(max-width: 1010px) 100vw, 1010px\" \/><figcaption class=\"wp-element-caption\"><em>Source : <\/em><a href=\"https:\/\/infobaires24.com.ar\/rusia-china-expresaron-amplio-apoyo-venezuela-tras-amenaza-militar-eeuu\/\"><em>InfoBaires24<\/em><\/a><\/figcaption><\/figure>\n\n\n\n<p class=\"wp-block-paragraph\">Dans cette perspective, le Venezuela est devenu un laboratoire d\u2019apprentissage pour les acteurs r\u00e9visionnistes et les r\u00e9gimes soumis \u00e0 une pression prolong\u00e9e, d\u00e9montrant que la survie institutionnelle peut \u00eatre organis\u00e9e au sein de circuits commerciaux, financiers et strat\u00e9giques alternatifs \u00e0 ceux de l\u2019ordre lib\u00e9ral traditionnel. Les sch\u00e9mas d\u00e9crits contribuent \u00e0 normaliser l\u2019id\u00e9e qu\u2019une r\u00e9sistance prolong\u00e9e \u00e0 la pression des sanctions est non seulement viable, mais peut \u00eatre int\u00e9gr\u00e9e \u00e0 une strat\u00e9gie de survie politique \u00e0 long terme fond\u00e9e sur la capacit\u00e9 \u00e0 maintenir le contr\u00f4le, l\u2019acc\u00e8s aux ressources et une marge de gouvernance m\u00eame dans des conditions persistantes de coercition et d\u2019isolement.<\/p>\n\n\n\n<h4 id=\"h-conclusiones\" class=\"wp-block-heading translation-block\"><strong>Conclusions<\/strong><strong><\/strong><\/h4>\n\n\n\n<p class=\"wp-block-paragraph\">Sur la base de l\u2019analyse pr\u00e9c\u00e9dente, le cas v\u00e9n\u00e9zu\u00e9lien permet de situer une crise politique sp\u00e9cifique dans les transformations plus larges du syst\u00e8me international contemporain. Loin de constituer une anomalie isol\u00e9e, sa trajectoire peut \u00eatre lue comme l\u2019indicateur d\u2019un ordre en transition, dans lequel les normes et les forums multilat\u00e9raux conservent une pertinence formelle mais rencontrent des difficult\u00e9s croissantes \u00e0 produire des r\u00e9sultats durables. La gestion internationale du conflit v\u00e9n\u00e9zu\u00e9lien r\u00e9v\u00e8le ainsi une tension entre les principes, les institutions et les capacit\u00e9s effectives de <em>mise en \u0153uvre<\/em>, dans un contexte marqu\u00e9 par la fragmentation du pouvoir associ\u00e9e \u00e0 l\u2019affaiblissement du leadership h\u00e9g\u00e9monique, \u00e0 la pr\u00e9sence d\u2019acteurs r\u00e9visionnistes, \u00e0 la comp\u00e9tition strat\u00e9gique et \u00e0 la perte d\u2019un consensus normatif minimal.<\/p>\n\n\n\n<p class=\"wp-block-paragraph\">Dans cette perspective, ce cas contribue \u00e0 illustrer un diagnostic d\u00e9j\u00e0 pr\u00e9sent dans les \u00e9tudes sur la gouvernance mondiale : l\u2019\u00e9cart croissant entre les attentes plac\u00e9es dans le multilat\u00e9ralisme et sa capacit\u00e9 effective \u00e0 r\u00e9soudre les crises. Les organismes multilat\u00e9raux continuent d\u2019agir comme des canaux de dialogue et de coordination limit\u00e9e, mais leur capacit\u00e9 \u00e0 produire des engagements partag\u00e9s et \u00e0 susciter des transformations politiques substantielles appara\u00eet contrainte par des rapports de force de plus en plus asym\u00e9triques et par la pr\u00e9sence d\u2019acteurs qui contestent ou r\u00e9interpr\u00e8tent les cadres normatifs existants.<\/p>\n\n\n\n<p class=\"wp-block-paragraph\">Ainsi, le cas du Venezuela fait figure d\u2019avertissement : dans un monde o\u00f9 les attentes d\u2019ordre s\u2019organisent de nouveau autour de la puissance plut\u00f4t que des fondements institutionnels, la coop\u00e9ration internationale fait face \u00e0 des d\u00e9fis croissants et les capacit\u00e9s mat\u00e9rielles des acteurs comptent autant, voire plus, que leurs engagements d\u00e9claratoires. N\u00e9anmoins, comme le notent Walt et Rodrik (2022), l\u2019\u00e9rosion des cadres normatifs universels n\u2019implique pas n\u00e9cessairement l\u2019absence d\u2019ordre ; elle peut donner naissance \u00e0 des formes alternatives de coordination, de n\u00e9gociation et de gouvernance, dont la configuration d\u00e9pendra des d\u00e9cisions des acteurs et des arrangements qu\u2019ils seront capables de construire.<\/p>\n\n\n\n<hr class=\"wp-block-separator has-alpha-channel-opacity\"\/>\n\n\n\n<p class=\"wp-block-paragraph\"><em><strong>Les points de vue, pens\u00e9es et opinions exprim\u00e9s dans les documents publi\u00e9s sur ce site n\u2019appartiennent qu\u2019\u00e0 leurs auteurs et ne refl\u00e8tent pas n\u00e9cessairement ceux du Transatlantic Dialogue Center, de ses comit\u00e9s ou de ses organisations affili\u00e9es. Les documents visent \u00e0 stimuler le dialogue et la discussion et ne repr\u00e9sentent pas les positions officielles du Transatlantic Dialogue Center ni de toute autre organisation \u00e0 laquelle les auteurs peuvent \u00eatre associ\u00e9s.<\/strong><\/em><\/p>","protected":false},"excerpt":{"rendered":"<p>For years, Venezuela has occupied a recurring place on the international agenda: economic sanctions, diplomatic condemnations, failed mediation efforts, and a regime that, despite everything, remains in place. At first glance, the case appears to be another example of a protracted crisis under an authoritarian regime resistant to external pressure. Yet its persistence reflects more [&hellip;]<\/p>\n","protected":false},"author":15,"featured_media":37900,"comment_status":"open","ping_status":"open","sticky":false,"template":"","format":"standard","meta":{"footnotes":""},"categories":[13,57],"tags":[],"topic":[93,113,95],"class_list":["post-38404","post","type-post","status-publish","format-standard","has-post-thumbnail","hentry","category-en-analyses","category-eng-latin-america-caribbean","topic-geopolitics","topic-latin-america","topic-usa"],"mb":[],"yoast_head":"<!-- This site is optimized with the Yoast SEO Premium plugin v25.6 (Yoast SEO v25.6) - https:\/\/yoast.com\/wordpress\/plugins\/seo\/ -->\n<title>Venezuela and the Limits of the Contemporary International Order | TDC<\/title>\n<meta name=\"description\" content=\"An analysis of Nicol\u00e1s Maduro&#039;s capture by U.S. forces in early 2026 and the limits of the contemporary international order.\" \/>\n<meta name=\"robots\" content=\"index, follow, max-snippet:-1, max-image-preview:large, max-video-preview:-1\" \/>\n<link rel=\"canonical\" href=\"https:\/\/tdcenter.org\/fr\/2026\/04\/30\/venezuela-and-the-limits-of-the-contemporary-international-order-norms-power-and-adaptation-in-a-system-in-transformation\/\" \/>\n<meta property=\"og:locale\" content=\"fr_FR\" \/>\n<meta property=\"og:type\" content=\"article\" \/>\n<meta property=\"og:title\" content=\"Venezuela and the Limits of the Contemporary International Order\" \/>\n<meta property=\"og:description\" content=\"An analysis of Nicol\u00e1s Maduro&#039;s capture by U.S. forces in early 2026 and the limits of the contemporary international order.\" \/>\n<meta property=\"og:url\" content=\"https:\/\/tdcenter.org\/fr\/2026\/04\/30\/venezuela-and-the-limits-of-the-contemporary-international-order-norms-power-and-adaptation-in-a-system-in-transformation\/\" \/>\n<meta property=\"og:site_name\" content=\"Transatlantic Dialogue Center\" \/>\n<meta property=\"article:publisher\" content=\"https:\/\/www.facebook.com\/Transatlantic-Dialogue-Center-105645698740463\" \/>\n<meta property=\"article:published_time\" content=\"2026-04-30T08:00:00+00:00\" \/>\n<meta property=\"article:modified_time\" content=\"2026-09-03T07:54:09+00:00\" \/>\n<meta property=\"og:image\" content=\"https:\/\/tdcenter.org\/wp-content\/uploads\/2026\/07\/image_2026-07-24_11-16-53.png\" \/>\n\t<meta property=\"og:image:width\" content=\"908\" \/>\n\t<meta property=\"og:image:height\" content=\"517\" \/>\n\t<meta property=\"og:image:type\" content=\"image\/png\" \/>\n<meta name=\"author\" content=\"Bohdana Batsko\" \/>\n<meta name=\"twitter:card\" content=\"summary_large_image\" \/>\n<meta name=\"twitter:title\" content=\"Venezuela and the Limits of the Contemporary International Order\" \/>\n<meta name=\"twitter:description\" content=\"An analysis of Nicol\u00e1s Maduro&#039;s capture by U.S. forces in early 2026 and the limits of the contemporary international order.\" \/>\n<meta name=\"twitter:label1\" content=\"Written by\" \/>\n\t<meta name=\"twitter:data1\" content=\"Bohdana Batsko\" \/>\n\t<meta name=\"twitter:label2\" content=\"Est. reading time\" \/>\n\t<meta name=\"twitter:data2\" content=\"27 minutes\" \/>\n<script type=\"application\/ld+json\" class=\"yoast-schema-graph\">{\"@context\":\"https:\/\/schema.org\",\"@graph\":[{\"@type\":\"Article\",\"@id\":\"https:\/\/tdcenter.org\/2026\/04\/30\/venezuela-and-the-limits-of-the-contemporary-international-order-norms-power-and-adaptation-in-a-system-in-transformation\/#article\",\"isPartOf\":{\"@id\":\"https:\/\/tdcenter.org\/2026\/04\/30\/venezuela-and-the-limits-of-the-contemporary-international-order-norms-power-and-adaptation-in-a-system-in-transformation\/\"},\"author\":{\"name\":\"Bohdana Batsko\",\"@id\":\"https:\/\/tdcenter.org\/#\/schema\/person\/bfca4e53cbe272b2feb293444dfe9b55\"},\"headline\":\"Venezuela and the Limits of the Contemporary International Order: Norms, Power, and Adaptation in a System in Transformation\",\"datePublished\":\"2026-04-30T08:00:00+00:00\",\"dateModified\":\"2026-09-03T07:54:09+00:00\",\"mainEntityOfPage\":{\"@id\":\"https:\/\/tdcenter.org\/2026\/04\/30\/venezuela-and-the-limits-of-the-contemporary-international-order-norms-power-and-adaptation-in-a-system-in-transformation\/\"},\"wordCount\":5365,\"commentCount\":0,\"publisher\":{\"@id\":\"https:\/\/tdcenter.org\/#organization\"},\"image\":{\"@id\":\"https:\/\/tdcenter.org\/2026\/04\/30\/venezuela-and-the-limits-of-the-contemporary-international-order-norms-power-and-adaptation-in-a-system-in-transformation\/#primaryimage\"},\"thumbnailUrl\":\"https:\/\/tdcenter.org\/wp-content\/uploads\/2026\/07\/image_2026-07-24_11-16-53.png\",\"articleSection\":[\"English Analyses\",\"Latin America &amp; Caribbean\"],\"inLanguage\":\"fr-FR\",\"potentialAction\":[{\"@type\":\"CommentAction\",\"name\":\"Comment\",\"target\":[\"https:\/\/tdcenter.org\/2026\/04\/30\/venezuela-and-the-limits-of-the-contemporary-international-order-norms-power-and-adaptation-in-a-system-in-transformation\/#respond\"]}]},{\"@type\":\"WebPage\",\"@id\":\"https:\/\/tdcenter.org\/2026\/04\/30\/venezuela-and-the-limits-of-the-contemporary-international-order-norms-power-and-adaptation-in-a-system-in-transformation\/\",\"url\":\"https:\/\/tdcenter.org\/2026\/04\/30\/venezuela-and-the-limits-of-the-contemporary-international-order-norms-power-and-adaptation-in-a-system-in-transformation\/\",\"name\":\"Venezuela and the Limits of the Contemporary International Order | TDC\",\"isPartOf\":{\"@id\":\"https:\/\/tdcenter.org\/#website\"},\"primaryImageOfPage\":{\"@id\":\"https:\/\/tdcenter.org\/2026\/04\/30\/venezuela-and-the-limits-of-the-contemporary-international-order-norms-power-and-adaptation-in-a-system-in-transformation\/#primaryimage\"},\"image\":{\"@id\":\"https:\/\/tdcenter.org\/2026\/04\/30\/venezuela-and-the-limits-of-the-contemporary-international-order-norms-power-and-adaptation-in-a-system-in-transformation\/#primaryimage\"},\"thumbnailUrl\":\"https:\/\/tdcenter.org\/wp-content\/uploads\/2026\/07\/image_2026-07-24_11-16-53.png\",\"datePublished\":\"2026-04-30T08:00:00+00:00\",\"dateModified\":\"2026-09-03T07:54:09+00:00\",\"description\":\"An analysis of Nicol\u00e1s Maduro's capture by U.S. forces in early 2026 and the limits of the contemporary international order.\",\"breadcrumb\":{\"@id\":\"https:\/\/tdcenter.org\/2026\/04\/30\/venezuela-and-the-limits-of-the-contemporary-international-order-norms-power-and-adaptation-in-a-system-in-transformation\/#breadcrumb\"},\"inLanguage\":\"fr-FR\",\"potentialAction\":[{\"@type\":\"ReadAction\",\"target\":[\"https:\/\/tdcenter.org\/2026\/04\/30\/venezuela-and-the-limits-of-the-contemporary-international-order-norms-power-and-adaptation-in-a-system-in-transformation\/\"]}]},{\"@type\":\"ImageObject\",\"inLanguage\":\"fr-FR\",\"@id\":\"https:\/\/tdcenter.org\/2026\/04\/30\/venezuela-and-the-limits-of-the-contemporary-international-order-norms-power-and-adaptation-in-a-system-in-transformation\/#primaryimage\",\"url\":\"https:\/\/tdcenter.org\/wp-content\/uploads\/2026\/07\/image_2026-07-24_11-16-53.png\",\"contentUrl\":\"https:\/\/tdcenter.org\/wp-content\/uploads\/2026\/07\/image_2026-07-24_11-16-53.png\",\"width\":908,\"height\":517},{\"@type\":\"BreadcrumbList\",\"@id\":\"https:\/\/tdcenter.org\/2026\/04\/30\/venezuela-and-the-limits-of-the-contemporary-international-order-norms-power-and-adaptation-in-a-system-in-transformation\/#breadcrumb\",\"itemListElement\":[{\"@type\":\"ListItem\",\"position\":1,\"name\":\"Home\",\"item\":\"https:\/\/tdcenter.org\/\"},{\"@type\":\"ListItem\",\"position\":2,\"name\":\"Venezuela and the Limits of the Contemporary International Order: Norms, Power, and Adaptation in a System in Transformation\"}]},{\"@type\":\"WebSite\",\"@id\":\"https:\/\/tdcenter.org\/#website\",\"url\":\"https:\/\/tdcenter.org\/\",\"name\":\"Transatlantic Dialogue Center\",\"description\":\"Promoting International Peace and Security\",\"publisher\":{\"@id\":\"https:\/\/tdcenter.org\/#organization\"},\"potentialAction\":[{\"@type\":\"SearchAction\",\"target\":{\"@type\":\"EntryPoint\",\"urlTemplate\":\"https:\/\/tdcenter.org\/?s={search_term_string}\"},\"query-input\":{\"@type\":\"PropertyValueSpecification\",\"valueRequired\":true,\"valueName\":\"search_term_string\"}}],\"inLanguage\":\"fr-FR\"},{\"@type\":\"Organization\",\"@id\":\"https:\/\/tdcenter.org\/#organization\",\"name\":\"Transatlantic Dialogue Center\",\"url\":\"https:\/\/tdcenter.org\/\",\"logo\":{\"@type\":\"ImageObject\",\"inLanguage\":\"fr-FR\",\"@id\":\"https:\/\/tdcenter.org\/#\/schema\/logo\/image\/\",\"url\":\"https:\/\/tdcenter.org\/wp-content\/uploads\/2022\/04\/google.png\",\"contentUrl\":\"https:\/\/tdcenter.org\/wp-content\/uploads\/2022\/04\/google.png\",\"width\":2568,\"height\":2487,\"caption\":\"Transatlantic Dialogue Center\"},\"image\":{\"@id\":\"https:\/\/tdcenter.org\/#\/schema\/logo\/image\/\"},\"sameAs\":[\"https:\/\/www.facebook.com\/Transatlantic-Dialogue-Center-105645698740463\",\"https:\/\/www.youtube.com\/channel\/UCpJuhU4JBfpv_jsldNOc5LA\"]},{\"@type\":\"Person\",\"@id\":\"https:\/\/tdcenter.org\/#\/schema\/person\/bfca4e53cbe272b2feb293444dfe9b55\",\"name\":\"Bohdana Batsko\",\"image\":{\"@type\":\"ImageObject\",\"inLanguage\":\"fr-FR\",\"@id\":\"https:\/\/tdcenter.org\/#\/schema\/person\/image\/\",\"url\":\"https:\/\/tdcenter.org\/wp-content\/litespeed\/avatar\/d8f3b20c902e8bb3923b20886148cd59.jpg?ver=1788347320\",\"contentUrl\":\"https:\/\/tdcenter.org\/wp-content\/litespeed\/avatar\/d8f3b20c902e8bb3923b20886148cd59.jpg?ver=1788347320\",\"caption\":\"Bohdana Batsko\"}}]}<\/script>\n<!-- \/ Yoast SEO Premium plugin. -->","yoast_head_json":{"title":"Venezuela and the Limits of the Contemporary International Order | TDC","description":"An analysis of Nicol\u00e1s Maduro's capture by U.S. forces in early 2026 and the limits of the contemporary international order.","robots":{"index":"index","follow":"follow","max-snippet":"max-snippet:-1","max-image-preview":"max-image-preview:large","max-video-preview":"max-video-preview:-1"},"canonical":"https:\/\/tdcenter.org\/fr\/2026\/04\/30\/venezuela-and-the-limits-of-the-contemporary-international-order-norms-power-and-adaptation-in-a-system-in-transformation\/","og_locale":"fr_FR","og_type":"article","og_title":"Venezuela and the Limits of the Contemporary International Order","og_description":"An analysis of Nicol\u00e1s Maduro's capture by U.S. forces in early 2026 and the limits of the contemporary international order.","og_url":"https:\/\/tdcenter.org\/fr\/2026\/04\/30\/venezuela-and-the-limits-of-the-contemporary-international-order-norms-power-and-adaptation-in-a-system-in-transformation\/","og_site_name":"Transatlantic Dialogue Center","article_publisher":"https:\/\/www.facebook.com\/Transatlantic-Dialogue-Center-105645698740463","article_published_time":"2026-04-30T08:00:00+00:00","article_modified_time":"2026-09-03T07:54:09+00:00","og_image":[{"width":908,"height":517,"url":"https:\/\/tdcenter.org\/wp-content\/uploads\/2026\/07\/image_2026-07-24_11-16-53.png","type":"image\/png"}],"author":"Bohdana Batsko","twitter_card":"summary_large_image","twitter_title":"Venezuela and the Limits of the Contemporary International Order","twitter_description":"An analysis of Nicol\u00e1s Maduro's capture by U.S. forces in early 2026 and the limits of the contemporary international order.","twitter_misc":{"Written by":"Bohdana Batsko","Est. reading time":"27 minutes"},"schema":{"@context":"https:\/\/schema.org","@graph":[{"@type":"Article","@id":"https:\/\/tdcenter.org\/2026\/04\/30\/venezuela-and-the-limits-of-the-contemporary-international-order-norms-power-and-adaptation-in-a-system-in-transformation\/#article","isPartOf":{"@id":"https:\/\/tdcenter.org\/2026\/04\/30\/venezuela-and-the-limits-of-the-contemporary-international-order-norms-power-and-adaptation-in-a-system-in-transformation\/"},"author":{"name":"Bohdana Batsko","@id":"https:\/\/tdcenter.org\/#\/schema\/person\/bfca4e53cbe272b2feb293444dfe9b55"},"headline":"Venezuela and the Limits of the Contemporary International Order: Norms, Power, and Adaptation in a System in Transformation","datePublished":"2026-04-30T08:00:00+00:00","dateModified":"2026-09-03T07:54:09+00:00","mainEntityOfPage":{"@id":"https:\/\/tdcenter.org\/2026\/04\/30\/venezuela-and-the-limits-of-the-contemporary-international-order-norms-power-and-adaptation-in-a-system-in-transformation\/"},"wordCount":5365,"commentCount":0,"publisher":{"@id":"https:\/\/tdcenter.org\/#organization"},"image":{"@id":"https:\/\/tdcenter.org\/2026\/04\/30\/venezuela-and-the-limits-of-the-contemporary-international-order-norms-power-and-adaptation-in-a-system-in-transformation\/#primaryimage"},"thumbnailUrl":"https:\/\/tdcenter.org\/wp-content\/uploads\/2026\/07\/image_2026-07-24_11-16-53.png","articleSection":["English Analyses","Latin America &amp; Caribbean"],"inLanguage":"fr-FR","potentialAction":[{"@type":"CommentAction","name":"Comment","target":["https:\/\/tdcenter.org\/2026\/04\/30\/venezuela-and-the-limits-of-the-contemporary-international-order-norms-power-and-adaptation-in-a-system-in-transformation\/#respond"]}]},{"@type":"WebPage","@id":"https:\/\/tdcenter.org\/2026\/04\/30\/venezuela-and-the-limits-of-the-contemporary-international-order-norms-power-and-adaptation-in-a-system-in-transformation\/","url":"https:\/\/tdcenter.org\/2026\/04\/30\/venezuela-and-the-limits-of-the-contemporary-international-order-norms-power-and-adaptation-in-a-system-in-transformation\/","name":"Venezuela and the Limits of the Contemporary International Order | TDC","isPartOf":{"@id":"https:\/\/tdcenter.org\/#website"},"primaryImageOfPage":{"@id":"https:\/\/tdcenter.org\/2026\/04\/30\/venezuela-and-the-limits-of-the-contemporary-international-order-norms-power-and-adaptation-in-a-system-in-transformation\/#primaryimage"},"image":{"@id":"https:\/\/tdcenter.org\/2026\/04\/30\/venezuela-and-the-limits-of-the-contemporary-international-order-norms-power-and-adaptation-in-a-system-in-transformation\/#primaryimage"},"thumbnailUrl":"https:\/\/tdcenter.org\/wp-content\/uploads\/2026\/07\/image_2026-07-24_11-16-53.png","datePublished":"2026-04-30T08:00:00+00:00","dateModified":"2026-09-03T07:54:09+00:00","description":"An analysis of Nicol\u00e1s Maduro's capture by U.S. forces in early 2026 and the limits of the contemporary international order.","breadcrumb":{"@id":"https:\/\/tdcenter.org\/2026\/04\/30\/venezuela-and-the-limits-of-the-contemporary-international-order-norms-power-and-adaptation-in-a-system-in-transformation\/#breadcrumb"},"inLanguage":"fr-FR","potentialAction":[{"@type":"ReadAction","target":["https:\/\/tdcenter.org\/2026\/04\/30\/venezuela-and-the-limits-of-the-contemporary-international-order-norms-power-and-adaptation-in-a-system-in-transformation\/"]}]},{"@type":"ImageObject","inLanguage":"fr-FR","@id":"https:\/\/tdcenter.org\/2026\/04\/30\/venezuela-and-the-limits-of-the-contemporary-international-order-norms-power-and-adaptation-in-a-system-in-transformation\/#primaryimage","url":"https:\/\/tdcenter.org\/wp-content\/uploads\/2026\/07\/image_2026-07-24_11-16-53.png","contentUrl":"https:\/\/tdcenter.org\/wp-content\/uploads\/2026\/07\/image_2026-07-24_11-16-53.png","width":908,"height":517},{"@type":"BreadcrumbList","@id":"https:\/\/tdcenter.org\/2026\/04\/30\/venezuela-and-the-limits-of-the-contemporary-international-order-norms-power-and-adaptation-in-a-system-in-transformation\/#breadcrumb","itemListElement":[{"@type":"ListItem","position":1,"name":"Home","item":"https:\/\/tdcenter.org\/"},{"@type":"ListItem","position":2,"name":"Venezuela and the Limits of the Contemporary International Order: Norms, Power, and Adaptation in a System in Transformation"}]},{"@type":"WebSite","@id":"https:\/\/tdcenter.org\/#website","url":"https:\/\/tdcenter.org\/","name":"Transatlantic Dialogue Center","description":"Promoting International Peace and Security","publisher":{"@id":"https:\/\/tdcenter.org\/#organization"},"potentialAction":[{"@type":"SearchAction","target":{"@type":"EntryPoint","urlTemplate":"https:\/\/tdcenter.org\/?s={search_term_string}"},"query-input":{"@type":"PropertyValueSpecification","valueRequired":true,"valueName":"search_term_string"}}],"inLanguage":"fr-FR"},{"@type":"Organization","@id":"https:\/\/tdcenter.org\/#organization","name":"Transatlantic Dialogue Center","url":"https:\/\/tdcenter.org\/","logo":{"@type":"ImageObject","inLanguage":"fr-FR","@id":"https:\/\/tdcenter.org\/#\/schema\/logo\/image\/","url":"https:\/\/tdcenter.org\/wp-content\/uploads\/2022\/04\/google.png","contentUrl":"https:\/\/tdcenter.org\/wp-content\/uploads\/2022\/04\/google.png","width":2568,"height":2487,"caption":"Transatlantic Dialogue Center"},"image":{"@id":"https:\/\/tdcenter.org\/#\/schema\/logo\/image\/"},"sameAs":["https:\/\/www.facebook.com\/Transatlantic-Dialogue-Center-105645698740463","https:\/\/www.youtube.com\/channel\/UCpJuhU4JBfpv_jsldNOc5LA"]},{"@type":"Person","@id":"https:\/\/tdcenter.org\/#\/schema\/person\/bfca4e53cbe272b2feb293444dfe9b55","name":"Bohdana Batsko","image":{"@type":"ImageObject","inLanguage":"fr-FR","@id":"https:\/\/tdcenter.org\/#\/schema\/person\/image\/","url":"https:\/\/tdcenter.org\/wp-content\/litespeed\/avatar\/d8f3b20c902e8bb3923b20886148cd59.jpg?ver=1788347320","contentUrl":"https:\/\/tdcenter.org\/wp-content\/litespeed\/avatar\/d8f3b20c902e8bb3923b20886148cd59.jpg?ver=1788347320","caption":"Bohdana Batsko"}}]}},"mfb_rest_fields":["title","yoast_head","yoast_head_json","gutenberg_elementor_mode"],"_links":{"self":[{"href":"https:\/\/tdcenter.org\/fr\/wp-json\/wp\/v2\/posts\/38404","targetHints":{"allow":["GET"]}}],"collection":[{"href":"https:\/\/tdcenter.org\/fr\/wp-json\/wp\/v2\/posts"}],"about":[{"href":"https:\/\/tdcenter.org\/fr\/wp-json\/wp\/v2\/types\/post"}],"author":[{"embeddable":true,"href":"https:\/\/tdcenter.org\/fr\/wp-json\/wp\/v2\/users\/15"}],"replies":[{"embeddable":true,"href":"https:\/\/tdcenter.org\/fr\/wp-json\/wp\/v2\/comments?post=38404"}],"version-history":[{"count":1,"href":"https:\/\/tdcenter.org\/fr\/wp-json\/wp\/v2\/posts\/38404\/revisions"}],"predecessor-version":[{"id":38412,"href":"https:\/\/tdcenter.org\/fr\/wp-json\/wp\/v2\/posts\/38404\/revisions\/38412"}],"wp:featuredmedia":[{"embeddable":true,"href":"https:\/\/tdcenter.org\/fr\/wp-json\/wp\/v2\/media\/37900"}],"wp:attachment":[{"href":"https:\/\/tdcenter.org\/fr\/wp-json\/wp\/v2\/media?parent=38404"}],"wp:term":[{"taxonomy":"category","embeddable":true,"href":"https:\/\/tdcenter.org\/fr\/wp-json\/wp\/v2\/categories?post=38404"},{"taxonomy":"post_tag","embeddable":true,"href":"https:\/\/tdcenter.org\/fr\/wp-json\/wp\/v2\/tags?post=38404"},{"taxonomy":"topic","embeddable":true,"href":"https:\/\/tdcenter.org\/fr\/wp-json\/wp\/v2\/topic?post=38404"}],"curies":[{"name":"wp","href":"https:\/\/api.w.org\/{rel}","templated":true}]}}