{"id":38398,"date":"2023-12-13T16:08:50","date_gmt":"2023-12-13T14:08:50","guid":{"rendered":"https:\/\/tdcenter.org\/?p=38398"},"modified":"2026-09-03T10:54:05","modified_gmt":"2026-09-03T07:54:05","slug":"volodymyr-zelenskyy-in-argentina-a-new-chapter-in-relations-between-ukraine-and-latin-america","status":"publish","type":"post","link":"https:\/\/tdcenter.org\/fr\/2023\/12\/13\/volodymyr-zelenskyy-in-argentina-a-new-chapter-in-relations-between-ukraine-and-latin-america\/","title":{"rendered":"Volodymyr Zelenskyy en Argentine : un nouveau chapitre dans les relations entre l\u2019Ukraine et l\u2019Am\u00e9rique latine"},"content":{"rendered":"<h4 class=\"wp-block-heading\" id=\"h-\"><\/h4>\n\n\n\n<div class=\"wp-block-quick-download-button-download-button aligncenter qdbn-wrapper\"><div class=\"qdbn\" data-plugin-name=\"qdbn\" data-style=\"small\" data-file=\"hide-file\" data-size=\"hide-size\"><div class=\"qdbn-download-button-inner\"><button type=\"button\" data-button-type=\"small\" class=\"g-btn f-l\" style=\"background-color:#0e107b;color:#ffffff;border-radius:25px;border:1px solid #e2e2e2\" data-attachment-id=\"40423\" data-page-id=\"18850\" data-post-id=\"\" data-have-external=\"false\" data-external-url=\"\" data-wait-duration=\"0\" data-target-blank=\"true\" data-msg=\"Please wait...\" data-member=\"0\" data-has-icon-dark=\"false\" title=\"T\u00e9l\u00e9charger le PDF original en espagnol\"><span class=\"download-btn-icon\"><svg xmlns=\"http:\/\/www.w3.org\/2000\/svg\" viewbox=\"0 0 24 24\" width=\"22\" height=\"22\" aria-hidden=\"true\"><path d=\"M18 11.3l-1-1.1-4 4V3h-1.5v11.3L7 10.2l-1 1.1 6.2 5.8 5.8-5.8zm.5 3.7v3.5h-13V15H4v5h16v-5h-1.5z\"><\/path><\/svg><\/span><span>T\u00e9l\u00e9charger le PDF original en espagnol<\/span><\/button><p class=\"up\" style=\"background:transparent;border-radius:0\"><i class=\"fi fi-pdf\"><\/i><\/p><p class=\"down\" style=\"background:transparent;border-radius:0\"><i class=\"fi-folder-o\"><\/i><span class=\"file-size\">376 KB<\/span><\/p><\/div><\/div><quick-download-button-info class=\"qdb-btn-info\"><\/quick-download-button-info><\/div>\n\n\n\n<figure class=\"wp-block-image alignwide size-large\"><img fetchpriority=\"high\" decoding=\"async\" width=\"1024\" height=\"432\" src=\"https:\/\/tdcenter.org\/wp-content\/uploads\/2024\/01\/image-1024x432.png\" alt=\"Cover image for: Volodymyr Zelenskyy in Argentina: A New Chapter in Relations Between Ukraine and Latin America\" class=\"wp-image-21574\" srcset=\"https:\/\/tdcenter.org\/wp-content\/uploads\/2024\/01\/image-1024x432.png 1024w, https:\/\/tdcenter.org\/wp-content\/uploads\/2024\/01\/image-600x253.png 600w, https:\/\/tdcenter.org\/wp-content\/uploads\/2024\/01\/image-768x324.png 768w, https:\/\/tdcenter.org\/wp-content\/uploads\/2024\/01\/image-18x8.png 18w, https:\/\/tdcenter.org\/wp-content\/uploads\/2024\/01\/image.png 1241w\" sizes=\"(max-width: 1024px) 100vw, 1024px\" \/><\/figure>\n\n\n\n<p class=\"wp-block-paragraph\">La pr\u00e9sence du pr\u00e9sident ukrainien Volodymyr Zelenskyy \u00e0 l\u2019investiture du pr\u00e9sident Javier Milei a \u00e9t\u00e9 marqu\u00e9e par une s\u00e9rie de rencontres avec diff\u00e9rents chefs de gouvernement latino-am\u00e9ricains. L\u2019importance de cette visite tient \u00e0 la recherche d\u2019un soutien aux sanctions impos\u00e9es \u00e0 la Russie, ainsi qu\u2019\u00e0 l\u2019obtention de l\u2019appui de l\u2019\u00c9tat argentin dans les organisations multilat\u00e9rales et dans d\u2019autres initiatives diplomatiques, politiques et \u00e9conomiques visant \u00e0 renforcer la position de l\u2019Ukraine en Am\u00e9rique latine. <\/p>\n\n\n\n<p class=\"wp-block-paragraph\">Bien que la visite du dirigeant ukrainien ait \u00e9t\u00e9 br\u00e8ve, elle a permis de tenir une s\u00e9rie de r\u00e9unions avec les pr\u00e9sidents de l\u2019\u00c9quateur, du Paraguay et de l\u2019Uruguay, avec lesquels il a eu un \u00e9change cordial au cours duquel l\u2019importance de la r\u00e9gion dans la lutte contre l\u2019invasion russe a \u00e9t\u00e9 expliqu\u00e9e. Selon les mots du pr\u00e9sident ukrainien : <em>\u00ab La voix puissante et unie des pays d\u2019Am\u00e9rique latine qui soutiennent la lutte du peuple ukrainien pour la libert\u00e9 et la d\u00e9mocratie est tr\u00e8s importante pour nous \u00bb<\/em>. <\/p>\n\n\n<div class=\"wp-block-image\">\n<figure class=\"alignleft size-full is-resized\"><img decoding=\"async\" width=\"441\" height=\"202\" src=\"https:\/\/tdcenter.org\/wp-content\/uploads\/2024\/01\/image-1.png\" alt=\"Cover image for: Volodymyr Zelenskyy in Argentina: A New Chapter in Relations Between Ukraine and Latin America\" class=\"wp-image-21575\" style=\"width:360px;height:auto\" srcset=\"https:\/\/tdcenter.org\/wp-content\/uploads\/2024\/01\/image-1.png 441w, https:\/\/tdcenter.org\/wp-content\/uploads\/2024\/01\/image-1-18x8.png 18w\" sizes=\"(max-width: 441px) 100vw, 441px\" \/><\/figure>\n<\/div>\n\n\n<p class=\"wp-block-paragraph\">Parmi les principaux points abord\u00e9s avec chaque dirigeant, la rencontre avec le pr\u00e9sident uruguayen Luis Lacalle Pou a \u00e9t\u00e9 la plus chaleureuse, compte tenu du soutien de l\u2019\u00c9tat uruguayen \u00e0 l\u2019int\u00e9grit\u00e9 territoriale de l\u2019Ukraine et de sa participation \u00e0 une troisi\u00e8me r\u00e9union de conseillers aux affaires \u00e9trang\u00e8res consacr\u00e9e \u00e0 la mise en \u0153uvre de la formule ukrainienne dans les n\u00e9gociations de paix.<\/p>\n\n\n\n<p class=\"wp-block-paragraph\">Lors de la rencontre avec le pr\u00e9sident \u00e9quatorien Daniel Noboa et le pr\u00e9sident paraguayen Santiago Pe\u00f1a, il les a remerci\u00e9s de leur soutien lors des votes dans des organisations multilat\u00e9rales telles que l\u2019ONU, notamment sur la r\u00e9solution appelant \u00e0 la \u00ab cessation des hostilit\u00e9s \u00bb en Ukraine et au retrait des troupes russes. De m\u00eame, le pr\u00e9sident Zelenskyy a continu\u00e9 de manifester un vif int\u00e9r\u00eat pour le renforcement des liens bilat\u00e9raux avec les pr\u00e9sidents latino-am\u00e9ricains r\u00e9unis sur place et, comme pr\u00e9vu, avec son h\u00f4te, le pr\u00e9sident Javier Milei. <strong><br><\/strong><\/p>\n\n\n\n<p class=\"wp-block-paragraph\">En outre, la rencontre entre Zelenskyy et Milei a \u00e9t\u00e9 marqu\u00e9e par des gestes de cordialit\u00e9 et des \u00e9loges envers le pr\u00e9sident argentin, qualifi\u00e9 de \u00ab dirigeant latino-am\u00e9ricain \u00bb, ainsi que par l\u2019\u00e9vocation de la possibilit\u00e9 d\u2019organiser un sommet entre l\u2019Ukraine et plusieurs dirigeants d\u2019Am\u00e9rique latine et des Cara\u00efbes, dans lequel le pr\u00e9sident argentin jouerait un r\u00f4le important.&nbsp; <\/p>\n\n\n\n<p class=\"wp-block-paragraph\">D\u2019autre part, sur le plan bilat\u00e9ral, le pr\u00e9sident Zelenskyy a manifest\u00e9 un vif int\u00e9r\u00eat pour les questions de cybers\u00e9curit\u00e9 et de d\u00e9sinformation, citant l\u2019activit\u00e9 russe en mati\u00e8re de cyberattaques et soulignant l\u2019importance de combattre la propagande russe dans la r\u00e9gion. Toutefois, la cr\u00e9ation d\u2019emplois et le renforcement des liens \u00e9conomiques entre les deux nations ont \u00e9galement \u00e9t\u00e9 abord\u00e9s. Un d\u00e9tail pertinent est la d\u00e9cision du pr\u00e9sident Milei de n\u00e9gocier le don \u00e0 l\u2019\u00c9tat ukrainien de deux h\u00e9licopt\u00e8res russes Mi-171E qui restent hors service, dans le cadre d\u2019un \u00e9ventuel accord de d\u00e9fense avec les \u00c9tats-Unis pour l\u2019achat d\u2019avions F-16 Fighting Falcon. Il convient \u00e9galement de noter l\u2019absence de l\u2019ambassadeur russe ou de d\u00e9l\u00e9gations envoy\u00e9es par l\u2019\u00c9tat russe pour assister \u00e0 la c\u00e9r\u00e9monie.<\/p>\n\n\n\n<div class=\"wp-block-columns is-layout-flex wp-container-core-columns-is-layout-7387b849 wp-block-columns-is-layout-flex\">\n<div class=\"wp-block-column is-layout-flow wp-block-column-is-layout-flow\"><div class=\"wp-block-image\">\n<figure class=\"aligncenter size-full is-resized\"><img decoding=\"async\" width=\"448\" height=\"299\" src=\"https:\/\/tdcenter.org\/wp-content\/uploads\/2024\/01\/image-2.png\" alt=\"Cover image for: Volodymyr Zelenskyy in Argentina: A New Chapter in Relations Between Ukraine and Latin America\" class=\"wp-image-21576\" style=\"width:449px;height:auto\" srcset=\"https:\/\/tdcenter.org\/wp-content\/uploads\/2024\/01\/image-2.png 448w, https:\/\/tdcenter.org\/wp-content\/uploads\/2024\/01\/image-2-18x12.png 18w\" sizes=\"(max-width: 448px) 100vw, 448px\" \/><figcaption class=\"wp-element-caption\">La rencontre entre Volodymyr Zelensky et le pr\u00e9sident Javier Milei<\/figcaption><\/figure>\n<\/div><\/div>\n\n\n\n<div class=\"wp-block-column is-layout-flow wp-block-column-is-layout-flow\"><div class=\"wp-block-image\">\n<figure class=\"aligncenter size-full\"><img loading=\"lazy\" decoding=\"async\" width=\"461\" height=\"300\" src=\"https:\/\/tdcenter.org\/wp-content\/uploads\/2024\/01\/image-3.png\" alt=\"Cover image for: Volodymyr Zelenskyy in Argentina: A New Chapter in Relations Between Ukraine and Latin America\" class=\"wp-image-21577\" srcset=\"https:\/\/tdcenter.org\/wp-content\/uploads\/2024\/01\/image-3.png 461w, https:\/\/tdcenter.org\/wp-content\/uploads\/2024\/01\/image-3-18x12.png 18w\" sizes=\"(max-width: 461px) 100vw, 461px\" \/><\/figure>\n<\/div><\/div>\n<\/div>\n\n\n\n<p class=\"wp-block-paragraph\">En mati\u00e8re de politique internationale, Zelenskyy n\u2019a pas h\u00e9sit\u00e9 \u00e0 souligner que la guerre entre Isra\u00ebl et le Hamas a des r\u00e9percussions sur l\u2019invasion de l\u2019Ukraine par la Russie : d\u2019une part, sur l\u2019attention de la communaut\u00e9 internationale, d\u00e9sormais tourn\u00e9e vers le conflit isra\u00e9lo-palestinien ; d\u2019autre part, sur les fonds consacr\u00e9s \u00e0 la guerre de la Russie contre l\u2019Ukraine, puisque des ressources ont \u00e9t\u00e9 allou\u00e9es au conflit en Isra\u00ebl. &nbsp;<\/p>\n\n\n<div class=\"wp-block-image\">\n<figure class=\"alignright size-full is-resized\"><img loading=\"lazy\" decoding=\"async\" width=\"400\" height=\"223\" src=\"https:\/\/tdcenter.org\/wp-content\/uploads\/2024\/01\/image-4.png\" alt=\"Cover image for: Volodymyr Zelenskyy in Argentina: A New Chapter in Relations Between Ukraine and Latin America\" class=\"wp-image-21578\" style=\"width:319px;height:auto\" srcset=\"https:\/\/tdcenter.org\/wp-content\/uploads\/2024\/01\/image-4.png 400w, https:\/\/tdcenter.org\/wp-content\/uploads\/2024\/01\/image-4-18x10.png 18w\" sizes=\"(max-width: 400px) 100vw, 400px\" \/><figcaption class=\"wp-element-caption\"><em>Source : Reuters<\/em><\/figcaption><\/figure>\n<\/div>\n\n\n<p class=\"wp-block-paragraph\">Une autre rencontre importante a eu lieu entre Zelenskyy et le Premier ministre Viktor Orb\u00e1n, au cours de laquelle, sans fournir davantage de d\u00e9tails, le pr\u00e9sident ukrainien a indiqu\u00e9 que des \u00ab questions europ\u00e9ennes \u00bb avaient \u00e9t\u00e9 abord\u00e9es. Il ne faut pas oublier que Budapest s\u2019est oppos\u00e9e \u00e0 l\u2019adh\u00e9sion de Kyiv \u00e0 l\u2019Union europ\u00e9enne et a fait des d\u00e9clarations fermes qui ont g\u00e9n\u00e9r\u00e9 des frictions entre les deux \u00c9tats. <\/p>\n\n\n\n<p class=\"wp-block-paragraph\">En conclusion, la pr\u00e9sence du pr\u00e9sident ukrainien \u00e0 Buenos Aires marque un rapprochement important dans les relations argentino-ukrainiennes, qui pourrait ouvrir la voie \u00e0 des liens politiques avec d\u2019autres pays de la r\u00e9gion partageant certains fondements id\u00e9ologiques ou politiques du nouveau dirigeant argentin. Dans le m\u00eame ordre d\u2019id\u00e9es, la capacit\u00e9 du pr\u00e9sident Milei \u00e0 diriger le soutien r\u00e9gional \u00e0 l\u2019Ukraine ne doit pas \u00eatre surestim\u00e9e, car les relations avec le pr\u00e9sident br\u00e9silien Lula Da Silva ont \u00e9t\u00e9 marqu\u00e9es par des d\u00e9saccords avec le nouveau gouvernement argentin ; on a \u00e9galement constat\u00e9 l\u2019absence notable de dirigeants europ\u00e9ens et latino-am\u00e9ricains de premier plan, notamment ceux de Colombie et du Mexique, deux pays essentiels \u00e0 la r\u00e9gion en raison de leur poids politique et \u00e9conomique.&nbsp; <\/p>\n\n\n\n<p class=\"wp-block-paragraph\">Cette situation intervient dans un contexte d\u2019affaiblissement possible du soutien financier du gouvernement des \u00c9tats-Unis \u00e0 l\u2019Ukraine face \u00e0 la Russie, ce qui signifie que le pr\u00e9sident ukrainien a besoin d\u2019un plus grand soutien de l\u2019Am\u00e9rique latine.<\/p>\n\n\n\n<hr class=\"wp-block-separator has-alpha-channel-opacity\"\/>\n\n\n\n<p class=\"wp-block-paragraph\"><em>Avertissement : les points de vue, r\u00e9flexions et opinions exprim\u00e9s dans les documents publi\u00e9s sur ce site appartiennent exclusivement \u00e0 leurs auteurs et ne refl\u00e8tent pas n\u00e9cessairement ceux du Transatlantic Dialogue Center, de ses comit\u00e9s ou de ses organisations affili\u00e9es. Les documents ont pour objet de stimuler le dialogue et la discussion et ne repr\u00e9sentent pas les positions politiques officielles du Transatlantic Dialogue Center ni de toute autre organisation \u00e0 laquelle les auteurs peuvent \u00eatre associ\u00e9s.<\/em><\/p>","protected":false},"excerpt":{"rendered":"<p>Ukrainian President Volodymyr Zelenskyy\u2019s presence at President Javier Milei\u2019s inauguration was marked by a series of meetings with various Latin American heads of government. The importance of this visit lies in seeking support for the sanctions imposed on Russia, as well as securing the backing of the Argentine state in multilateral organizations and other diplomatic, [&hellip;]<\/p>\n","protected":false},"author":8,"featured_media":21576,"comment_status":"open","ping_status":"open","sticky":false,"template":"","format":"standard","meta":{"footnotes":""},"categories":[13,57],"tags":[],"topic":[113,86],"class_list":["post-38398","post","type-post","status-publish","format-standard","has-post-thumbnail","hentry","category-en-analyses","category-eng-latin-america-caribbean","topic-latin-america","topic-ukraine"],"mb":[],"yoast_head":"<!-- This site is optimized with the Yoast SEO Premium plugin v25.6 (Yoast SEO v25.6) - https:\/\/yoast.com\/wordpress\/plugins\/seo\/ -->\n<title>Zelenskyy in Argentina: Ukraine and Latin America | TDC<\/title>\n<meta name=\"description\" content=\"Analysis of Volodymyr Zelenskyy\u2019s visit to Javier Milei\u2019s inauguration and his meetings with Latin American leaders.\" \/>\n<meta name=\"robots\" content=\"index, follow, max-snippet:-1, max-image-preview:large, max-video-preview:-1\" \/>\n<link rel=\"canonical\" href=\"https:\/\/tdcenter.org\/fr\/2023\/12\/13\/volodymyr-zelenskyy-in-argentina-a-new-chapter-in-relations-between-ukraine-and-latin-america\/\" \/>\n<meta property=\"og:locale\" content=\"fr_FR\" \/>\n<meta property=\"og:type\" content=\"article\" \/>\n<meta property=\"og:title\" content=\"Zelenskyy in Argentina and Latin America\" \/>\n<meta property=\"og:description\" content=\"Analysis of Volodymyr Zelenskyy\u2019s visit to Javier Milei\u2019s inauguration and his meetings with Latin American leaders.\" \/>\n<meta property=\"og:url\" content=\"https:\/\/tdcenter.org\/fr\/2023\/12\/13\/volodymyr-zelenskyy-in-argentina-a-new-chapter-in-relations-between-ukraine-and-latin-america\/\" \/>\n<meta property=\"og:site_name\" content=\"Transatlantic Dialogue Center\" \/>\n<meta property=\"article:publisher\" content=\"https:\/\/www.facebook.com\/Transatlantic-Dialogue-Center-105645698740463\" \/>\n<meta property=\"article:published_time\" content=\"2023-12-13T14:08:50+00:00\" \/>\n<meta property=\"article:modified_time\" content=\"2026-09-03T07:54:05+00:00\" \/>\n<meta property=\"og:image\" content=\"https:\/\/tdcenter.org\/wp-content\/uploads\/2024\/01\/image-2.png\" \/>\n\t<meta property=\"og:image:width\" content=\"448\" \/>\n\t<meta property=\"og:image:height\" content=\"299\" \/>\n\t<meta property=\"og:image:type\" content=\"image\/png\" \/>\n<meta name=\"author\" content=\"Alina Rohach\" \/>\n<meta name=\"twitter:card\" content=\"summary_large_image\" \/>\n<meta name=\"twitter:title\" content=\"Zelenskyy in Argentina and Latin America\" \/>\n<meta name=\"twitter:description\" content=\"Analysis of Volodymyr Zelenskyy\u2019s visit to Javier Milei\u2019s inauguration and his meetings with Latin American leaders.\" \/>\n<meta name=\"twitter:label1\" content=\"Written by\" \/>\n\t<meta name=\"twitter:data1\" content=\"Alina Rohach\" \/>\n\t<meta name=\"twitter:label2\" content=\"Est. reading time\" \/>\n\t<meta name=\"twitter:data2\" content=\"4 minutes\" \/>\n<script type=\"application\/ld+json\" class=\"yoast-schema-graph\">{\"@context\":\"https:\/\/schema.org\",\"@graph\":[{\"@type\":\"Article\",\"@id\":\"https:\/\/tdcenter.org\/2023\/12\/13\/volodymyr-zelenskyy-in-argentina-a-new-chapter-in-relations-between-ukraine-and-latin-america\/#article\",\"isPartOf\":{\"@id\":\"https:\/\/tdcenter.org\/2023\/12\/13\/volodymyr-zelenskyy-in-argentina-a-new-chapter-in-relations-between-ukraine-and-latin-america\/\"},\"author\":{\"name\":\"Alina Rohach\",\"@id\":\"https:\/\/tdcenter.org\/#\/schema\/person\/2b76b794dbb8257325dc72d4fdee35ec\"},\"headline\":\"Volodymyr Zelenskyy in Argentina: A New Chapter in Relations Between Ukraine and Latin America\",\"datePublished\":\"2023-12-13T14:08:50+00:00\",\"dateModified\":\"2026-09-03T07:54:05+00:00\",\"mainEntityOfPage\":{\"@id\":\"https:\/\/tdcenter.org\/2023\/12\/13\/volodymyr-zelenskyy-in-argentina-a-new-chapter-in-relations-between-ukraine-and-latin-america\/\"},\"wordCount\":823,\"commentCount\":0,\"publisher\":{\"@id\":\"https:\/\/tdcenter.org\/#organization\"},\"image\":{\"@id\":\"https:\/\/tdcenter.org\/2023\/12\/13\/volodymyr-zelenskyy-in-argentina-a-new-chapter-in-relations-between-ukraine-and-latin-america\/#primaryimage\"},\"thumbnailUrl\":\"https:\/\/tdcenter.org\/wp-content\/uploads\/2024\/01\/image-2.png\",\"articleSection\":[\"English Analyses\",\"Latin America &amp; Caribbean\"],\"inLanguage\":\"fr-FR\",\"potentialAction\":[{\"@type\":\"CommentAction\",\"name\":\"Comment\",\"target\":[\"https:\/\/tdcenter.org\/2023\/12\/13\/volodymyr-zelenskyy-in-argentina-a-new-chapter-in-relations-between-ukraine-and-latin-america\/#respond\"]}]},{\"@type\":\"WebPage\",\"@id\":\"https:\/\/tdcenter.org\/2023\/12\/13\/volodymyr-zelenskyy-in-argentina-a-new-chapter-in-relations-between-ukraine-and-latin-america\/\",\"url\":\"https:\/\/tdcenter.org\/2023\/12\/13\/volodymyr-zelenskyy-in-argentina-a-new-chapter-in-relations-between-ukraine-and-latin-america\/\",\"name\":\"Zelenskyy in Argentina: Ukraine and Latin America | TDC\",\"isPartOf\":{\"@id\":\"https:\/\/tdcenter.org\/#website\"},\"primaryImageOfPage\":{\"@id\":\"https:\/\/tdcenter.org\/2023\/12\/13\/volodymyr-zelenskyy-in-argentina-a-new-chapter-in-relations-between-ukraine-and-latin-america\/#primaryimage\"},\"image\":{\"@id\":\"https:\/\/tdcenter.org\/2023\/12\/13\/volodymyr-zelenskyy-in-argentina-a-new-chapter-in-relations-between-ukraine-and-latin-america\/#primaryimage\"},\"thumbnailUrl\":\"https:\/\/tdcenter.org\/wp-content\/uploads\/2024\/01\/image-2.png\",\"datePublished\":\"2023-12-13T14:08:50+00:00\",\"dateModified\":\"2026-09-03T07:54:05+00:00\",\"description\":\"Analysis of Volodymyr Zelenskyy\u2019s visit to Javier Milei\u2019s inauguration and his meetings with Latin American leaders.\",\"breadcrumb\":{\"@id\":\"https:\/\/tdcenter.org\/2023\/12\/13\/volodymyr-zelenskyy-in-argentina-a-new-chapter-in-relations-between-ukraine-and-latin-america\/#breadcrumb\"},\"inLanguage\":\"fr-FR\",\"potentialAction\":[{\"@type\":\"ReadAction\",\"target\":[\"https:\/\/tdcenter.org\/2023\/12\/13\/volodymyr-zelenskyy-in-argentina-a-new-chapter-in-relations-between-ukraine-and-latin-america\/\"]}]},{\"@type\":\"ImageObject\",\"inLanguage\":\"fr-FR\",\"@id\":\"https:\/\/tdcenter.org\/2023\/12\/13\/volodymyr-zelenskyy-in-argentina-a-new-chapter-in-relations-between-ukraine-and-latin-america\/#primaryimage\",\"url\":\"https:\/\/tdcenter.org\/wp-content\/uploads\/2024\/01\/image-2.png\",\"contentUrl\":\"https:\/\/tdcenter.org\/wp-content\/uploads\/2024\/01\/image-2.png\",\"width\":448,\"height\":299,\"caption\":\"Cover image for: Volodymyr Zelenskyy en Argentina: un nuevo cap\u00edtulo en las relaciones entre Ucrania y Am\u00e9rica Latina\"},{\"@type\":\"BreadcrumbList\",\"@id\":\"https:\/\/tdcenter.org\/2023\/12\/13\/volodymyr-zelenskyy-in-argentina-a-new-chapter-in-relations-between-ukraine-and-latin-america\/#breadcrumb\",\"itemListElement\":[{\"@type\":\"ListItem\",\"position\":1,\"name\":\"Home\",\"item\":\"https:\/\/tdcenter.org\/\"},{\"@type\":\"ListItem\",\"position\":2,\"name\":\"Volodymyr Zelenskyy in Argentina: A New Chapter in Relations Between Ukraine and Latin America\"}]},{\"@type\":\"WebSite\",\"@id\":\"https:\/\/tdcenter.org\/#website\",\"url\":\"https:\/\/tdcenter.org\/\",\"name\":\"Transatlantic Dialogue Center\",\"description\":\"Promoting International Peace and Security\",\"publisher\":{\"@id\":\"https:\/\/tdcenter.org\/#organization\"},\"potentialAction\":[{\"@type\":\"SearchAction\",\"target\":{\"@type\":\"EntryPoint\",\"urlTemplate\":\"https:\/\/tdcenter.org\/?s={search_term_string}\"},\"query-input\":{\"@type\":\"PropertyValueSpecification\",\"valueRequired\":true,\"valueName\":\"search_term_string\"}}],\"inLanguage\":\"fr-FR\"},{\"@type\":\"Organization\",\"@id\":\"https:\/\/tdcenter.org\/#organization\",\"name\":\"Transatlantic Dialogue Center\",\"url\":\"https:\/\/tdcenter.org\/\",\"logo\":{\"@type\":\"ImageObject\",\"inLanguage\":\"fr-FR\",\"@id\":\"https:\/\/tdcenter.org\/#\/schema\/logo\/image\/\",\"url\":\"https:\/\/tdcenter.org\/wp-content\/uploads\/2022\/04\/google.png\",\"contentUrl\":\"https:\/\/tdcenter.org\/wp-content\/uploads\/2022\/04\/google.png\",\"width\":2568,\"height\":2487,\"caption\":\"Transatlantic Dialogue Center\"},\"image\":{\"@id\":\"https:\/\/tdcenter.org\/#\/schema\/logo\/image\/\"},\"sameAs\":[\"https:\/\/www.facebook.com\/Transatlantic-Dialogue-Center-105645698740463\",\"https:\/\/www.youtube.com\/channel\/UCpJuhU4JBfpv_jsldNOc5LA\"]},{\"@type\":\"Person\",\"@id\":\"https:\/\/tdcenter.org\/#\/schema\/person\/2b76b794dbb8257325dc72d4fdee35ec\",\"name\":\"Alina Rohach\",\"image\":{\"@type\":\"ImageObject\",\"inLanguage\":\"fr-FR\",\"@id\":\"https:\/\/tdcenter.org\/#\/schema\/person\/image\/\",\"url\":\"https:\/\/tdcenter.org\/wp-content\/litespeed\/avatar\/61eca207869235575ab8e6c478a7ca66.jpg?ver=1788352841\",\"contentUrl\":\"https:\/\/tdcenter.org\/wp-content\/litespeed\/avatar\/61eca207869235575ab8e6c478a7ca66.jpg?ver=1788352841\",\"caption\":\"Alina Rohach\"}}]}<\/script>\n<!-- \/ Yoast SEO Premium plugin. -->","yoast_head_json":{"title":"Zelenskyy in Argentina: Ukraine and Latin America | TDC","description":"Analysis of Volodymyr Zelenskyy\u2019s visit to Javier Milei\u2019s inauguration and his meetings with Latin American leaders.","robots":{"index":"index","follow":"follow","max-snippet":"max-snippet:-1","max-image-preview":"max-image-preview:large","max-video-preview":"max-video-preview:-1"},"canonical":"https:\/\/tdcenter.org\/fr\/2023\/12\/13\/volodymyr-zelenskyy-in-argentina-a-new-chapter-in-relations-between-ukraine-and-latin-america\/","og_locale":"fr_FR","og_type":"article","og_title":"Zelenskyy in Argentina and Latin America","og_description":"Analysis of Volodymyr Zelenskyy\u2019s visit to Javier Milei\u2019s inauguration and his meetings with Latin American leaders.","og_url":"https:\/\/tdcenter.org\/fr\/2023\/12\/13\/volodymyr-zelenskyy-in-argentina-a-new-chapter-in-relations-between-ukraine-and-latin-america\/","og_site_name":"Transatlantic Dialogue Center","article_publisher":"https:\/\/www.facebook.com\/Transatlantic-Dialogue-Center-105645698740463","article_published_time":"2023-12-13T14:08:50+00:00","article_modified_time":"2026-09-03T07:54:05+00:00","og_image":[{"width":448,"height":299,"url":"https:\/\/tdcenter.org\/wp-content\/uploads\/2024\/01\/image-2.png","type":"image\/png"}],"author":"Alina Rohach","twitter_card":"summary_large_image","twitter_title":"Zelenskyy in Argentina and Latin America","twitter_description":"Analysis of Volodymyr Zelenskyy\u2019s visit to Javier Milei\u2019s inauguration and his meetings with Latin American leaders.","twitter_misc":{"Written by":"Alina Rohach","Est. reading time":"4 minutes"},"schema":{"@context":"https:\/\/schema.org","@graph":[{"@type":"Article","@id":"https:\/\/tdcenter.org\/2023\/12\/13\/volodymyr-zelenskyy-in-argentina-a-new-chapter-in-relations-between-ukraine-and-latin-america\/#article","isPartOf":{"@id":"https:\/\/tdcenter.org\/2023\/12\/13\/volodymyr-zelenskyy-in-argentina-a-new-chapter-in-relations-between-ukraine-and-latin-america\/"},"author":{"name":"Alina Rohach","@id":"https:\/\/tdcenter.org\/#\/schema\/person\/2b76b794dbb8257325dc72d4fdee35ec"},"headline":"Volodymyr Zelenskyy in Argentina: A New Chapter in Relations Between Ukraine and Latin America","datePublished":"2023-12-13T14:08:50+00:00","dateModified":"2026-09-03T07:54:05+00:00","mainEntityOfPage":{"@id":"https:\/\/tdcenter.org\/2023\/12\/13\/volodymyr-zelenskyy-in-argentina-a-new-chapter-in-relations-between-ukraine-and-latin-america\/"},"wordCount":823,"commentCount":0,"publisher":{"@id":"https:\/\/tdcenter.org\/#organization"},"image":{"@id":"https:\/\/tdcenter.org\/2023\/12\/13\/volodymyr-zelenskyy-in-argentina-a-new-chapter-in-relations-between-ukraine-and-latin-america\/#primaryimage"},"thumbnailUrl":"https:\/\/tdcenter.org\/wp-content\/uploads\/2024\/01\/image-2.png","articleSection":["English Analyses","Latin America &amp; Caribbean"],"inLanguage":"fr-FR","potentialAction":[{"@type":"CommentAction","name":"Comment","target":["https:\/\/tdcenter.org\/2023\/12\/13\/volodymyr-zelenskyy-in-argentina-a-new-chapter-in-relations-between-ukraine-and-latin-america\/#respond"]}]},{"@type":"WebPage","@id":"https:\/\/tdcenter.org\/2023\/12\/13\/volodymyr-zelenskyy-in-argentina-a-new-chapter-in-relations-between-ukraine-and-latin-america\/","url":"https:\/\/tdcenter.org\/2023\/12\/13\/volodymyr-zelenskyy-in-argentina-a-new-chapter-in-relations-between-ukraine-and-latin-america\/","name":"Zelenskyy in Argentina: Ukraine and Latin America | TDC","isPartOf":{"@id":"https:\/\/tdcenter.org\/#website"},"primaryImageOfPage":{"@id":"https:\/\/tdcenter.org\/2023\/12\/13\/volodymyr-zelenskyy-in-argentina-a-new-chapter-in-relations-between-ukraine-and-latin-america\/#primaryimage"},"image":{"@id":"https:\/\/tdcenter.org\/2023\/12\/13\/volodymyr-zelenskyy-in-argentina-a-new-chapter-in-relations-between-ukraine-and-latin-america\/#primaryimage"},"thumbnailUrl":"https:\/\/tdcenter.org\/wp-content\/uploads\/2024\/01\/image-2.png","datePublished":"2023-12-13T14:08:50+00:00","dateModified":"2026-09-03T07:54:05+00:00","description":"Analysis of Volodymyr Zelenskyy\u2019s visit to Javier Milei\u2019s inauguration and his meetings with Latin American leaders.","breadcrumb":{"@id":"https:\/\/tdcenter.org\/2023\/12\/13\/volodymyr-zelenskyy-in-argentina-a-new-chapter-in-relations-between-ukraine-and-latin-america\/#breadcrumb"},"inLanguage":"fr-FR","potentialAction":[{"@type":"ReadAction","target":["https:\/\/tdcenter.org\/2023\/12\/13\/volodymyr-zelenskyy-in-argentina-a-new-chapter-in-relations-between-ukraine-and-latin-america\/"]}]},{"@type":"ImageObject","inLanguage":"fr-FR","@id":"https:\/\/tdcenter.org\/2023\/12\/13\/volodymyr-zelenskyy-in-argentina-a-new-chapter-in-relations-between-ukraine-and-latin-america\/#primaryimage","url":"https:\/\/tdcenter.org\/wp-content\/uploads\/2024\/01\/image-2.png","contentUrl":"https:\/\/tdcenter.org\/wp-content\/uploads\/2024\/01\/image-2.png","width":448,"height":299,"caption":"Cover image for: Volodymyr Zelenskyy en Argentina: un nuevo cap\u00edtulo en las relaciones entre Ucrania y Am\u00e9rica Latina"},{"@type":"BreadcrumbList","@id":"https:\/\/tdcenter.org\/2023\/12\/13\/volodymyr-zelenskyy-in-argentina-a-new-chapter-in-relations-between-ukraine-and-latin-america\/#breadcrumb","itemListElement":[{"@type":"ListItem","position":1,"name":"Home","item":"https:\/\/tdcenter.org\/"},{"@type":"ListItem","position":2,"name":"Volodymyr Zelenskyy in Argentina: A New Chapter in Relations Between Ukraine and Latin America"}]},{"@type":"WebSite","@id":"https:\/\/tdcenter.org\/#website","url":"https:\/\/tdcenter.org\/","name":"Transatlantic Dialogue Center","description":"Promoting International Peace and Security","publisher":{"@id":"https:\/\/tdcenter.org\/#organization"},"potentialAction":[{"@type":"SearchAction","target":{"@type":"EntryPoint","urlTemplate":"https:\/\/tdcenter.org\/?s={search_term_string}"},"query-input":{"@type":"PropertyValueSpecification","valueRequired":true,"valueName":"search_term_string"}}],"inLanguage":"fr-FR"},{"@type":"Organization","@id":"https:\/\/tdcenter.org\/#organization","name":"Transatlantic Dialogue Center","url":"https:\/\/tdcenter.org\/","logo":{"@type":"ImageObject","inLanguage":"fr-FR","@id":"https:\/\/tdcenter.org\/#\/schema\/logo\/image\/","url":"https:\/\/tdcenter.org\/wp-content\/uploads\/2022\/04\/google.png","contentUrl":"https:\/\/tdcenter.org\/wp-content\/uploads\/2022\/04\/google.png","width":2568,"height":2487,"caption":"Transatlantic Dialogue Center"},"image":{"@id":"https:\/\/tdcenter.org\/#\/schema\/logo\/image\/"},"sameAs":["https:\/\/www.facebook.com\/Transatlantic-Dialogue-Center-105645698740463","https:\/\/www.youtube.com\/channel\/UCpJuhU4JBfpv_jsldNOc5LA"]},{"@type":"Person","@id":"https:\/\/tdcenter.org\/#\/schema\/person\/2b76b794dbb8257325dc72d4fdee35ec","name":"Alina Rohach","image":{"@type":"ImageObject","inLanguage":"fr-FR","@id":"https:\/\/tdcenter.org\/#\/schema\/person\/image\/","url":"https:\/\/tdcenter.org\/wp-content\/litespeed\/avatar\/61eca207869235575ab8e6c478a7ca66.jpg?ver=1788352841","contentUrl":"https:\/\/tdcenter.org\/wp-content\/litespeed\/avatar\/61eca207869235575ab8e6c478a7ca66.jpg?ver=1788352841","caption":"Alina Rohach"}}]}},"mfb_rest_fields":["title","yoast_head","yoast_head_json","gutenberg_elementor_mode"],"_links":{"self":[{"href":"https:\/\/tdcenter.org\/fr\/wp-json\/wp\/v2\/posts\/38398","targetHints":{"allow":["GET"]}}],"collection":[{"href":"https:\/\/tdcenter.org\/fr\/wp-json\/wp\/v2\/posts"}],"about":[{"href":"https:\/\/tdcenter.org\/fr\/wp-json\/wp\/v2\/types\/post"}],"author":[{"embeddable":true,"href":"https:\/\/tdcenter.org\/fr\/wp-json\/wp\/v2\/users\/8"}],"replies":[{"embeddable":true,"href":"https:\/\/tdcenter.org\/fr\/wp-json\/wp\/v2\/comments?post=38398"}],"version-history":[{"count":1,"href":"https:\/\/tdcenter.org\/fr\/wp-json\/wp\/v2\/posts\/38398\/revisions"}],"predecessor-version":[{"id":38406,"href":"https:\/\/tdcenter.org\/fr\/wp-json\/wp\/v2\/posts\/38398\/revisions\/38406"}],"wp:featuredmedia":[{"embeddable":true,"href":"https:\/\/tdcenter.org\/fr\/wp-json\/wp\/v2\/media\/21576"}],"wp:attachment":[{"href":"https:\/\/tdcenter.org\/fr\/wp-json\/wp\/v2\/media?parent=38398"}],"wp:term":[{"taxonomy":"category","embeddable":true,"href":"https:\/\/tdcenter.org\/fr\/wp-json\/wp\/v2\/categories?post=38398"},{"taxonomy":"post_tag","embeddable":true,"href":"https:\/\/tdcenter.org\/fr\/wp-json\/wp\/v2\/tags?post=38398"},{"taxonomy":"topic","embeddable":true,"href":"https:\/\/tdcenter.org\/fr\/wp-json\/wp\/v2\/topic?post=38398"}],"curies":[{"name":"wp","href":"https:\/\/api.w.org\/{rel}","templated":true}]}}