{"id":37916,"date":"2026-06-17T14:18:00","date_gmt":"2026-06-17T11:18:00","guid":{"rendered":"https:\/\/tdcenter.org\/?p=37916"},"modified":"2026-07-24T14:32:11","modified_gmt":"2026-07-24T11:32:11","slug":"europe-latin-america-security-cooperation-forte-2026-2","status":"publish","type":"post","link":"https:\/\/tdcenter.org\/fr\/2026\/06\/17\/europe-latin-america-security-cooperation-forte-2026-2\/","title":{"rendered":"TDC a particip\u00e9 \u00e0 la XXIIIe Conf\u00e9rence internationale FORTE sur la s\u00e9curit\u00e9 \u00e0 Rio de Janeiro"},"content":{"rendered":"<div class=\"wp-block-image\">\n<figure class=\"aligncenter size-full\"><img fetchpriority=\"high\" decoding=\"async\" width=\"2560\" height=\"1835\" src=\"https:\/\/tdcenter.org\/wp-content\/uploads\/2026\/07\/104-scaled.png\" alt=\"\" class=\"wp-image-37914\" srcset=\"https:\/\/tdcenter.org\/wp-content\/uploads\/2026\/07\/104-scaled.png 2560w, https:\/\/tdcenter.org\/wp-content\/uploads\/2026\/07\/104-600x430.png 600w, https:\/\/tdcenter.org\/wp-content\/uploads\/2026\/07\/104-1024x734.png 1024w, https:\/\/tdcenter.org\/wp-content\/uploads\/2026\/07\/104-768x551.png 768w, https:\/\/tdcenter.org\/wp-content\/uploads\/2026\/07\/104-1536x1101.png 1536w, https:\/\/tdcenter.org\/wp-content\/uploads\/2026\/07\/104-2048x1468.png 2048w, https:\/\/tdcenter.org\/wp-content\/uploads\/2026\/07\/104-18x12.png 18w\" sizes=\"(max-width: 2560px) 100vw, 2560px\" \/><\/figure>\n<\/div>\n\n\n<p class=\"wp-block-paragraph\"><\/p>\n\n\n\n<p class=\"wp-block-paragraph translation-block\">On June 16\u201317, 2026, the Transatlantic Dialogue Center (TDC) took part in the <strong>XXIII FORTE International Security Conference<\/strong> in Rio de Janeiro \u2014 the largest security forum in Latin America and a key platform for dialogue between the region and Europe. The conference was co-organized by the <strong>Konrad Adenauer Foundation in Brazil (KAS Brasil)<\/strong>, the Brazilian Center for International Relations (CEBRI), and the <strong>EU Delegation to Brazil<\/strong>.<\/p>\n\n\n\n<p class=\"wp-block-paragraph translation-block\">The 2026 theme, \u201c<strong>Rewiring Power: Technology and Geopolitics in a Fragmented World<\/strong>,\u201d brought together policymakers, analysts, and defense experts to examine how technological disruption, artificial intelligence, and defense innovation are reshaping the global balance between democracies and authoritarian regimes. Five panels and a keynote addressed the future of global power in an age of technological disruption, AI and the risks of democratic institutional erosion, defense innovation for Europe and Latin America, the geopolitics of rare earth minerals, and the role of drones, lethal autonomous weapons systems (LAWS), and AI in modern warfare.<\/p>\n\n\n\n<p class=\"wp-block-paragraph translation-block\">Among the speakers were <strong>Celso Amorim<\/strong>, Chief Foreign Policy Advisor to the President of Brazil; <strong>Benedikt Franke<\/strong>, Vice-Chairman and CEO of the Munich Security Conference (MSC); <strong>Brynja Oskarsdottir<\/strong>, Director of the Science and Technology Committee of the NATO Parliamentary Assembly; and <strong>Peter Neumann<\/strong>, Professor of War Studies at King\u2019s College London.<\/p>\n\n\n\n<p class=\"wp-block-paragraph translation-block\"><strong>Defense innovation and AI<\/strong> emerged as a central thread. Panelists examined how drones, LAWS, and AI-driven systems act as force multipliers on the battlefield while generating novel vulnerabilities for democratic institutions. The adaptation cycles observed in modern warfare require both Europe and Latin America to rethink defense procurement, readiness, and institutional resilience.<\/p>\n\n\n\n<p class=\"wp-block-paragraph translation-block\">La <strong>g\u00e9opolitique des minerais critiques<\/strong> a \u00e9t\u00e9 identifi\u00e9e comme une ligne de fracture strat\u00e9gique d\u00e9terminante. L\u2019autonomie strat\u00e9gique et les cha\u00eenes d\u2019approvisionnement de d\u00e9fense d\u00e9pendent de plus en plus d\u2019un acc\u00e8s s\u00fbr aux terres rares et aux mati\u00e8res premi\u00e8res critiques dans un contexte de concurrence mondiale croissante \u2014 avec des cons\u00e9quences directes pour l\u2019Europe comme pour l\u2019Am\u00e9rique latine.<\/p>\n\n\n\n<p class=\"wp-block-paragraph translation-block\">The discussions also underscored the urgency of <strong>closer coordination between Latin America and Europe<\/strong> on cybersecurity and defense-industrial cooperation, as technological disruption outpaces the capacity of individual states to respond.<\/p>\n\n\n\n<p class=\"wp-block-paragraph translation-block\">TDC \u00e9tait repr\u00e9sent\u00e9 par <strong>Oleksandr Slyvchuk<\/strong>, <em>coordinateur du Programme de coop\u00e9ration avec l\u2019Espagne et l\u2019Am\u00e9rique latine<\/em>. En marge de la conf\u00e9rence, Slyvchuk a men\u00e9 une s\u00e9rie d\u2019\u00e9changes de haut niveau avec des centres de r\u00e9flexion br\u00e9siliens et europ\u00e9ens (CEBRI, IESP-UERJ), des experts de l\u2019<strong>Universit\u00e9 de S\u00e3o Paulo<\/strong> et des repr\u00e9sentants du <strong>S\u00e9nat br\u00e9silien<\/strong> et du <strong>minist\u00e8re des Affaires \u00e9trang\u00e8res<\/strong>. Il a \u00e9galement rencontr\u00e9 des m\u00e9dias br\u00e9siliens de premier plan, dont <strong>Folha de S.Paulo<\/strong> et <strong>Estad\u00e3o<\/strong>, afin de faire progresser les partenariats entre l\u2019Ukraine et la r\u00e9gion en mati\u00e8re de s\u00e9curit\u00e9, de technologie et de r\u00e9silience d\u00e9mocratique.<\/p>\n\n\n\n<p class=\"wp-block-paragraph\"><em>TDC se f\u00e9licite de la poursuite de cette coop\u00e9ration et attache une grande importance aux occasions de soutenir les \u00e9changes entre la formation et la pratique concernant l\u2019engagement de l\u2019Ukraine en Am\u00e9rique latine.<\/em><\/p>\n\n\n\n<p class=\"wp-block-paragraph\"><\/p>","protected":false},"excerpt":{"rendered":"<p>On June 16\u201317, 2026, the Transatlantic Dialogue Center (TDC) took part in the XXIII FORTE International Security Conference in Rio de Janeiro \u2014 the largest security forum in Latin America and a key platform for dialogue between the region and Europe. The conference was co-organized by the Konrad Adenauer Foundation in Brazil (KAS Brasil), the [&hellip;]<\/p>\n","protected":false},"author":24,"featured_media":37914,"comment_status":"open","ping_status":"open","sticky":false,"template":"","format":"standard","meta":{"footnotes":""},"categories":[25,104],"tags":[],"topic":[100,88,93,113,87,89],"class_list":["post-37916","post","type-post","status-publish","format-standard","has-post-thumbnail","hentry","category-events","category-spain-and-latin-america-cooperation-program-events","topic-ai","topic-defense","topic-geopolitics","topic-latin-america","topic-security","topic-technology"],"mb":[],"yoast_head":"<!-- This site is optimized with the Yoast SEO Premium plugin v25.6 (Yoast SEO v25.6) - https:\/\/yoast.com\/wordpress\/plugins\/seo\/ -->\n<title>TDC Joins FORTE International Security Conference in Rio<\/title>\n<meta name=\"description\" content=\"At the FORTE security conference in Rio de Janeiro, TDC joined discussions on technology, geopolitics and links between Latin America and Europe.\" \/>\n<meta name=\"robots\" content=\"index, follow, max-snippet:-1, max-image-preview:large, max-video-preview:-1\" \/>\n<link rel=\"canonical\" href=\"https:\/\/tdcenter.org\/fr\/2026\/06\/17\/europe-latin-america-security-cooperation-forte-2026-2\/\" \/>\n<meta property=\"og:locale\" content=\"fr_FR\" \/>\n<meta property=\"og:type\" content=\"article\" \/>\n<meta property=\"og:title\" content=\"TDC Joins FORTE International Security Conference in Rio\" \/>\n<meta property=\"og:description\" content=\"At the FORTE security conference in Rio de Janeiro, TDC joined discussions on technology, geopolitics and links between Latin America and Europe.\" \/>\n<meta property=\"og:url\" content=\"https:\/\/tdcenter.org\/fr\/2026\/06\/17\/europe-latin-america-security-cooperation-forte-2026-2\/\" \/>\n<meta property=\"og:site_name\" content=\"Transatlantic Dialogue Center\" \/>\n<meta property=\"article:publisher\" content=\"https:\/\/www.facebook.com\/Transatlantic-Dialogue-Center-105645698740463\" \/>\n<meta property=\"article:published_time\" content=\"2026-06-17T11:18:00+00:00\" \/>\n<meta property=\"article:modified_time\" content=\"2026-07-24T11:32:11+00:00\" \/>\n<meta property=\"og:image\" content=\"https:\/\/tdcenter.org\/wp-content\/uploads\/2026\/07\/104-1024x734.png\" \/>\n\t<meta property=\"og:image:width\" content=\"1024\" \/>\n\t<meta property=\"og:image:height\" content=\"734\" \/>\n\t<meta property=\"og:image:type\" content=\"image\/png\" \/>\n<meta name=\"author\" content=\"Mariia Vynnychenko\" \/>\n<meta name=\"twitter:card\" content=\"summary_large_image\" \/>\n<meta name=\"twitter:title\" content=\"TDC Joins FORTE International Security Conference in Rio\" \/>\n<meta name=\"twitter:description\" content=\"At the FORTE security conference in Rio de Janeiro, TDC joined discussions on technology, geopolitics and links between Latin America and Europe.\" \/>\n<meta name=\"twitter:label1\" content=\"Written by\" \/>\n\t<meta name=\"twitter:data1\" content=\"Mariia Vynnychenko\" \/>\n\t<meta name=\"twitter:label2\" content=\"Est. reading time\" \/>\n\t<meta name=\"twitter:data2\" content=\"3 minutes\" \/>\n<script type=\"application\/ld+json\" class=\"yoast-schema-graph\">{\"@context\":\"https:\/\/schema.org\",\"@graph\":[{\"@type\":\"Article\",\"@id\":\"https:\/\/tdcenter.org\/2026\/06\/17\/europe-latin-america-security-cooperation-forte-2026-2\/#article\",\"isPartOf\":{\"@id\":\"https:\/\/tdcenter.org\/2026\/06\/17\/europe-latin-america-security-cooperation-forte-2026-2\/\"},\"author\":{\"name\":\"Mariia Vynnychenko\",\"@id\":\"https:\/\/tdcenter.org\/#\/schema\/person\/bc2e601746d6789fafbf221c5a33970e\"},\"headline\":\"TDC Participated in the XXIII FORTE International Security Conference in Rio de Janeiro\",\"datePublished\":\"2026-06-17T11:18:00+00:00\",\"dateModified\":\"2026-07-24T11:32:11+00:00\",\"mainEntityOfPage\":{\"@id\":\"https:\/\/tdcenter.org\/2026\/06\/17\/europe-latin-america-security-cooperation-forte-2026-2\/\"},\"wordCount\":449,\"commentCount\":0,\"publisher\":{\"@id\":\"https:\/\/tdcenter.org\/#organization\"},\"image\":{\"@id\":\"https:\/\/tdcenter.org\/2026\/06\/17\/europe-latin-america-security-cooperation-forte-2026-2\/#primaryimage\"},\"thumbnailUrl\":\"https:\/\/tdcenter.org\/wp-content\/uploads\/2026\/07\/104-scaled.png\",\"articleSection\":[\"Events\",\"Events-Spain and Latin America Cooperation Program\"],\"inLanguage\":\"fr-FR\",\"potentialAction\":[{\"@type\":\"CommentAction\",\"name\":\"Comment\",\"target\":[\"https:\/\/tdcenter.org\/2026\/06\/17\/europe-latin-america-security-cooperation-forte-2026-2\/#respond\"]}]},{\"@type\":\"WebPage\",\"@id\":\"https:\/\/tdcenter.org\/2026\/06\/17\/europe-latin-america-security-cooperation-forte-2026-2\/\",\"url\":\"https:\/\/tdcenter.org\/2026\/06\/17\/europe-latin-america-security-cooperation-forte-2026-2\/\",\"name\":\"TDC Joins FORTE International Security Conference in Rio\",\"isPartOf\":{\"@id\":\"https:\/\/tdcenter.org\/#website\"},\"primaryImageOfPage\":{\"@id\":\"https:\/\/tdcenter.org\/2026\/06\/17\/europe-latin-america-security-cooperation-forte-2026-2\/#primaryimage\"},\"image\":{\"@id\":\"https:\/\/tdcenter.org\/2026\/06\/17\/europe-latin-america-security-cooperation-forte-2026-2\/#primaryimage\"},\"thumbnailUrl\":\"https:\/\/tdcenter.org\/wp-content\/uploads\/2026\/07\/104-scaled.png\",\"datePublished\":\"2026-06-17T11:18:00+00:00\",\"dateModified\":\"2026-07-24T11:32:11+00:00\",\"description\":\"At the FORTE security conference in Rio de Janeiro, TDC joined discussions on technology, geopolitics and links between Latin America and Europe.\",\"breadcrumb\":{\"@id\":\"https:\/\/tdcenter.org\/2026\/06\/17\/europe-latin-america-security-cooperation-forte-2026-2\/#breadcrumb\"},\"inLanguage\":\"fr-FR\",\"potentialAction\":[{\"@type\":\"ReadAction\",\"target\":[\"https:\/\/tdcenter.org\/2026\/06\/17\/europe-latin-america-security-cooperation-forte-2026-2\/\"]}]},{\"@type\":\"ImageObject\",\"inLanguage\":\"fr-FR\",\"@id\":\"https:\/\/tdcenter.org\/2026\/06\/17\/europe-latin-america-security-cooperation-forte-2026-2\/#primaryimage\",\"url\":\"https:\/\/tdcenter.org\/wp-content\/uploads\/2026\/07\/104-scaled.png\",\"contentUrl\":\"https:\/\/tdcenter.org\/wp-content\/uploads\/2026\/07\/104-scaled.png\",\"width\":2560,\"height\":1835},{\"@type\":\"BreadcrumbList\",\"@id\":\"https:\/\/tdcenter.org\/2026\/06\/17\/europe-latin-america-security-cooperation-forte-2026-2\/#breadcrumb\",\"itemListElement\":[{\"@type\":\"ListItem\",\"position\":1,\"name\":\"Home\",\"item\":\"https:\/\/tdcenter.org\/\"},{\"@type\":\"ListItem\",\"position\":2,\"name\":\"TDC Participated in the XXIII FORTE International Security Conference in Rio de Janeiro\"}]},{\"@type\":\"WebSite\",\"@id\":\"https:\/\/tdcenter.org\/#website\",\"url\":\"https:\/\/tdcenter.org\/\",\"name\":\"Transatlantic Dialogue Center\",\"description\":\"Promoting International Peace and Security\",\"publisher\":{\"@id\":\"https:\/\/tdcenter.org\/#organization\"},\"potentialAction\":[{\"@type\":\"SearchAction\",\"target\":{\"@type\":\"EntryPoint\",\"urlTemplate\":\"https:\/\/tdcenter.org\/?s={search_term_string}\"},\"query-input\":{\"@type\":\"PropertyValueSpecification\",\"valueRequired\":true,\"valueName\":\"search_term_string\"}}],\"inLanguage\":\"fr-FR\"},{\"@type\":\"Organization\",\"@id\":\"https:\/\/tdcenter.org\/#organization\",\"name\":\"Transatlantic Dialogue Center\",\"url\":\"https:\/\/tdcenter.org\/\",\"logo\":{\"@type\":\"ImageObject\",\"inLanguage\":\"fr-FR\",\"@id\":\"https:\/\/tdcenter.org\/#\/schema\/logo\/image\/\",\"url\":\"https:\/\/tdcenter.org\/wp-content\/uploads\/2022\/04\/google.png\",\"contentUrl\":\"https:\/\/tdcenter.org\/wp-content\/uploads\/2022\/04\/google.png\",\"width\":2568,\"height\":2487,\"caption\":\"Transatlantic Dialogue Center\"},\"image\":{\"@id\":\"https:\/\/tdcenter.org\/#\/schema\/logo\/image\/\"},\"sameAs\":[\"https:\/\/www.facebook.com\/Transatlantic-Dialogue-Center-105645698740463\",\"https:\/\/www.youtube.com\/channel\/UCpJuhU4JBfpv_jsldNOc5LA\"]},{\"@type\":\"Person\",\"@id\":\"https:\/\/tdcenter.org\/#\/schema\/person\/bc2e601746d6789fafbf221c5a33970e\",\"name\":\"Mariia Vynnychenko\",\"image\":{\"@type\":\"ImageObject\",\"inLanguage\":\"fr-FR\",\"@id\":\"https:\/\/tdcenter.org\/#\/schema\/person\/image\/\",\"url\":\"https:\/\/tdcenter.org\/wp-content\/litespeed\/avatar\/95f12161d97e619b9baac8e2e790e1a5.jpg?ver=1788194004\",\"contentUrl\":\"https:\/\/tdcenter.org\/wp-content\/litespeed\/avatar\/95f12161d97e619b9baac8e2e790e1a5.jpg?ver=1788194004\",\"caption\":\"Mariia Vynnychenko\"}}]}<\/script>\n<!-- \/ Yoast SEO Premium plugin. -->","yoast_head_json":{"title":"TDC Joins FORTE International Security Conference in Rio","description":"At the FORTE security conference in Rio de Janeiro, TDC joined discussions on technology, geopolitics and links between Latin America and Europe.","robots":{"index":"index","follow":"follow","max-snippet":"max-snippet:-1","max-image-preview":"max-image-preview:large","max-video-preview":"max-video-preview:-1"},"canonical":"https:\/\/tdcenter.org\/fr\/2026\/06\/17\/europe-latin-america-security-cooperation-forte-2026-2\/","og_locale":"fr_FR","og_type":"article","og_title":"TDC Joins FORTE International Security Conference in Rio","og_description":"At the FORTE security conference in Rio de Janeiro, TDC joined discussions on technology, geopolitics and links between Latin America and Europe.","og_url":"https:\/\/tdcenter.org\/fr\/2026\/06\/17\/europe-latin-america-security-cooperation-forte-2026-2\/","og_site_name":"Transatlantic Dialogue Center","article_publisher":"https:\/\/www.facebook.com\/Transatlantic-Dialogue-Center-105645698740463","article_published_time":"2026-06-17T11:18:00+00:00","article_modified_time":"2026-07-24T11:32:11+00:00","og_image":[{"width":1024,"height":734,"url":"https:\/\/tdcenter.org\/wp-content\/uploads\/2026\/07\/104-1024x734.png","type":"image\/png"}],"author":"Mariia Vynnychenko","twitter_card":"summary_large_image","twitter_title":"TDC Joins FORTE International Security Conference in Rio","twitter_description":"At the FORTE security conference in Rio de Janeiro, TDC joined discussions on technology, geopolitics and links between Latin America and Europe.","twitter_misc":{"Written by":"Mariia Vynnychenko","Est. reading time":"3 minutes"},"schema":{"@context":"https:\/\/schema.org","@graph":[{"@type":"Article","@id":"https:\/\/tdcenter.org\/2026\/06\/17\/europe-latin-america-security-cooperation-forte-2026-2\/#article","isPartOf":{"@id":"https:\/\/tdcenter.org\/2026\/06\/17\/europe-latin-america-security-cooperation-forte-2026-2\/"},"author":{"name":"Mariia Vynnychenko","@id":"https:\/\/tdcenter.org\/#\/schema\/person\/bc2e601746d6789fafbf221c5a33970e"},"headline":"TDC Participated in the XXIII FORTE International Security Conference in Rio de Janeiro","datePublished":"2026-06-17T11:18:00+00:00","dateModified":"2026-07-24T11:32:11+00:00","mainEntityOfPage":{"@id":"https:\/\/tdcenter.org\/2026\/06\/17\/europe-latin-america-security-cooperation-forte-2026-2\/"},"wordCount":449,"commentCount":0,"publisher":{"@id":"https:\/\/tdcenter.org\/#organization"},"image":{"@id":"https:\/\/tdcenter.org\/2026\/06\/17\/europe-latin-america-security-cooperation-forte-2026-2\/#primaryimage"},"thumbnailUrl":"https:\/\/tdcenter.org\/wp-content\/uploads\/2026\/07\/104-scaled.png","articleSection":["Events","Events-Spain and Latin America Cooperation Program"],"inLanguage":"fr-FR","potentialAction":[{"@type":"CommentAction","name":"Comment","target":["https:\/\/tdcenter.org\/2026\/06\/17\/europe-latin-america-security-cooperation-forte-2026-2\/#respond"]}]},{"@type":"WebPage","@id":"https:\/\/tdcenter.org\/2026\/06\/17\/europe-latin-america-security-cooperation-forte-2026-2\/","url":"https:\/\/tdcenter.org\/2026\/06\/17\/europe-latin-america-security-cooperation-forte-2026-2\/","name":"TDC Joins FORTE International Security Conference in Rio","isPartOf":{"@id":"https:\/\/tdcenter.org\/#website"},"primaryImageOfPage":{"@id":"https:\/\/tdcenter.org\/2026\/06\/17\/europe-latin-america-security-cooperation-forte-2026-2\/#primaryimage"},"image":{"@id":"https:\/\/tdcenter.org\/2026\/06\/17\/europe-latin-america-security-cooperation-forte-2026-2\/#primaryimage"},"thumbnailUrl":"https:\/\/tdcenter.org\/wp-content\/uploads\/2026\/07\/104-scaled.png","datePublished":"2026-06-17T11:18:00+00:00","dateModified":"2026-07-24T11:32:11+00:00","description":"At the FORTE security conference in Rio de Janeiro, TDC joined discussions on technology, geopolitics and links between Latin America and Europe.","breadcrumb":{"@id":"https:\/\/tdcenter.org\/2026\/06\/17\/europe-latin-america-security-cooperation-forte-2026-2\/#breadcrumb"},"inLanguage":"fr-FR","potentialAction":[{"@type":"ReadAction","target":["https:\/\/tdcenter.org\/2026\/06\/17\/europe-latin-america-security-cooperation-forte-2026-2\/"]}]},{"@type":"ImageObject","inLanguage":"fr-FR","@id":"https:\/\/tdcenter.org\/2026\/06\/17\/europe-latin-america-security-cooperation-forte-2026-2\/#primaryimage","url":"https:\/\/tdcenter.org\/wp-content\/uploads\/2026\/07\/104-scaled.png","contentUrl":"https:\/\/tdcenter.org\/wp-content\/uploads\/2026\/07\/104-scaled.png","width":2560,"height":1835},{"@type":"BreadcrumbList","@id":"https:\/\/tdcenter.org\/2026\/06\/17\/europe-latin-america-security-cooperation-forte-2026-2\/#breadcrumb","itemListElement":[{"@type":"ListItem","position":1,"name":"Home","item":"https:\/\/tdcenter.org\/"},{"@type":"ListItem","position":2,"name":"TDC Participated in the XXIII FORTE International Security Conference in Rio de Janeiro"}]},{"@type":"WebSite","@id":"https:\/\/tdcenter.org\/#website","url":"https:\/\/tdcenter.org\/","name":"Transatlantic Dialogue Center","description":"Promoting International Peace and Security","publisher":{"@id":"https:\/\/tdcenter.org\/#organization"},"potentialAction":[{"@type":"SearchAction","target":{"@type":"EntryPoint","urlTemplate":"https:\/\/tdcenter.org\/?s={search_term_string}"},"query-input":{"@type":"PropertyValueSpecification","valueRequired":true,"valueName":"search_term_string"}}],"inLanguage":"fr-FR"},{"@type":"Organization","@id":"https:\/\/tdcenter.org\/#organization","name":"Transatlantic Dialogue Center","url":"https:\/\/tdcenter.org\/","logo":{"@type":"ImageObject","inLanguage":"fr-FR","@id":"https:\/\/tdcenter.org\/#\/schema\/logo\/image\/","url":"https:\/\/tdcenter.org\/wp-content\/uploads\/2022\/04\/google.png","contentUrl":"https:\/\/tdcenter.org\/wp-content\/uploads\/2022\/04\/google.png","width":2568,"height":2487,"caption":"Transatlantic Dialogue Center"},"image":{"@id":"https:\/\/tdcenter.org\/#\/schema\/logo\/image\/"},"sameAs":["https:\/\/www.facebook.com\/Transatlantic-Dialogue-Center-105645698740463","https:\/\/www.youtube.com\/channel\/UCpJuhU4JBfpv_jsldNOc5LA"]},{"@type":"Person","@id":"https:\/\/tdcenter.org\/#\/schema\/person\/bc2e601746d6789fafbf221c5a33970e","name":"Mariia Vynnychenko","image":{"@type":"ImageObject","inLanguage":"fr-FR","@id":"https:\/\/tdcenter.org\/#\/schema\/person\/image\/","url":"https:\/\/tdcenter.org\/wp-content\/litespeed\/avatar\/95f12161d97e619b9baac8e2e790e1a5.jpg?ver=1788194004","contentUrl":"https:\/\/tdcenter.org\/wp-content\/litespeed\/avatar\/95f12161d97e619b9baac8e2e790e1a5.jpg?ver=1788194004","caption":"Mariia Vynnychenko"}}]}},"mfb_rest_fields":["title","yoast_head","yoast_head_json","gutenberg_elementor_mode"],"_links":{"self":[{"href":"https:\/\/tdcenter.org\/fr\/wp-json\/wp\/v2\/posts\/37916","targetHints":{"allow":["GET"]}}],"collection":[{"href":"https:\/\/tdcenter.org\/fr\/wp-json\/wp\/v2\/posts"}],"about":[{"href":"https:\/\/tdcenter.org\/fr\/wp-json\/wp\/v2\/types\/post"}],"author":[{"embeddable":true,"href":"https:\/\/tdcenter.org\/fr\/wp-json\/wp\/v2\/users\/24"}],"replies":[{"embeddable":true,"href":"https:\/\/tdcenter.org\/fr\/wp-json\/wp\/v2\/comments?post=37916"}],"version-history":[{"count":1,"href":"https:\/\/tdcenter.org\/fr\/wp-json\/wp\/v2\/posts\/37916\/revisions"}],"predecessor-version":[{"id":37917,"href":"https:\/\/tdcenter.org\/fr\/wp-json\/wp\/v2\/posts\/37916\/revisions\/37917"}],"wp:featuredmedia":[{"embeddable":true,"href":"https:\/\/tdcenter.org\/fr\/wp-json\/wp\/v2\/media\/37914"}],"wp:attachment":[{"href":"https:\/\/tdcenter.org\/fr\/wp-json\/wp\/v2\/media?parent=37916"}],"wp:term":[{"taxonomy":"category","embeddable":true,"href":"https:\/\/tdcenter.org\/fr\/wp-json\/wp\/v2\/categories?post=37916"},{"taxonomy":"post_tag","embeddable":true,"href":"https:\/\/tdcenter.org\/fr\/wp-json\/wp\/v2\/tags?post=37916"},{"taxonomy":"topic","embeddable":true,"href":"https:\/\/tdcenter.org\/fr\/wp-json\/wp\/v2\/topic?post=37916"}],"curies":[{"name":"wp","href":"https:\/\/api.w.org\/{rel}","templated":true}]}}