{"id":37032,"date":"2026-06-05T16:46:51","date_gmt":"2026-06-05T13:46:51","guid":{"rendered":"https:\/\/tdcenter.org\/?p=37032"},"modified":"2026-06-09T17:21:10","modified_gmt":"2026-06-09T14:21:10","slug":"bohdana-batsko-ceeri-podcast-territory-for-peace-ukraine-2026","status":"publish","type":"post","link":"https:\/\/tdcenter.org\/fr\/2026\/06\/05\/bohdana-batsko-ceeri-podcast-territory-for-peace-ukraine-2026\/","title":{"rendered":"Bohdana Batsko pour le podcast CEERI : pourquoi \u00ab la paix contre des territoires \u00bb ne mettra pas fin \u00e0 la guerre"},"content":{"rendered":"<figure class=\"wp-block-embed is-type-video is-provider-youtube wp-block-embed-youtube wp-embed-aspect-16-9 wp-has-aspect-ratio\"><div class=\"wp-block-embed__wrapper\">\n<iframe title=\"\u00bfC\u00f3mo se vive la guerra desde UCRANIA? #PuntoGlobal E7 | T8\" width=\"800\" height=\"450\" src=\"https:\/\/www.youtube.com\/embed\/aQrdaNUWFLw?feature=oembed\" frameborder=\"0\" allow=\"accelerometer; autoplay; clipboard-write; encrypted-media; gyroscope; picture-in-picture; web-share\" referrerpolicy=\"strict-origin-when-cross-origin\" allowfullscreen><\/iframe>\n<\/div><\/figure>\n\n\n\n<p class=\"wp-block-paragraph\"><\/p>\n\n\n\n<p class=\"wp-block-paragraph translation-block\">Le <strong>5 juin 2026<\/strong>,<strong> Bohdana Batsko<\/strong>, <em>assistante de projet du programme de coop\u00e9ration Espagne et Am\u00e9rique latine au Transatlantic Dialogue Center (TDC)<\/em>, a particip\u00e9 \u00e0 un <strong>podcast du CEERI<\/strong> (<em>le Centre d\u2019\u00e9tudes strat\u00e9giques des relations internationales<\/em>) \u2014 publi\u00e9 sur YouTube et Spotify \u2014 pour discuter de l\u2019\u00e9volution de la guerre contre l\u2019Ukraine en 2026 et expliquer pourquoi les<strong> \u00ab formules de paix \u00bb<\/strong> simplifi\u00e9es ne parviennent pas \u00e0 traiter ses causes profondes.<\/p>\n\n\n\n<p class=\"wp-block-paragraph translation-block\">Batsko a pr\u00e9sent\u00e9<strong> un aper\u00e7u g\u00e9opolitique de 2026<\/strong> dans lequel la diplomatie et la dynamique du champ de bataille \u00e9voluent en parall\u00e8le, sans pour autant converger vers un r\u00e8glement viable. <strong>Les n\u00e9gociations<\/strong> impliquant l\u2019Ukraine, la Russie et les \u00c9tats-Unis<strong> restent au point mort<\/strong> en raison de positions incompatibles et des<strong> exigences maximalistes de la Russie<\/strong> \u2014 notamment sur les questions territoriales.<\/p>\n\n\n\n<p class=\"wp-block-paragraph translation-block\">Un point central de la conversation<strong> \u00e9tait de savoir pourquoi \u00ab la paix contre des territoires \u00bb n\u2019est pas une solution<\/strong>. Des concessions territoriales ne r\u00e9soudraient ni le conflit ni la question de la s\u00e9curit\u00e9 future, et seraient rejet\u00e9es sur le plan int\u00e9rieur. <em>La question ne se limite pas aux fronti\u00e8res : elle concerne la souverainet\u00e9, les garanties de s\u00e9curit\u00e9 et la pr\u00e9vention d\u2019une nouvelle agression<\/em>.<\/p>\n\n\n\n<p class=\"wp-block-paragraph translation-block\">La discussion a \u00e9galement abord\u00e9 l\u2019\u00e9volution des<strong> r\u00f4les<\/strong> et des<strong> limites des principaux acteurs<\/strong>. Si les \u00c9tats-Unis restent un acteur central, ils n\u2019entrevoient pas actuellement d\u2019issue diplomatique rapide et disposent d\u2019une capacit\u00e9 limit\u00e9e pour contraindre la Russie. <em>Le soutien europ\u00e9en est essentiel \u00e0 la r\u00e9silience militaire et \u00e9conomique de l\u2019Ukraine<\/em>, mais l\u2019Europe ne dispose toujours pas d\u2019une influence suffisante pour arr\u00eater seule la guerre, et la Russie ne montre aucune disposition \u00e0 accepter un r\u00f4le europ\u00e9en dans les pourparlers.<\/p>\n\n\n\n<p class=\"wp-block-paragraph translation-block\">Batsko a en outre soulign\u00e9 que les objectifs de la Russie vont<strong> au-del\u00e0 du Donbass<\/strong> et doivent \u00eatre compris comme une tentative de longue haleine visant \u00e0 exercer un contr\u00f4le politique sur l\u2019Ukraine \u2014 l\u2019une des raisons pour lesquelles il est difficile de \u00ab geler \u00bb durablement la guerre. Sur le champ de bataille, la guerre est de plus en plus fa\u00e7onn\u00e9e par les drones et par un environnement \u00e0 haut risque \u00e9largi \u2014 une \u00ab zone de mort \u00bb qui augmente le co\u00fbt des man\u0153uvres, de la logistique et de la concentration des forces.<\/p>\n\n\n\n<p class=\"wp-block-paragraph translation-block\">Enfin, elle a soulign\u00e9 un message essentiel pour les publics internationaux, y compris en Am\u00e9rique latine :<strong> l\u2019Ukraine n\u2019est pas seulement b\u00e9n\u00e9ficiaire d\u2019un soutien, elle est aussi une source d\u2019expertise en mati\u00e8re de s\u00e9curit\u00e9 sur les tactiques et l\u2019influence hybride de la Russie \u2014 des dynamiques qui touchent des r\u00e9gions au-del\u00e0 de l\u2019Europe<\/strong>.<\/p>\n\n\n\n<p class=\"wp-block-paragraph translation-block\">Listen to the full CEERI podcast <a href=\"https:\/\/www.youtube.com\/watch?v=aQrdaNUWFLw\">via the link<\/a>.<\/p>","protected":false},"excerpt":{"rendered":"<p>On 5 June 2026, Bohdana Batsko, Project Assistant of the Spain and Latin America Cooperation Program at the Transatlantic Dialogue Center (TDC), joined a podcast by CEERI (the Center for Strategic Studies of International Relations) \u2014 published on YouTube and Spotify \u2014 to discuss how the war against Ukraine is evolving in 2026 and why [&hellip;]<\/p>\n","protected":false},"author":21,"featured_media":37036,"comment_status":"open","ping_status":"open","sticky":false,"template":"","format":"standard","meta":{"footnotes":""},"categories":[29,109],"tags":[],"topic":[],"class_list":["post-37032","post","type-post","status-publish","format-standard","has-post-thumbnail","hentry","category-media","category-spain-and-latin-america-cooperation-program-media"],"mb":[],"yoast_head":"<!-- This site is optimized with the Yoast SEO Premium plugin v25.6 (Yoast SEO v25.6) - https:\/\/yoast.com\/wordpress\/plugins\/seo\/ -->\n<title>Why &quot;Territory for Peace&quot; Will Not End the War | TDC<\/title>\n<meta name=\"description\" content=\"Bohdana Batsko (TDC) joined CEERI\u2019s podcast to explain why \u201cterritory for peace\u201d won\u2019t end the war and what shapes a viable settlement in 2026.\" \/>\n<meta name=\"robots\" content=\"index, follow, max-snippet:-1, max-image-preview:large, max-video-preview:-1\" \/>\n<link rel=\"canonical\" href=\"https:\/\/tdcenter.org\/fr\/2026\/06\/05\/bohdana-batsko-ceeri-podcast-territory-for-peace-ukraine-2026\/\" \/>\n<meta property=\"og:locale\" content=\"fr_FR\" \/>\n<meta property=\"og:type\" content=\"article\" \/>\n<meta property=\"og:title\" content=\"Why &quot;Territory for Peace&quot; Will Not End the War\" \/>\n<meta property=\"og:description\" content=\"Bohdana Batsko (TDC) joined CEERI\u2019s podcast to explain why \u201cterritory for peace\u201d won\u2019t end the war and what shapes a viable settlement in 2026.\" \/>\n<meta property=\"og:url\" content=\"https:\/\/tdcenter.org\/fr\/2026\/06\/05\/bohdana-batsko-ceeri-podcast-territory-for-peace-ukraine-2026\/\" \/>\n<meta property=\"og:site_name\" content=\"Transatlantic Dialogue Center\" \/>\n<meta property=\"article:publisher\" content=\"https:\/\/www.facebook.com\/Transatlantic-Dialogue-Center-105645698740463\" \/>\n<meta property=\"article:published_time\" content=\"2026-06-05T13:46:51+00:00\" \/>\n<meta property=\"article:modified_time\" content=\"2026-06-09T14:21:10+00:00\" \/>\n<meta property=\"og:image\" content=\"https:\/\/tdcenter.org\/wp-content\/uploads\/2026\/06\/\u0411\u043e\u0433\u0434\u0430\u043d\u0430_\u043f\u043e\u043b\u043a\u0430\u0441\u0442_2.0.png\" \/>\n\t<meta property=\"og:image:width\" content=\"2093\" \/>\n\t<meta property=\"og:image:height\" content=\"1500\" \/>\n\t<meta property=\"og:image:type\" content=\"image\/png\" \/>\n<meta name=\"author\" content=\"Vladyslava Sen\" \/>\n<meta name=\"twitter:card\" content=\"summary_large_image\" \/>\n<meta name=\"twitter:title\" content=\"Why &quot;Territory for Peace&quot; Will Not End the War\" \/>\n<meta name=\"twitter:description\" content=\"Bohdana Batsko (TDC) joined CEERI\u2019s podcast to explain why \u201cterritory for peace\u201d won\u2019t end the war and what shapes a viable settlement in 2026.\" \/>\n<meta name=\"twitter:label1\" content=\"Written by\" \/>\n\t<meta name=\"twitter:data1\" content=\"Vladyslava Sen\" \/>\n\t<meta name=\"twitter:label2\" content=\"Est. reading time\" \/>\n\t<meta name=\"twitter:data2\" content=\"2 minutes\" \/>\n<script type=\"application\/ld+json\" class=\"yoast-schema-graph\">{\"@context\":\"https:\/\/schema.org\",\"@graph\":[{\"@type\":\"Article\",\"@id\":\"https:\/\/tdcenter.org\/2026\/06\/05\/bohdana-batsko-ceeri-podcast-territory-for-peace-ukraine-2026\/#article\",\"isPartOf\":{\"@id\":\"https:\/\/tdcenter.org\/2026\/06\/05\/bohdana-batsko-ceeri-podcast-territory-for-peace-ukraine-2026\/\"},\"author\":{\"name\":\"Vladyslava Sen\",\"@id\":\"https:\/\/tdcenter.org\/#\/schema\/person\/705192eaf4fd14c2586f2248272448b4\"},\"headline\":\"Bohdana Batsko for CEERI Podcast: Why &#8220;Territory for Peace&#8221; Will Not End the War\",\"datePublished\":\"2026-06-05T13:46:51+00:00\",\"dateModified\":\"2026-06-09T14:21:10+00:00\",\"mainEntityOfPage\":{\"@id\":\"https:\/\/tdcenter.org\/2026\/06\/05\/bohdana-batsko-ceeri-podcast-territory-for-peace-ukraine-2026\/\"},\"wordCount\":349,\"commentCount\":0,\"publisher\":{\"@id\":\"https:\/\/tdcenter.org\/#organization\"},\"image\":{\"@id\":\"https:\/\/tdcenter.org\/2026\/06\/05\/bohdana-batsko-ceeri-podcast-territory-for-peace-ukraine-2026\/#primaryimage\"},\"thumbnailUrl\":\"https:\/\/tdcenter.org\/wp-content\/uploads\/2026\/06\/\u0411\u043e\u0433\u0434\u0430\u043d\u0430_\u043f\u043e\u043b\u043a\u0430\u0441\u0442_2.0.png\",\"articleSection\":[\"Media Mentions\",\"Media-Spain and Latin America Cooperation Program\"],\"inLanguage\":\"fr-FR\",\"potentialAction\":[{\"@type\":\"CommentAction\",\"name\":\"Comment\",\"target\":[\"https:\/\/tdcenter.org\/2026\/06\/05\/bohdana-batsko-ceeri-podcast-territory-for-peace-ukraine-2026\/#respond\"]}]},{\"@type\":\"WebPage\",\"@id\":\"https:\/\/tdcenter.org\/2026\/06\/05\/bohdana-batsko-ceeri-podcast-territory-for-peace-ukraine-2026\/\",\"url\":\"https:\/\/tdcenter.org\/2026\/06\/05\/bohdana-batsko-ceeri-podcast-territory-for-peace-ukraine-2026\/\",\"name\":\"Why \\\"Territory for Peace\\\" Will Not End the War | TDC\",\"isPartOf\":{\"@id\":\"https:\/\/tdcenter.org\/#website\"},\"primaryImageOfPage\":{\"@id\":\"https:\/\/tdcenter.org\/2026\/06\/05\/bohdana-batsko-ceeri-podcast-territory-for-peace-ukraine-2026\/#primaryimage\"},\"image\":{\"@id\":\"https:\/\/tdcenter.org\/2026\/06\/05\/bohdana-batsko-ceeri-podcast-territory-for-peace-ukraine-2026\/#primaryimage\"},\"thumbnailUrl\":\"https:\/\/tdcenter.org\/wp-content\/uploads\/2026\/06\/\u0411\u043e\u0433\u0434\u0430\u043d\u0430_\u043f\u043e\u043b\u043a\u0430\u0441\u0442_2.0.png\",\"datePublished\":\"2026-06-05T13:46:51+00:00\",\"dateModified\":\"2026-06-09T14:21:10+00:00\",\"description\":\"Bohdana Batsko (TDC) joined CEERI\u2019s podcast to explain why \u201cterritory for peace\u201d won\u2019t end the war and what shapes a viable settlement in 2026.\",\"breadcrumb\":{\"@id\":\"https:\/\/tdcenter.org\/2026\/06\/05\/bohdana-batsko-ceeri-podcast-territory-for-peace-ukraine-2026\/#breadcrumb\"},\"inLanguage\":\"fr-FR\",\"potentialAction\":[{\"@type\":\"ReadAction\",\"target\":[\"https:\/\/tdcenter.org\/2026\/06\/05\/bohdana-batsko-ceeri-podcast-territory-for-peace-ukraine-2026\/\"]}]},{\"@type\":\"ImageObject\",\"inLanguage\":\"fr-FR\",\"@id\":\"https:\/\/tdcenter.org\/2026\/06\/05\/bohdana-batsko-ceeri-podcast-territory-for-peace-ukraine-2026\/#primaryimage\",\"url\":\"https:\/\/tdcenter.org\/wp-content\/uploads\/2026\/06\/\u0411\u043e\u0433\u0434\u0430\u043d\u0430_\u043f\u043e\u043b\u043a\u0430\u0441\u0442_2.0.png\",\"contentUrl\":\"https:\/\/tdcenter.org\/wp-content\/uploads\/2026\/06\/\u0411\u043e\u0433\u0434\u0430\u043d\u0430_\u043f\u043e\u043b\u043a\u0430\u0441\u0442_2.0.png\",\"width\":2093,\"height\":1500,\"caption\":\"Cover image for: Bohdana Batsko for CEERI Podcast: Why \u201cTerritory for Peace\u201d Will Not End the War\"},{\"@type\":\"BreadcrumbList\",\"@id\":\"https:\/\/tdcenter.org\/2026\/06\/05\/bohdana-batsko-ceeri-podcast-territory-for-peace-ukraine-2026\/#breadcrumb\",\"itemListElement\":[{\"@type\":\"ListItem\",\"position\":1,\"name\":\"Home\",\"item\":\"https:\/\/tdcenter.org\/\"},{\"@type\":\"ListItem\",\"position\":2,\"name\":\"Bohdana Batsko for CEERI Podcast: Why &#8220;Territory for Peace&#8221; Will Not End the War\"}]},{\"@type\":\"WebSite\",\"@id\":\"https:\/\/tdcenter.org\/#website\",\"url\":\"https:\/\/tdcenter.org\/\",\"name\":\"Transatlantic Dialogue Center\",\"description\":\"Promoting International Peace and Security\",\"publisher\":{\"@id\":\"https:\/\/tdcenter.org\/#organization\"},\"potentialAction\":[{\"@type\":\"SearchAction\",\"target\":{\"@type\":\"EntryPoint\",\"urlTemplate\":\"https:\/\/tdcenter.org\/?s={search_term_string}\"},\"query-input\":{\"@type\":\"PropertyValueSpecification\",\"valueRequired\":true,\"valueName\":\"search_term_string\"}}],\"inLanguage\":\"fr-FR\"},{\"@type\":\"Organization\",\"@id\":\"https:\/\/tdcenter.org\/#organization\",\"name\":\"Transatlantic Dialogue Center\",\"url\":\"https:\/\/tdcenter.org\/\",\"logo\":{\"@type\":\"ImageObject\",\"inLanguage\":\"fr-FR\",\"@id\":\"https:\/\/tdcenter.org\/#\/schema\/logo\/image\/\",\"url\":\"https:\/\/tdcenter.org\/wp-content\/uploads\/2022\/04\/google.png\",\"contentUrl\":\"https:\/\/tdcenter.org\/wp-content\/uploads\/2022\/04\/google.png\",\"width\":2568,\"height\":2487,\"caption\":\"Transatlantic Dialogue Center\"},\"image\":{\"@id\":\"https:\/\/tdcenter.org\/#\/schema\/logo\/image\/\"},\"sameAs\":[\"https:\/\/www.facebook.com\/Transatlantic-Dialogue-Center-105645698740463\",\"https:\/\/www.youtube.com\/channel\/UCpJuhU4JBfpv_jsldNOc5LA\"]},{\"@type\":\"Person\",\"@id\":\"https:\/\/tdcenter.org\/#\/schema\/person\/705192eaf4fd14c2586f2248272448b4\",\"name\":\"Vladyslava Sen\",\"image\":{\"@type\":\"ImageObject\",\"inLanguage\":\"fr-FR\",\"@id\":\"https:\/\/tdcenter.org\/#\/schema\/person\/image\/\",\"url\":\"https:\/\/tdcenter.org\/wp-content\/litespeed\/avatar\/52936a32ac1f8353647d06145a3e5985.jpg?ver=1788350325\",\"contentUrl\":\"https:\/\/tdcenter.org\/wp-content\/litespeed\/avatar\/52936a32ac1f8353647d06145a3e5985.jpg?ver=1788350325\",\"caption\":\"Vladyslava Sen\"}}]}<\/script>\n<!-- \/ Yoast SEO Premium plugin. -->","yoast_head_json":{"title":"Why \"Territory for Peace\" Will Not End the War | TDC","description":"Bohdana Batsko (TDC) joined CEERI\u2019s podcast to explain why \u201cterritory for peace\u201d won\u2019t end the war and what shapes a viable settlement in 2026.","robots":{"index":"index","follow":"follow","max-snippet":"max-snippet:-1","max-image-preview":"max-image-preview:large","max-video-preview":"max-video-preview:-1"},"canonical":"https:\/\/tdcenter.org\/fr\/2026\/06\/05\/bohdana-batsko-ceeri-podcast-territory-for-peace-ukraine-2026\/","og_locale":"fr_FR","og_type":"article","og_title":"Why \"Territory for Peace\" Will Not End the War","og_description":"Bohdana Batsko (TDC) joined CEERI\u2019s podcast to explain why \u201cterritory for peace\u201d won\u2019t end the war and what shapes a viable settlement in 2026.","og_url":"https:\/\/tdcenter.org\/fr\/2026\/06\/05\/bohdana-batsko-ceeri-podcast-territory-for-peace-ukraine-2026\/","og_site_name":"Transatlantic Dialogue Center","article_publisher":"https:\/\/www.facebook.com\/Transatlantic-Dialogue-Center-105645698740463","article_published_time":"2026-06-05T13:46:51+00:00","article_modified_time":"2026-06-09T14:21:10+00:00","og_image":[{"width":2093,"height":1500,"url":"https:\/\/tdcenter.org\/wp-content\/uploads\/2026\/06\/\u0411\u043e\u0433\u0434\u0430\u043d\u0430_\u043f\u043e\u043b\u043a\u0430\u0441\u0442_2.0.png","type":"image\/png"}],"author":"Vladyslava Sen","twitter_card":"summary_large_image","twitter_title":"Why \"Territory for Peace\" Will Not End the War","twitter_description":"Bohdana Batsko (TDC) joined CEERI\u2019s podcast to explain why \u201cterritory for peace\u201d won\u2019t end the war and what shapes a viable settlement in 2026.","twitter_misc":{"Written by":"Vladyslava Sen","Est. reading time":"2 minutes"},"schema":{"@context":"https:\/\/schema.org","@graph":[{"@type":"Article","@id":"https:\/\/tdcenter.org\/2026\/06\/05\/bohdana-batsko-ceeri-podcast-territory-for-peace-ukraine-2026\/#article","isPartOf":{"@id":"https:\/\/tdcenter.org\/2026\/06\/05\/bohdana-batsko-ceeri-podcast-territory-for-peace-ukraine-2026\/"},"author":{"name":"Vladyslava Sen","@id":"https:\/\/tdcenter.org\/#\/schema\/person\/705192eaf4fd14c2586f2248272448b4"},"headline":"Bohdana Batsko for CEERI Podcast: Why &#8220;Territory for Peace&#8221; Will Not End the War","datePublished":"2026-06-05T13:46:51+00:00","dateModified":"2026-06-09T14:21:10+00:00","mainEntityOfPage":{"@id":"https:\/\/tdcenter.org\/2026\/06\/05\/bohdana-batsko-ceeri-podcast-territory-for-peace-ukraine-2026\/"},"wordCount":349,"commentCount":0,"publisher":{"@id":"https:\/\/tdcenter.org\/#organization"},"image":{"@id":"https:\/\/tdcenter.org\/2026\/06\/05\/bohdana-batsko-ceeri-podcast-territory-for-peace-ukraine-2026\/#primaryimage"},"thumbnailUrl":"https:\/\/tdcenter.org\/wp-content\/uploads\/2026\/06\/\u0411\u043e\u0433\u0434\u0430\u043d\u0430_\u043f\u043e\u043b\u043a\u0430\u0441\u0442_2.0.png","articleSection":["Media Mentions","Media-Spain and Latin America Cooperation Program"],"inLanguage":"fr-FR","potentialAction":[{"@type":"CommentAction","name":"Comment","target":["https:\/\/tdcenter.org\/2026\/06\/05\/bohdana-batsko-ceeri-podcast-territory-for-peace-ukraine-2026\/#respond"]}]},{"@type":"WebPage","@id":"https:\/\/tdcenter.org\/2026\/06\/05\/bohdana-batsko-ceeri-podcast-territory-for-peace-ukraine-2026\/","url":"https:\/\/tdcenter.org\/2026\/06\/05\/bohdana-batsko-ceeri-podcast-territory-for-peace-ukraine-2026\/","name":"Why \"Territory for Peace\" Will Not End the War | TDC","isPartOf":{"@id":"https:\/\/tdcenter.org\/#website"},"primaryImageOfPage":{"@id":"https:\/\/tdcenter.org\/2026\/06\/05\/bohdana-batsko-ceeri-podcast-territory-for-peace-ukraine-2026\/#primaryimage"},"image":{"@id":"https:\/\/tdcenter.org\/2026\/06\/05\/bohdana-batsko-ceeri-podcast-territory-for-peace-ukraine-2026\/#primaryimage"},"thumbnailUrl":"https:\/\/tdcenter.org\/wp-content\/uploads\/2026\/06\/\u0411\u043e\u0433\u0434\u0430\u043d\u0430_\u043f\u043e\u043b\u043a\u0430\u0441\u0442_2.0.png","datePublished":"2026-06-05T13:46:51+00:00","dateModified":"2026-06-09T14:21:10+00:00","description":"Bohdana Batsko (TDC) joined CEERI\u2019s podcast to explain why \u201cterritory for peace\u201d won\u2019t end the war and what shapes a viable settlement in 2026.","breadcrumb":{"@id":"https:\/\/tdcenter.org\/2026\/06\/05\/bohdana-batsko-ceeri-podcast-territory-for-peace-ukraine-2026\/#breadcrumb"},"inLanguage":"fr-FR","potentialAction":[{"@type":"ReadAction","target":["https:\/\/tdcenter.org\/2026\/06\/05\/bohdana-batsko-ceeri-podcast-territory-for-peace-ukraine-2026\/"]}]},{"@type":"ImageObject","inLanguage":"fr-FR","@id":"https:\/\/tdcenter.org\/2026\/06\/05\/bohdana-batsko-ceeri-podcast-territory-for-peace-ukraine-2026\/#primaryimage","url":"https:\/\/tdcenter.org\/wp-content\/uploads\/2026\/06\/\u0411\u043e\u0433\u0434\u0430\u043d\u0430_\u043f\u043e\u043b\u043a\u0430\u0441\u0442_2.0.png","contentUrl":"https:\/\/tdcenter.org\/wp-content\/uploads\/2026\/06\/\u0411\u043e\u0433\u0434\u0430\u043d\u0430_\u043f\u043e\u043b\u043a\u0430\u0441\u0442_2.0.png","width":2093,"height":1500,"caption":"Cover image for: Bohdana Batsko for CEERI Podcast: Why \u201cTerritory for Peace\u201d Will Not End the War"},{"@type":"BreadcrumbList","@id":"https:\/\/tdcenter.org\/2026\/06\/05\/bohdana-batsko-ceeri-podcast-territory-for-peace-ukraine-2026\/#breadcrumb","itemListElement":[{"@type":"ListItem","position":1,"name":"Home","item":"https:\/\/tdcenter.org\/"},{"@type":"ListItem","position":2,"name":"Bohdana Batsko for CEERI Podcast: Why &#8220;Territory for Peace&#8221; Will Not End the War"}]},{"@type":"WebSite","@id":"https:\/\/tdcenter.org\/#website","url":"https:\/\/tdcenter.org\/","name":"Transatlantic Dialogue Center","description":"Promoting International Peace and Security","publisher":{"@id":"https:\/\/tdcenter.org\/#organization"},"potentialAction":[{"@type":"SearchAction","target":{"@type":"EntryPoint","urlTemplate":"https:\/\/tdcenter.org\/?s={search_term_string}"},"query-input":{"@type":"PropertyValueSpecification","valueRequired":true,"valueName":"search_term_string"}}],"inLanguage":"fr-FR"},{"@type":"Organization","@id":"https:\/\/tdcenter.org\/#organization","name":"Transatlantic Dialogue Center","url":"https:\/\/tdcenter.org\/","logo":{"@type":"ImageObject","inLanguage":"fr-FR","@id":"https:\/\/tdcenter.org\/#\/schema\/logo\/image\/","url":"https:\/\/tdcenter.org\/wp-content\/uploads\/2022\/04\/google.png","contentUrl":"https:\/\/tdcenter.org\/wp-content\/uploads\/2022\/04\/google.png","width":2568,"height":2487,"caption":"Transatlantic Dialogue Center"},"image":{"@id":"https:\/\/tdcenter.org\/#\/schema\/logo\/image\/"},"sameAs":["https:\/\/www.facebook.com\/Transatlantic-Dialogue-Center-105645698740463","https:\/\/www.youtube.com\/channel\/UCpJuhU4JBfpv_jsldNOc5LA"]},{"@type":"Person","@id":"https:\/\/tdcenter.org\/#\/schema\/person\/705192eaf4fd14c2586f2248272448b4","name":"Vladyslava Sen","image":{"@type":"ImageObject","inLanguage":"fr-FR","@id":"https:\/\/tdcenter.org\/#\/schema\/person\/image\/","url":"https:\/\/tdcenter.org\/wp-content\/litespeed\/avatar\/52936a32ac1f8353647d06145a3e5985.jpg?ver=1788350325","contentUrl":"https:\/\/tdcenter.org\/wp-content\/litespeed\/avatar\/52936a32ac1f8353647d06145a3e5985.jpg?ver=1788350325","caption":"Vladyslava Sen"}}]}},"mfb_rest_fields":["title","yoast_head","yoast_head_json","gutenberg_elementor_mode"],"_links":{"self":[{"href":"https:\/\/tdcenter.org\/fr\/wp-json\/wp\/v2\/posts\/37032","targetHints":{"allow":["GET"]}}],"collection":[{"href":"https:\/\/tdcenter.org\/fr\/wp-json\/wp\/v2\/posts"}],"about":[{"href":"https:\/\/tdcenter.org\/fr\/wp-json\/wp\/v2\/types\/post"}],"author":[{"embeddable":true,"href":"https:\/\/tdcenter.org\/fr\/wp-json\/wp\/v2\/users\/21"}],"replies":[{"embeddable":true,"href":"https:\/\/tdcenter.org\/fr\/wp-json\/wp\/v2\/comments?post=37032"}],"version-history":[{"count":1,"href":"https:\/\/tdcenter.org\/fr\/wp-json\/wp\/v2\/posts\/37032\/revisions"}],"predecessor-version":[{"id":37035,"href":"https:\/\/tdcenter.org\/fr\/wp-json\/wp\/v2\/posts\/37032\/revisions\/37035"}],"wp:featuredmedia":[{"embeddable":true,"href":"https:\/\/tdcenter.org\/fr\/wp-json\/wp\/v2\/media\/37036"}],"wp:attachment":[{"href":"https:\/\/tdcenter.org\/fr\/wp-json\/wp\/v2\/media?parent=37032"}],"wp:term":[{"taxonomy":"category","embeddable":true,"href":"https:\/\/tdcenter.org\/fr\/wp-json\/wp\/v2\/categories?post=37032"},{"taxonomy":"post_tag","embeddable":true,"href":"https:\/\/tdcenter.org\/fr\/wp-json\/wp\/v2\/tags?post=37032"},{"taxonomy":"topic","embeddable":true,"href":"https:\/\/tdcenter.org\/fr\/wp-json\/wp\/v2\/topic?post=37032"}],"curies":[{"name":"wp","href":"https:\/\/api.w.org\/{rel}","templated":true}]}}