{"id":36829,"date":"2026-05-26T16:21:42","date_gmt":"2026-05-26T13:21:42","guid":{"rendered":"https:\/\/tdcenter.org\/?p=36829"},"modified":"2026-07-07T14:42:39","modified_gmt":"2026-07-07T11:42:39","slug":"maksym-chebotarov-for-la-tercera-nato-faces-a-transatlantic-stress-test-amid-growing-alliance-tensions-copy","status":"publish","type":"post","link":"https:\/\/tdcenter.org\/fr\/2026\/05\/26\/maksym-chebotarov-for-la-tercera-nato-faces-a-transatlantic-stress-test-amid-growing-alliance-tensions-copy\/","title":{"rendered":"Maksym Chebotarov pour La Tercera : l\u2019OTAN face \u00e0 une \u00e9preuve de r\u00e9sistance transatlantique sur fond de tensions croissantes au sein de l\u2019Alliance"},"content":{"rendered":"<div class=\"wp-block-image\">\n<figure class=\"aligncenter size-large is-resized\"><img fetchpriority=\"high\" decoding=\"async\" width=\"1024\" height=\"734\" src=\"https:\/\/tdcenter.org\/wp-content\/uploads\/2026\/05\/eng_media_mention_latercera-1024x734.png\" alt=\"Cover image for: Maksym Chebotarov for La Tercera: NATO Faces a Transatlantic Stress Test Amid Growing Alliance Tensions \u2013 Copy\" class=\"wp-image-36818\" style=\"aspect-ratio:1.3951267846687385;width:532px;height:auto\" srcset=\"https:\/\/tdcenter.org\/wp-content\/uploads\/2026\/05\/eng_media_mention_latercera-1024x734.png 1024w, https:\/\/tdcenter.org\/wp-content\/uploads\/2026\/05\/eng_media_mention_latercera-600x430.png 600w, https:\/\/tdcenter.org\/wp-content\/uploads\/2026\/05\/eng_media_mention_latercera-768x551.png 768w, https:\/\/tdcenter.org\/wp-content\/uploads\/2026\/05\/eng_media_mention_latercera-1536x1101.png 1536w, https:\/\/tdcenter.org\/wp-content\/uploads\/2026\/05\/eng_media_mention_latercera-2048x1468.png 2048w, https:\/\/tdcenter.org\/wp-content\/uploads\/2026\/05\/eng_media_mention_latercera-18x12.png 18w\" sizes=\"(max-width: 1024px) 100vw, 1024px\" \/><\/figure>\n<\/div>\n\n\n<p class=\"wp-block-paragraph\"><\/p>\n\n\n\n<p class=\"wp-block-paragraph translation-block\">Le 11 avril 2026, <strong>Maksym Chebotarov<\/strong>, <em>coordinateur du programme de partenariat \u00c9tats-Unis\u2013Ukraine au Transatlantic Dialogue Center (TDC)<\/em>, s\u2019est entretenu avec <strong>La Tercera<\/strong>, <em>quotidien publi\u00e9 \u00e0 Santiago, au Chili<\/em>, au sujet des tensions croissantes au sein de l\u2019OTAN apr\u00e8s les d\u00e9saccords entre les \u00c9tats-Unis et leurs alli\u00e9s concernant le conflit avec l\u2019Iran.<\/p>\n\n\n\n<p class=\"wp-block-paragraph translation-block\">Dans l\u2019article, <strong>La Tercera <\/strong>d\u00e9crit la guerre contre l\u2019Iran comme <em>une \u00e9preuve majeure pour l\u2019unit\u00e9 transatlantique, apr\u00e8s que les alli\u00e9s des \u00c9tats-Unis ont refus\u00e9 la demande d\u2019assistance du pr\u00e9sident Donald Trump visant \u00e0 d\u00e9bloquer le d\u00e9troit d\u2019Ormuz<\/em>. L\u2019article met \u00e9galement en lumi\u00e8re <em>les critiques croissantes de Trump \u00e0 l\u2019\u00e9gard de l\u2019Alliance<\/em>, y compris ses menaces renouvel\u00e9es d\u2019un <strong>retrait des \u00c9tats-Unis de l\u2019OTAN<\/strong> et ses d\u00e9clarations mettant en doute la <strong>cr\u00e9dibilit\u00e9 de l\u2019article 5<\/strong>.<\/p>\n\n\n\n<p class=\"wp-block-paragraph translation-block\">Chebotarov a soulign\u00e9 que<strong> un retrait des \u00c9tats-Unis de l\u2019OTAN \u00e0 br\u00e8ve \u00e9ch\u00e9ance n\u2019est pas un sc\u00e9nario r\u00e9aliste<\/strong> ni probable. Il a fait remarquer que les \u00c9tats-Unis tirent profit de leur pr\u00e9sence dans les pays alli\u00e9s gr\u00e2ce aux bases a\u00e9riennes, aux structures de commandement et de contr\u00f4le, aux patrouilles maritimes conjointes, aux cycles de production conjoints, aux \u00e9quipements standardis\u00e9s et \u00e0 une perception commune des menaces.<\/p>\n\n\n\n<p class=\"wp-block-paragraph\">Dans le m\u00eame temps, il a soulign\u00e9 que l\u2019OTAN avait \u00ab perdu une partie de sa marge d\u2019erreur et de sa cr\u00e9dibilit\u00e9 \u00bb du point de vue des dirigeants am\u00e9ricains, mais que les alli\u00e9s disposaient encore d\u2019une occasion de \u00ab seconde chance \u00bb. Selon lui, le d\u00e9bat actuel sur le partage des charges devient de plus en plus un dilemme pratique, fa\u00e7onn\u00e9 par des perceptions divergentes des menaces et des \u00e9valuations diff\u00e9rentes des priorit\u00e9s strat\u00e9giques.<\/p>\n\n\n\n<p class=\"wp-block-paragraph translation-block\">Chebotarov a \u00e9galement averti que les adversaires n\u2019ont pas besoin de voir l\u2019OTAN s\u2019effondrer ; il leur suffit de croire que l\u2019<em>Alliance h\u00e9sitera et se trouvera paralys\u00e9e politiquement au lieu de r\u00e9pondre<\/em> aux besoins imm\u00e9diats de d\u00e9fense et de dissuasion.<\/p>\n\n\n\n<p class=\"wp-block-paragraph\">Lire l\u2019article complet via le <a href=\"https:\/\/www.latercera.com\/mundo\/noticia\/guerra-entre-eeuu-e-iran-pone-en-jaque-el-futuro-de-la-otan\/\">lien<\/a>.<\/p>","protected":false},"excerpt":{"rendered":"<p>On April 11, 2026, Maksym Chebotarov, Coordinator of the U.S.\u2013Ukraine Partnership Program at the Transatlantic Dialogue Center (TDC), spoke to La Tercera, a daily newspaper published in Santiago, Chile, about growing tensions within NATO following disagreements between the United States and its allies over the conflict with Iran. In the article, La Tercera describes the [&hellip;]<\/p>\n","protected":false},"author":21,"featured_media":36818,"comment_status":"open","ping_status":"open","sticky":false,"template":"","format":"standard","meta":{"footnotes":""},"categories":[29,106],"tags":[],"topic":[],"class_list":["post-36829","post","type-post","status-publish","format-standard","has-post-thumbnail","hentry","category-media","category-us-ukraine-partnership-program-media"],"mb":[],"yoast_head":"<!-- This site is optimized with the Yoast SEO Premium plugin v25.6 (Yoast SEO v25.6) - https:\/\/yoast.com\/wordpress\/plugins\/seo\/ -->\n<title>Maksym Chebotarov on NATO Tensions for La Tercera | TDC<\/title>\n<meta name=\"description\" content=\"Maksym Chebotarov (TDC) told Chile\u2019s La Tercera that a near-term U.S. NATO exit is unlikely, but credibility and burden-sharing tensions are rising.\" \/>\n<meta name=\"robots\" content=\"index, follow, max-snippet:-1, max-image-preview:large, max-video-preview:-1\" \/>\n<link rel=\"canonical\" href=\"https:\/\/tdcenter.org\/fr\/2026\/05\/26\/maksym-chebotarov-for-la-tercera-nato-faces-a-transatlantic-stress-test-amid-growing-alliance-tensions-copy\/\" \/>\n<meta property=\"og:locale\" content=\"fr_FR\" \/>\n<meta property=\"og:type\" content=\"article\" \/>\n<meta property=\"og:title\" content=\"Maksym Chebotarov on NATO Tensions for La Tercera\" \/>\n<meta property=\"og:description\" content=\"Maksym Chebotarov (TDC) told Chile\u2019s La Tercera that a near-term U.S. NATO exit is unlikely, but credibility and burden-sharing tensions are rising.\" \/>\n<meta property=\"og:url\" content=\"https:\/\/tdcenter.org\/fr\/2026\/05\/26\/maksym-chebotarov-for-la-tercera-nato-faces-a-transatlantic-stress-test-amid-growing-alliance-tensions-copy\/\" \/>\n<meta property=\"og:site_name\" content=\"Transatlantic Dialogue Center\" \/>\n<meta property=\"article:publisher\" content=\"https:\/\/www.facebook.com\/Transatlantic-Dialogue-Center-105645698740463\" \/>\n<meta property=\"article:published_time\" content=\"2026-05-26T13:21:42+00:00\" \/>\n<meta property=\"article:modified_time\" content=\"2026-07-07T11:42:39+00:00\" \/>\n<meta property=\"og:image\" content=\"https:\/\/tdcenter.org\/wp-content\/uploads\/2026\/05\/eng_media_mention_latercera-scaled.png\" \/>\n\t<meta property=\"og:image:width\" content=\"2560\" \/>\n\t<meta property=\"og:image:height\" content=\"1835\" \/>\n\t<meta property=\"og:image:type\" content=\"image\/png\" \/>\n<meta name=\"author\" content=\"Vladyslava Sen\" \/>\n<meta name=\"twitter:card\" content=\"summary_large_image\" \/>\n<meta name=\"twitter:title\" content=\"Maksym Chebotarov on NATO Tensions for La Tercera\" \/>\n<meta name=\"twitter:description\" content=\"Maksym Chebotarov (TDC) told Chile\u2019s La Tercera that a near-term U.S. NATO exit is unlikely, but credibility and burden-sharing tensions are rising.\" \/>\n<meta name=\"twitter:label1\" content=\"Written by\" \/>\n\t<meta name=\"twitter:data1\" content=\"Vladyslava Sen\" \/>\n\t<meta name=\"twitter:label2\" content=\"Est. reading time\" \/>\n\t<meta name=\"twitter:data2\" content=\"2 minutes\" \/>\n<script type=\"application\/ld+json\" class=\"yoast-schema-graph\">{\"@context\":\"https:\/\/schema.org\",\"@graph\":[{\"@type\":\"Article\",\"@id\":\"https:\/\/tdcenter.org\/2026\/05\/26\/maksym-chebotarov-for-la-tercera-nato-faces-a-transatlantic-stress-test-amid-growing-alliance-tensions-copy\/#article\",\"isPartOf\":{\"@id\":\"https:\/\/tdcenter.org\/2026\/05\/26\/maksym-chebotarov-for-la-tercera-nato-faces-a-transatlantic-stress-test-amid-growing-alliance-tensions-copy\/\"},\"author\":{\"name\":\"Vladyslava Sen\",\"@id\":\"https:\/\/tdcenter.org\/#\/schema\/person\/705192eaf4fd14c2586f2248272448b4\"},\"headline\":\"Maksym Chebotarov for La Tercera: NATO Faces a Transatlantic Stress Test Amid Growing Alliance Tensions\",\"datePublished\":\"2026-05-26T13:21:42+00:00\",\"dateModified\":\"2026-07-07T11:42:39+00:00\",\"mainEntityOfPage\":{\"@id\":\"https:\/\/tdcenter.org\/2026\/05\/26\/maksym-chebotarov-for-la-tercera-nato-faces-a-transatlantic-stress-test-amid-growing-alliance-tensions-copy\/\"},\"wordCount\":276,\"commentCount\":0,\"publisher\":{\"@id\":\"https:\/\/tdcenter.org\/#organization\"},\"image\":{\"@id\":\"https:\/\/tdcenter.org\/2026\/05\/26\/maksym-chebotarov-for-la-tercera-nato-faces-a-transatlantic-stress-test-amid-growing-alliance-tensions-copy\/#primaryimage\"},\"thumbnailUrl\":\"https:\/\/tdcenter.org\/wp-content\/uploads\/2026\/05\/eng_media_mention_latercera-scaled.png\",\"articleSection\":[\"Media Mentions\",\"Media-US-Ukraine Partnership Program\"],\"inLanguage\":\"fr-FR\",\"potentialAction\":[{\"@type\":\"CommentAction\",\"name\":\"Comment\",\"target\":[\"https:\/\/tdcenter.org\/2026\/05\/26\/maksym-chebotarov-for-la-tercera-nato-faces-a-transatlantic-stress-test-amid-growing-alliance-tensions-copy\/#respond\"]}]},{\"@type\":\"WebPage\",\"@id\":\"https:\/\/tdcenter.org\/2026\/05\/26\/maksym-chebotarov-for-la-tercera-nato-faces-a-transatlantic-stress-test-amid-growing-alliance-tensions-copy\/\",\"url\":\"https:\/\/tdcenter.org\/2026\/05\/26\/maksym-chebotarov-for-la-tercera-nato-faces-a-transatlantic-stress-test-amid-growing-alliance-tensions-copy\/\",\"name\":\"Maksym Chebotarov on NATO Tensions for La Tercera | TDC\",\"isPartOf\":{\"@id\":\"https:\/\/tdcenter.org\/#website\"},\"primaryImageOfPage\":{\"@id\":\"https:\/\/tdcenter.org\/2026\/05\/26\/maksym-chebotarov-for-la-tercera-nato-faces-a-transatlantic-stress-test-amid-growing-alliance-tensions-copy\/#primaryimage\"},\"image\":{\"@id\":\"https:\/\/tdcenter.org\/2026\/05\/26\/maksym-chebotarov-for-la-tercera-nato-faces-a-transatlantic-stress-test-amid-growing-alliance-tensions-copy\/#primaryimage\"},\"thumbnailUrl\":\"https:\/\/tdcenter.org\/wp-content\/uploads\/2026\/05\/eng_media_mention_latercera-scaled.png\",\"datePublished\":\"2026-05-26T13:21:42+00:00\",\"dateModified\":\"2026-07-07T11:42:39+00:00\",\"description\":\"Maksym Chebotarov (TDC) told Chile\u2019s La Tercera that a near-term U.S. NATO exit is unlikely, but credibility and burden-sharing tensions are rising.\",\"breadcrumb\":{\"@id\":\"https:\/\/tdcenter.org\/2026\/05\/26\/maksym-chebotarov-for-la-tercera-nato-faces-a-transatlantic-stress-test-amid-growing-alliance-tensions-copy\/#breadcrumb\"},\"inLanguage\":\"fr-FR\",\"potentialAction\":[{\"@type\":\"ReadAction\",\"target\":[\"https:\/\/tdcenter.org\/2026\/05\/26\/maksym-chebotarov-for-la-tercera-nato-faces-a-transatlantic-stress-test-amid-growing-alliance-tensions-copy\/\"]}]},{\"@type\":\"ImageObject\",\"inLanguage\":\"fr-FR\",\"@id\":\"https:\/\/tdcenter.org\/2026\/05\/26\/maksym-chebotarov-for-la-tercera-nato-faces-a-transatlantic-stress-test-amid-growing-alliance-tensions-copy\/#primaryimage\",\"url\":\"https:\/\/tdcenter.org\/wp-content\/uploads\/2026\/05\/eng_media_mention_latercera-scaled.png\",\"contentUrl\":\"https:\/\/tdcenter.org\/wp-content\/uploads\/2026\/05\/eng_media_mention_latercera-scaled.png\",\"width\":2560,\"height\":1835,\"caption\":\"Cover image for: Maksym Chebotarov for La Tercera: NATO Faces a Transatlantic Stress Test Amid Growing Alliance Tensions \u2013 Copy\"},{\"@type\":\"BreadcrumbList\",\"@id\":\"https:\/\/tdcenter.org\/2026\/05\/26\/maksym-chebotarov-for-la-tercera-nato-faces-a-transatlantic-stress-test-amid-growing-alliance-tensions-copy\/#breadcrumb\",\"itemListElement\":[{\"@type\":\"ListItem\",\"position\":1,\"name\":\"Home\",\"item\":\"https:\/\/tdcenter.org\/\"},{\"@type\":\"ListItem\",\"position\":2,\"name\":\"Maksym Chebotarov for La Tercera: NATO Faces a Transatlantic Stress Test Amid Growing Alliance Tensions\"}]},{\"@type\":\"WebSite\",\"@id\":\"https:\/\/tdcenter.org\/#website\",\"url\":\"https:\/\/tdcenter.org\/\",\"name\":\"Transatlantic Dialogue Center\",\"description\":\"Promoting International Peace and Security\",\"publisher\":{\"@id\":\"https:\/\/tdcenter.org\/#organization\"},\"potentialAction\":[{\"@type\":\"SearchAction\",\"target\":{\"@type\":\"EntryPoint\",\"urlTemplate\":\"https:\/\/tdcenter.org\/?s={search_term_string}\"},\"query-input\":{\"@type\":\"PropertyValueSpecification\",\"valueRequired\":true,\"valueName\":\"search_term_string\"}}],\"inLanguage\":\"fr-FR\"},{\"@type\":\"Organization\",\"@id\":\"https:\/\/tdcenter.org\/#organization\",\"name\":\"Transatlantic Dialogue Center\",\"url\":\"https:\/\/tdcenter.org\/\",\"logo\":{\"@type\":\"ImageObject\",\"inLanguage\":\"fr-FR\",\"@id\":\"https:\/\/tdcenter.org\/#\/schema\/logo\/image\/\",\"url\":\"https:\/\/tdcenter.org\/wp-content\/uploads\/2022\/04\/google.png\",\"contentUrl\":\"https:\/\/tdcenter.org\/wp-content\/uploads\/2022\/04\/google.png\",\"width\":2568,\"height\":2487,\"caption\":\"Transatlantic Dialogue Center\"},\"image\":{\"@id\":\"https:\/\/tdcenter.org\/#\/schema\/logo\/image\/\"},\"sameAs\":[\"https:\/\/www.facebook.com\/Transatlantic-Dialogue-Center-105645698740463\",\"https:\/\/www.youtube.com\/channel\/UCpJuhU4JBfpv_jsldNOc5LA\"]},{\"@type\":\"Person\",\"@id\":\"https:\/\/tdcenter.org\/#\/schema\/person\/705192eaf4fd14c2586f2248272448b4\",\"name\":\"Vladyslava Sen\",\"image\":{\"@type\":\"ImageObject\",\"inLanguage\":\"fr-FR\",\"@id\":\"https:\/\/tdcenter.org\/#\/schema\/person\/image\/\",\"url\":\"https:\/\/tdcenter.org\/wp-content\/litespeed\/avatar\/52936a32ac1f8353647d06145a3e5985.jpg?ver=1788350325\",\"contentUrl\":\"https:\/\/tdcenter.org\/wp-content\/litespeed\/avatar\/52936a32ac1f8353647d06145a3e5985.jpg?ver=1788350325\",\"caption\":\"Vladyslava Sen\"}}]}<\/script>\n<!-- \/ Yoast SEO Premium plugin. -->","yoast_head_json":{"title":"Maksym Chebotarov on NATO Tensions for La Tercera | TDC","description":"Maksym Chebotarov (TDC) told Chile\u2019s La Tercera that a near-term U.S. NATO exit is unlikely, but credibility and burden-sharing tensions are rising.","robots":{"index":"index","follow":"follow","max-snippet":"max-snippet:-1","max-image-preview":"max-image-preview:large","max-video-preview":"max-video-preview:-1"},"canonical":"https:\/\/tdcenter.org\/fr\/2026\/05\/26\/maksym-chebotarov-for-la-tercera-nato-faces-a-transatlantic-stress-test-amid-growing-alliance-tensions-copy\/","og_locale":"fr_FR","og_type":"article","og_title":"Maksym Chebotarov on NATO Tensions for La Tercera","og_description":"Maksym Chebotarov (TDC) told Chile\u2019s La Tercera that a near-term U.S. NATO exit is unlikely, but credibility and burden-sharing tensions are rising.","og_url":"https:\/\/tdcenter.org\/fr\/2026\/05\/26\/maksym-chebotarov-for-la-tercera-nato-faces-a-transatlantic-stress-test-amid-growing-alliance-tensions-copy\/","og_site_name":"Transatlantic Dialogue Center","article_publisher":"https:\/\/www.facebook.com\/Transatlantic-Dialogue-Center-105645698740463","article_published_time":"2026-05-26T13:21:42+00:00","article_modified_time":"2026-07-07T11:42:39+00:00","og_image":[{"width":2560,"height":1835,"url":"https:\/\/tdcenter.org\/wp-content\/uploads\/2026\/05\/eng_media_mention_latercera-scaled.png","type":"image\/png"}],"author":"Vladyslava Sen","twitter_card":"summary_large_image","twitter_title":"Maksym Chebotarov on NATO Tensions for La Tercera","twitter_description":"Maksym Chebotarov (TDC) told Chile\u2019s La Tercera that a near-term U.S. NATO exit is unlikely, but credibility and burden-sharing tensions are rising.","twitter_misc":{"Written by":"Vladyslava Sen","Est. reading time":"2 minutes"},"schema":{"@context":"https:\/\/schema.org","@graph":[{"@type":"Article","@id":"https:\/\/tdcenter.org\/2026\/05\/26\/maksym-chebotarov-for-la-tercera-nato-faces-a-transatlantic-stress-test-amid-growing-alliance-tensions-copy\/#article","isPartOf":{"@id":"https:\/\/tdcenter.org\/2026\/05\/26\/maksym-chebotarov-for-la-tercera-nato-faces-a-transatlantic-stress-test-amid-growing-alliance-tensions-copy\/"},"author":{"name":"Vladyslava Sen","@id":"https:\/\/tdcenter.org\/#\/schema\/person\/705192eaf4fd14c2586f2248272448b4"},"headline":"Maksym Chebotarov for La Tercera: NATO Faces a Transatlantic Stress Test Amid Growing Alliance Tensions","datePublished":"2026-05-26T13:21:42+00:00","dateModified":"2026-07-07T11:42:39+00:00","mainEntityOfPage":{"@id":"https:\/\/tdcenter.org\/2026\/05\/26\/maksym-chebotarov-for-la-tercera-nato-faces-a-transatlantic-stress-test-amid-growing-alliance-tensions-copy\/"},"wordCount":276,"commentCount":0,"publisher":{"@id":"https:\/\/tdcenter.org\/#organization"},"image":{"@id":"https:\/\/tdcenter.org\/2026\/05\/26\/maksym-chebotarov-for-la-tercera-nato-faces-a-transatlantic-stress-test-amid-growing-alliance-tensions-copy\/#primaryimage"},"thumbnailUrl":"https:\/\/tdcenter.org\/wp-content\/uploads\/2026\/05\/eng_media_mention_latercera-scaled.png","articleSection":["Media Mentions","Media-US-Ukraine Partnership Program"],"inLanguage":"fr-FR","potentialAction":[{"@type":"CommentAction","name":"Comment","target":["https:\/\/tdcenter.org\/2026\/05\/26\/maksym-chebotarov-for-la-tercera-nato-faces-a-transatlantic-stress-test-amid-growing-alliance-tensions-copy\/#respond"]}]},{"@type":"WebPage","@id":"https:\/\/tdcenter.org\/2026\/05\/26\/maksym-chebotarov-for-la-tercera-nato-faces-a-transatlantic-stress-test-amid-growing-alliance-tensions-copy\/","url":"https:\/\/tdcenter.org\/2026\/05\/26\/maksym-chebotarov-for-la-tercera-nato-faces-a-transatlantic-stress-test-amid-growing-alliance-tensions-copy\/","name":"Maksym Chebotarov on NATO Tensions for La Tercera | TDC","isPartOf":{"@id":"https:\/\/tdcenter.org\/#website"},"primaryImageOfPage":{"@id":"https:\/\/tdcenter.org\/2026\/05\/26\/maksym-chebotarov-for-la-tercera-nato-faces-a-transatlantic-stress-test-amid-growing-alliance-tensions-copy\/#primaryimage"},"image":{"@id":"https:\/\/tdcenter.org\/2026\/05\/26\/maksym-chebotarov-for-la-tercera-nato-faces-a-transatlantic-stress-test-amid-growing-alliance-tensions-copy\/#primaryimage"},"thumbnailUrl":"https:\/\/tdcenter.org\/wp-content\/uploads\/2026\/05\/eng_media_mention_latercera-scaled.png","datePublished":"2026-05-26T13:21:42+00:00","dateModified":"2026-07-07T11:42:39+00:00","description":"Maksym Chebotarov (TDC) told Chile\u2019s La Tercera that a near-term U.S. NATO exit is unlikely, but credibility and burden-sharing tensions are rising.","breadcrumb":{"@id":"https:\/\/tdcenter.org\/2026\/05\/26\/maksym-chebotarov-for-la-tercera-nato-faces-a-transatlantic-stress-test-amid-growing-alliance-tensions-copy\/#breadcrumb"},"inLanguage":"fr-FR","potentialAction":[{"@type":"ReadAction","target":["https:\/\/tdcenter.org\/2026\/05\/26\/maksym-chebotarov-for-la-tercera-nato-faces-a-transatlantic-stress-test-amid-growing-alliance-tensions-copy\/"]}]},{"@type":"ImageObject","inLanguage":"fr-FR","@id":"https:\/\/tdcenter.org\/2026\/05\/26\/maksym-chebotarov-for-la-tercera-nato-faces-a-transatlantic-stress-test-amid-growing-alliance-tensions-copy\/#primaryimage","url":"https:\/\/tdcenter.org\/wp-content\/uploads\/2026\/05\/eng_media_mention_latercera-scaled.png","contentUrl":"https:\/\/tdcenter.org\/wp-content\/uploads\/2026\/05\/eng_media_mention_latercera-scaled.png","width":2560,"height":1835,"caption":"Cover image for: Maksym Chebotarov for La Tercera: NATO Faces a Transatlantic Stress Test Amid Growing Alliance Tensions \u2013 Copy"},{"@type":"BreadcrumbList","@id":"https:\/\/tdcenter.org\/2026\/05\/26\/maksym-chebotarov-for-la-tercera-nato-faces-a-transatlantic-stress-test-amid-growing-alliance-tensions-copy\/#breadcrumb","itemListElement":[{"@type":"ListItem","position":1,"name":"Home","item":"https:\/\/tdcenter.org\/"},{"@type":"ListItem","position":2,"name":"Maksym Chebotarov for La Tercera: NATO Faces a Transatlantic Stress Test Amid Growing Alliance Tensions"}]},{"@type":"WebSite","@id":"https:\/\/tdcenter.org\/#website","url":"https:\/\/tdcenter.org\/","name":"Transatlantic Dialogue Center","description":"Promoting International Peace and Security","publisher":{"@id":"https:\/\/tdcenter.org\/#organization"},"potentialAction":[{"@type":"SearchAction","target":{"@type":"EntryPoint","urlTemplate":"https:\/\/tdcenter.org\/?s={search_term_string}"},"query-input":{"@type":"PropertyValueSpecification","valueRequired":true,"valueName":"search_term_string"}}],"inLanguage":"fr-FR"},{"@type":"Organization","@id":"https:\/\/tdcenter.org\/#organization","name":"Transatlantic Dialogue Center","url":"https:\/\/tdcenter.org\/","logo":{"@type":"ImageObject","inLanguage":"fr-FR","@id":"https:\/\/tdcenter.org\/#\/schema\/logo\/image\/","url":"https:\/\/tdcenter.org\/wp-content\/uploads\/2022\/04\/google.png","contentUrl":"https:\/\/tdcenter.org\/wp-content\/uploads\/2022\/04\/google.png","width":2568,"height":2487,"caption":"Transatlantic Dialogue Center"},"image":{"@id":"https:\/\/tdcenter.org\/#\/schema\/logo\/image\/"},"sameAs":["https:\/\/www.facebook.com\/Transatlantic-Dialogue-Center-105645698740463","https:\/\/www.youtube.com\/channel\/UCpJuhU4JBfpv_jsldNOc5LA"]},{"@type":"Person","@id":"https:\/\/tdcenter.org\/#\/schema\/person\/705192eaf4fd14c2586f2248272448b4","name":"Vladyslava Sen","image":{"@type":"ImageObject","inLanguage":"fr-FR","@id":"https:\/\/tdcenter.org\/#\/schema\/person\/image\/","url":"https:\/\/tdcenter.org\/wp-content\/litespeed\/avatar\/52936a32ac1f8353647d06145a3e5985.jpg?ver=1788350325","contentUrl":"https:\/\/tdcenter.org\/wp-content\/litespeed\/avatar\/52936a32ac1f8353647d06145a3e5985.jpg?ver=1788350325","caption":"Vladyslava Sen"}}]}},"mfb_rest_fields":["title","yoast_head","yoast_head_json","gutenberg_elementor_mode"],"_links":{"self":[{"href":"https:\/\/tdcenter.org\/fr\/wp-json\/wp\/v2\/posts\/36829","targetHints":{"allow":["GET"]}}],"collection":[{"href":"https:\/\/tdcenter.org\/fr\/wp-json\/wp\/v2\/posts"}],"about":[{"href":"https:\/\/tdcenter.org\/fr\/wp-json\/wp\/v2\/types\/post"}],"author":[{"embeddable":true,"href":"https:\/\/tdcenter.org\/fr\/wp-json\/wp\/v2\/users\/21"}],"replies":[{"embeddable":true,"href":"https:\/\/tdcenter.org\/fr\/wp-json\/wp\/v2\/comments?post=36829"}],"version-history":[{"count":3,"href":"https:\/\/tdcenter.org\/fr\/wp-json\/wp\/v2\/posts\/36829\/revisions"}],"predecessor-version":[{"id":37589,"href":"https:\/\/tdcenter.org\/fr\/wp-json\/wp\/v2\/posts\/36829\/revisions\/37589"}],"wp:featuredmedia":[{"embeddable":true,"href":"https:\/\/tdcenter.org\/fr\/wp-json\/wp\/v2\/media\/36818"}],"wp:attachment":[{"href":"https:\/\/tdcenter.org\/fr\/wp-json\/wp\/v2\/media?parent=36829"}],"wp:term":[{"taxonomy":"category","embeddable":true,"href":"https:\/\/tdcenter.org\/fr\/wp-json\/wp\/v2\/categories?post=36829"},{"taxonomy":"post_tag","embeddable":true,"href":"https:\/\/tdcenter.org\/fr\/wp-json\/wp\/v2\/tags?post=36829"},{"taxonomy":"topic","embeddable":true,"href":"https:\/\/tdcenter.org\/fr\/wp-json\/wp\/v2\/topic?post=36829"}],"curies":[{"name":"wp","href":"https:\/\/api.w.org\/{rel}","templated":true}]}}