{"id":36768,"date":"2026-04-30T13:32:36","date_gmt":"2026-04-30T10:32:36","guid":{"rendered":"https:\/\/tdcenter.org\/?p=36768"},"modified":"2026-07-04T12:02:43","modified_gmt":"2026-07-04T09:02:43","slug":"tdc-dgap-morning-briefing-on-ukraine-maksym-skrypchenko","status":"publish","type":"post","link":"https:\/\/tdcenter.org\/fr\/2026\/04\/30\/tdc-dgap-morning-briefing-on-ukraine-maksym-skrypchenko\/","title":{"rendered":"TDC a particip\u00e9 au briefing matinal du DGAP sur l\u2019Ukraine"},"content":{"rendered":"<div class=\"wp-block-image\">\n<figure class=\"aligncenter size-large is-resized\"><img fetchpriority=\"high\" decoding=\"async\" width=\"1024\" height=\"734\" src=\"https:\/\/tdcenter.org\/wp-content\/uploads\/2026\/05\/deu_meeting_tdc-1024x734.png\" alt=\"Cover image for: TDC Joined DGAP\u2019s Morning Briefing on Ukraine\" class=\"wp-image-36769\" style=\"width:527px;height:auto\" srcset=\"https:\/\/tdcenter.org\/wp-content\/uploads\/2026\/05\/deu_meeting_tdc-1024x734.png 1024w, https:\/\/tdcenter.org\/wp-content\/uploads\/2026\/05\/deu_meeting_tdc-600x430.png 600w, https:\/\/tdcenter.org\/wp-content\/uploads\/2026\/05\/deu_meeting_tdc-768x551.png 768w, https:\/\/tdcenter.org\/wp-content\/uploads\/2026\/05\/deu_meeting_tdc-1536x1101.png 1536w, https:\/\/tdcenter.org\/wp-content\/uploads\/2026\/05\/deu_meeting_tdc-2048x1468.png 2048w, https:\/\/tdcenter.org\/wp-content\/uploads\/2026\/05\/deu_meeting_tdc-18x12.png 18w\" sizes=\"(max-width: 1024px) 100vw, 1024px\" \/><\/figure>\n<\/div>\n\n\n<p class=\"wp-block-paragraph\"><\/p>\n\n\n\n<p class=\"wp-block-paragraph translation-block\"><strong>Maksym Skrypchenko<\/strong>, <em>pr\u00e9sident du Transatlantic Dialogue Center<\/em>, est intervenu lors du <strong>Conseil allemand des relations ext\u00e9rieures<\/strong> (DGAP) <strong>briefing matinal sur l\u2019Ukraine <\/strong><em>\u00ab Mise \u00e0 jour sur l\u2019Ukraine : affaires int\u00e9rieures, europ\u00e9ennes et de s\u00e9curit\u00e9 \u00bb,<\/em> organis\u00e9 par le DGAP le <em>30 avril 2026<\/em>. Aux c\u00f4t\u00e9s d\u2019experts europ\u00e9ens de premier plan, il a \u00e9valu\u00e9 la situation militaire, politique et diplomatique de l\u2019Ukraine ainsi que l\u2019avenir du soutien europ\u00e9en et transatlantique.<\/p>\n\n\n\n<p class=\"wp-block-paragraph translation-block\">La conversation a port\u00e9 sur <strong>l\u2019\u00e9volution de la situation s\u00e9curitaire de l\u2019Ukraine<\/strong>, <strong>l\u2019innovation en mati\u00e8re de drones et de d\u00e9fense<\/strong>, <strong>les relations Ukraine\u2013\u00c9tats-Unis<\/strong>, <strong>l\u2019impact de la guerre au Moyen-Orient sur l\u2019attention et les ressources mondiales consacr\u00e9es \u00e0 l\u2019Ukraine<\/strong>, ainsi que <strong>l\u2019importance strat\u00e9gique du processus d\u2019adh\u00e9sion de l\u2019Ukraine \u00e0 l\u2019UE<\/strong>.<\/p>\n\n\n\n<p class=\"wp-block-paragraph\">Points essentiels du briefing :<\/p>\n\n\n\n<ul class=\"wp-block-list\">\n<li class=\"translation-block\">La position de l\u2019Ukraine sur le champ de bataille s\u2019est stabilis\u00e9e, la guerre des drones <em>limitant consid\u00e9rablement la capacit\u00e9 de la Russie \u00e0 mener des avanc\u00e9es blind\u00e9es rapides<\/em>, m\u00eame si des risques subsistent dans le nord-est, en particulier pr\u00e8s de Soumy.<\/li>\n\n\n\n<li class=\"translation-block\">L\u2019Ukraine devient un <em>fournisseur de s\u00e9curit\u00e9 pour l\u2019Europe<\/em>, d\u00e9veloppant des \u00e9cosyst\u00e8mes avanc\u00e9s de drones, des solutions de lutte anti-drones, des outils num\u00e9riques de gestion du champ de bataille et des capacit\u00e9s nationales de frappe \u00e0 longue port\u00e9e.<\/li>\n\n\n\n<li class=\"translation-block\">L\u2019UE assume un <em>r\u00f4le financier et politique plus important dans le soutien \u00e0 l\u2019Ukraine<\/em>, mais l\u2019aide doit devenir pr\u00e9visible et syst\u00e9matique plut\u00f4t que ponctuelle.<\/li>\n\n\n\n<li class=\"translation-block\">La Russie ne manifeste aucun int\u00e9r\u00eat pour des n\u00e9gociations de bonne foi, tandis que les deux parties semblent se pr\u00e9parer \u00e0 une guerre d\u2019<em>usure<\/em> prolong\u00e9e, touchant le front, la r\u00e9silience de la soci\u00e9t\u00e9, les infrastructures \u00e9nerg\u00e9tiques et la gouvernance.<\/li>\n\n\n\n<li class=\"translation-block\"><em>L\u2019int\u00e9gration \u00e0 l\u2019UE demeure une question strat\u00e9gique de s\u00e9curit\u00e9 pour l\u2019Ukraine<\/em>, et pas seulement une question \u00e9conomique ou institutionnelle. Elle signifie une appartenance durable \u00e0 l\u2019Europe et une sortie d\u00e9finitive de la sph\u00e8re d\u2019influence russe.<\/li>\n\n\n\n<li class=\"translation-block\">Malgr\u00e9 la pression sur les institutions, la fatigue de la population, les pressions li\u00e9es \u00e0 la mobilisation et l\u2019absence d\u2019\u00e9lections sous la loi martiale, <em>le syst\u00e8me politique ukrainien continue de fonctionner<\/em>.<\/li>\n<\/ul>\n\n\n\n<p class=\"wp-block-paragraph\">Dans son intervention, Maksym Skrypchenko a soulign\u00e9 que la lutte de l\u2019Ukraine devait \u00eatre comprise non seulement comme une d\u00e9fense contre l\u2019agression russe, mais aussi comme un d\u00e9fi plus large pour la s\u00e9curit\u00e9 europ\u00e9enne. L\u2019exp\u00e9rience militaire de l\u2019Ukraine, son innovation en mati\u00e8re de d\u00e9fense et sa r\u00e9silience en font un partenaire essentiel pour la stabilit\u00e9 \u00e0 long terme de l\u2019Europe.<\/p>\n\n\n\n<p class=\"wp-block-paragraph translation-block\">Les mois \u00e0 venir seront <strong>cruciaux pour l\u2019Ukraine<\/strong> : remettre en \u00e9tat les infrastructures \u00e9nerg\u00e9tiques essentielles avant l\u2019hiver prochain, maintenir le soutien militaire international et progresser sur une voie politique cr\u00e9dible vers l\u2019adh\u00e9sion \u00e0 l\u2019UE. Pour l\u2019Europe, soutenir l\u2019Ukraine constitue un <strong>investissement strat\u00e9gique<\/strong> dans l\u2019architecture de s\u00e9curit\u00e9 et l\u2019avenir d\u00e9mocratique du continent.<\/p>\n\n\n\n<p class=\"wp-block-paragraph translation-block\">Regardez l\u2019int\u00e9gralit\u00e9 du briefing en suivant ce <a href=\"https:\/\/www.youtube.com\/watch?v=AoVGzOgcyNA\" target=\"_self\">lien<\/a>.<\/p>","protected":false},"excerpt":{"rendered":"<p>Maksym Skrypchenko, President of the Transatlantic Dialogue Center, spoke at the German Council on Foreign Relations (DGAP) Morning Briefing on Ukraine &#8220;An Update on Ukraine: Domestic, European, and Security Affairs,&#8221; organized by the DGAP on April 30, 2026. Alongside leading European experts, he assessed Ukraine&#8217;s military, political, and diplomatic position and the future of European [&hellip;]<\/p>\n","protected":false},"author":21,"featured_media":36769,"comment_status":"open","ping_status":"open","sticky":false,"template":"","format":"standard","meta":{"footnotes":""},"categories":[25,105],"tags":[],"topic":[],"class_list":["post-36768","post","type-post","status-publish","format-standard","has-post-thumbnail","hentry","category-events","category-german-ukrainian-partnership-program-events"],"mb":[],"yoast_head":"<!-- This site is optimized with the Yoast SEO Premium plugin v25.6 (Yoast SEO v25.6) - https:\/\/yoast.com\/wordpress\/plugins\/seo\/ -->\n<title>TDC Joined DGAP\u2019s Morning Briefing on Ukraine<\/title>\n<meta name=\"description\" content=\"At a DGAP briefing, Maksym Skrypchenko assessed Ukraine\u2019s military and diplomatic position, defense innovation and future Western support.\" \/>\n<meta name=\"robots\" content=\"index, follow, max-snippet:-1, max-image-preview:large, max-video-preview:-1\" \/>\n<link rel=\"canonical\" href=\"https:\/\/tdcenter.org\/fr\/2026\/04\/30\/tdc-dgap-morning-briefing-on-ukraine-maksym-skrypchenko\/\" \/>\n<meta property=\"og:locale\" content=\"fr_FR\" \/>\n<meta property=\"og:type\" content=\"article\" \/>\n<meta property=\"og:title\" content=\"TDC Joined DGAP\u2019s Morning Briefing on Ukraine\" \/>\n<meta property=\"og:description\" content=\"At a DGAP briefing, Maksym Skrypchenko assessed Ukraine\u2019s military and diplomatic position, defense innovation and future Western support.\" \/>\n<meta property=\"og:url\" content=\"https:\/\/tdcenter.org\/fr\/2026\/04\/30\/tdc-dgap-morning-briefing-on-ukraine-maksym-skrypchenko\/\" \/>\n<meta property=\"og:site_name\" content=\"Transatlantic Dialogue Center\" \/>\n<meta property=\"article:publisher\" content=\"https:\/\/www.facebook.com\/Transatlantic-Dialogue-Center-105645698740463\" \/>\n<meta property=\"article:published_time\" content=\"2026-04-30T10:32:36+00:00\" \/>\n<meta property=\"article:modified_time\" content=\"2026-07-04T09:02:43+00:00\" \/>\n<meta property=\"og:image\" content=\"https:\/\/tdcenter.org\/wp-content\/uploads\/2026\/05\/deu_meeting_tdc-scaled.png\" \/>\n\t<meta property=\"og:image:width\" content=\"2560\" \/>\n\t<meta property=\"og:image:height\" content=\"1835\" \/>\n\t<meta property=\"og:image:type\" content=\"image\/png\" \/>\n<meta name=\"author\" content=\"Vladyslava Sen\" \/>\n<meta name=\"twitter:card\" content=\"summary_large_image\" \/>\n<meta name=\"twitter:title\" content=\"TDC Joined DGAP\u2019s Morning Briefing on Ukraine\" \/>\n<meta name=\"twitter:description\" content=\"At a DGAP briefing, Maksym Skrypchenko assessed Ukraine\u2019s military and diplomatic position, defense innovation and future Western support.\" \/>\n<meta name=\"twitter:label1\" content=\"Written by\" \/>\n\t<meta name=\"twitter:data1\" content=\"Vladyslava Sen\" \/>\n\t<meta name=\"twitter:label2\" content=\"Est. reading time\" \/>\n\t<meta name=\"twitter:data2\" content=\"2 minutes\" \/>\n<script type=\"application\/ld+json\" class=\"yoast-schema-graph\">{\"@context\":\"https:\/\/schema.org\",\"@graph\":[{\"@type\":\"Article\",\"@id\":\"https:\/\/tdcenter.org\/2026\/04\/30\/tdc-dgap-morning-briefing-on-ukraine-maksym-skrypchenko\/#article\",\"isPartOf\":{\"@id\":\"https:\/\/tdcenter.org\/2026\/04\/30\/tdc-dgap-morning-briefing-on-ukraine-maksym-skrypchenko\/\"},\"author\":{\"name\":\"Vladyslava Sen\",\"@id\":\"https:\/\/tdcenter.org\/#\/schema\/person\/705192eaf4fd14c2586f2248272448b4\"},\"headline\":\"TDC Joined DGAP\u2019s Morning Briefing on Ukraine\",\"datePublished\":\"2026-04-30T10:32:36+00:00\",\"dateModified\":\"2026-07-04T09:02:43+00:00\",\"mainEntityOfPage\":{\"@id\":\"https:\/\/tdcenter.org\/2026\/04\/30\/tdc-dgap-morning-briefing-on-ukraine-maksym-skrypchenko\/\"},\"wordCount\":377,\"commentCount\":0,\"publisher\":{\"@id\":\"https:\/\/tdcenter.org\/#organization\"},\"image\":{\"@id\":\"https:\/\/tdcenter.org\/2026\/04\/30\/tdc-dgap-morning-briefing-on-ukraine-maksym-skrypchenko\/#primaryimage\"},\"thumbnailUrl\":\"https:\/\/tdcenter.org\/wp-content\/uploads\/2026\/05\/deu_meeting_tdc-scaled.png\",\"articleSection\":[\"Events\",\"Events-German-Ukrainian Partnership Program\"],\"inLanguage\":\"fr-FR\",\"potentialAction\":[{\"@type\":\"CommentAction\",\"name\":\"Comment\",\"target\":[\"https:\/\/tdcenter.org\/2026\/04\/30\/tdc-dgap-morning-briefing-on-ukraine-maksym-skrypchenko\/#respond\"]}]},{\"@type\":\"WebPage\",\"@id\":\"https:\/\/tdcenter.org\/2026\/04\/30\/tdc-dgap-morning-briefing-on-ukraine-maksym-skrypchenko\/\",\"url\":\"https:\/\/tdcenter.org\/2026\/04\/30\/tdc-dgap-morning-briefing-on-ukraine-maksym-skrypchenko\/\",\"name\":\"TDC Joined DGAP\u2019s Morning Briefing on Ukraine\",\"isPartOf\":{\"@id\":\"https:\/\/tdcenter.org\/#website\"},\"primaryImageOfPage\":{\"@id\":\"https:\/\/tdcenter.org\/2026\/04\/30\/tdc-dgap-morning-briefing-on-ukraine-maksym-skrypchenko\/#primaryimage\"},\"image\":{\"@id\":\"https:\/\/tdcenter.org\/2026\/04\/30\/tdc-dgap-morning-briefing-on-ukraine-maksym-skrypchenko\/#primaryimage\"},\"thumbnailUrl\":\"https:\/\/tdcenter.org\/wp-content\/uploads\/2026\/05\/deu_meeting_tdc-scaled.png\",\"datePublished\":\"2026-04-30T10:32:36+00:00\",\"dateModified\":\"2026-07-04T09:02:43+00:00\",\"description\":\"At a DGAP briefing, Maksym Skrypchenko assessed Ukraine\u2019s military and diplomatic position, defense innovation and future Western support.\",\"breadcrumb\":{\"@id\":\"https:\/\/tdcenter.org\/2026\/04\/30\/tdc-dgap-morning-briefing-on-ukraine-maksym-skrypchenko\/#breadcrumb\"},\"inLanguage\":\"fr-FR\",\"potentialAction\":[{\"@type\":\"ReadAction\",\"target\":[\"https:\/\/tdcenter.org\/2026\/04\/30\/tdc-dgap-morning-briefing-on-ukraine-maksym-skrypchenko\/\"]}]},{\"@type\":\"ImageObject\",\"inLanguage\":\"fr-FR\",\"@id\":\"https:\/\/tdcenter.org\/2026\/04\/30\/tdc-dgap-morning-briefing-on-ukraine-maksym-skrypchenko\/#primaryimage\",\"url\":\"https:\/\/tdcenter.org\/wp-content\/uploads\/2026\/05\/deu_meeting_tdc-scaled.png\",\"contentUrl\":\"https:\/\/tdcenter.org\/wp-content\/uploads\/2026\/05\/deu_meeting_tdc-scaled.png\",\"width\":2560,\"height\":1835,\"caption\":\"Cover image for: TDC Joined DGAP\u2019s Morning Briefing on Ukraine\"},{\"@type\":\"BreadcrumbList\",\"@id\":\"https:\/\/tdcenter.org\/2026\/04\/30\/tdc-dgap-morning-briefing-on-ukraine-maksym-skrypchenko\/#breadcrumb\",\"itemListElement\":[{\"@type\":\"ListItem\",\"position\":1,\"name\":\"Home\",\"item\":\"https:\/\/tdcenter.org\/\"},{\"@type\":\"ListItem\",\"position\":2,\"name\":\"TDC Joined DGAP\u2019s Morning Briefing on Ukraine\"}]},{\"@type\":\"WebSite\",\"@id\":\"https:\/\/tdcenter.org\/#website\",\"url\":\"https:\/\/tdcenter.org\/\",\"name\":\"Transatlantic Dialogue Center\",\"description\":\"Promoting International Peace and Security\",\"publisher\":{\"@id\":\"https:\/\/tdcenter.org\/#organization\"},\"potentialAction\":[{\"@type\":\"SearchAction\",\"target\":{\"@type\":\"EntryPoint\",\"urlTemplate\":\"https:\/\/tdcenter.org\/?s={search_term_string}\"},\"query-input\":{\"@type\":\"PropertyValueSpecification\",\"valueRequired\":true,\"valueName\":\"search_term_string\"}}],\"inLanguage\":\"fr-FR\"},{\"@type\":\"Organization\",\"@id\":\"https:\/\/tdcenter.org\/#organization\",\"name\":\"Transatlantic Dialogue Center\",\"url\":\"https:\/\/tdcenter.org\/\",\"logo\":{\"@type\":\"ImageObject\",\"inLanguage\":\"fr-FR\",\"@id\":\"https:\/\/tdcenter.org\/#\/schema\/logo\/image\/\",\"url\":\"https:\/\/tdcenter.org\/wp-content\/uploads\/2022\/04\/google.png\",\"contentUrl\":\"https:\/\/tdcenter.org\/wp-content\/uploads\/2022\/04\/google.png\",\"width\":2568,\"height\":2487,\"caption\":\"Transatlantic Dialogue Center\"},\"image\":{\"@id\":\"https:\/\/tdcenter.org\/#\/schema\/logo\/image\/\"},\"sameAs\":[\"https:\/\/www.facebook.com\/Transatlantic-Dialogue-Center-105645698740463\",\"https:\/\/www.youtube.com\/channel\/UCpJuhU4JBfpv_jsldNOc5LA\"]},{\"@type\":\"Person\",\"@id\":\"https:\/\/tdcenter.org\/#\/schema\/person\/705192eaf4fd14c2586f2248272448b4\",\"name\":\"Vladyslava Sen\",\"image\":{\"@type\":\"ImageObject\",\"inLanguage\":\"fr-FR\",\"@id\":\"https:\/\/tdcenter.org\/#\/schema\/person\/image\/\",\"url\":\"https:\/\/tdcenter.org\/wp-content\/litespeed\/avatar\/52936a32ac1f8353647d06145a3e5985.jpg?ver=1788350325\",\"contentUrl\":\"https:\/\/tdcenter.org\/wp-content\/litespeed\/avatar\/52936a32ac1f8353647d06145a3e5985.jpg?ver=1788350325\",\"caption\":\"Vladyslava Sen\"}}]}<\/script>\n<!-- \/ Yoast SEO Premium plugin. -->","yoast_head_json":{"title":"TDC a particip\u00e9 au briefing matinal du DGAP sur l\u2019Ukraine","description":"At a DGAP briefing, Maksym Skrypchenko assessed Ukraine\u2019s military and diplomatic position, defense innovation and future Western support.","robots":{"index":"index","follow":"follow","max-snippet":"max-snippet:-1","max-image-preview":"max-image-preview:large","max-video-preview":"max-video-preview:-1"},"canonical":"https:\/\/tdcenter.org\/fr\/2026\/04\/30\/tdc-dgap-morning-briefing-on-ukraine-maksym-skrypchenko\/","og_locale":"fr_FR","og_type":"article","og_title":"TDC Joined DGAP\u2019s Morning Briefing on Ukraine","og_description":"At a DGAP briefing, Maksym Skrypchenko assessed Ukraine\u2019s military and diplomatic position, defense innovation and future Western support.","og_url":"https:\/\/tdcenter.org\/fr\/2026\/04\/30\/tdc-dgap-morning-briefing-on-ukraine-maksym-skrypchenko\/","og_site_name":"Transatlantic Dialogue Center","article_publisher":"https:\/\/www.facebook.com\/Transatlantic-Dialogue-Center-105645698740463","article_published_time":"2026-04-30T10:32:36+00:00","article_modified_time":"2026-07-04T09:02:43+00:00","og_image":[{"width":2560,"height":1835,"url":"https:\/\/tdcenter.org\/wp-content\/uploads\/2026\/05\/deu_meeting_tdc-scaled.png","type":"image\/png"}],"author":"Vladyslava Sen","twitter_card":"summary_large_image","twitter_title":"TDC Joined DGAP\u2019s Morning Briefing on Ukraine","twitter_description":"At a DGAP briefing, Maksym Skrypchenko assessed Ukraine\u2019s military and diplomatic position, defense innovation and future Western support.","twitter_misc":{"Written by":"Vladyslava Sen","Est. reading time":"2 minutes"},"schema":{"@context":"https:\/\/schema.org","@graph":[{"@type":"Article","@id":"https:\/\/tdcenter.org\/2026\/04\/30\/tdc-dgap-morning-briefing-on-ukraine-maksym-skrypchenko\/#article","isPartOf":{"@id":"https:\/\/tdcenter.org\/2026\/04\/30\/tdc-dgap-morning-briefing-on-ukraine-maksym-skrypchenko\/"},"author":{"name":"Vladyslava Sen","@id":"https:\/\/tdcenter.org\/#\/schema\/person\/705192eaf4fd14c2586f2248272448b4"},"headline":"TDC Joined DGAP\u2019s Morning Briefing on Ukraine","datePublished":"2026-04-30T10:32:36+00:00","dateModified":"2026-07-04T09:02:43+00:00","mainEntityOfPage":{"@id":"https:\/\/tdcenter.org\/2026\/04\/30\/tdc-dgap-morning-briefing-on-ukraine-maksym-skrypchenko\/"},"wordCount":377,"commentCount":0,"publisher":{"@id":"https:\/\/tdcenter.org\/#organization"},"image":{"@id":"https:\/\/tdcenter.org\/2026\/04\/30\/tdc-dgap-morning-briefing-on-ukraine-maksym-skrypchenko\/#primaryimage"},"thumbnailUrl":"https:\/\/tdcenter.org\/wp-content\/uploads\/2026\/05\/deu_meeting_tdc-scaled.png","articleSection":["Events","Events-German-Ukrainian Partnership Program"],"inLanguage":"fr-FR","potentialAction":[{"@type":"CommentAction","name":"Comment","target":["https:\/\/tdcenter.org\/2026\/04\/30\/tdc-dgap-morning-briefing-on-ukraine-maksym-skrypchenko\/#respond"]}]},{"@type":"WebPage","@id":"https:\/\/tdcenter.org\/2026\/04\/30\/tdc-dgap-morning-briefing-on-ukraine-maksym-skrypchenko\/","url":"https:\/\/tdcenter.org\/2026\/04\/30\/tdc-dgap-morning-briefing-on-ukraine-maksym-skrypchenko\/","name":"TDC a particip\u00e9 au briefing matinal du DGAP sur l\u2019Ukraine","isPartOf":{"@id":"https:\/\/tdcenter.org\/#website"},"primaryImageOfPage":{"@id":"https:\/\/tdcenter.org\/2026\/04\/30\/tdc-dgap-morning-briefing-on-ukraine-maksym-skrypchenko\/#primaryimage"},"image":{"@id":"https:\/\/tdcenter.org\/2026\/04\/30\/tdc-dgap-morning-briefing-on-ukraine-maksym-skrypchenko\/#primaryimage"},"thumbnailUrl":"https:\/\/tdcenter.org\/wp-content\/uploads\/2026\/05\/deu_meeting_tdc-scaled.png","datePublished":"2026-04-30T10:32:36+00:00","dateModified":"2026-07-04T09:02:43+00:00","description":"At a DGAP briefing, Maksym Skrypchenko assessed Ukraine\u2019s military and diplomatic position, defense innovation and future Western support.","breadcrumb":{"@id":"https:\/\/tdcenter.org\/2026\/04\/30\/tdc-dgap-morning-briefing-on-ukraine-maksym-skrypchenko\/#breadcrumb"},"inLanguage":"fr-FR","potentialAction":[{"@type":"ReadAction","target":["https:\/\/tdcenter.org\/2026\/04\/30\/tdc-dgap-morning-briefing-on-ukraine-maksym-skrypchenko\/"]}]},{"@type":"ImageObject","inLanguage":"fr-FR","@id":"https:\/\/tdcenter.org\/2026\/04\/30\/tdc-dgap-morning-briefing-on-ukraine-maksym-skrypchenko\/#primaryimage","url":"https:\/\/tdcenter.org\/wp-content\/uploads\/2026\/05\/deu_meeting_tdc-scaled.png","contentUrl":"https:\/\/tdcenter.org\/wp-content\/uploads\/2026\/05\/deu_meeting_tdc-scaled.png","width":2560,"height":1835,"caption":"Cover image for: TDC Joined DGAP\u2019s Morning Briefing on Ukraine"},{"@type":"BreadcrumbList","@id":"https:\/\/tdcenter.org\/2026\/04\/30\/tdc-dgap-morning-briefing-on-ukraine-maksym-skrypchenko\/#breadcrumb","itemListElement":[{"@type":"ListItem","position":1,"name":"Home","item":"https:\/\/tdcenter.org\/"},{"@type":"ListItem","position":2,"name":"TDC Joined DGAP\u2019s Morning Briefing on Ukraine"}]},{"@type":"WebSite","@id":"https:\/\/tdcenter.org\/#website","url":"https:\/\/tdcenter.org\/","name":"Transatlantic Dialogue Center","description":"Promoting International Peace and Security","publisher":{"@id":"https:\/\/tdcenter.org\/#organization"},"potentialAction":[{"@type":"SearchAction","target":{"@type":"EntryPoint","urlTemplate":"https:\/\/tdcenter.org\/?s={search_term_string}"},"query-input":{"@type":"PropertyValueSpecification","valueRequired":true,"valueName":"search_term_string"}}],"inLanguage":"fr-FR"},{"@type":"Organization","@id":"https:\/\/tdcenter.org\/#organization","name":"Transatlantic Dialogue Center","url":"https:\/\/tdcenter.org\/","logo":{"@type":"ImageObject","inLanguage":"fr-FR","@id":"https:\/\/tdcenter.org\/#\/schema\/logo\/image\/","url":"https:\/\/tdcenter.org\/wp-content\/uploads\/2022\/04\/google.png","contentUrl":"https:\/\/tdcenter.org\/wp-content\/uploads\/2022\/04\/google.png","width":2568,"height":2487,"caption":"Transatlantic Dialogue Center"},"image":{"@id":"https:\/\/tdcenter.org\/#\/schema\/logo\/image\/"},"sameAs":["https:\/\/www.facebook.com\/Transatlantic-Dialogue-Center-105645698740463","https:\/\/www.youtube.com\/channel\/UCpJuhU4JBfpv_jsldNOc5LA"]},{"@type":"Person","@id":"https:\/\/tdcenter.org\/#\/schema\/person\/705192eaf4fd14c2586f2248272448b4","name":"Vladyslava Sen","image":{"@type":"ImageObject","inLanguage":"fr-FR","@id":"https:\/\/tdcenter.org\/#\/schema\/person\/image\/","url":"https:\/\/tdcenter.org\/wp-content\/litespeed\/avatar\/52936a32ac1f8353647d06145a3e5985.jpg?ver=1788350325","contentUrl":"https:\/\/tdcenter.org\/wp-content\/litespeed\/avatar\/52936a32ac1f8353647d06145a3e5985.jpg?ver=1788350325","caption":"Vladyslava Sen"}}]}},"mfb_rest_fields":["title","yoast_head","yoast_head_json","gutenberg_elementor_mode"],"_links":{"self":[{"href":"https:\/\/tdcenter.org\/fr\/wp-json\/wp\/v2\/posts\/36768","targetHints":{"allow":["GET"]}}],"collection":[{"href":"https:\/\/tdcenter.org\/fr\/wp-json\/wp\/v2\/posts"}],"about":[{"href":"https:\/\/tdcenter.org\/fr\/wp-json\/wp\/v2\/types\/post"}],"author":[{"embeddable":true,"href":"https:\/\/tdcenter.org\/fr\/wp-json\/wp\/v2\/users\/21"}],"replies":[{"embeddable":true,"href":"https:\/\/tdcenter.org\/fr\/wp-json\/wp\/v2\/comments?post=36768"}],"version-history":[{"count":5,"href":"https:\/\/tdcenter.org\/fr\/wp-json\/wp\/v2\/posts\/36768\/revisions"}],"predecessor-version":[{"id":37524,"href":"https:\/\/tdcenter.org\/fr\/wp-json\/wp\/v2\/posts\/36768\/revisions\/37524"}],"wp:featuredmedia":[{"embeddable":true,"href":"https:\/\/tdcenter.org\/fr\/wp-json\/wp\/v2\/media\/36769"}],"wp:attachment":[{"href":"https:\/\/tdcenter.org\/fr\/wp-json\/wp\/v2\/media?parent=36768"}],"wp:term":[{"taxonomy":"category","embeddable":true,"href":"https:\/\/tdcenter.org\/fr\/wp-json\/wp\/v2\/categories?post=36768"},{"taxonomy":"post_tag","embeddable":true,"href":"https:\/\/tdcenter.org\/fr\/wp-json\/wp\/v2\/tags?post=36768"},{"taxonomy":"topic","embeddable":true,"href":"https:\/\/tdcenter.org\/fr\/wp-json\/wp\/v2\/topic?post=36768"}],"curies":[{"name":"wp","href":"https:\/\/api.w.org\/{rel}","templated":true}]}}