{"id":36449,"date":"2026-04-12T16:39:23","date_gmt":"2026-04-12T13:39:23","guid":{"rendered":"https:\/\/tdcenter.org\/?p=36449"},"modified":"2026-07-04T12:02:33","modified_gmt":"2026-07-04T09:02:33","slug":"tdc-eme-equis-explaining-ukraine-latin-america","status":"publish","type":"post","link":"https:\/\/tdcenter.org\/fr\/2026\/04\/12\/tdc-eme-equis-explaining-ukraine-latin-america\/","title":{"rendered":"TDC pour Eme Equis : pourquoi \u00ab expliquer l\u2019Ukraine \u00bb reste une mission de premier plan pour l\u2019Am\u00e9rique latine"},"content":{"rendered":"<div class=\"wp-block-image\">\n<figure class=\"aligncenter size-large is-resized\"><img fetchpriority=\"high\" decoding=\"async\" width=\"1024\" height=\"734\" src=\"https:\/\/tdcenter.org\/wp-content\/uploads\/2026\/04\/media_mention_spain-1024x734.png\" alt=\"Cover image for: TDC for Eme Equis: Why \u201cExplaining Ukraine\u201d Remains a Frontline Task for Latin America\" class=\"wp-image-36450\" style=\"aspect-ratio:1.3950229649427823;width:615px;height:auto\" srcset=\"https:\/\/tdcenter.org\/wp-content\/uploads\/2026\/04\/media_mention_spain-1024x734.png 1024w, https:\/\/tdcenter.org\/wp-content\/uploads\/2026\/04\/media_mention_spain-600x430.png 600w, https:\/\/tdcenter.org\/wp-content\/uploads\/2026\/04\/media_mention_spain-768x551.png 768w, https:\/\/tdcenter.org\/wp-content\/uploads\/2026\/04\/media_mention_spain-18x12.png 18w, https:\/\/tdcenter.org\/wp-content\/uploads\/2026\/04\/media_mention_spain.png 1395w\" sizes=\"(max-width: 1024px) 100vw, 1024px\" \/><\/figure>\n<\/div>\n\n\n<p class=\"wp-block-paragraph\"><\/p>\n\n\n\n<p class=\"wp-block-paragraph translation-block\">Le 12 avril 2026, <strong>Alina Rohach<\/strong>, responsable de projet du programme de coop\u00e9ration avec l\u2019Espagne et l\u2019Am\u00e9rique latine, et <strong>Bohdana Batsko<\/strong>, assistante de projet du m\u00eame programme, se sont exprim\u00e9es dans une chronique de <strong>Maricarmen Guti\u00e9rrez Romero<\/strong> publi\u00e9e dans <strong>Eme Equis <\/strong>(un m\u00e9dia mexicain ind\u00e9pendant sp\u00e9cialis\u00e9 dans le journalisme narratif et d\u2019investigation).<\/p>\n\n\n\n<p class=\"wp-block-paragraph\">L\u2019article s\u2019ouvre sur un message clair de Kyiv : <\/p>\n\n\n\n<blockquote class=\"wp-block-quote is-layout-flow wp-block-quote-is-layout-flow\">\n<p class=\"wp-block-paragraph\">\u00ab Depuis Kyiv, au milieu des bombardements intermittents et d\u2019un quotidien rythm\u00e9 par les alertes a\u00e9riennes, deux membres du Transatlantic Dialogue Centre s\u2019emploient \u00e0 expliquer ce qui se passe dans leur pays \u00e0 des publics \u00e9loign\u00e9s, notamment en Am\u00e9rique latine, o\u00f9 la guerre peut sembler lointaine, alors qu\u2019elle ne l\u2019est pas. \u00bb<\/p>\n<\/blockquote>\n\n\n\n<p class=\"wp-block-paragraph translation-block\">L\u2019entretien pr\u00e9sente le travail d\u2019information comme un front parall\u00e8le au front militaire. Alors que la guerre s\u2019\u00e9ternise et que l\u2019attention internationale s\u2019estompe in\u00e9vitablement, l\u2019explication et la sensibilisation continues \u2014 en particulier aupr\u00e8s de publics \u00e9loign\u00e9s de l\u2019Europe \u2014 sont consid\u00e9r\u00e9es comme essentielles pour <strong>maintenir l\u2019Ukraine visible<\/strong>, compr\u00e9hensible et non \u00ab oubli\u00e9e \u00bb.<\/p>\n\n\n\n<p class=\"wp-block-paragraph translation-block\">Une th\u00e8se centrale de cet \u00e9change concerne la mani\u00e8re dont la guerre doit \u00eatre comprise : <strong>non comme un \u00ab affrontement entre grandes puissances \u00bb<\/strong>, mais comme l\u2019invasion d\u2019un \u00c9tat souverain par un pays aux ambitions imp\u00e9riales \u2014 une r\u00e9alit\u00e9 qu\u2019il ne faut ni relativiser ni traiter comme un conflit ambigu.<\/p>\n\n\n\n<p class=\"wp-block-paragraph translation-block\">La chronique met \u00e9galement en lumi\u00e8re <strong>la d\u00e9sinformation comme instrument mondial de la politique russe<\/strong>. Elle rel\u00e8ve que les r\u00e9cits circulent d\u2019une r\u00e9gion \u00e0 l\u2019autre \u2014 de l\u2019Europe \u00e0 l\u2019Am\u00e9rique latine, \u00e0 l\u2019Afrique et \u00e0 l\u2019Asie \u2014, notamment les affirmations r\u00e9currentes selon lesquelles une <strong>\u00ab guerre pr\u00e9ventive \u00bb <\/strong>aurait \u00e9t\u00e9 d\u00e9clench\u00e9e par l\u2019expansion de l\u2019OTAN, ou selon lesquelles l\u2019Ukraine serait une \u00ab menace \u00bb. Les intervenantes soulignent que ces messages visent \u00e0 normaliser ou \u00e0 justifier l\u2019agression.<\/p>\n\n\n\n<p class=\"wp-block-paragraph translation-block\">Enfin, l\u2019entretien explique <strong>pourquoi la guerre importe \u00e0 l\u2019Am\u00e9rique latine au-del\u00e0 de ses r\u00e9percussions \u00e9conomiques<\/strong>. L\u2019enjeu plus large, soutient-il, est syst\u00e9mique : si les violations de la souverainet\u00e9 et de l\u2019interdiction du recours \u00e0 la force restent impunies, les r\u00e8gles internationales s\u2019\u00e9rodent \u2014 cr\u00e9ant des pr\u00e9c\u00e9dents susceptibles de <strong>d\u00e9stabiliser le syst\u00e8me mondial <\/strong>bien au-del\u00e0 de l\u2019Ukraine.<\/p>\n\n\n\n<p class=\"wp-block-paragraph translation-block\">Ce projet a b\u00e9n\u00e9fici\u00e9 du soutien de l\u2019International Renaissance Foundation.<\/p>","protected":false},"excerpt":{"rendered":"<p>On 12 April 2026, Alina Rohach, Project Manager of the Spain and Latin America Cooperation Program, and Bohdana Batsko, Project Assistant of the same program, spoke for a column by Maricarmen Guti\u00e9rrez Romero published in Eme Equis (an independent Mexican outlet focused on narrative and investigative journalism). The piece opens with a clear message from [&hellip;]<\/p>\n","protected":false},"author":21,"featured_media":36450,"comment_status":"open","ping_status":"open","sticky":false,"template":"","format":"standard","meta":{"footnotes":""},"categories":[29,109],"tags":[],"topic":[],"class_list":["post-36449","post","type-post","status-publish","format-standard","has-post-thumbnail","hentry","category-media","category-spain-and-latin-america-cooperation-program-media"],"mb":[],"yoast_head":"<!-- This site is optimized with the Yoast SEO Premium plugin v25.6 (Yoast SEO v25.6) - https:\/\/yoast.com\/wordpress\/plugins\/seo\/ -->\n<title>TDC in Eme Equis | Transatlantic Dialogue Center<\/title>\n<meta name=\"description\" content=\"TDC experts for Eme Equis explain why &quot;explaining Ukraine&quot; remains vital in Latin America, countering disinformation and keeping the war visible and understood.\" \/>\n<meta name=\"robots\" content=\"index, follow, max-snippet:-1, max-image-preview:large, max-video-preview:-1\" \/>\n<link rel=\"canonical\" href=\"https:\/\/tdcenter.org\/fr\/2026\/04\/12\/tdc-eme-equis-explaining-ukraine-latin-america\/\" \/>\n<meta property=\"og:locale\" content=\"fr_FR\" \/>\n<meta property=\"og:type\" content=\"article\" \/>\n<meta property=\"og:title\" content=\"TDC for Eme Equis: Why &quot;Explaining Ukraine&quot; Remains a Frontline Task for Latin America\" \/>\n<meta property=\"og:description\" content=\"TDC experts for Eme Equis explain why &quot;explaining Ukraine&quot; remains vital in Latin America, countering disinformation and keeping the war visible and understood.\" \/>\n<meta property=\"og:url\" content=\"https:\/\/tdcenter.org\/fr\/2026\/04\/12\/tdc-eme-equis-explaining-ukraine-latin-america\/\" \/>\n<meta property=\"og:site_name\" content=\"Transatlantic Dialogue Center\" \/>\n<meta property=\"article:publisher\" content=\"https:\/\/www.facebook.com\/Transatlantic-Dialogue-Center-105645698740463\" \/>\n<meta property=\"article:published_time\" content=\"2026-04-12T13:39:23+00:00\" \/>\n<meta property=\"article:modified_time\" content=\"2026-07-04T09:02:33+00:00\" \/>\n<meta property=\"og:image\" content=\"https:\/\/tdcenter.org\/wp-content\/uploads\/2026\/04\/media_mention_spain.png\" \/>\n\t<meta property=\"og:image:width\" content=\"1395\" \/>\n\t<meta property=\"og:image:height\" content=\"1000\" \/>\n\t<meta property=\"og:image:type\" content=\"image\/png\" \/>\n<meta name=\"author\" content=\"Vladyslava Sen\" \/>\n<meta name=\"twitter:card\" content=\"summary_large_image\" \/>\n<meta name=\"twitter:title\" content=\"TDC for Eme Equis: Why &quot;Explaining Ukraine&quot; Remains a Frontline Task for Latin America\" \/>\n<meta name=\"twitter:description\" content=\"TDC experts for Eme Equis explain why &quot;explaining Ukraine&quot; remains vital in Latin America, countering disinformation and keeping the war visible and understood.\" \/>\n<meta name=\"twitter:label1\" content=\"Written by\" \/>\n\t<meta name=\"twitter:data1\" content=\"Vladyslava Sen\" \/>\n\t<meta name=\"twitter:label2\" content=\"Est. reading time\" \/>\n\t<meta name=\"twitter:data2\" content=\"2 minutes\" \/>\n<script type=\"application\/ld+json\" class=\"yoast-schema-graph\">{\"@context\":\"https:\/\/schema.org\",\"@graph\":[{\"@type\":\"Article\",\"@id\":\"https:\/\/tdcenter.org\/2026\/04\/12\/tdc-eme-equis-explaining-ukraine-latin-america\/#article\",\"isPartOf\":{\"@id\":\"https:\/\/tdcenter.org\/2026\/04\/12\/tdc-eme-equis-explaining-ukraine-latin-america\/\"},\"author\":{\"name\":\"Vladyslava Sen\",\"@id\":\"https:\/\/tdcenter.org\/#\/schema\/person\/705192eaf4fd14c2586f2248272448b4\"},\"headline\":\"TDC for Eme Equis: Why &#8220;Explaining Ukraine&#8221; Remains a Frontline Task for Latin America\",\"datePublished\":\"2026-04-12T13:39:23+00:00\",\"dateModified\":\"2026-07-04T09:02:33+00:00\",\"mainEntityOfPage\":{\"@id\":\"https:\/\/tdcenter.org\/2026\/04\/12\/tdc-eme-equis-explaining-ukraine-latin-america\/\"},\"wordCount\":326,\"commentCount\":0,\"publisher\":{\"@id\":\"https:\/\/tdcenter.org\/#organization\"},\"image\":{\"@id\":\"https:\/\/tdcenter.org\/2026\/04\/12\/tdc-eme-equis-explaining-ukraine-latin-america\/#primaryimage\"},\"thumbnailUrl\":\"https:\/\/tdcenter.org\/wp-content\/uploads\/2026\/04\/media_mention_spain.png\",\"articleSection\":[\"Media Mentions\",\"Media-Spain and Latin America Cooperation Program\"],\"inLanguage\":\"fr-FR\",\"potentialAction\":[{\"@type\":\"CommentAction\",\"name\":\"Comment\",\"target\":[\"https:\/\/tdcenter.org\/2026\/04\/12\/tdc-eme-equis-explaining-ukraine-latin-america\/#respond\"]}]},{\"@type\":\"WebPage\",\"@id\":\"https:\/\/tdcenter.org\/2026\/04\/12\/tdc-eme-equis-explaining-ukraine-latin-america\/\",\"url\":\"https:\/\/tdcenter.org\/2026\/04\/12\/tdc-eme-equis-explaining-ukraine-latin-america\/\",\"name\":\"TDC in Eme Equis | Transatlantic Dialogue Center\",\"isPartOf\":{\"@id\":\"https:\/\/tdcenter.org\/#website\"},\"primaryImageOfPage\":{\"@id\":\"https:\/\/tdcenter.org\/2026\/04\/12\/tdc-eme-equis-explaining-ukraine-latin-america\/#primaryimage\"},\"image\":{\"@id\":\"https:\/\/tdcenter.org\/2026\/04\/12\/tdc-eme-equis-explaining-ukraine-latin-america\/#primaryimage\"},\"thumbnailUrl\":\"https:\/\/tdcenter.org\/wp-content\/uploads\/2026\/04\/media_mention_spain.png\",\"datePublished\":\"2026-04-12T13:39:23+00:00\",\"dateModified\":\"2026-07-04T09:02:33+00:00\",\"description\":\"TDC experts for Eme Equis explain why \\\"explaining Ukraine\\\" remains vital in Latin America, countering disinformation and keeping the war visible and understood.\",\"breadcrumb\":{\"@id\":\"https:\/\/tdcenter.org\/2026\/04\/12\/tdc-eme-equis-explaining-ukraine-latin-america\/#breadcrumb\"},\"inLanguage\":\"fr-FR\",\"potentialAction\":[{\"@type\":\"ReadAction\",\"target\":[\"https:\/\/tdcenter.org\/2026\/04\/12\/tdc-eme-equis-explaining-ukraine-latin-america\/\"]}]},{\"@type\":\"ImageObject\",\"inLanguage\":\"fr-FR\",\"@id\":\"https:\/\/tdcenter.org\/2026\/04\/12\/tdc-eme-equis-explaining-ukraine-latin-america\/#primaryimage\",\"url\":\"https:\/\/tdcenter.org\/wp-content\/uploads\/2026\/04\/media_mention_spain.png\",\"contentUrl\":\"https:\/\/tdcenter.org\/wp-content\/uploads\/2026\/04\/media_mention_spain.png\",\"width\":1395,\"height\":1000,\"caption\":\"Cover image for: TDC for Eme Equis: Why \u201cExplaining Ukraine\u201d Remains a Frontline Task for Latin America\"},{\"@type\":\"BreadcrumbList\",\"@id\":\"https:\/\/tdcenter.org\/2026\/04\/12\/tdc-eme-equis-explaining-ukraine-latin-america\/#breadcrumb\",\"itemListElement\":[{\"@type\":\"ListItem\",\"position\":1,\"name\":\"Home\",\"item\":\"https:\/\/tdcenter.org\/\"},{\"@type\":\"ListItem\",\"position\":2,\"name\":\"TDC for Eme Equis: Why &#8220;Explaining Ukraine&#8221; Remains a Frontline Task for Latin America\"}]},{\"@type\":\"WebSite\",\"@id\":\"https:\/\/tdcenter.org\/#website\",\"url\":\"https:\/\/tdcenter.org\/\",\"name\":\"Transatlantic Dialogue Center\",\"description\":\"Promoting International Peace and Security\",\"publisher\":{\"@id\":\"https:\/\/tdcenter.org\/#organization\"},\"potentialAction\":[{\"@type\":\"SearchAction\",\"target\":{\"@type\":\"EntryPoint\",\"urlTemplate\":\"https:\/\/tdcenter.org\/?s={search_term_string}\"},\"query-input\":{\"@type\":\"PropertyValueSpecification\",\"valueRequired\":true,\"valueName\":\"search_term_string\"}}],\"inLanguage\":\"fr-FR\"},{\"@type\":\"Organization\",\"@id\":\"https:\/\/tdcenter.org\/#organization\",\"name\":\"Transatlantic Dialogue Center\",\"url\":\"https:\/\/tdcenter.org\/\",\"logo\":{\"@type\":\"ImageObject\",\"inLanguage\":\"fr-FR\",\"@id\":\"https:\/\/tdcenter.org\/#\/schema\/logo\/image\/\",\"url\":\"https:\/\/tdcenter.org\/wp-content\/uploads\/2022\/04\/google.png\",\"contentUrl\":\"https:\/\/tdcenter.org\/wp-content\/uploads\/2022\/04\/google.png\",\"width\":2568,\"height\":2487,\"caption\":\"Transatlantic Dialogue Center\"},\"image\":{\"@id\":\"https:\/\/tdcenter.org\/#\/schema\/logo\/image\/\"},\"sameAs\":[\"https:\/\/www.facebook.com\/Transatlantic-Dialogue-Center-105645698740463\",\"https:\/\/www.youtube.com\/channel\/UCpJuhU4JBfpv_jsldNOc5LA\"]},{\"@type\":\"Person\",\"@id\":\"https:\/\/tdcenter.org\/#\/schema\/person\/705192eaf4fd14c2586f2248272448b4\",\"name\":\"Vladyslava Sen\",\"image\":{\"@type\":\"ImageObject\",\"inLanguage\":\"fr-FR\",\"@id\":\"https:\/\/tdcenter.org\/#\/schema\/person\/image\/\",\"url\":\"https:\/\/tdcenter.org\/wp-content\/litespeed\/avatar\/52936a32ac1f8353647d06145a3e5985.jpg?ver=1788350325\",\"contentUrl\":\"https:\/\/tdcenter.org\/wp-content\/litespeed\/avatar\/52936a32ac1f8353647d06145a3e5985.jpg?ver=1788350325\",\"caption\":\"Vladyslava Sen\"}}]}<\/script>\n<!-- \/ Yoast SEO Premium plugin. -->","yoast_head_json":{"title":"TDC in Eme Equis | Transatlantic Dialogue Center","description":"TDC experts for Eme Equis explain why \"explaining Ukraine\" remains vital in Latin America, countering disinformation and keeping the war visible and understood.","robots":{"index":"index","follow":"follow","max-snippet":"max-snippet:-1","max-image-preview":"max-image-preview:large","max-video-preview":"max-video-preview:-1"},"canonical":"https:\/\/tdcenter.org\/fr\/2026\/04\/12\/tdc-eme-equis-explaining-ukraine-latin-america\/","og_locale":"fr_FR","og_type":"article","og_title":"TDC for Eme Equis: Why \"Explaining Ukraine\" Remains a Frontline Task for Latin America","og_description":"TDC experts for Eme Equis explain why \"explaining Ukraine\" remains vital in Latin America, countering disinformation and keeping the war visible and understood.","og_url":"https:\/\/tdcenter.org\/fr\/2026\/04\/12\/tdc-eme-equis-explaining-ukraine-latin-america\/","og_site_name":"Transatlantic Dialogue Center","article_publisher":"https:\/\/www.facebook.com\/Transatlantic-Dialogue-Center-105645698740463","article_published_time":"2026-04-12T13:39:23+00:00","article_modified_time":"2026-07-04T09:02:33+00:00","og_image":[{"width":1395,"height":1000,"url":"https:\/\/tdcenter.org\/wp-content\/uploads\/2026\/04\/media_mention_spain.png","type":"image\/png"}],"author":"Vladyslava Sen","twitter_card":"summary_large_image","twitter_title":"TDC for Eme Equis: Why \"Explaining Ukraine\" Remains a Frontline Task for Latin America","twitter_description":"TDC experts for Eme Equis explain why \"explaining Ukraine\" remains vital in Latin America, countering disinformation and keeping the war visible and understood.","twitter_misc":{"Written by":"Vladyslava Sen","Est. reading time":"2 minutes"},"schema":{"@context":"https:\/\/schema.org","@graph":[{"@type":"Article","@id":"https:\/\/tdcenter.org\/2026\/04\/12\/tdc-eme-equis-explaining-ukraine-latin-america\/#article","isPartOf":{"@id":"https:\/\/tdcenter.org\/2026\/04\/12\/tdc-eme-equis-explaining-ukraine-latin-america\/"},"author":{"name":"Vladyslava Sen","@id":"https:\/\/tdcenter.org\/#\/schema\/person\/705192eaf4fd14c2586f2248272448b4"},"headline":"TDC for Eme Equis: Why &#8220;Explaining Ukraine&#8221; Remains a Frontline Task for Latin America","datePublished":"2026-04-12T13:39:23+00:00","dateModified":"2026-07-04T09:02:33+00:00","mainEntityOfPage":{"@id":"https:\/\/tdcenter.org\/2026\/04\/12\/tdc-eme-equis-explaining-ukraine-latin-america\/"},"wordCount":326,"commentCount":0,"publisher":{"@id":"https:\/\/tdcenter.org\/#organization"},"image":{"@id":"https:\/\/tdcenter.org\/2026\/04\/12\/tdc-eme-equis-explaining-ukraine-latin-america\/#primaryimage"},"thumbnailUrl":"https:\/\/tdcenter.org\/wp-content\/uploads\/2026\/04\/media_mention_spain.png","articleSection":["Media Mentions","Media-Spain and Latin America Cooperation Program"],"inLanguage":"fr-FR","potentialAction":[{"@type":"CommentAction","name":"Comment","target":["https:\/\/tdcenter.org\/2026\/04\/12\/tdc-eme-equis-explaining-ukraine-latin-america\/#respond"]}]},{"@type":"WebPage","@id":"https:\/\/tdcenter.org\/2026\/04\/12\/tdc-eme-equis-explaining-ukraine-latin-america\/","url":"https:\/\/tdcenter.org\/2026\/04\/12\/tdc-eme-equis-explaining-ukraine-latin-america\/","name":"TDC in Eme Equis | Transatlantic Dialogue Center","isPartOf":{"@id":"https:\/\/tdcenter.org\/#website"},"primaryImageOfPage":{"@id":"https:\/\/tdcenter.org\/2026\/04\/12\/tdc-eme-equis-explaining-ukraine-latin-america\/#primaryimage"},"image":{"@id":"https:\/\/tdcenter.org\/2026\/04\/12\/tdc-eme-equis-explaining-ukraine-latin-america\/#primaryimage"},"thumbnailUrl":"https:\/\/tdcenter.org\/wp-content\/uploads\/2026\/04\/media_mention_spain.png","datePublished":"2026-04-12T13:39:23+00:00","dateModified":"2026-07-04T09:02:33+00:00","description":"TDC experts for Eme Equis explain why \"explaining Ukraine\" remains vital in Latin America, countering disinformation and keeping the war visible and understood.","breadcrumb":{"@id":"https:\/\/tdcenter.org\/2026\/04\/12\/tdc-eme-equis-explaining-ukraine-latin-america\/#breadcrumb"},"inLanguage":"fr-FR","potentialAction":[{"@type":"ReadAction","target":["https:\/\/tdcenter.org\/2026\/04\/12\/tdc-eme-equis-explaining-ukraine-latin-america\/"]}]},{"@type":"ImageObject","inLanguage":"fr-FR","@id":"https:\/\/tdcenter.org\/2026\/04\/12\/tdc-eme-equis-explaining-ukraine-latin-america\/#primaryimage","url":"https:\/\/tdcenter.org\/wp-content\/uploads\/2026\/04\/media_mention_spain.png","contentUrl":"https:\/\/tdcenter.org\/wp-content\/uploads\/2026\/04\/media_mention_spain.png","width":1395,"height":1000,"caption":"Cover image for: TDC for Eme Equis: Why \u201cExplaining Ukraine\u201d Remains a Frontline Task for Latin America"},{"@type":"BreadcrumbList","@id":"https:\/\/tdcenter.org\/2026\/04\/12\/tdc-eme-equis-explaining-ukraine-latin-america\/#breadcrumb","itemListElement":[{"@type":"ListItem","position":1,"name":"Home","item":"https:\/\/tdcenter.org\/"},{"@type":"ListItem","position":2,"name":"TDC for Eme Equis: Why &#8220;Explaining Ukraine&#8221; Remains a Frontline Task for Latin America"}]},{"@type":"WebSite","@id":"https:\/\/tdcenter.org\/#website","url":"https:\/\/tdcenter.org\/","name":"Transatlantic Dialogue Center","description":"Promoting International Peace and Security","publisher":{"@id":"https:\/\/tdcenter.org\/#organization"},"potentialAction":[{"@type":"SearchAction","target":{"@type":"EntryPoint","urlTemplate":"https:\/\/tdcenter.org\/?s={search_term_string}"},"query-input":{"@type":"PropertyValueSpecification","valueRequired":true,"valueName":"search_term_string"}}],"inLanguage":"fr-FR"},{"@type":"Organization","@id":"https:\/\/tdcenter.org\/#organization","name":"Transatlantic Dialogue Center","url":"https:\/\/tdcenter.org\/","logo":{"@type":"ImageObject","inLanguage":"fr-FR","@id":"https:\/\/tdcenter.org\/#\/schema\/logo\/image\/","url":"https:\/\/tdcenter.org\/wp-content\/uploads\/2022\/04\/google.png","contentUrl":"https:\/\/tdcenter.org\/wp-content\/uploads\/2022\/04\/google.png","width":2568,"height":2487,"caption":"Transatlantic Dialogue Center"},"image":{"@id":"https:\/\/tdcenter.org\/#\/schema\/logo\/image\/"},"sameAs":["https:\/\/www.facebook.com\/Transatlantic-Dialogue-Center-105645698740463","https:\/\/www.youtube.com\/channel\/UCpJuhU4JBfpv_jsldNOc5LA"]},{"@type":"Person","@id":"https:\/\/tdcenter.org\/#\/schema\/person\/705192eaf4fd14c2586f2248272448b4","name":"Vladyslava Sen","image":{"@type":"ImageObject","inLanguage":"fr-FR","@id":"https:\/\/tdcenter.org\/#\/schema\/person\/image\/","url":"https:\/\/tdcenter.org\/wp-content\/litespeed\/avatar\/52936a32ac1f8353647d06145a3e5985.jpg?ver=1788350325","contentUrl":"https:\/\/tdcenter.org\/wp-content\/litespeed\/avatar\/52936a32ac1f8353647d06145a3e5985.jpg?ver=1788350325","caption":"Vladyslava Sen"}}]}},"mfb_rest_fields":["title","yoast_head","yoast_head_json","gutenberg_elementor_mode"],"_links":{"self":[{"href":"https:\/\/tdcenter.org\/fr\/wp-json\/wp\/v2\/posts\/36449","targetHints":{"allow":["GET"]}}],"collection":[{"href":"https:\/\/tdcenter.org\/fr\/wp-json\/wp\/v2\/posts"}],"about":[{"href":"https:\/\/tdcenter.org\/fr\/wp-json\/wp\/v2\/types\/post"}],"author":[{"embeddable":true,"href":"https:\/\/tdcenter.org\/fr\/wp-json\/wp\/v2\/users\/21"}],"replies":[{"embeddable":true,"href":"https:\/\/tdcenter.org\/fr\/wp-json\/wp\/v2\/comments?post=36449"}],"version-history":[{"count":4,"href":"https:\/\/tdcenter.org\/fr\/wp-json\/wp\/v2\/posts\/36449\/revisions"}],"predecessor-version":[{"id":37510,"href":"https:\/\/tdcenter.org\/fr\/wp-json\/wp\/v2\/posts\/36449\/revisions\/37510"}],"wp:featuredmedia":[{"embeddable":true,"href":"https:\/\/tdcenter.org\/fr\/wp-json\/wp\/v2\/media\/36450"}],"wp:attachment":[{"href":"https:\/\/tdcenter.org\/fr\/wp-json\/wp\/v2\/media?parent=36449"}],"wp:term":[{"taxonomy":"category","embeddable":true,"href":"https:\/\/tdcenter.org\/fr\/wp-json\/wp\/v2\/categories?post=36449"},{"taxonomy":"post_tag","embeddable":true,"href":"https:\/\/tdcenter.org\/fr\/wp-json\/wp\/v2\/tags?post=36449"},{"taxonomy":"topic","embeddable":true,"href":"https:\/\/tdcenter.org\/fr\/wp-json\/wp\/v2\/topic?post=36449"}],"curies":[{"name":"wp","href":"https:\/\/api.w.org\/{rel}","templated":true}]}}