{"id":26417,"date":"2024-10-16T15:44:07","date_gmt":"2024-10-16T12:44:07","guid":{"rendered":"https:\/\/tdcenter.org\/?p=26417"},"modified":"2025-08-05T21:09:20","modified_gmt":"2025-08-05T18:09:20","slug":"argentine-delegation-meets-with-ukraines-prosecutor-general-to-strengthen-bilateral-cooperation","status":"publish","type":"post","link":"https:\/\/tdcenter.org\/fr\/2024\/10\/16\/argentine-delegation-meets-with-ukraines-prosecutor-general-to-strengthen-bilateral-cooperation\/","title":{"rendered":"La d\u00e9l\u00e9gation argentine rencontre le procureur g\u00e9n\u00e9ral d'Ukraine pour renforcer la coop\u00e9ration bilat\u00e9rale"},"content":{"rendered":"<p class=\"wp-block-paragraph\">Le 16 octobre, le procureur g\u00e9n\u00e9ral Andriy Kostin a tenu \u00e0 Kyiv une r\u00e9union avec la d\u00e9put\u00e9e Lilia Lemoine, de la Chambre des d\u00e9put\u00e9s du Congr\u00e8s national de l'Argentine, et le parlementaire argentin Ivan Dubois, du Parlement du March\u00e9 commun du Sud (PARLASUR).<\/p>\n\n\n<div class=\"wp-block-image\">\n<figure class=\"aligncenter size-large is-resized\"><img fetchpriority=\"high\" decoding=\"async\" width=\"1024\" height=\"683\" src=\"https:\/\/tdcenter.org\/wp-content\/uploads\/2024\/11\/IMG_1304-1024x683.jpeg\" alt=\"\" class=\"wp-image-26425\" style=\"width:849px;height:auto\" srcset=\"https:\/\/tdcenter.org\/wp-content\/uploads\/2024\/11\/IMG_1304-1024x683.jpeg 1024w, https:\/\/tdcenter.org\/wp-content\/uploads\/2024\/11\/IMG_1304-600x400.jpeg 600w, https:\/\/tdcenter.org\/wp-content\/uploads\/2024\/11\/IMG_1304-768x512.jpeg 768w, https:\/\/tdcenter.org\/wp-content\/uploads\/2024\/11\/IMG_1304-1536x1024.jpeg 1536w, https:\/\/tdcenter.org\/wp-content\/uploads\/2024\/11\/IMG_1304-2048x1365.jpeg 2048w, https:\/\/tdcenter.org\/wp-content\/uploads\/2024\/11\/IMG_1304-18x12.jpeg 18w\" sizes=\"(max-width: 1024px) 100vw, 1024px\" \/><\/figure>\n<\/div>\n\n\n<div class=\"wp-block-columns is-layout-flex wp-container-core-columns-is-layout-7387b849 wp-block-columns-is-layout-flex\">\n<div class=\"wp-block-column is-layout-flow wp-block-column-is-layout-flow\"><div class=\"wp-block-image\">\n<figure class=\"alignleft size-large is-resized\"><img decoding=\"async\" width=\"1024\" height=\"683\" src=\"https:\/\/tdcenter.org\/wp-content\/uploads\/2024\/11\/IMG_1301-1024x683.jpeg\" alt=\"\" class=\"wp-image-26426\" style=\"width:526px;height:auto\" srcset=\"https:\/\/tdcenter.org\/wp-content\/uploads\/2024\/11\/IMG_1301-1024x683.jpeg 1024w, https:\/\/tdcenter.org\/wp-content\/uploads\/2024\/11\/IMG_1301-600x400.jpeg 600w, https:\/\/tdcenter.org\/wp-content\/uploads\/2024\/11\/IMG_1301-768x512.jpeg 768w, https:\/\/tdcenter.org\/wp-content\/uploads\/2024\/11\/IMG_1301-1536x1024.jpeg 1536w, https:\/\/tdcenter.org\/wp-content\/uploads\/2024\/11\/IMG_1301-2048x1365.jpeg 2048w, https:\/\/tdcenter.org\/wp-content\/uploads\/2024\/11\/IMG_1301-18x12.jpeg 18w\" sizes=\"(max-width: 1024px) 100vw, 1024px\" \/><\/figure>\n<\/div><\/div>\n\n\n\n<div class=\"wp-block-column is-layout-flow wp-block-column-is-layout-flow\"><div class=\"wp-block-image\">\n<figure class=\"alignright size-large is-resized\"><img decoding=\"async\" width=\"1024\" height=\"683\" src=\"https:\/\/tdcenter.org\/wp-content\/uploads\/2024\/11\/IMG_1303-1024x683.jpeg\" alt=\"\" class=\"wp-image-26427\" style=\"width:529px;height:auto\" srcset=\"https:\/\/tdcenter.org\/wp-content\/uploads\/2024\/11\/IMG_1303-1024x683.jpeg 1024w, https:\/\/tdcenter.org\/wp-content\/uploads\/2024\/11\/IMG_1303-600x400.jpeg 600w, https:\/\/tdcenter.org\/wp-content\/uploads\/2024\/11\/IMG_1303-768x512.jpeg 768w, https:\/\/tdcenter.org\/wp-content\/uploads\/2024\/11\/IMG_1303-1536x1024.jpeg 1536w, https:\/\/tdcenter.org\/wp-content\/uploads\/2024\/11\/IMG_1303-2048x1365.jpeg 2048w, https:\/\/tdcenter.org\/wp-content\/uploads\/2024\/11\/IMG_1303-18x12.jpeg 18w\" sizes=\"(max-width: 1024px) 100vw, 1024px\" \/><\/figure>\n<\/div><\/div>\n<\/div>\n\n\n\n<p class=\"wp-block-paragraph\">Le soutien global de l'Argentine \u00e0 l'Ukraine, notamment dans le domaine de la justice, rev\u00eat une grande importance pour surmonter les cons\u00e9quences de l'agression russe et r\u00e9tablir la justice pour les Ukrainiens.<\/p>\n\n\n\n<p class=\"wp-block-paragraph\">\u201c<em>Nous appr\u00e9cions profond\u00e9ment le soutien de l'Argentine \u00e0 la formule de paix de l'Ukraine, en particulier \u00e0 son point 7, \u00ab R\u00e9tablissement de la justice \u00bb. Les criminels de guerre ne doivent trouver de refuge s\u00fbr sur aucun continent, et nous intensifions nos efforts pour assurer la victoire de la justice internationale sur le crime et la violence \u00bb,<\/em> a soulign\u00e9 Andriy Kostin.<\/p>\n\n\n\n<p class=\"wp-block-paragraph translation-block\">Cette r\u00e9union a \u00e9t\u00e9 organis\u00e9e par le <strong>Transatlantic Dialogue Center<\/strong> et <strong>Resilient Ukraine<\/strong>.<\/p>\n\n\n\n<p class=\"wp-block-paragraph\"><\/p>","protected":false},"excerpt":{"rendered":"<p>On October 16, Prosecutor General Andriy Kostin held a meeting in Kyiv with Deputy Lilia Lemoine from the Chamber of Deputies of the National Congress of Argentina and Argentine parliamentarian Ivan Dubois from the Parliament of the Southern Common Market (PARLASUR). Argentina&#8217;s comprehensive support for Ukraine, particularly in the area of justice, is of great [&hellip;]<\/p>\n","protected":false},"author":8,"featured_media":26425,"comment_status":"open","ping_status":"open","sticky":false,"template":"","format":"standard","meta":{"footnotes":""},"categories":[25,104],"tags":[],"topic":[],"class_list":["post-26417","post","type-post","status-publish","format-standard","has-post-thumbnail","hentry","category-events","category-spain-and-latin-america-cooperation-program-events"],"mb":[],"yoast_head":"<!-- This site is optimized with the Yoast SEO Premium plugin v25.6 (Yoast SEO v25.6) - https:\/\/yoast.com\/wordpress\/plugins\/seo\/ -->\n<title>Argentine Delegation Meets Ukraine\u2019s Prosecutor General<\/title>\n<meta name=\"description\" content=\"Argentine lawmakers Lilia Lemoine and Ivan Dubois met Prosecutor General Andriy Kostin in Kyiv to discuss justice and accountability for Russian crimes.\" \/>\n<meta name=\"robots\" content=\"index, follow, max-snippet:-1, max-image-preview:large, max-video-preview:-1\" \/>\n<link rel=\"canonical\" href=\"https:\/\/tdcenter.org\/fr\/2024\/10\/16\/argentine-delegation-meets-with-ukraines-prosecutor-general-to-strengthen-bilateral-cooperation\/\" \/>\n<meta property=\"og:locale\" content=\"fr_FR\" \/>\n<meta property=\"og:type\" content=\"article\" \/>\n<meta property=\"og:title\" content=\"Argentine Delegation Meets Ukraine\u2019s Prosecutor General\" \/>\n<meta property=\"og:description\" content=\"Argentine lawmakers Lilia Lemoine and Ivan Dubois met Prosecutor General Andriy Kostin in Kyiv to discuss justice and accountability for Russian crimes.\" \/>\n<meta property=\"og:url\" content=\"https:\/\/tdcenter.org\/fr\/2024\/10\/16\/argentine-delegation-meets-with-ukraines-prosecutor-general-to-strengthen-bilateral-cooperation\/\" \/>\n<meta property=\"og:site_name\" content=\"Transatlantic Dialogue Center\" \/>\n<meta property=\"article:publisher\" content=\"https:\/\/www.facebook.com\/Transatlantic-Dialogue-Center-105645698740463\" \/>\n<meta property=\"article:published_time\" content=\"2024-10-16T12:44:07+00:00\" \/>\n<meta property=\"article:modified_time\" content=\"2025-08-05T18:09:20+00:00\" \/>\n<meta property=\"og:image\" content=\"https:\/\/tdcenter.org\/wp-content\/uploads\/2024\/11\/IMG_1304-scaled.jpeg\" \/>\n\t<meta property=\"og:image:width\" content=\"2560\" \/>\n\t<meta property=\"og:image:height\" content=\"1706\" \/>\n\t<meta property=\"og:image:type\" content=\"image\/jpeg\" \/>\n<meta name=\"author\" content=\"Alina Rohach\" \/>\n<meta name=\"twitter:card\" content=\"summary_large_image\" \/>\n<meta name=\"twitter:title\" content=\"Argentine Delegation Meets Ukraine\u2019s Prosecutor General\" \/>\n<meta name=\"twitter:description\" content=\"Argentine lawmakers Lilia Lemoine and Ivan Dubois met Prosecutor General Andriy Kostin in Kyiv to discuss justice and accountability for Russian crimes.\" \/>\n<meta name=\"twitter:label1\" content=\"Written by\" \/>\n\t<meta name=\"twitter:data1\" content=\"Alina Rohach\" \/>\n\t<meta name=\"twitter:label2\" content=\"Est. reading time\" \/>\n\t<meta name=\"twitter:data2\" content=\"2 minutes\" \/>\n<script type=\"application\/ld+json\" class=\"yoast-schema-graph\">{\"@context\":\"https:\/\/schema.org\",\"@graph\":[{\"@type\":\"Article\",\"@id\":\"https:\/\/tdcenter.org\/2024\/10\/16\/argentine-delegation-meets-with-ukraines-prosecutor-general-to-strengthen-bilateral-cooperation\/#article\",\"isPartOf\":{\"@id\":\"https:\/\/tdcenter.org\/2024\/10\/16\/argentine-delegation-meets-with-ukraines-prosecutor-general-to-strengthen-bilateral-cooperation\/\"},\"author\":{\"name\":\"Alina Rohach\",\"@id\":\"https:\/\/tdcenter.org\/#\/schema\/person\/2b76b794dbb8257325dc72d4fdee35ec\"},\"headline\":\"Argentine Delegation Meets with Ukraine\u2019s Prosecutor General to Strengthen Bilateral Cooperation\",\"datePublished\":\"2024-10-16T12:44:07+00:00\",\"dateModified\":\"2025-08-05T18:09:20+00:00\",\"mainEntityOfPage\":{\"@id\":\"https:\/\/tdcenter.org\/2024\/10\/16\/argentine-delegation-meets-with-ukraines-prosecutor-general-to-strengthen-bilateral-cooperation\/\"},\"wordCount\":138,\"commentCount\":0,\"publisher\":{\"@id\":\"https:\/\/tdcenter.org\/#organization\"},\"image\":{\"@id\":\"https:\/\/tdcenter.org\/2024\/10\/16\/argentine-delegation-meets-with-ukraines-prosecutor-general-to-strengthen-bilateral-cooperation\/#primaryimage\"},\"thumbnailUrl\":\"https:\/\/tdcenter.org\/wp-content\/uploads\/2024\/11\/IMG_1304-scaled.jpeg\",\"articleSection\":[\"Events\",\"Events-Spain and Latin America Cooperation Program\"],\"inLanguage\":\"fr-FR\",\"potentialAction\":[{\"@type\":\"CommentAction\",\"name\":\"Comment\",\"target\":[\"https:\/\/tdcenter.org\/2024\/10\/16\/argentine-delegation-meets-with-ukraines-prosecutor-general-to-strengthen-bilateral-cooperation\/#respond\"]}]},{\"@type\":\"WebPage\",\"@id\":\"https:\/\/tdcenter.org\/2024\/10\/16\/argentine-delegation-meets-with-ukraines-prosecutor-general-to-strengthen-bilateral-cooperation\/\",\"url\":\"https:\/\/tdcenter.org\/2024\/10\/16\/argentine-delegation-meets-with-ukraines-prosecutor-general-to-strengthen-bilateral-cooperation\/\",\"name\":\"Argentine Delegation Meets Ukraine\u2019s Prosecutor General\",\"isPartOf\":{\"@id\":\"https:\/\/tdcenter.org\/#website\"},\"primaryImageOfPage\":{\"@id\":\"https:\/\/tdcenter.org\/2024\/10\/16\/argentine-delegation-meets-with-ukraines-prosecutor-general-to-strengthen-bilateral-cooperation\/#primaryimage\"},\"image\":{\"@id\":\"https:\/\/tdcenter.org\/2024\/10\/16\/argentine-delegation-meets-with-ukraines-prosecutor-general-to-strengthen-bilateral-cooperation\/#primaryimage\"},\"thumbnailUrl\":\"https:\/\/tdcenter.org\/wp-content\/uploads\/2024\/11\/IMG_1304-scaled.jpeg\",\"datePublished\":\"2024-10-16T12:44:07+00:00\",\"dateModified\":\"2025-08-05T18:09:20+00:00\",\"description\":\"Argentine lawmakers Lilia Lemoine and Ivan Dubois met Prosecutor General Andriy Kostin in Kyiv to discuss justice and accountability for Russian crimes.\",\"breadcrumb\":{\"@id\":\"https:\/\/tdcenter.org\/2024\/10\/16\/argentine-delegation-meets-with-ukraines-prosecutor-general-to-strengthen-bilateral-cooperation\/#breadcrumb\"},\"inLanguage\":\"fr-FR\",\"potentialAction\":[{\"@type\":\"ReadAction\",\"target\":[\"https:\/\/tdcenter.org\/2024\/10\/16\/argentine-delegation-meets-with-ukraines-prosecutor-general-to-strengthen-bilateral-cooperation\/\"]}]},{\"@type\":\"ImageObject\",\"inLanguage\":\"fr-FR\",\"@id\":\"https:\/\/tdcenter.org\/2024\/10\/16\/argentine-delegation-meets-with-ukraines-prosecutor-general-to-strengthen-bilateral-cooperation\/#primaryimage\",\"url\":\"https:\/\/tdcenter.org\/wp-content\/uploads\/2024\/11\/IMG_1304-scaled.jpeg\",\"contentUrl\":\"https:\/\/tdcenter.org\/wp-content\/uploads\/2024\/11\/IMG_1304-scaled.jpeg\",\"width\":2560,\"height\":1706},{\"@type\":\"BreadcrumbList\",\"@id\":\"https:\/\/tdcenter.org\/2024\/10\/16\/argentine-delegation-meets-with-ukraines-prosecutor-general-to-strengthen-bilateral-cooperation\/#breadcrumb\",\"itemListElement\":[{\"@type\":\"ListItem\",\"position\":1,\"name\":\"Home\",\"item\":\"https:\/\/tdcenter.org\/\"},{\"@type\":\"ListItem\",\"position\":2,\"name\":\"Argentine Delegation Meets with Ukraine\u2019s Prosecutor General to Strengthen Bilateral Cooperation\"}]},{\"@type\":\"WebSite\",\"@id\":\"https:\/\/tdcenter.org\/#website\",\"url\":\"https:\/\/tdcenter.org\/\",\"name\":\"Transatlantic Dialogue Center\",\"description\":\"Promoting International Peace and Security\",\"publisher\":{\"@id\":\"https:\/\/tdcenter.org\/#organization\"},\"potentialAction\":[{\"@type\":\"SearchAction\",\"target\":{\"@type\":\"EntryPoint\",\"urlTemplate\":\"https:\/\/tdcenter.org\/?s={search_term_string}\"},\"query-input\":{\"@type\":\"PropertyValueSpecification\",\"valueRequired\":true,\"valueName\":\"search_term_string\"}}],\"inLanguage\":\"fr-FR\"},{\"@type\":\"Organization\",\"@id\":\"https:\/\/tdcenter.org\/#organization\",\"name\":\"Transatlantic Dialogue Center\",\"url\":\"https:\/\/tdcenter.org\/\",\"logo\":{\"@type\":\"ImageObject\",\"inLanguage\":\"fr-FR\",\"@id\":\"https:\/\/tdcenter.org\/#\/schema\/logo\/image\/\",\"url\":\"https:\/\/tdcenter.org\/wp-content\/uploads\/2022\/04\/google.png\",\"contentUrl\":\"https:\/\/tdcenter.org\/wp-content\/uploads\/2022\/04\/google.png\",\"width\":2568,\"height\":2487,\"caption\":\"Transatlantic Dialogue Center\"},\"image\":{\"@id\":\"https:\/\/tdcenter.org\/#\/schema\/logo\/image\/\"},\"sameAs\":[\"https:\/\/www.facebook.com\/Transatlantic-Dialogue-Center-105645698740463\",\"https:\/\/www.youtube.com\/channel\/UCpJuhU4JBfpv_jsldNOc5LA\"]},{\"@type\":\"Person\",\"@id\":\"https:\/\/tdcenter.org\/#\/schema\/person\/2b76b794dbb8257325dc72d4fdee35ec\",\"name\":\"Alina Rohach\",\"image\":{\"@type\":\"ImageObject\",\"inLanguage\":\"fr-FR\",\"@id\":\"https:\/\/tdcenter.org\/#\/schema\/person\/image\/\",\"url\":\"https:\/\/tdcenter.org\/wp-content\/litespeed\/avatar\/61eca207869235575ab8e6c478a7ca66.jpg?ver=1788352841\",\"contentUrl\":\"https:\/\/tdcenter.org\/wp-content\/litespeed\/avatar\/61eca207869235575ab8e6c478a7ca66.jpg?ver=1788352841\",\"caption\":\"Alina Rohach\"}}]}<\/script>\n<!-- \/ Yoast SEO Premium plugin. -->","yoast_head_json":{"title":"Argentine Delegation Meets Ukraine\u2019s Prosecutor General","description":"Argentine lawmakers Lilia Lemoine and Ivan Dubois met Prosecutor General Andriy Kostin in Kyiv to discuss justice and accountability for Russian crimes.","robots":{"index":"index","follow":"follow","max-snippet":"max-snippet:-1","max-image-preview":"max-image-preview:large","max-video-preview":"max-video-preview:-1"},"canonical":"https:\/\/tdcenter.org\/fr\/2024\/10\/16\/argentine-delegation-meets-with-ukraines-prosecutor-general-to-strengthen-bilateral-cooperation\/","og_locale":"fr_FR","og_type":"article","og_title":"Argentine Delegation Meets Ukraine\u2019s Prosecutor General","og_description":"Argentine lawmakers Lilia Lemoine and Ivan Dubois met Prosecutor General Andriy Kostin in Kyiv to discuss justice and accountability for Russian crimes.","og_url":"https:\/\/tdcenter.org\/fr\/2024\/10\/16\/argentine-delegation-meets-with-ukraines-prosecutor-general-to-strengthen-bilateral-cooperation\/","og_site_name":"Transatlantic Dialogue Center","article_publisher":"https:\/\/www.facebook.com\/Transatlantic-Dialogue-Center-105645698740463","article_published_time":"2024-10-16T12:44:07+00:00","article_modified_time":"2025-08-05T18:09:20+00:00","og_image":[{"width":2560,"height":1706,"url":"https:\/\/tdcenter.org\/wp-content\/uploads\/2024\/11\/IMG_1304-scaled.jpeg","type":"image\/jpeg"}],"author":"Alina Rohach","twitter_card":"summary_large_image","twitter_title":"Argentine Delegation Meets Ukraine\u2019s Prosecutor General","twitter_description":"Argentine lawmakers Lilia Lemoine and Ivan Dubois met Prosecutor General Andriy Kostin in Kyiv to discuss justice and accountability for Russian crimes.","twitter_misc":{"Written by":"Alina Rohach","Est. reading time":"2 minutes"},"schema":{"@context":"https:\/\/schema.org","@graph":[{"@type":"Article","@id":"https:\/\/tdcenter.org\/2024\/10\/16\/argentine-delegation-meets-with-ukraines-prosecutor-general-to-strengthen-bilateral-cooperation\/#article","isPartOf":{"@id":"https:\/\/tdcenter.org\/2024\/10\/16\/argentine-delegation-meets-with-ukraines-prosecutor-general-to-strengthen-bilateral-cooperation\/"},"author":{"name":"Alina Rohach","@id":"https:\/\/tdcenter.org\/#\/schema\/person\/2b76b794dbb8257325dc72d4fdee35ec"},"headline":"Argentine Delegation Meets with Ukraine\u2019s Prosecutor General to Strengthen Bilateral Cooperation","datePublished":"2024-10-16T12:44:07+00:00","dateModified":"2025-08-05T18:09:20+00:00","mainEntityOfPage":{"@id":"https:\/\/tdcenter.org\/2024\/10\/16\/argentine-delegation-meets-with-ukraines-prosecutor-general-to-strengthen-bilateral-cooperation\/"},"wordCount":138,"commentCount":0,"publisher":{"@id":"https:\/\/tdcenter.org\/#organization"},"image":{"@id":"https:\/\/tdcenter.org\/2024\/10\/16\/argentine-delegation-meets-with-ukraines-prosecutor-general-to-strengthen-bilateral-cooperation\/#primaryimage"},"thumbnailUrl":"https:\/\/tdcenter.org\/wp-content\/uploads\/2024\/11\/IMG_1304-scaled.jpeg","articleSection":["Events","Events-Spain and Latin America Cooperation Program"],"inLanguage":"fr-FR","potentialAction":[{"@type":"CommentAction","name":"Comment","target":["https:\/\/tdcenter.org\/2024\/10\/16\/argentine-delegation-meets-with-ukraines-prosecutor-general-to-strengthen-bilateral-cooperation\/#respond"]}]},{"@type":"WebPage","@id":"https:\/\/tdcenter.org\/2024\/10\/16\/argentine-delegation-meets-with-ukraines-prosecutor-general-to-strengthen-bilateral-cooperation\/","url":"https:\/\/tdcenter.org\/2024\/10\/16\/argentine-delegation-meets-with-ukraines-prosecutor-general-to-strengthen-bilateral-cooperation\/","name":"Argentine Delegation Meets Ukraine\u2019s Prosecutor General","isPartOf":{"@id":"https:\/\/tdcenter.org\/#website"},"primaryImageOfPage":{"@id":"https:\/\/tdcenter.org\/2024\/10\/16\/argentine-delegation-meets-with-ukraines-prosecutor-general-to-strengthen-bilateral-cooperation\/#primaryimage"},"image":{"@id":"https:\/\/tdcenter.org\/2024\/10\/16\/argentine-delegation-meets-with-ukraines-prosecutor-general-to-strengthen-bilateral-cooperation\/#primaryimage"},"thumbnailUrl":"https:\/\/tdcenter.org\/wp-content\/uploads\/2024\/11\/IMG_1304-scaled.jpeg","datePublished":"2024-10-16T12:44:07+00:00","dateModified":"2025-08-05T18:09:20+00:00","description":"Argentine lawmakers Lilia Lemoine and Ivan Dubois met Prosecutor General Andriy Kostin in Kyiv to discuss justice and accountability for Russian crimes.","breadcrumb":{"@id":"https:\/\/tdcenter.org\/2024\/10\/16\/argentine-delegation-meets-with-ukraines-prosecutor-general-to-strengthen-bilateral-cooperation\/#breadcrumb"},"inLanguage":"fr-FR","potentialAction":[{"@type":"ReadAction","target":["https:\/\/tdcenter.org\/2024\/10\/16\/argentine-delegation-meets-with-ukraines-prosecutor-general-to-strengthen-bilateral-cooperation\/"]}]},{"@type":"ImageObject","inLanguage":"fr-FR","@id":"https:\/\/tdcenter.org\/2024\/10\/16\/argentine-delegation-meets-with-ukraines-prosecutor-general-to-strengthen-bilateral-cooperation\/#primaryimage","url":"https:\/\/tdcenter.org\/wp-content\/uploads\/2024\/11\/IMG_1304-scaled.jpeg","contentUrl":"https:\/\/tdcenter.org\/wp-content\/uploads\/2024\/11\/IMG_1304-scaled.jpeg","width":2560,"height":1706},{"@type":"BreadcrumbList","@id":"https:\/\/tdcenter.org\/2024\/10\/16\/argentine-delegation-meets-with-ukraines-prosecutor-general-to-strengthen-bilateral-cooperation\/#breadcrumb","itemListElement":[{"@type":"ListItem","position":1,"name":"Home","item":"https:\/\/tdcenter.org\/"},{"@type":"ListItem","position":2,"name":"Argentine Delegation Meets with Ukraine\u2019s Prosecutor General to Strengthen Bilateral Cooperation"}]},{"@type":"WebSite","@id":"https:\/\/tdcenter.org\/#website","url":"https:\/\/tdcenter.org\/","name":"Transatlantic Dialogue Center","description":"Promoting International Peace and Security","publisher":{"@id":"https:\/\/tdcenter.org\/#organization"},"potentialAction":[{"@type":"SearchAction","target":{"@type":"EntryPoint","urlTemplate":"https:\/\/tdcenter.org\/?s={search_term_string}"},"query-input":{"@type":"PropertyValueSpecification","valueRequired":true,"valueName":"search_term_string"}}],"inLanguage":"fr-FR"},{"@type":"Organization","@id":"https:\/\/tdcenter.org\/#organization","name":"Transatlantic Dialogue Center","url":"https:\/\/tdcenter.org\/","logo":{"@type":"ImageObject","inLanguage":"fr-FR","@id":"https:\/\/tdcenter.org\/#\/schema\/logo\/image\/","url":"https:\/\/tdcenter.org\/wp-content\/uploads\/2022\/04\/google.png","contentUrl":"https:\/\/tdcenter.org\/wp-content\/uploads\/2022\/04\/google.png","width":2568,"height":2487,"caption":"Transatlantic Dialogue Center"},"image":{"@id":"https:\/\/tdcenter.org\/#\/schema\/logo\/image\/"},"sameAs":["https:\/\/www.facebook.com\/Transatlantic-Dialogue-Center-105645698740463","https:\/\/www.youtube.com\/channel\/UCpJuhU4JBfpv_jsldNOc5LA"]},{"@type":"Person","@id":"https:\/\/tdcenter.org\/#\/schema\/person\/2b76b794dbb8257325dc72d4fdee35ec","name":"Alina Rohach","image":{"@type":"ImageObject","inLanguage":"fr-FR","@id":"https:\/\/tdcenter.org\/#\/schema\/person\/image\/","url":"https:\/\/tdcenter.org\/wp-content\/litespeed\/avatar\/61eca207869235575ab8e6c478a7ca66.jpg?ver=1788352841","contentUrl":"https:\/\/tdcenter.org\/wp-content\/litespeed\/avatar\/61eca207869235575ab8e6c478a7ca66.jpg?ver=1788352841","caption":"Alina Rohach"}}]}},"mfb_rest_fields":["title","yoast_head","yoast_head_json","gutenberg_elementor_mode"],"_links":{"self":[{"href":"https:\/\/tdcenter.org\/fr\/wp-json\/wp\/v2\/posts\/26417","targetHints":{"allow":["GET"]}}],"collection":[{"href":"https:\/\/tdcenter.org\/fr\/wp-json\/wp\/v2\/posts"}],"about":[{"href":"https:\/\/tdcenter.org\/fr\/wp-json\/wp\/v2\/types\/post"}],"author":[{"embeddable":true,"href":"https:\/\/tdcenter.org\/fr\/wp-json\/wp\/v2\/users\/8"}],"replies":[{"embeddable":true,"href":"https:\/\/tdcenter.org\/fr\/wp-json\/wp\/v2\/comments?post=26417"}],"version-history":[{"count":3,"href":"https:\/\/tdcenter.org\/fr\/wp-json\/wp\/v2\/posts\/26417\/revisions"}],"predecessor-version":[{"id":26434,"href":"https:\/\/tdcenter.org\/fr\/wp-json\/wp\/v2\/posts\/26417\/revisions\/26434"}],"wp:featuredmedia":[{"embeddable":true,"href":"https:\/\/tdcenter.org\/fr\/wp-json\/wp\/v2\/media\/26425"}],"wp:attachment":[{"href":"https:\/\/tdcenter.org\/fr\/wp-json\/wp\/v2\/media?parent=26417"}],"wp:term":[{"taxonomy":"category","embeddable":true,"href":"https:\/\/tdcenter.org\/fr\/wp-json\/wp\/v2\/categories?post=26417"},{"taxonomy":"post_tag","embeddable":true,"href":"https:\/\/tdcenter.org\/fr\/wp-json\/wp\/v2\/tags?post=26417"},{"taxonomy":"topic","embeddable":true,"href":"https:\/\/tdcenter.org\/fr\/wp-json\/wp\/v2\/topic?post=26417"}],"curies":[{"name":"wp","href":"https:\/\/api.w.org\/{rel}","templated":true}]}}