{"id":22026,"date":"2024-01-26T11:44:58","date_gmt":"2024-01-26T09:44:58","guid":{"rendered":"https:\/\/tdcenter.org\/?p=22026"},"modified":"2025-08-05T16:20:31","modified_gmt":"2025-08-05T13:20:31","slug":"staff-members-of-the-german-bundestag-visit-ukraine","status":"publish","type":"post","link":"https:\/\/tdcenter.org\/fr\/2024\/01\/26\/staff-members-of-the-german-bundestag-visit-ukraine\/","title":{"rendered":"Des collaborateurs du Bundestag allemand visitent l\u2019Ukraine"},"content":{"rendered":"<p class=\"wp-block-paragraph\">En ce d\u00e9but d\u2019ann\u00e9e, le Transatlantic Dialogue Center continue d\u2019organiser des visites en Ukraine pour des d\u00e9cideurs allemands, afin de leur permettre de prendre connaissance de la situation actuelle dans le pays et des possibilit\u00e9s de soutien et de coop\u00e9ration avec les structures gouvernementales et de la soci\u00e9t\u00e9 civile. D\u00e9but janvier, TDC, en \u00e9troite coop\u00e9ration avec le groupe de r\u00e9flexion allemand Zentrum Liberale Moderne, a accueilli une d\u00e9l\u00e9gation de collaborateurs du Bundestag repr\u00e9sentant des d\u00e9put\u00e9s de grands partis allemands et de diverses commissions du Bundestag.<\/p>\n\n\n\n<p class=\"wp-block-paragraph\">Le premier jour, les membres de la d\u00e9l\u00e9gation se sont rendus dans la r\u00e9gion de Kyiv, o\u00f9 les autorit\u00e9s locales leur ont montr\u00e9 les lieux des crimes de guerre flagrants commis par les troupes russes \u00e0 Boutcha et Irpin, tout en racontant le renouveau et la reconstruction de la r\u00e9gion. <\/p>\n\n\n<div class=\"wp-block-image\">\n<figure class=\"aligncenter size-large is-resized\"><img fetchpriority=\"high\" decoding=\"async\" width=\"1024\" height=\"576\" src=\"https:\/\/tdcenter.org\/wp-content\/uploads\/2024\/01\/P1032643-1024x576.jpg\" alt=\"\" class=\"wp-image-22028\" style=\"width:763px;height:auto\" srcset=\"https:\/\/tdcenter.org\/wp-content\/uploads\/2024\/01\/P1032643-1024x576.jpg 1024w, https:\/\/tdcenter.org\/wp-content\/uploads\/2024\/01\/P1032643-600x338.jpg 600w, https:\/\/tdcenter.org\/wp-content\/uploads\/2024\/01\/P1032643-768x432.jpg 768w, https:\/\/tdcenter.org\/wp-content\/uploads\/2024\/01\/P1032643-1536x865.jpg 1536w, https:\/\/tdcenter.org\/wp-content\/uploads\/2024\/01\/P1032643-2048x1153.jpg 2048w, https:\/\/tdcenter.org\/wp-content\/uploads\/2024\/01\/P1032643-18x10.jpg 18w\" sizes=\"(max-width: 1024px) 100vw, 1024px\" \/><\/figure>\n<\/div>\n\n\n<p class=\"wp-block-paragraph\">Apr\u00e8s la visite de la r\u00e9gion de Kyiv, les invit\u00e9s allemands ont \u00e9t\u00e9 convi\u00e9s \u00e0 participer \u00e0 un <em>Stammtisch<\/em> , une rencontre au cours de laquelle ils ont pu \u00e9changer des id\u00e9es avec d\u2019\u00e9minents chercheurs et analystes allemands et ukrainiens.<\/p>\n\n\n\n<p class=\"wp-block-paragraph\">Le programme de la deuxi\u00e8me journ\u00e9e \u00e9tait principalement consacr\u00e9 au parcours de l\u2019Ukraine vers l\u2019UE et l\u2019OTAN, aux efforts de reconstruction du pays et aux questions de droits humains. La d\u00e9l\u00e9gation a rencontr\u00e9 des conseillers du vice-Premier ministre charg\u00e9 de l\u2019int\u00e9gration europ\u00e9enne et euro-atlantique et a discut\u00e9 des principales \u00e9tapes, difficult\u00e9s et perspectives de l\u2019adh\u00e9sion de l\u2019Ukraine \u00e0 l\u2019UE et \u00e0 l\u2019OTAN. Plus tard, lors d\u2019une table ronde avec des ONG ukrainiennes, elle a mieux compris la perspective et le r\u00f4le de la soci\u00e9t\u00e9 civile ukrainienne dans ce processus. En outre, des repr\u00e9sentants de l\u2019Institute of Analytics and Advocacy, du Better Regulation Delivery Office et de RISE Ukraine ont partag\u00e9 leurs points de vue sur les efforts de reconstruction et les \u00e9volutions r\u00e9centes dans ce domaine, notamment le dernier outil de gestion des projets de reconstruction, DREAM (Digital Reconstruction Ecosystem for Accountable Management).<\/p>\n\n\n<div class=\"wp-block-image\">\n<figure class=\"aligncenter size-large is-resized\"><img decoding=\"async\" width=\"1024\" height=\"576\" src=\"https:\/\/tdcenter.org\/wp-content\/uploads\/2024\/01\/P1032676-1024x576.jpg\" alt=\"\" class=\"wp-image-22029\" style=\"width:754px;height:auto\" srcset=\"https:\/\/tdcenter.org\/wp-content\/uploads\/2024\/01\/P1032676-1024x576.jpg 1024w, https:\/\/tdcenter.org\/wp-content\/uploads\/2024\/01\/P1032676-600x338.jpg 600w, https:\/\/tdcenter.org\/wp-content\/uploads\/2024\/01\/P1032676-768x432.jpg 768w, https:\/\/tdcenter.org\/wp-content\/uploads\/2024\/01\/P1032676-1536x865.jpg 1536w, https:\/\/tdcenter.org\/wp-content\/uploads\/2024\/01\/P1032676-2048x1153.jpg 2048w, https:\/\/tdcenter.org\/wp-content\/uploads\/2024\/01\/P1032676-18x10.jpg 18w\" sizes=\"(max-width: 1024px) 100vw, 1024px\" \/><\/figure>\n<\/div>\n\n\n<p class=\"wp-block-paragraph\">Le dialogue avec la soci\u00e9t\u00e9 civile ukrainienne s\u2019est poursuivi par une table ronde sur les droits humains. Lors de l\u2019\u00e9change avec des repr\u00e9sentants des principales ONG ukrainiennes de d\u00e9fense des droits humains et de la justice, les participants ont abord\u00e9 des sujets tels que les diff\u00e9rences entre la l\u00e9gislation ukrainienne li\u00e9e \u00e0 la guerre en 2014 et en 2022, l\u2019\u00e9cocide et les prisonniers de guerre. Les participants allemands ont \u00e9galement examin\u00e9 la mani\u00e8re d\u2019aborder la question des collaborateurs dans les territoires occup\u00e9s et celle des enfants d\u00e9port\u00e9s.<\/p>\n\n\n\n<p class=\"wp-block-paragraph\">Dans le cadre de la visite, la d\u00e9l\u00e9gation s\u2019est rendue sur le site de l\u2019une des attaques les plus r\u00e9centes contre Kyiv et a eu l\u2019occasion unique de parler avec des b\u00e9n\u00e9voles locaux qui aidaient les habitants \u00e0 d\u00e9blayer les gravats et \u00e0 r\u00e9pondre \u00e0 leurs besoins imm\u00e9diats apr\u00e8s le bombardement.<\/p>\n\n\n<div class=\"wp-block-image\">\n<figure class=\"aligncenter size-large is-resized\"><img decoding=\"async\" width=\"1024\" height=\"576\" src=\"https:\/\/tdcenter.org\/wp-content\/uploads\/2024\/01\/P1032702-1024x576.jpg\" alt=\"\" class=\"wp-image-22030\" style=\"width:758px;height:auto\" srcset=\"https:\/\/tdcenter.org\/wp-content\/uploads\/2024\/01\/P1032702-1024x576.jpg 1024w, https:\/\/tdcenter.org\/wp-content\/uploads\/2024\/01\/P1032702-600x338.jpg 600w, https:\/\/tdcenter.org\/wp-content\/uploads\/2024\/01\/P1032702-768x432.jpg 768w, https:\/\/tdcenter.org\/wp-content\/uploads\/2024\/01\/P1032702-1536x865.jpg 1536w, https:\/\/tdcenter.org\/wp-content\/uploads\/2024\/01\/P1032702-2048x1153.jpg 2048w, https:\/\/tdcenter.org\/wp-content\/uploads\/2024\/01\/P1032702-18x10.jpg 18w\" sizes=\"(max-width: 1024px) 100vw, 1024px\" \/><\/figure>\n<\/div>\n\n<div class=\"wp-block-image\">\n<figure class=\"aligncenter size-large is-resized\"><img loading=\"lazy\" decoding=\"async\" width=\"1024\" height=\"576\" src=\"https:\/\/tdcenter.org\/wp-content\/uploads\/2024\/01\/P1032696-1024x576.jpg\" alt=\"\" class=\"wp-image-22031\" style=\"width:756px;height:auto\" srcset=\"https:\/\/tdcenter.org\/wp-content\/uploads\/2024\/01\/P1032696-1024x576.jpg 1024w, https:\/\/tdcenter.org\/wp-content\/uploads\/2024\/01\/P1032696-600x338.jpg 600w, https:\/\/tdcenter.org\/wp-content\/uploads\/2024\/01\/P1032696-768x432.jpg 768w, https:\/\/tdcenter.org\/wp-content\/uploads\/2024\/01\/P1032696-1536x865.jpg 1536w, https:\/\/tdcenter.org\/wp-content\/uploads\/2024\/01\/P1032696-2048x1153.jpg 2048w, https:\/\/tdcenter.org\/wp-content\/uploads\/2024\/01\/P1032696-18x10.jpg 18w\" sizes=\"(max-width: 1024px) 100vw, 1024px\" \/><\/figure>\n<\/div>\n\n\n<p class=\"wp-block-paragraph\">La journ\u00e9e s\u2019est achev\u00e9e par un d\u00eener avec des repr\u00e9sentants des bureaux \u00e0 Kyiv de la Friedrich Naumann Foundation et de la Konrad Adenauer Foundation.<\/p>\n\n\n\n<p class=\"wp-block-paragraph\">Le dernier jour, la d\u00e9l\u00e9gation allemande a rencontr\u00e9 des repr\u00e9sentants du secr\u00e9tariat du commissaire du Parlement ukrainien aux droits humains. Elle a pris connaissance du travail du m\u00e9diateur ukrainien et de son bureau, en se concentrant sur la situation actuelle li\u00e9e aux graves violations des droits humains commises par l\u2019arm\u00e9e et le gouvernement russes. Une attention particuli\u00e8re a \u00e9t\u00e9 accord\u00e9e aux enfants d\u00e9port\u00e9s, aux prisonniers de guerre, aux personnes d\u00e9plac\u00e9es internes et \u00e0 la coop\u00e9ration avec des institutions internationales telles que le CICR et l\u2019OSCE.<\/p>\n\n\n<div class=\"wp-block-image\">\n<figure class=\"aligncenter size-large is-resized\"><img loading=\"lazy\" decoding=\"async\" width=\"1024\" height=\"683\" src=\"https:\/\/tdcenter.org\/wp-content\/uploads\/2024\/01\/DSC_8060-1024x683.jpg\" alt=\"\" class=\"wp-image-22032\" style=\"width:750px;height:auto\" srcset=\"https:\/\/tdcenter.org\/wp-content\/uploads\/2024\/01\/DSC_8060-1024x683.jpg 1024w, https:\/\/tdcenter.org\/wp-content\/uploads\/2024\/01\/DSC_8060-600x400.jpg 600w, https:\/\/tdcenter.org\/wp-content\/uploads\/2024\/01\/DSC_8060-768x512.jpg 768w, https:\/\/tdcenter.org\/wp-content\/uploads\/2024\/01\/DSC_8060-1536x1024.jpg 1536w, https:\/\/tdcenter.org\/wp-content\/uploads\/2024\/01\/DSC_8060-2048x1365.jpg 2048w, https:\/\/tdcenter.org\/wp-content\/uploads\/2024\/01\/DSC_8060-18x12.jpg 18w\" sizes=\"(max-width: 1024px) 100vw, 1024px\" \/><\/figure>\n<\/div>\n\n\n<p class=\"wp-block-paragraph\">Le programme du dernier jour de la visite comportait \u00e9galement une rencontre avec des repr\u00e9sentants du minist\u00e8re de la D\u00e9fense d\u2019Ukraine, au cours de laquelle ils ont discut\u00e9 de la situation actuelle sur la ligne de front, des principaux d\u00e9fis et besoins de l\u2019Ukraine dans sa confrontation avec la F\u00e9d\u00e9ration de Russie, des objectifs et attentes pour 2024, ainsi que des perspectives de coop\u00e9ration entre l\u2019Ukraine et l\u2019Allemagne.<\/p>\n\n\n\n<p class=\"wp-block-paragraph\">Les membres de la d\u00e9l\u00e9gation ont \u00e9galement visit\u00e9 le Parlement ukrainien, o\u00f9 ils ont eu un \u00e9change fructueux avec des d\u00e9put\u00e9s ukrainiens de la commission de l\u2019\u00e9nergie et de la commission de l\u2019int\u00e9gration de l\u2019Ukraine dans l\u2019Union europ\u00e9enne. La discussion a port\u00e9 sur l\u2019int\u00e9gration de l\u2019Ukraine \u00e0 l\u2019UE et \u00e0 l\u2019OTAN, les efforts et projets de reconstruction, la possibilit\u00e9 de lancer le processus \u00e9lectoral en temps de guerre et les mesures concr\u00e8tes de soutien n\u00e9cessaires de la part de l\u2019Europe.<\/p>\n\n\n<div class=\"wp-block-image\">\n<figure class=\"aligncenter size-large is-resized\"><img loading=\"lazy\" decoding=\"async\" width=\"1024\" height=\"576\" src=\"https:\/\/tdcenter.org\/wp-content\/uploads\/2024\/01\/P1032755-1024x576.jpg\" alt=\"\" class=\"wp-image-22033\" style=\"width:742px;height:auto\" srcset=\"https:\/\/tdcenter.org\/wp-content\/uploads\/2024\/01\/P1032755-1024x576.jpg 1024w, https:\/\/tdcenter.org\/wp-content\/uploads\/2024\/01\/P1032755-600x338.jpg 600w, https:\/\/tdcenter.org\/wp-content\/uploads\/2024\/01\/P1032755-768x432.jpg 768w, https:\/\/tdcenter.org\/wp-content\/uploads\/2024\/01\/P1032755-1536x865.jpg 1536w, https:\/\/tdcenter.org\/wp-content\/uploads\/2024\/01\/P1032755-2048x1153.jpg 2048w, https:\/\/tdcenter.org\/wp-content\/uploads\/2024\/01\/P1032755-18x10.jpg 18w\" sizes=\"(max-width: 1024px) 100vw, 1024px\" \/><\/figure>\n<\/div>\n\n\n<p class=\"wp-block-paragraph\">La visite s\u2019est achev\u00e9e par une rencontre avec l\u2019ambassadeur d\u2019Allemagne en Ukraine, Martin J\u00e4ger, qui a partag\u00e9 son point de vue sur les derni\u00e8res attaques massives men\u00e9es par la Russie contre le territoire ukrainien \u00e0 la fin d\u00e9cembre 2023, la situation sur la ligne de front, la possibilit\u00e9 d\u2019une intensification de la mobilisation en Ukraine, les perspectives de la confrontation et le soutien actuel de l\u2019Allemagne \u00e0 l\u2019Ukraine par rapport au d\u00e9but de l\u2019invasion \u00e0 grande \u00e9chelle. Ils ont \u00e9galement discut\u00e9 des besoins militaires les plus urgents de l\u2019Ukraine, de l\u2019influence potentielle des prochaines \u00e9lections aux \u00c9tats-Unis sur le soutien occidental \u00e0 l\u2019Ukraine et de la reconstruction.<\/p>\n\n\n\n<p class=\"wp-block-paragraph\">Cette visite a \u00e9t\u00e9 une nouvelle d\u00e9monstration de l\u2019engagement de nos partenaires \u00e0 continuer de soutenir le gouvernement et le peuple ukrainiens en ces temps troubl\u00e9s. Le Transatlantic Dialogue Center remercie Zentrum Liberale Moderne d\u2019avoir coorganis\u00e9 cette visite, ainsi que nos partenaires allemands et ukrainiens pour leur participation active.<\/p>","protected":false},"excerpt":{"rendered":"<p>As the new year unfolds, the Transatlantic Dialogue Center continues arranging visits for German policymakers to Ukraine to help them learn about the current situation in the country and the opportunities for support and cooperation with governmental and civil society structures. In early January, TDC, in close cooperation with the German think-tank Zentrum Liberale Moderne, [&hellip;]<\/p>\n","protected":false},"author":10,"featured_media":22032,"comment_status":"open","ping_status":"open","sticky":false,"template":"","format":"standard","meta":{"footnotes":""},"categories":[25,105],"tags":[],"topic":[],"class_list":["post-22026","post","type-post","status-publish","format-standard","has-post-thumbnail","hentry","category-events","category-german-ukrainian-partnership-program-events"],"mb":[],"yoast_head":"<!-- This site is optimized with the Yoast SEO Premium plugin v25.6 (Yoast SEO v25.6) - https:\/\/yoast.com\/wordpress\/plugins\/seo\/ -->\n<title>Staff members of the German Bundestag visit Ukraine | TDC<\/title>\n<meta name=\"description\" content=\"Bundestag staff visited Kyiv region and met Ukrainian officials and civil society representatives during a program organized by TDC and LibMod.\" \/>\n<meta name=\"robots\" content=\"index, follow, max-snippet:-1, max-image-preview:large, max-video-preview:-1\" \/>\n<link rel=\"canonical\" href=\"https:\/\/tdcenter.org\/fr\/2024\/01\/26\/staff-members-of-the-german-bundestag-visit-ukraine\/\" \/>\n<meta property=\"og:locale\" content=\"fr_FR\" \/>\n<meta property=\"og:type\" content=\"article\" \/>\n<meta property=\"og:title\" content=\"Staff members of the German Bundestag visit Ukraine\" \/>\n<meta property=\"og:description\" content=\"Bundestag staff visited Kyiv region and met Ukrainian officials and civil society representatives during a program organized by TDC and LibMod.\" \/>\n<meta property=\"og:url\" content=\"https:\/\/tdcenter.org\/fr\/2024\/01\/26\/staff-members-of-the-german-bundestag-visit-ukraine\/\" \/>\n<meta property=\"og:site_name\" content=\"Transatlantic Dialogue Center\" \/>\n<meta property=\"article:publisher\" content=\"https:\/\/www.facebook.com\/Transatlantic-Dialogue-Center-105645698740463\" \/>\n<meta property=\"article:published_time\" content=\"2024-01-26T09:44:58+00:00\" \/>\n<meta property=\"article:modified_time\" content=\"2025-08-05T13:20:31+00:00\" \/>\n<meta property=\"og:image\" content=\"https:\/\/tdcenter.org\/wp-content\/uploads\/2024\/01\/DSC_8060-scaled.jpg\" \/>\n\t<meta property=\"og:image:width\" content=\"2560\" \/>\n\t<meta property=\"og:image:height\" content=\"1707\" \/>\n\t<meta property=\"og:image:type\" content=\"image\/jpeg\" \/>\n<meta name=\"author\" content=\"Stepan Rusyn\" \/>\n<meta name=\"twitter:card\" content=\"summary_large_image\" \/>\n<meta name=\"twitter:title\" content=\"Staff members of the German Bundestag visit Ukraine\" \/>\n<meta name=\"twitter:description\" content=\"Bundestag staff visited Kyiv region and met Ukrainian officials and civil society representatives during a program organized by TDC and LibMod.\" \/>\n<meta name=\"twitter:label1\" content=\"Written by\" \/>\n\t<meta name=\"twitter:data1\" content=\"Stepan Rusyn\" \/>\n\t<meta name=\"twitter:label2\" content=\"Est. reading time\" \/>\n\t<meta name=\"twitter:data2\" content=\"5 minutes\" \/>\n<script type=\"application\/ld+json\" class=\"yoast-schema-graph\">{\"@context\":\"https:\/\/schema.org\",\"@graph\":[{\"@type\":\"Article\",\"@id\":\"https:\/\/tdcenter.org\/2024\/01\/26\/staff-members-of-the-german-bundestag-visit-ukraine\/#article\",\"isPartOf\":{\"@id\":\"https:\/\/tdcenter.org\/2024\/01\/26\/staff-members-of-the-german-bundestag-visit-ukraine\/\"},\"author\":{\"name\":\"Stepan Rusyn\",\"@id\":\"https:\/\/tdcenter.org\/#\/schema\/person\/10d9eb6be418ce623b4525c0dedbadfa\"},\"headline\":\"Staff members of the German Bundestag visit Ukraine\",\"datePublished\":\"2024-01-26T09:44:58+00:00\",\"dateModified\":\"2025-08-05T13:20:31+00:00\",\"mainEntityOfPage\":{\"@id\":\"https:\/\/tdcenter.org\/2024\/01\/26\/staff-members-of-the-german-bundestag-visit-ukraine\/\"},\"wordCount\":746,\"commentCount\":0,\"publisher\":{\"@id\":\"https:\/\/tdcenter.org\/#organization\"},\"image\":{\"@id\":\"https:\/\/tdcenter.org\/2024\/01\/26\/staff-members-of-the-german-bundestag-visit-ukraine\/#primaryimage\"},\"thumbnailUrl\":\"https:\/\/tdcenter.org\/wp-content\/uploads\/2024\/01\/DSC_8060-scaled.jpg\",\"articleSection\":[\"Events\",\"Events-German-Ukrainian Partnership Program\"],\"inLanguage\":\"fr-FR\",\"potentialAction\":[{\"@type\":\"CommentAction\",\"name\":\"Comment\",\"target\":[\"https:\/\/tdcenter.org\/2024\/01\/26\/staff-members-of-the-german-bundestag-visit-ukraine\/#respond\"]}]},{\"@type\":\"WebPage\",\"@id\":\"https:\/\/tdcenter.org\/2024\/01\/26\/staff-members-of-the-german-bundestag-visit-ukraine\/\",\"url\":\"https:\/\/tdcenter.org\/2024\/01\/26\/staff-members-of-the-german-bundestag-visit-ukraine\/\",\"name\":\"Staff members of the German Bundestag visit Ukraine | TDC\",\"isPartOf\":{\"@id\":\"https:\/\/tdcenter.org\/#website\"},\"primaryImageOfPage\":{\"@id\":\"https:\/\/tdcenter.org\/2024\/01\/26\/staff-members-of-the-german-bundestag-visit-ukraine\/#primaryimage\"},\"image\":{\"@id\":\"https:\/\/tdcenter.org\/2024\/01\/26\/staff-members-of-the-german-bundestag-visit-ukraine\/#primaryimage\"},\"thumbnailUrl\":\"https:\/\/tdcenter.org\/wp-content\/uploads\/2024\/01\/DSC_8060-scaled.jpg\",\"datePublished\":\"2024-01-26T09:44:58+00:00\",\"dateModified\":\"2025-08-05T13:20:31+00:00\",\"description\":\"Bundestag staff visited Kyiv region and met Ukrainian officials and civil society representatives during a program organized by TDC and LibMod.\",\"breadcrumb\":{\"@id\":\"https:\/\/tdcenter.org\/2024\/01\/26\/staff-members-of-the-german-bundestag-visit-ukraine\/#breadcrumb\"},\"inLanguage\":\"fr-FR\",\"potentialAction\":[{\"@type\":\"ReadAction\",\"target\":[\"https:\/\/tdcenter.org\/2024\/01\/26\/staff-members-of-the-german-bundestag-visit-ukraine\/\"]}]},{\"@type\":\"ImageObject\",\"inLanguage\":\"fr-FR\",\"@id\":\"https:\/\/tdcenter.org\/2024\/01\/26\/staff-members-of-the-german-bundestag-visit-ukraine\/#primaryimage\",\"url\":\"https:\/\/tdcenter.org\/wp-content\/uploads\/2024\/01\/DSC_8060-scaled.jpg\",\"contentUrl\":\"https:\/\/tdcenter.org\/wp-content\/uploads\/2024\/01\/DSC_8060-scaled.jpg\",\"width\":2560,\"height\":1707},{\"@type\":\"BreadcrumbList\",\"@id\":\"https:\/\/tdcenter.org\/2024\/01\/26\/staff-members-of-the-german-bundestag-visit-ukraine\/#breadcrumb\",\"itemListElement\":[{\"@type\":\"ListItem\",\"position\":1,\"name\":\"Home\",\"item\":\"https:\/\/tdcenter.org\/\"},{\"@type\":\"ListItem\",\"position\":2,\"name\":\"Staff members of the German Bundestag visit Ukraine\"}]},{\"@type\":\"WebSite\",\"@id\":\"https:\/\/tdcenter.org\/#website\",\"url\":\"https:\/\/tdcenter.org\/\",\"name\":\"Transatlantic Dialogue Center\",\"description\":\"Promoting International Peace and Security\",\"publisher\":{\"@id\":\"https:\/\/tdcenter.org\/#organization\"},\"potentialAction\":[{\"@type\":\"SearchAction\",\"target\":{\"@type\":\"EntryPoint\",\"urlTemplate\":\"https:\/\/tdcenter.org\/?s={search_term_string}\"},\"query-input\":{\"@type\":\"PropertyValueSpecification\",\"valueRequired\":true,\"valueName\":\"search_term_string\"}}],\"inLanguage\":\"fr-FR\"},{\"@type\":\"Organization\",\"@id\":\"https:\/\/tdcenter.org\/#organization\",\"name\":\"Transatlantic Dialogue Center\",\"url\":\"https:\/\/tdcenter.org\/\",\"logo\":{\"@type\":\"ImageObject\",\"inLanguage\":\"fr-FR\",\"@id\":\"https:\/\/tdcenter.org\/#\/schema\/logo\/image\/\",\"url\":\"https:\/\/tdcenter.org\/wp-content\/uploads\/2022\/04\/google.png\",\"contentUrl\":\"https:\/\/tdcenter.org\/wp-content\/uploads\/2022\/04\/google.png\",\"width\":2568,\"height\":2487,\"caption\":\"Transatlantic Dialogue Center\"},\"image\":{\"@id\":\"https:\/\/tdcenter.org\/#\/schema\/logo\/image\/\"},\"sameAs\":[\"https:\/\/www.facebook.com\/Transatlantic-Dialogue-Center-105645698740463\",\"https:\/\/www.youtube.com\/channel\/UCpJuhU4JBfpv_jsldNOc5LA\"]},{\"@type\":\"Person\",\"@id\":\"https:\/\/tdcenter.org\/#\/schema\/person\/10d9eb6be418ce623b4525c0dedbadfa\",\"name\":\"Stepan Rusyn\",\"image\":{\"@type\":\"ImageObject\",\"inLanguage\":\"fr-FR\",\"@id\":\"https:\/\/tdcenter.org\/#\/schema\/person\/image\/\",\"url\":\"https:\/\/tdcenter.org\/wp-content\/litespeed\/avatar\/933c2b7a4204b3771069324be5fa5a24.jpg?ver=1788348441\",\"contentUrl\":\"https:\/\/tdcenter.org\/wp-content\/litespeed\/avatar\/933c2b7a4204b3771069324be5fa5a24.jpg?ver=1788348441\",\"caption\":\"Stepan Rusyn\"}}]}<\/script>\n<!-- \/ Yoast SEO Premium plugin. -->","yoast_head_json":{"title":"Staff members of the German Bundestag visit Ukraine | TDC","description":"Bundestag staff visited Kyiv region and met Ukrainian officials and civil society representatives during a program organized by TDC and LibMod.","robots":{"index":"index","follow":"follow","max-snippet":"max-snippet:-1","max-image-preview":"max-image-preview:large","max-video-preview":"max-video-preview:-1"},"canonical":"https:\/\/tdcenter.org\/fr\/2024\/01\/26\/staff-members-of-the-german-bundestag-visit-ukraine\/","og_locale":"fr_FR","og_type":"article","og_title":"Staff members of the German Bundestag visit Ukraine","og_description":"Bundestag staff visited Kyiv region and met Ukrainian officials and civil society representatives during a program organized by TDC and LibMod.","og_url":"https:\/\/tdcenter.org\/fr\/2024\/01\/26\/staff-members-of-the-german-bundestag-visit-ukraine\/","og_site_name":"Transatlantic Dialogue Center","article_publisher":"https:\/\/www.facebook.com\/Transatlantic-Dialogue-Center-105645698740463","article_published_time":"2024-01-26T09:44:58+00:00","article_modified_time":"2025-08-05T13:20:31+00:00","og_image":[{"width":2560,"height":1707,"url":"https:\/\/tdcenter.org\/wp-content\/uploads\/2024\/01\/DSC_8060-scaled.jpg","type":"image\/jpeg"}],"author":"Stepan Rusyn","twitter_card":"summary_large_image","twitter_title":"Staff members of the German Bundestag visit Ukraine","twitter_description":"Bundestag staff visited Kyiv region and met Ukrainian officials and civil society representatives during a program organized by TDC and LibMod.","twitter_misc":{"Written by":"Stepan Rusyn","Est. reading time":"5 minutes"},"schema":{"@context":"https:\/\/schema.org","@graph":[{"@type":"Article","@id":"https:\/\/tdcenter.org\/2024\/01\/26\/staff-members-of-the-german-bundestag-visit-ukraine\/#article","isPartOf":{"@id":"https:\/\/tdcenter.org\/2024\/01\/26\/staff-members-of-the-german-bundestag-visit-ukraine\/"},"author":{"name":"Stepan Rusyn","@id":"https:\/\/tdcenter.org\/#\/schema\/person\/10d9eb6be418ce623b4525c0dedbadfa"},"headline":"Staff members of the German Bundestag visit Ukraine","datePublished":"2024-01-26T09:44:58+00:00","dateModified":"2025-08-05T13:20:31+00:00","mainEntityOfPage":{"@id":"https:\/\/tdcenter.org\/2024\/01\/26\/staff-members-of-the-german-bundestag-visit-ukraine\/"},"wordCount":746,"commentCount":0,"publisher":{"@id":"https:\/\/tdcenter.org\/#organization"},"image":{"@id":"https:\/\/tdcenter.org\/2024\/01\/26\/staff-members-of-the-german-bundestag-visit-ukraine\/#primaryimage"},"thumbnailUrl":"https:\/\/tdcenter.org\/wp-content\/uploads\/2024\/01\/DSC_8060-scaled.jpg","articleSection":["Events","Events-German-Ukrainian Partnership Program"],"inLanguage":"fr-FR","potentialAction":[{"@type":"CommentAction","name":"Comment","target":["https:\/\/tdcenter.org\/2024\/01\/26\/staff-members-of-the-german-bundestag-visit-ukraine\/#respond"]}]},{"@type":"WebPage","@id":"https:\/\/tdcenter.org\/2024\/01\/26\/staff-members-of-the-german-bundestag-visit-ukraine\/","url":"https:\/\/tdcenter.org\/2024\/01\/26\/staff-members-of-the-german-bundestag-visit-ukraine\/","name":"Staff members of the German Bundestag visit Ukraine | TDC","isPartOf":{"@id":"https:\/\/tdcenter.org\/#website"},"primaryImageOfPage":{"@id":"https:\/\/tdcenter.org\/2024\/01\/26\/staff-members-of-the-german-bundestag-visit-ukraine\/#primaryimage"},"image":{"@id":"https:\/\/tdcenter.org\/2024\/01\/26\/staff-members-of-the-german-bundestag-visit-ukraine\/#primaryimage"},"thumbnailUrl":"https:\/\/tdcenter.org\/wp-content\/uploads\/2024\/01\/DSC_8060-scaled.jpg","datePublished":"2024-01-26T09:44:58+00:00","dateModified":"2025-08-05T13:20:31+00:00","description":"Bundestag staff visited Kyiv region and met Ukrainian officials and civil society representatives during a program organized by TDC and LibMod.","breadcrumb":{"@id":"https:\/\/tdcenter.org\/2024\/01\/26\/staff-members-of-the-german-bundestag-visit-ukraine\/#breadcrumb"},"inLanguage":"fr-FR","potentialAction":[{"@type":"ReadAction","target":["https:\/\/tdcenter.org\/2024\/01\/26\/staff-members-of-the-german-bundestag-visit-ukraine\/"]}]},{"@type":"ImageObject","inLanguage":"fr-FR","@id":"https:\/\/tdcenter.org\/2024\/01\/26\/staff-members-of-the-german-bundestag-visit-ukraine\/#primaryimage","url":"https:\/\/tdcenter.org\/wp-content\/uploads\/2024\/01\/DSC_8060-scaled.jpg","contentUrl":"https:\/\/tdcenter.org\/wp-content\/uploads\/2024\/01\/DSC_8060-scaled.jpg","width":2560,"height":1707},{"@type":"BreadcrumbList","@id":"https:\/\/tdcenter.org\/2024\/01\/26\/staff-members-of-the-german-bundestag-visit-ukraine\/#breadcrumb","itemListElement":[{"@type":"ListItem","position":1,"name":"Home","item":"https:\/\/tdcenter.org\/"},{"@type":"ListItem","position":2,"name":"Staff members of the German Bundestag visit Ukraine"}]},{"@type":"WebSite","@id":"https:\/\/tdcenter.org\/#website","url":"https:\/\/tdcenter.org\/","name":"Transatlantic Dialogue Center","description":"Promoting International Peace and Security","publisher":{"@id":"https:\/\/tdcenter.org\/#organization"},"potentialAction":[{"@type":"SearchAction","target":{"@type":"EntryPoint","urlTemplate":"https:\/\/tdcenter.org\/?s={search_term_string}"},"query-input":{"@type":"PropertyValueSpecification","valueRequired":true,"valueName":"search_term_string"}}],"inLanguage":"fr-FR"},{"@type":"Organization","@id":"https:\/\/tdcenter.org\/#organization","name":"Transatlantic Dialogue Center","url":"https:\/\/tdcenter.org\/","logo":{"@type":"ImageObject","inLanguage":"fr-FR","@id":"https:\/\/tdcenter.org\/#\/schema\/logo\/image\/","url":"https:\/\/tdcenter.org\/wp-content\/uploads\/2022\/04\/google.png","contentUrl":"https:\/\/tdcenter.org\/wp-content\/uploads\/2022\/04\/google.png","width":2568,"height":2487,"caption":"Transatlantic Dialogue Center"},"image":{"@id":"https:\/\/tdcenter.org\/#\/schema\/logo\/image\/"},"sameAs":["https:\/\/www.facebook.com\/Transatlantic-Dialogue-Center-105645698740463","https:\/\/www.youtube.com\/channel\/UCpJuhU4JBfpv_jsldNOc5LA"]},{"@type":"Person","@id":"https:\/\/tdcenter.org\/#\/schema\/person\/10d9eb6be418ce623b4525c0dedbadfa","name":"Stepan Rusyn","image":{"@type":"ImageObject","inLanguage":"fr-FR","@id":"https:\/\/tdcenter.org\/#\/schema\/person\/image\/","url":"https:\/\/tdcenter.org\/wp-content\/litespeed\/avatar\/933c2b7a4204b3771069324be5fa5a24.jpg?ver=1788348441","contentUrl":"https:\/\/tdcenter.org\/wp-content\/litespeed\/avatar\/933c2b7a4204b3771069324be5fa5a24.jpg?ver=1788348441","caption":"Stepan Rusyn"}}]}},"mfb_rest_fields":["title","yoast_head","yoast_head_json","gutenberg_elementor_mode"],"_links":{"self":[{"href":"https:\/\/tdcenter.org\/fr\/wp-json\/wp\/v2\/posts\/22026","targetHints":{"allow":["GET"]}}],"collection":[{"href":"https:\/\/tdcenter.org\/fr\/wp-json\/wp\/v2\/posts"}],"about":[{"href":"https:\/\/tdcenter.org\/fr\/wp-json\/wp\/v2\/types\/post"}],"author":[{"embeddable":true,"href":"https:\/\/tdcenter.org\/fr\/wp-json\/wp\/v2\/users\/10"}],"replies":[{"embeddable":true,"href":"https:\/\/tdcenter.org\/fr\/wp-json\/wp\/v2\/comments?post=22026"}],"version-history":[{"count":1,"href":"https:\/\/tdcenter.org\/fr\/wp-json\/wp\/v2\/posts\/22026\/revisions"}],"predecessor-version":[{"id":31053,"href":"https:\/\/tdcenter.org\/fr\/wp-json\/wp\/v2\/posts\/22026\/revisions\/31053"}],"wp:featuredmedia":[{"embeddable":true,"href":"https:\/\/tdcenter.org\/fr\/wp-json\/wp\/v2\/media\/22032"}],"wp:attachment":[{"href":"https:\/\/tdcenter.org\/fr\/wp-json\/wp\/v2\/media?parent=22026"}],"wp:term":[{"taxonomy":"category","embeddable":true,"href":"https:\/\/tdcenter.org\/fr\/wp-json\/wp\/v2\/categories?post=22026"},{"taxonomy":"post_tag","embeddable":true,"href":"https:\/\/tdcenter.org\/fr\/wp-json\/wp\/v2\/tags?post=22026"},{"taxonomy":"topic","embeddable":true,"href":"https:\/\/tdcenter.org\/fr\/wp-json\/wp\/v2\/topic?post=22026"}],"curies":[{"name":"wp","href":"https:\/\/api.w.org\/{rel}","templated":true}]}}