{"id":18797,"date":"2023-08-18T17:13:15","date_gmt":"2023-08-18T14:13:15","guid":{"rendered":"https:\/\/tdcenter.org\/?p=18797"},"modified":"2025-08-05T21:11:24","modified_gmt":"2025-08-05T18:11:24","slug":"tdc-and-latin-american-media-visited-kharkiv-region","status":"publish","type":"post","link":"https:\/\/tdcenter.org\/fr\/2023\/08\/18\/tdc-and-latin-american-media-visited-kharkiv-region\/","title":{"rendered":"Le TDC et des m\u00e9dias latino-am\u00e9ricains ont visit\u00e9 la r\u00e9gion de Kharkiv"},"content":{"rendered":"<p class=\"wp-block-paragraph\">Avec l\u2019appui du TDC, une d\u00e9l\u00e9gation de journalistes latino-am\u00e9ricains a visit\u00e9 la r\u00e9gion de Kharkiv, soumise aux attaques russes constantes depuis le premier jour de l\u2019invasion \u00e0 grande \u00e9chelle de l\u2019Ukraine par la Russie. En coop\u00e9ration avec le Kharkiv Media Hub, ils ont pu visiter non seulement la ville de Kharkiv, mais aussi des villes d\u00e9soccup\u00e9es de la r\u00e9gion, telles qu\u2019Izium et Koupiansk, qui ont connu toutes les horreurs des actions militaires russes.<\/p>\n\n\n\n<div class=\"wp-block-columns is-layout-flex wp-container-core-columns-is-layout-7387b849 wp-block-columns-is-layout-flex\">\n<div class=\"wp-block-column is-layout-flow wp-block-column-is-layout-flow\"><div class=\"wp-block-image\">\n<figure class=\"aligncenter size-large is-resized\"><img fetchpriority=\"high\" decoding=\"async\" src=\"https:\/\/tdcenter.org\/wp-content\/uploads\/2023\/08\/photo_2023-08-18_14-52-53-1024x768.jpg\" alt=\"\" class=\"wp-image-18799\" style=\"width:462px;height:347px\" width=\"462\" height=\"347\" srcset=\"https:\/\/tdcenter.org\/wp-content\/uploads\/2023\/08\/photo_2023-08-18_14-52-53-1024x768.jpg 1024w, https:\/\/tdcenter.org\/wp-content\/uploads\/2023\/08\/photo_2023-08-18_14-52-53-600x450.jpg 600w, https:\/\/tdcenter.org\/wp-content\/uploads\/2023\/08\/photo_2023-08-18_14-52-53-768x576.jpg 768w, https:\/\/tdcenter.org\/wp-content\/uploads\/2023\/08\/photo_2023-08-18_14-52-53-16x12.jpg 16w, https:\/\/tdcenter.org\/wp-content\/uploads\/2023\/08\/photo_2023-08-18_14-52-53.jpg 1280w\" sizes=\"(max-width: 462px) 100vw, 462px\" \/><\/figure>\n<\/div><\/div>\n\n\n\n<div class=\"wp-block-column is-layout-flow wp-block-column-is-layout-flow\"><div class=\"wp-block-image\">\n<figure class=\"aligncenter size-full is-resized\"><img decoding=\"async\" src=\"https:\/\/tdcenter.org\/wp-content\/uploads\/2023\/08\/367957675_2165707863638631_6259804723389641755_n.jpg\" alt=\"\" class=\"wp-image-18800\" style=\"width:518px;height:347px\" width=\"518\" height=\"347\" srcset=\"https:\/\/tdcenter.org\/wp-content\/uploads\/2023\/08\/367957675_2165707863638631_6259804723389641755_n.jpg 687w, https:\/\/tdcenter.org\/wp-content\/uploads\/2023\/08\/367957675_2165707863638631_6259804723389641755_n-600x403.jpg 600w, https:\/\/tdcenter.org\/wp-content\/uploads\/2023\/08\/367957675_2165707863638631_6259804723389641755_n-18x12.jpg 18w\" sizes=\"(max-width: 518px) 100vw, 518px\" \/><\/figure>\n<\/div><\/div>\n<\/div>\n\n\n\n<p class=\"wp-block-paragraph\">\u00c0 Izium, les journalistes latino-am\u00e9ricains ont constat\u00e9 l\u2019\u00e9tat de la ville apr\u00e8s l\u2019occupation : 80 % des immeubles \u00e0 \u00e9tages avaient \u00e9t\u00e9 d\u00e9truits. Ils ont visit\u00e9 des chambres de torture o\u00f9 des personnes \u00e9taient d\u00e9tenues, parl\u00e9 \u00e0 des victimes de torture russe et vu des fosses communes de civils et militaires ukrainiens. Tymur Tertyshnyi, chef du d\u00e9partement des enqu\u00eates de la police d\u2019Izium et de son district, a indiqu\u00e9 que 449 personnes avaient \u00e9t\u00e9 retrouv\u00e9es dans l\u2019une de ces fosses communes. Mais, selon des estimations approximatives, environ un millier de personnes sont mortes \u00e0 Izioum pendant l\u2019occupation.<\/p>\n\n\n<div class=\"wp-block-image\">\n<figure class=\"aligncenter size-large is-resized\"><img decoding=\"async\" src=\"https:\/\/tdcenter.org\/wp-content\/uploads\/2023\/08\/Brown-Autumn-Photo-Collage-1024x688.png\" alt=\"\" class=\"wp-image-18829\" style=\"width:850px;height:571px\" width=\"850\" height=\"571\" srcset=\"https:\/\/tdcenter.org\/wp-content\/uploads\/2023\/08\/Brown-Autumn-Photo-Collage-1024x688.png 1024w, https:\/\/tdcenter.org\/wp-content\/uploads\/2023\/08\/Brown-Autumn-Photo-Collage-600x403.png 600w, https:\/\/tdcenter.org\/wp-content\/uploads\/2023\/08\/Brown-Autumn-Photo-Collage-768x516.png 768w, https:\/\/tdcenter.org\/wp-content\/uploads\/2023\/08\/Brown-Autumn-Photo-Collage-1536x1032.png 1536w, https:\/\/tdcenter.org\/wp-content\/uploads\/2023\/08\/Brown-Autumn-Photo-Collage-18x12.png 18w, https:\/\/tdcenter.org\/wp-content\/uploads\/2023\/08\/Brown-Autumn-Photo-Collage.png 2000w\" sizes=\"(max-width: 850px) 100vw, 850px\" \/><\/figure>\n<\/div>\n\n\n<p class=\"wp-block-paragraph\">Les repr\u00e9sentants des m\u00e9dias latino-am\u00e9ricains ont \u00e9galement eu l\u2019occasion de rencontrer en personne le maire adjoint d\u2019Izium, Volodymyr Matsokin. M. Matsokin leur a d\u00e9crit l\u2019\u00e9tat de la ville apr\u00e8s sa lib\u00e9ration des occupants russes et la fa\u00e7on dont elle vit aujourd\u2019hui.<\/p>\n\n\n\n<div class=\"wp-block-columns is-layout-flex wp-container-core-columns-is-layout-7387b849 wp-block-columns-is-layout-flex\">\n<div class=\"wp-block-column is-layout-flow wp-block-column-is-layout-flow\">\n<figure class=\"wp-block-image size-full is-resized\"><img loading=\"lazy\" decoding=\"async\" src=\"https:\/\/tdcenter.org\/wp-content\/uploads\/2023\/08\/photo_2023-08-18_14-48-42.jpg\" alt=\"\" class=\"wp-image-18805\" style=\"width:456px;height:304px\" width=\"456\" height=\"304\" srcset=\"https:\/\/tdcenter.org\/wp-content\/uploads\/2023\/08\/photo_2023-08-18_14-48-42.jpg 1024w, https:\/\/tdcenter.org\/wp-content\/uploads\/2023\/08\/photo_2023-08-18_14-48-42-600x400.jpg 600w, https:\/\/tdcenter.org\/wp-content\/uploads\/2023\/08\/photo_2023-08-18_14-48-42-768x512.jpg 768w, https:\/\/tdcenter.org\/wp-content\/uploads\/2023\/08\/photo_2023-08-18_14-48-42-18x12.jpg 18w\" sizes=\"(max-width: 456px) 100vw, 456px\" \/><\/figure>\n<\/div>\n\n\n\n<div class=\"wp-block-column is-layout-flow wp-block-column-is-layout-flow\">\n<figure class=\"wp-block-image size-full is-resized\"><img loading=\"lazy\" decoding=\"async\" src=\"https:\/\/tdcenter.org\/wp-content\/uploads\/2023\/08\/photo_2023-08-18_14-57-04.jpg\" alt=\"\" class=\"wp-image-18806\" style=\"width:456px;height:304px\" width=\"456\" height=\"304\" srcset=\"https:\/\/tdcenter.org\/wp-content\/uploads\/2023\/08\/photo_2023-08-18_14-57-04.jpg 1024w, https:\/\/tdcenter.org\/wp-content\/uploads\/2023\/08\/photo_2023-08-18_14-57-04-600x400.jpg 600w, https:\/\/tdcenter.org\/wp-content\/uploads\/2023\/08\/photo_2023-08-18_14-57-04-768x512.jpg 768w, https:\/\/tdcenter.org\/wp-content\/uploads\/2023\/08\/photo_2023-08-18_14-57-04-18x12.jpg 18w\" sizes=\"(max-width: 456px) 100vw, 456px\" \/><\/figure>\n<\/div>\n<\/div>\n\n\n\n<p class=\"wp-block-paragraph\">Les journalistes se sont aussi rendus vers Koupiansk et dans la zone frontali\u00e8re avec la Russie, o\u00f9 ils ont visit\u00e9 des positions militaires et \u00e9chang\u00e9 avec des militaires ukrainiens. Ils ont rencontr\u00e9 l\u2019\u00e9quipe ukrainienne qui d\u00e9veloppe un drone de d\u00e9minage, des op\u00e9rateurs de reconnaissance a\u00e9rienne et de drones, et visit\u00e9 le Centre d\u2019innovation m\u00e9dico-l\u00e9gale intelligenTrident. <\/p>\n\n\n\n<div class=\"wp-block-columns is-layout-flex wp-container-core-columns-is-layout-7387b849 wp-block-columns-is-layout-flex\">\n<div class=\"wp-block-column is-layout-flow wp-block-column-is-layout-flow\">\n<figure class=\"wp-block-image size-large is-resized\"><img loading=\"lazy\" decoding=\"async\" src=\"https:\/\/tdcenter.org\/wp-content\/uploads\/2023\/08\/photo_2023-08-18_14-50-52-1-1024x768.jpg\" alt=\"\" class=\"wp-image-18833\" style=\"width:272px;height:204px\" width=\"272\" height=\"204\" srcset=\"https:\/\/tdcenter.org\/wp-content\/uploads\/2023\/08\/photo_2023-08-18_14-50-52-1-1024x768.jpg 1024w, https:\/\/tdcenter.org\/wp-content\/uploads\/2023\/08\/photo_2023-08-18_14-50-52-1-600x450.jpg 600w, https:\/\/tdcenter.org\/wp-content\/uploads\/2023\/08\/photo_2023-08-18_14-50-52-1-768x576.jpg 768w, https:\/\/tdcenter.org\/wp-content\/uploads\/2023\/08\/photo_2023-08-18_14-50-52-1-16x12.jpg 16w, https:\/\/tdcenter.org\/wp-content\/uploads\/2023\/08\/photo_2023-08-18_14-50-52-1.jpg 1280w\" sizes=\"(max-width: 272px) 100vw, 272px\" \/><\/figure>\n<\/div>\n\n\n\n<div class=\"wp-block-column is-layout-flow wp-block-column-is-layout-flow\">\n<figure class=\"wp-block-image size-full is-resized\"><img loading=\"lazy\" decoding=\"async\" src=\"https:\/\/tdcenter.org\/wp-content\/uploads\/2023\/08\/photo_2023-08-18_14-48-50-1.jpg\" alt=\"\" class=\"wp-image-18834\" style=\"width:304px;height:203px\" width=\"304\" height=\"203\" srcset=\"https:\/\/tdcenter.org\/wp-content\/uploads\/2023\/08\/photo_2023-08-18_14-48-50-1.jpg 1024w, https:\/\/tdcenter.org\/wp-content\/uploads\/2023\/08\/photo_2023-08-18_14-48-50-1-600x400.jpg 600w, https:\/\/tdcenter.org\/wp-content\/uploads\/2023\/08\/photo_2023-08-18_14-48-50-1-768x512.jpg 768w, https:\/\/tdcenter.org\/wp-content\/uploads\/2023\/08\/photo_2023-08-18_14-48-50-1-18x12.jpg 18w\" sizes=\"(max-width: 304px) 100vw, 304px\" \/><\/figure>\n<\/div>\n\n\n\n<div class=\"wp-block-column is-layout-flow wp-block-column-is-layout-flow\">\n<figure class=\"wp-block-image size-full is-resized\"><img loading=\"lazy\" decoding=\"async\" src=\"https:\/\/tdcenter.org\/wp-content\/uploads\/2023\/08\/photo_2023-08-18_14-48-44.jpg\" alt=\"\" class=\"wp-image-18835\" style=\"width:300px;height:200px\" width=\"300\" height=\"200\" srcset=\"https:\/\/tdcenter.org\/wp-content\/uploads\/2023\/08\/photo_2023-08-18_14-48-44.jpg 1024w, https:\/\/tdcenter.org\/wp-content\/uploads\/2023\/08\/photo_2023-08-18_14-48-44-600x400.jpg 600w, https:\/\/tdcenter.org\/wp-content\/uploads\/2023\/08\/photo_2023-08-18_14-48-44-768x512.jpg 768w, https:\/\/tdcenter.org\/wp-content\/uploads\/2023\/08\/photo_2023-08-18_14-48-44-18x12.jpg 18w\" sizes=\"(max-width: 300px) 100vw, 300px\" \/><\/figure>\n<\/div>\n<\/div>\n\n\n\n<p class=\"wp-block-paragraph\">Vasyl Bilous, repr\u00e9sentant du Centre d\u2019innovation m\u00e9dico-l\u00e9gale intelligenTrident, a pr\u00e9sent\u00e9 les caract\u00e9ristiques et r\u00e9sultats du travail du centre. Les vid\u00e9os et photos fournies par le Centre font d\u00e9j\u00e0 partie des \u00e9l\u00e9ments de preuve pour de futurs proc\u00e8s contre des militaires russes et de hauts responsables militaires.<\/p>\n\n\n<div class=\"wp-block-image\">\n<figure class=\"aligncenter size-large is-resized\"><img loading=\"lazy\" decoding=\"async\" src=\"https:\/\/tdcenter.org\/wp-content\/uploads\/2023\/08\/photo_2023-08-18_14-50-53-1024x768.jpg\" alt=\"\" class=\"wp-image-18810\" style=\"width:596px;height:447px\" width=\"596\" height=\"447\" srcset=\"https:\/\/tdcenter.org\/wp-content\/uploads\/2023\/08\/photo_2023-08-18_14-50-53-1024x768.jpg 1024w, https:\/\/tdcenter.org\/wp-content\/uploads\/2023\/08\/photo_2023-08-18_14-50-53-600x450.jpg 600w, https:\/\/tdcenter.org\/wp-content\/uploads\/2023\/08\/photo_2023-08-18_14-50-53-768x576.jpg 768w, https:\/\/tdcenter.org\/wp-content\/uploads\/2023\/08\/photo_2023-08-18_14-50-53-16x12.jpg 16w, https:\/\/tdcenter.org\/wp-content\/uploads\/2023\/08\/photo_2023-08-18_14-50-53.jpg 1280w\" sizes=\"(max-width: 596px) 100vw, 596px\" \/><\/figure>\n<\/div>\n\n\n<p class=\"wp-block-paragraph\">Comme indiqu\u00e9, Saltivka Nord est consid\u00e9r\u00e9e comme l\u2019un des quartiers les plus touch\u00e9s de Kharkiv ; les journalistes s\u2019y sont rendus personnellement. Cette zone r\u00e9sidentielle a \u00e9t\u00e9 bombard\u00e9e sans interruption par les Russes pendant plusieurs mois, ne laissant aucun b\u00e2timent intact.<\/p>\n\n\n\n<div class=\"wp-block-columns is-layout-flex wp-container-core-columns-is-layout-7387b849 wp-block-columns-is-layout-flex\">\n<div class=\"wp-block-column is-layout-flow wp-block-column-is-layout-flow\">\n<figure class=\"wp-block-image size-large\"><img loading=\"lazy\" decoding=\"async\" width=\"768\" height=\"1024\" src=\"https:\/\/tdcenter.org\/wp-content\/uploads\/2023\/08\/photo_2023-08-18_14-49-33-1-768x1024.jpg\" alt=\"\" class=\"wp-image-18823\" srcset=\"https:\/\/tdcenter.org\/wp-content\/uploads\/2023\/08\/photo_2023-08-18_14-49-33-1-768x1024.jpg 768w, https:\/\/tdcenter.org\/wp-content\/uploads\/2023\/08\/photo_2023-08-18_14-49-33-1-450x600.jpg 450w, https:\/\/tdcenter.org\/wp-content\/uploads\/2023\/08\/photo_2023-08-18_14-49-33-1-9x12.jpg 9w, https:\/\/tdcenter.org\/wp-content\/uploads\/2023\/08\/photo_2023-08-18_14-49-33-1.jpg 960w\" sizes=\"(max-width: 768px) 100vw, 768px\" \/><\/figure>\n<\/div>\n\n\n\n<div class=\"wp-block-column is-layout-flow wp-block-column-is-layout-flow\">\n<figure class=\"wp-block-image size-large\"><img loading=\"lazy\" decoding=\"async\" width=\"768\" height=\"1024\" src=\"https:\/\/tdcenter.org\/wp-content\/uploads\/2023\/08\/photo_2023-08-18_14-49-34-1-768x1024.jpg\" alt=\"\" class=\"wp-image-18824\" srcset=\"https:\/\/tdcenter.org\/wp-content\/uploads\/2023\/08\/photo_2023-08-18_14-49-34-1-768x1024.jpg 768w, https:\/\/tdcenter.org\/wp-content\/uploads\/2023\/08\/photo_2023-08-18_14-49-34-1-450x600.jpg 450w, https:\/\/tdcenter.org\/wp-content\/uploads\/2023\/08\/photo_2023-08-18_14-49-34-1-9x12.jpg 9w, https:\/\/tdcenter.org\/wp-content\/uploads\/2023\/08\/photo_2023-08-18_14-49-34-1.jpg 960w\" sizes=\"(max-width: 768px) 100vw, 768px\" \/><\/figure>\n<\/div>\n\n\n\n<div class=\"wp-block-column is-layout-flow wp-block-column-is-layout-flow\">\n<figure class=\"wp-block-image size-large\"><img loading=\"lazy\" decoding=\"async\" width=\"768\" height=\"1024\" src=\"https:\/\/tdcenter.org\/wp-content\/uploads\/2023\/08\/photo_2023-08-18_15-00-03-768x1024.jpg\" alt=\"\" class=\"wp-image-18825\" srcset=\"https:\/\/tdcenter.org\/wp-content\/uploads\/2023\/08\/photo_2023-08-18_15-00-03-768x1024.jpg 768w, https:\/\/tdcenter.org\/wp-content\/uploads\/2023\/08\/photo_2023-08-18_15-00-03-450x600.jpg 450w, https:\/\/tdcenter.org\/wp-content\/uploads\/2023\/08\/photo_2023-08-18_15-00-03-9x12.jpg 9w, https:\/\/tdcenter.org\/wp-content\/uploads\/2023\/08\/photo_2023-08-18_15-00-03.jpg 960w\" sizes=\"(max-width: 768px) 100vw, 768px\" \/><\/figure>\n<\/div>\n<\/div>\n\n\n\n<p class=\"wp-block-paragraph\">Ils ont \u00e9galement visit\u00e9 le cimeti\u00e8re de missiles de Kharkiv, un site de stockage temporaire des restes neutralis\u00e9s de munitions russes. Selon Dmytro Choubenko, porte-parole du parquet r\u00e9gional de Kharkiv, les fragments de bombes et d\u2019obus recueillis serviront de preuves des crimes de guerre commis par des militaires russes.<\/p>\n\n\n<div class=\"wp-block-image\">\n<figure class=\"alignleft size-full is-resized\"><img loading=\"lazy\" decoding=\"async\" src=\"https:\/\/tdcenter.org\/wp-content\/uploads\/2023\/08\/image-30.png\" alt=\"\" class=\"wp-image-18827\" style=\"width:404px;height:269px\" width=\"404\" height=\"269\" srcset=\"https:\/\/tdcenter.org\/wp-content\/uploads\/2023\/08\/image-30.png 1024w, https:\/\/tdcenter.org\/wp-content\/uploads\/2023\/08\/image-30-600x400.png 600w, https:\/\/tdcenter.org\/wp-content\/uploads\/2023\/08\/image-30-768x512.png 768w, https:\/\/tdcenter.org\/wp-content\/uploads\/2023\/08\/image-30-18x12.png 18w\" sizes=\"(max-width: 404px) 100vw, 404px\" \/><\/figure>\n<\/div>\n\n\n<p class=\"wp-block-paragraph\">Le Kharkiv Media Hub a accueilli une rencontre avec Mamuka Mamulashvili, commandant de la L\u00e9gion nationale g\u00e9orgienne, qui combat les Russes depuis 30 ans. \u00c0 14 ans, il a d\u00e9fendu avec son p\u00e8re l\u2019int\u00e9grit\u00e9 de la G\u00e9orgie, avant d\u2019\u00eatre fait prisonnier par la Russie, o\u00f9 il a compris qu\u2019il devait poursuivre la lutte contre les ambitions agressives russes. Mamuka a parl\u00e9 de la cr\u00e9ation de la L\u00e9gion nationale g\u00e9orgienne, de ses objectifs et principes, de sa composition et des sp\u00e9cificit\u00e9s de ses activit\u00e9s.<\/p>\n\n\n\n<p class=\"wp-block-paragraph\">TDC met en \u0153uvre le projet avec le soutien de la&nbsp;<em><a href=\"https:\/\/www.irf.ua\/en\/\">Fondation internationale Renaissance<\/a>.<\/em><\/p>","protected":false},"excerpt":{"rendered":"<p>With the organization of TDC, a delegation of Latin American journalists visited the Kharkiv region, which has been under constant Russian attack since the first day of Russia&#8217;s full-scale invasion of Ukraine. In cooperation with Kharkiv Media Hub, they managed to visit not only Kharkiv city, but also such de-occupied cities of Kharkiv region as [&hellip;]<\/p>\n","protected":false},"author":8,"featured_media":18799,"comment_status":"open","ping_status":"open","sticky":false,"template":"","format":"standard","meta":{"footnotes":""},"categories":[25,104],"tags":[],"topic":[],"class_list":["post-18797","post","type-post","status-publish","format-standard","has-post-thumbnail","hentry","category-events","category-spain-and-latin-america-cooperation-program-events"],"mb":[],"yoast_head":"<!-- This site is optimized with the Yoast SEO Premium plugin v25.6 (Yoast SEO v25.6) - https:\/\/yoast.com\/wordpress\/plugins\/seo\/ -->\n<title>TDC and Latin American media visited Kharkiv region<\/title>\n<meta name=\"description\" content=\"Latin American journalists visited Kharkiv, Izium and Kupiansk to witness destruction, torture sites and other consequences of Russian occupation.\" \/>\n<meta name=\"robots\" content=\"index, follow, max-snippet:-1, max-image-preview:large, max-video-preview:-1\" \/>\n<link rel=\"canonical\" href=\"https:\/\/tdcenter.org\/fr\/2023\/08\/18\/tdc-and-latin-american-media-visited-kharkiv-region\/\" \/>\n<meta property=\"og:locale\" content=\"fr_FR\" \/>\n<meta property=\"og:type\" content=\"article\" \/>\n<meta property=\"og:title\" content=\"TDC and Latin American media visited Kharkiv region\" \/>\n<meta property=\"og:description\" content=\"Latin American journalists visited Kharkiv, Izium and Kupiansk to witness destruction, torture sites and other consequences of Russian occupation.\" \/>\n<meta property=\"og:url\" content=\"https:\/\/tdcenter.org\/fr\/2023\/08\/18\/tdc-and-latin-american-media-visited-kharkiv-region\/\" \/>\n<meta property=\"og:site_name\" content=\"Transatlantic Dialogue Center\" \/>\n<meta property=\"article:publisher\" content=\"https:\/\/www.facebook.com\/Transatlantic-Dialogue-Center-105645698740463\" \/>\n<meta property=\"article:published_time\" content=\"2023-08-18T14:13:15+00:00\" \/>\n<meta property=\"article:modified_time\" content=\"2025-08-05T18:11:24+00:00\" \/>\n<meta property=\"og:image\" content=\"https:\/\/tdcenter.org\/wp-content\/uploads\/2023\/08\/photo_2023-08-18_14-52-53.jpg\" \/>\n\t<meta property=\"og:image:width\" content=\"1280\" \/>\n\t<meta property=\"og:image:height\" content=\"960\" \/>\n\t<meta property=\"og:image:type\" content=\"image\/jpeg\" \/>\n<meta name=\"author\" content=\"Alina Rohach\" \/>\n<meta name=\"twitter:card\" content=\"summary_large_image\" \/>\n<meta name=\"twitter:title\" content=\"TDC and Latin American media visited Kharkiv region\" \/>\n<meta name=\"twitter:description\" content=\"Latin American journalists visited Kharkiv, Izium and Kupiansk to witness destruction, torture sites and other consequences of Russian occupation.\" \/>\n<meta name=\"twitter:label1\" content=\"Written by\" \/>\n\t<meta name=\"twitter:data1\" content=\"Alina Rohach\" \/>\n\t<meta name=\"twitter:label2\" content=\"Est. reading time\" \/>\n\t<meta name=\"twitter:data2\" content=\"5 minutes\" \/>\n<script type=\"application\/ld+json\" class=\"yoast-schema-graph\">{\"@context\":\"https:\/\/schema.org\",\"@graph\":[{\"@type\":\"Article\",\"@id\":\"https:\/\/tdcenter.org\/2023\/08\/18\/tdc-and-latin-american-media-visited-kharkiv-region\/#article\",\"isPartOf\":{\"@id\":\"https:\/\/tdcenter.org\/2023\/08\/18\/tdc-and-latin-american-media-visited-kharkiv-region\/\"},\"author\":{\"name\":\"Alina Rohach\",\"@id\":\"https:\/\/tdcenter.org\/#\/schema\/person\/2b76b794dbb8257325dc72d4fdee35ec\"},\"headline\":\"TDC and Latin American media visited Kharkiv region\",\"datePublished\":\"2023-08-18T14:13:15+00:00\",\"dateModified\":\"2025-08-05T18:11:24+00:00\",\"mainEntityOfPage\":{\"@id\":\"https:\/\/tdcenter.org\/2023\/08\/18\/tdc-and-latin-american-media-visited-kharkiv-region\/\"},\"wordCount\":493,\"commentCount\":0,\"publisher\":{\"@id\":\"https:\/\/tdcenter.org\/#organization\"},\"image\":{\"@id\":\"https:\/\/tdcenter.org\/2023\/08\/18\/tdc-and-latin-american-media-visited-kharkiv-region\/#primaryimage\"},\"thumbnailUrl\":\"https:\/\/tdcenter.org\/wp-content\/uploads\/2023\/08\/photo_2023-08-18_14-52-53.jpg\",\"articleSection\":[\"Events\",\"Events-Spain and Latin America Cooperation Program\"],\"inLanguage\":\"fr-FR\",\"potentialAction\":[{\"@type\":\"CommentAction\",\"name\":\"Comment\",\"target\":[\"https:\/\/tdcenter.org\/2023\/08\/18\/tdc-and-latin-american-media-visited-kharkiv-region\/#respond\"]}]},{\"@type\":\"WebPage\",\"@id\":\"https:\/\/tdcenter.org\/2023\/08\/18\/tdc-and-latin-american-media-visited-kharkiv-region\/\",\"url\":\"https:\/\/tdcenter.org\/2023\/08\/18\/tdc-and-latin-american-media-visited-kharkiv-region\/\",\"name\":\"TDC and Latin American media visited Kharkiv region\",\"isPartOf\":{\"@id\":\"https:\/\/tdcenter.org\/#website\"},\"primaryImageOfPage\":{\"@id\":\"https:\/\/tdcenter.org\/2023\/08\/18\/tdc-and-latin-american-media-visited-kharkiv-region\/#primaryimage\"},\"image\":{\"@id\":\"https:\/\/tdcenter.org\/2023\/08\/18\/tdc-and-latin-american-media-visited-kharkiv-region\/#primaryimage\"},\"thumbnailUrl\":\"https:\/\/tdcenter.org\/wp-content\/uploads\/2023\/08\/photo_2023-08-18_14-52-53.jpg\",\"datePublished\":\"2023-08-18T14:13:15+00:00\",\"dateModified\":\"2025-08-05T18:11:24+00:00\",\"description\":\"Latin American journalists visited Kharkiv, Izium and Kupiansk to witness destruction, torture sites and other consequences of Russian occupation.\",\"breadcrumb\":{\"@id\":\"https:\/\/tdcenter.org\/2023\/08\/18\/tdc-and-latin-american-media-visited-kharkiv-region\/#breadcrumb\"},\"inLanguage\":\"fr-FR\",\"potentialAction\":[{\"@type\":\"ReadAction\",\"target\":[\"https:\/\/tdcenter.org\/2023\/08\/18\/tdc-and-latin-american-media-visited-kharkiv-region\/\"]}]},{\"@type\":\"ImageObject\",\"inLanguage\":\"fr-FR\",\"@id\":\"https:\/\/tdcenter.org\/2023\/08\/18\/tdc-and-latin-american-media-visited-kharkiv-region\/#primaryimage\",\"url\":\"https:\/\/tdcenter.org\/wp-content\/uploads\/2023\/08\/photo_2023-08-18_14-52-53.jpg\",\"contentUrl\":\"https:\/\/tdcenter.org\/wp-content\/uploads\/2023\/08\/photo_2023-08-18_14-52-53.jpg\",\"width\":1280,\"height\":960},{\"@type\":\"BreadcrumbList\",\"@id\":\"https:\/\/tdcenter.org\/2023\/08\/18\/tdc-and-latin-american-media-visited-kharkiv-region\/#breadcrumb\",\"itemListElement\":[{\"@type\":\"ListItem\",\"position\":1,\"name\":\"Home\",\"item\":\"https:\/\/tdcenter.org\/\"},{\"@type\":\"ListItem\",\"position\":2,\"name\":\"TDC and Latin American media visited Kharkiv region\"}]},{\"@type\":\"WebSite\",\"@id\":\"https:\/\/tdcenter.org\/#website\",\"url\":\"https:\/\/tdcenter.org\/\",\"name\":\"Transatlantic Dialogue Center\",\"description\":\"Promoting International Peace and Security\",\"publisher\":{\"@id\":\"https:\/\/tdcenter.org\/#organization\"},\"potentialAction\":[{\"@type\":\"SearchAction\",\"target\":{\"@type\":\"EntryPoint\",\"urlTemplate\":\"https:\/\/tdcenter.org\/?s={search_term_string}\"},\"query-input\":{\"@type\":\"PropertyValueSpecification\",\"valueRequired\":true,\"valueName\":\"search_term_string\"}}],\"inLanguage\":\"fr-FR\"},{\"@type\":\"Organization\",\"@id\":\"https:\/\/tdcenter.org\/#organization\",\"name\":\"Transatlantic Dialogue Center\",\"url\":\"https:\/\/tdcenter.org\/\",\"logo\":{\"@type\":\"ImageObject\",\"inLanguage\":\"fr-FR\",\"@id\":\"https:\/\/tdcenter.org\/#\/schema\/logo\/image\/\",\"url\":\"https:\/\/tdcenter.org\/wp-content\/uploads\/2022\/04\/google.png\",\"contentUrl\":\"https:\/\/tdcenter.org\/wp-content\/uploads\/2022\/04\/google.png\",\"width\":2568,\"height\":2487,\"caption\":\"Transatlantic Dialogue Center\"},\"image\":{\"@id\":\"https:\/\/tdcenter.org\/#\/schema\/logo\/image\/\"},\"sameAs\":[\"https:\/\/www.facebook.com\/Transatlantic-Dialogue-Center-105645698740463\",\"https:\/\/www.youtube.com\/channel\/UCpJuhU4JBfpv_jsldNOc5LA\"]},{\"@type\":\"Person\",\"@id\":\"https:\/\/tdcenter.org\/#\/schema\/person\/2b76b794dbb8257325dc72d4fdee35ec\",\"name\":\"Alina Rohach\",\"image\":{\"@type\":\"ImageObject\",\"inLanguage\":\"fr-FR\",\"@id\":\"https:\/\/tdcenter.org\/#\/schema\/person\/image\/\",\"url\":\"https:\/\/tdcenter.org\/wp-content\/litespeed\/avatar\/61eca207869235575ab8e6c478a7ca66.jpg?ver=1787747207\",\"contentUrl\":\"https:\/\/tdcenter.org\/wp-content\/litespeed\/avatar\/61eca207869235575ab8e6c478a7ca66.jpg?ver=1787747207\",\"caption\":\"Alina Rohach\"}}]}<\/script>\n<!-- \/ Yoast SEO Premium plugin. -->","yoast_head_json":{"title":"Le TDC et des m\u00e9dias latino-am\u00e9ricains ont visit\u00e9 la r\u00e9gion de Kharkiv","description":"Latin American journalists visited Kharkiv, Izium and Kupiansk to witness destruction, torture sites and other consequences of Russian occupation.","robots":{"index":"index","follow":"follow","max-snippet":"max-snippet:-1","max-image-preview":"max-image-preview:large","max-video-preview":"max-video-preview:-1"},"canonical":"https:\/\/tdcenter.org\/fr\/2023\/08\/18\/tdc-and-latin-american-media-visited-kharkiv-region\/","og_locale":"fr_FR","og_type":"article","og_title":"TDC and Latin American media visited Kharkiv region","og_description":"Latin American journalists visited Kharkiv, Izium and Kupiansk to witness destruction, torture sites and other consequences of Russian occupation.","og_url":"https:\/\/tdcenter.org\/fr\/2023\/08\/18\/tdc-and-latin-american-media-visited-kharkiv-region\/","og_site_name":"Transatlantic Dialogue Center","article_publisher":"https:\/\/www.facebook.com\/Transatlantic-Dialogue-Center-105645698740463","article_published_time":"2023-08-18T14:13:15+00:00","article_modified_time":"2025-08-05T18:11:24+00:00","og_image":[{"width":1280,"height":960,"url":"https:\/\/tdcenter.org\/wp-content\/uploads\/2023\/08\/photo_2023-08-18_14-52-53.jpg","type":"image\/jpeg"}],"author":"Alina Rohach","twitter_card":"summary_large_image","twitter_title":"TDC and Latin American media visited Kharkiv region","twitter_description":"Latin American journalists visited Kharkiv, Izium and Kupiansk to witness destruction, torture sites and other consequences of Russian occupation.","twitter_misc":{"Written by":"Alina Rohach","Est. reading time":"5 minutes"},"schema":{"@context":"https:\/\/schema.org","@graph":[{"@type":"Article","@id":"https:\/\/tdcenter.org\/2023\/08\/18\/tdc-and-latin-american-media-visited-kharkiv-region\/#article","isPartOf":{"@id":"https:\/\/tdcenter.org\/2023\/08\/18\/tdc-and-latin-american-media-visited-kharkiv-region\/"},"author":{"name":"Alina Rohach","@id":"https:\/\/tdcenter.org\/#\/schema\/person\/2b76b794dbb8257325dc72d4fdee35ec"},"headline":"TDC and Latin American media visited Kharkiv region","datePublished":"2023-08-18T14:13:15+00:00","dateModified":"2025-08-05T18:11:24+00:00","mainEntityOfPage":{"@id":"https:\/\/tdcenter.org\/2023\/08\/18\/tdc-and-latin-american-media-visited-kharkiv-region\/"},"wordCount":493,"commentCount":0,"publisher":{"@id":"https:\/\/tdcenter.org\/#organization"},"image":{"@id":"https:\/\/tdcenter.org\/2023\/08\/18\/tdc-and-latin-american-media-visited-kharkiv-region\/#primaryimage"},"thumbnailUrl":"https:\/\/tdcenter.org\/wp-content\/uploads\/2023\/08\/photo_2023-08-18_14-52-53.jpg","articleSection":["Events","Events-Spain and Latin America Cooperation Program"],"inLanguage":"fr-FR","potentialAction":[{"@type":"CommentAction","name":"Comment","target":["https:\/\/tdcenter.org\/2023\/08\/18\/tdc-and-latin-american-media-visited-kharkiv-region\/#respond"]}]},{"@type":"WebPage","@id":"https:\/\/tdcenter.org\/2023\/08\/18\/tdc-and-latin-american-media-visited-kharkiv-region\/","url":"https:\/\/tdcenter.org\/2023\/08\/18\/tdc-and-latin-american-media-visited-kharkiv-region\/","name":"Le TDC et des m\u00e9dias latino-am\u00e9ricains ont visit\u00e9 la r\u00e9gion de Kharkiv","isPartOf":{"@id":"https:\/\/tdcenter.org\/#website"},"primaryImageOfPage":{"@id":"https:\/\/tdcenter.org\/2023\/08\/18\/tdc-and-latin-american-media-visited-kharkiv-region\/#primaryimage"},"image":{"@id":"https:\/\/tdcenter.org\/2023\/08\/18\/tdc-and-latin-american-media-visited-kharkiv-region\/#primaryimage"},"thumbnailUrl":"https:\/\/tdcenter.org\/wp-content\/uploads\/2023\/08\/photo_2023-08-18_14-52-53.jpg","datePublished":"2023-08-18T14:13:15+00:00","dateModified":"2025-08-05T18:11:24+00:00","description":"Latin American journalists visited Kharkiv, Izium and Kupiansk to witness destruction, torture sites and other consequences of Russian occupation.","breadcrumb":{"@id":"https:\/\/tdcenter.org\/2023\/08\/18\/tdc-and-latin-american-media-visited-kharkiv-region\/#breadcrumb"},"inLanguage":"fr-FR","potentialAction":[{"@type":"ReadAction","target":["https:\/\/tdcenter.org\/2023\/08\/18\/tdc-and-latin-american-media-visited-kharkiv-region\/"]}]},{"@type":"ImageObject","inLanguage":"fr-FR","@id":"https:\/\/tdcenter.org\/2023\/08\/18\/tdc-and-latin-american-media-visited-kharkiv-region\/#primaryimage","url":"https:\/\/tdcenter.org\/wp-content\/uploads\/2023\/08\/photo_2023-08-18_14-52-53.jpg","contentUrl":"https:\/\/tdcenter.org\/wp-content\/uploads\/2023\/08\/photo_2023-08-18_14-52-53.jpg","width":1280,"height":960},{"@type":"BreadcrumbList","@id":"https:\/\/tdcenter.org\/2023\/08\/18\/tdc-and-latin-american-media-visited-kharkiv-region\/#breadcrumb","itemListElement":[{"@type":"ListItem","position":1,"name":"Home","item":"https:\/\/tdcenter.org\/"},{"@type":"ListItem","position":2,"name":"TDC and Latin American media visited Kharkiv region"}]},{"@type":"WebSite","@id":"https:\/\/tdcenter.org\/#website","url":"https:\/\/tdcenter.org\/","name":"Transatlantic Dialogue Center","description":"Promoting International Peace and Security","publisher":{"@id":"https:\/\/tdcenter.org\/#organization"},"potentialAction":[{"@type":"SearchAction","target":{"@type":"EntryPoint","urlTemplate":"https:\/\/tdcenter.org\/?s={search_term_string}"},"query-input":{"@type":"PropertyValueSpecification","valueRequired":true,"valueName":"search_term_string"}}],"inLanguage":"fr-FR"},{"@type":"Organization","@id":"https:\/\/tdcenter.org\/#organization","name":"Transatlantic Dialogue Center","url":"https:\/\/tdcenter.org\/","logo":{"@type":"ImageObject","inLanguage":"fr-FR","@id":"https:\/\/tdcenter.org\/#\/schema\/logo\/image\/","url":"https:\/\/tdcenter.org\/wp-content\/uploads\/2022\/04\/google.png","contentUrl":"https:\/\/tdcenter.org\/wp-content\/uploads\/2022\/04\/google.png","width":2568,"height":2487,"caption":"Transatlantic Dialogue Center"},"image":{"@id":"https:\/\/tdcenter.org\/#\/schema\/logo\/image\/"},"sameAs":["https:\/\/www.facebook.com\/Transatlantic-Dialogue-Center-105645698740463","https:\/\/www.youtube.com\/channel\/UCpJuhU4JBfpv_jsldNOc5LA"]},{"@type":"Person","@id":"https:\/\/tdcenter.org\/#\/schema\/person\/2b76b794dbb8257325dc72d4fdee35ec","name":"Alina Rohach","image":{"@type":"ImageObject","inLanguage":"fr-FR","@id":"https:\/\/tdcenter.org\/#\/schema\/person\/image\/","url":"https:\/\/tdcenter.org\/wp-content\/litespeed\/avatar\/61eca207869235575ab8e6c478a7ca66.jpg?ver=1787747207","contentUrl":"https:\/\/tdcenter.org\/wp-content\/litespeed\/avatar\/61eca207869235575ab8e6c478a7ca66.jpg?ver=1787747207","caption":"Alina Rohach"}}]}},"mfb_rest_fields":["title","yoast_head","yoast_head_json","gutenberg_elementor_mode"],"_links":{"self":[{"href":"https:\/\/tdcenter.org\/fr\/wp-json\/wp\/v2\/posts\/18797","targetHints":{"allow":["GET"]}}],"collection":[{"href":"https:\/\/tdcenter.org\/fr\/wp-json\/wp\/v2\/posts"}],"about":[{"href":"https:\/\/tdcenter.org\/fr\/wp-json\/wp\/v2\/types\/post"}],"author":[{"embeddable":true,"href":"https:\/\/tdcenter.org\/fr\/wp-json\/wp\/v2\/users\/8"}],"replies":[{"embeddable":true,"href":"https:\/\/tdcenter.org\/fr\/wp-json\/wp\/v2\/comments?post=18797"}],"version-history":[{"count":1,"href":"https:\/\/tdcenter.org\/fr\/wp-json\/wp\/v2\/posts\/18797\/revisions"}],"predecessor-version":[{"id":31190,"href":"https:\/\/tdcenter.org\/fr\/wp-json\/wp\/v2\/posts\/18797\/revisions\/31190"}],"wp:featuredmedia":[{"embeddable":true,"href":"https:\/\/tdcenter.org\/fr\/wp-json\/wp\/v2\/media\/18799"}],"wp:attachment":[{"href":"https:\/\/tdcenter.org\/fr\/wp-json\/wp\/v2\/media?parent=18797"}],"wp:term":[{"taxonomy":"category","embeddable":true,"href":"https:\/\/tdcenter.org\/fr\/wp-json\/wp\/v2\/categories?post=18797"},{"taxonomy":"post_tag","embeddable":true,"href":"https:\/\/tdcenter.org\/fr\/wp-json\/wp\/v2\/tags?post=18797"},{"taxonomy":"topic","embeddable":true,"href":"https:\/\/tdcenter.org\/fr\/wp-json\/wp\/v2\/topic?post=18797"}],"curies":[{"name":"wp","href":"https:\/\/api.w.org\/{rel}","templated":true}]}}