{"id":6294,"date":"2022-08-31T17:07:14","date_gmt":"2022-08-31T14:07:14","guid":{"rendered":"https:\/\/tdcenter.org\/?p=6294"},"modified":"2025-08-05T16:51:17","modified_gmt":"2025-08-05T13:51:17","slug":"tdc-president-speaks-up-in-political-festival-of-europe","status":"publish","type":"post","link":"https:\/\/tdcenter.org\/es\/2022\/08\/31\/tdc-president-speaks-up-in-political-festival-of-europe\/","title":{"rendered":"El presidente de TDC interviene en el Festival Pol\u00edtico de Europa"},"content":{"rendered":"<p>El 25 de agosto, el presidente de TDC, Maksym Skrypchenko, visit\u00f3 el Festival Pol\u00edtico de Europa, un festival anual de democracia que tiene como objetivo reunir a ciudadanos de Europa en el transcurso de cuatro d\u00edas para discutir sobre pol\u00edtica y abrazar la rica historia y el patrimonio cultural de Europa.<\/p>\n\n\n<div class=\"wp-block-image\">\n<figure class=\"alignleft size-large is-resized\"><img fetchpriority=\"high\" decoding=\"async\" src=\"https:\/\/tdcenter.org\/wp-content\/uploads\/2022\/08\/image-63-1024x577.png\" alt=\"\" class=\"wp-image-6296\" width=\"452\" height=\"255\" srcset=\"https:\/\/tdcenter.org\/wp-content\/uploads\/2022\/08\/image-63-1024x577.png 1024w, https:\/\/tdcenter.org\/wp-content\/uploads\/2022\/08\/image-63-600x338.png 600w, https:\/\/tdcenter.org\/wp-content\/uploads\/2022\/08\/image-63-768x433.png 768w, https:\/\/tdcenter.org\/wp-content\/uploads\/2022\/08\/image-63-1536x865.png 1536w, https:\/\/tdcenter.org\/wp-content\/uploads\/2022\/08\/image-63-18x10.png 18w, https:\/\/tdcenter.org\/wp-content\/uploads\/2022\/08\/image-63.png 1640w\" sizes=\"(max-width: 452px) 100vw, 452px\" \/><\/figure>\n<\/div>\n\n\n<p>El evento de 4 d\u00edas reuni\u00f3 a organizaciones pol\u00edticas, no gubernamentales y empresariales de toda Europa. En particular, los oradores del Festival fueron representantes de la Comisi\u00f3n Europea y el Parlamento Europeo, pol\u00edticos de varios movimientos pol\u00edticos de Dinamarca, Alemania, Hungr\u00eda, Irlanda, Italia y Lituania, ministros de varios departamentos de Dinamarca, Chequia y Letonia, as\u00ed como embajadores de 12 estados europeos.<\/p>\n\n\n\n<p>Los invitados del Festival tuvieron la oportunidad de asistir a importantes debates sobre los temas m\u00e1s urgentes en Europa dedicados a la pol\u00edtica exterior y la seguridad, los derechos humanos, la transformaci\u00f3n y la energ\u00eda verde, la econom\u00eda circular, la producci\u00f3n sostenible de alimentos, la migraci\u00f3n, la digitalizaci\u00f3n y muchos otros temas.<\/p>\n\n\n\n<p>Maksym Skrypchenko particip\u00f3 en el debate <strong>\u201c\u00bfC\u00f3mo deber\u00eda reaccionar Europa una vez que termine la guerra entre Ucrania y Rusia? \u00bfNegocios como siempre o deber\u00edan continuar las sanciones?\u201d.<\/strong>y habl\u00f3 si los empresarios y pol\u00edticos europeos pueden establecer nuevos v\u00ednculos con Rusia despu\u00e9s de la guerra y si es necesario castigar a Rusia y al pueblo ruso por sus cr\u00edmenes contra el pueblo ucraniano y su autodeterminaci\u00f3n.<\/p>\n\n\n<div class=\"wp-block-image\">\n<figure class=\"aligncenter size-large\"><img decoding=\"async\" src=\"https:\/\/tdcenter.org\/wp-content\/uploads\/2022\/08\/IMG_8551-1-1024x768.jpg\" alt=\"\" class=\"wp-image-6305\"\/><\/figure>\n<\/div>\n\n\n<p>El presidente de TDC tambi\u00e9n tuvo el honor de intervenir con su discurso en la esquina del orador, donde pudo conectarse con el p\u00fablico y hablar sobre los esfuerzos de reconstrucci\u00f3n de las ciudades destruidas de Ucrania. Tambi\u00e9n cubri\u00f3 c\u00f3mo los locales y los grupos de voluntarios son la principal fuente de energ\u00eda del cambio, y c\u00f3mo los gobiernos y los ciudadanos europeos apoyan su funcionamiento.<\/p>","protected":false},"excerpt":{"rendered":"<p>On August 25, TDC President Maksym Skrypchenko visited Political Festival of Europe, yearly democracy festival that aims to gather citizens of Europe over the course of four days to discuss politics and embrace Europe\u2019s rich history and cultural heritage. The 4 days event brought together political, non-governmental and business organizations from all over Europe. In [&hellip;]<\/p>","protected":false},"author":5,"featured_media":6301,"comment_status":"open","ping_status":"open","sticky":false,"template":"","format":"standard","meta":{"footnotes":""},"categories":[25,103],"tags":[],"topic":[],"class_list":["post-6294","post","type-post","status-publish","format-standard","has-post-thumbnail","hentry","category-events","category-eu-ukraine-partnership-program-events"],"mb":[],"yoast_head":"<!-- This site is optimized with the Yoast SEO Premium plugin v25.6 (Yoast SEO v25.6) - https:\/\/yoast.com\/wordpress\/plugins\/seo\/ -->\n<title>TDC President speaks up at Political Festival of Europe - Transatlantic Dialogue Center<\/title>\n<meta name=\"description\" content=\"Transatlantic Dialogue Center (TDC) is a non-governmental and non-partisan think tank that provides high-quality policy advice to private and public clients. The network of our friends and partners includes government officials, members of parliaments, businessmen, journalists, experts and analysts.\" \/>\n<meta name=\"robots\" content=\"index, follow, max-snippet:-1, max-image-preview:large, max-video-preview:-1\" \/>\n<link rel=\"canonical\" href=\"https:\/\/tdcenter.org\/es\/2022\/08\/31\/tdc-president-speaks-up-in-political-festival-of-europe\/\" \/>\n<meta property=\"og:locale\" content=\"es_ES\" \/>\n<meta property=\"og:type\" content=\"article\" \/>\n<meta property=\"og:title\" content=\"TDC President speaks up at Political Festival of Europe\" \/>\n<meta property=\"og:description\" content=\"Transatlantic Dialogue Center (TDC) is a non-governmental and non-partisan think tank that provides high-quality policy advice to private and public clients. The network of our friends and partners includes government officials, members of parliaments, businessmen, journalists, experts and analysts.\" \/>\n<meta property=\"og:url\" content=\"https:\/\/tdcenter.org\/es\/2022\/08\/31\/tdc-president-speaks-up-in-political-festival-of-europe\/\" \/>\n<meta property=\"og:site_name\" content=\"Transatlantic Dialogue Center\" \/>\n<meta property=\"article:publisher\" content=\"https:\/\/www.facebook.com\/Transatlantic-Dialogue-Center-105645698740463\" \/>\n<meta property=\"article:published_time\" content=\"2022-08-31T14:07:14+00:00\" \/>\n<meta property=\"article:modified_time\" content=\"2025-08-05T13:51:17+00:00\" \/>\n<meta property=\"og:image\" content=\"https:\/\/tdcenter.org\/wp-content\/uploads\/2022\/08\/IMG_8551-scaled.jpg\" \/>\n\t<meta property=\"og:image:width\" content=\"1200\" \/>\n\t<meta property=\"og:image:height\" content=\"900\" \/>\n\t<meta property=\"og:image:type\" content=\"image\/jpeg\" \/>\n<meta name=\"author\" content=\"Daryna Sydorenko\" \/>\n<meta name=\"twitter:card\" content=\"summary_large_image\" \/>\n<meta name=\"twitter:label1\" content=\"Escrito por\" \/>\n\t<meta name=\"twitter:data1\" content=\"Daryna Sydorenko\" \/>\n\t<meta name=\"twitter:label2\" content=\"Tiempo de lectura\" \/>\n\t<meta name=\"twitter:data2\" content=\"2 minutos\" \/>\n<script type=\"application\/ld+json\" class=\"yoast-schema-graph\">{\"@context\":\"https:\/\/schema.org\",\"@graph\":[{\"@type\":\"Article\",\"@id\":\"https:\/\/tdcenter.org\/2022\/08\/31\/tdc-president-speaks-up-in-political-festival-of-europe\/#article\",\"isPartOf\":{\"@id\":\"https:\/\/tdcenter.org\/2022\/08\/31\/tdc-president-speaks-up-in-political-festival-of-europe\/\"},\"author\":{\"name\":\"Daryna Sydorenko\",\"@id\":\"https:\/\/tdcenter.org\/#\/schema\/person\/98e2f5bb6c890bd0e4fb5c6144121453\"},\"headline\":\"TDC President speaks up at Political Festival of Europe\",\"datePublished\":\"2022-08-31T14:07:14+00:00\",\"dateModified\":\"2025-08-05T13:51:17+00:00\",\"mainEntityOfPage\":{\"@id\":\"https:\/\/tdcenter.org\/2022\/08\/31\/tdc-president-speaks-up-in-political-festival-of-europe\/\"},\"wordCount\":280,\"commentCount\":0,\"publisher\":{\"@id\":\"https:\/\/tdcenter.org\/#organization\"},\"image\":{\"@id\":\"https:\/\/tdcenter.org\/2022\/08\/31\/tdc-president-speaks-up-in-political-festival-of-europe\/#primaryimage\"},\"thumbnailUrl\":\"https:\/\/tdcenter.org\/wp-content\/uploads\/2022\/08\/IMG_8551-scaled.jpg\",\"articleSection\":[\"Events\",\"Events-EU-Ukraine Partnership Program\"],\"inLanguage\":\"es\",\"potentialAction\":[{\"@type\":\"CommentAction\",\"name\":\"Comment\",\"target\":[\"https:\/\/tdcenter.org\/2022\/08\/31\/tdc-president-speaks-up-in-political-festival-of-europe\/#respond\"]}]},{\"@type\":\"WebPage\",\"@id\":\"https:\/\/tdcenter.org\/2022\/08\/31\/tdc-president-speaks-up-in-political-festival-of-europe\/\",\"url\":\"https:\/\/tdcenter.org\/2022\/08\/31\/tdc-president-speaks-up-in-political-festival-of-europe\/\",\"name\":\"TDC President speaks up at Political Festival of Europe - Transatlantic Dialogue Center\",\"isPartOf\":{\"@id\":\"https:\/\/tdcenter.org\/#website\"},\"primaryImageOfPage\":{\"@id\":\"https:\/\/tdcenter.org\/2022\/08\/31\/tdc-president-speaks-up-in-political-festival-of-europe\/#primaryimage\"},\"image\":{\"@id\":\"https:\/\/tdcenter.org\/2022\/08\/31\/tdc-president-speaks-up-in-political-festival-of-europe\/#primaryimage\"},\"thumbnailUrl\":\"https:\/\/tdcenter.org\/wp-content\/uploads\/2022\/08\/IMG_8551-scaled.jpg\",\"datePublished\":\"2022-08-31T14:07:14+00:00\",\"dateModified\":\"2025-08-05T13:51:17+00:00\",\"description\":\"Transatlantic Dialogue Center (TDC) is a non-governmental and non-partisan think tank that provides high-quality policy advice to private and public clients. The network of our friends and partners includes government officials, members of parliaments, businessmen, journalists, experts and analysts.\",\"breadcrumb\":{\"@id\":\"https:\/\/tdcenter.org\/2022\/08\/31\/tdc-president-speaks-up-in-political-festival-of-europe\/#breadcrumb\"},\"inLanguage\":\"es\",\"potentialAction\":[{\"@type\":\"ReadAction\",\"target\":[\"https:\/\/tdcenter.org\/2022\/08\/31\/tdc-president-speaks-up-in-political-festival-of-europe\/\"]}]},{\"@type\":\"ImageObject\",\"inLanguage\":\"es\",\"@id\":\"https:\/\/tdcenter.org\/2022\/08\/31\/tdc-president-speaks-up-in-political-festival-of-europe\/#primaryimage\",\"url\":\"https:\/\/tdcenter.org\/wp-content\/uploads\/2022\/08\/IMG_8551-scaled.jpg\",\"contentUrl\":\"https:\/\/tdcenter.org\/wp-content\/uploads\/2022\/08\/IMG_8551-scaled.jpg\",\"width\":1200,\"height\":900},{\"@type\":\"BreadcrumbList\",\"@id\":\"https:\/\/tdcenter.org\/2022\/08\/31\/tdc-president-speaks-up-in-political-festival-of-europe\/#breadcrumb\",\"itemListElement\":[{\"@type\":\"ListItem\",\"position\":1,\"name\":\"Home\",\"item\":\"https:\/\/tdcenter.org\/\"},{\"@type\":\"ListItem\",\"position\":2,\"name\":\"TDC President speaks up at Political Festival of Europe\"}]},{\"@type\":\"WebSite\",\"@id\":\"https:\/\/tdcenter.org\/#website\",\"url\":\"https:\/\/tdcenter.org\/\",\"name\":\"Transatlantic Dialogue Center\",\"description\":\"Promoting International Peace and Security\",\"publisher\":{\"@id\":\"https:\/\/tdcenter.org\/#organization\"},\"potentialAction\":[{\"@type\":\"SearchAction\",\"target\":{\"@type\":\"EntryPoint\",\"urlTemplate\":\"https:\/\/tdcenter.org\/?s={search_term_string}\"},\"query-input\":{\"@type\":\"PropertyValueSpecification\",\"valueRequired\":true,\"valueName\":\"search_term_string\"}}],\"inLanguage\":\"es\"},{\"@type\":\"Organization\",\"@id\":\"https:\/\/tdcenter.org\/#organization\",\"name\":\"Transatlantic Dialogue Center\",\"url\":\"https:\/\/tdcenter.org\/\",\"logo\":{\"@type\":\"ImageObject\",\"inLanguage\":\"es\",\"@id\":\"https:\/\/tdcenter.org\/#\/schema\/logo\/image\/\",\"url\":\"https:\/\/tdcenter.org\/wp-content\/uploads\/2022\/04\/google.png\",\"contentUrl\":\"https:\/\/tdcenter.org\/wp-content\/uploads\/2022\/04\/google.png\",\"width\":2568,\"height\":2487,\"caption\":\"Transatlantic Dialogue Center\"},\"image\":{\"@id\":\"https:\/\/tdcenter.org\/#\/schema\/logo\/image\/\"},\"sameAs\":[\"https:\/\/www.facebook.com\/Transatlantic-Dialogue-Center-105645698740463\",\"https:\/\/www.youtube.com\/channel\/UCpJuhU4JBfpv_jsldNOc5LA\"]},{\"@type\":\"Person\",\"@id\":\"https:\/\/tdcenter.org\/#\/schema\/person\/98e2f5bb6c890bd0e4fb5c6144121453\",\"name\":\"Daryna Sydorenko\",\"image\":{\"@type\":\"ImageObject\",\"inLanguage\":\"es\",\"@id\":\"https:\/\/tdcenter.org\/#\/schema\/person\/image\/\",\"url\":\"https:\/\/tdcenter.org\/wp-content\/litespeed\/avatar\/40d038af669f9cfc00b3b9871d53682e.jpg?ver=1777459310\",\"contentUrl\":\"https:\/\/tdcenter.org\/wp-content\/litespeed\/avatar\/40d038af669f9cfc00b3b9871d53682e.jpg?ver=1777459310\",\"caption\":\"Daryna Sydorenko\"}}]}<\/script>\n<!-- \/ Yoast SEO Premium plugin. -->","yoast_head_json":{"title":"TDC President speaks up at Political Festival of Europe - Transatlantic Dialogue Center","description":"Transatlantic Dialogue Center (TDC) is a non-governmental and non-partisan think tank that provides high-quality policy advice to private and public clients. The network of our friends and partners includes government officials, members of parliaments, businessmen, journalists, experts and analysts.","robots":{"index":"index","follow":"follow","max-snippet":"max-snippet:-1","max-image-preview":"max-image-preview:large","max-video-preview":"max-video-preview:-1"},"canonical":"https:\/\/tdcenter.org\/es\/2022\/08\/31\/tdc-president-speaks-up-in-political-festival-of-europe\/","og_locale":"es_ES","og_type":"article","og_title":"TDC President speaks up at Political Festival of Europe","og_description":"Transatlantic Dialogue Center (TDC) is a non-governmental and non-partisan think tank that provides high-quality policy advice to private and public clients. The network of our friends and partners includes government officials, members of parliaments, businessmen, journalists, experts and analysts.","og_url":"https:\/\/tdcenter.org\/es\/2022\/08\/31\/tdc-president-speaks-up-in-political-festival-of-europe\/","og_site_name":"Transatlantic Dialogue Center","article_publisher":"https:\/\/www.facebook.com\/Transatlantic-Dialogue-Center-105645698740463","article_published_time":"2022-08-31T14:07:14+00:00","article_modified_time":"2025-08-05T13:51:17+00:00","og_image":[{"width":1200,"height":900,"url":"https:\/\/tdcenter.org\/wp-content\/uploads\/2022\/08\/IMG_8551-scaled.jpg","type":"image\/jpeg"}],"author":"Daryna Sydorenko","twitter_card":"summary_large_image","twitter_misc":{"Escrito por":"Daryna Sydorenko","Tiempo de lectura":"2 minutos"},"schema":{"@context":"https:\/\/schema.org","@graph":[{"@type":"Article","@id":"https:\/\/tdcenter.org\/2022\/08\/31\/tdc-president-speaks-up-in-political-festival-of-europe\/#article","isPartOf":{"@id":"https:\/\/tdcenter.org\/2022\/08\/31\/tdc-president-speaks-up-in-political-festival-of-europe\/"},"author":{"name":"Daryna Sydorenko","@id":"https:\/\/tdcenter.org\/#\/schema\/person\/98e2f5bb6c890bd0e4fb5c6144121453"},"headline":"TDC President speaks up at Political Festival of Europe","datePublished":"2022-08-31T14:07:14+00:00","dateModified":"2025-08-05T13:51:17+00:00","mainEntityOfPage":{"@id":"https:\/\/tdcenter.org\/2022\/08\/31\/tdc-president-speaks-up-in-political-festival-of-europe\/"},"wordCount":280,"commentCount":0,"publisher":{"@id":"https:\/\/tdcenter.org\/#organization"},"image":{"@id":"https:\/\/tdcenter.org\/2022\/08\/31\/tdc-president-speaks-up-in-political-festival-of-europe\/#primaryimage"},"thumbnailUrl":"https:\/\/tdcenter.org\/wp-content\/uploads\/2022\/08\/IMG_8551-scaled.jpg","articleSection":["Events","Events-EU-Ukraine Partnership Program"],"inLanguage":"es","potentialAction":[{"@type":"CommentAction","name":"Comment","target":["https:\/\/tdcenter.org\/2022\/08\/31\/tdc-president-speaks-up-in-political-festival-of-europe\/#respond"]}]},{"@type":"WebPage","@id":"https:\/\/tdcenter.org\/2022\/08\/31\/tdc-president-speaks-up-in-political-festival-of-europe\/","url":"https:\/\/tdcenter.org\/2022\/08\/31\/tdc-president-speaks-up-in-political-festival-of-europe\/","name":"TDC President speaks up at Political Festival of Europe - Transatlantic Dialogue Center","isPartOf":{"@id":"https:\/\/tdcenter.org\/#website"},"primaryImageOfPage":{"@id":"https:\/\/tdcenter.org\/2022\/08\/31\/tdc-president-speaks-up-in-political-festival-of-europe\/#primaryimage"},"image":{"@id":"https:\/\/tdcenter.org\/2022\/08\/31\/tdc-president-speaks-up-in-political-festival-of-europe\/#primaryimage"},"thumbnailUrl":"https:\/\/tdcenter.org\/wp-content\/uploads\/2022\/08\/IMG_8551-scaled.jpg","datePublished":"2022-08-31T14:07:14+00:00","dateModified":"2025-08-05T13:51:17+00:00","description":"Transatlantic Dialogue Center (TDC) is a non-governmental and non-partisan think tank that provides high-quality policy advice to private and public clients. The network of our friends and partners includes government officials, members of parliaments, businessmen, journalists, experts and analysts.","breadcrumb":{"@id":"https:\/\/tdcenter.org\/2022\/08\/31\/tdc-president-speaks-up-in-political-festival-of-europe\/#breadcrumb"},"inLanguage":"es","potentialAction":[{"@type":"ReadAction","target":["https:\/\/tdcenter.org\/2022\/08\/31\/tdc-president-speaks-up-in-political-festival-of-europe\/"]}]},{"@type":"ImageObject","inLanguage":"es","@id":"https:\/\/tdcenter.org\/2022\/08\/31\/tdc-president-speaks-up-in-political-festival-of-europe\/#primaryimage","url":"https:\/\/tdcenter.org\/wp-content\/uploads\/2022\/08\/IMG_8551-scaled.jpg","contentUrl":"https:\/\/tdcenter.org\/wp-content\/uploads\/2022\/08\/IMG_8551-scaled.jpg","width":1200,"height":900},{"@type":"BreadcrumbList","@id":"https:\/\/tdcenter.org\/2022\/08\/31\/tdc-president-speaks-up-in-political-festival-of-europe\/#breadcrumb","itemListElement":[{"@type":"ListItem","position":1,"name":"Home","item":"https:\/\/tdcenter.org\/"},{"@type":"ListItem","position":2,"name":"TDC President speaks up at Political Festival of Europe"}]},{"@type":"WebSite","@id":"https:\/\/tdcenter.org\/#website","url":"https:\/\/tdcenter.org\/","name":"Transatlantic Dialogue Center","description":"Promovemos la paz y la seguridad internacionales","publisher":{"@id":"https:\/\/tdcenter.org\/#organization"},"potentialAction":[{"@type":"SearchAction","target":{"@type":"EntryPoint","urlTemplate":"https:\/\/tdcenter.org\/?s={search_term_string}"},"query-input":{"@type":"PropertyValueSpecification","valueRequired":true,"valueName":"search_term_string"}}],"inLanguage":"es"},{"@type":"Organization","@id":"https:\/\/tdcenter.org\/#organization","name":"Transatlantic Dialogue Center","url":"https:\/\/tdcenter.org\/","logo":{"@type":"ImageObject","inLanguage":"es","@id":"https:\/\/tdcenter.org\/#\/schema\/logo\/image\/","url":"https:\/\/tdcenter.org\/wp-content\/uploads\/2022\/04\/google.png","contentUrl":"https:\/\/tdcenter.org\/wp-content\/uploads\/2022\/04\/google.png","width":2568,"height":2487,"caption":"Transatlantic Dialogue Center"},"image":{"@id":"https:\/\/tdcenter.org\/#\/schema\/logo\/image\/"},"sameAs":["https:\/\/www.facebook.com\/Transatlantic-Dialogue-Center-105645698740463","https:\/\/www.youtube.com\/channel\/UCpJuhU4JBfpv_jsldNOc5LA"]},{"@type":"Person","@id":"https:\/\/tdcenter.org\/#\/schema\/person\/98e2f5bb6c890bd0e4fb5c6144121453","name":"Daryna Sydorenko","image":{"@type":"ImageObject","inLanguage":"es","@id":"https:\/\/tdcenter.org\/#\/schema\/person\/image\/","url":"https:\/\/tdcenter.org\/wp-content\/litespeed\/avatar\/40d038af669f9cfc00b3b9871d53682e.jpg?ver=1777459310","contentUrl":"https:\/\/tdcenter.org\/wp-content\/litespeed\/avatar\/40d038af669f9cfc00b3b9871d53682e.jpg?ver=1777459310","caption":"Daryna Sydorenko"}}]}},"mfb_rest_fields":["title","yoast_head","yoast_head_json","gutenberg_elementor_mode"],"_links":{"self":[{"href":"https:\/\/tdcenter.org\/es\/wp-json\/wp\/v2\/posts\/6294","targetHints":{"allow":["GET"]}}],"collection":[{"href":"https:\/\/tdcenter.org\/es\/wp-json\/wp\/v2\/posts"}],"about":[{"href":"https:\/\/tdcenter.org\/es\/wp-json\/wp\/v2\/types\/post"}],"author":[{"embeddable":true,"href":"https:\/\/tdcenter.org\/es\/wp-json\/wp\/v2\/users\/5"}],"replies":[{"embeddable":true,"href":"https:\/\/tdcenter.org\/es\/wp-json\/wp\/v2\/comments?post=6294"}],"version-history":[{"count":1,"href":"https:\/\/tdcenter.org\/es\/wp-json\/wp\/v2\/posts\/6294\/revisions"}],"predecessor-version":[{"id":31117,"href":"https:\/\/tdcenter.org\/es\/wp-json\/wp\/v2\/posts\/6294\/revisions\/31117"}],"wp:featuredmedia":[{"embeddable":true,"href":"https:\/\/tdcenter.org\/es\/wp-json\/wp\/v2\/media\/6301"}],"wp:attachment":[{"href":"https:\/\/tdcenter.org\/es\/wp-json\/wp\/v2\/media?parent=6294"}],"wp:term":[{"taxonomy":"category","embeddable":true,"href":"https:\/\/tdcenter.org\/es\/wp-json\/wp\/v2\/categories?post=6294"},{"taxonomy":"post_tag","embeddable":true,"href":"https:\/\/tdcenter.org\/es\/wp-json\/wp\/v2\/tags?post=6294"},{"taxonomy":"topic","embeddable":true,"href":"https:\/\/tdcenter.org\/es\/wp-json\/wp\/v2\/topic?post=6294"}],"curies":[{"name":"wp","href":"https:\/\/api.w.org\/{rel}","templated":true}]}}