{"id":4918,"date":"2022-05-16T07:58:52","date_gmt":"2022-05-16T04:58:52","guid":{"rendered":"https:\/\/tdcenter.org\/?p=4918"},"modified":"2022-05-16T09:36:56","modified_gmt":"2022-05-16T06:36:56","slug":"german-97","status":"publish","type":"post","link":"https:\/\/tdcenter.org\/es\/2022\/05\/16\/german-97\/","title":{"rendered":"15.Mai, 2022 | T\u00e4gliches Briefing"},"content":{"rendered":"<p>02:05<\/p>\n\n\n\n<p>\u201eUnser Mut beeindruckt die Welt, unsere Musik spricht Europa an! N\u00e4chstes Jahr wird die Ukraine Eurovision ausrichten! Zum dritten Mal in der Geschichte &#8211; und ich glaube fest, dass es nicht das letzte wird. Wir werden unser Bestes tun, um eines Tages die Teilnehmer und G\u00e4ste von Eurovision im ukrainischen Mariupol zu beherbergen. Frei, friedlich, neu aufgebaut!\u00a0 Vielen Dank f\u00fcr den Gewinn an Kalush Orchestra und an alle, die f\u00fcr uns gestimmt haben!<\/p>\n\n\n\n<p>Ich bin sicher, dass unser siegreicher Auftritt auch im Kampf mit dem Feind nicht weit entfernt ist.<\/p>\n\n\n\n<p>Ruhm der Ukraine! &#x1f1fa;&#x1f1e6;\u201d <a href=\"https:\/\/t.me\/V_Zelenskiy_official\">sagte<\/a> der Pr\u00e4sident der Ukraine, Wolodymyr Selenskyj.<\/p>\n\n\n\n<figure class=\"wp-block-image\"><img decoding=\"async\" src=\"https:\/\/lh3.googleusercontent.com\/uxhYPT8q0jJkziCn-nKIkovV2Yr80eehZrnpN5Jg0cJnMJGzn6RUyO2b-CDQ-JOlOeok_bg512hZtU_RD4zie6r3iRd-akV0iQzYKCvRBwupJQ0zfIkXoWSAJJP9pE2QYOlzWXlSPb-pWZDIBI4R9AluQwwI\" alt=\"\"\/><\/figure>\n\n\n\n<p>08:10<\/p>\n\n\n\n<p><strong>Ein weiterer n\u00e4chtlicher Raketenangriff in der Region Lwiw.<\/strong><\/p>\n\n\n\n<p>\u201eGegen 4:30 Uhr gab es einen Raketenangriff auf eine milit\u00e4rische Einrichtung. Angaben zu Toten und Verletzten liegen derzeit noch nicht vor. Die Art und das Ausma\u00df der Zerst\u00f6rung werden derzeit gekl\u00e4rt \u201c, <a href=\"https:\/\/t.me\/kozytskyy_maksym_official\/2563\">schrieb<\/a> Maksym Kosyzkyi, der Leiter der regionalen Milit\u00e4rverwaltung von Lwiw.<\/p>\n\n\n\n<p>08:50<\/p>\n\n\n\n<p><strong>Elf Artillerieangriffe wurden tags\u00fcber vom Aggressor auf Sjewjerodonezk ausgef\u00fchrt, hierbei gab es Verwundete.<\/strong><\/p>\n\n\n\n<p>Vier Einwohner der Region Luhansk wurden am 14. Mai durch russischen Beschuss verletzt,<a href=\"https:\/\/t.me\/luhanskaVTSA\/2601\"> berichtet<\/a> der regionale Milit\u00e4rchef Serhij Hajdaj.<\/p>\n\n\n\n<p>\u201e40 % aller russischen Angriffe am 14. Mai trafen Sjewjerodonezk. Etwa die gleiche Zahl traf die Gemeinden Hirske und Popasna. Es gibt viel Verw\u00fcstung. Getroffen wurden unter anderem elf Mehrfamilienh\u00e4user in den neuen und alten Stadtteilen, in mehreren von ihnen wurden Br\u00e4nde ausgel\u00f6st. Die Russen trafen das Geb\u00e4ude einer technischen Schule und setzen die Zerst\u00f6rung der chemischen Anlage &#8220;Asot&#8221; fort. Die Flammen haben gestern Morgen nach einem Treffer eine der Produktionshallen erfasst.\u201c, sagt Hajdaj.<\/p>\n\n\n\n<figure class=\"wp-block-image\"><img decoding=\"async\" src=\"https:\/\/lh5.googleusercontent.com\/5JC9Zh0VBpoXEE96wMUiLqFrPMZxIo7CXJzyXPQToBGORfZaI5yfeBqT5mNwZ6U49hQh872zxvXn4O44eGr1wl22-Bgw5qUPiBD4U0X1lNbqfy2shOncQ8TQfosQRGxYmgniwr5ANIRFKR5RQCkxNki4E-Gf\" alt=\"\"\/><\/figure>\n\n\n\n<figure class=\"wp-block-image\"><img decoding=\"async\" src=\"https:\/\/lh4.googleusercontent.com\/8fhvlj012kBj3JxXhpdC5t-tT8VHKcIxlESX0mX-8IwG-PNuX74sxPSEfdZIyFlszR7r7Uh2_-W1z6ZQDFrTCLGzDQNkNwv6keCHJSdDSMsErqTivij_0FHmnkhxWe1di5Wj9Dg5LIn1m7wdSz7YP0PXcErk\" alt=\"\"\/><\/figure>\n\n\n\n<figure class=\"wp-block-image\"><img decoding=\"async\" src=\"https:\/\/lh5.googleusercontent.com\/HoyQb288qPJ5nJjaHqA_TJUwe18kjrdIhzlN0nuGtJlyly3xAFf49Io89UEzDAlJD_wggcuFVhLzCTmMcbCH2_RQtOJsTm_CRLKy-V36v5jJlhI9jy2lWKLjk9V5pqWGD4xIm1jfYLj7dwBGxxobSh6PMQvS\" alt=\"\"\/><\/figure>\n\n\n\n<p>09:00<\/p>\n\n\n\n<p><strong>Vorsicht! Die Russen bereiten einen Desinformationsversuch mit Kindern und Eltern aus Mariupol vor.<\/strong><\/p>\n\n\n\n<p>Daf\u00fcr wollen sie die Eltern von Kindern nutzen, die nach Russland und Donezk verschleppt wurden.<\/p>\n\n\n\n<p>&#8220;Durch die Drohung mit Trennung von den eigenen Kindern werden die Eltern gezwungen, ein Appellvideo aufzunehmen, in dem sie \u201ebezeugen\u201c, dass die Trennung von Eltern und Kindern von K\u00e4mpfern des Asow-Regiments und milit\u00e4rischen Nationalisten der Ukraine durchgef\u00fchrt wurde. Au\u00dferdem, dass es die ukrainischen Soldaten sind, die die Wiedervereinigung der Familien behindern, einschlie\u00dflich der Eltern mit Kindern, die in Krankenh\u00e4usern waren.\u201c, sagte der Berater des B\u00fcrgermeisters von Mariupol, Petro Andrjuschtschenko.<\/p>\n\n\n\n<p>Nach diesen Videos planen die Russen eine &#8220;zweite Serie&#8221;, in der sie die Kinder &#8220;finden und zu ihren Eltern zur\u00fcckbringen&#8221;, um die Wirkung der Propaganda zu verst\u00e4rken.<\/p>\n\n\n\n<p><a href=\"https:\/\/spravdi.gov.ua\">https:\/\/spravdi.gov.ua<\/a><\/p>\n\n\n\n<h4 class=\"wp-block-heading\"><strong>09:15<\/strong><\/h4>\n\n\n\n<p><strong>Es gibt Videomaterial, die den verbotenen<\/strong> <strong>Phosphor- oder Brandbombeneinsatz gegen die ukrainischen Verteidiger des Werkes Asow-Stahl bezeugen.<\/strong><\/p>\n\n\n\n<p>&#8220;Gestern haben die Besatzer zum ersten Mal Brand- oder Phosphorbomben gegen die Verteidiger von Mariupol eingesetzt. [\u2026] Die Besatzer selbst behaupten, dass sie 9M22C-Brandgranaten mit Thermit verwendet haben.\u201c, <a href=\"https:\/\/t.me\/andriyshTime\/891\">schrieb<\/a> Petro Andrjuschtschenko, der Berater des B\u00fcrgermeisters von Mariupol.<\/p>\n\n\n\n<p>11:50<\/p>\n\n\n\n<p><strong>2.500 Tschetschenen k\u00e4mpften bisher auf Seiten Russlands gegen die Ukraine. Der ukrainische Geheimdienst hat die Liste ver\u00f6ffentlicht.<\/strong><\/p>\n\n\n\n<p>\u201eUngef\u00e4hr 2.500 Milit\u00e4rangeh\u00f6rige aus der Republik Tschetschenien haben bisher an der Milit\u00e4rinvasion in der Ukraine teilgenommen\u201c, <a href=\"https:\/\/t.me\/DIUkraine\/492\">berichtet<\/a> der Hauptnachrichtendienst des Verteidigungsministeriums der Ukraine.<\/p>\n\n\n\n<p>\u201eDie sogenannten \u201eKadyrowzy\u201c betreteten die Ukraine bereits in den ersten Tagen des russischen \u00dcberfalls. In der zweiten Stufe der Offensive durchsuchten sie H\u00e4user, misshandelten Geiseln und Zivilisten, pl\u00fcnderten und raubten. &#8220;Nachdem die russischen Truppen die ersten gro\u00dfen Verluste erlitten hatten, wurde den M\u00e4nnern befohlen, die sich zur\u00fcckziehenden Soldaten aufzuhalten und diejenigen, die sich weigerten, demonstrativ zu erschie\u00dfen.&#8221;<\/p>\n\n\n\n<p><strong>Hier ist eine Liste tschetschenischer Milit\u00e4rs mit Kontaktdaten und Adressen, die von dem<\/strong><a href=\"https:\/\/gur.gov.ua\/content\/u-viiskovomu-vtorhnenni-v-ukrainu-bralo-uchast-blyzko-25-tysiach-boiovykiv-z-chechenskoi-respubliky.html\"><strong> <\/strong><strong>ukrainischen Nachrichtendienst HUR MOU<\/strong><\/a><strong> <\/strong><strong>ver\u00f6ffentlicht wurde.<\/strong><\/p>\n\n\n\n<p>12:00<br><a href=\"https:\/\/twitter.com\/DefenceHQ\/status\/1525704747721842688\"><strong>Russland wird im n\u00e4chsten Monat nicht mehr in der Lage sein, dramatische Fortschritte an der Front zu erzielen, hei\u00dft es in einer Einsch\u00e4tzung des britischen Verteidigungsministeriums.<\/strong><\/a><\/p>\n\n\n\n<figure class=\"wp-block-image\"><img decoding=\"async\" src=\"https:\/\/lh5.googleusercontent.com\/SWIihB0iLQlJ7zVnRnxNFhhC_phNwOmBcDgdtglbqhJL7zE37CeqLwxh7bLi-NTSgi2s_eLf2T-_SdIORXDByviw1vqkkVHy7NxFO549eIg9vnAUTaRYG3RhBAIHj-Y0iMME4xok-oaxpJWHwu5fFcC2mon_\" alt=\"\"\/><\/figure>\n\n\n\n<h4 class=\"wp-block-heading\" id=\"h-12-10\"><strong>12:10<\/strong><\/h4>\n\n\n\n<p>Vier Raketen trafen eine milit\u00e4rische Einrichtung im Jaworiw-Bezirk. Es wurde vollst\u00e4ndig zerst\u00f6rt. Zum Gl\u00fcck gab es keine Opfer. &#8211; Details \u00fcber den <a href=\"https:\/\/tsn.ua\/ukrayina\/okupanti-raketami-obstrilyali-lvivschinu-cillyu-stav-ob-yekt-viyskovoyi-infrastrukturi-2062252.html\"><strong>morgendlichen Beschuss der Lwiwer Region<\/strong><\/a> wurden vom B\u00fcrgermeister Andrij Sadowyj bekannt gegeben.<\/p>\n\n\n\n<p>\u201eLuftverteidigungskr\u00e4fte haben zwei Raketen abgeschossen. Die in Lwiw h\u00f6rbar gewesenen&nbsp; Explosionen sind eigentlich das Ergebnis der Luftverteidigung. Vielen Dank, dass Sie unsere Sicherheit sch\u00fctzen! Diesmal war das Ziel 15 Kilometer von der Grenze zu Polen, der EU und der NATO entfernt\u201c, sagte Sadowyj.<\/p>\n\n\n\n<h4 class=\"wp-block-heading\" id=\"h-13-20\"><strong>13:20<\/strong><\/h4>\n\n\n\n<p>W\u00e4hrend der Abstimmung griffen russische Hacker die Netzinfrastruktur von Eurovision an. &#8211; <a href=\"https:\/\/www.reuters.com\/\"><strong>berichtet<\/strong><\/a> Reuters und weist auf eine Erkl\u00e4rung der italienischen Polizei hin.<\/p>\n\n\n\n<p>Der italienischen Polizei ist es gelungen, mehrere Hackerangriffe w\u00e4hrend der Abstimmung zum \u201eEurovision 2022\u201c-Wettbewerb am 10. Mai in Turin zu verhindern, die von der Hackergruppe \u201eKillnet\u201c und ihrem Zweig \u201eLegion\u201c begangen wurden.<\/p>\n\n\n\n<p>Im Telegram-Kanal \u201eLegion\u201c wurden Meldungen ver\u00f6ffentlicht, wonach die Server des Musikwettbewerbs DDoS-Attacken ausgesetzt werden sollen. Der Angriff wurde vor der Abstimmung koordiniert, dauerte aber nur 13 Minuten. Danach wurde den Mitgliedern der Gruppe gesagt: \u201eGut gemacht! Vielen Dank f\u00fcr Euren Einsatz.\u201c<\/p>\n\n\n\n<h4 class=\"wp-block-heading\" id=\"h-13-30\"><strong>13:30<\/strong><\/h4>\n\n\n\n<p>In der Nacht am 15. Mai schossen die Luftverteidigungskr\u00e4fte eine russische Rakete in der Region Kirowohrad ab. &#8211; berichtet der Leiter von der Kirowohrader Milit\u00e4rverwaltung <a href=\"https:\/\/www.facebook.com\/andriy.raykovich\/posts\/1695042964184113\"><strong>Andrij Rajkowytsch<\/strong><\/a><strong>.<\/strong><\/p>\n\n\n\n<p>&#8220;Am Morgen wurde im Bezirk Oleksandrijskyj eine Rakete, die in Richtung Kropywnytskyj flog, von Luftverteidigungskr\u00e4ften abgeschossen!&#8221;<\/p>\n\n\n\n<h4 class=\"wp-block-heading\" id=\"h-14-20\"><strong>14:20<\/strong><\/h4>\n\n\n\n<p>Russische Invasoren best\u00e4tigten, dass sie in der Ukraine Phosphor- und Streubomben einsetzen, die durch internationale Konventionen verboten sind. &#8211; ein weiteres Abfangen des Gespr\u00e4chs der Besatzer durch den <a href=\"https:\/\/www.facebook.com\/SecurSerUkraine\/videos\/531456575325714\/\"><strong>Sicherheitsdienst der Ukraine<\/strong><\/a><\/p>\n\n\n\n<p>\u201cAlle warten bis Wolodja (Putin, d. Red.) die Schnauze voll hat. Er wird die Truppen abziehen und &#8220;Topol-M&#8221; (Atomwaffenf\u00e4hige Interkontinentalrakete, d. Red.) hierhin schie\u00dfen. Und du siehst doch alles was durch internationale Konventionen verboten wurde: Streubomben, Phosphor&nbsp; &#8211; alles wurde uns erlaubt und alles feuern wir hierhin\u201d, direkte Rede des Besatzers.<\/p>\n\n\n\n<h4 class=\"wp-block-heading\" id=\"h-14-30\"><strong>14:30<\/strong><\/h4>\n\n\n\n<p>Ein Beamter der Ukrsalisnytsja (Ukrainische Eisenbahn, d. Red.) wurde \u00fcber wegen des Verdachts auf Landesverrat festgenommen &#8211; er half den Besatzern, die Kommunikation zwischen den besetzten Gebieten Donezk und Russland wiederherzustellen. &#8211; B\u00fcro des <a href=\"https:\/\/t.me\/pgo_gov_ua\/4109?fbclid=IwAR31Q14KB5TwrT4m0AyQtfwf4dVrnvLDZ_dyqCEfLXptlKZahIoqDLtIs3g\"><strong>Generalstaatsanwalts<\/strong><\/a><\/p>\n\n\n\n<p>Er stimmte einem Vorschlag der russischen Besatzungsmacht zu und erhielt eine \u00e4hnliche Position in der Struktur des Donezker Pseudo-Verkehrsministeriums.<\/p>\n\n\n\n<p>Es wird darauf hingewiesen, dass der Verd\u00e4chtige pers\u00f6nlich die Reparaturarbeiten auf dem Territorium des w\u00e4hrend der K\u00e4mpfe besch\u00e4digten Bahnhofstations \u00fcberwachte, um die Eisenbahnverbindung zwischen dem zurzeit besetzten Gebiet der Region Donezk und Russland wiederherzustellen.<\/p>\n\n\n\n<h4 class=\"wp-block-heading\" id=\"h-14-15\"><strong>14:15<\/strong><\/h4>\n\n\n\n<p>\u201eIhnen werden Gliedma\u00dfen amputiert, selbst mit leichten Verletzungen und ohne Schmerzmittel, sie schneiden sie einfach lebend ab\u2026 Sie haben keine Medizin. Sie haben <strong>ein Glas Wasser f\u00fcr alle<\/strong> \u2013 sie trinken alle 5-6 Stunden einen Schluck\u201c, sagte eine Frau aus Mariupol.&nbsp;<\/p>\n\n\n\n<p>Die Region, in der sich das Krankenhaus befindet, ist sehr hei\u00df, es gibt kaum M\u00f6glichkeiten, Essen und Wasser zu transportieren, da beides beinahe aufgebraucht ist. Bei den Menschen entwickelt sich Sepsis. Die Frauen sind \u00fcberzeugt, dass &#8220;eine milit\u00e4rische <strong>Entsperrung m\u00f6glich ist, aber es daf\u00fcr keine Zeit gibt<\/strong>&#8220;, weil sie f\u00fcr Mariupol nur dann m\u00f6glich w\u00e4re, wenn andere St\u00e4dte befreit sind.<\/p>\n\n\n\n<h4 class=\"wp-block-heading\" id=\"h-14-50\"><strong>14:50<\/strong><\/h4>\n\n\n\n<p>Russische Besatzer foltern als Geiseln genommene Zivilisten in Cherson. &#8211; <a href=\"https:\/\/t.me\/denisovaombudsman\/5998\"><strong>meldet<\/strong><\/a> die Menschenrechtsbeauftragte der Werchowna Rada (Ukrainisches Parlament, d. Red.) Ljudmyla Denisowa.<\/p>\n\n\n\n<p>Bei Stra\u00dfenkontrollen untersuchen die Besatzer den K\u00f6rper auf T\u00e4towierungen, durchsuchen den Inhalt von Telefon, Auto und anderen Sachen. Viele fallen in dieser &#8220;Prozedur&#8221; durch. Danach werden Menschen in unbekannte Richtung abgef\u00fchrt. Einwohner von Cherson, die gefangen genommen wurden und in ukrainisch kontrolliertes Gebiet geflohen sind, berichten von Missbrauch und Gewalt w\u00e4hrend der Verh\u00f6re. Die Folter, Entf\u00fchrung und T\u00f6tung von Zivilisten durch russisches Milit\u00e4r ist nichts anderes als ein Terrorakt laut des \u00dcbereinkommens des Europarates zur Verh\u00fctung von Terrorismus und Kriegsverbrechen gem\u00e4\u00df Artikel 8 des R\u00f6mischen Statuts des Internationalen Strafgerichtshofs\u201c, betont die Menschenrechtsbeauftragte und fordert die UNO auf, die russischen Kriegsverbrechen in der Ukraine zu ber\u00fccksichtigen.<\/p>\n\n\n\n<h4 class=\"wp-block-heading\" id=\"h-15-05\"><strong>15:05<\/strong><\/h4>\n\n\n\n<p>Russland f\u00fchrt im ORDLO eine verdeckte Mobilisierung durch: M\u00e4nner werden an die Front geschickt und Daten von Frauen gesammelt. &#8211; <a href=\"https:\/\/t.me\/denisovaombudsman\/6000\"><strong>meldete<\/strong><\/a> die Menschenrechtsbeauftragte der Werchowna Rada Ljudmyla Denisowa.<\/p>\n\n\n\n<p>&#8220;Russland f\u00fchrt eine verdeckte Mobilisierung in den zurzeit besetzten ukrainischen Gebieten durch und es ist geplant, sogar Frauen in die russischen Streitkr\u00e4fte einzuziehen. Solche Ma\u00dfnahmen begannen insbesondere auf der zurzeit besetzten Krim, wo sich viele B\u00fcrger w\u00e4hrend der Wehrpflicht weigern, gegen die ukrainische Armee zu k\u00e4mpfen und wenn, sich den Streitkr\u00e4ften dann ergeben.\u201d &#8211; informiert Denisowa.<\/p>\n\n\n\n<h4 class=\"wp-block-heading\" id=\"h-15-45\"><strong>15:45<\/strong><\/h4>\n\n\n\n<p>\u201cDie russischen Besatzer haben am 14. Mai auf ein Krankenhaus in Sewerodonezk geschossen und dabei neun Menschen verletzt.\u201d &#8211; <a href=\"https:\/\/t.me\/luhanskaVTSA\/2618\"><strong>Serhij Hajdaj<\/strong><\/a>, der Leiter der Milit\u00e4rverwaltung von Luhansk<\/p>\n\n\n\n<p>Nach Angaben der Milit\u00e4rverwaltung der Region f\u00fchrten die Russen am 14. Mai insgesamt 11 Angriffe auf die Stadt durch.<\/p>\n\n\n\n<figure class=\"wp-block-image\"><img decoding=\"async\" src=\"https:\/\/lh3.googleusercontent.com\/vXeAaCkzp2YgzEMPliZjJB1MvgAxEGOIXzEAoFFdKPwugPshIGHmMfXlgQg5yZGag4bE47rMWqNfE8kPCpa_78KbEXTFxp4VeZy7g5LtIO23qE5VgC4iLc7dkE1ExO6393088g5LZgddNpIHRg\" alt=\"\"\/><\/figure>\n\n\n\n<h4 class=\"wp-block-heading\" id=\"h-16-00\"><strong>16:00<\/strong><\/h4>\n\n\n\n<p>Der Berater des B\u00fcrgermeisters von Mariupol, Petro Andrjyschtschenko, stellt fest, dass die von russischen Invasoren blockierte Stadt eine h\u00f6here Sterblichkeitsrate aufweist, insbesondere unter Menschen mittleren Alters. &#8211; Telegramkanal <a href=\"https:\/\/t.me\/andriyshTime\/898\">\u0410\u043d\u0434\u0440\u044e\u0449\u0435\u043d\u043a\u043e Time<\/a><\/p>\n\n\n\n<p>\u201eDer traurige Strom des Todes l\u00e4sst nicht nach. Die Menschen sterben nicht am Beschuss, sondern an den Folgen der Besatzung. Nervenzusammenbr\u00fcche, mangelnde medizinische Versorgung, unhygienische Zust\u00e4nde und geschw\u00e4chte Immunit\u00e4t durch Hunger sind die vier Reiter der Apokalypse in Mariupol.\u201c &#8211; so Andrjyschtschenko<\/p>\n\n\n\n<h4 class=\"wp-block-heading\" id=\"h-16-50\"><strong>16:50<\/strong><\/h4>\n\n\n\n<p>Russland zerst\u00f6rt medizinische Infrastruktur in der Ukraine: bisher 616 zerst\u00f6rte Einrichtungen &#8211; <a href=\"https:\/\/t.me\/denisovaombudsman\/6000\"><strong>meldete<\/strong><\/a> die Menschenrechtsbeauftragte der Werchowna Rada Ljudmyla Denisowa.<\/p>\n\n\n\n<p>In den achtzig Tagen des umfassenden Krieges Russlands gegen die Ukraine haben die Truppen des Aggressors bereits 616 medizinische Einrichtungen beschossen, von denen 101 vollst\u00e4ndig zerst\u00f6rt wurden. Nach Angaben des ukrainischen Gesundheitsministers Viktor Ljaschko werden 32 Mrd. UAH (etwa 1 Mrd. Euro) ben\u00f6tigt, um sie wiederherzustellen.<\/p>\n\n\n\n<h4 class=\"wp-block-heading\" id=\"h-17-00\"><strong>17:00<\/strong><\/h4>\n\n\n\n<p>Dem Leiter der Milit\u00e4rverwaltung von Luhansk, Serhij <a href=\"https:\/\/t.me\/serhiy_hayday\/6511\"><strong>Hajdaj<\/strong><\/a>, zufolge ist ein Evakuierungsfahrzeug mit Kindern unter russischen Beschuss geraten.<\/p>\n\n\n\n<p>\u201cZehn Personen wurden evakuiert, darunter vier Kinder und zwei Personen mit eingeschr\u00e4nkter Mobilit\u00e4t. In Sewerodonezk beschie\u00dfen die Russen die Bev\u00f6lkerung und zerst\u00f6ren H\u00e4user. Es gibt mehr Menschen, die bereit sind zu evakuieren. Streifenpolizisten konnten zehn Personen abholen, wobei das Fahrzeug unter russischen Beschuss geriet. Gl\u00fccklicherweise gibt es keine Verletzten, es gelang schnell zu fliehen.\u201d<\/p>\n\n\n\n<h4 class=\"wp-block-heading\" id=\"h-17-10\"><strong>17:10<\/strong><\/h4>\n\n\n\n<p>Der Vorsitzende der ukrainischen Jury bei Eurovision 2022 entschuldigte sich beim polnischen Volk f\u00fcr die niedrige Bewertung. Ihm zufolge setzten die Jurymitglieder keine Punkte, sondern eine Position. Das hei\u00dft, 1 &#8211; f\u00fcr die beste Leistung, 24 &#8211; f\u00fcr die Schlechteste. \u201eIch wusste nicht, wie das Ergebnis aussehen w\u00fcrde, ich habe es w\u00e4hrend der Live-\u00dcbertragung gesehen. Ich entschuldige mich beim polnischen Volk\u201c, <a href=\"https:\/\/www.the-village.com.ua\/village\/culture\/culture-news\/325969-golova-ukrayinskogo-zhuri-na-evrobachenni-vibachivsya-pered-polscheyu-za-nizku-otsinku?fbclid=IwAR05rKOO2g7hpohsd6WxsJ1S-MXRdGfehvpxQpj8yM__Z59zGXvFvwLBBlA\">sagte<\/a> Vadym Lysytsja.<\/p>\n\n\n\n<p>Der Kulturminister der Ukraine, <a href=\"https:\/\/www.facebook.com\/photo\/?fbid=5233159083418318&amp;set=a.337473642986911\">Oleksandr Tkatschenko<\/a>, \u00e4u\u00dferte seinerseits seine Meinung zu den Bewertungen der ukrainischen Jury f\u00fcr Polen und Litauen. \u201eDiese Einsch\u00e4tzung spiegelt in keiner Weise unsere wirkliche Einstellung zu Ihnen, unseren engsten Freunden in Europa, wider. Es ist eine Schande f\u00fcr Polen und Litauen, 0 zu setzen. Die Menschen in der Ukraine haben Ihnen 12 gegeben!\u201c<\/p>\n\n\n\n<h4 class=\"wp-block-heading\" id=\"h-18-00\"><strong>18:00<\/strong><\/h4>\n\n\n\n<p>Alle von der Ukraine kontrollierten Siedlungen des Gebiets Luhansk sind ohne jegliche Kommunikation und Mobilfunknetz. Laut der <a href=\"https:\/\/fb.watch\/d0XyKhbxrE\/\">Nationalen Polizei<\/a> in der Region Luhansk vernichten die Russen gezielt die lebenswichtigen Objekte.<\/p>\n\n\n\n<h4 class=\"wp-block-heading\" id=\"h-18-40\"><strong>18:40<\/strong><\/h4>\n\n\n\n<p>In Huljajpoli, Region Saporischschja, wurden infolge eines bewaffneten Angriffs der Besatzer die H\u00e4user der Bewohner besch\u00e4digt. &#8211; berichtet die Milit\u00e4rverwaltung von Saporischschja.<\/p>\n\n\n\n<p>\u00dcber die Verletzten wurden keine Angaben gemacht. Am 14. Mai fuhren die Besatzer damit fort, Huljajpoli zu beschie\u00dfen und den ganzen Tag zivile Infrastruktur zu zerst\u00f6ren. Die SBU in der Region Saporischschja erhielt Materialien f\u00fcr die Er\u00f6ffnung eines Strafverfahrens nach Teil 1 Art. 438 des Strafgesetzbuches &#8220;Verletzung der Gesetze und Gebr\u00e4uche des Krieges.&#8221;<img fetchpriority=\"high\" decoding=\"async\" src=\"https:\/\/lh5.googleusercontent.com\/F4pGyjswzRJR4Scmx3_dTJIkSFbJmgBEllnTrnTL35ZqB7PhG2g9C2hzGog921N9rh_3Uqas17Bq7CcAL9fv0oSzZ5DsphS15FZKA6H39v-MS8Ro7FqLc8eCmbl9r0xEiZfzQBPhq9cZIGPkwA\" width=\"588\" height=\"441\"><\/p>\n\n\n\n<h4 class=\"wp-block-heading\" id=\"h-19-20\"><strong>19:20<\/strong><\/h4>\n\n\n\n<p>Am 14. Mai starben in Sewerodonezk zwei Menschen durch den Beschuss der Besatzer. Das teilte der regionale Milit\u00e4rchef Serhij Hajdaj mit.<\/p>","protected":false},"excerpt":{"rendered":"<p>02:05 \u201eUnser Mut beeindruckt die Welt, unsere Musik spricht Europa an! N\u00e4chstes Jahr wird die Ukraine Eurovision ausrichten! Zum dritten Mal in der Geschichte &#8211; und ich glaube fest, dass es nicht das letzte wird. Wir werden unser Bestes tun, um eines Tages die Teilnehmer und G\u00e4ste von Eurovision im ukrainischen Mariupol zu beherbergen. Frei, [&hellip;]<\/p>","protected":false},"author":1,"featured_media":4914,"comment_status":"open","ping_status":"open","sticky":false,"template":"","format":"standard","meta":{"footnotes":""},"categories":[1,16],"tags":[],"topic":[],"class_list":["post-4918","post","type-post","status-publish","format-standard","has-post-thumbnail","hentry","category-uncategorized","category-german"],"mb":[],"yoast_head":"<!-- This site is optimized with the Yoast SEO Premium plugin v25.6 (Yoast SEO v25.6) - https:\/\/yoast.com\/wordpress\/plugins\/seo\/ -->\n<title>Nachrichten aus der Ukraine vom 15 Mai<\/title>\n<meta name=\"description\" content=\"Transatlantic Dialogue Center - Promoting International Peace and Security at Kyiv, Ukraine - Nachrichten aus der Ukraine vom 15. Mai\" \/>\n<meta name=\"robots\" content=\"index, follow, max-snippet:-1, max-image-preview:large, max-video-preview:-1\" \/>\n<link rel=\"canonical\" href=\"https:\/\/tdcenter.org\/es\/2022\/05\/16\/german-97\/\" \/>\n<meta property=\"og:locale\" content=\"es_ES\" \/>\n<meta property=\"og:type\" content=\"article\" \/>\n<meta property=\"og:title\" content=\"15.Mai, 2022 | T\u00e4gliches Briefing\" \/>\n<meta property=\"og:description\" content=\"Transatlantic Dialogue Center (TDC) is a non-governmental and non-partisan think tank that provides high-quality policy advice to private and public clients. The network of our friends and partners includes government officials, members of parliaments, businessmen, journalists, experts and analysts.\" \/>\n<meta property=\"og:url\" content=\"https:\/\/tdcenter.org\/es\/2022\/05\/16\/german-97\/\" \/>\n<meta property=\"og:site_name\" content=\"Transatlantic Dialogue Center\" \/>\n<meta property=\"article:publisher\" content=\"https:\/\/www.facebook.com\/Transatlantic-Dialogue-Center-105645698740463\" \/>\n<meta property=\"article:published_time\" content=\"2022-05-16T04:58:52+00:00\" \/>\n<meta property=\"article:modified_time\" content=\"2022-05-16T06:36:56+00:00\" \/>\n<meta property=\"og:image\" content=\"https:\/\/tdcenter.org\/wp-content\/uploads\/2022\/05\/photo_2022-05-14_13-17-29.jpg\" \/>\n\t<meta property=\"og:image:width\" content=\"1280\" \/>\n\t<meta property=\"og:image:height\" content=\"899\" \/>\n\t<meta property=\"og:image:type\" content=\"image\/jpeg\" \/>\n<meta name=\"author\" content=\"tdcadmin\" \/>\n<meta name=\"twitter:card\" content=\"summary_large_image\" \/>\n<meta name=\"twitter:label1\" content=\"Escrito por\" \/>\n\t<meta name=\"twitter:data1\" content=\"tdcadmin\" \/>\n\t<meta name=\"twitter:label2\" content=\"Tiempo de lectura\" \/>\n\t<meta name=\"twitter:data2\" content=\"10 minutos\" \/>\n<script type=\"application\/ld+json\" class=\"yoast-schema-graph\">{\"@context\":\"https:\/\/schema.org\",\"@graph\":[{\"@type\":\"Article\",\"@id\":\"https:\/\/tdcenter.org\/2022\/05\/16\/german-97\/#article\",\"isPartOf\":{\"@id\":\"https:\/\/tdcenter.org\/2022\/05\/16\/german-97\/\"},\"author\":{\"name\":\"tdcadmin\",\"@id\":\"https:\/\/tdcenter.org\/#\/schema\/person\/93d6a1a71a5db737f83ae00987761c07\"},\"headline\":\"15.Mai, 2022 | T\u00e4gliches Briefing\",\"datePublished\":\"2022-05-16T04:58:52+00:00\",\"dateModified\":\"2022-05-16T06:36:56+00:00\",\"mainEntityOfPage\":{\"@id\":\"https:\/\/tdcenter.org\/2022\/05\/16\/german-97\/\"},\"wordCount\":1910,\"commentCount\":0,\"publisher\":{\"@id\":\"https:\/\/tdcenter.org\/#organization\"},\"image\":{\"@id\":\"https:\/\/tdcenter.org\/2022\/05\/16\/german-97\/#primaryimage\"},\"thumbnailUrl\":\"https:\/\/tdcenter.org\/wp-content\/uploads\/2022\/05\/photo_2022-05-14_13-17-29.jpg\",\"articleSection\":[\"Briefings\",\"German\"],\"inLanguage\":\"es\",\"potentialAction\":[{\"@type\":\"CommentAction\",\"name\":\"Comment\",\"target\":[\"https:\/\/tdcenter.org\/2022\/05\/16\/german-97\/#respond\"]}]},{\"@type\":\"WebPage\",\"@id\":\"https:\/\/tdcenter.org\/2022\/05\/16\/german-97\/\",\"url\":\"https:\/\/tdcenter.org\/2022\/05\/16\/german-97\/\",\"name\":\"Nachrichten aus der Ukraine vom 15 Mai\",\"isPartOf\":{\"@id\":\"https:\/\/tdcenter.org\/#website\"},\"primaryImageOfPage\":{\"@id\":\"https:\/\/tdcenter.org\/2022\/05\/16\/german-97\/#primaryimage\"},\"image\":{\"@id\":\"https:\/\/tdcenter.org\/2022\/05\/16\/german-97\/#primaryimage\"},\"thumbnailUrl\":\"https:\/\/tdcenter.org\/wp-content\/uploads\/2022\/05\/photo_2022-05-14_13-17-29.jpg\",\"datePublished\":\"2022-05-16T04:58:52+00:00\",\"dateModified\":\"2022-05-16T06:36:56+00:00\",\"description\":\"Transatlantic Dialogue Center - Promoting International Peace and Security at Kyiv, Ukraine - Nachrichten aus der Ukraine vom 15. Mai\",\"breadcrumb\":{\"@id\":\"https:\/\/tdcenter.org\/2022\/05\/16\/german-97\/#breadcrumb\"},\"inLanguage\":\"es\",\"potentialAction\":[{\"@type\":\"ReadAction\",\"target\":[\"https:\/\/tdcenter.org\/2022\/05\/16\/german-97\/\"]}]},{\"@type\":\"ImageObject\",\"inLanguage\":\"es\",\"@id\":\"https:\/\/tdcenter.org\/2022\/05\/16\/german-97\/#primaryimage\",\"url\":\"https:\/\/tdcenter.org\/wp-content\/uploads\/2022\/05\/photo_2022-05-14_13-17-29.jpg\",\"contentUrl\":\"https:\/\/tdcenter.org\/wp-content\/uploads\/2022\/05\/photo_2022-05-14_13-17-29.jpg\",\"width\":1280,\"height\":899},{\"@type\":\"BreadcrumbList\",\"@id\":\"https:\/\/tdcenter.org\/2022\/05\/16\/german-97\/#breadcrumb\",\"itemListElement\":[{\"@type\":\"ListItem\",\"position\":1,\"name\":\"Home\",\"item\":\"https:\/\/tdcenter.org\/\"},{\"@type\":\"ListItem\",\"position\":2,\"name\":\"15.Mai, 2022 | T\u00e4gliches Briefing\"}]},{\"@type\":\"WebSite\",\"@id\":\"https:\/\/tdcenter.org\/#website\",\"url\":\"https:\/\/tdcenter.org\/\",\"name\":\"Transatlantic Dialogue Center\",\"description\":\"Promoting International Peace and Security\",\"publisher\":{\"@id\":\"https:\/\/tdcenter.org\/#organization\"},\"potentialAction\":[{\"@type\":\"SearchAction\",\"target\":{\"@type\":\"EntryPoint\",\"urlTemplate\":\"https:\/\/tdcenter.org\/?s={search_term_string}\"},\"query-input\":{\"@type\":\"PropertyValueSpecification\",\"valueRequired\":true,\"valueName\":\"search_term_string\"}}],\"inLanguage\":\"es\"},{\"@type\":\"Organization\",\"@id\":\"https:\/\/tdcenter.org\/#organization\",\"name\":\"Transatlantic Dialogue Center\",\"url\":\"https:\/\/tdcenter.org\/\",\"logo\":{\"@type\":\"ImageObject\",\"inLanguage\":\"es\",\"@id\":\"https:\/\/tdcenter.org\/#\/schema\/logo\/image\/\",\"url\":\"https:\/\/tdcenter.org\/wp-content\/uploads\/2022\/04\/google.png\",\"contentUrl\":\"https:\/\/tdcenter.org\/wp-content\/uploads\/2022\/04\/google.png\",\"width\":2568,\"height\":2487,\"caption\":\"Transatlantic Dialogue Center\"},\"image\":{\"@id\":\"https:\/\/tdcenter.org\/#\/schema\/logo\/image\/\"},\"sameAs\":[\"https:\/\/www.facebook.com\/Transatlantic-Dialogue-Center-105645698740463\",\"https:\/\/www.youtube.com\/channel\/UCpJuhU4JBfpv_jsldNOc5LA\"]},{\"@type\":\"Person\",\"@id\":\"https:\/\/tdcenter.org\/#\/schema\/person\/93d6a1a71a5db737f83ae00987761c07\",\"name\":\"tdcadmin\",\"image\":{\"@type\":\"ImageObject\",\"inLanguage\":\"es\",\"@id\":\"https:\/\/tdcenter.org\/#\/schema\/person\/image\/\",\"url\":\"https:\/\/tdcenter.org\/wp-content\/litespeed\/avatar\/591094187f87a3c5c4f3f5415d24bd3d.jpg?ver=1777459311\",\"contentUrl\":\"https:\/\/tdcenter.org\/wp-content\/litespeed\/avatar\/591094187f87a3c5c4f3f5415d24bd3d.jpg?ver=1777459311\",\"caption\":\"tdcadmin\"},\"sameAs\":[\"https:\/\/tdcenter.org\"]}]}<\/script>\n<!-- \/ Yoast SEO Premium plugin. -->","yoast_head_json":{"title":"Nachrichten aus der Ukraine vom 15 Mai","description":"Transatlantic Dialogue Center - Promoting International Peace and Security at Kyiv, Ukraine - Nachrichten aus der Ukraine vom 15. Mai","robots":{"index":"index","follow":"follow","max-snippet":"max-snippet:-1","max-image-preview":"max-image-preview:large","max-video-preview":"max-video-preview:-1"},"canonical":"https:\/\/tdcenter.org\/es\/2022\/05\/16\/german-97\/","og_locale":"es_ES","og_type":"article","og_title":"15.Mai, 2022 | T\u00e4gliches Briefing","og_description":"Transatlantic Dialogue Center (TDC) is a non-governmental and non-partisan think tank that provides high-quality policy advice to private and public clients. The network of our friends and partners includes government officials, members of parliaments, businessmen, journalists, experts and analysts.","og_url":"https:\/\/tdcenter.org\/es\/2022\/05\/16\/german-97\/","og_site_name":"Transatlantic Dialogue Center","article_publisher":"https:\/\/www.facebook.com\/Transatlantic-Dialogue-Center-105645698740463","article_published_time":"2022-05-16T04:58:52+00:00","article_modified_time":"2022-05-16T06:36:56+00:00","og_image":[{"width":1280,"height":899,"url":"https:\/\/tdcenter.org\/wp-content\/uploads\/2022\/05\/photo_2022-05-14_13-17-29.jpg","type":"image\/jpeg"}],"author":"tdcadmin","twitter_card":"summary_large_image","twitter_misc":{"Escrito por":"tdcadmin","Tiempo de lectura":"10 minutos"},"schema":{"@context":"https:\/\/schema.org","@graph":[{"@type":"Article","@id":"https:\/\/tdcenter.org\/2022\/05\/16\/german-97\/#article","isPartOf":{"@id":"https:\/\/tdcenter.org\/2022\/05\/16\/german-97\/"},"author":{"name":"tdcadmin","@id":"https:\/\/tdcenter.org\/#\/schema\/person\/93d6a1a71a5db737f83ae00987761c07"},"headline":"15.Mai, 2022 | T\u00e4gliches Briefing","datePublished":"2022-05-16T04:58:52+00:00","dateModified":"2022-05-16T06:36:56+00:00","mainEntityOfPage":{"@id":"https:\/\/tdcenter.org\/2022\/05\/16\/german-97\/"},"wordCount":1910,"commentCount":0,"publisher":{"@id":"https:\/\/tdcenter.org\/#organization"},"image":{"@id":"https:\/\/tdcenter.org\/2022\/05\/16\/german-97\/#primaryimage"},"thumbnailUrl":"https:\/\/tdcenter.org\/wp-content\/uploads\/2022\/05\/photo_2022-05-14_13-17-29.jpg","articleSection":["Briefings","German"],"inLanguage":"es","potentialAction":[{"@type":"CommentAction","name":"Comment","target":["https:\/\/tdcenter.org\/2022\/05\/16\/german-97\/#respond"]}]},{"@type":"WebPage","@id":"https:\/\/tdcenter.org\/2022\/05\/16\/german-97\/","url":"https:\/\/tdcenter.org\/2022\/05\/16\/german-97\/","name":"Nachrichten aus der Ukraine vom 15 Mai","isPartOf":{"@id":"https:\/\/tdcenter.org\/#website"},"primaryImageOfPage":{"@id":"https:\/\/tdcenter.org\/2022\/05\/16\/german-97\/#primaryimage"},"image":{"@id":"https:\/\/tdcenter.org\/2022\/05\/16\/german-97\/#primaryimage"},"thumbnailUrl":"https:\/\/tdcenter.org\/wp-content\/uploads\/2022\/05\/photo_2022-05-14_13-17-29.jpg","datePublished":"2022-05-16T04:58:52+00:00","dateModified":"2022-05-16T06:36:56+00:00","description":"Transatlantic Dialogue Center - Promoting International Peace and Security at Kyiv, Ukraine - Nachrichten aus der Ukraine vom 15. Mai","breadcrumb":{"@id":"https:\/\/tdcenter.org\/2022\/05\/16\/german-97\/#breadcrumb"},"inLanguage":"es","potentialAction":[{"@type":"ReadAction","target":["https:\/\/tdcenter.org\/2022\/05\/16\/german-97\/"]}]},{"@type":"ImageObject","inLanguage":"es","@id":"https:\/\/tdcenter.org\/2022\/05\/16\/german-97\/#primaryimage","url":"https:\/\/tdcenter.org\/wp-content\/uploads\/2022\/05\/photo_2022-05-14_13-17-29.jpg","contentUrl":"https:\/\/tdcenter.org\/wp-content\/uploads\/2022\/05\/photo_2022-05-14_13-17-29.jpg","width":1280,"height":899},{"@type":"BreadcrumbList","@id":"https:\/\/tdcenter.org\/2022\/05\/16\/german-97\/#breadcrumb","itemListElement":[{"@type":"ListItem","position":1,"name":"Home","item":"https:\/\/tdcenter.org\/"},{"@type":"ListItem","position":2,"name":"15.Mai, 2022 | T\u00e4gliches Briefing"}]},{"@type":"WebSite","@id":"https:\/\/tdcenter.org\/#website","url":"https:\/\/tdcenter.org\/","name":"Transatlantic Dialogue Center","description":"Promovemos la paz y la seguridad internacionales","publisher":{"@id":"https:\/\/tdcenter.org\/#organization"},"potentialAction":[{"@type":"SearchAction","target":{"@type":"EntryPoint","urlTemplate":"https:\/\/tdcenter.org\/?s={search_term_string}"},"query-input":{"@type":"PropertyValueSpecification","valueRequired":true,"valueName":"search_term_string"}}],"inLanguage":"es"},{"@type":"Organization","@id":"https:\/\/tdcenter.org\/#organization","name":"Transatlantic Dialogue Center","url":"https:\/\/tdcenter.org\/","logo":{"@type":"ImageObject","inLanguage":"es","@id":"https:\/\/tdcenter.org\/#\/schema\/logo\/image\/","url":"https:\/\/tdcenter.org\/wp-content\/uploads\/2022\/04\/google.png","contentUrl":"https:\/\/tdcenter.org\/wp-content\/uploads\/2022\/04\/google.png","width":2568,"height":2487,"caption":"Transatlantic Dialogue Center"},"image":{"@id":"https:\/\/tdcenter.org\/#\/schema\/logo\/image\/"},"sameAs":["https:\/\/www.facebook.com\/Transatlantic-Dialogue-Center-105645698740463","https:\/\/www.youtube.com\/channel\/UCpJuhU4JBfpv_jsldNOc5LA"]},{"@type":"Person","@id":"https:\/\/tdcenter.org\/#\/schema\/person\/93d6a1a71a5db737f83ae00987761c07","name":"tdcadmin","image":{"@type":"ImageObject","inLanguage":"es","@id":"https:\/\/tdcenter.org\/#\/schema\/person\/image\/","url":"https:\/\/tdcenter.org\/wp-content\/litespeed\/avatar\/591094187f87a3c5c4f3f5415d24bd3d.jpg?ver=1777459311","contentUrl":"https:\/\/tdcenter.org\/wp-content\/litespeed\/avatar\/591094187f87a3c5c4f3f5415d24bd3d.jpg?ver=1777459311","caption":"tdcadmin"},"sameAs":["https:\/\/tdcenter.org"]}]}},"mfb_rest_fields":["title","yoast_head","yoast_head_json","gutenberg_elementor_mode"],"_links":{"self":[{"href":"https:\/\/tdcenter.org\/es\/wp-json\/wp\/v2\/posts\/4918","targetHints":{"allow":["GET"]}}],"collection":[{"href":"https:\/\/tdcenter.org\/es\/wp-json\/wp\/v2\/posts"}],"about":[{"href":"https:\/\/tdcenter.org\/es\/wp-json\/wp\/v2\/types\/post"}],"author":[{"embeddable":true,"href":"https:\/\/tdcenter.org\/es\/wp-json\/wp\/v2\/users\/1"}],"replies":[{"embeddable":true,"href":"https:\/\/tdcenter.org\/es\/wp-json\/wp\/v2\/comments?post=4918"}],"version-history":[{"count":0,"href":"https:\/\/tdcenter.org\/es\/wp-json\/wp\/v2\/posts\/4918\/revisions"}],"wp:featuredmedia":[{"embeddable":true,"href":"https:\/\/tdcenter.org\/es\/wp-json\/wp\/v2\/media\/4914"}],"wp:attachment":[{"href":"https:\/\/tdcenter.org\/es\/wp-json\/wp\/v2\/media?parent=4918"}],"wp:term":[{"taxonomy":"category","embeddable":true,"href":"https:\/\/tdcenter.org\/es\/wp-json\/wp\/v2\/categories?post=4918"},{"taxonomy":"post_tag","embeddable":true,"href":"https:\/\/tdcenter.org\/es\/wp-json\/wp\/v2\/tags?post=4918"},{"taxonomy":"topic","embeddable":true,"href":"https:\/\/tdcenter.org\/es\/wp-json\/wp\/v2\/topic?post=4918"}],"curies":[{"name":"wp","href":"https:\/\/api.w.org\/{rel}","templated":true}]}}