{"id":4022,"date":"2022-04-19T02:03:52","date_gmt":"2022-04-18T23:03:52","guid":{"rendered":"https:\/\/tdcenter.org\/?p=4022"},"modified":"2023-01-10T17:28:14","modified_gmt":"2023-01-10T15:28:14","slug":"spanish-6","status":"publish","type":"post","link":"https:\/\/tdcenter.org\/es\/2022\/04\/19\/spanish-6\/","title":{"rendered":"18 de abril de 2022| Informe diario"},"content":{"rendered":"<p><strong>00:00<\/strong> <\/p>\n\n\n\n<p>Seg\u00fan Ucrania, <strong>Rusia se prepara para una provocaci\u00f3n en el Kherson<\/strong> ocupado para acusar a las Fuerzas Armadas y celebrar un &#8220;seudo-refer\u00e9ndum&#8221;. As\u00ed lo <a href=\"https:\/\/t.me\/Bratchuk_Sergey\/9734\">declar\u00f3<\/a> el portavoz de la administraci\u00f3n militar regional de Odesa, Serhiy Bratchuk.<\/p>\n\n\n\n<p><em>\u201cLanzacohetes m\u00faltiples&nbsp;BM-21 \u00abGrad\u00bb se est\u00e1 desplegando en el \u00e1rea del puente Antonivskyi para atacar a Kherson y acusar a las Fuerzas Armadas de Ucrania. Esta deber\u00eda ser una raz\u00f3n para \u201dsalvar\u201c la ciudad celebrando un refer\u00e9ndum all\u00ed\u201d<\/em>, escribi\u00f3 el funcionario.<\/p>\n\n\n\n<figure class=\"wp-block-image size-full\"><img fetchpriority=\"high\" decoding=\"async\" width=\"939\" height=\"627\" src=\"https:\/\/tdcenter.org\/wp-content\/uploads\/2022\/04\/image-197.png\" alt=\"\" class=\"wp-image-3985\" srcset=\"https:\/\/tdcenter.org\/wp-content\/uploads\/2022\/04\/image-197.png 939w, https:\/\/tdcenter.org\/wp-content\/uploads\/2022\/04\/image-197-600x401.png 600w, https:\/\/tdcenter.org\/wp-content\/uploads\/2022\/04\/image-197-768x513.png 768w, https:\/\/tdcenter.org\/wp-content\/uploads\/2022\/04\/image-197-18x12.png 18w\" sizes=\"(max-width: 939px) 100vw, 939px\" \/><\/figure>\n\n\n\n<p><strong>02:00<\/strong> <\/p>\n\n\n\n<p><strong>La guerra de la Federaci\u00f3n Rusa en Ucrania amenaza con hambre de una quinta parte de la poblaci\u00f3n de la Tierra. <\/strong>As\u00ed lo <a href=\"https:\/\/www.seznamzpravy.cz\/clanek\/zahranicni-komentar-valka-na-ukrajine-je-i-utokem-na-rozvojovy-svet-198480\">afirm\u00f3<\/a> el secretario general de la ONU, Ant\u00f3nio Guterres, en un art\u00edculo para la edici\u00f3n checa Seznam Zpravy.<\/p>\n\n\n\n<p>Explica que Ucrania y Rusia juntas representan el 30% de la producci\u00f3n mundial de trigo y cebada, una quinta parte del ma\u00edz y m\u00e1s de la mitad del aceite de girasol. Adem\u00e1s, los dos pa\u00edses representan un tercio de las importaciones de alimentos de 45 pa\u00edses africanos.<\/p>\n\n\n\n<p><em>&#8220;La guerra impide que los agricultores cultiven, cierra puertos, bloquea las exportaciones de cereales, destruye la log<\/em><em>\u00ed<\/em><em>stica y conduce a precios elevados&#8230; Los precios del trigo y el ma<\/em><em>\u00ed<\/em><em>z han aumentado un 30% desde principios de a\u00f1<\/em><em>o&#8221;<\/em>, dijo Guterres.<\/p>\n\n\n\n<p><strong>05:00<\/strong> <\/p>\n\n\n\n<p>En la regi\u00f3n de Zaporizhia, <strong>los ocupantes rusos secuestraron el alcalde del asentamiento de Kyrylivka, Ivan Maleev.<\/strong> Las tropas de ocupaci\u00f3n lo sacaron del edificio del consejo de la aldea, lo subieron a un autom\u00f3vil y se lo llevaron en una direcci\u00f3n desconocida. Esto se afirma en la <a href=\"https:\/\/krlk.gov.ua\/2022\/04\/pohishheno-kirilivsko-selishhnogo-golovu-ivana-mal%D1%94%D1%94va.html\">p\u00e1gina web<\/a> del consejo del pueblo.<\/p>\n\n\n\n<figure class=\"wp-block-image size-full\"><img decoding=\"async\" width=\"472\" height=\"270\" src=\"https:\/\/tdcenter.org\/wp-content\/uploads\/2022\/04\/image-198.png\" alt=\"\" class=\"wp-image-3986\" srcset=\"https:\/\/tdcenter.org\/wp-content\/uploads\/2022\/04\/image-198.png 472w, https:\/\/tdcenter.org\/wp-content\/uploads\/2022\/04\/image-198-18x10.png 18w\" sizes=\"(max-width: 472px) 100vw, 472px\" \/><\/figure>\n\n\n\n<p><strong>06:00<\/strong> <\/p>\n\n\n\n<p><strong>Los ocupantes deportaron por la fuerza a decenas de miles de personas de Mariupol a Rusia<\/strong><strong>, incluidos varios miles de ni\u00f1<\/strong><strong>os<\/strong><strong>, <\/strong><a href=\"https:\/\/t.me\/V_Zelenskiy_official\/1285\">declar\u00f3<\/a> el presidente de Ucrania Volodymyr Zelenskii en una entrevista con CNN.<strong><\/strong><\/p>\n\n\n\n<p><em>&#8220;Lo sabemos, pero lo que les sucedi\u00f3, su salud, d\u00f3nde est<\/em><em>\u00e1<\/em><em>n, hasta ahora no hay 100%<\/em><em> <\/em><em>&nbsp;de informaci\u00f3n al respecto&#8221;<\/em>, dijo Zelensky.<\/p>\n\n\n\n<p>El jefe de Estado asegura que Ucrania pudo evacuar a cientos de miles de personas de Mariupol. Seg\u00fan \u00e9l, hay informaci\u00f3n de que los rusos se llevaron a Rusia a 5.000 ni\u00f1os, a quienes no se les permiti\u00f3 ingresar al territorio controlado por Kyiv.<\/p>\n\n\n\n<p><strong>08:00<\/strong> <\/p>\n\n\n\n<p><strong>Al menos dos civiles murieron y cuatro resultaron heridos<\/strong><strong> <\/strong>en el bombardeo de la ciudad de Zolote en la regi\u00f3n de Luhansk, <a href=\"https:\/\/t.me\/luhanskaVTSA\/1697\">inform\u00f3<\/a> el jefe de la Administraci\u00f3n Estatal Regional de Luhansk, Serhiy Haidai.<\/p>\n\n\n\n<p><em>&#8220;Al menos dos personas muertas y cuatro heridos en el bombardeo de la ciudad de Zolote. Adem\u00e1s, varias casas resultaron da\u00f1adas en este pueblo&#8221;<\/em>, escribi\u00f3.<\/p>\n\n\n\n<figure class=\"wp-block-image size-full\"><img decoding=\"async\" width=\"625\" height=\"418\" src=\"https:\/\/tdcenter.org\/wp-content\/uploads\/2022\/04\/image-200.png\" alt=\"\" class=\"wp-image-3988\" srcset=\"https:\/\/tdcenter.org\/wp-content\/uploads\/2022\/04\/image-200.png 625w, https:\/\/tdcenter.org\/wp-content\/uploads\/2022\/04\/image-200-600x401.png 600w, https:\/\/tdcenter.org\/wp-content\/uploads\/2022\/04\/image-200-18x12.png 18w\" sizes=\"(max-width: 625px) 100vw, 625px\" \/><\/figure>\n\n\n\n<p><strong>09:00<\/strong> <\/p>\n\n\n\n<p>Desde el comienzo de la invasi\u00f3n rusa a gran escala, hasta la ma\u00f1ana del 18 de abril, <strong>205 ni<\/strong><strong>\u00f1os han muerto en Ucrania y m<\/strong><strong>\u00e1<\/strong><strong>s de 362 han resultado heridos.<\/strong> As\u00ed lo <a href=\"https:\/\/t.me\/pgo_gov_ua\/3723\">inform\u00f3<\/a> la Fiscal\u00eda General de la Naci\u00f3n.<\/p>\n\n\n\n<p>Adem\u00e1s, los bombardeos da\u00f1aron<strong> 1.018 instituciones educativas, de las cuales 95 quedaron completamente destruidas.<\/strong><\/p>\n\n\n\n<figure class=\"wp-block-image size-full\"><img loading=\"lazy\" decoding=\"async\" width=\"777\" height=\"788\" src=\"https:\/\/tdcenter.org\/wp-content\/uploads\/2022\/04\/image-202.png\" alt=\"\" class=\"wp-image-3990\" srcset=\"https:\/\/tdcenter.org\/wp-content\/uploads\/2022\/04\/image-202.png 777w, https:\/\/tdcenter.org\/wp-content\/uploads\/2022\/04\/image-202-592x600.png 592w, https:\/\/tdcenter.org\/wp-content\/uploads\/2022\/04\/image-202-768x779.png 768w, https:\/\/tdcenter.org\/wp-content\/uploads\/2022\/04\/image-202-12x12.png 12w\" sizes=\"(max-width: 777px) 100vw, 777px\" \/><\/figure>\n\n\n\n<p><strong>10:00<\/strong> <\/p>\n\n\n\n<p>Por la noche del 17 de abril, los ocupantes <strong>dispararon contra el edificio de la polic<\/strong><strong>\u00ed<\/strong><strong>a de patrulla en Lysychansk.<\/strong> Seis empleados fueron hospitalizados, <a href=\"https:\/\/t.me\/luhanskaVTSA\/1698\">dijo<\/a> el jefe de la Administraci\u00f3n Estatal Regional de Luhansk, Serhiy Haidai.<\/p>\n\n\n\n<p><strong>10:30<\/strong> <\/p>\n\n\n\n<p>Como resultado de los ataques con misiles en Lviv, <strong>seis personas murieron y otras 11 resultaron heridas.<\/strong><strong> <\/strong>Entre las v\u00edctimas hay <strong>un ni\u00f1<\/strong><strong>o.<\/strong> El alcalde de Lviv, Andriy Sadovy, <a href=\"https:\/\/t.me\/andriysadovyi\/720\">inform\u00f3 al respecto.<\/a><\/p>\n\n\n\n<p>Seg\u00fan \u00e9l, aproximadamente 40 autom\u00f3viles resultaron da\u00f1ados o destruidos como consecuencia del impacto. Adem\u00e1s, la onda expansiva destroz\u00f3 las ventanas de un hotel cerca de donde viven los ucranianos evacuados.<\/p>\n\n\n\n<p>Seg\u00fan el Comando A\u00e9reo Oeste, cuatro ataques con misiles tuvieron lugar en Lviv por la ma\u00f1ana. Tres misiles impactaron en infraestructura militar y uno en un taller de coches.<\/p>\n\n\n\n<figure class=\"wp-block-image size-full\"><img loading=\"lazy\" decoding=\"async\" width=\"672\" height=\"516\" src=\"https:\/\/tdcenter.org\/wp-content\/uploads\/2022\/04\/image-203.png\" alt=\"\" class=\"wp-image-3991\" srcset=\"https:\/\/tdcenter.org\/wp-content\/uploads\/2022\/04\/image-203.png 672w, https:\/\/tdcenter.org\/wp-content\/uploads\/2022\/04\/image-203-600x461.png 600w, https:\/\/tdcenter.org\/wp-content\/uploads\/2022\/04\/image-203-16x12.png 16w\" sizes=\"(max-width: 672px) 100vw, 672px\" \/><\/figure>\n\n\n\n<p><strong>11:00<\/strong> <\/p>\n\n\n\n<p><strong>Las tropas rusas ahora controlan la ciudad de Kreminna<\/strong>, hubo fuertes combates por la noche, dijo el jefe de la Administraci\u00f3n Estatal Regional de Luhansk, Serhiy Haidai.<\/p>\n\n\n\n<p><strong>11:30<\/strong> <\/p>\n\n\n\n<p><strong>Las fuerzas de ocupaci\u00f3n rusas mataron a tiros a un autom\u00f3vil de personas que intentaban salir de Kreminna en la regi\u00f3n de Luhansk.<\/strong> Murieron cuatro personas. En el lugar permanece otra persona gravemente herida. Los m\u00e9dicos no pueden llegar debido a los constantes bombardeos. As\u00ed lo <a href=\"https:\/\/t.me\/luhanskaVTSA\/1706\">inform\u00f3<\/a> el jefe de la Administraci\u00f3n Estatal Regional de Luhansk, Serhiy Haidai.<\/p>\n\n\n\n<p><strong>12:00 <\/strong><\/p>\n\n\n\n<p>Los ocupantes lanzaron un ataque con misiles en Kramatorsk en la regi\u00f3n de Donetsk. Al menos 8 edificios residenciales, instalaciones educativas y de infraestructura fueron destruidas.<\/p>\n\n\n\n<p>Durante la noche, continuaron los bombardeos de artiller\u00eda a lo largo de toda la l\u00ednea del frente en la regi\u00f3n de Donetsk.<\/p>\n\n\n\n<p>Hasta el momento, no se han reportado v\u00edctimas civiles, pero algunas casas han resultado da\u00f1adas y los suministros de electricidad y gas se han interrumpido. Las personas est\u00e1n siendo evacuadas de los asentamientos de primera l\u00ednea.<\/p>\n\n\n\n<figure class=\"wp-block-image size-full\"><img loading=\"lazy\" decoding=\"async\" width=\"523\" height=\"347\" src=\"https:\/\/tdcenter.org\/wp-content\/uploads\/2022\/04\/image-204.png\" alt=\"\" class=\"wp-image-3992\" srcset=\"https:\/\/tdcenter.org\/wp-content\/uploads\/2022\/04\/image-204.png 523w, https:\/\/tdcenter.org\/wp-content\/uploads\/2022\/04\/image-204-18x12.png 18w\" sizes=\"(max-width: 523px) 100vw, 523px\" \/><\/figure>\n\n\n\n<p><strong>12:30<\/strong> <\/p>\n\n\n\n<p>Como resultado de los ataques con cohetes en Lviv, el n\u00famero de muertos <a href=\"https:\/\/t.me\/kozytskyy_maksym_official\/2153\">aument\u00f3<\/a> a 7. Otras 11 personas resultaron heridas, tres de ellas en estado cr\u00edtico. Las heridas del ni\u00f1o son insignificantes. Los datos sobre los muertos y heridos a\u00fan pueden cambiar.<\/p>\n\n\n\n<p>Los misiles rusos alcanzaron neum\u00e1ticos y almacenes en desuso. Los incendios provocados por los golpes ya han sido extinguidos. Los equipos de rescate est\u00e1n desmantelando los escombros. Las ventanas de las casas y los autom\u00f3viles resultaron da\u00f1adas alrededor de los lugares del impacto.<\/p>\n\n\n\n<figure class=\"wp-block-image size-full\"><img loading=\"lazy\" decoding=\"async\" width=\"496\" height=\"372\" src=\"https:\/\/tdcenter.org\/wp-content\/uploads\/2022\/04\/image-205.png\" alt=\"\" class=\"wp-image-3993\" srcset=\"https:\/\/tdcenter.org\/wp-content\/uploads\/2022\/04\/image-205.png 496w, https:\/\/tdcenter.org\/wp-content\/uploads\/2022\/04\/image-205-16x12.png 16w\" sizes=\"(max-width: 496px) 100vw, 496px\" \/><\/figure>\n\n\n\n<figure class=\"wp-block-image size-full\"><img loading=\"lazy\" decoding=\"async\" width=\"450\" height=\"338\" src=\"https:\/\/tdcenter.org\/wp-content\/uploads\/2022\/04\/image-206.png\" alt=\"\" class=\"wp-image-3994\" srcset=\"https:\/\/tdcenter.org\/wp-content\/uploads\/2022\/04\/image-206.png 450w, https:\/\/tdcenter.org\/wp-content\/uploads\/2022\/04\/image-206-16x12.png 16w\" sizes=\"(max-width: 450px) 100vw, 450px\" \/><\/figure>\n\n\n\n<p><strong>14:00<\/strong> <\/p>\n\n\n\n<p>Durante la invasi\u00f3n de Rusia, la polic\u00eda <a href=\"https:\/\/t.me\/mvs_ukraine\/11528\">registr\u00f3<\/a> casi 7,5 mil casos sobre cr\u00edmenes cometidos por el ej\u00e9rcito de Rusia, Belarus y sus c\u00f3mplices. M\u00e1s de 5.000 juicios involucran violaciones de las leyes o costumbres de la guerra. M\u00e1s de 1,6 mil &#8211; usurpaci\u00f3n de la inviolabilidad e integridad territorial de Ucrania.<\/p>\n\n\n\n<p>Casi 200 personas ya han denunciado la sospecha, casi todas ellas han sido detenidas y est\u00e1n bajo custodia.<\/p>\n\n\n\n<p><strong>14:50<\/strong> <\/p>\n\n\n\n<p>El primer vicepresidente, el jefe de la oficina ejecutiva del consejo regional en el consejo regional de Kherson, Yury Sobolevsky, declar\u00f3 que los ocupantes rusos intentan devolver Genichesk &#8220;a la \u00e9poca de la Uni\u00f3n Sovi\u00e9tica\u201d.<\/p>\n\n\n\n<p>&#8220;Enviado desde Genichesk. Los ocupantes de la regi\u00f3n de Kherson contin\u00faan sus experimentos de trasladarse al pasado. Banderas rojas, monumentos de la era sovi\u00e9tica. Y todo esto en el contexto de la intensificaci\u00f3n de la crisis humanitaria, la represi\u00f3n brutal de la disidencia y la manifestaci\u00f3n de la posici\u00f3n civil\u201d, escribi\u00f3.<\/p>\n\n\n\n<figure class=\"wp-block-image size-full\"><img loading=\"lazy\" decoding=\"async\" width=\"445\" height=\"593\" src=\"https:\/\/tdcenter.org\/wp-content\/uploads\/2022\/04\/image-207.png\" alt=\"\" class=\"wp-image-3995\" srcset=\"https:\/\/tdcenter.org\/wp-content\/uploads\/2022\/04\/image-207.png 445w, https:\/\/tdcenter.org\/wp-content\/uploads\/2022\/04\/image-207-9x12.png 9w\" sizes=\"(max-width: 445px) 100vw, 445px\" \/><\/figure>\n\n\n\n<p><strong>15:00<\/strong> <\/p>\n\n\n\n<p>Las tropas rusas en la ma\u00f1ana del 18 de abril atacaron los parques infantiles en Kharkiv. Como resultado, dos civiles <a href=\"https:\/\/hromadske.ua\/posts\/u-harkovi-okupanti-obstrilyali-dityachi-majdanchiki-dvi-lyudini-zaginuli\">murieron<\/a>.<\/p>\n\n\n\n<figure class=\"wp-block-image size-full\"><img loading=\"lazy\" decoding=\"async\" width=\"941\" height=\"528\" src=\"https:\/\/tdcenter.org\/wp-content\/uploads\/2022\/04\/image-208.png\" alt=\"\" class=\"wp-image-3996\" srcset=\"https:\/\/tdcenter.org\/wp-content\/uploads\/2022\/04\/image-208.png 941w, https:\/\/tdcenter.org\/wp-content\/uploads\/2022\/04\/image-208-600x337.png 600w, https:\/\/tdcenter.org\/wp-content\/uploads\/2022\/04\/image-208-768x431.png 768w, https:\/\/tdcenter.org\/wp-content\/uploads\/2022\/04\/image-208-18x10.png 18w\" sizes=\"(max-width: 941px) 100vw, 941px\" \/><\/figure>\n\n\n\n<p><strong>16:00<\/strong> <\/p>\n\n\n\n<p><strong>Rusia intensifica las actividades de sabotaje y grupos de reconocimiento<\/strong>. La Polic\u00eda Nacional espera que en v\u00edsperas de las vacaciones de Pascua, la parte rusa recurra a provocaciones y luego traslade la responsabilidad a Ucrania, <a href=\"https:\/\/t.me\/mvs_ukraine\/11534\">dijo<\/a> el viceministro del Interior de Ucrania, Yevhen Yenin.<\/p>\n\n\n\n<p><strong>17:00<\/strong> <\/p>\n\n\n\n<p>Entre las v\u00edctimas despu\u00e9s del ataque con cohetes de la ma\u00f1ana en Lviv, hay el chico Artem, de tres a\u00f1os, de Jarkiv, que vino con su madre para escapar de la guerra.<\/p>\n\n\n\n<p>Debido a la ventana rota, el medio dedo del ni\u00f1o fue cortado, ahora la vida de Artem no est\u00e1 en peligro.<\/p>\n\n\n\n<p>Tres v\u00edctimas m\u00e1s se encuentran en estado cr\u00edtico en la unidad de cuidados intensivos, dijo el alcalde Andrei Sadovy.<\/p>\n\n\n\n<p><strong><u><a href=\"http:\/\/t.me\/c\/1778434370\/3408\">Video<\/a><\/u><\/strong><\/p>\n\n\n\n<figure class=\"wp-block-image size-full\"><img loading=\"lazy\" decoding=\"async\" width=\"939\" height=\"475\" src=\"https:\/\/tdcenter.org\/wp-content\/uploads\/2022\/04\/image-210.png\" alt=\"\" class=\"wp-image-3999\" srcset=\"https:\/\/tdcenter.org\/wp-content\/uploads\/2022\/04\/image-210.png 939w, https:\/\/tdcenter.org\/wp-content\/uploads\/2022\/04\/image-210-600x304.png 600w, https:\/\/tdcenter.org\/wp-content\/uploads\/2022\/04\/image-210-768x388.png 768w, https:\/\/tdcenter.org\/wp-content\/uploads\/2022\/04\/image-210-18x9.png 18w\" sizes=\"(max-width: 939px) 100vw, 939px\" \/><\/figure>\n\n\n\n<p><strong>18:00<\/strong> <\/p>\n\n\n\n<p>En los territorios de las \u00e1reas de Kyiv, Chernihiv, Sumy, Zhytomyr y \u00e1reas separadas del \u00e1rea de Mykolaiv liberadas de la ocupaci\u00f3n, la polic\u00eda ya encontr\u00f3 m\u00e1s de mil cuerpos de personas asesinadas y perdidas. Pero estos datos no son definitivos.<\/p>\n\n\n\n<p>La identificaci\u00f3n de cuerpos, autopsia y la identificaci\u00f3n est\u00e1n actualmente en curso. Despu\u00e9s de eso, los cuerpos de los muertos ser\u00e1n entregados a los familiares para su entierro, <a href=\"https:\/\/www.youtube.com\/watch?v=iosQ2tfq-uw\">dijo<\/a> Serhiy Panteleev, subjefe del Departamento Principal de Investigaci\u00f3n de la Polic\u00eda Nacional de Ucrania.<\/p>\n\n\n\n<p><strong>19:00<\/strong> <\/p>\n\n\n\n<p>En el Mariupol bloqueado, los ocupantes rusos persuaden a la poblaci\u00f3n local para que coopere, <strong>prometiendo pagar una compensaci\u00f3n en rublos por las viviendas destruidas<\/strong>.<\/p>\n\n\n\n<p>De esta manera, Rusia est\u00e1 tratando de llevar a cabo una &#8220;ocupaci\u00f3n del rublo&#8221; de los territorios ocupados temporalmente y luego aislar a la poblaci\u00f3n, siguiendo el ejemplo de ciertos distritos de las regiones de Donetsk y Lugansk, <a href=\"https:\/\/hromadske.ua\/posts\/u-mariupoli-okupanti-obicyayut-kompensaciyu-za-zrujnovane-zhitlo-v-rublyah-naspravdi-provodyat-rublevu-okupaciyu-cpd\">seg\u00fan<\/a> el Centro para Contrarrestar la Desinformaci\u00f3n del Concejo de Seguridad y Defensa Nacional.<\/p>\n\n\n\n<p><strong>21:00<\/strong> <\/p>\n\n\n\n<p>En la tarde del 18 de abril, el ej\u00e9rcito ruso atac\u00f3 en el \u00e1rea de Nemishlyansky de Kharkiv. Seg\u00fan informaci\u00f3n preliminar, tres personas <a href=\"https:\/\/hromadske.ua\/posts\/okupanti-obstrilyali-she-odin-rajon-harkova-zaginuli-tri-lyudini\">fallecieron<\/a>. A\u00fan se est\u00e1 determinando el n\u00famero de heridos.<\/p>","protected":false},"excerpt":{"rendered":"<p>00:00 Seg\u00fan Ucrania, Rusia se prepara para una provocaci\u00f3n en el Kherson ocupado para acusar a las Fuerzas Armadas y celebrar un &#8220;seudo-refer\u00e9ndum&#8221;. As\u00ed lo declar\u00f3 el portavoz de la administraci\u00f3n militar regional de Odesa, Serhiy Bratchuk. \u201cLanzacohetes m\u00faltiples&nbsp;BM-21 \u00abGrad\u00bb se est\u00e1 desplegando en el \u00e1rea del puente Antonivskyi para atacar a Kherson y acusar [&hellip;]<\/p>","protected":false},"author":1,"featured_media":4000,"comment_status":"open","ping_status":"open","sticky":false,"template":"","format":"standard","meta":{"footnotes":""},"categories":[1,18],"tags":[],"topic":[],"class_list":["post-4022","post","type-post","status-publish","format-standard","has-post-thumbnail","hentry","category-uncategorized","category-spanish"],"mb":[],"yoast_head":"<!-- This site is optimized with the Yoast SEO Premium plugin v25.6 (Yoast SEO v25.6) - https:\/\/yoast.com\/wordpress\/plugins\/seo\/ -->\n<title>Noticias de Ucrania 18 de abril<\/title>\n<meta name=\"description\" content=\"Transatlantic Dialogue Center - Promoting International Peace and Security at Kyiv, Ukraine - Noticias de Ucrania 18 de abril\" \/>\n<meta name=\"robots\" content=\"index, follow, max-snippet:-1, max-image-preview:large, max-video-preview:-1\" \/>\n<link rel=\"canonical\" href=\"https:\/\/tdcenter.org\/es\/2022\/04\/19\/spanish-6\/\" \/>\n<meta property=\"og:locale\" content=\"es_ES\" \/>\n<meta property=\"og:type\" content=\"article\" \/>\n<meta property=\"og:title\" content=\"18 de abril de 2022| Informe diario\" \/>\n<meta property=\"og:description\" content=\"Transatlantic Dialogue Center (TDC) is a non-governmental and non-partisan think tank that provides high-quality policy advice to private and public clients. The network of our friends and partners includes government officials, members of parliaments, businessmen, journalists, experts and analysts.\" \/>\n<meta property=\"og:url\" content=\"https:\/\/tdcenter.org\/es\/2022\/04\/19\/spanish-6\/\" \/>\n<meta property=\"og:site_name\" content=\"Transatlantic Dialogue Center\" \/>\n<meta property=\"article:publisher\" content=\"https:\/\/www.facebook.com\/Transatlantic-Dialogue-Center-105645698740463\" \/>\n<meta property=\"article:published_time\" content=\"2022-04-18T23:03:52+00:00\" \/>\n<meta property=\"article:modified_time\" content=\"2023-01-10T15:28:14+00:00\" \/>\n<meta property=\"og:image\" content=\"https:\/\/tdcenter.org\/wp-content\/uploads\/2022\/04\/signal-2022-04-16-225332_005-1.jpeg\" \/>\n\t<meta property=\"og:image:width\" content=\"1600\" \/>\n\t<meta property=\"og:image:height\" content=\"1131\" \/>\n\t<meta property=\"og:image:type\" content=\"image\/jpeg\" \/>\n<meta name=\"author\" content=\"tdcadmin\" \/>\n<meta name=\"twitter:card\" content=\"summary_large_image\" \/>\n<meta name=\"twitter:label1\" content=\"Escrito por\" \/>\n\t<meta name=\"twitter:data1\" content=\"tdcadmin\" \/>\n\t<meta name=\"twitter:label2\" content=\"Tiempo de lectura\" \/>\n\t<meta name=\"twitter:data2\" content=\"9 minutos\" \/>\n<script type=\"application\/ld+json\" class=\"yoast-schema-graph\">{\"@context\":\"https:\/\/schema.org\",\"@graph\":[{\"@type\":\"Article\",\"@id\":\"https:\/\/tdcenter.org\/2022\/04\/19\/spanish-6\/#article\",\"isPartOf\":{\"@id\":\"https:\/\/tdcenter.org\/2022\/04\/19\/spanish-6\/\"},\"author\":{\"name\":\"tdcadmin\",\"@id\":\"https:\/\/tdcenter.org\/#\/schema\/person\/93d6a1a71a5db737f83ae00987761c07\"},\"headline\":\"18 de abril de 2022| Informe diario\",\"datePublished\":\"2022-04-18T23:03:52+00:00\",\"dateModified\":\"2023-01-10T15:28:14+00:00\",\"mainEntityOfPage\":{\"@id\":\"https:\/\/tdcenter.org\/2022\/04\/19\/spanish-6\/\"},\"wordCount\":1452,\"commentCount\":0,\"publisher\":{\"@id\":\"https:\/\/tdcenter.org\/#organization\"},\"image\":{\"@id\":\"https:\/\/tdcenter.org\/2022\/04\/19\/spanish-6\/#primaryimage\"},\"thumbnailUrl\":\"https:\/\/tdcenter.org\/wp-content\/uploads\/2022\/04\/signal-2022-04-16-225332_005-1.jpeg\",\"articleSection\":[\"Briefings\",\"Spanish\"],\"inLanguage\":\"es\",\"potentialAction\":[{\"@type\":\"CommentAction\",\"name\":\"Comment\",\"target\":[\"https:\/\/tdcenter.org\/2022\/04\/19\/spanish-6\/#respond\"]}]},{\"@type\":\"WebPage\",\"@id\":\"https:\/\/tdcenter.org\/2022\/04\/19\/spanish-6\/\",\"url\":\"https:\/\/tdcenter.org\/2022\/04\/19\/spanish-6\/\",\"name\":\"Noticias de Ucrania 18 de abril\",\"isPartOf\":{\"@id\":\"https:\/\/tdcenter.org\/#website\"},\"primaryImageOfPage\":{\"@id\":\"https:\/\/tdcenter.org\/2022\/04\/19\/spanish-6\/#primaryimage\"},\"image\":{\"@id\":\"https:\/\/tdcenter.org\/2022\/04\/19\/spanish-6\/#primaryimage\"},\"thumbnailUrl\":\"https:\/\/tdcenter.org\/wp-content\/uploads\/2022\/04\/signal-2022-04-16-225332_005-1.jpeg\",\"datePublished\":\"2022-04-18T23:03:52+00:00\",\"dateModified\":\"2023-01-10T15:28:14+00:00\",\"description\":\"Transatlantic Dialogue Center - Promoting International Peace and Security at Kyiv, Ukraine - Noticias de Ucrania 18 de abril\",\"breadcrumb\":{\"@id\":\"https:\/\/tdcenter.org\/2022\/04\/19\/spanish-6\/#breadcrumb\"},\"inLanguage\":\"es\",\"potentialAction\":[{\"@type\":\"ReadAction\",\"target\":[\"https:\/\/tdcenter.org\/2022\/04\/19\/spanish-6\/\"]}]},{\"@type\":\"ImageObject\",\"inLanguage\":\"es\",\"@id\":\"https:\/\/tdcenter.org\/2022\/04\/19\/spanish-6\/#primaryimage\",\"url\":\"https:\/\/tdcenter.org\/wp-content\/uploads\/2022\/04\/signal-2022-04-16-225332_005-1.jpeg\",\"contentUrl\":\"https:\/\/tdcenter.org\/wp-content\/uploads\/2022\/04\/signal-2022-04-16-225332_005-1.jpeg\",\"width\":1600,\"height\":1131},{\"@type\":\"BreadcrumbList\",\"@id\":\"https:\/\/tdcenter.org\/2022\/04\/19\/spanish-6\/#breadcrumb\",\"itemListElement\":[{\"@type\":\"ListItem\",\"position\":1,\"name\":\"Home\",\"item\":\"https:\/\/tdcenter.org\/\"},{\"@type\":\"ListItem\",\"position\":2,\"name\":\"18 de abril de 2022| Informe diario\"}]},{\"@type\":\"WebSite\",\"@id\":\"https:\/\/tdcenter.org\/#website\",\"url\":\"https:\/\/tdcenter.org\/\",\"name\":\"Transatlantic Dialogue Center\",\"description\":\"Promoting International Peace and Security\",\"publisher\":{\"@id\":\"https:\/\/tdcenter.org\/#organization\"},\"potentialAction\":[{\"@type\":\"SearchAction\",\"target\":{\"@type\":\"EntryPoint\",\"urlTemplate\":\"https:\/\/tdcenter.org\/?s={search_term_string}\"},\"query-input\":{\"@type\":\"PropertyValueSpecification\",\"valueRequired\":true,\"valueName\":\"search_term_string\"}}],\"inLanguage\":\"es\"},{\"@type\":\"Organization\",\"@id\":\"https:\/\/tdcenter.org\/#organization\",\"name\":\"Transatlantic Dialogue Center\",\"url\":\"https:\/\/tdcenter.org\/\",\"logo\":{\"@type\":\"ImageObject\",\"inLanguage\":\"es\",\"@id\":\"https:\/\/tdcenter.org\/#\/schema\/logo\/image\/\",\"url\":\"https:\/\/tdcenter.org\/wp-content\/uploads\/2022\/04\/google.png\",\"contentUrl\":\"https:\/\/tdcenter.org\/wp-content\/uploads\/2022\/04\/google.png\",\"width\":2568,\"height\":2487,\"caption\":\"Transatlantic Dialogue Center\"},\"image\":{\"@id\":\"https:\/\/tdcenter.org\/#\/schema\/logo\/image\/\"},\"sameAs\":[\"https:\/\/www.facebook.com\/Transatlantic-Dialogue-Center-105645698740463\",\"https:\/\/www.youtube.com\/channel\/UCpJuhU4JBfpv_jsldNOc5LA\"]},{\"@type\":\"Person\",\"@id\":\"https:\/\/tdcenter.org\/#\/schema\/person\/93d6a1a71a5db737f83ae00987761c07\",\"name\":\"tdcadmin\",\"image\":{\"@type\":\"ImageObject\",\"inLanguage\":\"es\",\"@id\":\"https:\/\/tdcenter.org\/#\/schema\/person\/image\/\",\"url\":\"https:\/\/tdcenter.org\/wp-content\/litespeed\/avatar\/591094187f87a3c5c4f3f5415d24bd3d.jpg?ver=1777459311\",\"contentUrl\":\"https:\/\/tdcenter.org\/wp-content\/litespeed\/avatar\/591094187f87a3c5c4f3f5415d24bd3d.jpg?ver=1777459311\",\"caption\":\"tdcadmin\"},\"sameAs\":[\"https:\/\/tdcenter.org\"]}]}<\/script>\n<!-- \/ Yoast SEO Premium plugin. -->","yoast_head_json":{"title":"Noticias de Ucrania 18 de abril","description":"Transatlantic Dialogue Center - Promoting International Peace and Security at Kyiv, Ukraine - Noticias de Ucrania 18 de abril","robots":{"index":"index","follow":"follow","max-snippet":"max-snippet:-1","max-image-preview":"max-image-preview:large","max-video-preview":"max-video-preview:-1"},"canonical":"https:\/\/tdcenter.org\/es\/2022\/04\/19\/spanish-6\/","og_locale":"es_ES","og_type":"article","og_title":"18 de abril de 2022| Informe diario","og_description":"Transatlantic Dialogue Center (TDC) is a non-governmental and non-partisan think tank that provides high-quality policy advice to private and public clients. The network of our friends and partners includes government officials, members of parliaments, businessmen, journalists, experts and analysts.","og_url":"https:\/\/tdcenter.org\/es\/2022\/04\/19\/spanish-6\/","og_site_name":"Transatlantic Dialogue Center","article_publisher":"https:\/\/www.facebook.com\/Transatlantic-Dialogue-Center-105645698740463","article_published_time":"2022-04-18T23:03:52+00:00","article_modified_time":"2023-01-10T15:28:14+00:00","og_image":[{"width":1600,"height":1131,"url":"https:\/\/tdcenter.org\/wp-content\/uploads\/2022\/04\/signal-2022-04-16-225332_005-1.jpeg","type":"image\/jpeg"}],"author":"tdcadmin","twitter_card":"summary_large_image","twitter_misc":{"Escrito por":"tdcadmin","Tiempo de lectura":"9 minutos"},"schema":{"@context":"https:\/\/schema.org","@graph":[{"@type":"Article","@id":"https:\/\/tdcenter.org\/2022\/04\/19\/spanish-6\/#article","isPartOf":{"@id":"https:\/\/tdcenter.org\/2022\/04\/19\/spanish-6\/"},"author":{"name":"tdcadmin","@id":"https:\/\/tdcenter.org\/#\/schema\/person\/93d6a1a71a5db737f83ae00987761c07"},"headline":"18 de abril de 2022| Informe diario","datePublished":"2022-04-18T23:03:52+00:00","dateModified":"2023-01-10T15:28:14+00:00","mainEntityOfPage":{"@id":"https:\/\/tdcenter.org\/2022\/04\/19\/spanish-6\/"},"wordCount":1452,"commentCount":0,"publisher":{"@id":"https:\/\/tdcenter.org\/#organization"},"image":{"@id":"https:\/\/tdcenter.org\/2022\/04\/19\/spanish-6\/#primaryimage"},"thumbnailUrl":"https:\/\/tdcenter.org\/wp-content\/uploads\/2022\/04\/signal-2022-04-16-225332_005-1.jpeg","articleSection":["Briefings","Spanish"],"inLanguage":"es","potentialAction":[{"@type":"CommentAction","name":"Comment","target":["https:\/\/tdcenter.org\/2022\/04\/19\/spanish-6\/#respond"]}]},{"@type":"WebPage","@id":"https:\/\/tdcenter.org\/2022\/04\/19\/spanish-6\/","url":"https:\/\/tdcenter.org\/2022\/04\/19\/spanish-6\/","name":"Noticias de Ucrania 18 de abril","isPartOf":{"@id":"https:\/\/tdcenter.org\/#website"},"primaryImageOfPage":{"@id":"https:\/\/tdcenter.org\/2022\/04\/19\/spanish-6\/#primaryimage"},"image":{"@id":"https:\/\/tdcenter.org\/2022\/04\/19\/spanish-6\/#primaryimage"},"thumbnailUrl":"https:\/\/tdcenter.org\/wp-content\/uploads\/2022\/04\/signal-2022-04-16-225332_005-1.jpeg","datePublished":"2022-04-18T23:03:52+00:00","dateModified":"2023-01-10T15:28:14+00:00","description":"Transatlantic Dialogue Center - Promoting International Peace and Security at Kyiv, Ukraine - Noticias de Ucrania 18 de abril","breadcrumb":{"@id":"https:\/\/tdcenter.org\/2022\/04\/19\/spanish-6\/#breadcrumb"},"inLanguage":"es","potentialAction":[{"@type":"ReadAction","target":["https:\/\/tdcenter.org\/2022\/04\/19\/spanish-6\/"]}]},{"@type":"ImageObject","inLanguage":"es","@id":"https:\/\/tdcenter.org\/2022\/04\/19\/spanish-6\/#primaryimage","url":"https:\/\/tdcenter.org\/wp-content\/uploads\/2022\/04\/signal-2022-04-16-225332_005-1.jpeg","contentUrl":"https:\/\/tdcenter.org\/wp-content\/uploads\/2022\/04\/signal-2022-04-16-225332_005-1.jpeg","width":1600,"height":1131},{"@type":"BreadcrumbList","@id":"https:\/\/tdcenter.org\/2022\/04\/19\/spanish-6\/#breadcrumb","itemListElement":[{"@type":"ListItem","position":1,"name":"Home","item":"https:\/\/tdcenter.org\/"},{"@type":"ListItem","position":2,"name":"18 de abril de 2022| Informe diario"}]},{"@type":"WebSite","@id":"https:\/\/tdcenter.org\/#website","url":"https:\/\/tdcenter.org\/","name":"Transatlantic Dialogue Center","description":"Promovemos la paz y la seguridad internacionales","publisher":{"@id":"https:\/\/tdcenter.org\/#organization"},"potentialAction":[{"@type":"SearchAction","target":{"@type":"EntryPoint","urlTemplate":"https:\/\/tdcenter.org\/?s={search_term_string}"},"query-input":{"@type":"PropertyValueSpecification","valueRequired":true,"valueName":"search_term_string"}}],"inLanguage":"es"},{"@type":"Organization","@id":"https:\/\/tdcenter.org\/#organization","name":"Transatlantic Dialogue Center","url":"https:\/\/tdcenter.org\/","logo":{"@type":"ImageObject","inLanguage":"es","@id":"https:\/\/tdcenter.org\/#\/schema\/logo\/image\/","url":"https:\/\/tdcenter.org\/wp-content\/uploads\/2022\/04\/google.png","contentUrl":"https:\/\/tdcenter.org\/wp-content\/uploads\/2022\/04\/google.png","width":2568,"height":2487,"caption":"Transatlantic Dialogue Center"},"image":{"@id":"https:\/\/tdcenter.org\/#\/schema\/logo\/image\/"},"sameAs":["https:\/\/www.facebook.com\/Transatlantic-Dialogue-Center-105645698740463","https:\/\/www.youtube.com\/channel\/UCpJuhU4JBfpv_jsldNOc5LA"]},{"@type":"Person","@id":"https:\/\/tdcenter.org\/#\/schema\/person\/93d6a1a71a5db737f83ae00987761c07","name":"tdcadmin","image":{"@type":"ImageObject","inLanguage":"es","@id":"https:\/\/tdcenter.org\/#\/schema\/person\/image\/","url":"https:\/\/tdcenter.org\/wp-content\/litespeed\/avatar\/591094187f87a3c5c4f3f5415d24bd3d.jpg?ver=1777459311","contentUrl":"https:\/\/tdcenter.org\/wp-content\/litespeed\/avatar\/591094187f87a3c5c4f3f5415d24bd3d.jpg?ver=1777459311","caption":"tdcadmin"},"sameAs":["https:\/\/tdcenter.org"]}]}},"mfb_rest_fields":["title","yoast_head","yoast_head_json","gutenberg_elementor_mode"],"_links":{"self":[{"href":"https:\/\/tdcenter.org\/es\/wp-json\/wp\/v2\/posts\/4022","targetHints":{"allow":["GET"]}}],"collection":[{"href":"https:\/\/tdcenter.org\/es\/wp-json\/wp\/v2\/posts"}],"about":[{"href":"https:\/\/tdcenter.org\/es\/wp-json\/wp\/v2\/types\/post"}],"author":[{"embeddable":true,"href":"https:\/\/tdcenter.org\/es\/wp-json\/wp\/v2\/users\/1"}],"replies":[{"embeddable":true,"href":"https:\/\/tdcenter.org\/es\/wp-json\/wp\/v2\/comments?post=4022"}],"version-history":[{"count":0,"href":"https:\/\/tdcenter.org\/es\/wp-json\/wp\/v2\/posts\/4022\/revisions"}],"wp:featuredmedia":[{"embeddable":true,"href":"https:\/\/tdcenter.org\/es\/wp-json\/wp\/v2\/media\/4000"}],"wp:attachment":[{"href":"https:\/\/tdcenter.org\/es\/wp-json\/wp\/v2\/media?parent=4022"}],"wp:term":[{"taxonomy":"category","embeddable":true,"href":"https:\/\/tdcenter.org\/es\/wp-json\/wp\/v2\/categories?post=4022"},{"taxonomy":"post_tag","embeddable":true,"href":"https:\/\/tdcenter.org\/es\/wp-json\/wp\/v2\/tags?post=4022"},{"taxonomy":"topic","embeddable":true,"href":"https:\/\/tdcenter.org\/es\/wp-json\/wp\/v2\/topic?post=4022"}],"curies":[{"name":"wp","href":"https:\/\/api.w.org\/{rel}","templated":true}]}}