{"id":27250,"date":"2024-12-10T10:59:59","date_gmt":"2024-12-10T08:59:59","guid":{"rendered":"https:\/\/tdcenter.org\/?p=27250"},"modified":"2025-08-05T21:08:15","modified_gmt":"2025-08-05T18:08:15","slug":"tdc-co-organizes-parliamentary-breakfast-in-the-german-bundestag","status":"publish","type":"post","link":"https:\/\/tdcenter.org\/es\/2024\/12\/10\/tdc-co-organizes-parliamentary-breakfast-in-the-german-bundestag\/","title":{"rendered":"El TDC Coorganiza un Desayuno Parlamentario en el Bundestag Alem\u00e1n"},"content":{"rendered":"<p>El 4 de diciembre de 2024 tuvo lugar un importante desayuno parlamentario en el Bundestag alem\u00e1n, organizado por el Centro de Di\u00e1logo Transatl\u00e1ntico en colaboraci\u00f3n con la Alianza de Organizaciones Ucranianas y los diputados Roderich Kiesewetter (CDU), Robin Wagener (B\u00fcndnis 90\/Die Gr\u00fcnen) y Nils Schmid (SPD).<\/p>\n\n\n\n<p>El acto se centr\u00f3 en la pregunta:  \u201c\u00bfQu\u00e9 est\u00e1 en juego para Alemania y la UE?\u201d a la luz de la guerra de agresi\u00f3n de Rusia contra Ucrania.<\/p>\n\n\n\n<p>Los expertos examinaron el tema desde distintas perspectivas:<\/p>\n\n\n\n<p>Militar y seguridad \u2013 Gustav Gressel, PhD<\/p>\n\n\n\n<p>Econom\u00eda \u2013 Prof. Dr. Stefan Kooths<\/p>\n\n\n\n<p>Sociedad civil \u2013 Ljudmyla Melnyk<\/p>\n\n\n\n<p>Los expertos defendieron firmemente el apoyo a Ucrania e insistieron en la necesidad de una s\u00f3lida cooperaci\u00f3n europea. Una victoria rusa tendr\u00eda graves consecuencias para la estabilidad y la seguridad europeas.<\/p>\n\n\n\n<p>Destaca el informe pol\u00edtico del Instituto de Econom\u00eda Mundial de Kiel, titulado <a href=\"https:\/\/www.ifw-kiel.de\/de\/publikationen\/was-kostet-es-die-ukraine-nicht-zu-unterstuetzen-33411\/\">\u201c\u00bfCu\u00e1nto cuesta no apoyar a Ucrania?\u201d,<\/a> en el que se exponen los riesgos econ\u00f3micos de un apoyo insuficiente.<\/p>\n\n\n\n<p>Al acto asistieron m\u00e1s de 60 participantes, entre ellos 18 miembros del Bundestag alem\u00e1n.<\/p>\n\n\n\n<figure class=\"wp-block-image size-large\"><img fetchpriority=\"high\" decoding=\"async\" width=\"1024\" height=\"768\" src=\"https:\/\/tdcenter.org\/wp-content\/uploads\/2024\/12\/IMG_8926-1024x768.jpg\" alt=\"\" class=\"wp-image-27251\" srcset=\"https:\/\/tdcenter.org\/wp-content\/uploads\/2024\/12\/IMG_8926-1024x768.jpg 1024w, https:\/\/tdcenter.org\/wp-content\/uploads\/2024\/12\/IMG_8926-600x450.jpg 600w, https:\/\/tdcenter.org\/wp-content\/uploads\/2024\/12\/IMG_8926-768x576.jpg 768w, https:\/\/tdcenter.org\/wp-content\/uploads\/2024\/12\/IMG_8926-16x12.jpg 16w, https:\/\/tdcenter.org\/wp-content\/uploads\/2024\/12\/IMG_8926.jpg 1170w\" sizes=\"(max-width: 1024px) 100vw, 1024px\" \/><\/figure>\n\n\n\n<p><\/p>","protected":false},"excerpt":{"rendered":"<p>On December 4, 2024, a significant parliamentary breakfast took place in the German Bundestag, organized by the Transatlantic Dialogue Center in collaboration with the Alliance of Ukrainian Organizations and Members of Parliament Roderich Kiesewetter (CDU), Robin Wagener (B\u00fcndnis 90\/Die Gr\u00fcnen), and Nils Schmid (SPD). The focus of the event was on the question: \u201cWhat is [&hellip;]<\/p>","protected":false},"author":10,"featured_media":27251,"comment_status":"open","ping_status":"open","sticky":false,"template":"","format":"standard","meta":{"footnotes":""},"categories":[25,105],"tags":[],"topic":[],"class_list":["post-27250","post","type-post","status-publish","format-standard","has-post-thumbnail","hentry","category-events","category-german-ukrainian-partnership-program-events"],"mb":[],"yoast_head":"<!-- This site is optimized with the Yoast SEO Premium plugin v25.6 (Yoast SEO v25.6) - https:\/\/yoast.com\/wordpress\/plugins\/seo\/ -->\n<title>TDC Co-Organizes Parliamentary Breakfast in the German Bundestag - Transatlantic Dialogue Center<\/title>\n<meta name=\"description\" content=\"Transatlantic Dialogue Center (TDC) is a non-governmental and non-partisan think tank that provides high-quality policy advice to private and public clients. The network of our friends and partners includes government officials, members of parliaments, businessmen, journalists, experts and analysts.\" \/>\n<meta name=\"robots\" content=\"index, follow, max-snippet:-1, max-image-preview:large, max-video-preview:-1\" \/>\n<link rel=\"canonical\" href=\"https:\/\/tdcenter.org\/es\/2024\/12\/10\/tdc-co-organizes-parliamentary-breakfast-in-the-german-bundestag\/\" \/>\n<meta property=\"og:locale\" content=\"es_ES\" \/>\n<meta property=\"og:type\" content=\"article\" \/>\n<meta property=\"og:title\" content=\"TDC Co-Organizes Parliamentary Breakfast in the German Bundestag\" \/>\n<meta property=\"og:description\" content=\"Transatlantic Dialogue Center (TDC) is a non-governmental and non-partisan think tank that provides high-quality policy advice to private and public clients. The network of our friends and partners includes government officials, members of parliaments, businessmen, journalists, experts and analysts.\" \/>\n<meta property=\"og:url\" content=\"https:\/\/tdcenter.org\/es\/2024\/12\/10\/tdc-co-organizes-parliamentary-breakfast-in-the-german-bundestag\/\" \/>\n<meta property=\"og:site_name\" content=\"Transatlantic Dialogue Center\" \/>\n<meta property=\"article:publisher\" content=\"https:\/\/www.facebook.com\/Transatlantic-Dialogue-Center-105645698740463\" \/>\n<meta property=\"article:published_time\" content=\"2024-12-10T08:59:59+00:00\" \/>\n<meta property=\"article:modified_time\" content=\"2025-08-05T18:08:15+00:00\" \/>\n<meta property=\"og:image\" content=\"https:\/\/tdcenter.org\/wp-content\/uploads\/2024\/12\/IMG_8926.jpg\" \/>\n\t<meta property=\"og:image:width\" content=\"1170\" \/>\n\t<meta property=\"og:image:height\" content=\"877\" \/>\n\t<meta property=\"og:image:type\" content=\"image\/jpeg\" \/>\n<meta name=\"author\" content=\"Stepan Rusyn\" \/>\n<meta name=\"twitter:card\" content=\"summary_large_image\" \/>\n<meta name=\"twitter:label1\" content=\"Escrito por\" \/>\n\t<meta name=\"twitter:data1\" content=\"Stepan Rusyn\" \/>\n\t<meta name=\"twitter:label2\" content=\"Tiempo de lectura\" \/>\n\t<meta name=\"twitter:data2\" content=\"2 minutos\" \/>\n<script type=\"application\/ld+json\" class=\"yoast-schema-graph\">{\"@context\":\"https:\/\/schema.org\",\"@graph\":[{\"@type\":\"Article\",\"@id\":\"https:\/\/tdcenter.org\/2024\/12\/10\/tdc-co-organizes-parliamentary-breakfast-in-the-german-bundestag\/#article\",\"isPartOf\":{\"@id\":\"https:\/\/tdcenter.org\/2024\/12\/10\/tdc-co-organizes-parliamentary-breakfast-in-the-german-bundestag\/\"},\"author\":{\"name\":\"Stepan Rusyn\",\"@id\":\"https:\/\/tdcenter.org\/#\/schema\/person\/10d9eb6be418ce623b4525c0dedbadfa\"},\"headline\":\"TDC Co-Organizes Parliamentary Breakfast in the German Bundestag\",\"datePublished\":\"2024-12-10T08:59:59+00:00\",\"dateModified\":\"2025-08-05T18:08:15+00:00\",\"mainEntityOfPage\":{\"@id\":\"https:\/\/tdcenter.org\/2024\/12\/10\/tdc-co-organizes-parliamentary-breakfast-in-the-german-bundestag\/\"},\"wordCount\":177,\"commentCount\":0,\"publisher\":{\"@id\":\"https:\/\/tdcenter.org\/#organization\"},\"image\":{\"@id\":\"https:\/\/tdcenter.org\/2024\/12\/10\/tdc-co-organizes-parliamentary-breakfast-in-the-german-bundestag\/#primaryimage\"},\"thumbnailUrl\":\"https:\/\/tdcenter.org\/wp-content\/uploads\/2024\/12\/IMG_8926.jpg\",\"articleSection\":[\"Events\",\"Events-German-Ukrainian Partnership Program\"],\"inLanguage\":\"es\",\"potentialAction\":[{\"@type\":\"CommentAction\",\"name\":\"Comment\",\"target\":[\"https:\/\/tdcenter.org\/2024\/12\/10\/tdc-co-organizes-parliamentary-breakfast-in-the-german-bundestag\/#respond\"]}]},{\"@type\":\"WebPage\",\"@id\":\"https:\/\/tdcenter.org\/2024\/12\/10\/tdc-co-organizes-parliamentary-breakfast-in-the-german-bundestag\/\",\"url\":\"https:\/\/tdcenter.org\/2024\/12\/10\/tdc-co-organizes-parliamentary-breakfast-in-the-german-bundestag\/\",\"name\":\"TDC Co-Organizes Parliamentary Breakfast in the German Bundestag - Transatlantic Dialogue Center\",\"isPartOf\":{\"@id\":\"https:\/\/tdcenter.org\/#website\"},\"primaryImageOfPage\":{\"@id\":\"https:\/\/tdcenter.org\/2024\/12\/10\/tdc-co-organizes-parliamentary-breakfast-in-the-german-bundestag\/#primaryimage\"},\"image\":{\"@id\":\"https:\/\/tdcenter.org\/2024\/12\/10\/tdc-co-organizes-parliamentary-breakfast-in-the-german-bundestag\/#primaryimage\"},\"thumbnailUrl\":\"https:\/\/tdcenter.org\/wp-content\/uploads\/2024\/12\/IMG_8926.jpg\",\"datePublished\":\"2024-12-10T08:59:59+00:00\",\"dateModified\":\"2025-08-05T18:08:15+00:00\",\"description\":\"Transatlantic Dialogue Center (TDC) is a non-governmental and non-partisan think tank that provides high-quality policy advice to private and public clients. The network of our friends and partners includes government officials, members of parliaments, businessmen, journalists, experts and analysts.\",\"breadcrumb\":{\"@id\":\"https:\/\/tdcenter.org\/2024\/12\/10\/tdc-co-organizes-parliamentary-breakfast-in-the-german-bundestag\/#breadcrumb\"},\"inLanguage\":\"es\",\"potentialAction\":[{\"@type\":\"ReadAction\",\"target\":[\"https:\/\/tdcenter.org\/2024\/12\/10\/tdc-co-organizes-parliamentary-breakfast-in-the-german-bundestag\/\"]}]},{\"@type\":\"ImageObject\",\"inLanguage\":\"es\",\"@id\":\"https:\/\/tdcenter.org\/2024\/12\/10\/tdc-co-organizes-parliamentary-breakfast-in-the-german-bundestag\/#primaryimage\",\"url\":\"https:\/\/tdcenter.org\/wp-content\/uploads\/2024\/12\/IMG_8926.jpg\",\"contentUrl\":\"https:\/\/tdcenter.org\/wp-content\/uploads\/2024\/12\/IMG_8926.jpg\",\"width\":1170,\"height\":877},{\"@type\":\"BreadcrumbList\",\"@id\":\"https:\/\/tdcenter.org\/2024\/12\/10\/tdc-co-organizes-parliamentary-breakfast-in-the-german-bundestag\/#breadcrumb\",\"itemListElement\":[{\"@type\":\"ListItem\",\"position\":1,\"name\":\"Home\",\"item\":\"https:\/\/tdcenter.org\/\"},{\"@type\":\"ListItem\",\"position\":2,\"name\":\"TDC Co-Organizes Parliamentary Breakfast in the German Bundestag\"}]},{\"@type\":\"WebSite\",\"@id\":\"https:\/\/tdcenter.org\/#website\",\"url\":\"https:\/\/tdcenter.org\/\",\"name\":\"Transatlantic Dialogue Center\",\"description\":\"Promoting International Peace and Security\",\"publisher\":{\"@id\":\"https:\/\/tdcenter.org\/#organization\"},\"potentialAction\":[{\"@type\":\"SearchAction\",\"target\":{\"@type\":\"EntryPoint\",\"urlTemplate\":\"https:\/\/tdcenter.org\/?s={search_term_string}\"},\"query-input\":{\"@type\":\"PropertyValueSpecification\",\"valueRequired\":true,\"valueName\":\"search_term_string\"}}],\"inLanguage\":\"es\"},{\"@type\":\"Organization\",\"@id\":\"https:\/\/tdcenter.org\/#organization\",\"name\":\"Transatlantic Dialogue Center\",\"url\":\"https:\/\/tdcenter.org\/\",\"logo\":{\"@type\":\"ImageObject\",\"inLanguage\":\"es\",\"@id\":\"https:\/\/tdcenter.org\/#\/schema\/logo\/image\/\",\"url\":\"https:\/\/tdcenter.org\/wp-content\/uploads\/2022\/04\/google.png\",\"contentUrl\":\"https:\/\/tdcenter.org\/wp-content\/uploads\/2022\/04\/google.png\",\"width\":2568,\"height\":2487,\"caption\":\"Transatlantic Dialogue Center\"},\"image\":{\"@id\":\"https:\/\/tdcenter.org\/#\/schema\/logo\/image\/\"},\"sameAs\":[\"https:\/\/www.facebook.com\/Transatlantic-Dialogue-Center-105645698740463\",\"https:\/\/www.youtube.com\/channel\/UCpJuhU4JBfpv_jsldNOc5LA\"]},{\"@type\":\"Person\",\"@id\":\"https:\/\/tdcenter.org\/#\/schema\/person\/10d9eb6be418ce623b4525c0dedbadfa\",\"name\":\"Stepan Rusyn\",\"image\":{\"@type\":\"ImageObject\",\"inLanguage\":\"es\",\"@id\":\"https:\/\/tdcenter.org\/#\/schema\/person\/image\/\",\"url\":\"https:\/\/secure.gravatar.com\/avatar\/6f181ae12d4d3e5fe77123d871e3ad5c5df2915e34dc1af5f12b62bdc1348f76?s=96&d=mm&r=g\",\"contentUrl\":\"https:\/\/secure.gravatar.com\/avatar\/6f181ae12d4d3e5fe77123d871e3ad5c5df2915e34dc1af5f12b62bdc1348f76?s=96&d=mm&r=g\",\"caption\":\"Stepan Rusyn\"}}]}<\/script>\n<!-- \/ Yoast SEO Premium plugin. -->","yoast_head_json":{"title":"TDC Co-Organizes Parliamentary Breakfast in the German Bundestag - Transatlantic Dialogue Center","description":"Transatlantic Dialogue Center (TDC) is a non-governmental and non-partisan think tank that provides high-quality policy advice to private and public clients. The network of our friends and partners includes government officials, members of parliaments, businessmen, journalists, experts and analysts.","robots":{"index":"index","follow":"follow","max-snippet":"max-snippet:-1","max-image-preview":"max-image-preview:large","max-video-preview":"max-video-preview:-1"},"canonical":"https:\/\/tdcenter.org\/es\/2024\/12\/10\/tdc-co-organizes-parliamentary-breakfast-in-the-german-bundestag\/","og_locale":"es_ES","og_type":"article","og_title":"TDC Co-Organizes Parliamentary Breakfast in the German Bundestag","og_description":"Transatlantic Dialogue Center (TDC) is a non-governmental and non-partisan think tank that provides high-quality policy advice to private and public clients. The network of our friends and partners includes government officials, members of parliaments, businessmen, journalists, experts and analysts.","og_url":"https:\/\/tdcenter.org\/es\/2024\/12\/10\/tdc-co-organizes-parliamentary-breakfast-in-the-german-bundestag\/","og_site_name":"Transatlantic Dialogue Center","article_publisher":"https:\/\/www.facebook.com\/Transatlantic-Dialogue-Center-105645698740463","article_published_time":"2024-12-10T08:59:59+00:00","article_modified_time":"2025-08-05T18:08:15+00:00","og_image":[{"width":1170,"height":877,"url":"https:\/\/tdcenter.org\/wp-content\/uploads\/2024\/12\/IMG_8926.jpg","type":"image\/jpeg"}],"author":"Stepan Rusyn","twitter_card":"summary_large_image","twitter_misc":{"Escrito por":"Stepan Rusyn","Tiempo de lectura":"2 minutos"},"schema":{"@context":"https:\/\/schema.org","@graph":[{"@type":"Article","@id":"https:\/\/tdcenter.org\/2024\/12\/10\/tdc-co-organizes-parliamentary-breakfast-in-the-german-bundestag\/#article","isPartOf":{"@id":"https:\/\/tdcenter.org\/2024\/12\/10\/tdc-co-organizes-parliamentary-breakfast-in-the-german-bundestag\/"},"author":{"name":"Stepan Rusyn","@id":"https:\/\/tdcenter.org\/#\/schema\/person\/10d9eb6be418ce623b4525c0dedbadfa"},"headline":"TDC Co-Organizes Parliamentary Breakfast in the German Bundestag","datePublished":"2024-12-10T08:59:59+00:00","dateModified":"2025-08-05T18:08:15+00:00","mainEntityOfPage":{"@id":"https:\/\/tdcenter.org\/2024\/12\/10\/tdc-co-organizes-parliamentary-breakfast-in-the-german-bundestag\/"},"wordCount":177,"commentCount":0,"publisher":{"@id":"https:\/\/tdcenter.org\/#organization"},"image":{"@id":"https:\/\/tdcenter.org\/2024\/12\/10\/tdc-co-organizes-parliamentary-breakfast-in-the-german-bundestag\/#primaryimage"},"thumbnailUrl":"https:\/\/tdcenter.org\/wp-content\/uploads\/2024\/12\/IMG_8926.jpg","articleSection":["Events","Events-German-Ukrainian Partnership Program"],"inLanguage":"es","potentialAction":[{"@type":"CommentAction","name":"Comment","target":["https:\/\/tdcenter.org\/2024\/12\/10\/tdc-co-organizes-parliamentary-breakfast-in-the-german-bundestag\/#respond"]}]},{"@type":"WebPage","@id":"https:\/\/tdcenter.org\/2024\/12\/10\/tdc-co-organizes-parliamentary-breakfast-in-the-german-bundestag\/","url":"https:\/\/tdcenter.org\/2024\/12\/10\/tdc-co-organizes-parliamentary-breakfast-in-the-german-bundestag\/","name":"TDC Co-Organizes Parliamentary Breakfast in the German Bundestag - Transatlantic Dialogue Center","isPartOf":{"@id":"https:\/\/tdcenter.org\/#website"},"primaryImageOfPage":{"@id":"https:\/\/tdcenter.org\/2024\/12\/10\/tdc-co-organizes-parliamentary-breakfast-in-the-german-bundestag\/#primaryimage"},"image":{"@id":"https:\/\/tdcenter.org\/2024\/12\/10\/tdc-co-organizes-parliamentary-breakfast-in-the-german-bundestag\/#primaryimage"},"thumbnailUrl":"https:\/\/tdcenter.org\/wp-content\/uploads\/2024\/12\/IMG_8926.jpg","datePublished":"2024-12-10T08:59:59+00:00","dateModified":"2025-08-05T18:08:15+00:00","description":"Transatlantic Dialogue Center (TDC) is a non-governmental and non-partisan think tank that provides high-quality policy advice to private and public clients. The network of our friends and partners includes government officials, members of parliaments, businessmen, journalists, experts and analysts.","breadcrumb":{"@id":"https:\/\/tdcenter.org\/2024\/12\/10\/tdc-co-organizes-parliamentary-breakfast-in-the-german-bundestag\/#breadcrumb"},"inLanguage":"es","potentialAction":[{"@type":"ReadAction","target":["https:\/\/tdcenter.org\/2024\/12\/10\/tdc-co-organizes-parliamentary-breakfast-in-the-german-bundestag\/"]}]},{"@type":"ImageObject","inLanguage":"es","@id":"https:\/\/tdcenter.org\/2024\/12\/10\/tdc-co-organizes-parliamentary-breakfast-in-the-german-bundestag\/#primaryimage","url":"https:\/\/tdcenter.org\/wp-content\/uploads\/2024\/12\/IMG_8926.jpg","contentUrl":"https:\/\/tdcenter.org\/wp-content\/uploads\/2024\/12\/IMG_8926.jpg","width":1170,"height":877},{"@type":"BreadcrumbList","@id":"https:\/\/tdcenter.org\/2024\/12\/10\/tdc-co-organizes-parliamentary-breakfast-in-the-german-bundestag\/#breadcrumb","itemListElement":[{"@type":"ListItem","position":1,"name":"Home","item":"https:\/\/tdcenter.org\/"},{"@type":"ListItem","position":2,"name":"TDC Co-Organizes Parliamentary Breakfast in the German Bundestag"}]},{"@type":"WebSite","@id":"https:\/\/tdcenter.org\/#website","url":"https:\/\/tdcenter.org\/","name":"Transatlantic Dialogue Center","description":"Promovemos la paz y la seguridad internacionales","publisher":{"@id":"https:\/\/tdcenter.org\/#organization"},"potentialAction":[{"@type":"SearchAction","target":{"@type":"EntryPoint","urlTemplate":"https:\/\/tdcenter.org\/?s={search_term_string}"},"query-input":{"@type":"PropertyValueSpecification","valueRequired":true,"valueName":"search_term_string"}}],"inLanguage":"es"},{"@type":"Organization","@id":"https:\/\/tdcenter.org\/#organization","name":"Transatlantic Dialogue Center","url":"https:\/\/tdcenter.org\/","logo":{"@type":"ImageObject","inLanguage":"es","@id":"https:\/\/tdcenter.org\/#\/schema\/logo\/image\/","url":"https:\/\/tdcenter.org\/wp-content\/uploads\/2022\/04\/google.png","contentUrl":"https:\/\/tdcenter.org\/wp-content\/uploads\/2022\/04\/google.png","width":2568,"height":2487,"caption":"Transatlantic Dialogue Center"},"image":{"@id":"https:\/\/tdcenter.org\/#\/schema\/logo\/image\/"},"sameAs":["https:\/\/www.facebook.com\/Transatlantic-Dialogue-Center-105645698740463","https:\/\/www.youtube.com\/channel\/UCpJuhU4JBfpv_jsldNOc5LA"]},{"@type":"Person","@id":"https:\/\/tdcenter.org\/#\/schema\/person\/10d9eb6be418ce623b4525c0dedbadfa","name":"Stepan Rusyn","image":{"@type":"ImageObject","inLanguage":"es","@id":"https:\/\/tdcenter.org\/#\/schema\/person\/image\/","url":"https:\/\/secure.gravatar.com\/avatar\/6f181ae12d4d3e5fe77123d871e3ad5c5df2915e34dc1af5f12b62bdc1348f76?s=96&d=mm&r=g","contentUrl":"https:\/\/secure.gravatar.com\/avatar\/6f181ae12d4d3e5fe77123d871e3ad5c5df2915e34dc1af5f12b62bdc1348f76?s=96&d=mm&r=g","caption":"Stepan Rusyn"}}]}},"mfb_rest_fields":["title","yoast_head","yoast_head_json","gutenberg_elementor_mode"],"_links":{"self":[{"href":"https:\/\/tdcenter.org\/es\/wp-json\/wp\/v2\/posts\/27250","targetHints":{"allow":["GET"]}}],"collection":[{"href":"https:\/\/tdcenter.org\/es\/wp-json\/wp\/v2\/posts"}],"about":[{"href":"https:\/\/tdcenter.org\/es\/wp-json\/wp\/v2\/types\/post"}],"author":[{"embeddable":true,"href":"https:\/\/tdcenter.org\/es\/wp-json\/wp\/v2\/users\/10"}],"replies":[{"embeddable":true,"href":"https:\/\/tdcenter.org\/es\/wp-json\/wp\/v2\/comments?post=27250"}],"version-history":[{"count":1,"href":"https:\/\/tdcenter.org\/es\/wp-json\/wp\/v2\/posts\/27250\/revisions"}],"predecessor-version":[{"id":27255,"href":"https:\/\/tdcenter.org\/es\/wp-json\/wp\/v2\/posts\/27250\/revisions\/27255"}],"wp:featuredmedia":[{"embeddable":true,"href":"https:\/\/tdcenter.org\/es\/wp-json\/wp\/v2\/media\/27251"}],"wp:attachment":[{"href":"https:\/\/tdcenter.org\/es\/wp-json\/wp\/v2\/media?parent=27250"}],"wp:term":[{"taxonomy":"category","embeddable":true,"href":"https:\/\/tdcenter.org\/es\/wp-json\/wp\/v2\/categories?post=27250"},{"taxonomy":"post_tag","embeddable":true,"href":"https:\/\/tdcenter.org\/es\/wp-json\/wp\/v2\/tags?post=27250"},{"taxonomy":"topic","embeddable":true,"href":"https:\/\/tdcenter.org\/es\/wp-json\/wp\/v2\/topic?post=27250"}],"curies":[{"name":"wp","href":"https:\/\/api.w.org\/{rel}","templated":true}]}}