{"id":2353,"date":"2022-03-27T00:40:35","date_gmt":"2022-03-26T22:40:35","guid":{"rendered":"https:\/\/tdcenter.org\/?p=2353"},"modified":"2022-04-01T00:49:57","modified_gmt":"2022-03-31T21:49:57","slug":"26-marz-2022-tagliches-briefing","status":"publish","type":"post","link":"https:\/\/tdcenter.org\/es\/2022\/03\/27\/26-marz-2022-tagliches-briefing\/","title":{"rendered":"26.M\u00e4rz, 2022 | T\u00e4gliches Briefing"},"content":{"rendered":"<p><strong>8.00<\/strong> <\/p>\n\n\n\n<p>In der Stadt Slawutytsch sammeln Menschen auf eine Demonstration gegen russische Besatzung. Wie der Stadtrat gekennzeichnet hat, \u00abSlawutytsch geh\u00f6rt der Ukraine!\u00bb.<\/p>\n\n\n\n<figure class=\"wp-block-image size-full is-resized\"><img fetchpriority=\"high\" decoding=\"async\" src=\"https:\/\/tdcenter.org\/wp-content\/uploads\/2022\/03\/image-272.png\" alt=\"\" class=\"wp-image-2354\" width=\"840\" height=\"629\" srcset=\"https:\/\/tdcenter.org\/wp-content\/uploads\/2022\/03\/image-272.png 726w, https:\/\/tdcenter.org\/wp-content\/uploads\/2022\/03\/image-272-600x450.png 600w, https:\/\/tdcenter.org\/wp-content\/uploads\/2022\/03\/image-272-16x12.png 16w\" sizes=\"(max-width: 840px) 100vw, 840px\" \/><\/figure>\n\n\n\n<figure class=\"wp-block-image size-full is-resized\"><img decoding=\"async\" src=\"https:\/\/tdcenter.org\/wp-content\/uploads\/2022\/03\/image-273.png\" alt=\"\" class=\"wp-image-2355\" width=\"840\" height=\"1124\" srcset=\"https:\/\/tdcenter.org\/wp-content\/uploads\/2022\/03\/image-273.png 505w, https:\/\/tdcenter.org\/wp-content\/uploads\/2022\/03\/image-273-448x600.png 448w, https:\/\/tdcenter.org\/wp-content\/uploads\/2022\/03\/image-273-9x12.png 9w\" sizes=\"(max-width: 840px) 100vw, 840px\" \/><figcaption>Das Foto vom Stadtrat Slawutytsch<\/figcaption><\/figure>\n\n\n\n<p><strong>8.00 <\/strong><\/p>\n\n\n\n<p>In Melitopol erzwingen russische Soldaten von den Vorsitzenden der Wohngemeinden zu gestehen, \u00abwo die Faschisten wohnen\u00bb.<\/p>\n\n\n\n<p><em>\u00abDie Vertreter der russischen Milit\u00e4rverwaltung der Stadt versammeln die Vorsitzenden der \u00f6rtlichen Wohngemeinden und auffordern dar\u00fcber zu informieren, \u201cwo die Faschisten wohnen\u201d.<\/em><em> Unter dem Begriff &#8220;Faschisten\u201d verstehe man alle, die Melitopol nicht als ein Teil des<\/em><em> <\/em><em>Russlands ansehen, bewahrt oder demonstriert Flagge oder Wappen der Ukraine, sowohl als auch die, die ukrainische Regierung f\u00fcr die einzige legitime Regierung halten\u00bb, berichtet der Sprecher der milit\u00e4rische Regionalverwaltung von Zaporischschja, Iwan Arefjew.<\/em><\/p>\n\n\n\n<p>Dazwischen berichtet die Regionalverwaltung \u00fcber Druck durch die russischen Truppen auf diejenigen, die das Leben der Stadt Berdjansk leisten und f\u00fcr die Sicherheit der Zivilbev\u00f6lkerung sorgen. In der Zwischenzeit setzen die Ukrainer und Ukrainerinnen, die in der kritischen Infrastruktur besch\u00e4ftigt sind, auch ehrenamtlich, ihre Arbeit fort.<\/p>\n\n\n\n<p><strong>8.30<\/strong> <\/p>\n\n\n\n<p>Der Aggressor plant eine bezahlte Demonstration f\u00fcr Unterst\u00fctzung der \u00abRussischen Regierung\u00bb in Melitopol durchzuf\u00fchren.&nbsp; Dies wird von der milit\u00e4rischen Regionalverwaltung von Zaporischschja unter Bezugnahme auf den Sicherheitsdienst der Ukraine gemeldet.<\/p>\n\n\n\n<p><a href=\"https:\/\/t.me\/zoda_gov_ua\/5702\">https:\/\/t.me\/zoda_gov_ua\/5702<\/a><\/p>\n\n\n\n<p>Den Angaben der Sicherheitsdienstes nach betr\u00e4gt der Lohn f\u00fcr Teilnahme 1200 Rubel. \u00abDemonstranten\u00bb sollen russische Flagge hochhalten und \u00abaufrichtig\u00bb Ihre Freude auf die Kamera zeigen.<\/p>\n\n\n\n<p><strong>9.00<\/strong> <\/p>\n\n\n\n<p>Russische Armee trifft absichtlich Lebensmittellagerh\u00e4user in Sjewjerodonezk, weil sie ihr Standort wei\u00df.<br>Dar\u00fcber berichtet der Regionalchef von Luhansk Serhij Hajdaj. Daneben hat er versichert, dass keine humanit\u00e4re Katastrophe in der Region Luhansk vorkommen wird, denn die Kellern und Luftschutzbunker haben alle ben\u00f6tigte Vorr\u00e4te, die Menschen sind regelm\u00e4\u00dfig in sichere Regionen des Landes evakuiert, und die Leitung wird wom\u00f6glich verrichtet.<br><a href=\"https:\/\/t.me\/luhanskaVTSA\/853\">https:\/\/t.me\/luhanskaVTSA\/853<\/a><\/p>\n\n\n\n<p>Mit der Lieferung von Lebensmitteln helfen Streifenpolizei und Notfalldiensten. Die Letzteren haben gestern dutzende Tonnen Wasser in die St\u00e4dte Lysytschansk und Zolote geliefert. Auch geschah es, eine der Pumpstationen in Rubischne mit Wasser zu versorgen, somit hat die Stadt teilweise Zugang zum Wasser.<\/p>\n\n\n\n<p><strong>9.00<\/strong> <\/p>\n\n\n\n<p>In der Region Sumy wird in drei Gebieten \u2013 Konotop, Ochtyrka und Sumy &#8211; aktiv gek\u00e4mpft. Dies teilte der Leiter der milit\u00e4rischen Regionalverwaltung von Sumy in seiner Videobotschaft in Telegram mit.<br>https:\/\/t.me\/Zhyvytskyy\/1345<br>&nbsp;Er f\u00fcgte hinzu, dass die Feindseligkeiten in der Gemeinde Trostyanets, der Beschuss der Vororte von Sumy und die Bombardierung von Ochtyrka andauern.<\/p>\n\n\n\n<figure class=\"wp-block-image size-full is-resized\"><img decoding=\"async\" src=\"https:\/\/tdcenter.org\/wp-content\/uploads\/2022\/03\/image-274.png\" alt=\"\" class=\"wp-image-2356\" width=\"840\" height=\"473\" srcset=\"https:\/\/tdcenter.org\/wp-content\/uploads\/2022\/03\/image-274.png 823w, https:\/\/tdcenter.org\/wp-content\/uploads\/2022\/03\/image-274-600x338.png 600w, https:\/\/tdcenter.org\/wp-content\/uploads\/2022\/03\/image-274-768x432.png 768w, https:\/\/tdcenter.org\/wp-content\/uploads\/2022\/03\/image-274-18x10.png 18w\" sizes=\"(max-width: 840px) 100vw, 840px\" \/><\/figure>\n\n\n\n<p><em>Okhtyrka nach dem Beschuss<\/em><\/p>\n\n\n\n<p><strong>10.00<\/strong> <\/p>\n\n\n\n<p>Russische Truppen zerst\u00f6rten 90 % der Geb\u00e4ude in Mariupol<\/p>\n\n\n\n<p>Alle Stra\u00dfen nach Mariupol sind gesperrt, russische Truppen lassen nicht einmal humanit\u00e4re Lieferungen mit Lebensmitteln, Wasser und Medikamenten dorthin zu. Dies erkl\u00e4rte der ukrainische Pr\u00e4sident Wolodymyr Selenskyj w\u00e4hrend seiner Rede auf dem 20. Doha-Forum in Katar.<\/p>\n\n\n\n<p><em>&#8220;Es gibt nichts. Rund um die Uhr wird die Stadt bombardiert und beschossen. 90 % aller Geb\u00e4ude in Mariupol sind zerst\u00f6rt. Tausende Menschen sind gestorben\u201c,<\/em> stellte der Pr\u00e4sident fest.<\/p>\n\n\n\n<p>Selenskyj betonte erneut die Bedeutung der L\u00f6sung der humanit\u00e4ren Katastrophe in Mariupol. Er \u00e4u\u00dferte sich emp\u00f6rt dar\u00fcber, dass Russland f\u00fcr dieses Verbrechen noch nicht die geringste greifbare Strafe erhalten hat.<\/p>\n\n\n\n<p><em>\u201eWie \u00fcbrigens nach der Eroberung der Krim nicht erhalten hat. Und dort richten sich die russischen Repressionen gerade gegen den muslimischen Teil der Bev\u00f6lkerung der Halbinsel\u201c,<\/em> betonte der Pr\u00e4sident.<\/p>\n\n\n\n<p>Ihm zufolge leben mehr als eine Million Muslime in der Ukraine, etwa viertausend befinden sich in Mariupol, das von den Truppen der Russischen F\u00f6deration blockiert wurde.<\/p>\n\n\n\n<p><em>\u201eDie Ukraine ist ein Land der Vielfalt und des friedlichen Zusammenlebens ethnischer Gruppen und Religionen. In unserem Land gibt es mehr als eine Million Muslime. Russische Raketen und Luftbomben sind eine t\u00f6dliche Bedrohung f\u00fcr unser ganzes Volk. Nur in einer unserer St\u00e4dte, in Mariupol, das von russischen Truppen blockiert wurde, gab es etwa viertausend Muslime. Seit drei Wochen verstecken sich mehr als 80 Menschen in der Moschee von Mariupol. Unter ihnen sind Frauen, Kinder, \u00e4ltere Menschen\u201c<\/em>, hob das ukrainische Staatsoberhaupt hervor.<\/p>\n\n\n\n<p><a href=\"https:\/\/youtu.be\/BYM_oTeyNvw\"><\/a><\/p>\n\n\n\n<figure class=\"wp-block-embed is-type-video is-provider-youtube wp-block-embed-youtube wp-embed-aspect-16-9 wp-has-aspect-ratio\"><div class=\"wp-block-embed__wrapper\">\n<iframe title=\"\u0412\u043e\u043b\u043e\u0434\u0438\u043c\u0438\u0440 \u0417\u0435\u043b\u0435\u043d\u0441\u044c\u043a\u0438\u0439 \u0437\u0432\u0435\u0440\u043d\u0443\u0432\u0441\u044f \u0434\u043e \u043f\u043e\u043b\u0456\u0442\u0438\u043a\u0456\u0432 \u041a\u0430\u0442\u0430\u0440\u0443 \u0442\u0430 \u0443\u0447\u0430\u0441\u043d\u0438\u043a\u0456\u0432 Doha Forum\" width=\"800\" height=\"450\" src=\"https:\/\/www.youtube.com\/embed\/BYM_oTeyNvw?feature=oembed\" frameborder=\"0\" allow=\"accelerometer; autoplay; clipboard-write; encrypted-media; gyroscope; picture-in-picture\" allowfullscreen><\/iframe>\n<\/div><\/figure>\n\n\n\n<p><strong>11.00<\/strong> <\/p>\n\n\n\n<p>In Mariupol begonnen die russischen Truppen, das Territorium zu s\u00e4ubern, sie suchen nach &#8220;Nazis&#8221; unter der lokalen Bev\u00f6lkerung.<\/p>\n\n\n\n<p>Dies teilte der Stadtrat von Mariupol per Telegram mit.<br>https:\/\/t.me\/mariupolrada\/9011<\/p>\n\n\n\n<p><em>\u201eIm westlichen Teil von Mariupol, der jetzt unter der Kontrolle der russischen Armee steht, haben die Razzien begonnen. Laut Anwohnern begannen die Russen, um die Wohnungen der verbleibenden H\u00e4user herumzugehen und eine Volksz\u00e4hlung durchzuf\u00fchren\u201c,<\/em> steht es in der Nachricht.<\/p>\n\n\n\n<p>Laut Einwohnern von Mariupol brechen die russischen Soldaten einfach die T\u00fcren ein und f\u00fchren Durchsuchungen durch, wenn niemand der T\u00fcr \u00f6ffnet. Sie fragen die Bewohner, wer die Nazis hier sind, wer in den Streitkr\u00e4ften der Ukraine gedient hat, wer f\u00fcr die Ukraine ist, wo ihre Eltern leben und so weiter.<\/p>\n\n\n\n<p><strong>11.30<\/strong> <\/p>\n\n\n\n<p>Russland plant, ethnische Armenier, Aserbaidschaner und meschetische T\u00fcrken von Cherson auf die Krim zu deportieren.<\/p>\n\n\n\n<p>Dies wurde von der stellvertretenden Ministerpr\u00e4sidentin Iryna Wereschtschuk angek\u00fcndigt.<br>https:\/\/t.me\/vereschuk_iryna\/1195<\/p>\n\n\n\n<p><strong>12.00<\/strong> <\/p>\n\n\n\n<p>Russische Besatzungstruppen werfen Blendgranaten auf Zivilisten, die zu einer pro-ukrainischen Demonstration in Slavutych kamen. Der B\u00fcrgermeister der Stadt Slawutytsch, Yury Fomitschev, wurde von russischen Soldaten entf\u00fchrt.<\/p>\n\n\n\n<p>Dies teilte der Leiter der regionalen Milit\u00e4rverwaltung in Kiew, Oleksandr Pawljuk, in seinem Telegram mit.<br><a href=\"https:\/\/t.me\/kyivoda\/2693?single&amp;fbclid=IwAR1Yw1PgyNS0_iL6Uc5Dy73G0l4gCSOdJGQxQH4DFe-JB5V-yTVCkrtJjRo\">https:\/\/t.me\/kyivoda\/2693?single&amp;fbclid=IwAR1Yw1PgyNS0_iL6Uc5Dy73G0l4gCSOdJGQxQH4DFe-JB5V-yTVCkrtJjRo<\/a><\/p>\n\n\n\n<p><strong>13:00<\/strong> <\/p>\n\n\n\n<p>Der Sicherheitsdienst der Ukraine hat ein Telefongespr\u00e4ch des Besatzers abgeh\u00f6rt, das von der Vergewaltigung einer Frau und eines 16-j\u00e4hrigen M\u00e4dchens in einem Nachbardorf erz\u00e4hlt. Der Eindringling selbst gibt in Telefongespr\u00e4chen zu, dass russische Truppen ukrainische Zivilisten t\u00f6ten und Gr\u00e4ueltaten begehen.<\/p>\n\n\n\n<p>Der Besatzer notiert:<\/p>\n\n\n\n<p><em>\u201eHier rasten die Leute schon aus, sie wissen nicht, was sie ein andermal machen sollen. In einem nahen gelegenen Dorf vergewaltigten Jungen eine erwachsene Frau und ein 16-j\u00e4hriges M\u00e4dchen\u201c.<\/em><\/p>\n\n\n\n<p><a href=\"https:\/\/www.youtube.com\/watch?time_continue=66&amp;v=5i7FYvDaXZk&amp;feature=emb_logo\">\u00ab\u041e\u0434\u043d\u0430 \u0437 \u043d\u0430\u0439\u0441\u0438\u043b\u044c\u043d\u0456\u0448\u0438\u0445 \u0430\u0440\u043c\u0456\u0439 \u0441\u0432\u0456\u0442\u0443\u00bb \u0432\u0438\u044f\u0432\u0438\u043b\u0430\u0441\u044f \u0437\u0431\u0456\u0433\u043e\u0432\u0438\u0441\u044c\u043a\u043e\u043c \u043c\u0430\u0440\u043e\u0434\u0435\u0440\u0456\u0432 \u0456 \u0491\u0432\u0430\u043b\u0442\u0456\u0432\u043d\u0438\u043a\u0456\u0432<\/a><\/p>\n\n\n\n<p><strong>14:00<\/strong> <\/p>\n\n\n\n<p>Die Generalstaatsanwaltschaft berichtete, dass w\u00e4hrend des Beschusses von Charkiw durch russische Invasoren f\u00fcnf Zivilisten get\u00f6tet wurden, ein Strafverfahren eingeleitet und eine Untersuchung eingeleitet wurde.<\/p>\n\n\n\n<p><em>\u201eLaut der Untersuchung f\u00fchrten Soldaten der russischen Streitkr\u00e4fte am 25. M\u00e4rz 2022 Artillerieangriffe auf Wohngeb\u00e4ude in Charkiw durch. Dabei wurden 5 Zivilisten get\u00f6tet. Die H\u00e4user und Fahrzeuge wurden besch\u00e4digt\u201c.<\/em><\/p>\n\n\n\n<figure class=\"wp-block-image size-full is-resized\"><img loading=\"lazy\" decoding=\"async\" src=\"https:\/\/tdcenter.org\/wp-content\/uploads\/2022\/03\/image-275.png\" alt=\"\" class=\"wp-image-2357\" width=\"839\" height=\"636\" srcset=\"https:\/\/tdcenter.org\/wp-content\/uploads\/2022\/03\/image-275.png 550w, https:\/\/tdcenter.org\/wp-content\/uploads\/2022\/03\/image-275-16x12.png 16w\" sizes=\"(max-width: 839px) 100vw, 839px\" \/><\/figure>\n\n\n\n<p><strong>15:00<\/strong> <\/p>\n\n\n\n<p>Russische Truppen mit schwerer Artillerie beschossen die Siedlungen der Region Kiew. Nach vorl\u00e4ufigen Angaben wurden mindestens 5 Privath\u00e4user zerst\u00f6rt. Es berichtet, dass zufolge es zivile Opfer, darunter ein Kind gibt.<\/p>\n\n\n\n<p>\u201eWie wir sehen, schie\u00dfen die Besatzer \u00fcberall, auf Wohngebiete, zivile Infrastruktureinrichtungen, Hochh\u00e4user. Sie vernichten zynisch B\u00fcrger und ihre H\u00e4user aus der &#8220;Grad&#8221;, &#8211; berichtete der Polizist der Region Kiew.<\/p>\n\n\n\n<figure class=\"wp-block-image size-full is-resized\"><img loading=\"lazy\" decoding=\"async\" src=\"https:\/\/tdcenter.org\/wp-content\/uploads\/2022\/03\/image-276.png\" alt=\"\" class=\"wp-image-2358\" width=\"840\" height=\"1121\" srcset=\"https:\/\/tdcenter.org\/wp-content\/uploads\/2022\/03\/image-276.png 448w, https:\/\/tdcenter.org\/wp-content\/uploads\/2022\/03\/image-276-9x12.png 9w\" sizes=\"(max-width: 840px) 100vw, 840px\" \/><\/figure>\n\n\n\n<figure class=\"wp-block-image size-full is-resized\"><img loading=\"lazy\" decoding=\"async\" src=\"https:\/\/tdcenter.org\/wp-content\/uploads\/2022\/03\/image-277.png\" alt=\"\" class=\"wp-image-2359\" width=\"839\" height=\"1114\" srcset=\"https:\/\/tdcenter.org\/wp-content\/uploads\/2022\/03\/image-277.png 446w, https:\/\/tdcenter.org\/wp-content\/uploads\/2022\/03\/image-277-9x12.png 9w\" sizes=\"(max-width: 839px) 100vw, 839px\" \/><\/figure>\n\n\n\n<p><strong>16:00<\/strong> <\/p>\n\n\n\n<p>Seit Beginn der gro\u00dfangelegten Invasion haben die russischen Besatzungstruppen bereits 4.500 Wohngeb\u00e4ude, 100 Gesch\u00e4fte, 400 Bildungseinrichtungen und 150 Gesundheitseinrichtungen zerst\u00f6rt. berichtete der Minister f\u00fcr die Entwicklung von Gemeinden und Territorien Aleksey Chernyshev.<\/p>\n\n\n\n<p>Er stellt jedoch fest, dass die endg\u00fcltige Berechnung der Infrastrukturverluste nach dem Waffenstillstand und der R\u00e4umung der Gebiete erfolgen muss. Er f\u00fcgte hinzu: Die Verluste k\u00f6nnten mehrere zehn Milliarden Dollar erreichen. Diese Zahl w\u00e4chst jedoch t\u00e4glich.<\/p>\n\n\n\n<p><strong>17:00<\/strong> <\/p>\n\n\n\n<p>Explosionen donnerten in Lwiw &#8211; Informationen \u00fcber einen Raketenangriff auf die Stadt wurden von B\u00fcrgermeister Andrij Sadovyj best\u00e4tigt. Er betonte, dass keine Fotos ins Internet gestellt werden sollten. Nach vorl\u00e4ufigen Informationen fing eine der Industrieanlagen, in denen Treibstoff gelagert wird, Feuer. 5 Personen wurden verletzt.<\/p>\n\n\n\n<p>Die Bedrohung durch Luftangriffe blieb bestehen.<\/p>\n\n\n\n<figure class=\"wp-block-image size-full\"><img loading=\"lazy\" decoding=\"async\" width=\"846\" height=\"548\" src=\"https:\/\/tdcenter.org\/wp-content\/uploads\/2022\/03\/image-278.png\" alt=\"\" class=\"wp-image-2360\" srcset=\"https:\/\/tdcenter.org\/wp-content\/uploads\/2022\/03\/image-278.png 846w, https:\/\/tdcenter.org\/wp-content\/uploads\/2022\/03\/image-278-600x389.png 600w, https:\/\/tdcenter.org\/wp-content\/uploads\/2022\/03\/image-278-768x497.png 768w, https:\/\/tdcenter.org\/wp-content\/uploads\/2022\/03\/image-278-18x12.png 18w\" sizes=\"(max-width: 846px) 100vw, 846px\" \/><\/figure>\n\n\n\n<p><strong>18:00 <\/strong><\/p>\n\n\n\n<p>Russische Truppen haben das Mahnmal f\u00fcr die Opfer des Holocaust in Charkiw beschossen, berichtete Verteidigungsministerium der Ukraine.<\/p>\n\n\n\n<p><strong>19:00<\/strong> <\/p>\n\n\n\n<p>In Mariupol haben russische Invasoren \u00c4rzte und Patienten gewaltsam aus dem st\u00e4dtischen Krankenhaus entfernt, berichtet der Stadtrat von Mariupol.<\/p>\n\n\n\n<p>Das Personal und die Patienten, die sich vor dem Beschuss versteckten, wurden Berichten zufolge Opfer der russischen Besatzungstruppen.<\/p>\n\n\n\n<p><em>\u201eEs ist bekannt, dass sich auf dem Territorium des Krankenhauses ungef\u00e4hr 700 Menschen befanden. <\/em><em>Aber wie viele Einwohner von Mariupol deportiert wurden, ist nicht genau bekannt. Informationen werden spezifiziert\u201c.<\/em><\/p>\n\n\n\n<p><strong>19:31 <\/strong><\/p>\n\n\n\n<p>In Lwiw ert\u00f6nte erneut Beschuss, der B\u00fcrgermeister der Stadt berichtet, dass Infrastruktureinrichtungen durch Raketenangriffe besch\u00e4digt wurden. Die Wohngeb\u00e4ude wurden nicht besch\u00e4digt. Die Brandbek\u00e4mpfung dauert an.<\/p>\n\n\n\n<p><strong>20:00 <\/strong><\/p>\n\n\n\n<p>Am 26. M\u00e4rz schossen die Invasoren auf die Stadt Bojarka in der Region Kiew, berichtete Kiewer Bezirksstaatsanwaltschaft. Aus diesem Grund wurden 4 Zivilisten verletzt, darunter ein Kind. Unter der von den Eindringlingen besch\u00e4digten Infrastruktur befinden sich mehrst\u00f6ckige und private Wohngeb\u00e4ude, Garagen und andere Immobilien.<\/p>\n\n\n\n<figure class=\"wp-block-image size-full is-resized\"><img loading=\"lazy\" decoding=\"async\" src=\"https:\/\/tdcenter.org\/wp-content\/uploads\/2022\/03\/image-279.png\" alt=\"\" class=\"wp-image-2361\" width=\"840\" height=\"1813\" srcset=\"https:\/\/tdcenter.org\/wp-content\/uploads\/2022\/03\/image-279.png 392w, https:\/\/tdcenter.org\/wp-content\/uploads\/2022\/03\/image-279-278x600.png 278w, https:\/\/tdcenter.org\/wp-content\/uploads\/2022\/03\/image-279-6x12.png 6w\" sizes=\"(max-width: 840px) 100vw, 840px\" \/><\/figure>\n\n\n\n<p><strong>20:37 <\/strong><\/p>\n\n\n\n<p>Die vom Nationalen Wissenschaftszentrum \u201eKharkiv Institute of Physics and Technology\u201c betriebene nukleare Forschungsanlage \u201eSource of Neutrons\u201c wurde erneut unter Beschuss genommen. Das Ausma\u00df der Sch\u00e4den an der Anlage kann derzeit aufgrund von Feindseligkeiten nicht abgesch\u00e4tzt werden.<\/p>\n\n\n\n<p>Die staatliche Aufsichtsbeh\u00f6rde f\u00fcr Nuklearregulierung der Ukraine hat die Situation kommentiert.<\/p>\n\n\n\n<p><em>\u201eBitte beachten Sie, dass \u201edie Neutronenquelle\u201c, wie jede andere kerntechnische Anlage, nicht f\u00fcr den Betrieb unter Kampfbedingungen ausgelegt ist. Die Fortsetzung der Bombardierung und\/oder des Beschusses kann zu schwerwiegenden Strahlenfolgen mit Kontamination nahe gelegener Gebiete f\u00fchren\u201c.<\/em><\/p>\n\n\n\n<p><strong>21:00<\/strong><\/p>\n\n\n\n<p>In der Stadt Dubno in der Region Rivne trafen Raketen der Besatzung das \u00d6ldepot. Die Folgen des Streiks werden nun ermittelt.<\/p>","protected":false},"excerpt":{"rendered":"<p>8.00 In der Stadt Slawutytsch sammeln Menschen auf eine Demonstration gegen russische Besatzung. Wie der Stadtrat gekennzeichnet hat, \u00abSlawutytsch geh\u00f6rt der Ukraine!\u00bb. 8.00 In Melitopol erzwingen russische Soldaten von den Vorsitzenden der Wohngemeinden zu gestehen, \u00abwo die Faschisten wohnen\u00bb. \u00abDie Vertreter der russischen Milit\u00e4rverwaltung der Stadt versammeln die Vorsitzenden der \u00f6rtlichen Wohngemeinden und auffordern dar\u00fcber [&hellip;]<\/p>","protected":false},"author":1,"featured_media":2362,"comment_status":"open","ping_status":"open","sticky":false,"template":"","format":"standard","meta":{"footnotes":""},"categories":[1,16],"tags":[],"topic":[],"class_list":["post-2353","post","type-post","status-publish","format-standard","has-post-thumbnail","hentry","category-uncategorized","category-german"],"mb":[],"yoast_head":"<!-- This site is optimized with the Yoast SEO Premium plugin v25.6 (Yoast SEO v25.6) - https:\/\/yoast.com\/wordpress\/plugins\/seo\/ -->\n<title>Nachrichten aus der Ukraine vom 26. M\u00e4rz<\/title>\n<meta name=\"description\" content=\"Transatlantic Dialogue Center (TDC) is a non-governmental and non-partisan think tank that provides high-quality policy advice to private and public clients. The network of our friends and partners includes government officials, members of parliaments, businessmen, journalists, experts and analysts.\" \/>\n<meta name=\"robots\" content=\"index, follow, max-snippet:-1, max-image-preview:large, max-video-preview:-1\" \/>\n<link rel=\"canonical\" href=\"https:\/\/tdcenter.org\/es\/2022\/03\/27\/26-marz-2022-tagliches-briefing\/\" \/>\n<meta property=\"og:locale\" content=\"es_ES\" \/>\n<meta property=\"og:type\" content=\"article\" \/>\n<meta property=\"og:title\" content=\"26.M\u00e4rz, 2022 | T\u00e4gliches Briefing\" \/>\n<meta property=\"og:description\" content=\"Transatlantic Dialogue Center (TDC) is a non-governmental and non-partisan think tank that provides high-quality policy advice to private and public clients. The network of our friends and partners includes government officials, members of parliaments, businessmen, journalists, experts and analysts.\" \/>\n<meta property=\"og:url\" content=\"https:\/\/tdcenter.org\/es\/2022\/03\/27\/26-marz-2022-tagliches-briefing\/\" \/>\n<meta property=\"og:site_name\" content=\"Transatlantic Dialogue Center\" \/>\n<meta property=\"article:publisher\" content=\"https:\/\/www.facebook.com\/Transatlantic-Dialogue-Center-105645698740463\" \/>\n<meta property=\"article:published_time\" content=\"2022-03-26T22:40:35+00:00\" \/>\n<meta property=\"article:modified_time\" content=\"2022-03-31T21:49:57+00:00\" \/>\n<meta property=\"og:image\" content=\"https:\/\/tdcenter.org\/wp-content\/uploads\/2022\/03\/signal-2022-03-27-003742_008.jpeg\" \/>\n\t<meta property=\"og:image:width\" content=\"1600\" \/>\n\t<meta property=\"og:image:height\" content=\"1211\" \/>\n\t<meta property=\"og:image:type\" content=\"image\/jpeg\" \/>\n<meta name=\"author\" content=\"tdcadmin\" \/>\n<meta name=\"twitter:card\" content=\"summary_large_image\" \/>\n<meta name=\"twitter:label1\" content=\"Escrito por\" \/>\n\t<meta name=\"twitter:data1\" content=\"tdcadmin\" \/>\n\t<meta name=\"twitter:label2\" content=\"Tiempo de lectura\" \/>\n\t<meta name=\"twitter:data2\" content=\"8 minutos\" \/>\n<script type=\"application\/ld+json\" class=\"yoast-schema-graph\">{\"@context\":\"https:\/\/schema.org\",\"@graph\":[{\"@type\":\"Article\",\"@id\":\"https:\/\/tdcenter.org\/2022\/03\/27\/26-marz-2022-tagliches-briefing\/#article\",\"isPartOf\":{\"@id\":\"https:\/\/tdcenter.org\/2022\/03\/27\/26-marz-2022-tagliches-briefing\/\"},\"author\":{\"name\":\"tdcadmin\",\"@id\":\"https:\/\/tdcenter.org\/#\/schema\/person\/93d6a1a71a5db737f83ae00987761c07\"},\"headline\":\"26.M\u00e4rz, 2022 | T\u00e4gliches Briefing\",\"datePublished\":\"2022-03-26T22:40:35+00:00\",\"dateModified\":\"2022-03-31T21:49:57+00:00\",\"mainEntityOfPage\":{\"@id\":\"https:\/\/tdcenter.org\/2022\/03\/27\/26-marz-2022-tagliches-briefing\/\"},\"wordCount\":1518,\"commentCount\":0,\"publisher\":{\"@id\":\"https:\/\/tdcenter.org\/#organization\"},\"image\":{\"@id\":\"https:\/\/tdcenter.org\/2022\/03\/27\/26-marz-2022-tagliches-briefing\/#primaryimage\"},\"thumbnailUrl\":\"https:\/\/tdcenter.org\/wp-content\/uploads\/2022\/03\/signal-2022-03-27-003742_008.jpeg\",\"articleSection\":[\"Briefings\",\"German\"],\"inLanguage\":\"es\",\"potentialAction\":[{\"@type\":\"CommentAction\",\"name\":\"Comment\",\"target\":[\"https:\/\/tdcenter.org\/2022\/03\/27\/26-marz-2022-tagliches-briefing\/#respond\"]}]},{\"@type\":\"WebPage\",\"@id\":\"https:\/\/tdcenter.org\/2022\/03\/27\/26-marz-2022-tagliches-briefing\/\",\"url\":\"https:\/\/tdcenter.org\/2022\/03\/27\/26-marz-2022-tagliches-briefing\/\",\"name\":\"Nachrichten aus der Ukraine vom 26. M\u00e4rz\",\"isPartOf\":{\"@id\":\"https:\/\/tdcenter.org\/#website\"},\"primaryImageOfPage\":{\"@id\":\"https:\/\/tdcenter.org\/2022\/03\/27\/26-marz-2022-tagliches-briefing\/#primaryimage\"},\"image\":{\"@id\":\"https:\/\/tdcenter.org\/2022\/03\/27\/26-marz-2022-tagliches-briefing\/#primaryimage\"},\"thumbnailUrl\":\"https:\/\/tdcenter.org\/wp-content\/uploads\/2022\/03\/signal-2022-03-27-003742_008.jpeg\",\"datePublished\":\"2022-03-26T22:40:35+00:00\",\"dateModified\":\"2022-03-31T21:49:57+00:00\",\"description\":\"Transatlantic Dialogue Center (TDC) is a non-governmental and non-partisan think tank that provides high-quality policy advice to private and public clients. The network of our friends and partners includes government officials, members of parliaments, businessmen, journalists, experts and analysts.\",\"breadcrumb\":{\"@id\":\"https:\/\/tdcenter.org\/2022\/03\/27\/26-marz-2022-tagliches-briefing\/#breadcrumb\"},\"inLanguage\":\"es\",\"potentialAction\":[{\"@type\":\"ReadAction\",\"target\":[\"https:\/\/tdcenter.org\/2022\/03\/27\/26-marz-2022-tagliches-briefing\/\"]}]},{\"@type\":\"ImageObject\",\"inLanguage\":\"es\",\"@id\":\"https:\/\/tdcenter.org\/2022\/03\/27\/26-marz-2022-tagliches-briefing\/#primaryimage\",\"url\":\"https:\/\/tdcenter.org\/wp-content\/uploads\/2022\/03\/signal-2022-03-27-003742_008.jpeg\",\"contentUrl\":\"https:\/\/tdcenter.org\/wp-content\/uploads\/2022\/03\/signal-2022-03-27-003742_008.jpeg\",\"width\":1600,\"height\":1211},{\"@type\":\"BreadcrumbList\",\"@id\":\"https:\/\/tdcenter.org\/2022\/03\/27\/26-marz-2022-tagliches-briefing\/#breadcrumb\",\"itemListElement\":[{\"@type\":\"ListItem\",\"position\":1,\"name\":\"Home\",\"item\":\"https:\/\/tdcenter.org\/\"},{\"@type\":\"ListItem\",\"position\":2,\"name\":\"26.M\u00e4rz, 2022 | T\u00e4gliches Briefing\"}]},{\"@type\":\"WebSite\",\"@id\":\"https:\/\/tdcenter.org\/#website\",\"url\":\"https:\/\/tdcenter.org\/\",\"name\":\"Transatlantic Dialogue Center\",\"description\":\"Promoting International Peace and Security\",\"publisher\":{\"@id\":\"https:\/\/tdcenter.org\/#organization\"},\"potentialAction\":[{\"@type\":\"SearchAction\",\"target\":{\"@type\":\"EntryPoint\",\"urlTemplate\":\"https:\/\/tdcenter.org\/?s={search_term_string}\"},\"query-input\":{\"@type\":\"PropertyValueSpecification\",\"valueRequired\":true,\"valueName\":\"search_term_string\"}}],\"inLanguage\":\"es\"},{\"@type\":\"Organization\",\"@id\":\"https:\/\/tdcenter.org\/#organization\",\"name\":\"Transatlantic Dialogue Center\",\"url\":\"https:\/\/tdcenter.org\/\",\"logo\":{\"@type\":\"ImageObject\",\"inLanguage\":\"es\",\"@id\":\"https:\/\/tdcenter.org\/#\/schema\/logo\/image\/\",\"url\":\"https:\/\/tdcenter.org\/wp-content\/uploads\/2022\/04\/google.png\",\"contentUrl\":\"https:\/\/tdcenter.org\/wp-content\/uploads\/2022\/04\/google.png\",\"width\":2568,\"height\":2487,\"caption\":\"Transatlantic Dialogue Center\"},\"image\":{\"@id\":\"https:\/\/tdcenter.org\/#\/schema\/logo\/image\/\"},\"sameAs\":[\"https:\/\/www.facebook.com\/Transatlantic-Dialogue-Center-105645698740463\",\"https:\/\/www.youtube.com\/channel\/UCpJuhU4JBfpv_jsldNOc5LA\"]},{\"@type\":\"Person\",\"@id\":\"https:\/\/tdcenter.org\/#\/schema\/person\/93d6a1a71a5db737f83ae00987761c07\",\"name\":\"tdcadmin\",\"image\":{\"@type\":\"ImageObject\",\"inLanguage\":\"es\",\"@id\":\"https:\/\/tdcenter.org\/#\/schema\/person\/image\/\",\"url\":\"https:\/\/secure.gravatar.com\/avatar\/198c4923e942ad48f3c056a1552d6b6dd5416f868f5f4884486644de304effa7?s=96&d=mm&r=g\",\"contentUrl\":\"https:\/\/secure.gravatar.com\/avatar\/198c4923e942ad48f3c056a1552d6b6dd5416f868f5f4884486644de304effa7?s=96&d=mm&r=g\",\"caption\":\"tdcadmin\"},\"sameAs\":[\"https:\/\/tdcenter.org\"]}]}<\/script>\n<!-- \/ Yoast SEO Premium plugin. -->","yoast_head_json":{"title":"Nachrichten aus der Ukraine vom 26. M\u00e4rz","description":"Transatlantic Dialogue Center (TDC) is a non-governmental and non-partisan think tank that provides high-quality policy advice to private and public clients. The network of our friends and partners includes government officials, members of parliaments, businessmen, journalists, experts and analysts.","robots":{"index":"index","follow":"follow","max-snippet":"max-snippet:-1","max-image-preview":"max-image-preview:large","max-video-preview":"max-video-preview:-1"},"canonical":"https:\/\/tdcenter.org\/es\/2022\/03\/27\/26-marz-2022-tagliches-briefing\/","og_locale":"es_ES","og_type":"article","og_title":"26.M\u00e4rz, 2022 | T\u00e4gliches Briefing","og_description":"Transatlantic Dialogue Center (TDC) is a non-governmental and non-partisan think tank that provides high-quality policy advice to private and public clients. The network of our friends and partners includes government officials, members of parliaments, businessmen, journalists, experts and analysts.","og_url":"https:\/\/tdcenter.org\/es\/2022\/03\/27\/26-marz-2022-tagliches-briefing\/","og_site_name":"Transatlantic Dialogue Center","article_publisher":"https:\/\/www.facebook.com\/Transatlantic-Dialogue-Center-105645698740463","article_published_time":"2022-03-26T22:40:35+00:00","article_modified_time":"2022-03-31T21:49:57+00:00","og_image":[{"width":1600,"height":1211,"url":"https:\/\/tdcenter.org\/wp-content\/uploads\/2022\/03\/signal-2022-03-27-003742_008.jpeg","type":"image\/jpeg"}],"author":"tdcadmin","twitter_card":"summary_large_image","twitter_misc":{"Escrito por":"tdcadmin","Tiempo de lectura":"8 minutos"},"schema":{"@context":"https:\/\/schema.org","@graph":[{"@type":"Article","@id":"https:\/\/tdcenter.org\/2022\/03\/27\/26-marz-2022-tagliches-briefing\/#article","isPartOf":{"@id":"https:\/\/tdcenter.org\/2022\/03\/27\/26-marz-2022-tagliches-briefing\/"},"author":{"name":"tdcadmin","@id":"https:\/\/tdcenter.org\/#\/schema\/person\/93d6a1a71a5db737f83ae00987761c07"},"headline":"26.M\u00e4rz, 2022 | T\u00e4gliches Briefing","datePublished":"2022-03-26T22:40:35+00:00","dateModified":"2022-03-31T21:49:57+00:00","mainEntityOfPage":{"@id":"https:\/\/tdcenter.org\/2022\/03\/27\/26-marz-2022-tagliches-briefing\/"},"wordCount":1518,"commentCount":0,"publisher":{"@id":"https:\/\/tdcenter.org\/#organization"},"image":{"@id":"https:\/\/tdcenter.org\/2022\/03\/27\/26-marz-2022-tagliches-briefing\/#primaryimage"},"thumbnailUrl":"https:\/\/tdcenter.org\/wp-content\/uploads\/2022\/03\/signal-2022-03-27-003742_008.jpeg","articleSection":["Briefings","German"],"inLanguage":"es","potentialAction":[{"@type":"CommentAction","name":"Comment","target":["https:\/\/tdcenter.org\/2022\/03\/27\/26-marz-2022-tagliches-briefing\/#respond"]}]},{"@type":"WebPage","@id":"https:\/\/tdcenter.org\/2022\/03\/27\/26-marz-2022-tagliches-briefing\/","url":"https:\/\/tdcenter.org\/2022\/03\/27\/26-marz-2022-tagliches-briefing\/","name":"Nachrichten aus der Ukraine vom 26. M\u00e4rz","isPartOf":{"@id":"https:\/\/tdcenter.org\/#website"},"primaryImageOfPage":{"@id":"https:\/\/tdcenter.org\/2022\/03\/27\/26-marz-2022-tagliches-briefing\/#primaryimage"},"image":{"@id":"https:\/\/tdcenter.org\/2022\/03\/27\/26-marz-2022-tagliches-briefing\/#primaryimage"},"thumbnailUrl":"https:\/\/tdcenter.org\/wp-content\/uploads\/2022\/03\/signal-2022-03-27-003742_008.jpeg","datePublished":"2022-03-26T22:40:35+00:00","dateModified":"2022-03-31T21:49:57+00:00","description":"Transatlantic Dialogue Center (TDC) is a non-governmental and non-partisan think tank that provides high-quality policy advice to private and public clients. The network of our friends and partners includes government officials, members of parliaments, businessmen, journalists, experts and analysts.","breadcrumb":{"@id":"https:\/\/tdcenter.org\/2022\/03\/27\/26-marz-2022-tagliches-briefing\/#breadcrumb"},"inLanguage":"es","potentialAction":[{"@type":"ReadAction","target":["https:\/\/tdcenter.org\/2022\/03\/27\/26-marz-2022-tagliches-briefing\/"]}]},{"@type":"ImageObject","inLanguage":"es","@id":"https:\/\/tdcenter.org\/2022\/03\/27\/26-marz-2022-tagliches-briefing\/#primaryimage","url":"https:\/\/tdcenter.org\/wp-content\/uploads\/2022\/03\/signal-2022-03-27-003742_008.jpeg","contentUrl":"https:\/\/tdcenter.org\/wp-content\/uploads\/2022\/03\/signal-2022-03-27-003742_008.jpeg","width":1600,"height":1211},{"@type":"BreadcrumbList","@id":"https:\/\/tdcenter.org\/2022\/03\/27\/26-marz-2022-tagliches-briefing\/#breadcrumb","itemListElement":[{"@type":"ListItem","position":1,"name":"Home","item":"https:\/\/tdcenter.org\/"},{"@type":"ListItem","position":2,"name":"26.M\u00e4rz, 2022 | T\u00e4gliches Briefing"}]},{"@type":"WebSite","@id":"https:\/\/tdcenter.org\/#website","url":"https:\/\/tdcenter.org\/","name":"Transatlantic Dialogue Center","description":"Promovemos la paz y la seguridad internacionales","publisher":{"@id":"https:\/\/tdcenter.org\/#organization"},"potentialAction":[{"@type":"SearchAction","target":{"@type":"EntryPoint","urlTemplate":"https:\/\/tdcenter.org\/?s={search_term_string}"},"query-input":{"@type":"PropertyValueSpecification","valueRequired":true,"valueName":"search_term_string"}}],"inLanguage":"es"},{"@type":"Organization","@id":"https:\/\/tdcenter.org\/#organization","name":"Transatlantic Dialogue Center","url":"https:\/\/tdcenter.org\/","logo":{"@type":"ImageObject","inLanguage":"es","@id":"https:\/\/tdcenter.org\/#\/schema\/logo\/image\/","url":"https:\/\/tdcenter.org\/wp-content\/uploads\/2022\/04\/google.png","contentUrl":"https:\/\/tdcenter.org\/wp-content\/uploads\/2022\/04\/google.png","width":2568,"height":2487,"caption":"Transatlantic Dialogue Center"},"image":{"@id":"https:\/\/tdcenter.org\/#\/schema\/logo\/image\/"},"sameAs":["https:\/\/www.facebook.com\/Transatlantic-Dialogue-Center-105645698740463","https:\/\/www.youtube.com\/channel\/UCpJuhU4JBfpv_jsldNOc5LA"]},{"@type":"Person","@id":"https:\/\/tdcenter.org\/#\/schema\/person\/93d6a1a71a5db737f83ae00987761c07","name":"tdcadmin","image":{"@type":"ImageObject","inLanguage":"es","@id":"https:\/\/tdcenter.org\/#\/schema\/person\/image\/","url":"https:\/\/secure.gravatar.com\/avatar\/198c4923e942ad48f3c056a1552d6b6dd5416f868f5f4884486644de304effa7?s=96&d=mm&r=g","contentUrl":"https:\/\/secure.gravatar.com\/avatar\/198c4923e942ad48f3c056a1552d6b6dd5416f868f5f4884486644de304effa7?s=96&d=mm&r=g","caption":"tdcadmin"},"sameAs":["https:\/\/tdcenter.org"]}]}},"mfb_rest_fields":["title","yoast_head","yoast_head_json","gutenberg_elementor_mode"],"_links":{"self":[{"href":"https:\/\/tdcenter.org\/es\/wp-json\/wp\/v2\/posts\/2353","targetHints":{"allow":["GET"]}}],"collection":[{"href":"https:\/\/tdcenter.org\/es\/wp-json\/wp\/v2\/posts"}],"about":[{"href":"https:\/\/tdcenter.org\/es\/wp-json\/wp\/v2\/types\/post"}],"author":[{"embeddable":true,"href":"https:\/\/tdcenter.org\/es\/wp-json\/wp\/v2\/users\/1"}],"replies":[{"embeddable":true,"href":"https:\/\/tdcenter.org\/es\/wp-json\/wp\/v2\/comments?post=2353"}],"version-history":[{"count":0,"href":"https:\/\/tdcenter.org\/es\/wp-json\/wp\/v2\/posts\/2353\/revisions"}],"wp:featuredmedia":[{"embeddable":true,"href":"https:\/\/tdcenter.org\/es\/wp-json\/wp\/v2\/media\/2362"}],"wp:attachment":[{"href":"https:\/\/tdcenter.org\/es\/wp-json\/wp\/v2\/media?parent=2353"}],"wp:term":[{"taxonomy":"category","embeddable":true,"href":"https:\/\/tdcenter.org\/es\/wp-json\/wp\/v2\/categories?post=2353"},{"taxonomy":"post_tag","embeddable":true,"href":"https:\/\/tdcenter.org\/es\/wp-json\/wp\/v2\/tags?post=2353"},{"taxonomy":"topic","embeddable":true,"href":"https:\/\/tdcenter.org\/es\/wp-json\/wp\/v2\/topic?post=2353"}],"curies":[{"name":"wp","href":"https:\/\/api.w.org\/{rel}","templated":true}]}}