{"id":20117,"date":"2023-10-13T16:48:55","date_gmt":"2023-10-13T13:48:55","guid":{"rendered":"https:\/\/tdcenter.org\/?p=20117"},"modified":"2025-08-05T16:22:26","modified_gmt":"2025-08-05T13:22:26","slug":"tdc-met-with-the-president-of-antel","status":"publish","type":"post","link":"https:\/\/tdcenter.org\/es\/2023\/10\/13\/tdc-met-with-the-president-of-antel\/","title":{"rendered":"TDC se reuni\u00f3 con el Presidente de Antel"},"content":{"rendered":"<p>Representantes del TDC, acompa\u00f1ados por <em>Diego Guadalupe Brenna<\/em>, C\u00f3nsul Honorario de Ucrania en Uruguay, se reunieron con <em>Gabriel Gurm\u00e9ndez<\/em>, Presidente de Antel, la empresa estatal de telecomunicaciones de Uruguay.<\/p>\n\n\n<div class=\"wp-block-image\">\n<figure class=\"aligncenter size-large\"><img fetchpriority=\"high\" decoding=\"async\" width=\"1024\" height=\"682\" src=\"https:\/\/tdcenter.org\/wp-content\/uploads\/2023\/10\/IMG_0120-1024x682.jpeg\" alt=\"\" class=\"wp-image-20119\" srcset=\"https:\/\/tdcenter.org\/wp-content\/uploads\/2023\/10\/IMG_0120-1024x682.jpeg 1024w, https:\/\/tdcenter.org\/wp-content\/uploads\/2023\/10\/IMG_0120-600x400.jpeg 600w, https:\/\/tdcenter.org\/wp-content\/uploads\/2023\/10\/IMG_0120-768x512.jpeg 768w, https:\/\/tdcenter.org\/wp-content\/uploads\/2023\/10\/IMG_0120-1536x1023.jpeg 1536w, https:\/\/tdcenter.org\/wp-content\/uploads\/2023\/10\/IMG_0120-18x12.jpeg 18w, https:\/\/tdcenter.org\/wp-content\/uploads\/2023\/10\/IMG_0120.jpeg 2048w\" sizes=\"(max-width: 1024px) 100vw, 1024px\" \/><\/figure>\n<\/div>\n\n\n<p>En 2022, al comenzar la guerra, los medios de comunicaci\u00f3n estatales rusos se enfrentaron a prohibiciones generalizadas en la Uni\u00f3n Europea y Canad\u00e1, que se extendieron a diversas plataformas internacionales. Sin embargo, Am\u00e9rica Latina, en su mayor parte, no fue testigo de una suspensi\u00f3n comparable. Los gobiernos, a excepci\u00f3n de Uruguay, se abstuvieron de tomar medidas de este tipo.&nbsp;<\/p>\n\n\n\n<p>El 1 de marzo de 2022, reflejando el enfoque de la Uni\u00f3n Europea, Antel suspendi\u00f3 la se\u00f1al del canal de televisi\u00f3n ruso RT de su plataforma principal. Gurm\u00e9ndez calific\u00f3 a RT de canal <em>\"al servicio de la propaganda y la justificaci\u00f3n de la violenta invasi\u00f3n militar rusa de Ucrania\".<\/em>.<\/p>\n\n\n\n<p>El anuncio del presidente de Antel fue criticado por supuestamente atentar contra la libertad de expresi\u00f3n y la importancia de considerar la perspectiva rusa sobre la guerra. En particular, el director ejecutivo del Observatorio Latinoamericano de Regulaci\u00f3n y Convergencia de Medios (Observacom), Gustavo G\u00f3mez, consider\u00f3 la medida como <em>\"censura de Estado\"<\/em>, pese a estar de acuerdo con el rechazo a la ofensiva rusa.<\/p>\n\n\n\n<p>Se trata de una reuni\u00f3n extremadamente importante en el contexto de la lucha contra la propaganda rusa. Seguimos estudiando la experiencia de diferentes pa\u00edses. Esperamos que la experiencia \u00fanica de Uruguay se convierta en un ejemplo para otros pa\u00edses latinoamericanos y en el inicio de la lucha contra la propaganda rusa en la regi\u00f3n.<\/p>\n\n\n\n<p>TDC est\u00e1 ejecutando el proyecto con el apoyo del&nbsp;<em><a href=\"https:\/\/www.irf.ua\/en\/\">International Renaissance Foundation<\/a>.<\/em><\/p>","protected":false},"excerpt":{"rendered":"<p>TDC representatives, accompanied by Diego Guadalupe Brenna, the Honorary Consul of Ukraine in Uruguay, met with Gabriel Gurm\u00e9ndez, President of Antel, the state-owned telecommunications company of Uruguay. In 2022, as the war commenced, Russian state media faced widespread bans in the European Union and Canada, extending to various international platforms. However, Latin America, for the [&hellip;]<\/p>","protected":false},"author":8,"featured_media":20119,"comment_status":"open","ping_status":"open","sticky":false,"template":"","format":"standard","meta":{"footnotes":""},"categories":[25,104],"tags":[],"topic":[],"class_list":["post-20117","post","type-post","status-publish","format-standard","has-post-thumbnail","hentry","category-events","category-spain-and-latin-america-cooperation-program-events"],"mb":[],"yoast_head":"<!-- This site is optimized with the Yoast SEO Premium plugin v25.6 (Yoast SEO v25.6) - https:\/\/yoast.com\/wordpress\/plugins\/seo\/ -->\n<title>TDC met with the President of Antel - Transatlantic Dialogue Center<\/title>\n<meta name=\"description\" content=\"Transatlantic Dialogue Center (TDC) is a non-governmental and non-partisan think tank that provides high-quality policy advice to private and public clients. The network of our friends and partners includes government officials, members of parliaments, businessmen, journalists, experts and analysts.\" \/>\n<meta name=\"robots\" content=\"index, follow, max-snippet:-1, max-image-preview:large, max-video-preview:-1\" \/>\n<link rel=\"canonical\" href=\"https:\/\/tdcenter.org\/es\/2023\/10\/13\/tdc-met-with-the-president-of-antel\/\" \/>\n<meta property=\"og:locale\" content=\"es_ES\" \/>\n<meta property=\"og:type\" content=\"article\" \/>\n<meta property=\"og:title\" content=\"TDC met with the President of Antel\" \/>\n<meta property=\"og:description\" content=\"Transatlantic Dialogue Center (TDC) is a non-governmental and non-partisan think tank that provides high-quality policy advice to private and public clients. The network of our friends and partners includes government officials, members of parliaments, businessmen, journalists, experts and analysts.\" \/>\n<meta property=\"og:url\" content=\"https:\/\/tdcenter.org\/es\/2023\/10\/13\/tdc-met-with-the-president-of-antel\/\" \/>\n<meta property=\"og:site_name\" content=\"Transatlantic Dialogue Center\" \/>\n<meta property=\"article:publisher\" content=\"https:\/\/www.facebook.com\/Transatlantic-Dialogue-Center-105645698740463\" \/>\n<meta property=\"article:published_time\" content=\"2023-10-13T13:48:55+00:00\" \/>\n<meta property=\"article:modified_time\" content=\"2025-08-05T13:22:26+00:00\" \/>\n<meta property=\"og:image\" content=\"https:\/\/tdcenter.org\/wp-content\/uploads\/2023\/10\/IMG_0120.jpeg\" \/>\n\t<meta property=\"og:image:width\" content=\"2048\" \/>\n\t<meta property=\"og:image:height\" content=\"1364\" \/>\n\t<meta property=\"og:image:type\" content=\"image\/jpeg\" \/>\n<meta name=\"author\" content=\"Alina Rohach\" \/>\n<meta name=\"twitter:card\" content=\"summary_large_image\" \/>\n<meta name=\"twitter:label1\" content=\"Escrito por\" \/>\n\t<meta name=\"twitter:data1\" content=\"Alina Rohach\" \/>\n\t<meta name=\"twitter:label2\" content=\"Tiempo de lectura\" \/>\n\t<meta name=\"twitter:data2\" content=\"2 minutos\" \/>\n<script type=\"application\/ld+json\" class=\"yoast-schema-graph\">{\"@context\":\"https:\/\/schema.org\",\"@graph\":[{\"@type\":\"Article\",\"@id\":\"https:\/\/tdcenter.org\/2023\/10\/13\/tdc-met-with-the-president-of-antel\/#article\",\"isPartOf\":{\"@id\":\"https:\/\/tdcenter.org\/2023\/10\/13\/tdc-met-with-the-president-of-antel\/\"},\"author\":{\"name\":\"Alina Rohach\",\"@id\":\"https:\/\/tdcenter.org\/#\/schema\/person\/2b76b794dbb8257325dc72d4fdee35ec\"},\"headline\":\"TDC met with the President of Antel\",\"datePublished\":\"2023-10-13T13:48:55+00:00\",\"dateModified\":\"2025-08-05T13:22:26+00:00\",\"mainEntityOfPage\":{\"@id\":\"https:\/\/tdcenter.org\/2023\/10\/13\/tdc-met-with-the-president-of-antel\/\"},\"wordCount\":250,\"commentCount\":0,\"publisher\":{\"@id\":\"https:\/\/tdcenter.org\/#organization\"},\"image\":{\"@id\":\"https:\/\/tdcenter.org\/2023\/10\/13\/tdc-met-with-the-president-of-antel\/#primaryimage\"},\"thumbnailUrl\":\"https:\/\/tdcenter.org\/wp-content\/uploads\/2023\/10\/IMG_0120.jpeg\",\"articleSection\":[\"Events\",\"Events-Spain and Latin America Cooperation Program\"],\"inLanguage\":\"es\",\"potentialAction\":[{\"@type\":\"CommentAction\",\"name\":\"Comment\",\"target\":[\"https:\/\/tdcenter.org\/2023\/10\/13\/tdc-met-with-the-president-of-antel\/#respond\"]}]},{\"@type\":\"WebPage\",\"@id\":\"https:\/\/tdcenter.org\/2023\/10\/13\/tdc-met-with-the-president-of-antel\/\",\"url\":\"https:\/\/tdcenter.org\/2023\/10\/13\/tdc-met-with-the-president-of-antel\/\",\"name\":\"TDC met with the President of Antel - Transatlantic Dialogue Center\",\"isPartOf\":{\"@id\":\"https:\/\/tdcenter.org\/#website\"},\"primaryImageOfPage\":{\"@id\":\"https:\/\/tdcenter.org\/2023\/10\/13\/tdc-met-with-the-president-of-antel\/#primaryimage\"},\"image\":{\"@id\":\"https:\/\/tdcenter.org\/2023\/10\/13\/tdc-met-with-the-president-of-antel\/#primaryimage\"},\"thumbnailUrl\":\"https:\/\/tdcenter.org\/wp-content\/uploads\/2023\/10\/IMG_0120.jpeg\",\"datePublished\":\"2023-10-13T13:48:55+00:00\",\"dateModified\":\"2025-08-05T13:22:26+00:00\",\"description\":\"Transatlantic Dialogue Center (TDC) is a non-governmental and non-partisan think tank that provides high-quality policy advice to private and public clients. The network of our friends and partners includes government officials, members of parliaments, businessmen, journalists, experts and analysts.\",\"breadcrumb\":{\"@id\":\"https:\/\/tdcenter.org\/2023\/10\/13\/tdc-met-with-the-president-of-antel\/#breadcrumb\"},\"inLanguage\":\"es\",\"potentialAction\":[{\"@type\":\"ReadAction\",\"target\":[\"https:\/\/tdcenter.org\/2023\/10\/13\/tdc-met-with-the-president-of-antel\/\"]}]},{\"@type\":\"ImageObject\",\"inLanguage\":\"es\",\"@id\":\"https:\/\/tdcenter.org\/2023\/10\/13\/tdc-met-with-the-president-of-antel\/#primaryimage\",\"url\":\"https:\/\/tdcenter.org\/wp-content\/uploads\/2023\/10\/IMG_0120.jpeg\",\"contentUrl\":\"https:\/\/tdcenter.org\/wp-content\/uploads\/2023\/10\/IMG_0120.jpeg\",\"width\":2048,\"height\":1364},{\"@type\":\"BreadcrumbList\",\"@id\":\"https:\/\/tdcenter.org\/2023\/10\/13\/tdc-met-with-the-president-of-antel\/#breadcrumb\",\"itemListElement\":[{\"@type\":\"ListItem\",\"position\":1,\"name\":\"Home\",\"item\":\"https:\/\/tdcenter.org\/\"},{\"@type\":\"ListItem\",\"position\":2,\"name\":\"TDC met with the President of Antel\"}]},{\"@type\":\"WebSite\",\"@id\":\"https:\/\/tdcenter.org\/#website\",\"url\":\"https:\/\/tdcenter.org\/\",\"name\":\"Transatlantic Dialogue Center\",\"description\":\"Promoting International Peace and Security\",\"publisher\":{\"@id\":\"https:\/\/tdcenter.org\/#organization\"},\"potentialAction\":[{\"@type\":\"SearchAction\",\"target\":{\"@type\":\"EntryPoint\",\"urlTemplate\":\"https:\/\/tdcenter.org\/?s={search_term_string}\"},\"query-input\":{\"@type\":\"PropertyValueSpecification\",\"valueRequired\":true,\"valueName\":\"search_term_string\"}}],\"inLanguage\":\"es\"},{\"@type\":\"Organization\",\"@id\":\"https:\/\/tdcenter.org\/#organization\",\"name\":\"Transatlantic Dialogue Center\",\"url\":\"https:\/\/tdcenter.org\/\",\"logo\":{\"@type\":\"ImageObject\",\"inLanguage\":\"es\",\"@id\":\"https:\/\/tdcenter.org\/#\/schema\/logo\/image\/\",\"url\":\"https:\/\/tdcenter.org\/wp-content\/uploads\/2022\/04\/google.png\",\"contentUrl\":\"https:\/\/tdcenter.org\/wp-content\/uploads\/2022\/04\/google.png\",\"width\":2568,\"height\":2487,\"caption\":\"Transatlantic Dialogue Center\"},\"image\":{\"@id\":\"https:\/\/tdcenter.org\/#\/schema\/logo\/image\/\"},\"sameAs\":[\"https:\/\/www.facebook.com\/Transatlantic-Dialogue-Center-105645698740463\",\"https:\/\/www.youtube.com\/channel\/UCpJuhU4JBfpv_jsldNOc5LA\"]},{\"@type\":\"Person\",\"@id\":\"https:\/\/tdcenter.org\/#\/schema\/person\/2b76b794dbb8257325dc72d4fdee35ec\",\"name\":\"Alina Rohach\",\"image\":{\"@type\":\"ImageObject\",\"inLanguage\":\"es\",\"@id\":\"https:\/\/tdcenter.org\/#\/schema\/person\/image\/\",\"url\":\"https:\/\/tdcenter.org\/wp-content\/litespeed\/avatar\/61eca207869235575ab8e6c478a7ca66.jpg?ver=1777459382\",\"contentUrl\":\"https:\/\/tdcenter.org\/wp-content\/litespeed\/avatar\/61eca207869235575ab8e6c478a7ca66.jpg?ver=1777459382\",\"caption\":\"Alina Rohach\"}}]}<\/script>\n<!-- \/ Yoast SEO Premium plugin. -->","yoast_head_json":{"title":"TDC met with the President of Antel - Transatlantic Dialogue Center","description":"Transatlantic Dialogue Center (TDC) is a non-governmental and non-partisan think tank that provides high-quality policy advice to private and public clients. The network of our friends and partners includes government officials, members of parliaments, businessmen, journalists, experts and analysts.","robots":{"index":"index","follow":"follow","max-snippet":"max-snippet:-1","max-image-preview":"max-image-preview:large","max-video-preview":"max-video-preview:-1"},"canonical":"https:\/\/tdcenter.org\/es\/2023\/10\/13\/tdc-met-with-the-president-of-antel\/","og_locale":"es_ES","og_type":"article","og_title":"TDC met with the President of Antel","og_description":"Transatlantic Dialogue Center (TDC) is a non-governmental and non-partisan think tank that provides high-quality policy advice to private and public clients. The network of our friends and partners includes government officials, members of parliaments, businessmen, journalists, experts and analysts.","og_url":"https:\/\/tdcenter.org\/es\/2023\/10\/13\/tdc-met-with-the-president-of-antel\/","og_site_name":"Transatlantic Dialogue Center","article_publisher":"https:\/\/www.facebook.com\/Transatlantic-Dialogue-Center-105645698740463","article_published_time":"2023-10-13T13:48:55+00:00","article_modified_time":"2025-08-05T13:22:26+00:00","og_image":[{"width":2048,"height":1364,"url":"https:\/\/tdcenter.org\/wp-content\/uploads\/2023\/10\/IMG_0120.jpeg","type":"image\/jpeg"}],"author":"Alina Rohach","twitter_card":"summary_large_image","twitter_misc":{"Escrito por":"Alina Rohach","Tiempo de lectura":"2 minutos"},"schema":{"@context":"https:\/\/schema.org","@graph":[{"@type":"Article","@id":"https:\/\/tdcenter.org\/2023\/10\/13\/tdc-met-with-the-president-of-antel\/#article","isPartOf":{"@id":"https:\/\/tdcenter.org\/2023\/10\/13\/tdc-met-with-the-president-of-antel\/"},"author":{"name":"Alina Rohach","@id":"https:\/\/tdcenter.org\/#\/schema\/person\/2b76b794dbb8257325dc72d4fdee35ec"},"headline":"TDC met with the President of Antel","datePublished":"2023-10-13T13:48:55+00:00","dateModified":"2025-08-05T13:22:26+00:00","mainEntityOfPage":{"@id":"https:\/\/tdcenter.org\/2023\/10\/13\/tdc-met-with-the-president-of-antel\/"},"wordCount":250,"commentCount":0,"publisher":{"@id":"https:\/\/tdcenter.org\/#organization"},"image":{"@id":"https:\/\/tdcenter.org\/2023\/10\/13\/tdc-met-with-the-president-of-antel\/#primaryimage"},"thumbnailUrl":"https:\/\/tdcenter.org\/wp-content\/uploads\/2023\/10\/IMG_0120.jpeg","articleSection":["Events","Events-Spain and Latin America Cooperation Program"],"inLanguage":"es","potentialAction":[{"@type":"CommentAction","name":"Comment","target":["https:\/\/tdcenter.org\/2023\/10\/13\/tdc-met-with-the-president-of-antel\/#respond"]}]},{"@type":"WebPage","@id":"https:\/\/tdcenter.org\/2023\/10\/13\/tdc-met-with-the-president-of-antel\/","url":"https:\/\/tdcenter.org\/2023\/10\/13\/tdc-met-with-the-president-of-antel\/","name":"TDC met with the President of Antel - Transatlantic Dialogue Center","isPartOf":{"@id":"https:\/\/tdcenter.org\/#website"},"primaryImageOfPage":{"@id":"https:\/\/tdcenter.org\/2023\/10\/13\/tdc-met-with-the-president-of-antel\/#primaryimage"},"image":{"@id":"https:\/\/tdcenter.org\/2023\/10\/13\/tdc-met-with-the-president-of-antel\/#primaryimage"},"thumbnailUrl":"https:\/\/tdcenter.org\/wp-content\/uploads\/2023\/10\/IMG_0120.jpeg","datePublished":"2023-10-13T13:48:55+00:00","dateModified":"2025-08-05T13:22:26+00:00","description":"Transatlantic Dialogue Center (TDC) is a non-governmental and non-partisan think tank that provides high-quality policy advice to private and public clients. The network of our friends and partners includes government officials, members of parliaments, businessmen, journalists, experts and analysts.","breadcrumb":{"@id":"https:\/\/tdcenter.org\/2023\/10\/13\/tdc-met-with-the-president-of-antel\/#breadcrumb"},"inLanguage":"es","potentialAction":[{"@type":"ReadAction","target":["https:\/\/tdcenter.org\/2023\/10\/13\/tdc-met-with-the-president-of-antel\/"]}]},{"@type":"ImageObject","inLanguage":"es","@id":"https:\/\/tdcenter.org\/2023\/10\/13\/tdc-met-with-the-president-of-antel\/#primaryimage","url":"https:\/\/tdcenter.org\/wp-content\/uploads\/2023\/10\/IMG_0120.jpeg","contentUrl":"https:\/\/tdcenter.org\/wp-content\/uploads\/2023\/10\/IMG_0120.jpeg","width":2048,"height":1364},{"@type":"BreadcrumbList","@id":"https:\/\/tdcenter.org\/2023\/10\/13\/tdc-met-with-the-president-of-antel\/#breadcrumb","itemListElement":[{"@type":"ListItem","position":1,"name":"Home","item":"https:\/\/tdcenter.org\/"},{"@type":"ListItem","position":2,"name":"TDC met with the President of Antel"}]},{"@type":"WebSite","@id":"https:\/\/tdcenter.org\/#website","url":"https:\/\/tdcenter.org\/","name":"Transatlantic Dialogue Center","description":"Promovemos la paz y la seguridad internacionales","publisher":{"@id":"https:\/\/tdcenter.org\/#organization"},"potentialAction":[{"@type":"SearchAction","target":{"@type":"EntryPoint","urlTemplate":"https:\/\/tdcenter.org\/?s={search_term_string}"},"query-input":{"@type":"PropertyValueSpecification","valueRequired":true,"valueName":"search_term_string"}}],"inLanguage":"es"},{"@type":"Organization","@id":"https:\/\/tdcenter.org\/#organization","name":"Transatlantic Dialogue Center","url":"https:\/\/tdcenter.org\/","logo":{"@type":"ImageObject","inLanguage":"es","@id":"https:\/\/tdcenter.org\/#\/schema\/logo\/image\/","url":"https:\/\/tdcenter.org\/wp-content\/uploads\/2022\/04\/google.png","contentUrl":"https:\/\/tdcenter.org\/wp-content\/uploads\/2022\/04\/google.png","width":2568,"height":2487,"caption":"Transatlantic Dialogue Center"},"image":{"@id":"https:\/\/tdcenter.org\/#\/schema\/logo\/image\/"},"sameAs":["https:\/\/www.facebook.com\/Transatlantic-Dialogue-Center-105645698740463","https:\/\/www.youtube.com\/channel\/UCpJuhU4JBfpv_jsldNOc5LA"]},{"@type":"Person","@id":"https:\/\/tdcenter.org\/#\/schema\/person\/2b76b794dbb8257325dc72d4fdee35ec","name":"Alina Rohach","image":{"@type":"ImageObject","inLanguage":"es","@id":"https:\/\/tdcenter.org\/#\/schema\/person\/image\/","url":"https:\/\/tdcenter.org\/wp-content\/litespeed\/avatar\/61eca207869235575ab8e6c478a7ca66.jpg?ver=1777459382","contentUrl":"https:\/\/tdcenter.org\/wp-content\/litespeed\/avatar\/61eca207869235575ab8e6c478a7ca66.jpg?ver=1777459382","caption":"Alina Rohach"}}]}},"mfb_rest_fields":["title","yoast_head","yoast_head_json","gutenberg_elementor_mode"],"_links":{"self":[{"href":"https:\/\/tdcenter.org\/es\/wp-json\/wp\/v2\/posts\/20117","targetHints":{"allow":["GET"]}}],"collection":[{"href":"https:\/\/tdcenter.org\/es\/wp-json\/wp\/v2\/posts"}],"about":[{"href":"https:\/\/tdcenter.org\/es\/wp-json\/wp\/v2\/types\/post"}],"author":[{"embeddable":true,"href":"https:\/\/tdcenter.org\/es\/wp-json\/wp\/v2\/users\/8"}],"replies":[{"embeddable":true,"href":"https:\/\/tdcenter.org\/es\/wp-json\/wp\/v2\/comments?post=20117"}],"version-history":[{"count":1,"href":"https:\/\/tdcenter.org\/es\/wp-json\/wp\/v2\/posts\/20117\/revisions"}],"predecessor-version":[{"id":31059,"href":"https:\/\/tdcenter.org\/es\/wp-json\/wp\/v2\/posts\/20117\/revisions\/31059"}],"wp:featuredmedia":[{"embeddable":true,"href":"https:\/\/tdcenter.org\/es\/wp-json\/wp\/v2\/media\/20119"}],"wp:attachment":[{"href":"https:\/\/tdcenter.org\/es\/wp-json\/wp\/v2\/media?parent=20117"}],"wp:term":[{"taxonomy":"category","embeddable":true,"href":"https:\/\/tdcenter.org\/es\/wp-json\/wp\/v2\/categories?post=20117"},{"taxonomy":"post_tag","embeddable":true,"href":"https:\/\/tdcenter.org\/es\/wp-json\/wp\/v2\/tags?post=20117"},{"taxonomy":"topic","embeddable":true,"href":"https:\/\/tdcenter.org\/es\/wp-json\/wp\/v2\/topic?post=20117"}],"curies":[{"name":"wp","href":"https:\/\/api.w.org\/{rel}","templated":true}]}}