{"id":18797,"date":"2023-08-18T17:13:15","date_gmt":"2023-08-18T14:13:15","guid":{"rendered":"https:\/\/tdcenter.org\/?p=18797"},"modified":"2025-08-05T21:11:24","modified_gmt":"2025-08-05T18:11:24","slug":"tdc-and-latin-american-media-visited-kharkiv-region","status":"publish","type":"post","link":"https:\/\/tdcenter.org\/es\/2023\/08\/18\/tdc-and-latin-american-media-visited-kharkiv-region\/","title":{"rendered":"TDC y medios de comunicaci\u00f3n latinoamericanos visitan la regi\u00f3n de J\u00e1rkiv"},"content":{"rendered":"<p>Con la organizaci\u00f3n de TDC, una delegaci\u00f3n de periodistas latinoamericanos visit\u00f3 la regi\u00f3n de J\u00e1rkiv, que desde el primer d\u00eda de la invasi\u00f3n a gran escala de Ucrania por parte de Rusia ha estado sometida a constantes ataques rusos. En cooperaci\u00f3n con Kharkiv Media Hub, lograron visitar no s\u00f3lo la ciudad de J\u00e1rkiv, sino tambi\u00e9n ciudades desocupadas de la regi\u00f3n de J\u00e1rkiv como Izium y Kupiansk, que sufrieron todos los horrores de las acciones militares rusas.<\/p>\n\n\n\n<div class=\"wp-block-columns is-layout-flex wp-container-core-columns-is-layout-28f84493 wp-block-columns-is-layout-flex\">\n<div class=\"wp-block-column is-layout-flow wp-block-column-is-layout-flow\"><div class=\"wp-block-image\">\n<figure class=\"aligncenter size-large is-resized\"><img fetchpriority=\"high\" decoding=\"async\" src=\"https:\/\/tdcenter.org\/wp-content\/uploads\/2023\/08\/photo_2023-08-18_14-52-53-1024x768.jpg\" alt=\"\" class=\"wp-image-18799\" style=\"width:462px;height:347px\" width=\"462\" height=\"347\" srcset=\"https:\/\/tdcenter.org\/wp-content\/uploads\/2023\/08\/photo_2023-08-18_14-52-53-1024x768.jpg 1024w, https:\/\/tdcenter.org\/wp-content\/uploads\/2023\/08\/photo_2023-08-18_14-52-53-600x450.jpg 600w, https:\/\/tdcenter.org\/wp-content\/uploads\/2023\/08\/photo_2023-08-18_14-52-53-768x576.jpg 768w, https:\/\/tdcenter.org\/wp-content\/uploads\/2023\/08\/photo_2023-08-18_14-52-53-16x12.jpg 16w, https:\/\/tdcenter.org\/wp-content\/uploads\/2023\/08\/photo_2023-08-18_14-52-53.jpg 1280w\" sizes=\"(max-width: 462px) 100vw, 462px\" \/><\/figure>\n<\/div><\/div>\n\n\n\n<div class=\"wp-block-column is-layout-flow wp-block-column-is-layout-flow\"><div class=\"wp-block-image\">\n<figure class=\"aligncenter size-full is-resized\"><img decoding=\"async\" src=\"https:\/\/tdcenter.org\/wp-content\/uploads\/2023\/08\/367957675_2165707863638631_6259804723389641755_n.jpg\" alt=\"\" class=\"wp-image-18800\" style=\"width:518px;height:347px\" width=\"518\" height=\"347\" srcset=\"https:\/\/tdcenter.org\/wp-content\/uploads\/2023\/08\/367957675_2165707863638631_6259804723389641755_n.jpg 687w, https:\/\/tdcenter.org\/wp-content\/uploads\/2023\/08\/367957675_2165707863638631_6259804723389641755_n-600x403.jpg 600w, https:\/\/tdcenter.org\/wp-content\/uploads\/2023\/08\/367957675_2165707863638631_6259804723389641755_n-18x12.jpg 18w\" sizes=\"(max-width: 518px) 100vw, 518px\" \/><\/figure>\n<\/div><\/div>\n<\/div>\n\n\n\n<p>En la ciudad de Izium, los periodistas latinoamericanos fueron testigos del estado en que qued\u00f3 la ciudad tras la ocupaci\u00f3n, con el 80% de los edificios de varios pisos destruidos. Visitaron c\u00e1maras de tortura donde se reten\u00eda a la gente, hablaron con v\u00edctimas de la tortura rusa y vieron fosas comunes de civiles y militares ucranianos. Tymur Tertyshnyi, jefe del Departamento de Investigaciones de la polic\u00eda de Izium y del distrito de Izium, declar\u00f3 que en una de las fosas comunes se encontraron 449 personas. Sin embargo, seg\u00fan c\u00e1lculos aproximados, unas mil personas murieron en Izium durante la ocupaci\u00f3n rusa.<\/p>\n\n\n<div class=\"wp-block-image\">\n<figure class=\"aligncenter size-large is-resized\"><img decoding=\"async\" src=\"https:\/\/tdcenter.org\/wp-content\/uploads\/2023\/08\/Brown-Autumn-Photo-Collage-1024x688.png\" alt=\"\" class=\"wp-image-18829\" style=\"width:850px;height:571px\" width=\"850\" height=\"571\" srcset=\"https:\/\/tdcenter.org\/wp-content\/uploads\/2023\/08\/Brown-Autumn-Photo-Collage-1024x688.png 1024w, https:\/\/tdcenter.org\/wp-content\/uploads\/2023\/08\/Brown-Autumn-Photo-Collage-600x403.png 600w, https:\/\/tdcenter.org\/wp-content\/uploads\/2023\/08\/Brown-Autumn-Photo-Collage-768x516.png 768w, https:\/\/tdcenter.org\/wp-content\/uploads\/2023\/08\/Brown-Autumn-Photo-Collage-1536x1032.png 1536w, https:\/\/tdcenter.org\/wp-content\/uploads\/2023\/08\/Brown-Autumn-Photo-Collage-18x12.png 18w, https:\/\/tdcenter.org\/wp-content\/uploads\/2023\/08\/Brown-Autumn-Photo-Collage.png 2000w\" sizes=\"(max-width: 850px) 100vw, 850px\" \/><\/figure>\n<\/div>\n\n\n<p>Adem\u00e1s, los representantes de los medios de comunicaci\u00f3n latinoamericanos tuvieron la oportunidad de entrevistarse personalmente con el teniente de alcalde de Izium, Volodymyr Matsokin. El Sr. Matsokin les cont\u00f3 c\u00f3mo era la ciudad tras ser liberada de los ocupantes rusos y c\u00f3mo vive la ciudad en la actualidad.<\/p>\n\n\n\n<div class=\"wp-block-columns is-layout-flex wp-container-core-columns-is-layout-28f84493 wp-block-columns-is-layout-flex\">\n<div class=\"wp-block-column is-layout-flow wp-block-column-is-layout-flow\">\n<figure class=\"wp-block-image size-full is-resized\"><img loading=\"lazy\" decoding=\"async\" src=\"https:\/\/tdcenter.org\/wp-content\/uploads\/2023\/08\/photo_2023-08-18_14-48-42.jpg\" alt=\"\" class=\"wp-image-18805\" style=\"width:456px;height:304px\" width=\"456\" height=\"304\" srcset=\"https:\/\/tdcenter.org\/wp-content\/uploads\/2023\/08\/photo_2023-08-18_14-48-42.jpg 1024w, https:\/\/tdcenter.org\/wp-content\/uploads\/2023\/08\/photo_2023-08-18_14-48-42-600x400.jpg 600w, https:\/\/tdcenter.org\/wp-content\/uploads\/2023\/08\/photo_2023-08-18_14-48-42-768x512.jpg 768w, https:\/\/tdcenter.org\/wp-content\/uploads\/2023\/08\/photo_2023-08-18_14-48-42-18x12.jpg 18w\" sizes=\"(max-width: 456px) 100vw, 456px\" \/><\/figure>\n<\/div>\n\n\n\n<div class=\"wp-block-column is-layout-flow wp-block-column-is-layout-flow\">\n<figure class=\"wp-block-image size-full is-resized\"><img loading=\"lazy\" decoding=\"async\" src=\"https:\/\/tdcenter.org\/wp-content\/uploads\/2023\/08\/photo_2023-08-18_14-57-04.jpg\" alt=\"\" class=\"wp-image-18806\" style=\"width:456px;height:304px\" width=\"456\" height=\"304\" srcset=\"https:\/\/tdcenter.org\/wp-content\/uploads\/2023\/08\/photo_2023-08-18_14-57-04.jpg 1024w, https:\/\/tdcenter.org\/wp-content\/uploads\/2023\/08\/photo_2023-08-18_14-57-04-600x400.jpg 600w, https:\/\/tdcenter.org\/wp-content\/uploads\/2023\/08\/photo_2023-08-18_14-57-04-768x512.jpg 768w, https:\/\/tdcenter.org\/wp-content\/uploads\/2023\/08\/photo_2023-08-18_14-57-04-18x12.jpg 18w\" sizes=\"(max-width: 456px) 100vw, 456px\" \/><\/figure>\n<\/div>\n<\/div>\n\n\n\n<p>Los periodistas viajaron tambi\u00e9n a la direcci\u00f3n de Kupiansk y a la zona fronteriza con Rusia, donde visitaron posiciones militares y hablaron con militares ucranianos. Tambi\u00e9n se reunieron con el equipo ucraniano que desarrolla el dron de desminado, se entrevistaron con operadores de reconocimiento a\u00e9reo y de drones, y visitaron el Centro de Innovaci\u00f3n Forense intelligenTrident. <\/p>\n\n\n\n<div class=\"wp-block-columns is-layout-flex wp-container-core-columns-is-layout-28f84493 wp-block-columns-is-layout-flex\">\n<div class=\"wp-block-column is-layout-flow wp-block-column-is-layout-flow\">\n<figure class=\"wp-block-image size-large is-resized\"><img loading=\"lazy\" decoding=\"async\" src=\"https:\/\/tdcenter.org\/wp-content\/uploads\/2023\/08\/photo_2023-08-18_14-50-52-1-1024x768.jpg\" alt=\"\" class=\"wp-image-18833\" style=\"width:272px;height:204px\" width=\"272\" height=\"204\" srcset=\"https:\/\/tdcenter.org\/wp-content\/uploads\/2023\/08\/photo_2023-08-18_14-50-52-1-1024x768.jpg 1024w, https:\/\/tdcenter.org\/wp-content\/uploads\/2023\/08\/photo_2023-08-18_14-50-52-1-600x450.jpg 600w, https:\/\/tdcenter.org\/wp-content\/uploads\/2023\/08\/photo_2023-08-18_14-50-52-1-768x576.jpg 768w, https:\/\/tdcenter.org\/wp-content\/uploads\/2023\/08\/photo_2023-08-18_14-50-52-1-16x12.jpg 16w, https:\/\/tdcenter.org\/wp-content\/uploads\/2023\/08\/photo_2023-08-18_14-50-52-1.jpg 1280w\" sizes=\"(max-width: 272px) 100vw, 272px\" \/><\/figure>\n<\/div>\n\n\n\n<div class=\"wp-block-column is-layout-flow wp-block-column-is-layout-flow\">\n<figure class=\"wp-block-image size-full is-resized\"><img loading=\"lazy\" decoding=\"async\" src=\"https:\/\/tdcenter.org\/wp-content\/uploads\/2023\/08\/photo_2023-08-18_14-48-50-1.jpg\" alt=\"\" class=\"wp-image-18834\" style=\"width:304px;height:203px\" width=\"304\" height=\"203\" srcset=\"https:\/\/tdcenter.org\/wp-content\/uploads\/2023\/08\/photo_2023-08-18_14-48-50-1.jpg 1024w, https:\/\/tdcenter.org\/wp-content\/uploads\/2023\/08\/photo_2023-08-18_14-48-50-1-600x400.jpg 600w, https:\/\/tdcenter.org\/wp-content\/uploads\/2023\/08\/photo_2023-08-18_14-48-50-1-768x512.jpg 768w, https:\/\/tdcenter.org\/wp-content\/uploads\/2023\/08\/photo_2023-08-18_14-48-50-1-18x12.jpg 18w\" sizes=\"(max-width: 304px) 100vw, 304px\" \/><\/figure>\n<\/div>\n\n\n\n<div class=\"wp-block-column is-layout-flow wp-block-column-is-layout-flow\">\n<figure class=\"wp-block-image size-full is-resized\"><img loading=\"lazy\" decoding=\"async\" src=\"https:\/\/tdcenter.org\/wp-content\/uploads\/2023\/08\/photo_2023-08-18_14-48-44.jpg\" alt=\"\" class=\"wp-image-18835\" style=\"width:300px;height:200px\" width=\"300\" height=\"200\" srcset=\"https:\/\/tdcenter.org\/wp-content\/uploads\/2023\/08\/photo_2023-08-18_14-48-44.jpg 1024w, https:\/\/tdcenter.org\/wp-content\/uploads\/2023\/08\/photo_2023-08-18_14-48-44-600x400.jpg 600w, https:\/\/tdcenter.org\/wp-content\/uploads\/2023\/08\/photo_2023-08-18_14-48-44-768x512.jpg 768w, https:\/\/tdcenter.org\/wp-content\/uploads\/2023\/08\/photo_2023-08-18_14-48-44-18x12.jpg 18w\" sizes=\"(max-width: 300px) 100vw, 300px\" \/><\/figure>\n<\/div>\n<\/div>\n\n\n\n<p>Vasyl Bilous, representante del Centro de Innovaci\u00f3n Forense intelligenTrident, habl\u00f3 sobre las peculiaridades y los resultados del trabajo del centro. El v\u00eddeo y las fotos proporcionados por el Centro ya han pasado a formar parte de la base de pruebas para otros juicios contra el ej\u00e9rcito ruso y altos mandos militares de Rusia.<\/p>\n\n\n<div class=\"wp-block-image\">\n<figure class=\"aligncenter size-large is-resized\"><img loading=\"lazy\" decoding=\"async\" src=\"https:\/\/tdcenter.org\/wp-content\/uploads\/2023\/08\/photo_2023-08-18_14-50-53-1024x768.jpg\" alt=\"\" class=\"wp-image-18810\" style=\"width:596px;height:447px\" width=\"596\" height=\"447\" srcset=\"https:\/\/tdcenter.org\/wp-content\/uploads\/2023\/08\/photo_2023-08-18_14-50-53-1024x768.jpg 1024w, https:\/\/tdcenter.org\/wp-content\/uploads\/2023\/08\/photo_2023-08-18_14-50-53-600x450.jpg 600w, https:\/\/tdcenter.org\/wp-content\/uploads\/2023\/08\/photo_2023-08-18_14-50-53-768x576.jpg 768w, https:\/\/tdcenter.org\/wp-content\/uploads\/2023\/08\/photo_2023-08-18_14-50-53-16x12.jpg 16w, https:\/\/tdcenter.org\/wp-content\/uploads\/2023\/08\/photo_2023-08-18_14-50-53.jpg 1280w\" sizes=\"(max-width: 596px) 100vw, 596px\" \/><\/figure>\n<\/div>\n\n\n<p>Se considera que uno de los distritos m\u00e1s afectados de J\u00e1rkiv es Saltivka Norte, que fue visitado personalmente por los periodistas. Esta zona residencial fue bombardeada continuamente por los rusos durante varios meses, sin que sobreviviera ni un solo edificio.<\/p>\n\n\n\n<div class=\"wp-block-columns is-layout-flex wp-container-core-columns-is-layout-28f84493 wp-block-columns-is-layout-flex\">\n<div class=\"wp-block-column is-layout-flow wp-block-column-is-layout-flow\">\n<figure class=\"wp-block-image size-large\"><img loading=\"lazy\" decoding=\"async\" width=\"768\" height=\"1024\" src=\"https:\/\/tdcenter.org\/wp-content\/uploads\/2023\/08\/photo_2023-08-18_14-49-33-1-768x1024.jpg\" alt=\"\" class=\"wp-image-18823\" srcset=\"https:\/\/tdcenter.org\/wp-content\/uploads\/2023\/08\/photo_2023-08-18_14-49-33-1-768x1024.jpg 768w, https:\/\/tdcenter.org\/wp-content\/uploads\/2023\/08\/photo_2023-08-18_14-49-33-1-450x600.jpg 450w, https:\/\/tdcenter.org\/wp-content\/uploads\/2023\/08\/photo_2023-08-18_14-49-33-1-9x12.jpg 9w, https:\/\/tdcenter.org\/wp-content\/uploads\/2023\/08\/photo_2023-08-18_14-49-33-1.jpg 960w\" sizes=\"(max-width: 768px) 100vw, 768px\" \/><\/figure>\n<\/div>\n\n\n\n<div class=\"wp-block-column is-layout-flow wp-block-column-is-layout-flow\">\n<figure class=\"wp-block-image size-large\"><img loading=\"lazy\" decoding=\"async\" width=\"768\" height=\"1024\" src=\"https:\/\/tdcenter.org\/wp-content\/uploads\/2023\/08\/photo_2023-08-18_14-49-34-1-768x1024.jpg\" alt=\"\" class=\"wp-image-18824\" srcset=\"https:\/\/tdcenter.org\/wp-content\/uploads\/2023\/08\/photo_2023-08-18_14-49-34-1-768x1024.jpg 768w, https:\/\/tdcenter.org\/wp-content\/uploads\/2023\/08\/photo_2023-08-18_14-49-34-1-450x600.jpg 450w, https:\/\/tdcenter.org\/wp-content\/uploads\/2023\/08\/photo_2023-08-18_14-49-34-1-9x12.jpg 9w, https:\/\/tdcenter.org\/wp-content\/uploads\/2023\/08\/photo_2023-08-18_14-49-34-1.jpg 960w\" sizes=\"(max-width: 768px) 100vw, 768px\" \/><\/figure>\n<\/div>\n\n\n\n<div class=\"wp-block-column is-layout-flow wp-block-column-is-layout-flow\">\n<figure class=\"wp-block-image size-large\"><img loading=\"lazy\" decoding=\"async\" width=\"768\" height=\"1024\" src=\"https:\/\/tdcenter.org\/wp-content\/uploads\/2023\/08\/photo_2023-08-18_15-00-03-768x1024.jpg\" alt=\"\" class=\"wp-image-18825\" srcset=\"https:\/\/tdcenter.org\/wp-content\/uploads\/2023\/08\/photo_2023-08-18_15-00-03-768x1024.jpg 768w, https:\/\/tdcenter.org\/wp-content\/uploads\/2023\/08\/photo_2023-08-18_15-00-03-450x600.jpg 450w, https:\/\/tdcenter.org\/wp-content\/uploads\/2023\/08\/photo_2023-08-18_15-00-03-9x12.jpg 9w, https:\/\/tdcenter.org\/wp-content\/uploads\/2023\/08\/photo_2023-08-18_15-00-03.jpg 960w\" sizes=\"(max-width: 768px) 100vw, 768px\" \/><\/figure>\n<\/div>\n<\/div>\n\n\n\n<p>Tambi\u00e9n visitaron el cementerio de misiles de J\u00e1rkiv, un lugar de almacenamiento temporal de restos neutralizados de municiones rusas. Seg\u00fan Dmytro Chubenko, portavoz de la Fiscal\u00eda Regional de J\u00e1rkiv, los fragmentos de bombas y proyectiles recogidos se aportar\u00e1n como prueba de los cr\u00edmenes de guerra cometidos por militares rusos.<\/p>\n\n\n<div class=\"wp-block-image\">\n<figure class=\"alignleft size-full is-resized\"><img loading=\"lazy\" decoding=\"async\" src=\"https:\/\/tdcenter.org\/wp-content\/uploads\/2023\/08\/image-30.png\" alt=\"\" class=\"wp-image-18827\" style=\"width:404px;height:269px\" width=\"404\" height=\"269\" srcset=\"https:\/\/tdcenter.org\/wp-content\/uploads\/2023\/08\/image-30.png 1024w, https:\/\/tdcenter.org\/wp-content\/uploads\/2023\/08\/image-30-600x400.png 600w, https:\/\/tdcenter.org\/wp-content\/uploads\/2023\/08\/image-30-768x512.png 768w, https:\/\/tdcenter.org\/wp-content\/uploads\/2023\/08\/image-30-18x12.png 18w\" sizes=\"(max-width: 404px) 100vw, 404px\" \/><\/figure>\n<\/div>\n\n\n<p>Kharkiv Media Hub acogi\u00f3 una reuni\u00f3n con Mamuka Mamulashvili, comandante de la Legi\u00f3n Nacional Georgiana, que lleva 30 a\u00f1os luchando contra los rusos. A los 14 a\u00f1os, \u00e9l y su padre defendieron la integridad de Georgia, y luego fue hecho prisionero por Rusia, donde se dio cuenta de que ten\u00eda que continuar la lucha contra las ambiciones agresivas de Rusia. Mamuka habl\u00f3 de la creaci\u00f3n de la Legi\u00f3n Nacional Georgiana, sus objetivos y principios, su composici\u00f3n y las particularidades de sus actividades.<\/p>\n\n\n\n<p>TDC est\u00e1 ejecutando el proyecto con el apoyo del&nbsp;<em><a href=\"https:\/\/www.irf.ua\/en\/\">International Renaissance Foundation<\/a>.<\/em><\/p>","protected":false},"excerpt":{"rendered":"<p>With the organization of TDC, a delegation of Latin American journalists visited the Kharkiv region, which has been under constant Russian attack since the first day of Russia&#8217;s full-scale invasion of Ukraine. In cooperation with Kharkiv Media Hub, they managed to visit not only Kharkiv city, but also such de-occupied cities of Kharkiv region as [&hellip;]<\/p>","protected":false},"author":8,"featured_media":18799,"comment_status":"open","ping_status":"open","sticky":false,"template":"","format":"standard","meta":{"footnotes":""},"categories":[25,104],"tags":[],"topic":[],"class_list":["post-18797","post","type-post","status-publish","format-standard","has-post-thumbnail","hentry","category-events","category-spain-and-latin-america-cooperation-program-events"],"mb":[],"yoast_head":"<!-- This site is optimized with the Yoast SEO Premium plugin v25.6 (Yoast SEO v25.6) - https:\/\/yoast.com\/wordpress\/plugins\/seo\/ -->\n<title>TDC and Latin American media visited Kharkiv region - Transatlantic Dialogue Center<\/title>\n<meta name=\"description\" content=\"TDC successfully coordinated a visit for media representatives from Spain and Latin America to Ukraine. The delegation gained firsthand insights into the ongoing developments in the region, fostering better understanding and accurate reporting of the situation. This initiative demonstrates TDC&#039;s commitment to promoting informed and unbiased coverage of critical issues.\" \/>\n<meta name=\"robots\" content=\"index, follow, max-snippet:-1, max-image-preview:large, max-video-preview:-1\" \/>\n<link rel=\"canonical\" href=\"https:\/\/tdcenter.org\/es\/2023\/08\/18\/tdc-and-latin-american-media-visited-kharkiv-region\/\" \/>\n<meta property=\"og:locale\" content=\"es_ES\" \/>\n<meta property=\"og:type\" content=\"article\" \/>\n<meta property=\"og:title\" content=\"TDC and Latin American media visited Kharkiv region\" \/>\n<meta property=\"og:description\" content=\"Transatlantic Dialogue Center (TDC) is a non-governmental and non-partisan think tank that provides high-quality policy advice to private and public clients. The network of our friends and partners includes government officials, members of parliaments, businessmen, journalists, experts and analysts.\" \/>\n<meta property=\"og:url\" content=\"https:\/\/tdcenter.org\/es\/2023\/08\/18\/tdc-and-latin-american-media-visited-kharkiv-region\/\" \/>\n<meta property=\"og:site_name\" content=\"Transatlantic Dialogue Center\" \/>\n<meta property=\"article:publisher\" content=\"https:\/\/www.facebook.com\/Transatlantic-Dialogue-Center-105645698740463\" \/>\n<meta property=\"article:published_time\" content=\"2023-08-18T14:13:15+00:00\" \/>\n<meta property=\"article:modified_time\" content=\"2025-08-05T18:11:24+00:00\" \/>\n<meta property=\"og:image\" content=\"https:\/\/tdcenter.org\/wp-content\/uploads\/2023\/08\/photo_2023-08-18_14-52-53.jpg\" \/>\n\t<meta property=\"og:image:width\" content=\"1280\" \/>\n\t<meta property=\"og:image:height\" content=\"960\" \/>\n\t<meta property=\"og:image:type\" content=\"image\/jpeg\" \/>\n<meta name=\"author\" content=\"Alina Rohach\" \/>\n<meta name=\"twitter:card\" content=\"summary_large_image\" \/>\n<meta name=\"twitter:label1\" content=\"Escrito por\" \/>\n\t<meta name=\"twitter:data1\" content=\"Alina Rohach\" \/>\n\t<meta name=\"twitter:label2\" content=\"Tiempo de lectura\" \/>\n\t<meta name=\"twitter:data2\" content=\"5 minutos\" \/>\n<script type=\"application\/ld+json\" class=\"yoast-schema-graph\">{\"@context\":\"https:\/\/schema.org\",\"@graph\":[{\"@type\":\"Article\",\"@id\":\"https:\/\/tdcenter.org\/2023\/08\/18\/tdc-and-latin-american-media-visited-kharkiv-region\/#article\",\"isPartOf\":{\"@id\":\"https:\/\/tdcenter.org\/2023\/08\/18\/tdc-and-latin-american-media-visited-kharkiv-region\/\"},\"author\":{\"name\":\"Alina Rohach\",\"@id\":\"https:\/\/tdcenter.org\/#\/schema\/person\/2b76b794dbb8257325dc72d4fdee35ec\"},\"headline\":\"TDC and Latin American media visited Kharkiv region\",\"datePublished\":\"2023-08-18T14:13:15+00:00\",\"dateModified\":\"2025-08-05T18:11:24+00:00\",\"mainEntityOfPage\":{\"@id\":\"https:\/\/tdcenter.org\/2023\/08\/18\/tdc-and-latin-american-media-visited-kharkiv-region\/\"},\"wordCount\":493,\"commentCount\":0,\"publisher\":{\"@id\":\"https:\/\/tdcenter.org\/#organization\"},\"image\":{\"@id\":\"https:\/\/tdcenter.org\/2023\/08\/18\/tdc-and-latin-american-media-visited-kharkiv-region\/#primaryimage\"},\"thumbnailUrl\":\"https:\/\/tdcenter.org\/wp-content\/uploads\/2023\/08\/photo_2023-08-18_14-52-53.jpg\",\"articleSection\":[\"Events\",\"Events-Spain and Latin America Cooperation Program\"],\"inLanguage\":\"es\",\"potentialAction\":[{\"@type\":\"CommentAction\",\"name\":\"Comment\",\"target\":[\"https:\/\/tdcenter.org\/2023\/08\/18\/tdc-and-latin-american-media-visited-kharkiv-region\/#respond\"]}]},{\"@type\":\"WebPage\",\"@id\":\"https:\/\/tdcenter.org\/2023\/08\/18\/tdc-and-latin-american-media-visited-kharkiv-region\/\",\"url\":\"https:\/\/tdcenter.org\/2023\/08\/18\/tdc-and-latin-american-media-visited-kharkiv-region\/\",\"name\":\"TDC and Latin American media visited Kharkiv region - Transatlantic Dialogue Center\",\"isPartOf\":{\"@id\":\"https:\/\/tdcenter.org\/#website\"},\"primaryImageOfPage\":{\"@id\":\"https:\/\/tdcenter.org\/2023\/08\/18\/tdc-and-latin-american-media-visited-kharkiv-region\/#primaryimage\"},\"image\":{\"@id\":\"https:\/\/tdcenter.org\/2023\/08\/18\/tdc-and-latin-american-media-visited-kharkiv-region\/#primaryimage\"},\"thumbnailUrl\":\"https:\/\/tdcenter.org\/wp-content\/uploads\/2023\/08\/photo_2023-08-18_14-52-53.jpg\",\"datePublished\":\"2023-08-18T14:13:15+00:00\",\"dateModified\":\"2025-08-05T18:11:24+00:00\",\"description\":\"TDC successfully coordinated a visit for media representatives from Spain and Latin America to Ukraine. The delegation gained firsthand insights into the ongoing developments in the region, fostering better understanding and accurate reporting of the situation. This initiative demonstrates TDC's commitment to promoting informed and unbiased coverage of critical issues.\",\"breadcrumb\":{\"@id\":\"https:\/\/tdcenter.org\/2023\/08\/18\/tdc-and-latin-american-media-visited-kharkiv-region\/#breadcrumb\"},\"inLanguage\":\"es\",\"potentialAction\":[{\"@type\":\"ReadAction\",\"target\":[\"https:\/\/tdcenter.org\/2023\/08\/18\/tdc-and-latin-american-media-visited-kharkiv-region\/\"]}]},{\"@type\":\"ImageObject\",\"inLanguage\":\"es\",\"@id\":\"https:\/\/tdcenter.org\/2023\/08\/18\/tdc-and-latin-american-media-visited-kharkiv-region\/#primaryimage\",\"url\":\"https:\/\/tdcenter.org\/wp-content\/uploads\/2023\/08\/photo_2023-08-18_14-52-53.jpg\",\"contentUrl\":\"https:\/\/tdcenter.org\/wp-content\/uploads\/2023\/08\/photo_2023-08-18_14-52-53.jpg\",\"width\":1280,\"height\":960},{\"@type\":\"BreadcrumbList\",\"@id\":\"https:\/\/tdcenter.org\/2023\/08\/18\/tdc-and-latin-american-media-visited-kharkiv-region\/#breadcrumb\",\"itemListElement\":[{\"@type\":\"ListItem\",\"position\":1,\"name\":\"Home\",\"item\":\"https:\/\/tdcenter.org\/\"},{\"@type\":\"ListItem\",\"position\":2,\"name\":\"TDC and Latin American media visited Kharkiv region\"}]},{\"@type\":\"WebSite\",\"@id\":\"https:\/\/tdcenter.org\/#website\",\"url\":\"https:\/\/tdcenter.org\/\",\"name\":\"Transatlantic Dialogue Center\",\"description\":\"Promoting International Peace and Security\",\"publisher\":{\"@id\":\"https:\/\/tdcenter.org\/#organization\"},\"potentialAction\":[{\"@type\":\"SearchAction\",\"target\":{\"@type\":\"EntryPoint\",\"urlTemplate\":\"https:\/\/tdcenter.org\/?s={search_term_string}\"},\"query-input\":{\"@type\":\"PropertyValueSpecification\",\"valueRequired\":true,\"valueName\":\"search_term_string\"}}],\"inLanguage\":\"es\"},{\"@type\":\"Organization\",\"@id\":\"https:\/\/tdcenter.org\/#organization\",\"name\":\"Transatlantic Dialogue Center\",\"url\":\"https:\/\/tdcenter.org\/\",\"logo\":{\"@type\":\"ImageObject\",\"inLanguage\":\"es\",\"@id\":\"https:\/\/tdcenter.org\/#\/schema\/logo\/image\/\",\"url\":\"https:\/\/tdcenter.org\/wp-content\/uploads\/2022\/04\/google.png\",\"contentUrl\":\"https:\/\/tdcenter.org\/wp-content\/uploads\/2022\/04\/google.png\",\"width\":2568,\"height\":2487,\"caption\":\"Transatlantic Dialogue Center\"},\"image\":{\"@id\":\"https:\/\/tdcenter.org\/#\/schema\/logo\/image\/\"},\"sameAs\":[\"https:\/\/www.facebook.com\/Transatlantic-Dialogue-Center-105645698740463\",\"https:\/\/www.youtube.com\/channel\/UCpJuhU4JBfpv_jsldNOc5LA\"]},{\"@type\":\"Person\",\"@id\":\"https:\/\/tdcenter.org\/#\/schema\/person\/2b76b794dbb8257325dc72d4fdee35ec\",\"name\":\"Alina Rohach\",\"image\":{\"@type\":\"ImageObject\",\"inLanguage\":\"es\",\"@id\":\"https:\/\/tdcenter.org\/#\/schema\/person\/image\/\",\"url\":\"https:\/\/tdcenter.org\/wp-content\/litespeed\/avatar\/61eca207869235575ab8e6c478a7ca66.jpg?ver=1777459382\",\"contentUrl\":\"https:\/\/tdcenter.org\/wp-content\/litespeed\/avatar\/61eca207869235575ab8e6c478a7ca66.jpg?ver=1777459382\",\"caption\":\"Alina Rohach\"}}]}<\/script>\n<!-- \/ Yoast SEO Premium plugin. -->","yoast_head_json":{"title":"TDC and Latin American media visited Kharkiv region - Transatlantic Dialogue Center","description":"TDC successfully coordinated a visit for media representatives from Spain and Latin America to Ukraine. The delegation gained firsthand insights into the ongoing developments in the region, fostering better understanding and accurate reporting of the situation. This initiative demonstrates TDC's commitment to promoting informed and unbiased coverage of critical issues.","robots":{"index":"index","follow":"follow","max-snippet":"max-snippet:-1","max-image-preview":"max-image-preview:large","max-video-preview":"max-video-preview:-1"},"canonical":"https:\/\/tdcenter.org\/es\/2023\/08\/18\/tdc-and-latin-american-media-visited-kharkiv-region\/","og_locale":"es_ES","og_type":"article","og_title":"TDC and Latin American media visited Kharkiv region","og_description":"Transatlantic Dialogue Center (TDC) is a non-governmental and non-partisan think tank that provides high-quality policy advice to private and public clients. The network of our friends and partners includes government officials, members of parliaments, businessmen, journalists, experts and analysts.","og_url":"https:\/\/tdcenter.org\/es\/2023\/08\/18\/tdc-and-latin-american-media-visited-kharkiv-region\/","og_site_name":"Transatlantic Dialogue Center","article_publisher":"https:\/\/www.facebook.com\/Transatlantic-Dialogue-Center-105645698740463","article_published_time":"2023-08-18T14:13:15+00:00","article_modified_time":"2025-08-05T18:11:24+00:00","og_image":[{"width":1280,"height":960,"url":"https:\/\/tdcenter.org\/wp-content\/uploads\/2023\/08\/photo_2023-08-18_14-52-53.jpg","type":"image\/jpeg"}],"author":"Alina Rohach","twitter_card":"summary_large_image","twitter_misc":{"Escrito por":"Alina Rohach","Tiempo de lectura":"5 minutos"},"schema":{"@context":"https:\/\/schema.org","@graph":[{"@type":"Article","@id":"https:\/\/tdcenter.org\/2023\/08\/18\/tdc-and-latin-american-media-visited-kharkiv-region\/#article","isPartOf":{"@id":"https:\/\/tdcenter.org\/2023\/08\/18\/tdc-and-latin-american-media-visited-kharkiv-region\/"},"author":{"name":"Alina Rohach","@id":"https:\/\/tdcenter.org\/#\/schema\/person\/2b76b794dbb8257325dc72d4fdee35ec"},"headline":"TDC and Latin American media visited Kharkiv region","datePublished":"2023-08-18T14:13:15+00:00","dateModified":"2025-08-05T18:11:24+00:00","mainEntityOfPage":{"@id":"https:\/\/tdcenter.org\/2023\/08\/18\/tdc-and-latin-american-media-visited-kharkiv-region\/"},"wordCount":493,"commentCount":0,"publisher":{"@id":"https:\/\/tdcenter.org\/#organization"},"image":{"@id":"https:\/\/tdcenter.org\/2023\/08\/18\/tdc-and-latin-american-media-visited-kharkiv-region\/#primaryimage"},"thumbnailUrl":"https:\/\/tdcenter.org\/wp-content\/uploads\/2023\/08\/photo_2023-08-18_14-52-53.jpg","articleSection":["Events","Events-Spain and Latin America Cooperation Program"],"inLanguage":"es","potentialAction":[{"@type":"CommentAction","name":"Comment","target":["https:\/\/tdcenter.org\/2023\/08\/18\/tdc-and-latin-american-media-visited-kharkiv-region\/#respond"]}]},{"@type":"WebPage","@id":"https:\/\/tdcenter.org\/2023\/08\/18\/tdc-and-latin-american-media-visited-kharkiv-region\/","url":"https:\/\/tdcenter.org\/2023\/08\/18\/tdc-and-latin-american-media-visited-kharkiv-region\/","name":"TDC and Latin American media visited Kharkiv region - Transatlantic Dialogue Center","isPartOf":{"@id":"https:\/\/tdcenter.org\/#website"},"primaryImageOfPage":{"@id":"https:\/\/tdcenter.org\/2023\/08\/18\/tdc-and-latin-american-media-visited-kharkiv-region\/#primaryimage"},"image":{"@id":"https:\/\/tdcenter.org\/2023\/08\/18\/tdc-and-latin-american-media-visited-kharkiv-region\/#primaryimage"},"thumbnailUrl":"https:\/\/tdcenter.org\/wp-content\/uploads\/2023\/08\/photo_2023-08-18_14-52-53.jpg","datePublished":"2023-08-18T14:13:15+00:00","dateModified":"2025-08-05T18:11:24+00:00","description":"TDC successfully coordinated a visit for media representatives from Spain and Latin America to Ukraine. The delegation gained firsthand insights into the ongoing developments in the region, fostering better understanding and accurate reporting of the situation. This initiative demonstrates TDC's commitment to promoting informed and unbiased coverage of critical issues.","breadcrumb":{"@id":"https:\/\/tdcenter.org\/2023\/08\/18\/tdc-and-latin-american-media-visited-kharkiv-region\/#breadcrumb"},"inLanguage":"es","potentialAction":[{"@type":"ReadAction","target":["https:\/\/tdcenter.org\/2023\/08\/18\/tdc-and-latin-american-media-visited-kharkiv-region\/"]}]},{"@type":"ImageObject","inLanguage":"es","@id":"https:\/\/tdcenter.org\/2023\/08\/18\/tdc-and-latin-american-media-visited-kharkiv-region\/#primaryimage","url":"https:\/\/tdcenter.org\/wp-content\/uploads\/2023\/08\/photo_2023-08-18_14-52-53.jpg","contentUrl":"https:\/\/tdcenter.org\/wp-content\/uploads\/2023\/08\/photo_2023-08-18_14-52-53.jpg","width":1280,"height":960},{"@type":"BreadcrumbList","@id":"https:\/\/tdcenter.org\/2023\/08\/18\/tdc-and-latin-american-media-visited-kharkiv-region\/#breadcrumb","itemListElement":[{"@type":"ListItem","position":1,"name":"Home","item":"https:\/\/tdcenter.org\/"},{"@type":"ListItem","position":2,"name":"TDC and Latin American media visited Kharkiv region"}]},{"@type":"WebSite","@id":"https:\/\/tdcenter.org\/#website","url":"https:\/\/tdcenter.org\/","name":"Transatlantic Dialogue Center","description":"Promovemos la paz y la seguridad internacionales","publisher":{"@id":"https:\/\/tdcenter.org\/#organization"},"potentialAction":[{"@type":"SearchAction","target":{"@type":"EntryPoint","urlTemplate":"https:\/\/tdcenter.org\/?s={search_term_string}"},"query-input":{"@type":"PropertyValueSpecification","valueRequired":true,"valueName":"search_term_string"}}],"inLanguage":"es"},{"@type":"Organization","@id":"https:\/\/tdcenter.org\/#organization","name":"Transatlantic Dialogue Center","url":"https:\/\/tdcenter.org\/","logo":{"@type":"ImageObject","inLanguage":"es","@id":"https:\/\/tdcenter.org\/#\/schema\/logo\/image\/","url":"https:\/\/tdcenter.org\/wp-content\/uploads\/2022\/04\/google.png","contentUrl":"https:\/\/tdcenter.org\/wp-content\/uploads\/2022\/04\/google.png","width":2568,"height":2487,"caption":"Transatlantic Dialogue Center"},"image":{"@id":"https:\/\/tdcenter.org\/#\/schema\/logo\/image\/"},"sameAs":["https:\/\/www.facebook.com\/Transatlantic-Dialogue-Center-105645698740463","https:\/\/www.youtube.com\/channel\/UCpJuhU4JBfpv_jsldNOc5LA"]},{"@type":"Person","@id":"https:\/\/tdcenter.org\/#\/schema\/person\/2b76b794dbb8257325dc72d4fdee35ec","name":"Alina Rohach","image":{"@type":"ImageObject","inLanguage":"es","@id":"https:\/\/tdcenter.org\/#\/schema\/person\/image\/","url":"https:\/\/tdcenter.org\/wp-content\/litespeed\/avatar\/61eca207869235575ab8e6c478a7ca66.jpg?ver=1777459382","contentUrl":"https:\/\/tdcenter.org\/wp-content\/litespeed\/avatar\/61eca207869235575ab8e6c478a7ca66.jpg?ver=1777459382","caption":"Alina Rohach"}}]}},"mfb_rest_fields":["title","yoast_head","yoast_head_json","gutenberg_elementor_mode"],"_links":{"self":[{"href":"https:\/\/tdcenter.org\/es\/wp-json\/wp\/v2\/posts\/18797","targetHints":{"allow":["GET"]}}],"collection":[{"href":"https:\/\/tdcenter.org\/es\/wp-json\/wp\/v2\/posts"}],"about":[{"href":"https:\/\/tdcenter.org\/es\/wp-json\/wp\/v2\/types\/post"}],"author":[{"embeddable":true,"href":"https:\/\/tdcenter.org\/es\/wp-json\/wp\/v2\/users\/8"}],"replies":[{"embeddable":true,"href":"https:\/\/tdcenter.org\/es\/wp-json\/wp\/v2\/comments?post=18797"}],"version-history":[{"count":1,"href":"https:\/\/tdcenter.org\/es\/wp-json\/wp\/v2\/posts\/18797\/revisions"}],"predecessor-version":[{"id":31190,"href":"https:\/\/tdcenter.org\/es\/wp-json\/wp\/v2\/posts\/18797\/revisions\/31190"}],"wp:featuredmedia":[{"embeddable":true,"href":"https:\/\/tdcenter.org\/es\/wp-json\/wp\/v2\/media\/18799"}],"wp:attachment":[{"href":"https:\/\/tdcenter.org\/es\/wp-json\/wp\/v2\/media?parent=18797"}],"wp:term":[{"taxonomy":"category","embeddable":true,"href":"https:\/\/tdcenter.org\/es\/wp-json\/wp\/v2\/categories?post=18797"},{"taxonomy":"post_tag","embeddable":true,"href":"https:\/\/tdcenter.org\/es\/wp-json\/wp\/v2\/tags?post=18797"},{"taxonomy":"topic","embeddable":true,"href":"https:\/\/tdcenter.org\/es\/wp-json\/wp\/v2\/topic?post=18797"}],"curies":[{"name":"wp","href":"https:\/\/api.w.org\/{rel}","templated":true}]}}