{"id":1775,"date":"2022-03-13T09:05:00","date_gmt":"2022-03-13T07:05:00","guid":{"rendered":"https:\/\/tdcenter.org\/?p=1775"},"modified":"2025-08-21T14:54:13","modified_gmt":"2025-08-21T11:54:13","slug":"die-schrecklichste-reise-meines-lebens","status":"publish","type":"post","link":"https:\/\/tdcenter.org\/es\/2022\/03\/13\/die-schrecklichste-reise-meines-lebens\/","title":{"rendered":"Die schrecklichste Reise meines Lebens"},"content":{"rendered":"<figure class=\"wp-block-image size-large\"><img fetchpriority=\"high\" decoding=\"async\" width=\"1024\" height=\"576\" src=\"https:\/\/tdcenter.org\/wp-content\/uploads\/2022\/03\/image-1-1024x576.jpg\" alt=\"\" class=\"wp-image-1776\" srcset=\"https:\/\/tdcenter.org\/wp-content\/uploads\/2022\/03\/image-1-1024x576.jpg 1024w, https:\/\/tdcenter.org\/wp-content\/uploads\/2022\/03\/image-1-600x338.jpg 600w, https:\/\/tdcenter.org\/wp-content\/uploads\/2022\/03\/image-1-768x432.jpg 768w, https:\/\/tdcenter.org\/wp-content\/uploads\/2022\/03\/image-1-18x10.jpg 18w, https:\/\/tdcenter.org\/wp-content\/uploads\/2022\/03\/image-1.jpg 1200w\" sizes=\"(max-width: 1024px) 100vw, 1024px\" \/><\/figure>\n\n\n\n<p><\/p>\n\n\n\n<p>Die schrecklichste Reise meines Lebens: wie wir aus dem okkupierten Nemischajewe in der N\u00e4he von Kyjiw rausgezogen sind.<\/p>\n\n\n\n<p>Meine Familie (mein Ehemann, seine Eltern und Oma) und ich \u2014 (alle zusammen weiter im Text als \u201ewir\u201c bezeichnet) \u2014 sind seit dem Anfang des Krieges im Dorf, wo wie wohnen, Nemishayevo Kyjiwer Gebiet, geblieben. Wir glaubten nicht bis zum Ende, dass die Orks kommen. Naive Idioten.<\/p>\n\n\n\n<p>Am 28. Februar traten die russischen Panzer auf Nemishayevo. Von diesem Augenblick an wurden wir okkupiert. Man konnte nicht mehr auf die Stra\u00dfe gehen, ohne zu pr\u00fcfen, ob man da keine feindliche Technik gibt und man nicht schie\u00dft, ob auf den Stra\u00dfen gemeinte Leute laufen oder komische Autos fahren.<\/p>\n\n\n\n<p>Sobald man drau\u00dfen ist, muss man sich hinter einem Haus verstecken, damit ihn niemand sieht bzw. h\u00f6rt. Da, wo keine Kugel fliegen. Wir unterscheiden Ger\u00e4usche von Haubitzen, Maschinengewehren, Kleinwaffen, Kalaschnikows, Hagel, Panzern, Sch\u00fctzenpanzern, Flugzeugen, Hubschraubern. \u00dcbrigens, kein Tag war still.<\/p>\n\n\n\n<p>Man konnte nicht sogar auf die Stra\u00dfe nebenan gehen. Wir liefen hinter den Z\u00e4unen und unter den H\u00f6fen hin\u00fcber, versteckten uns hinter den W\u00e4nden. In unserem Dorf. Auf unserem Land. In unserem Haus!<\/p>\n\n\n\n<p>Am 7. M\u00e4rz knallten Orks einen Mann ab, der mit seinem Hund Gassi ging.<\/p>\n\n\n\n<p>Der B\u00fcrgermeister haute noch nach der ersten Beschie\u00dfung ab. Seine Worte, wenn irgendwelches Haus von Orks getroffen wurde: \u201eGut, dass es nicht mein ist\u201c.<\/p>\n\n\n\n<p>Russische Orks erschossen territoriale Verteidigung, wir h\u00f6rten schon eine Woche nicht mehr von unseren Jungen, ob sie noch am Leben sind. Russische Orks t\u00f6teten einen Bekannten, der als Freiwilliger Arzneimittel auslieferte.&nbsp; Ein Mann auf dem Rollstuhl starb in eigenem Haus durch eine Granate. Er wurde schnell begraben, aber wei\u00df nicht sogar, ob auf dem Friedhof, weil da die Orks sind.<\/p>\n\n\n\n<p>Die Kinder wurden geboren. Es ist gut zu Hause bleiben.<\/p>\n\n\n\n<p>Eine Frau gebar vorzeitig und weigerte sich, die Nachbarn nahmen dieses Kind mit.<\/p>\n\n\n\n<p>Die Menschen versuchten, durch den Kontrollpunkt zu gehen. Es war eine Familie: eine Mutter, ein Vater, ein 6-j\u00e4hriger Sohn, eine 56-j\u00e4hrige Gro\u00dfmutter. Es gab Panzer in der N\u00e4he ihres Hauses, die M\u00fcndung war in der Richtung des Hauses. Sie beschlossen, zu versuchen, herauszukommen. Auf dem Weg zum Kontrollpunkt schlossen sich ihnen 2 Einheimische an, sie wollten auch \u00fcberqueren, wurden aber wahnsinnig und rannten davon. Die Orks begannen zu schie\u00dfen. Die Mutter, der Vater und der Sohn versteckten sich. Die Oma wurde von Orks ergriffen und verh\u00f6rt: &#8220;Wo ist der vierte Mann.&#8221; Sie versuchte ihn davon zu \u00fcberzeugen, dass es ein 6-j\u00e4hriger Junge war, der in den R\u00fccken getroffen wurde. Die Familie kam zu Fu\u00df nach Hause, und am Abend brachten die Orks die Gro\u00dfmutter lebend, nahmen ihr nur Essen ab und entschuldigten sich sogar daf\u00fcr, dass sie sie geschlagen haben.<\/p>\n\n\n\n<p>Die Anwohner schnitten die Leitung des Roten Kreuzes ab, sagten sie: Der Antrag kann von den \u00f6rtlichen Beh\u00f6rden gestellt werden.<\/p>\n\n\n\n<p>Am ersten Tag platzierten die Orks einen Scharfsch\u00fctzen auf einer der Hauptstra\u00dfen, erschreckten die Menschen und schossen ihnen in den Arm oder das Bein, damit sie nicht nach vorne kamen.<\/p>\n\n\n\n<p>Die Orks gingen um die H\u00e4user herum und beleuchteten die Fenster mit Taschenlampen. Sie schossen f\u00fcr alle F\u00e4lle auf die Keller von Hochh\u00e4usern, bis ein tapferer Mann aufforderte, aufzuh\u00f6ren, weil sich Kinder in einem der Keller versteckten. Eines Tages, als die Kolonne wieder unsere Stra\u00dfe passierte, drehte der letzte Panzer das Rohr und feuerte auf die H\u00e4user. Es kam durch einen von uns im Haus an. Meine Gro\u00dfmutter hat dort auf wundersame Weise \u00fcberlebt. Ich war zu dieser Zeit auf der Stra\u00dfe, ich erreichte das Haus nicht, ich wurde fast taub und ich zitterte noch zwei Stunden lang.<\/p>\n\n\n\n<p>Auch die Tiere im Haus zittern und verstecken sich st\u00e4ndig vor den Ger\u00e4uschen.<\/p>\n\n\n\n<p>Wir h\u00f6rten auf laut zu reden und versuchten leise die T\u00fcr zu schlie\u00dfen, leise die Tasse auf den Tisch zu stellen, uns leise zu bewegen. Ich habe Angst vor Ger\u00e4uschen und werde noch lange Angst haben.<\/p>\n\n\n\n<p>Ich habe Angst vor dem Licht, weil SIE es sehen k\u00f6nnen.<\/p>\n\n\n\n<p>Heute baten uns Misha (16) und seine Mutter Lina, zum Auto zu kommen. Sie fuhren auf dem Weg zum Luftschutzbunker an unserem Auto mit wei\u00dfen B\u00e4ndern vorbei und stellten fest, dass wir versuchten zu gehen. Sie hatten Zeit, nur einen Rucksack und eine Tasche mitzunehmen. Sie weinten beide den ganzen Weg zur Freiheit.<\/p>\n\n\n\n<p>Lina und Mischa lebten eine Woche lang in einem Luftschutzkeller. Sie schliefen angezogen und in Schuhen auf Paletten, bedeckt mit nassen Decken.<\/p>\n\n\n\n<p>Mischa half bei der Essenszubereitung, w\u00e4hrend die B\u00e4lle flogen. Das Essen wurde von allen geteilt, aber nach ihren &#8220;Regeln&#8221; wei\u00df ich nicht einmal, wie ich zu dieser Zeit \u00fcber die Beziehungen zwischen uns Ukrainern sprechen soll. \u00dcber hungrige Menschen, die kein Essen teilen, \u00fcber den Kampf, das Telefon am Generator aufzuladen, wenn man 5 Tage lang keine Verwandten anrufen kann. Seit dem 28. Februar leben wir ohne Wasser, ohne Strom, ohne Heizung. Wir hatten Gl\u00fcck, das Gas war bis zum letzten Tag, bis gestern (7. M\u00e4rz). Aber als der letzte Feuerstrahl verschwand, brachen wir zusammen.<\/p>\n\n\n\n<p>Wir haben uns angeschrien, wir haben den Krieg ins Haus gebracht.<\/p>\n\n\n\n<p>Die Entscheidung zu gehen wurde uns gegeben &#8211; ich kann gar nicht beschreiben, wie schwer es ist. Wir wussten, dass wir sterben k\u00f6nnten. Wir beschlossen, auf dem Weg in die Freiheit zu sterben, nicht in den Kellern.<\/p>\n\n\n\n<p>Ich habe meinem Bruder und Freund eine SMS geschrieben, von unserem Plan erz\u00e4hlt und dass ich sie liebe, wenn es nicht klappt.<\/p>\n\n\n\n<p>Wir haben nichts als eine Katze, Kleidung zum Wechseln und eine Gitarre mitgenommen.<\/p>\n\n\n\n<p>Wir haben eine Woche nicht gewaschen. Aber es st\u00f6rte mich schon lange nicht mehr. Es spielt keine Rolle. Nur das Leben ist wichtig.<\/p>\n\n\n\n<p>Wir konnten am 8. M\u00e4rz abreisen, ich kann die Details nicht genau aufschreiben. Ich habe Angst um die Menschen, die versuchen werden, in den kommenden Tagen zu gehen.<\/p>\n\n\n\n<p>Ich wei\u00df nicht, was in den n\u00e4chsten Tagen, Wochen, Monaten mit unserem Dorf passieren wird. Werden die Menschen am Leben bleiben, wird es genug Nahrung geben oder werden sie an Krankheiten sterben? Ich wei\u00df nicht, wohin der Krieg den Menschen f\u00fchren wird.<\/p>\n\n\n\n<p>Am 8. M\u00e4rz konnte mein Bruder ein anderes besetztes Dorf in der Region Kiew verlassen, Dymer, wo ich geboren und aufgewachsen bin. Sie sind seit dem dritten Kriegstag besetzt. Sie lebten mit ihren Kindern im Keller. Er wagte es und ging zu Fu\u00df in einem nahen gelegenen Dorf, mit seiner Frau und seinen Kindern, meinen Lieblingsneffen, 5 und 3 Jahre alt, die sie in einer Schubkarre fuhren. Dort \u00fcberquerten sie die Br\u00fccke und entkamen.<\/p>\n\n\n\n<p>Meine Mutter blieb in Dymer. Und damit ein St\u00fcck meines Herzens.<\/p>\n\n\n\n<p>Ich wei\u00df, was Russland mit uns macht. Das ist kein Krieg, das ist Vernichtung, das ist V\u00f6lkermord.<\/p>\n\n\n\n<p>Yaroslava Kaminska, eine Bewohnerin des Dorfes Nemishayevo<\/p>","protected":false},"excerpt":{"rendered":"<p>Die schrecklichste Reise meines Lebens: wie wir aus dem okkupierten Nemischajewe in der N\u00e4he von Kyjiw rausgezogen sind. Meine Familie (mein Ehemann, seine Eltern und Oma) und ich \u2014 (alle zusammen weiter im Text als \u201ewir\u201c bezeichnet) \u2014 sind seit dem Anfang des Krieges im Dorf, wo wie wohnen, Nemishayevo Kyjiwer Gebiet, geblieben. Wir glaubten [&hellip;]<\/p>","protected":false},"author":1,"featured_media":1776,"comment_status":"open","ping_status":"open","sticky":false,"template":"","format":"standard","meta":{"footnotes":""},"categories":[13,31],"tags":[],"topic":[],"class_list":["post-1775","post","type-post","status-publish","format-standard","has-post-thumbnail","hentry","category-en-analyses","category-ger-analyses"],"mb":[],"yoast_head":"<!-- This site is optimized with the Yoast SEO Premium plugin v25.6 (Yoast SEO v25.6) - https:\/\/yoast.com\/wordpress\/plugins\/seo\/ -->\n<title>Die schrecklichste Reise meines Lebens - Transatlantic Dialogue Center<\/title>\n<meta name=\"description\" content=\"Transatlantic Dialogue Center (TDC) is a non-governmental and non-partisan think tank that provides high-quality policy advice to private and public clients. The network of our friends and partners includes government officials, members of parliaments, businessmen, journalists, experts and analysts.\" \/>\n<meta name=\"robots\" content=\"index, follow, max-snippet:-1, max-image-preview:large, max-video-preview:-1\" \/>\n<link rel=\"canonical\" href=\"https:\/\/tdcenter.org\/es\/2022\/03\/13\/die-schrecklichste-reise-meines-lebens\/\" \/>\n<meta property=\"og:locale\" content=\"es_ES\" \/>\n<meta property=\"og:type\" content=\"article\" \/>\n<meta property=\"og:title\" content=\"Die schrecklichste Reise meines Lebens\" \/>\n<meta property=\"og:description\" content=\"Transatlantic Dialogue Center (TDC) is a non-governmental and non-partisan think tank that provides high-quality policy advice to private and public clients. The network of our friends and partners includes government officials, members of parliaments, businessmen, journalists, experts and analysts.\" \/>\n<meta property=\"og:url\" content=\"https:\/\/tdcenter.org\/es\/2022\/03\/13\/die-schrecklichste-reise-meines-lebens\/\" \/>\n<meta property=\"og:site_name\" content=\"Transatlantic Dialogue Center\" \/>\n<meta property=\"article:publisher\" content=\"https:\/\/www.facebook.com\/Transatlantic-Dialogue-Center-105645698740463\" \/>\n<meta property=\"article:published_time\" content=\"2022-03-13T07:05:00+00:00\" \/>\n<meta property=\"article:modified_time\" content=\"2025-08-21T11:54:13+00:00\" \/>\n<meta property=\"og:image\" content=\"https:\/\/tdcenter.org\/wp-content\/uploads\/2022\/03\/image-1.jpg\" \/>\n\t<meta property=\"og:image:width\" content=\"1200\" \/>\n\t<meta property=\"og:image:height\" content=\"675\" \/>\n\t<meta property=\"og:image:type\" content=\"image\/jpeg\" \/>\n<meta name=\"author\" content=\"tdcadmin\" \/>\n<meta name=\"twitter:card\" content=\"summary_large_image\" \/>\n<meta name=\"twitter:label1\" content=\"Escrito por\" \/>\n\t<meta name=\"twitter:data1\" content=\"tdcadmin\" \/>\n\t<meta name=\"twitter:label2\" content=\"Tiempo de lectura\" \/>\n\t<meta name=\"twitter:data2\" content=\"6 minutos\" \/>\n<script type=\"application\/ld+json\" class=\"yoast-schema-graph\">{\"@context\":\"https:\/\/schema.org\",\"@graph\":[{\"@type\":\"Article\",\"@id\":\"https:\/\/tdcenter.org\/2022\/03\/13\/die-schrecklichste-reise-meines-lebens\/#article\",\"isPartOf\":{\"@id\":\"https:\/\/tdcenter.org\/2022\/03\/13\/die-schrecklichste-reise-meines-lebens\/\"},\"author\":{\"name\":\"tdcadmin\",\"@id\":\"https:\/\/tdcenter.org\/#\/schema\/person\/93d6a1a71a5db737f83ae00987761c07\"},\"headline\":\"Die schrecklichste Reise meines Lebens\",\"datePublished\":\"2022-03-13T07:05:00+00:00\",\"dateModified\":\"2025-08-21T11:54:13+00:00\",\"mainEntityOfPage\":{\"@id\":\"https:\/\/tdcenter.org\/2022\/03\/13\/die-schrecklichste-reise-meines-lebens\/\"},\"wordCount\":1169,\"commentCount\":0,\"publisher\":{\"@id\":\"https:\/\/tdcenter.org\/#organization\"},\"image\":{\"@id\":\"https:\/\/tdcenter.org\/2022\/03\/13\/die-schrecklichste-reise-meines-lebens\/#primaryimage\"},\"thumbnailUrl\":\"https:\/\/tdcenter.org\/wp-content\/uploads\/2022\/03\/image-1.jpg\",\"articleSection\":[\"English Analyses\",\"German Analyses\"],\"inLanguage\":\"es\",\"potentialAction\":[{\"@type\":\"CommentAction\",\"name\":\"Comment\",\"target\":[\"https:\/\/tdcenter.org\/2022\/03\/13\/die-schrecklichste-reise-meines-lebens\/#respond\"]}]},{\"@type\":\"WebPage\",\"@id\":\"https:\/\/tdcenter.org\/2022\/03\/13\/die-schrecklichste-reise-meines-lebens\/\",\"url\":\"https:\/\/tdcenter.org\/2022\/03\/13\/die-schrecklichste-reise-meines-lebens\/\",\"name\":\"Die schrecklichste Reise meines Lebens - Transatlantic Dialogue Center\",\"isPartOf\":{\"@id\":\"https:\/\/tdcenter.org\/#website\"},\"primaryImageOfPage\":{\"@id\":\"https:\/\/tdcenter.org\/2022\/03\/13\/die-schrecklichste-reise-meines-lebens\/#primaryimage\"},\"image\":{\"@id\":\"https:\/\/tdcenter.org\/2022\/03\/13\/die-schrecklichste-reise-meines-lebens\/#primaryimage\"},\"thumbnailUrl\":\"https:\/\/tdcenter.org\/wp-content\/uploads\/2022\/03\/image-1.jpg\",\"datePublished\":\"2022-03-13T07:05:00+00:00\",\"dateModified\":\"2025-08-21T11:54:13+00:00\",\"description\":\"Transatlantic Dialogue Center (TDC) is a non-governmental and non-partisan think tank that provides high-quality policy advice to private and public clients. The network of our friends and partners includes government officials, members of parliaments, businessmen, journalists, experts and analysts.\",\"breadcrumb\":{\"@id\":\"https:\/\/tdcenter.org\/2022\/03\/13\/die-schrecklichste-reise-meines-lebens\/#breadcrumb\"},\"inLanguage\":\"es\",\"potentialAction\":[{\"@type\":\"ReadAction\",\"target\":[\"https:\/\/tdcenter.org\/2022\/03\/13\/die-schrecklichste-reise-meines-lebens\/\"]}]},{\"@type\":\"ImageObject\",\"inLanguage\":\"es\",\"@id\":\"https:\/\/tdcenter.org\/2022\/03\/13\/die-schrecklichste-reise-meines-lebens\/#primaryimage\",\"url\":\"https:\/\/tdcenter.org\/wp-content\/uploads\/2022\/03\/image-1.jpg\",\"contentUrl\":\"https:\/\/tdcenter.org\/wp-content\/uploads\/2022\/03\/image-1.jpg\",\"width\":1200,\"height\":675},{\"@type\":\"BreadcrumbList\",\"@id\":\"https:\/\/tdcenter.org\/2022\/03\/13\/die-schrecklichste-reise-meines-lebens\/#breadcrumb\",\"itemListElement\":[{\"@type\":\"ListItem\",\"position\":1,\"name\":\"Home\",\"item\":\"https:\/\/tdcenter.org\/\"},{\"@type\":\"ListItem\",\"position\":2,\"name\":\"Die schrecklichste Reise meines Lebens\"}]},{\"@type\":\"WebSite\",\"@id\":\"https:\/\/tdcenter.org\/#website\",\"url\":\"https:\/\/tdcenter.org\/\",\"name\":\"Transatlantic Dialogue Center\",\"description\":\"Promoting International Peace and Security\",\"publisher\":{\"@id\":\"https:\/\/tdcenter.org\/#organization\"},\"potentialAction\":[{\"@type\":\"SearchAction\",\"target\":{\"@type\":\"EntryPoint\",\"urlTemplate\":\"https:\/\/tdcenter.org\/?s={search_term_string}\"},\"query-input\":{\"@type\":\"PropertyValueSpecification\",\"valueRequired\":true,\"valueName\":\"search_term_string\"}}],\"inLanguage\":\"es\"},{\"@type\":\"Organization\",\"@id\":\"https:\/\/tdcenter.org\/#organization\",\"name\":\"Transatlantic Dialogue Center\",\"url\":\"https:\/\/tdcenter.org\/\",\"logo\":{\"@type\":\"ImageObject\",\"inLanguage\":\"es\",\"@id\":\"https:\/\/tdcenter.org\/#\/schema\/logo\/image\/\",\"url\":\"https:\/\/tdcenter.org\/wp-content\/uploads\/2022\/04\/google.png\",\"contentUrl\":\"https:\/\/tdcenter.org\/wp-content\/uploads\/2022\/04\/google.png\",\"width\":2568,\"height\":2487,\"caption\":\"Transatlantic Dialogue Center\"},\"image\":{\"@id\":\"https:\/\/tdcenter.org\/#\/schema\/logo\/image\/\"},\"sameAs\":[\"https:\/\/www.facebook.com\/Transatlantic-Dialogue-Center-105645698740463\",\"https:\/\/www.youtube.com\/channel\/UCpJuhU4JBfpv_jsldNOc5LA\"]},{\"@type\":\"Person\",\"@id\":\"https:\/\/tdcenter.org\/#\/schema\/person\/93d6a1a71a5db737f83ae00987761c07\",\"name\":\"tdcadmin\",\"image\":{\"@type\":\"ImageObject\",\"inLanguage\":\"es\",\"@id\":\"https:\/\/tdcenter.org\/#\/schema\/person\/image\/\",\"url\":\"https:\/\/tdcenter.org\/wp-content\/litespeed\/avatar\/591094187f87a3c5c4f3f5415d24bd3d.jpg?ver=1777459311\",\"contentUrl\":\"https:\/\/tdcenter.org\/wp-content\/litespeed\/avatar\/591094187f87a3c5c4f3f5415d24bd3d.jpg?ver=1777459311\",\"caption\":\"tdcadmin\"},\"sameAs\":[\"https:\/\/tdcenter.org\"]}]}<\/script>\n<!-- \/ Yoast SEO Premium plugin. -->","yoast_head_json":{"title":"Die schrecklichste Reise meines Lebens - Transatlantic Dialogue Center","description":"Transatlantic Dialogue Center (TDC) is a non-governmental and non-partisan think tank that provides high-quality policy advice to private and public clients. The network of our friends and partners includes government officials, members of parliaments, businessmen, journalists, experts and analysts.","robots":{"index":"index","follow":"follow","max-snippet":"max-snippet:-1","max-image-preview":"max-image-preview:large","max-video-preview":"max-video-preview:-1"},"canonical":"https:\/\/tdcenter.org\/es\/2022\/03\/13\/die-schrecklichste-reise-meines-lebens\/","og_locale":"es_ES","og_type":"article","og_title":"Die schrecklichste Reise meines Lebens","og_description":"Transatlantic Dialogue Center (TDC) is a non-governmental and non-partisan think tank that provides high-quality policy advice to private and public clients. The network of our friends and partners includes government officials, members of parliaments, businessmen, journalists, experts and analysts.","og_url":"https:\/\/tdcenter.org\/es\/2022\/03\/13\/die-schrecklichste-reise-meines-lebens\/","og_site_name":"Transatlantic Dialogue Center","article_publisher":"https:\/\/www.facebook.com\/Transatlantic-Dialogue-Center-105645698740463","article_published_time":"2022-03-13T07:05:00+00:00","article_modified_time":"2025-08-21T11:54:13+00:00","og_image":[{"width":1200,"height":675,"url":"https:\/\/tdcenter.org\/wp-content\/uploads\/2022\/03\/image-1.jpg","type":"image\/jpeg"}],"author":"tdcadmin","twitter_card":"summary_large_image","twitter_misc":{"Escrito por":"tdcadmin","Tiempo de lectura":"6 minutos"},"schema":{"@context":"https:\/\/schema.org","@graph":[{"@type":"Article","@id":"https:\/\/tdcenter.org\/2022\/03\/13\/die-schrecklichste-reise-meines-lebens\/#article","isPartOf":{"@id":"https:\/\/tdcenter.org\/2022\/03\/13\/die-schrecklichste-reise-meines-lebens\/"},"author":{"name":"tdcadmin","@id":"https:\/\/tdcenter.org\/#\/schema\/person\/93d6a1a71a5db737f83ae00987761c07"},"headline":"Die schrecklichste Reise meines Lebens","datePublished":"2022-03-13T07:05:00+00:00","dateModified":"2025-08-21T11:54:13+00:00","mainEntityOfPage":{"@id":"https:\/\/tdcenter.org\/2022\/03\/13\/die-schrecklichste-reise-meines-lebens\/"},"wordCount":1169,"commentCount":0,"publisher":{"@id":"https:\/\/tdcenter.org\/#organization"},"image":{"@id":"https:\/\/tdcenter.org\/2022\/03\/13\/die-schrecklichste-reise-meines-lebens\/#primaryimage"},"thumbnailUrl":"https:\/\/tdcenter.org\/wp-content\/uploads\/2022\/03\/image-1.jpg","articleSection":["English Analyses","German Analyses"],"inLanguage":"es","potentialAction":[{"@type":"CommentAction","name":"Comment","target":["https:\/\/tdcenter.org\/2022\/03\/13\/die-schrecklichste-reise-meines-lebens\/#respond"]}]},{"@type":"WebPage","@id":"https:\/\/tdcenter.org\/2022\/03\/13\/die-schrecklichste-reise-meines-lebens\/","url":"https:\/\/tdcenter.org\/2022\/03\/13\/die-schrecklichste-reise-meines-lebens\/","name":"Die schrecklichste Reise meines Lebens - Transatlantic Dialogue Center","isPartOf":{"@id":"https:\/\/tdcenter.org\/#website"},"primaryImageOfPage":{"@id":"https:\/\/tdcenter.org\/2022\/03\/13\/die-schrecklichste-reise-meines-lebens\/#primaryimage"},"image":{"@id":"https:\/\/tdcenter.org\/2022\/03\/13\/die-schrecklichste-reise-meines-lebens\/#primaryimage"},"thumbnailUrl":"https:\/\/tdcenter.org\/wp-content\/uploads\/2022\/03\/image-1.jpg","datePublished":"2022-03-13T07:05:00+00:00","dateModified":"2025-08-21T11:54:13+00:00","description":"Transatlantic Dialogue Center (TDC) is a non-governmental and non-partisan think tank that provides high-quality policy advice to private and public clients. The network of our friends and partners includes government officials, members of parliaments, businessmen, journalists, experts and analysts.","breadcrumb":{"@id":"https:\/\/tdcenter.org\/2022\/03\/13\/die-schrecklichste-reise-meines-lebens\/#breadcrumb"},"inLanguage":"es","potentialAction":[{"@type":"ReadAction","target":["https:\/\/tdcenter.org\/2022\/03\/13\/die-schrecklichste-reise-meines-lebens\/"]}]},{"@type":"ImageObject","inLanguage":"es","@id":"https:\/\/tdcenter.org\/2022\/03\/13\/die-schrecklichste-reise-meines-lebens\/#primaryimage","url":"https:\/\/tdcenter.org\/wp-content\/uploads\/2022\/03\/image-1.jpg","contentUrl":"https:\/\/tdcenter.org\/wp-content\/uploads\/2022\/03\/image-1.jpg","width":1200,"height":675},{"@type":"BreadcrumbList","@id":"https:\/\/tdcenter.org\/2022\/03\/13\/die-schrecklichste-reise-meines-lebens\/#breadcrumb","itemListElement":[{"@type":"ListItem","position":1,"name":"Home","item":"https:\/\/tdcenter.org\/"},{"@type":"ListItem","position":2,"name":"Die schrecklichste Reise meines Lebens"}]},{"@type":"WebSite","@id":"https:\/\/tdcenter.org\/#website","url":"https:\/\/tdcenter.org\/","name":"Transatlantic Dialogue Center","description":"Promovemos la paz y la seguridad internacionales","publisher":{"@id":"https:\/\/tdcenter.org\/#organization"},"potentialAction":[{"@type":"SearchAction","target":{"@type":"EntryPoint","urlTemplate":"https:\/\/tdcenter.org\/?s={search_term_string}"},"query-input":{"@type":"PropertyValueSpecification","valueRequired":true,"valueName":"search_term_string"}}],"inLanguage":"es"},{"@type":"Organization","@id":"https:\/\/tdcenter.org\/#organization","name":"Transatlantic Dialogue Center","url":"https:\/\/tdcenter.org\/","logo":{"@type":"ImageObject","inLanguage":"es","@id":"https:\/\/tdcenter.org\/#\/schema\/logo\/image\/","url":"https:\/\/tdcenter.org\/wp-content\/uploads\/2022\/04\/google.png","contentUrl":"https:\/\/tdcenter.org\/wp-content\/uploads\/2022\/04\/google.png","width":2568,"height":2487,"caption":"Transatlantic Dialogue Center"},"image":{"@id":"https:\/\/tdcenter.org\/#\/schema\/logo\/image\/"},"sameAs":["https:\/\/www.facebook.com\/Transatlantic-Dialogue-Center-105645698740463","https:\/\/www.youtube.com\/channel\/UCpJuhU4JBfpv_jsldNOc5LA"]},{"@type":"Person","@id":"https:\/\/tdcenter.org\/#\/schema\/person\/93d6a1a71a5db737f83ae00987761c07","name":"tdcadmin","image":{"@type":"ImageObject","inLanguage":"es","@id":"https:\/\/tdcenter.org\/#\/schema\/person\/image\/","url":"https:\/\/tdcenter.org\/wp-content\/litespeed\/avatar\/591094187f87a3c5c4f3f5415d24bd3d.jpg?ver=1777459311","contentUrl":"https:\/\/tdcenter.org\/wp-content\/litespeed\/avatar\/591094187f87a3c5c4f3f5415d24bd3d.jpg?ver=1777459311","caption":"tdcadmin"},"sameAs":["https:\/\/tdcenter.org"]}]}},"mfb_rest_fields":["title","yoast_head","yoast_head_json","gutenberg_elementor_mode"],"_links":{"self":[{"href":"https:\/\/tdcenter.org\/es\/wp-json\/wp\/v2\/posts\/1775","targetHints":{"allow":["GET"]}}],"collection":[{"href":"https:\/\/tdcenter.org\/es\/wp-json\/wp\/v2\/posts"}],"about":[{"href":"https:\/\/tdcenter.org\/es\/wp-json\/wp\/v2\/types\/post"}],"author":[{"embeddable":true,"href":"https:\/\/tdcenter.org\/es\/wp-json\/wp\/v2\/users\/1"}],"replies":[{"embeddable":true,"href":"https:\/\/tdcenter.org\/es\/wp-json\/wp\/v2\/comments?post=1775"}],"version-history":[{"count":1,"href":"https:\/\/tdcenter.org\/es\/wp-json\/wp\/v2\/posts\/1775\/revisions"}],"predecessor-version":[{"id":32045,"href":"https:\/\/tdcenter.org\/es\/wp-json\/wp\/v2\/posts\/1775\/revisions\/32045"}],"wp:featuredmedia":[{"embeddable":true,"href":"https:\/\/tdcenter.org\/es\/wp-json\/wp\/v2\/media\/1776"}],"wp:attachment":[{"href":"https:\/\/tdcenter.org\/es\/wp-json\/wp\/v2\/media?parent=1775"}],"wp:term":[{"taxonomy":"category","embeddable":true,"href":"https:\/\/tdcenter.org\/es\/wp-json\/wp\/v2\/categories?post=1775"},{"taxonomy":"post_tag","embeddable":true,"href":"https:\/\/tdcenter.org\/es\/wp-json\/wp\/v2\/tags?post=1775"},{"taxonomy":"topic","embeddable":true,"href":"https:\/\/tdcenter.org\/es\/wp-json\/wp\/v2\/topic?post=1775"}],"curies":[{"name":"wp","href":"https:\/\/api.w.org\/{rel}","templated":true}]}}