{"id":1421,"date":"2022-03-06T23:01:13","date_gmt":"2022-03-06T21:01:13","guid":{"rendered":"https:\/\/tdcenter.org\/?p=1421"},"modified":"2023-01-11T09:54:14","modified_gmt":"2023-01-11T07:54:14","slug":"6-de-marzo-de-2022-sesion-informativa-diaria","status":"publish","type":"post","link":"https:\/\/tdcenter.org\/es\/2022\/03\/06\/6-de-marzo-de-2022-sesion-informativa-diaria\/","title":{"rendered":"6 de marzo de 2022| Informe diario  \u00a0"},"content":{"rendered":"<p><strong>08.00 <\/strong><\/p>\n\n\n\n<p>El Servicio Estatal de Emergencias informa de que un ataque con misiles rusos contra un sector privado de la ciudad de Ovruch (Zhytomyr oblast, cerca de Kyiv oblast) destruy\u00f3 15 casas privadas, de las cuales 5 quedaron completamente destruidas. En este momento no hay bajas ni heridos.<\/p>\n\n\n\n<figure class=\"wp-block-image size-full\"><img fetchpriority=\"high\" decoding=\"async\" width=\"879\" height=\"426\" src=\"https:\/\/tdcenter.org\/wp-content\/uploads\/2022\/03\/image-44.png\" alt=\"\" class=\"wp-image-1423\" srcset=\"https:\/\/tdcenter.org\/wp-content\/uploads\/2022\/03\/image-44.png 879w, https:\/\/tdcenter.org\/wp-content\/uploads\/2022\/03\/image-44-600x291.png 600w, https:\/\/tdcenter.org\/wp-content\/uploads\/2022\/03\/image-44-768x372.png 768w, https:\/\/tdcenter.org\/wp-content\/uploads\/2022\/03\/image-44-18x9.png 18w\" sizes=\"(max-width: 879px) 100vw, 879px\" \/><\/figure>\n\n\n\n<figure class=\"wp-block-image size-full\"><img decoding=\"async\" width=\"939\" height=\"455\" src=\"https:\/\/tdcenter.org\/wp-content\/uploads\/2022\/03\/image-45.png\" alt=\"\" class=\"wp-image-1424\" srcset=\"https:\/\/tdcenter.org\/wp-content\/uploads\/2022\/03\/image-45.png 939w, https:\/\/tdcenter.org\/wp-content\/uploads\/2022\/03\/image-45-600x291.png 600w, https:\/\/tdcenter.org\/wp-content\/uploads\/2022\/03\/image-45-768x372.png 768w, https:\/\/tdcenter.org\/wp-content\/uploads\/2022\/03\/image-45-18x9.png 18w\" sizes=\"(max-width: 939px) 100vw, 939px\" \/><\/figure>\n\n\n\n<p>Tambi\u00e9n seg\u00fan el Servicio Estatal de Emergencias, los ataques con misiles destruyeron 10 casas en la ciudad de Korosten (Zhytomyr oblast, cerca de Kyiv oblast) durante la noche de 06.03.2022. Hay un v\u00edctimo y dos heridos.<\/p>\n\n\n\n<figure class=\"wp-block-image size-full\"><img decoding=\"async\" width=\"856\" height=\"623\" src=\"https:\/\/tdcenter.org\/wp-content\/uploads\/2022\/03\/image-46.png\" alt=\"\" class=\"wp-image-1425\" srcset=\"https:\/\/tdcenter.org\/wp-content\/uploads\/2022\/03\/image-46.png 856w, https:\/\/tdcenter.org\/wp-content\/uploads\/2022\/03\/image-46-600x437.png 600w, https:\/\/tdcenter.org\/wp-content\/uploads\/2022\/03\/image-46-768x559.png 768w, https:\/\/tdcenter.org\/wp-content\/uploads\/2022\/03\/image-46-16x12.png 16w\" sizes=\"(max-width: 856px) 100vw, 856px\" \/><\/figure>\n\n\n\n<p><strong>09.00<\/strong><\/p>\n\n\n\n<p>El alcalde de Mariupol (Donetsk oblast), Vadym Boychenko, dijo en una entrevista con Dmytro Gordon (famoso periodista ucraniano) que los ocupantes rusos han violado los acuerdos de evacuaci\u00f3n y han tomado como reh\u00e9n a toda la ciudad.<\/p>\n\n\n\n<p>&#8220;Las tropas rusas no tienen el objetivpo a salvar Mariupol: quieren a toda costa &#8220;abrir un corredor terrestre&#8221; desde la Federaci\u00f3n Rusa hasta la ocupada peninsula de Crimea y, al mismo tiempo, mantener como reh\u00e9n a la ciudad de 400.000 habitantes&#8221;, dijo Vadym Boychenko.<\/p>\n\n\n\n<p>El jefe de Mariupol record\u00f3 que el agresor bombardea sin cesar la ciudad desde pr\u00e1cticamente todos los lados con las armas m\u00e1s pesadas. Estaba previsto salvar a los civiles gracias a los acuerdos sobre el llamado &#8220;corredor verde&#8221;, que fueron frustrados por el enemigo.<\/p>\n\n\n\n<figure class=\"wp-block-embed is-type-video is-provider-youtube wp-block-embed-youtube wp-embed-aspect-16-9 wp-has-aspect-ratio\"><div class=\"wp-block-embed__wrapper\">\n<iframe title=\"\u041c\u044d\u0440 \u041c\u0430\u0440\u0438\u0443\u043f\u043e\u043b\u044f \u0411\u043e\u0439\u0447\u0435\u043d\u043a\u043e. \u041c\u0430\u0440\u0438\u0443\u043f\u043e\u043b\u044f \u0431\u043e\u043b\u044c\u0448\u0435 \u043d\u0435\u0442, \u0442\u044b\u0441\u044f\u0447\u0438 \u0443\u0431\u0438\u0442\u044b\u0445 \u0438 \u0440\u0430\u043d\u0435\u043d\u044b\u0445, \u043f\u043e\u043c\u043e\u0433\u0438\u0442\u0435! \u0412 \u0433\u043e\u0441\u0442\u044f\u0445 \u0443 \u0413\u043e\u0440\u0434\u043e\u043d\u0430\" width=\"800\" height=\"450\" src=\"https:\/\/www.youtube.com\/embed\/YKtcOnKIISo?feature=oembed\" frameborder=\"0\" allow=\"accelerometer; autoplay; clipboard-write; encrypted-media; gyroscope; picture-in-picture\" allowfullscreen><\/iframe>\n<\/div><figcaption class=\"wp-element-caption\"><strong>10:00<\/strong><\/figcaption><\/figure>\n\n\n\n<p>En la regi\u00f3n de Kharkiv, dos grupos t\u00e1cticos de ocupantes rusos intentan tomar la ciudad de Izyum. Las tropas rusas bombardearon la ciudad durante la noche y realizaron ataques a\u00e9reos. Los misiles y las bombas golpearon los distritos centrales de Izyum.<\/p>\n\n\n\n<p>Todav\u00eda no hay la informaci\u00f3n sobre las v\u00edctimas, seg\u00fan el Cuartel General de Operaciones de las Fuerzas Conjuntas (un \u00f3rgano especial del Ej\u00e9rcito ucraniano para la region de Donbas donde la guerra dura desde 2014).<\/p>\n\n\n\n<figure class=\"wp-block-image size-full\"><img loading=\"lazy\" decoding=\"async\" width=\"939\" height=\"703\" src=\"https:\/\/tdcenter.org\/wp-content\/uploads\/2022\/03\/image-47.png\" alt=\"\" class=\"wp-image-1426\" srcset=\"https:\/\/tdcenter.org\/wp-content\/uploads\/2022\/03\/image-47.png 939w, https:\/\/tdcenter.org\/wp-content\/uploads\/2022\/03\/image-47-600x449.png 600w, https:\/\/tdcenter.org\/wp-content\/uploads\/2022\/03\/image-47-768x575.png 768w, https:\/\/tdcenter.org\/wp-content\/uploads\/2022\/03\/image-47-16x12.png 16w\" sizes=\"(max-width: 939px) 100vw, 939px\" \/><figcaption class=\"wp-element-caption\"><br><strong>11:00<\/strong><\/figcaption><\/figure>\n\n\n\n<p>Las tropas rusas abrieron fuego contra los civiles que intentaban evacuarse desde la ciudad de Irpen, en la regi\u00f3n de Kyiv, seg\u00fan el corresponsal de Radio Liberty.<\/p>\n\n\n\n<p>Al menos tres personas murieron, entre ellas dos ni\u00f1os, y otra persona se encuentra en estado grave debido a las heridas.<\/p>\n\n\n\n<figure class=\"wp-block-image size-full\"><img loading=\"lazy\" decoding=\"async\" width=\"939\" height=\"528\" src=\"https:\/\/tdcenter.org\/wp-content\/uploads\/2022\/03\/image-48.png\" alt=\"\" class=\"wp-image-1427\" srcset=\"https:\/\/tdcenter.org\/wp-content\/uploads\/2022\/03\/image-48.png 939w, https:\/\/tdcenter.org\/wp-content\/uploads\/2022\/03\/image-48-600x337.png 600w, https:\/\/tdcenter.org\/wp-content\/uploads\/2022\/03\/image-48-768x432.png 768w, https:\/\/tdcenter.org\/wp-content\/uploads\/2022\/03\/image-48-18x10.png 18w\" sizes=\"(max-width: 939px) 100vw, 939px\" \/><figcaption class=\"wp-element-caption\">La situaci\u00f3n en la ciudad de Bucha (en la regi\u00f3n de Kyiv)&nbsp; tambi\u00e9n es dif\u00edcil en este momento. Sus habitantes llevan varios d\u00edas sin electricidad, calefacci\u00f3n, comunicaciones e internet. Los invasores rusos siguen bombardeando todos los barrios de Bucha. As\u00ed lo inform\u00f3 el ayuntamiento de Bucha en Facebook.<br>&nbsp;<br><a href=\"https:\/\/www.facebook.com\/bucharada.gov.ua\/posts\/1822668304606232\">https:\/\/www.facebook.com\/bucharada.gov.ua\/posts\/1822668304606232<\/a><br>&nbsp;<br>&#8220;Es imposible entregar suministros humanitarios: la comunidad est\u00e1 sitiada por el enemigo. Necesitamos apoyo para aguantar y sobrevivir&#8221;, dijo el Ayuntamiento de Bucha en su comunicado.<\/figcaption><\/figure>\n\n\n\n<figure class=\"wp-block-embed is-type-video is-provider-vimeo wp-block-embed-vimeo wp-embed-aspect-16-9 wp-has-aspect-ratio\"><div class=\"wp-block-embed__wrapper\">\n<iframe title=\"Irpin 06.03.2022\" src=\"https:\/\/player.vimeo.com\/video\/685241344?h=a169987bba&amp;dnt=1&amp;app_id=122963\" width=\"800\" height=\"450\" frameborder=\"0\" allow=\"autoplay; fullscreen; picture-in-picture\" allowfullscreen><\/iframe>\n<\/div><\/figure>\n\n\n\n<figure class=\"wp-block-image size-large\"><img loading=\"lazy\" decoding=\"async\" width=\"1024\" height=\"682\" src=\"https:\/\/tdcenter.org\/wp-content\/uploads\/2022\/03\/photo_2022-03-06_13-12-33-2-1024x682.jpg\" alt=\"\" class=\"wp-image-1435\" srcset=\"https:\/\/tdcenter.org\/wp-content\/uploads\/2022\/03\/photo_2022-03-06_13-12-33-2-1024x682.jpg 1024w, https:\/\/tdcenter.org\/wp-content\/uploads\/2022\/03\/photo_2022-03-06_13-12-33-2-600x400.jpg 600w, https:\/\/tdcenter.org\/wp-content\/uploads\/2022\/03\/photo_2022-03-06_13-12-33-2-768x512.jpg 768w, https:\/\/tdcenter.org\/wp-content\/uploads\/2022\/03\/photo_2022-03-06_13-12-33-2-18x12.jpg 18w, https:\/\/tdcenter.org\/wp-content\/uploads\/2022\/03\/photo_2022-03-06_13-12-33-2.jpg 1280w\" sizes=\"(max-width: 1024px) 100vw, 1024px\" \/><\/figure>\n\n\n\n<figure class=\"wp-block-image size-large\"><img loading=\"lazy\" decoding=\"async\" width=\"1024\" height=\"682\" src=\"https:\/\/tdcenter.org\/wp-content\/uploads\/2022\/03\/photo_2022-03-06_13-12-33-1024x682.jpg\" alt=\"\" class=\"wp-image-1434\" srcset=\"https:\/\/tdcenter.org\/wp-content\/uploads\/2022\/03\/photo_2022-03-06_13-12-33-1024x682.jpg 1024w, https:\/\/tdcenter.org\/wp-content\/uploads\/2022\/03\/photo_2022-03-06_13-12-33-600x400.jpg 600w, https:\/\/tdcenter.org\/wp-content\/uploads\/2022\/03\/photo_2022-03-06_13-12-33-768x512.jpg 768w, https:\/\/tdcenter.org\/wp-content\/uploads\/2022\/03\/photo_2022-03-06_13-12-33-18x12.jpg 18w, https:\/\/tdcenter.org\/wp-content\/uploads\/2022\/03\/photo_2022-03-06_13-12-33.jpg 1280w\" sizes=\"(max-width: 1024px) 100vw, 1024px\" \/><\/figure>\n\n\n\n<p><strong>12:00<\/strong><\/p>\n\n\n\n<p>En Nova Kakhovka que est\u00e1 temporalmente ocupada las protestas comenzaron contra los ocupantes rusos.<\/p>\n\n\n\n<figure class=\"wp-block-embed is-type-video is-provider-youtube wp-block-embed-youtube wp-embed-aspect-16-9 wp-has-aspect-ratio\"><div class=\"wp-block-embed__wrapper\">\n<iframe title=\"\u0423 \u0442\u0438\u043c\u0447\u0430\u0441\u043e\u0432\u043e \u043e\u043a\u0443\u043f\u043e\u0432\u0430\u043d\u0456\u0439 \u041d\u043e\u0432\u0456\u0439 \u041a\u0430\u0445\u043e\u0432\u0446\u0456 \u0431\u0430\u0433\u0430\u0442\u043e\u0442\u0438\u0441\u044f\u0447\u043d\u0438\u0439 \u043c\u0456\u0442\u0438\u043d\u0433 \u043f\u0440\u043e\u0442\u0438 \u0440\u043e\u0441\u0456\u0439\u0441\u044c\u043a\u0438\u0445 \u043e\u043a\u0443\u043f\u0430\u043d\u0442\u0456\u0432\" width=\"800\" height=\"450\" src=\"https:\/\/www.youtube.com\/embed\/AGa19xPXAyQ?feature=oembed\" frameborder=\"0\" allow=\"accelerometer; autoplay; clipboard-write; encrypted-media; gyroscope; picture-in-picture\" allowfullscreen><\/iframe>\n<\/div><figcaption class=\"wp-element-caption\"><br><strong>13:00<\/strong><\/figcaption><\/figure>\n\n\n\n<p><strong>Servicio de Seguridad de Ucrania en Kharkiv:<\/strong> El agresor ruso dispar\u00f3 desde m\u00faltiples sistemas de cohetes de lanzamiento &#8220;Grad&#8221; al territorio del Centro Cient\u00edfico Nacional &#8220;Instituto de F\u00edsica y Tecnolog\u00eda de Kharkiv, donde se encuentra la instalaci\u00f3n nuclear &#8220;Fuente de Neutrones&#8221;. En su zona activa se cargan 37 elementos de combustible nuclear.<\/p>\n\n\n\n<p>La destrucci\u00f3n de la instalaci\u00f3n nuclear y de las instalaciones de almacenamiento de materiales nucleares podr\u00eda conducir a una cat\u00e1strofe ambiental a gran escala.<\/p>\n\n\n\n<p><strong>14:00<\/strong><\/p>\n\n\n\n<p>El domingo 6 de marzo, los ocupantes rusos interrumpieron nuevamente el &#8220;corredor humanitario&#8221; en Mariupol. Por segunda vez durante la evacuaci\u00f3n acordada, los invasores empezaron a disparar srg\u00fan los representantes de la Guardia Nacional de Ucrania.<\/p>\n\n\n\n<p><strong>15:00<\/strong><\/p>\n\n\n\n<p>El enemigo lanz\u00f3 8 misiles contra la ciudad de Vinnytsia (central parte de Ucrania) y destruy\u00f3 el aeropuerto all\u00ed. <strong>Serhiy Borzov, jefe de la Administraci\u00f3n Estatal Regional de Vinnytsia<\/strong>, anunci\u00f3 la inflicci\u00f3n de un ataque con misiles en el pueblo de Havryshivka, cerca de Vinnytsia. Los misiles fueron lanzadas desde el buque de guerra ruso en el Mar Negro.<\/p>\n\n\n\n<p>En su discurso urgente, el presidente Volodymyr Zelensky pidi\u00f3 una vez m\u00e1s al Occidente y la OTAN cerrar el espacio a\u00e9reo de Ucrania: <\/p>\n\n\n\n<figure class=\"wp-block-embed is-type-video is-provider-youtube wp-block-embed-youtube wp-embed-aspect-16-9 wp-has-aspect-ratio\"><div class=\"wp-block-embed__wrapper\">\n<iframe title=\"\u0422\u0435\u0440\u043c\u0456\u043d\u043e\u0432\u0435 \u0437\u0432\u0435\u0440\u043d\u0435\u043d\u043d\u044f \u0417\u0435\u043b\u0435\u043d\u0441\u044c\u043a\u043e\u0433\u043e: \u0441\u0432\u0456\u0442 \u043f\u043e\u0432\u0438\u043d\u0435\u043d \u0442\u0435\u0440\u043c\u0456\u043d\u043e\u0432\u043e \u0437\u0430\u043a\u0440\u0438\u0442\u0438 \u043d\u0435\u0431\u043e \u043d\u0430\u0434 \u0423\u043a\u0440\u0430\u0457\u043d\u043e\u044e\" width=\"800\" height=\"450\" src=\"https:\/\/www.youtube.com\/embed\/kOJhRmdT1Bs?feature=oembed\" frameborder=\"0\" allow=\"accelerometer; autoplay; clipboard-write; encrypted-media; gyroscope; picture-in-picture\" allowfullscreen><\/iframe>\n<\/div><\/figure>\n\n\n\n<figure class=\"wp-block-image size-full\"><img loading=\"lazy\" decoding=\"async\" width=\"1004\" height=\"563\" src=\"https:\/\/tdcenter.org\/wp-content\/uploads\/2022\/03\/image-50.png\" alt=\"\" class=\"wp-image-1429\" srcset=\"https:\/\/tdcenter.org\/wp-content\/uploads\/2022\/03\/image-50.png 1004w, https:\/\/tdcenter.org\/wp-content\/uploads\/2022\/03\/image-50-600x336.png 600w, https:\/\/tdcenter.org\/wp-content\/uploads\/2022\/03\/image-50-768x431.png 768w, https:\/\/tdcenter.org\/wp-content\/uploads\/2022\/03\/image-50-18x10.png 18w\" sizes=\"(max-width: 1004px) 100vw, 1004px\" \/><\/figure>\n\n\n\n<p><strong>16:00<\/strong><\/p>\n\n\n\n<p>Muchos edificios residenciales en Kramatorsk (Donetsk oblast) fueron atacados por los ocupantes rusos. Por lo menos dos personas fallecieron, seg\u00fan <strong>el jefe de la Administraci\u00f3n Militar y Civil regional de Donetsk, Pavlo Kyrylenko<\/strong>.<\/p>\n\n\n\n<figure class=\"wp-block-image size-large\"><img loading=\"lazy\" decoding=\"async\" width=\"768\" height=\"1024\" src=\"https:\/\/tdcenter.org\/wp-content\/uploads\/2022\/03\/image-51-768x1024.png\" alt=\"\" class=\"wp-image-1430\" srcset=\"https:\/\/tdcenter.org\/wp-content\/uploads\/2022\/03\/image-51-768x1024.png 768w, https:\/\/tdcenter.org\/wp-content\/uploads\/2022\/03\/image-51-450x600.png 450w, https:\/\/tdcenter.org\/wp-content\/uploads\/2022\/03\/image-51-9x12.png 9w, https:\/\/tdcenter.org\/wp-content\/uploads\/2022\/03\/image-51.png 1004w\" sizes=\"(max-width: 768px) 100vw, 768px\" \/><\/figure>\n\n\n\n<p><strong>18:00<\/strong><\/p>\n\n\n\n<p>Durante la evacuaci\u00f3n de civiles desde la cuidad de Irpin (Kyiv oblast) 8 personas fueron matadas por el bombardeo del \u201ccorridor humanitario\u201d por las tropas rusos, segun <strong>Olexander Markushyn, alcalde de Irpin<\/strong><\/p>\n\n\n\n<figure class=\"wp-block-image size-full\"><img loading=\"lazy\" decoding=\"async\" width=\"1004\" height=\"669\" src=\"https:\/\/tdcenter.org\/wp-content\/uploads\/2022\/03\/image-52.png\" alt=\"\" class=\"wp-image-1431\" srcset=\"https:\/\/tdcenter.org\/wp-content\/uploads\/2022\/03\/image-52.png 1004w, https:\/\/tdcenter.org\/wp-content\/uploads\/2022\/03\/image-52-600x400.png 600w, https:\/\/tdcenter.org\/wp-content\/uploads\/2022\/03\/image-52-768x512.png 768w, https:\/\/tdcenter.org\/wp-content\/uploads\/2022\/03\/image-52-18x12.png 18w\" sizes=\"(max-width: 1004px) 100vw, 1004px\" \/><\/figure>\n\n\n\n<p><strong>19:00<\/strong><\/p>\n\n\n\n<p>Otro ataque a\u00e9reo de los ocupantes rusos tuvo lugar en la ciudad de Kharkiv.<\/p>\n\n\n\n<p><strong>El jefe de la Administraci\u00f3n Estatal Regional de Kharkiv, Oleg Sinegubov<\/strong>, ha informado: Como resultado del ataque del enemigo ruso, la torre de televisi\u00f3n result\u00f3 da\u00f1ada. La transmisi\u00f3n de televisi\u00f3n se suspende temporalmente.<\/p>\n\n\n\n<p><strong>20:00<\/strong><strong><\/strong><\/p>\n\n\n\n<p>La lancha patrullera &#8220;Sloviiansk&#8221; del Ejercito de Ucrania fue atacado por el misil \u201caire &#8211; tierra\u201d del avi\u00f3n ruso y se hundi\u00f3 cerca de la ciudad de Odesa seg\u00fan d<strong>el alcalde de la ciudad de Yuzhne (Odesa oblast) Volodymyr Novatsky.<\/strong><\/p>\n\n\n\n<p><strong>22:00<\/strong><\/p>\n\n\n\n<p>Otra serie de explosiones fuertes tuvo lugar en el centro de Kharkiv. El Consulado Honorario de Azerbaijan fue bombardeado en la calle de Yaroslav Mudryi.<\/p>\n\n\n\n<figure class=\"wp-block-image size-full\"><img loading=\"lazy\" decoding=\"async\" width=\"1004\" height=\"753\" src=\"https:\/\/tdcenter.org\/wp-content\/uploads\/2022\/03\/image-53.png\" alt=\"\" class=\"wp-image-1432\" srcset=\"https:\/\/tdcenter.org\/wp-content\/uploads\/2022\/03\/image-53.png 1004w, https:\/\/tdcenter.org\/wp-content\/uploads\/2022\/03\/image-53-600x450.png 600w, https:\/\/tdcenter.org\/wp-content\/uploads\/2022\/03\/image-53-768x576.png 768w, https:\/\/tdcenter.org\/wp-content\/uploads\/2022\/03\/image-53-16x12.png 16w\" sizes=\"(max-width: 1004px) 100vw, 1004px\" \/><\/figure>\n\n\n\n<figure class=\"wp-block-image size-full\"><img loading=\"lazy\" decoding=\"async\" width=\"1004\" height=\"753\" src=\"https:\/\/tdcenter.org\/wp-content\/uploads\/2022\/03\/image-54.png\" alt=\"\" class=\"wp-image-1433\" srcset=\"https:\/\/tdcenter.org\/wp-content\/uploads\/2022\/03\/image-54.png 1004w, https:\/\/tdcenter.org\/wp-content\/uploads\/2022\/03\/image-54-600x450.png 600w, https:\/\/tdcenter.org\/wp-content\/uploads\/2022\/03\/image-54-768x576.png 768w, https:\/\/tdcenter.org\/wp-content\/uploads\/2022\/03\/image-54-16x12.png 16w\" sizes=\"(max-width: 1004px) 100vw, 1004px\" \/><\/figure>","protected":false},"excerpt":{"rendered":"<p>08.00 El Servicio Estatal de Emergencias informa de que un ataque con misiles rusos contra un sector privado de la ciudad de Ovruch (Zhytomyr oblast, cerca de Kyiv oblast) destruy\u00f3 15 casas privadas, de las cuales 5 quedaron completamente destruidas. En este momento no hay bajas ni heridos. Tambi\u00e9n seg\u00fan el Servicio Estatal de Emergencias, [&hellip;]<\/p>","protected":false},"author":1,"featured_media":1436,"comment_status":"open","ping_status":"open","sticky":false,"template":"","format":"standard","meta":{"footnotes":""},"categories":[1,18],"tags":[],"topic":[],"class_list":["post-1421","post","type-post","status-publish","format-standard","has-post-thumbnail","hentry","category-uncategorized","category-spanish"],"mb":[],"yoast_head":"<!-- This site is optimized with the Yoast SEO Premium plugin v25.6 (Yoast SEO v25.6) - https:\/\/yoast.com\/wordpress\/plugins\/seo\/ -->\n<title>6 de marzo de 2022| Informe diario \u00a0 - Transatlantic Dialogue Center<\/title>\n<meta name=\"description\" content=\"Transatlantic Dialogue Center (TDC) is a non-governmental and non-partisan think tank that provides high-quality policy advice to private and public clients. The network of our friends and partners includes government officials, members of parliaments, businessmen, journalists, experts and analysts.\" \/>\n<meta name=\"robots\" content=\"index, follow, max-snippet:-1, max-image-preview:large, max-video-preview:-1\" \/>\n<link rel=\"canonical\" href=\"https:\/\/tdcenter.org\/es\/2022\/03\/06\/6-de-marzo-de-2022-sesion-informativa-diaria\/\" \/>\n<meta property=\"og:locale\" content=\"es_ES\" \/>\n<meta property=\"og:type\" content=\"article\" \/>\n<meta property=\"og:title\" content=\"6 de marzo de 2022| Informe diario \u00a0\" \/>\n<meta property=\"og:description\" content=\"Transatlantic Dialogue Center (TDC) is a non-governmental and non-partisan think tank that provides high-quality policy advice to private and public clients. The network of our friends and partners includes government officials, members of parliaments, businessmen, journalists, experts and analysts.\" \/>\n<meta property=\"og:url\" content=\"https:\/\/tdcenter.org\/es\/2022\/03\/06\/6-de-marzo-de-2022-sesion-informativa-diaria\/\" \/>\n<meta property=\"og:site_name\" content=\"Transatlantic Dialogue Center\" \/>\n<meta property=\"article:publisher\" content=\"https:\/\/www.facebook.com\/Transatlantic-Dialogue-Center-105645698740463\" \/>\n<meta property=\"article:published_time\" content=\"2022-03-06T21:01:13+00:00\" \/>\n<meta property=\"article:modified_time\" content=\"2023-01-11T07:54:14+00:00\" \/>\n<meta property=\"og:image\" content=\"https:\/\/tdcenter.org\/wp-content\/uploads\/2022\/03\/thumbnail_\u041c\u043e\u043d\u0442\u0430\u0436\u043d\u0430-\u043e\u0431\u043b\u0430\u0441\u0442\u044c-1_\u041c\u043e\u043d\u0442\u0430\u0436\u043d\u0430-\u043e\u0431\u043b\u0430\u0441\u0442\u044c-1_\u041c\u043e\u043d\u0442\u0430\u0436\u043d\u0430-\u043e\u0431\u043b\u0430\u0441\u0442\u044c-1.png\" \/>\n\t<meta property=\"og:image:width\" content=\"3508\" \/>\n\t<meta property=\"og:image:height\" content=\"2481\" \/>\n\t<meta property=\"og:image:type\" content=\"image\/png\" \/>\n<meta name=\"author\" content=\"tdcadmin\" \/>\n<meta name=\"twitter:card\" content=\"summary_large_image\" \/>\n<meta name=\"twitter:label1\" content=\"Escrito por\" \/>\n\t<meta name=\"twitter:data1\" content=\"tdcadmin\" \/>\n\t<meta name=\"twitter:label2\" content=\"Tiempo de lectura\" \/>\n\t<meta name=\"twitter:data2\" content=\"6 minutos\" \/>\n<script type=\"application\/ld+json\" class=\"yoast-schema-graph\">{\"@context\":\"https:\/\/schema.org\",\"@graph\":[{\"@type\":\"Article\",\"@id\":\"https:\/\/tdcenter.org\/2022\/03\/06\/6-de-marzo-de-2022-sesion-informativa-diaria\/#article\",\"isPartOf\":{\"@id\":\"https:\/\/tdcenter.org\/2022\/03\/06\/6-de-marzo-de-2022-sesion-informativa-diaria\/\"},\"author\":{\"name\":\"tdcadmin\",\"@id\":\"https:\/\/tdcenter.org\/#\/schema\/person\/93d6a1a71a5db737f83ae00987761c07\"},\"headline\":\"6 de marzo de 2022| Informe diario \u00a0\",\"datePublished\":\"2022-03-06T21:01:13+00:00\",\"dateModified\":\"2023-01-11T07:54:14+00:00\",\"mainEntityOfPage\":{\"@id\":\"https:\/\/tdcenter.org\/2022\/03\/06\/6-de-marzo-de-2022-sesion-informativa-diaria\/\"},\"wordCount\":872,\"commentCount\":0,\"publisher\":{\"@id\":\"https:\/\/tdcenter.org\/#organization\"},\"image\":{\"@id\":\"https:\/\/tdcenter.org\/2022\/03\/06\/6-de-marzo-de-2022-sesion-informativa-diaria\/#primaryimage\"},\"thumbnailUrl\":\"https:\/\/tdcenter.org\/wp-content\/uploads\/2022\/03\/thumbnail_\u041c\u043e\u043d\u0442\u0430\u0436\u043d\u0430-\u043e\u0431\u043b\u0430\u0441\u0442\u044c-1_\u041c\u043e\u043d\u0442\u0430\u0436\u043d\u0430-\u043e\u0431\u043b\u0430\u0441\u0442\u044c-1_\u041c\u043e\u043d\u0442\u0430\u0436\u043d\u0430-\u043e\u0431\u043b\u0430\u0441\u0442\u044c-1.png\",\"articleSection\":[\"Briefings\",\"Spanish\"],\"inLanguage\":\"es\",\"potentialAction\":[{\"@type\":\"CommentAction\",\"name\":\"Comment\",\"target\":[\"https:\/\/tdcenter.org\/2022\/03\/06\/6-de-marzo-de-2022-sesion-informativa-diaria\/#respond\"]}]},{\"@type\":\"WebPage\",\"@id\":\"https:\/\/tdcenter.org\/2022\/03\/06\/6-de-marzo-de-2022-sesion-informativa-diaria\/\",\"url\":\"https:\/\/tdcenter.org\/2022\/03\/06\/6-de-marzo-de-2022-sesion-informativa-diaria\/\",\"name\":\"6 de marzo de 2022| Informe diario \u00a0 - Transatlantic Dialogue Center\",\"isPartOf\":{\"@id\":\"https:\/\/tdcenter.org\/#website\"},\"primaryImageOfPage\":{\"@id\":\"https:\/\/tdcenter.org\/2022\/03\/06\/6-de-marzo-de-2022-sesion-informativa-diaria\/#primaryimage\"},\"image\":{\"@id\":\"https:\/\/tdcenter.org\/2022\/03\/06\/6-de-marzo-de-2022-sesion-informativa-diaria\/#primaryimage\"},\"thumbnailUrl\":\"https:\/\/tdcenter.org\/wp-content\/uploads\/2022\/03\/thumbnail_\u041c\u043e\u043d\u0442\u0430\u0436\u043d\u0430-\u043e\u0431\u043b\u0430\u0441\u0442\u044c-1_\u041c\u043e\u043d\u0442\u0430\u0436\u043d\u0430-\u043e\u0431\u043b\u0430\u0441\u0442\u044c-1_\u041c\u043e\u043d\u0442\u0430\u0436\u043d\u0430-\u043e\u0431\u043b\u0430\u0441\u0442\u044c-1.png\",\"datePublished\":\"2022-03-06T21:01:13+00:00\",\"dateModified\":\"2023-01-11T07:54:14+00:00\",\"description\":\"Transatlantic Dialogue Center (TDC) is a non-governmental and non-partisan think tank that provides high-quality policy advice to private and public clients. The network of our friends and partners includes government officials, members of parliaments, businessmen, journalists, experts and analysts.\",\"breadcrumb\":{\"@id\":\"https:\/\/tdcenter.org\/2022\/03\/06\/6-de-marzo-de-2022-sesion-informativa-diaria\/#breadcrumb\"},\"inLanguage\":\"es\",\"potentialAction\":[{\"@type\":\"ReadAction\",\"target\":[\"https:\/\/tdcenter.org\/2022\/03\/06\/6-de-marzo-de-2022-sesion-informativa-diaria\/\"]}]},{\"@type\":\"ImageObject\",\"inLanguage\":\"es\",\"@id\":\"https:\/\/tdcenter.org\/2022\/03\/06\/6-de-marzo-de-2022-sesion-informativa-diaria\/#primaryimage\",\"url\":\"https:\/\/tdcenter.org\/wp-content\/uploads\/2022\/03\/thumbnail_\u041c\u043e\u043d\u0442\u0430\u0436\u043d\u0430-\u043e\u0431\u043b\u0430\u0441\u0442\u044c-1_\u041c\u043e\u043d\u0442\u0430\u0436\u043d\u0430-\u043e\u0431\u043b\u0430\u0441\u0442\u044c-1_\u041c\u043e\u043d\u0442\u0430\u0436\u043d\u0430-\u043e\u0431\u043b\u0430\u0441\u0442\u044c-1.png\",\"contentUrl\":\"https:\/\/tdcenter.org\/wp-content\/uploads\/2022\/03\/thumbnail_\u041c\u043e\u043d\u0442\u0430\u0436\u043d\u0430-\u043e\u0431\u043b\u0430\u0441\u0442\u044c-1_\u041c\u043e\u043d\u0442\u0430\u0436\u043d\u0430-\u043e\u0431\u043b\u0430\u0441\u0442\u044c-1_\u041c\u043e\u043d\u0442\u0430\u0436\u043d\u0430-\u043e\u0431\u043b\u0430\u0441\u0442\u044c-1.png\",\"width\":3508,\"height\":2481},{\"@type\":\"BreadcrumbList\",\"@id\":\"https:\/\/tdcenter.org\/2022\/03\/06\/6-de-marzo-de-2022-sesion-informativa-diaria\/#breadcrumb\",\"itemListElement\":[{\"@type\":\"ListItem\",\"position\":1,\"name\":\"Home\",\"item\":\"https:\/\/tdcenter.org\/\"},{\"@type\":\"ListItem\",\"position\":2,\"name\":\"6 de marzo de 2022| Informe diario \u00a0\"}]},{\"@type\":\"WebSite\",\"@id\":\"https:\/\/tdcenter.org\/#website\",\"url\":\"https:\/\/tdcenter.org\/\",\"name\":\"Transatlantic Dialogue Center\",\"description\":\"Promoting International Peace and Security\",\"publisher\":{\"@id\":\"https:\/\/tdcenter.org\/#organization\"},\"potentialAction\":[{\"@type\":\"SearchAction\",\"target\":{\"@type\":\"EntryPoint\",\"urlTemplate\":\"https:\/\/tdcenter.org\/?s={search_term_string}\"},\"query-input\":{\"@type\":\"PropertyValueSpecification\",\"valueRequired\":true,\"valueName\":\"search_term_string\"}}],\"inLanguage\":\"es\"},{\"@type\":\"Organization\",\"@id\":\"https:\/\/tdcenter.org\/#organization\",\"name\":\"Transatlantic Dialogue Center\",\"url\":\"https:\/\/tdcenter.org\/\",\"logo\":{\"@type\":\"ImageObject\",\"inLanguage\":\"es\",\"@id\":\"https:\/\/tdcenter.org\/#\/schema\/logo\/image\/\",\"url\":\"https:\/\/tdcenter.org\/wp-content\/uploads\/2022\/04\/google.png\",\"contentUrl\":\"https:\/\/tdcenter.org\/wp-content\/uploads\/2022\/04\/google.png\",\"width\":2568,\"height\":2487,\"caption\":\"Transatlantic Dialogue Center\"},\"image\":{\"@id\":\"https:\/\/tdcenter.org\/#\/schema\/logo\/image\/\"},\"sameAs\":[\"https:\/\/www.facebook.com\/Transatlantic-Dialogue-Center-105645698740463\",\"https:\/\/www.youtube.com\/channel\/UCpJuhU4JBfpv_jsldNOc5LA\"]},{\"@type\":\"Person\",\"@id\":\"https:\/\/tdcenter.org\/#\/schema\/person\/93d6a1a71a5db737f83ae00987761c07\",\"name\":\"tdcadmin\",\"image\":{\"@type\":\"ImageObject\",\"inLanguage\":\"es\",\"@id\":\"https:\/\/tdcenter.org\/#\/schema\/person\/image\/\",\"url\":\"https:\/\/tdcenter.org\/wp-content\/litespeed\/avatar\/591094187f87a3c5c4f3f5415d24bd3d.jpg?ver=1777459311\",\"contentUrl\":\"https:\/\/tdcenter.org\/wp-content\/litespeed\/avatar\/591094187f87a3c5c4f3f5415d24bd3d.jpg?ver=1777459311\",\"caption\":\"tdcadmin\"},\"sameAs\":[\"https:\/\/tdcenter.org\"]}]}<\/script>\n<!-- \/ Yoast SEO Premium plugin. -->","yoast_head_json":{"title":"6 de marzo de 2022| Informe diario \u00a0 - Transatlantic Dialogue Center","description":"Transatlantic Dialogue Center (TDC) is a non-governmental and non-partisan think tank that provides high-quality policy advice to private and public clients. The network of our friends and partners includes government officials, members of parliaments, businessmen, journalists, experts and analysts.","robots":{"index":"index","follow":"follow","max-snippet":"max-snippet:-1","max-image-preview":"max-image-preview:large","max-video-preview":"max-video-preview:-1"},"canonical":"https:\/\/tdcenter.org\/es\/2022\/03\/06\/6-de-marzo-de-2022-sesion-informativa-diaria\/","og_locale":"es_ES","og_type":"article","og_title":"6 de marzo de 2022| Informe diario \u00a0","og_description":"Transatlantic Dialogue Center (TDC) is a non-governmental and non-partisan think tank that provides high-quality policy advice to private and public clients. The network of our friends and partners includes government officials, members of parliaments, businessmen, journalists, experts and analysts.","og_url":"https:\/\/tdcenter.org\/es\/2022\/03\/06\/6-de-marzo-de-2022-sesion-informativa-diaria\/","og_site_name":"Transatlantic Dialogue Center","article_publisher":"https:\/\/www.facebook.com\/Transatlantic-Dialogue-Center-105645698740463","article_published_time":"2022-03-06T21:01:13+00:00","article_modified_time":"2023-01-11T07:54:14+00:00","og_image":[{"width":3508,"height":2481,"url":"https:\/\/tdcenter.org\/wp-content\/uploads\/2022\/03\/thumbnail_\u041c\u043e\u043d\u0442\u0430\u0436\u043d\u0430-\u043e\u0431\u043b\u0430\u0441\u0442\u044c-1_\u041c\u043e\u043d\u0442\u0430\u0436\u043d\u0430-\u043e\u0431\u043b\u0430\u0441\u0442\u044c-1_\u041c\u043e\u043d\u0442\u0430\u0436\u043d\u0430-\u043e\u0431\u043b\u0430\u0441\u0442\u044c-1.png","type":"image\/png"}],"author":"tdcadmin","twitter_card":"summary_large_image","twitter_misc":{"Escrito por":"tdcadmin","Tiempo de lectura":"6 minutos"},"schema":{"@context":"https:\/\/schema.org","@graph":[{"@type":"Article","@id":"https:\/\/tdcenter.org\/2022\/03\/06\/6-de-marzo-de-2022-sesion-informativa-diaria\/#article","isPartOf":{"@id":"https:\/\/tdcenter.org\/2022\/03\/06\/6-de-marzo-de-2022-sesion-informativa-diaria\/"},"author":{"name":"tdcadmin","@id":"https:\/\/tdcenter.org\/#\/schema\/person\/93d6a1a71a5db737f83ae00987761c07"},"headline":"6 de marzo de 2022| Informe diario \u00a0","datePublished":"2022-03-06T21:01:13+00:00","dateModified":"2023-01-11T07:54:14+00:00","mainEntityOfPage":{"@id":"https:\/\/tdcenter.org\/2022\/03\/06\/6-de-marzo-de-2022-sesion-informativa-diaria\/"},"wordCount":872,"commentCount":0,"publisher":{"@id":"https:\/\/tdcenter.org\/#organization"},"image":{"@id":"https:\/\/tdcenter.org\/2022\/03\/06\/6-de-marzo-de-2022-sesion-informativa-diaria\/#primaryimage"},"thumbnailUrl":"https:\/\/tdcenter.org\/wp-content\/uploads\/2022\/03\/thumbnail_\u041c\u043e\u043d\u0442\u0430\u0436\u043d\u0430-\u043e\u0431\u043b\u0430\u0441\u0442\u044c-1_\u041c\u043e\u043d\u0442\u0430\u0436\u043d\u0430-\u043e\u0431\u043b\u0430\u0441\u0442\u044c-1_\u041c\u043e\u043d\u0442\u0430\u0436\u043d\u0430-\u043e\u0431\u043b\u0430\u0441\u0442\u044c-1.png","articleSection":["Briefings","Spanish"],"inLanguage":"es","potentialAction":[{"@type":"CommentAction","name":"Comment","target":["https:\/\/tdcenter.org\/2022\/03\/06\/6-de-marzo-de-2022-sesion-informativa-diaria\/#respond"]}]},{"@type":"WebPage","@id":"https:\/\/tdcenter.org\/2022\/03\/06\/6-de-marzo-de-2022-sesion-informativa-diaria\/","url":"https:\/\/tdcenter.org\/2022\/03\/06\/6-de-marzo-de-2022-sesion-informativa-diaria\/","name":"6 de marzo de 2022| Informe diario \u00a0 - Transatlantic Dialogue Center","isPartOf":{"@id":"https:\/\/tdcenter.org\/#website"},"primaryImageOfPage":{"@id":"https:\/\/tdcenter.org\/2022\/03\/06\/6-de-marzo-de-2022-sesion-informativa-diaria\/#primaryimage"},"image":{"@id":"https:\/\/tdcenter.org\/2022\/03\/06\/6-de-marzo-de-2022-sesion-informativa-diaria\/#primaryimage"},"thumbnailUrl":"https:\/\/tdcenter.org\/wp-content\/uploads\/2022\/03\/thumbnail_\u041c\u043e\u043d\u0442\u0430\u0436\u043d\u0430-\u043e\u0431\u043b\u0430\u0441\u0442\u044c-1_\u041c\u043e\u043d\u0442\u0430\u0436\u043d\u0430-\u043e\u0431\u043b\u0430\u0441\u0442\u044c-1_\u041c\u043e\u043d\u0442\u0430\u0436\u043d\u0430-\u043e\u0431\u043b\u0430\u0441\u0442\u044c-1.png","datePublished":"2022-03-06T21:01:13+00:00","dateModified":"2023-01-11T07:54:14+00:00","description":"Transatlantic Dialogue Center (TDC) is a non-governmental and non-partisan think tank that provides high-quality policy advice to private and public clients. The network of our friends and partners includes government officials, members of parliaments, businessmen, journalists, experts and analysts.","breadcrumb":{"@id":"https:\/\/tdcenter.org\/2022\/03\/06\/6-de-marzo-de-2022-sesion-informativa-diaria\/#breadcrumb"},"inLanguage":"es","potentialAction":[{"@type":"ReadAction","target":["https:\/\/tdcenter.org\/2022\/03\/06\/6-de-marzo-de-2022-sesion-informativa-diaria\/"]}]},{"@type":"ImageObject","inLanguage":"es","@id":"https:\/\/tdcenter.org\/2022\/03\/06\/6-de-marzo-de-2022-sesion-informativa-diaria\/#primaryimage","url":"https:\/\/tdcenter.org\/wp-content\/uploads\/2022\/03\/thumbnail_\u041c\u043e\u043d\u0442\u0430\u0436\u043d\u0430-\u043e\u0431\u043b\u0430\u0441\u0442\u044c-1_\u041c\u043e\u043d\u0442\u0430\u0436\u043d\u0430-\u043e\u0431\u043b\u0430\u0441\u0442\u044c-1_\u041c\u043e\u043d\u0442\u0430\u0436\u043d\u0430-\u043e\u0431\u043b\u0430\u0441\u0442\u044c-1.png","contentUrl":"https:\/\/tdcenter.org\/wp-content\/uploads\/2022\/03\/thumbnail_\u041c\u043e\u043d\u0442\u0430\u0436\u043d\u0430-\u043e\u0431\u043b\u0430\u0441\u0442\u044c-1_\u041c\u043e\u043d\u0442\u0430\u0436\u043d\u0430-\u043e\u0431\u043b\u0430\u0441\u0442\u044c-1_\u041c\u043e\u043d\u0442\u0430\u0436\u043d\u0430-\u043e\u0431\u043b\u0430\u0441\u0442\u044c-1.png","width":3508,"height":2481},{"@type":"BreadcrumbList","@id":"https:\/\/tdcenter.org\/2022\/03\/06\/6-de-marzo-de-2022-sesion-informativa-diaria\/#breadcrumb","itemListElement":[{"@type":"ListItem","position":1,"name":"Home","item":"https:\/\/tdcenter.org\/"},{"@type":"ListItem","position":2,"name":"6 de marzo de 2022| Informe diario \u00a0"}]},{"@type":"WebSite","@id":"https:\/\/tdcenter.org\/#website","url":"https:\/\/tdcenter.org\/","name":"Transatlantic Dialogue Center","description":"Promovemos la paz y la seguridad internacionales","publisher":{"@id":"https:\/\/tdcenter.org\/#organization"},"potentialAction":[{"@type":"SearchAction","target":{"@type":"EntryPoint","urlTemplate":"https:\/\/tdcenter.org\/?s={search_term_string}"},"query-input":{"@type":"PropertyValueSpecification","valueRequired":true,"valueName":"search_term_string"}}],"inLanguage":"es"},{"@type":"Organization","@id":"https:\/\/tdcenter.org\/#organization","name":"Transatlantic Dialogue Center","url":"https:\/\/tdcenter.org\/","logo":{"@type":"ImageObject","inLanguage":"es","@id":"https:\/\/tdcenter.org\/#\/schema\/logo\/image\/","url":"https:\/\/tdcenter.org\/wp-content\/uploads\/2022\/04\/google.png","contentUrl":"https:\/\/tdcenter.org\/wp-content\/uploads\/2022\/04\/google.png","width":2568,"height":2487,"caption":"Transatlantic Dialogue Center"},"image":{"@id":"https:\/\/tdcenter.org\/#\/schema\/logo\/image\/"},"sameAs":["https:\/\/www.facebook.com\/Transatlantic-Dialogue-Center-105645698740463","https:\/\/www.youtube.com\/channel\/UCpJuhU4JBfpv_jsldNOc5LA"]},{"@type":"Person","@id":"https:\/\/tdcenter.org\/#\/schema\/person\/93d6a1a71a5db737f83ae00987761c07","name":"tdcadmin","image":{"@type":"ImageObject","inLanguage":"es","@id":"https:\/\/tdcenter.org\/#\/schema\/person\/image\/","url":"https:\/\/tdcenter.org\/wp-content\/litespeed\/avatar\/591094187f87a3c5c4f3f5415d24bd3d.jpg?ver=1777459311","contentUrl":"https:\/\/tdcenter.org\/wp-content\/litespeed\/avatar\/591094187f87a3c5c4f3f5415d24bd3d.jpg?ver=1777459311","caption":"tdcadmin"},"sameAs":["https:\/\/tdcenter.org"]}]}},"mfb_rest_fields":["title","yoast_head","yoast_head_json","gutenberg_elementor_mode"],"_links":{"self":[{"href":"https:\/\/tdcenter.org\/es\/wp-json\/wp\/v2\/posts\/1421","targetHints":{"allow":["GET"]}}],"collection":[{"href":"https:\/\/tdcenter.org\/es\/wp-json\/wp\/v2\/posts"}],"about":[{"href":"https:\/\/tdcenter.org\/es\/wp-json\/wp\/v2\/types\/post"}],"author":[{"embeddable":true,"href":"https:\/\/tdcenter.org\/es\/wp-json\/wp\/v2\/users\/1"}],"replies":[{"embeddable":true,"href":"https:\/\/tdcenter.org\/es\/wp-json\/wp\/v2\/comments?post=1421"}],"version-history":[{"count":0,"href":"https:\/\/tdcenter.org\/es\/wp-json\/wp\/v2\/posts\/1421\/revisions"}],"wp:featuredmedia":[{"embeddable":true,"href":"https:\/\/tdcenter.org\/es\/wp-json\/wp\/v2\/media\/1436"}],"wp:attachment":[{"href":"https:\/\/tdcenter.org\/es\/wp-json\/wp\/v2\/media?parent=1421"}],"wp:term":[{"taxonomy":"category","embeddable":true,"href":"https:\/\/tdcenter.org\/es\/wp-json\/wp\/v2\/categories?post=1421"},{"taxonomy":"post_tag","embeddable":true,"href":"https:\/\/tdcenter.org\/es\/wp-json\/wp\/v2\/tags?post=1421"},{"taxonomy":"topic","embeddable":true,"href":"https:\/\/tdcenter.org\/es\/wp-json\/wp\/v2\/topic?post=1421"}],"curies":[{"name":"wp","href":"https:\/\/api.w.org\/{rel}","templated":true}]}}