{"id":7390,"date":"2022-12-09T16:39:55","date_gmt":"2022-12-09T14:39:55","guid":{"rendered":"https:\/\/tdcenter.org\/?p=7390"},"modified":"2025-08-05T16:44:21","modified_gmt":"2025-08-05T13:44:21","slug":"taira-paramedic-and-volunteer-perspective-on-war","status":"publish","type":"post","link":"https:\/\/tdcenter.org\/de\/2022\/12\/09\/taira-paramedic-and-volunteer-perspective-on-war\/","title":{"rendered":"Treffen mit Taira im TDC: Sichtweise von der Sanit\u00e4terin und Freiwilligen auf den Krieg"},"content":{"rendered":"<p>Das TDC-Team arbeitet weiter an der Dokumentation der Aussagen ukrainischer Frauen, ihrer Gedanken und Erfahrungen w\u00e4hrend des Krieges in der Ukraine. <\/p>\n\n\n\n<p>Diesmal begr\u00fc\u00dften wir Julija \"Tajra\" Pajewska, die ukrainische Sanit\u00e4terin und Freiwillige, die sich seit mehreren Monaten in russischer Gefangenschaft befand. Ihre Geschichte unterscheidet sich von der von Frau Aljona Werbyzka, unserem vorherigen Gast, aber die Kerne der Geschichten, die sie beide erz\u00e4hlen, sind die gleichen - sie sprechen von Tapferkeit, Selbstaufopferung, Hingabe und W\u00fcrde.<\/p>\n\n\n\n<p>Taira ist ber\u00fchmt f\u00fcr das Filmmaterial, das sie aus Mariupol weggebracht hat, der Stadt, die 80 Tage lang belagert wurde und in der Tausende von Zivilisten und K\u00e4mpfern get\u00f6tet wurden, und wo sie ankam, um bei der Evakuierung der Zivilisten zu helfen. Die von ihr geschmuggelten Aufnahmen belegen die von der russischen Armee in Mariupol begangenen Kriegsverbrechen und zeigen die Lebenswirklichkeit in der vom Krieg gezeichneten Stadt. <\/p>\n\n\n\n<p><\/p>\n\n\n<div class=\"wp-block-image\">\n<figure class=\"aligncenter size-full is-resized\"><img fetchpriority=\"high\" decoding=\"async\" src=\"https:\/\/tdcenter.org\/wp-content\/uploads\/2022\/12\/photo2-scaled.jpg\" alt=\"\" class=\"wp-image-7401\" width=\"723\" height=\"542\" srcset=\"https:\/\/tdcenter.org\/wp-content\/uploads\/2022\/12\/photo2-scaled.jpg 1200w, https:\/\/tdcenter.org\/wp-content\/uploads\/2022\/12\/photo2-600x450.jpg 600w, https:\/\/tdcenter.org\/wp-content\/uploads\/2022\/12\/photo2-1024x768.jpg 1024w, https:\/\/tdcenter.org\/wp-content\/uploads\/2022\/12\/photo2-768x576.jpg 768w\" sizes=\"(max-width: 723px) 100vw, 723px\" \/><\/figure>\n<\/div>\n\n\n<p>Sie wurde zusammen mit ihrem Kollegen von den Russen gefangen genommen und als Kriegsgefangene in einem der Gefangenenlager festgehalten, obwohl sie keine K\u00e4mpferin war. Die russischen Medien versuchten, sie als extreme Nationalistin darzustellen, wobei diese Behauptung nichts mit der Realit\u00e4t zu tun hatte.<\/p>\n\n\n\n<p>Sie war drei Monate in Gefangenschaft, wo sie schweren Misshandlungen wie regelm\u00e4\u00dfigen Schl\u00e4gen ausgesetzt war. Au\u00dferdem wurde sie der ben\u00f6tigten medizinische Hilfe verwehrt. <\/p>\n\n\n\n<p>Das TDC bewundert die Selbstaufopferung und Entschlossenheit, die ukrainische Frauen w\u00e4hrend des blutigen Konflikts auf dem Territorium unseres Landes gezeigt haben, und ruft die internationale Gemeinschaft auf, den Druck auf Russland zu erh\u00f6hen.<\/p>","protected":false},"excerpt":{"rendered":"<p>TDC team continues working on documenting the testimonies of Ukrainian women, their thoughts and experiences, during the war in Ukraine. This time we welcomed Yuliia &#8220;Taira&#8221; Paievska, the Ukrainian paramedic and volunteer, who has been held in Russian captivity for several months. Her story differs from the one of Ms Aliona Verbytska, our previous guest, [&hellip;]<\/p>","protected":false},"author":5,"featured_media":7401,"comment_status":"open","ping_status":"open","sticky":false,"template":"","format":"standard","meta":{"footnotes":""},"categories":[25,104],"tags":[],"topic":[],"class_list":["post-7390","post","type-post","status-publish","format-standard","has-post-thumbnail","hentry","category-events","category-spain-and-latin-america-cooperation-program-events"],"mb":[],"yoast_head":"<!-- This site is optimized with the Yoast SEO Premium plugin v25.6 (Yoast SEO v25.6) - https:\/\/yoast.com\/wordpress\/plugins\/seo\/ -->\n<title>Meeting Taira at TDC: Paramedic and Volunteer Perspective on War - Transatlantic Dialogue Center<\/title>\n<meta name=\"description\" content=\"Join us for a compelling discussion with Taira, a paramedic and dedicated volunteer who will share her unique perspective on the realities of war. Learn about her experiences on the front lines, providing critical medical assistance and support to those affected by conflict. Gain valuable insights into the challenges, triumphs, and humanitarian efforts amidst the ongoing war.\" \/>\n<meta name=\"robots\" content=\"index, follow, max-snippet:-1, max-image-preview:large, max-video-preview:-1\" \/>\n<link rel=\"canonical\" href=\"https:\/\/tdcenter.org\/de\/2022\/12\/09\/taira-paramedic-and-volunteer-perspective-on-war\/\" \/>\n<meta property=\"og:locale\" content=\"de_DE\" \/>\n<meta property=\"og:type\" content=\"article\" \/>\n<meta property=\"og:title\" content=\"Meeting Taira at TDC: Paramedic and Volunteer Perspective on War\" \/>\n<meta property=\"og:description\" content=\"Transatlantic Dialogue Center (TDC) is a non-governmental and non-partisan think tank that provides high-quality policy advice to private and public clients. The network of our friends and partners includes government officials, members of parliaments, businessmen, journalists, experts and analysts.\" \/>\n<meta property=\"og:url\" content=\"https:\/\/tdcenter.org\/de\/2022\/12\/09\/taira-paramedic-and-volunteer-perspective-on-war\/\" \/>\n<meta property=\"og:site_name\" content=\"Transatlantic Dialogue Center\" \/>\n<meta property=\"article:publisher\" content=\"https:\/\/www.facebook.com\/Transatlantic-Dialogue-Center-105645698740463\" \/>\n<meta property=\"article:published_time\" content=\"2022-12-09T14:39:55+00:00\" \/>\n<meta property=\"article:modified_time\" content=\"2025-08-05T13:44:21+00:00\" \/>\n<meta property=\"og:image\" content=\"https:\/\/tdcenter.org\/wp-content\/uploads\/2022\/12\/photo2-scaled.jpg\" \/>\n\t<meta property=\"og:image:width\" content=\"1200\" \/>\n\t<meta property=\"og:image:height\" content=\"900\" \/>\n\t<meta property=\"og:image:type\" content=\"image\/jpeg\" \/>\n<meta name=\"author\" content=\"Daryna Sydorenko\" \/>\n<meta name=\"twitter:card\" content=\"summary_large_image\" \/>\n<meta name=\"twitter:label1\" content=\"Verfasst von\" \/>\n\t<meta name=\"twitter:data1\" content=\"Daryna Sydorenko\" \/>\n\t<meta name=\"twitter:label2\" content=\"Gesch\u00e4tzte Lesezeit\" \/>\n\t<meta name=\"twitter:data2\" content=\"2\u00a0Minuten\" \/>\n<script type=\"application\/ld+json\" class=\"yoast-schema-graph\">{\"@context\":\"https:\/\/schema.org\",\"@graph\":[{\"@type\":\"Article\",\"@id\":\"https:\/\/tdcenter.org\/2022\/12\/09\/taira-paramedic-and-volunteer-perspective-on-war\/#article\",\"isPartOf\":{\"@id\":\"https:\/\/tdcenter.org\/2022\/12\/09\/taira-paramedic-and-volunteer-perspective-on-war\/\"},\"author\":{\"name\":\"Daryna Sydorenko\",\"@id\":\"https:\/\/tdcenter.org\/#\/schema\/person\/98e2f5bb6c890bd0e4fb5c6144121453\"},\"headline\":\"Meeting Taira at TDC: Paramedic and Volunteer Perspective on War\",\"datePublished\":\"2022-12-09T14:39:55+00:00\",\"dateModified\":\"2025-08-05T13:44:21+00:00\",\"mainEntityOfPage\":{\"@id\":\"https:\/\/tdcenter.org\/2022\/12\/09\/taira-paramedic-and-volunteer-perspective-on-war\/\"},\"wordCount\":253,\"commentCount\":0,\"publisher\":{\"@id\":\"https:\/\/tdcenter.org\/#organization\"},\"image\":{\"@id\":\"https:\/\/tdcenter.org\/2022\/12\/09\/taira-paramedic-and-volunteer-perspective-on-war\/#primaryimage\"},\"thumbnailUrl\":\"https:\/\/tdcenter.org\/wp-content\/uploads\/2022\/12\/photo2-scaled.jpg\",\"articleSection\":[\"Events\",\"Events-Spain and Latin America Cooperation Program\"],\"inLanguage\":\"de\",\"potentialAction\":[{\"@type\":\"CommentAction\",\"name\":\"Comment\",\"target\":[\"https:\/\/tdcenter.org\/2022\/12\/09\/taira-paramedic-and-volunteer-perspective-on-war\/#respond\"]}]},{\"@type\":\"WebPage\",\"@id\":\"https:\/\/tdcenter.org\/2022\/12\/09\/taira-paramedic-and-volunteer-perspective-on-war\/\",\"url\":\"https:\/\/tdcenter.org\/2022\/12\/09\/taira-paramedic-and-volunteer-perspective-on-war\/\",\"name\":\"Meeting Taira at TDC: Paramedic and Volunteer Perspective on War - Transatlantic Dialogue Center\",\"isPartOf\":{\"@id\":\"https:\/\/tdcenter.org\/#website\"},\"primaryImageOfPage\":{\"@id\":\"https:\/\/tdcenter.org\/2022\/12\/09\/taira-paramedic-and-volunteer-perspective-on-war\/#primaryimage\"},\"image\":{\"@id\":\"https:\/\/tdcenter.org\/2022\/12\/09\/taira-paramedic-and-volunteer-perspective-on-war\/#primaryimage\"},\"thumbnailUrl\":\"https:\/\/tdcenter.org\/wp-content\/uploads\/2022\/12\/photo2-scaled.jpg\",\"datePublished\":\"2022-12-09T14:39:55+00:00\",\"dateModified\":\"2025-08-05T13:44:21+00:00\",\"description\":\"Join us for a compelling discussion with Taira, a paramedic and dedicated volunteer who will share her unique perspective on the realities of war. Learn about her experiences on the front lines, providing critical medical assistance and support to those affected by conflict. Gain valuable insights into the challenges, triumphs, and humanitarian efforts amidst the ongoing war.\",\"breadcrumb\":{\"@id\":\"https:\/\/tdcenter.org\/2022\/12\/09\/taira-paramedic-and-volunteer-perspective-on-war\/#breadcrumb\"},\"inLanguage\":\"de\",\"potentialAction\":[{\"@type\":\"ReadAction\",\"target\":[\"https:\/\/tdcenter.org\/2022\/12\/09\/taira-paramedic-and-volunteer-perspective-on-war\/\"]}]},{\"@type\":\"ImageObject\",\"inLanguage\":\"de\",\"@id\":\"https:\/\/tdcenter.org\/2022\/12\/09\/taira-paramedic-and-volunteer-perspective-on-war\/#primaryimage\",\"url\":\"https:\/\/tdcenter.org\/wp-content\/uploads\/2022\/12\/photo2-scaled.jpg\",\"contentUrl\":\"https:\/\/tdcenter.org\/wp-content\/uploads\/2022\/12\/photo2-scaled.jpg\",\"width\":1200,\"height\":900},{\"@type\":\"BreadcrumbList\",\"@id\":\"https:\/\/tdcenter.org\/2022\/12\/09\/taira-paramedic-and-volunteer-perspective-on-war\/#breadcrumb\",\"itemListElement\":[{\"@type\":\"ListItem\",\"position\":1,\"name\":\"Home\",\"item\":\"https:\/\/tdcenter.org\/\"},{\"@type\":\"ListItem\",\"position\":2,\"name\":\"Meeting Taira at TDC: Paramedic and Volunteer Perspective on War\"}]},{\"@type\":\"WebSite\",\"@id\":\"https:\/\/tdcenter.org\/#website\",\"url\":\"https:\/\/tdcenter.org\/\",\"name\":\"Transatlantic Dialogue Center\",\"description\":\"Promoting International Peace and Security\",\"publisher\":{\"@id\":\"https:\/\/tdcenter.org\/#organization\"},\"potentialAction\":[{\"@type\":\"SearchAction\",\"target\":{\"@type\":\"EntryPoint\",\"urlTemplate\":\"https:\/\/tdcenter.org\/?s={search_term_string}\"},\"query-input\":{\"@type\":\"PropertyValueSpecification\",\"valueRequired\":true,\"valueName\":\"search_term_string\"}}],\"inLanguage\":\"de\"},{\"@type\":\"Organization\",\"@id\":\"https:\/\/tdcenter.org\/#organization\",\"name\":\"Transatlantic Dialogue Center\",\"url\":\"https:\/\/tdcenter.org\/\",\"logo\":{\"@type\":\"ImageObject\",\"inLanguage\":\"de\",\"@id\":\"https:\/\/tdcenter.org\/#\/schema\/logo\/image\/\",\"url\":\"https:\/\/tdcenter.org\/wp-content\/uploads\/2022\/04\/google.png\",\"contentUrl\":\"https:\/\/tdcenter.org\/wp-content\/uploads\/2022\/04\/google.png\",\"width\":2568,\"height\":2487,\"caption\":\"Transatlantic Dialogue Center\"},\"image\":{\"@id\":\"https:\/\/tdcenter.org\/#\/schema\/logo\/image\/\"},\"sameAs\":[\"https:\/\/www.facebook.com\/Transatlantic-Dialogue-Center-105645698740463\",\"https:\/\/www.youtube.com\/channel\/UCpJuhU4JBfpv_jsldNOc5LA\"]},{\"@type\":\"Person\",\"@id\":\"https:\/\/tdcenter.org\/#\/schema\/person\/98e2f5bb6c890bd0e4fb5c6144121453\",\"name\":\"Daryna Sydorenko\",\"image\":{\"@type\":\"ImageObject\",\"inLanguage\":\"de\",\"@id\":\"https:\/\/tdcenter.org\/#\/schema\/person\/image\/\",\"url\":\"https:\/\/tdcenter.org\/wp-content\/litespeed\/avatar\/40d038af669f9cfc00b3b9871d53682e.jpg?ver=1777459310\",\"contentUrl\":\"https:\/\/tdcenter.org\/wp-content\/litespeed\/avatar\/40d038af669f9cfc00b3b9871d53682e.jpg?ver=1777459310\",\"caption\":\"Daryna Sydorenko\"}}]}<\/script>\n<!-- \/ Yoast SEO Premium plugin. -->","yoast_head_json":{"title":"Meeting Taira at TDC: Paramedic and Volunteer Perspective on War - Transatlantic Dialogue Center","description":"Join us for a compelling discussion with Taira, a paramedic and dedicated volunteer who will share her unique perspective on the realities of war. Learn about her experiences on the front lines, providing critical medical assistance and support to those affected by conflict. Gain valuable insights into the challenges, triumphs, and humanitarian efforts amidst the ongoing war.","robots":{"index":"index","follow":"follow","max-snippet":"max-snippet:-1","max-image-preview":"max-image-preview:large","max-video-preview":"max-video-preview:-1"},"canonical":"https:\/\/tdcenter.org\/de\/2022\/12\/09\/taira-paramedic-and-volunteer-perspective-on-war\/","og_locale":"de_DE","og_type":"article","og_title":"Meeting Taira at TDC: Paramedic and Volunteer Perspective on War","og_description":"Transatlantic Dialogue Center (TDC) is a non-governmental and non-partisan think tank that provides high-quality policy advice to private and public clients. The network of our friends and partners includes government officials, members of parliaments, businessmen, journalists, experts and analysts.","og_url":"https:\/\/tdcenter.org\/de\/2022\/12\/09\/taira-paramedic-and-volunteer-perspective-on-war\/","og_site_name":"Transatlantic Dialogue Center","article_publisher":"https:\/\/www.facebook.com\/Transatlantic-Dialogue-Center-105645698740463","article_published_time":"2022-12-09T14:39:55+00:00","article_modified_time":"2025-08-05T13:44:21+00:00","og_image":[{"width":1200,"height":900,"url":"https:\/\/tdcenter.org\/wp-content\/uploads\/2022\/12\/photo2-scaled.jpg","type":"image\/jpeg"}],"author":"Daryna Sydorenko","twitter_card":"summary_large_image","twitter_misc":{"Verfasst von":"Daryna Sydorenko","Gesch\u00e4tzte Lesezeit":"2\u00a0Minuten"},"schema":{"@context":"https:\/\/schema.org","@graph":[{"@type":"Article","@id":"https:\/\/tdcenter.org\/2022\/12\/09\/taira-paramedic-and-volunteer-perspective-on-war\/#article","isPartOf":{"@id":"https:\/\/tdcenter.org\/2022\/12\/09\/taira-paramedic-and-volunteer-perspective-on-war\/"},"author":{"name":"Daryna Sydorenko","@id":"https:\/\/tdcenter.org\/#\/schema\/person\/98e2f5bb6c890bd0e4fb5c6144121453"},"headline":"Meeting Taira at TDC: Paramedic and Volunteer Perspective on War","datePublished":"2022-12-09T14:39:55+00:00","dateModified":"2025-08-05T13:44:21+00:00","mainEntityOfPage":{"@id":"https:\/\/tdcenter.org\/2022\/12\/09\/taira-paramedic-and-volunteer-perspective-on-war\/"},"wordCount":253,"commentCount":0,"publisher":{"@id":"https:\/\/tdcenter.org\/#organization"},"image":{"@id":"https:\/\/tdcenter.org\/2022\/12\/09\/taira-paramedic-and-volunteer-perspective-on-war\/#primaryimage"},"thumbnailUrl":"https:\/\/tdcenter.org\/wp-content\/uploads\/2022\/12\/photo2-scaled.jpg","articleSection":["Events","Events-Spain and Latin America Cooperation Program"],"inLanguage":"de","potentialAction":[{"@type":"CommentAction","name":"Comment","target":["https:\/\/tdcenter.org\/2022\/12\/09\/taira-paramedic-and-volunteer-perspective-on-war\/#respond"]}]},{"@type":"WebPage","@id":"https:\/\/tdcenter.org\/2022\/12\/09\/taira-paramedic-and-volunteer-perspective-on-war\/","url":"https:\/\/tdcenter.org\/2022\/12\/09\/taira-paramedic-and-volunteer-perspective-on-war\/","name":"Meeting Taira at TDC: Paramedic and Volunteer Perspective on War - Transatlantic Dialogue Center","isPartOf":{"@id":"https:\/\/tdcenter.org\/#website"},"primaryImageOfPage":{"@id":"https:\/\/tdcenter.org\/2022\/12\/09\/taira-paramedic-and-volunteer-perspective-on-war\/#primaryimage"},"image":{"@id":"https:\/\/tdcenter.org\/2022\/12\/09\/taira-paramedic-and-volunteer-perspective-on-war\/#primaryimage"},"thumbnailUrl":"https:\/\/tdcenter.org\/wp-content\/uploads\/2022\/12\/photo2-scaled.jpg","datePublished":"2022-12-09T14:39:55+00:00","dateModified":"2025-08-05T13:44:21+00:00","description":"Join us for a compelling discussion with Taira, a paramedic and dedicated volunteer who will share her unique perspective on the realities of war. Learn about her experiences on the front lines, providing critical medical assistance and support to those affected by conflict. Gain valuable insights into the challenges, triumphs, and humanitarian efforts amidst the ongoing war.","breadcrumb":{"@id":"https:\/\/tdcenter.org\/2022\/12\/09\/taira-paramedic-and-volunteer-perspective-on-war\/#breadcrumb"},"inLanguage":"de","potentialAction":[{"@type":"ReadAction","target":["https:\/\/tdcenter.org\/2022\/12\/09\/taira-paramedic-and-volunteer-perspective-on-war\/"]}]},{"@type":"ImageObject","inLanguage":"de","@id":"https:\/\/tdcenter.org\/2022\/12\/09\/taira-paramedic-and-volunteer-perspective-on-war\/#primaryimage","url":"https:\/\/tdcenter.org\/wp-content\/uploads\/2022\/12\/photo2-scaled.jpg","contentUrl":"https:\/\/tdcenter.org\/wp-content\/uploads\/2022\/12\/photo2-scaled.jpg","width":1200,"height":900},{"@type":"BreadcrumbList","@id":"https:\/\/tdcenter.org\/2022\/12\/09\/taira-paramedic-and-volunteer-perspective-on-war\/#breadcrumb","itemListElement":[{"@type":"ListItem","position":1,"name":"Home","item":"https:\/\/tdcenter.org\/"},{"@type":"ListItem","position":2,"name":"Meeting Taira at TDC: Paramedic and Volunteer Perspective on War"}]},{"@type":"WebSite","@id":"https:\/\/tdcenter.org\/#website","url":"https:\/\/tdcenter.org\/","name":"Transatlantic Dialogue Center","description":"F\u00f6rderung des internationalen Friedens und der Sicherheit","publisher":{"@id":"https:\/\/tdcenter.org\/#organization"},"potentialAction":[{"@type":"SearchAction","target":{"@type":"EntryPoint","urlTemplate":"https:\/\/tdcenter.org\/?s={search_term_string}"},"query-input":{"@type":"PropertyValueSpecification","valueRequired":true,"valueName":"search_term_string"}}],"inLanguage":"de"},{"@type":"Organization","@id":"https:\/\/tdcenter.org\/#organization","name":"Transatlantic Dialogue Center","url":"https:\/\/tdcenter.org\/","logo":{"@type":"ImageObject","inLanguage":"de","@id":"https:\/\/tdcenter.org\/#\/schema\/logo\/image\/","url":"https:\/\/tdcenter.org\/wp-content\/uploads\/2022\/04\/google.png","contentUrl":"https:\/\/tdcenter.org\/wp-content\/uploads\/2022\/04\/google.png","width":2568,"height":2487,"caption":"Transatlantic Dialogue Center"},"image":{"@id":"https:\/\/tdcenter.org\/#\/schema\/logo\/image\/"},"sameAs":["https:\/\/www.facebook.com\/Transatlantic-Dialogue-Center-105645698740463","https:\/\/www.youtube.com\/channel\/UCpJuhU4JBfpv_jsldNOc5LA"]},{"@type":"Person","@id":"https:\/\/tdcenter.org\/#\/schema\/person\/98e2f5bb6c890bd0e4fb5c6144121453","name":"Daryna Sydorenko","image":{"@type":"ImageObject","inLanguage":"de","@id":"https:\/\/tdcenter.org\/#\/schema\/person\/image\/","url":"https:\/\/tdcenter.org\/wp-content\/litespeed\/avatar\/40d038af669f9cfc00b3b9871d53682e.jpg?ver=1777459310","contentUrl":"https:\/\/tdcenter.org\/wp-content\/litespeed\/avatar\/40d038af669f9cfc00b3b9871d53682e.jpg?ver=1777459310","caption":"Daryna Sydorenko"}}]}},"mfb_rest_fields":["title","yoast_head","yoast_head_json","gutenberg_elementor_mode"],"_links":{"self":[{"href":"https:\/\/tdcenter.org\/de\/wp-json\/wp\/v2\/posts\/7390","targetHints":{"allow":["GET"]}}],"collection":[{"href":"https:\/\/tdcenter.org\/de\/wp-json\/wp\/v2\/posts"}],"about":[{"href":"https:\/\/tdcenter.org\/de\/wp-json\/wp\/v2\/types\/post"}],"author":[{"embeddable":true,"href":"https:\/\/tdcenter.org\/de\/wp-json\/wp\/v2\/users\/5"}],"replies":[{"embeddable":true,"href":"https:\/\/tdcenter.org\/de\/wp-json\/wp\/v2\/comments?post=7390"}],"version-history":[{"count":1,"href":"https:\/\/tdcenter.org\/de\/wp-json\/wp\/v2\/posts\/7390\/revisions"}],"predecessor-version":[{"id":31107,"href":"https:\/\/tdcenter.org\/de\/wp-json\/wp\/v2\/posts\/7390\/revisions\/31107"}],"wp:featuredmedia":[{"embeddable":true,"href":"https:\/\/tdcenter.org\/de\/wp-json\/wp\/v2\/media\/7401"}],"wp:attachment":[{"href":"https:\/\/tdcenter.org\/de\/wp-json\/wp\/v2\/media?parent=7390"}],"wp:term":[{"taxonomy":"category","embeddable":true,"href":"https:\/\/tdcenter.org\/de\/wp-json\/wp\/v2\/categories?post=7390"},{"taxonomy":"post_tag","embeddable":true,"href":"https:\/\/tdcenter.org\/de\/wp-json\/wp\/v2\/tags?post=7390"},{"taxonomy":"topic","embeddable":true,"href":"https:\/\/tdcenter.org\/de\/wp-json\/wp\/v2\/topic?post=7390"}],"curies":[{"name":"wp","href":"https:\/\/api.w.org\/{rel}","templated":true}]}}