{"id":6294,"date":"2022-08-31T17:07:14","date_gmt":"2022-08-31T14:07:14","guid":{"rendered":"https:\/\/tdcenter.org\/?p=6294"},"modified":"2025-08-05T16:51:17","modified_gmt":"2025-08-05T13:51:17","slug":"tdc-president-speaks-up-in-political-festival-of-europe","status":"publish","type":"post","link":"https:\/\/tdcenter.org\/de\/2022\/08\/31\/tdc-president-speaks-up-in-political-festival-of-europe\/","title":{"rendered":"TDC-Pr\u00e4sident h\u00e4lt eine Rede auf dem Politischen Festival von Europa"},"content":{"rendered":"<p>Am 25. August besuchte der Pr\u00e4sident des TDC Maksym Skryptschenko das Politische Festival von Europa, ein j\u00e4hrlich stattfindendes Demokratiefestival, das darauf abzielt, die B\u00fcrgerinnen und B\u00fcrger Europas vier Tage lang zu versammeln, um \u00fcber Politik zu diskutieren und die reiche Geschichte und das kulturelle Erbe Europas zu entdecken.<\/p>\n\n\n<div class=\"wp-block-image\">\n<figure class=\"alignleft size-large is-resized\"><img fetchpriority=\"high\" decoding=\"async\" src=\"https:\/\/tdcenter.org\/wp-content\/uploads\/2022\/08\/image-63-1024x577.png\" alt=\"\" class=\"wp-image-6296\" width=\"452\" height=\"255\" srcset=\"https:\/\/tdcenter.org\/wp-content\/uploads\/2022\/08\/image-63-1024x577.png 1024w, https:\/\/tdcenter.org\/wp-content\/uploads\/2022\/08\/image-63-600x338.png 600w, https:\/\/tdcenter.org\/wp-content\/uploads\/2022\/08\/image-63-768x433.png 768w, https:\/\/tdcenter.org\/wp-content\/uploads\/2022\/08\/image-63-1536x865.png 1536w, https:\/\/tdcenter.org\/wp-content\/uploads\/2022\/08\/image-63-18x10.png 18w, https:\/\/tdcenter.org\/wp-content\/uploads\/2022\/08\/image-63.png 1640w\" sizes=\"(max-width: 452px) 100vw, 452px\" \/><\/figure>\n<\/div>\n\n\n<p>Die viert\u00e4gige Veranstaltung brachte politische, nichtstaatliche und wirtschaftliche Organisationen aus ganz Europa zusammen. Zu den Rednern des Festivals geh\u00f6rten insbesondere Vertreter der Europ\u00e4ischen Kommission und des Europ\u00e4ischen Parlaments, Politiker verschiedener politischer Bewegungen aus D\u00e4nemark, Deutschland, Ungarn, Irland, Italien und Litauen, Minister verschiedener Bereiche aus D\u00e4nemark, Tschechien und Lettland sowie Botschafter aus 12 europ\u00e4ischen Staaten.<\/p>\n\n\n\n<p>Die G\u00e4ste des Festivals hatten die Gelegenheit, an wichtigen Diskussionen \u00fcber die dr\u00e4ngendsten Fragen Europas teilzunehmen, die sich mit Au\u00dfenpolitik und Sicherheit, Menschenrechten, gr\u00fcner Transformation und gr\u00fcner Energie, Kreislaufwirtschaft, nachhaltiger Lebensmittelproduktion, Migration, Digitalisierung und vielen anderen Themen befassten.<\/p>\n\n\n\n<p>Herr Skryptschenko nahm an der Debatte <strong>\"Wie sollte Europa reagieren, wenn der Krieg zwischen der Ukraine und Russland beendet ist? \"Business as usual\" oder sollten die Sanktionen fortgesetzt werden?\"<\/strong>teil und sprach dar\u00fcber, ob europ\u00e4ische Gesch\u00e4ftsleute und Politiker nach dem Krieg neue Beziehungen zu Russland aufbauen k\u00f6nnen und ob Russland und das russische Volk f\u00fcr seine Verbrechen am Ukrainern und dessen Selbstbestimmung bestraft werden m\u00fcssen.<\/p>\n\n\n<div class=\"wp-block-image\">\n<figure class=\"aligncenter size-large\"><img decoding=\"async\" src=\"https:\/\/tdcenter.org\/wp-content\/uploads\/2022\/08\/IMG_8551-1-1024x768.jpg\" alt=\"\" class=\"wp-image-6305\"\/><\/figure>\n<\/div>\n\n\n<p>Der Pr\u00e4sident des TDC hatte auch die Ehre, seine Rede in der Speaker's Corner zu halten, wo er mit dem Publikum in Kontakt treten und \u00fcber den Wiederaufbau der zerst\u00f6rten St\u00e4dte in der Ukraine berichten konnte. Er berichtete auch dar\u00fcber, wie die Menschen vor Ort und die Freiwilligengruppen die wichtigste Triebkraft f\u00fcr Ver\u00e4nderungen sind und wie ihre Arbeit von den europ\u00e4ischen Regierungen und B\u00fcrgern unterst\u00fctzt wird.<\/p>","protected":false},"excerpt":{"rendered":"<p>On August 25, TDC President Maksym Skrypchenko visited Political Festival of Europe, yearly democracy festival that aims to gather citizens of Europe over the course of four days to discuss politics and embrace Europe\u2019s rich history and cultural heritage. The 4 days event brought together political, non-governmental and business organizations from all over Europe. In [&hellip;]<\/p>","protected":false},"author":5,"featured_media":6301,"comment_status":"open","ping_status":"open","sticky":false,"template":"","format":"standard","meta":{"footnotes":""},"categories":[25,103],"tags":[],"topic":[],"class_list":["post-6294","post","type-post","status-publish","format-standard","has-post-thumbnail","hentry","category-events","category-eu-ukraine-partnership-program-events"],"mb":[],"yoast_head":"<!-- This site is optimized with the Yoast SEO Premium plugin v25.6 (Yoast SEO v25.6) - https:\/\/yoast.com\/wordpress\/plugins\/seo\/ -->\n<title>TDC President speaks up at Political Festival of Europe - Transatlantic Dialogue Center<\/title>\n<meta name=\"description\" content=\"Transatlantic Dialogue Center (TDC) is a non-governmental and non-partisan think tank that provides high-quality policy advice to private and public clients. The network of our friends and partners includes government officials, members of parliaments, businessmen, journalists, experts and analysts.\" \/>\n<meta name=\"robots\" content=\"index, follow, max-snippet:-1, max-image-preview:large, max-video-preview:-1\" \/>\n<link rel=\"canonical\" href=\"https:\/\/tdcenter.org\/de\/2022\/08\/31\/tdc-president-speaks-up-in-political-festival-of-europe\/\" \/>\n<meta property=\"og:locale\" content=\"de_DE\" \/>\n<meta property=\"og:type\" content=\"article\" \/>\n<meta property=\"og:title\" content=\"TDC President speaks up at Political Festival of Europe\" \/>\n<meta property=\"og:description\" content=\"Transatlantic Dialogue Center (TDC) is a non-governmental and non-partisan think tank that provides high-quality policy advice to private and public clients. The network of our friends and partners includes government officials, members of parliaments, businessmen, journalists, experts and analysts.\" \/>\n<meta property=\"og:url\" content=\"https:\/\/tdcenter.org\/de\/2022\/08\/31\/tdc-president-speaks-up-in-political-festival-of-europe\/\" \/>\n<meta property=\"og:site_name\" content=\"Transatlantic Dialogue Center\" \/>\n<meta property=\"article:publisher\" content=\"https:\/\/www.facebook.com\/Transatlantic-Dialogue-Center-105645698740463\" \/>\n<meta property=\"article:published_time\" content=\"2022-08-31T14:07:14+00:00\" \/>\n<meta property=\"article:modified_time\" content=\"2025-08-05T13:51:17+00:00\" \/>\n<meta property=\"og:image\" content=\"https:\/\/tdcenter.org\/wp-content\/uploads\/2022\/08\/IMG_8551-scaled.jpg\" \/>\n\t<meta property=\"og:image:width\" content=\"1200\" \/>\n\t<meta property=\"og:image:height\" content=\"900\" \/>\n\t<meta property=\"og:image:type\" content=\"image\/jpeg\" \/>\n<meta name=\"author\" content=\"Daryna Sydorenko\" \/>\n<meta name=\"twitter:card\" content=\"summary_large_image\" \/>\n<meta name=\"twitter:label1\" content=\"Verfasst von\" \/>\n\t<meta name=\"twitter:data1\" content=\"Daryna Sydorenko\" \/>\n\t<meta name=\"twitter:label2\" content=\"Gesch\u00e4tzte Lesezeit\" \/>\n\t<meta name=\"twitter:data2\" content=\"2\u00a0Minuten\" \/>\n<script type=\"application\/ld+json\" class=\"yoast-schema-graph\">{\"@context\":\"https:\/\/schema.org\",\"@graph\":[{\"@type\":\"Article\",\"@id\":\"https:\/\/tdcenter.org\/2022\/08\/31\/tdc-president-speaks-up-in-political-festival-of-europe\/#article\",\"isPartOf\":{\"@id\":\"https:\/\/tdcenter.org\/2022\/08\/31\/tdc-president-speaks-up-in-political-festival-of-europe\/\"},\"author\":{\"name\":\"Daryna Sydorenko\",\"@id\":\"https:\/\/tdcenter.org\/#\/schema\/person\/98e2f5bb6c890bd0e4fb5c6144121453\"},\"headline\":\"TDC President speaks up at Political Festival of Europe\",\"datePublished\":\"2022-08-31T14:07:14+00:00\",\"dateModified\":\"2025-08-05T13:51:17+00:00\",\"mainEntityOfPage\":{\"@id\":\"https:\/\/tdcenter.org\/2022\/08\/31\/tdc-president-speaks-up-in-political-festival-of-europe\/\"},\"wordCount\":280,\"commentCount\":0,\"publisher\":{\"@id\":\"https:\/\/tdcenter.org\/#organization\"},\"image\":{\"@id\":\"https:\/\/tdcenter.org\/2022\/08\/31\/tdc-president-speaks-up-in-political-festival-of-europe\/#primaryimage\"},\"thumbnailUrl\":\"https:\/\/tdcenter.org\/wp-content\/uploads\/2022\/08\/IMG_8551-scaled.jpg\",\"articleSection\":[\"Events\",\"Events-EU-Ukraine Partnership Program\"],\"inLanguage\":\"de\",\"potentialAction\":[{\"@type\":\"CommentAction\",\"name\":\"Comment\",\"target\":[\"https:\/\/tdcenter.org\/2022\/08\/31\/tdc-president-speaks-up-in-political-festival-of-europe\/#respond\"]}]},{\"@type\":\"WebPage\",\"@id\":\"https:\/\/tdcenter.org\/2022\/08\/31\/tdc-president-speaks-up-in-political-festival-of-europe\/\",\"url\":\"https:\/\/tdcenter.org\/2022\/08\/31\/tdc-president-speaks-up-in-political-festival-of-europe\/\",\"name\":\"TDC President speaks up at Political Festival of Europe - Transatlantic Dialogue Center\",\"isPartOf\":{\"@id\":\"https:\/\/tdcenter.org\/#website\"},\"primaryImageOfPage\":{\"@id\":\"https:\/\/tdcenter.org\/2022\/08\/31\/tdc-president-speaks-up-in-political-festival-of-europe\/#primaryimage\"},\"image\":{\"@id\":\"https:\/\/tdcenter.org\/2022\/08\/31\/tdc-president-speaks-up-in-political-festival-of-europe\/#primaryimage\"},\"thumbnailUrl\":\"https:\/\/tdcenter.org\/wp-content\/uploads\/2022\/08\/IMG_8551-scaled.jpg\",\"datePublished\":\"2022-08-31T14:07:14+00:00\",\"dateModified\":\"2025-08-05T13:51:17+00:00\",\"description\":\"Transatlantic Dialogue Center (TDC) is a non-governmental and non-partisan think tank that provides high-quality policy advice to private and public clients. The network of our friends and partners includes government officials, members of parliaments, businessmen, journalists, experts and analysts.\",\"breadcrumb\":{\"@id\":\"https:\/\/tdcenter.org\/2022\/08\/31\/tdc-president-speaks-up-in-political-festival-of-europe\/#breadcrumb\"},\"inLanguage\":\"de\",\"potentialAction\":[{\"@type\":\"ReadAction\",\"target\":[\"https:\/\/tdcenter.org\/2022\/08\/31\/tdc-president-speaks-up-in-political-festival-of-europe\/\"]}]},{\"@type\":\"ImageObject\",\"inLanguage\":\"de\",\"@id\":\"https:\/\/tdcenter.org\/2022\/08\/31\/tdc-president-speaks-up-in-political-festival-of-europe\/#primaryimage\",\"url\":\"https:\/\/tdcenter.org\/wp-content\/uploads\/2022\/08\/IMG_8551-scaled.jpg\",\"contentUrl\":\"https:\/\/tdcenter.org\/wp-content\/uploads\/2022\/08\/IMG_8551-scaled.jpg\",\"width\":1200,\"height\":900},{\"@type\":\"BreadcrumbList\",\"@id\":\"https:\/\/tdcenter.org\/2022\/08\/31\/tdc-president-speaks-up-in-political-festival-of-europe\/#breadcrumb\",\"itemListElement\":[{\"@type\":\"ListItem\",\"position\":1,\"name\":\"Home\",\"item\":\"https:\/\/tdcenter.org\/\"},{\"@type\":\"ListItem\",\"position\":2,\"name\":\"TDC President speaks up at Political Festival of Europe\"}]},{\"@type\":\"WebSite\",\"@id\":\"https:\/\/tdcenter.org\/#website\",\"url\":\"https:\/\/tdcenter.org\/\",\"name\":\"Transatlantic Dialogue Center\",\"description\":\"Promoting International Peace and Security\",\"publisher\":{\"@id\":\"https:\/\/tdcenter.org\/#organization\"},\"potentialAction\":[{\"@type\":\"SearchAction\",\"target\":{\"@type\":\"EntryPoint\",\"urlTemplate\":\"https:\/\/tdcenter.org\/?s={search_term_string}\"},\"query-input\":{\"@type\":\"PropertyValueSpecification\",\"valueRequired\":true,\"valueName\":\"search_term_string\"}}],\"inLanguage\":\"de\"},{\"@type\":\"Organization\",\"@id\":\"https:\/\/tdcenter.org\/#organization\",\"name\":\"Transatlantic Dialogue Center\",\"url\":\"https:\/\/tdcenter.org\/\",\"logo\":{\"@type\":\"ImageObject\",\"inLanguage\":\"de\",\"@id\":\"https:\/\/tdcenter.org\/#\/schema\/logo\/image\/\",\"url\":\"https:\/\/tdcenter.org\/wp-content\/uploads\/2022\/04\/google.png\",\"contentUrl\":\"https:\/\/tdcenter.org\/wp-content\/uploads\/2022\/04\/google.png\",\"width\":2568,\"height\":2487,\"caption\":\"Transatlantic Dialogue Center\"},\"image\":{\"@id\":\"https:\/\/tdcenter.org\/#\/schema\/logo\/image\/\"},\"sameAs\":[\"https:\/\/www.facebook.com\/Transatlantic-Dialogue-Center-105645698740463\",\"https:\/\/www.youtube.com\/channel\/UCpJuhU4JBfpv_jsldNOc5LA\"]},{\"@type\":\"Person\",\"@id\":\"https:\/\/tdcenter.org\/#\/schema\/person\/98e2f5bb6c890bd0e4fb5c6144121453\",\"name\":\"Daryna Sydorenko\",\"image\":{\"@type\":\"ImageObject\",\"inLanguage\":\"de\",\"@id\":\"https:\/\/tdcenter.org\/#\/schema\/person\/image\/\",\"url\":\"https:\/\/tdcenter.org\/wp-content\/litespeed\/avatar\/40d038af669f9cfc00b3b9871d53682e.jpg?ver=1777459310\",\"contentUrl\":\"https:\/\/tdcenter.org\/wp-content\/litespeed\/avatar\/40d038af669f9cfc00b3b9871d53682e.jpg?ver=1777459310\",\"caption\":\"Daryna Sydorenko\"}}]}<\/script>\n<!-- \/ Yoast SEO Premium plugin. -->","yoast_head_json":{"title":"TDC President speaks up at Political Festival of Europe - Transatlantic Dialogue Center","description":"Transatlantic Dialogue Center (TDC) is a non-governmental and non-partisan think tank that provides high-quality policy advice to private and public clients. The network of our friends and partners includes government officials, members of parliaments, businessmen, journalists, experts and analysts.","robots":{"index":"index","follow":"follow","max-snippet":"max-snippet:-1","max-image-preview":"max-image-preview:large","max-video-preview":"max-video-preview:-1"},"canonical":"https:\/\/tdcenter.org\/de\/2022\/08\/31\/tdc-president-speaks-up-in-political-festival-of-europe\/","og_locale":"de_DE","og_type":"article","og_title":"TDC President speaks up at Political Festival of Europe","og_description":"Transatlantic Dialogue Center (TDC) is a non-governmental and non-partisan think tank that provides high-quality policy advice to private and public clients. The network of our friends and partners includes government officials, members of parliaments, businessmen, journalists, experts and analysts.","og_url":"https:\/\/tdcenter.org\/de\/2022\/08\/31\/tdc-president-speaks-up-in-political-festival-of-europe\/","og_site_name":"Transatlantic Dialogue Center","article_publisher":"https:\/\/www.facebook.com\/Transatlantic-Dialogue-Center-105645698740463","article_published_time":"2022-08-31T14:07:14+00:00","article_modified_time":"2025-08-05T13:51:17+00:00","og_image":[{"width":1200,"height":900,"url":"https:\/\/tdcenter.org\/wp-content\/uploads\/2022\/08\/IMG_8551-scaled.jpg","type":"image\/jpeg"}],"author":"Daryna Sydorenko","twitter_card":"summary_large_image","twitter_misc":{"Verfasst von":"Daryna Sydorenko","Gesch\u00e4tzte Lesezeit":"2\u00a0Minuten"},"schema":{"@context":"https:\/\/schema.org","@graph":[{"@type":"Article","@id":"https:\/\/tdcenter.org\/2022\/08\/31\/tdc-president-speaks-up-in-political-festival-of-europe\/#article","isPartOf":{"@id":"https:\/\/tdcenter.org\/2022\/08\/31\/tdc-president-speaks-up-in-political-festival-of-europe\/"},"author":{"name":"Daryna Sydorenko","@id":"https:\/\/tdcenter.org\/#\/schema\/person\/98e2f5bb6c890bd0e4fb5c6144121453"},"headline":"TDC President speaks up at Political Festival of Europe","datePublished":"2022-08-31T14:07:14+00:00","dateModified":"2025-08-05T13:51:17+00:00","mainEntityOfPage":{"@id":"https:\/\/tdcenter.org\/2022\/08\/31\/tdc-president-speaks-up-in-political-festival-of-europe\/"},"wordCount":280,"commentCount":0,"publisher":{"@id":"https:\/\/tdcenter.org\/#organization"},"image":{"@id":"https:\/\/tdcenter.org\/2022\/08\/31\/tdc-president-speaks-up-in-political-festival-of-europe\/#primaryimage"},"thumbnailUrl":"https:\/\/tdcenter.org\/wp-content\/uploads\/2022\/08\/IMG_8551-scaled.jpg","articleSection":["Events","Events-EU-Ukraine Partnership Program"],"inLanguage":"de","potentialAction":[{"@type":"CommentAction","name":"Comment","target":["https:\/\/tdcenter.org\/2022\/08\/31\/tdc-president-speaks-up-in-political-festival-of-europe\/#respond"]}]},{"@type":"WebPage","@id":"https:\/\/tdcenter.org\/2022\/08\/31\/tdc-president-speaks-up-in-political-festival-of-europe\/","url":"https:\/\/tdcenter.org\/2022\/08\/31\/tdc-president-speaks-up-in-political-festival-of-europe\/","name":"TDC President speaks up at Political Festival of Europe - Transatlantic Dialogue Center","isPartOf":{"@id":"https:\/\/tdcenter.org\/#website"},"primaryImageOfPage":{"@id":"https:\/\/tdcenter.org\/2022\/08\/31\/tdc-president-speaks-up-in-political-festival-of-europe\/#primaryimage"},"image":{"@id":"https:\/\/tdcenter.org\/2022\/08\/31\/tdc-president-speaks-up-in-political-festival-of-europe\/#primaryimage"},"thumbnailUrl":"https:\/\/tdcenter.org\/wp-content\/uploads\/2022\/08\/IMG_8551-scaled.jpg","datePublished":"2022-08-31T14:07:14+00:00","dateModified":"2025-08-05T13:51:17+00:00","description":"Transatlantic Dialogue Center (TDC) is a non-governmental and non-partisan think tank that provides high-quality policy advice to private and public clients. The network of our friends and partners includes government officials, members of parliaments, businessmen, journalists, experts and analysts.","breadcrumb":{"@id":"https:\/\/tdcenter.org\/2022\/08\/31\/tdc-president-speaks-up-in-political-festival-of-europe\/#breadcrumb"},"inLanguage":"de","potentialAction":[{"@type":"ReadAction","target":["https:\/\/tdcenter.org\/2022\/08\/31\/tdc-president-speaks-up-in-political-festival-of-europe\/"]}]},{"@type":"ImageObject","inLanguage":"de","@id":"https:\/\/tdcenter.org\/2022\/08\/31\/tdc-president-speaks-up-in-political-festival-of-europe\/#primaryimage","url":"https:\/\/tdcenter.org\/wp-content\/uploads\/2022\/08\/IMG_8551-scaled.jpg","contentUrl":"https:\/\/tdcenter.org\/wp-content\/uploads\/2022\/08\/IMG_8551-scaled.jpg","width":1200,"height":900},{"@type":"BreadcrumbList","@id":"https:\/\/tdcenter.org\/2022\/08\/31\/tdc-president-speaks-up-in-political-festival-of-europe\/#breadcrumb","itemListElement":[{"@type":"ListItem","position":1,"name":"Home","item":"https:\/\/tdcenter.org\/"},{"@type":"ListItem","position":2,"name":"TDC President speaks up at Political Festival of Europe"}]},{"@type":"WebSite","@id":"https:\/\/tdcenter.org\/#website","url":"https:\/\/tdcenter.org\/","name":"Transatlantic Dialogue Center","description":"F\u00f6rderung des internationalen Friedens und der Sicherheit","publisher":{"@id":"https:\/\/tdcenter.org\/#organization"},"potentialAction":[{"@type":"SearchAction","target":{"@type":"EntryPoint","urlTemplate":"https:\/\/tdcenter.org\/?s={search_term_string}"},"query-input":{"@type":"PropertyValueSpecification","valueRequired":true,"valueName":"search_term_string"}}],"inLanguage":"de"},{"@type":"Organization","@id":"https:\/\/tdcenter.org\/#organization","name":"Transatlantic Dialogue Center","url":"https:\/\/tdcenter.org\/","logo":{"@type":"ImageObject","inLanguage":"de","@id":"https:\/\/tdcenter.org\/#\/schema\/logo\/image\/","url":"https:\/\/tdcenter.org\/wp-content\/uploads\/2022\/04\/google.png","contentUrl":"https:\/\/tdcenter.org\/wp-content\/uploads\/2022\/04\/google.png","width":2568,"height":2487,"caption":"Transatlantic Dialogue Center"},"image":{"@id":"https:\/\/tdcenter.org\/#\/schema\/logo\/image\/"},"sameAs":["https:\/\/www.facebook.com\/Transatlantic-Dialogue-Center-105645698740463","https:\/\/www.youtube.com\/channel\/UCpJuhU4JBfpv_jsldNOc5LA"]},{"@type":"Person","@id":"https:\/\/tdcenter.org\/#\/schema\/person\/98e2f5bb6c890bd0e4fb5c6144121453","name":"Daryna Sydorenko","image":{"@type":"ImageObject","inLanguage":"de","@id":"https:\/\/tdcenter.org\/#\/schema\/person\/image\/","url":"https:\/\/tdcenter.org\/wp-content\/litespeed\/avatar\/40d038af669f9cfc00b3b9871d53682e.jpg?ver=1777459310","contentUrl":"https:\/\/tdcenter.org\/wp-content\/litespeed\/avatar\/40d038af669f9cfc00b3b9871d53682e.jpg?ver=1777459310","caption":"Daryna Sydorenko"}}]}},"mfb_rest_fields":["title","yoast_head","yoast_head_json","gutenberg_elementor_mode"],"_links":{"self":[{"href":"https:\/\/tdcenter.org\/de\/wp-json\/wp\/v2\/posts\/6294","targetHints":{"allow":["GET"]}}],"collection":[{"href":"https:\/\/tdcenter.org\/de\/wp-json\/wp\/v2\/posts"}],"about":[{"href":"https:\/\/tdcenter.org\/de\/wp-json\/wp\/v2\/types\/post"}],"author":[{"embeddable":true,"href":"https:\/\/tdcenter.org\/de\/wp-json\/wp\/v2\/users\/5"}],"replies":[{"embeddable":true,"href":"https:\/\/tdcenter.org\/de\/wp-json\/wp\/v2\/comments?post=6294"}],"version-history":[{"count":1,"href":"https:\/\/tdcenter.org\/de\/wp-json\/wp\/v2\/posts\/6294\/revisions"}],"predecessor-version":[{"id":31117,"href":"https:\/\/tdcenter.org\/de\/wp-json\/wp\/v2\/posts\/6294\/revisions\/31117"}],"wp:featuredmedia":[{"embeddable":true,"href":"https:\/\/tdcenter.org\/de\/wp-json\/wp\/v2\/media\/6301"}],"wp:attachment":[{"href":"https:\/\/tdcenter.org\/de\/wp-json\/wp\/v2\/media?parent=6294"}],"wp:term":[{"taxonomy":"category","embeddable":true,"href":"https:\/\/tdcenter.org\/de\/wp-json\/wp\/v2\/categories?post=6294"},{"taxonomy":"post_tag","embeddable":true,"href":"https:\/\/tdcenter.org\/de\/wp-json\/wp\/v2\/tags?post=6294"},{"taxonomy":"topic","embeddable":true,"href":"https:\/\/tdcenter.org\/de\/wp-json\/wp\/v2\/topic?post=6294"}],"curies":[{"name":"wp","href":"https:\/\/api.w.org\/{rel}","templated":true}]}}