{"id":4940,"date":"2022-05-17T08:14:14","date_gmt":"2022-05-17T05:14:14","guid":{"rendered":"https:\/\/tdcenter.org\/?p=4940"},"modified":"2022-05-17T08:14:20","modified_gmt":"2022-05-17T05:14:20","slug":"german-29-2","status":"publish","type":"post","link":"https:\/\/tdcenter.org\/de\/2022\/05\/17\/german-29-2\/","title":{"rendered":"16.Mai, 2022 | T\u00e4gliches Briefing"},"content":{"rendered":"<p><strong>00:50<\/strong><\/p>\n\n\n\n<p>Soldaten eines Bataillons der Ukrainischen Territorialverteidigung haben die Russen zur\u00fcckgedr\u00e4ngt und <strong>die Staatsgrenze mit Russland in der Region Charkiw erreicht<\/strong>.&nbsp;<\/p>\n\n\n\n<p><strong>01:45<\/strong><strong><br><\/strong>Der Nato-Generalsekret\u00e4r Jens Stoltenberg sagte, dass die Ukraine \u201cin der Lage ist, den Krieg [gegen Russland] zu gewinnen\u201d, weil die strategischen Ziele des Kremls nicht erreicht werden.&nbsp;<\/p>\n\n\n\n<p><em>\u201cDer Krieg Russlands gegen die Ukraine l\u00e4uft nicht nach Moskaus Plan. Kyjiw ist nicht eingenommen und sie <\/em>(die Besatzer)<em> ziehen sich aus der Region Charkiw zur\u00fcck. Ihre Hauptoffensive im Donbas ist blockiert\u201d<\/em>, sagte er.&nbsp;<\/p>\n\n\n\n<p><strong>02:15<\/strong><\/p>\n\n\n\n<p>In der Region Odessa haben Bombentechniker der ukrainischen Marine zwei durch st\u00fcrmisches Wetter angeschwemmte Seeminen der Besatzer entsch\u00e4rft.<\/p>\n\n\n\n<figure class=\"wp-block-image\"><img decoding=\"async\" src=\"https:\/\/lh5.googleusercontent.com\/PcCCznNgHwGtCwNk8Y-gcfzM8pQP1qI5r0TnqJSjOTdgDpaemBPKmkj85rxlMrmXsQbYqy3wmBiYZqFFgCTFKY6LV7Wlp5A9bzeds0IhIJUUnxBBpiL5Ro7u0Os3Cr2bjLDtjQYC5ySxQPYBsA\" alt=\"\"\/><\/figure>\n\n\n\n<p><strong>04:35<\/strong><\/p>\n\n\n\n<p>In der vor\u00fcbergehend besetzten Stadt Enerhodar haben die Besatzer <strong>\u00fcberall rund um das Kernkraftwerk Saporischschja Stellungen gegraben<\/strong> und Sands\u00e4cke, Betonblocks sowie andere Absperrungen platziert, berichtete Enerhoatom. Au\u00dferdem d\u00fcrfen die Besch\u00e4ftigten des KKWs jetzt nicht mehr mit ihren Handys zur Arbeit kommen.&nbsp;<\/p>\n\n\n\n<p><strong>07:15<\/strong><\/p>\n\n\n\n<p><strong>Am Morgen waren in Mykolajiw Explosionen zu h\u00f6ren<\/strong>. Die Anwohner sollen in Verstecken bleiben, sagt der B\u00fcrgermeister Oleksandr Senkewitsch.&nbsp;<\/p>\n\n\n\n<p><strong>08:40&nbsp;<\/strong><\/p>\n\n\n\n<p><strong>Durch die umfassende milit\u00e4rische Aggression Russlands sind in der Ukraine schon mindestens 229 Kinder umgekommen, des Weiteren wurden 421 Kinder verletzt<\/strong>, wie die Generalstaatsanwaltschaft berichtet. Es sei aber zu betonen, dass <strong>diese Anzahl nicht endg\u00fcltig ist<\/strong>, denn die Identifizierung der Opfer gehe in den Kriegszonen und in den vor\u00fcbergehend besetzten wie auch befreiten Territorien weiter.<\/p>\n\n\n\n<p><strong>09:00<\/strong><\/p>\n\n\n\n<p><strong>In Odesa waren Explosionen h\u00f6rbar<\/strong>. Wahrscheinlich hat das Luftabwehrsystem gewirkt. Laut der Nachricht ist auch ein Erholungsort in der Region Odesa besch\u00e4digt und im Gebiet Bilhorod-Dnistrowskyj war Rauch zu sehen.<\/p>\n\n\n\n<p>Der Sprecher der regionalen Milit\u00e4rverwaltung von Odesa best\u00e4tigte den Beschuss der Region. Er sagte, Details werden gerade \u00fcberpr\u00fcft.&nbsp;<\/p>\n\n\n\n<p><strong>10:00<\/strong><br>Laut einem ersten Bericht <strong>sind zwei Erwachsene infolge des Raketenangriffs auf die Region Odesa verletzt worden. Au\u00dferdem wurde ein kleines Kind schwer verwundet<\/strong>. So berichtete das Rathaus Odesa durch seinen Telegramkanal unter Hinweis auf das Ukrainische Heereskorps \u201cS\u00fcd\u201d.&nbsp;<\/p>\n\n\n\n<p>Durch den Angriff wurde touristische Infrastruktur besch\u00e4digt und mehrere Geb\u00e4uden wurden zerst\u00f6rt, au\u00dferdem brach ein Feuer aus. Dar\u00fcber hinaus greifen die Russen die zerst\u00f6rte Br\u00fccke \u00fcber den Dnister-Liman weiter an.&nbsp;<\/p>\n\n\n\n<figure class=\"wp-block-image\"><img decoding=\"async\" src=\"https:\/\/lh6.googleusercontent.com\/imvn06xuJGRZy-11CiZDzp9BEIH5TJ8qLbOM2dS7C9p_63MMKQLEwe9FRHkjkZXQ6xk3QjLIBV9qj7k3P59lyNQMIgA55e9Zk6bLSR8cs5asqJTjT2tXBCoTtgkEUXMWrMnewY_fDBar-hgHEw\" alt=\"\"\/><\/figure>\n\n\n\n<figure class=\"wp-block-image\"><img decoding=\"async\" src=\"https:\/\/lh4.googleusercontent.com\/GyMxYrM4y9dS1Q-Rn5ccdhH9swFXZVSyzIQZvbNuSxNB-Aoe1ybg2xZbymT-BPzoQnRviThlVWhhoqJIvL4I8cIqC-FtoE--1_TCdca-lGTCxswX2wDH7upTGSagiDunw6ymbwxLJReZpCPSbA\" alt=\"\"\/><\/figure>\n\n\n\n<p><strong>11:15<\/strong> <strong><br><\/strong>Aus dem Territorium Russlands<strong> wurden am Morgen Grenzgebiete der Regionen Tschernihiw und Sumy erneut beschossen<\/strong>. Au\u00dferdem<strong> versuchten Saboteure in die Region Sumy einzudringen<\/strong>.&nbsp;<\/p>\n\n\n\n<p><strong>12:00<\/strong><br>In Jewpatorija haben Krim-Partisanen ein Geb\u00e4ude der Russischen Besatzer in der Nacht ij den Farben der Ukrainischen Staatsflagge gef\u00e4rbt, sagte der Grenzschutz.&nbsp;<\/p>\n\n\n\n<figure class=\"wp-block-image\"><img decoding=\"async\" src=\"https:\/\/lh3.googleusercontent.com\/MoQjdj8a2REItgsiFJob0sxyp9-HE4HLEALQKQx2ao-PtjowzbFRd8cpW_DhrBHEdS7dFmDIxsEdAWS4cZHQQirBx2W07azABqBChTAxF-wmhHth0UeQITViEAda7Kb4vnsiS7EcW0MWf22Q5g\" alt=\"\"\/><\/figure>\n\n\n\n<p><strong>13:25<\/strong><strong><br><\/strong>Die Ukraine einen Kreditvertrag \u00fcber 100 Millionen Dollar mit Japan <a href=\"https:\/\/www.mof.gov.ua\/uk\/news\/ministr_finansiv_ukraini_pidpisav_ugodu_z_iaponskim_agentstvom_mizhnarodnogo_spivrobitnitstva_pro_otrimannia_kreditu_100_mln_dol_ssha-3444\">unterzeichnet <\/a>habe. (13 Milliarden Yen). Die Mittel werden zur Unterst\u00fctzung benachteiligter Gruppen verwendet.<\/p>\n\n\n\n<p><strong>14:10<\/strong><\/p>\n\n\n\n<p>Die Europ\u00e4ische Kommission eine Stellungnahme zum EU-Beitrittsantrag der Ukraine <a href=\"https:\/\/suspilne.media\/239780-vtorgnenna-rosii-v-ukrainu-den-82-tekstovij-onlajn\/\">vorbereitet<\/a>. Die Europ\u00e4ische Union hat alle Antworten der Ukraine auf den EU-Fragebogen erhalten, sagte der EU-Kommissar f\u00fcr Erweiterungs- und Nachbarschaftspolitik<\/p>\n\n\n\n<p>\u201e<em>Die EU ist daf\u00fcr, die Auswirkungen des russischen Krieges gegen die Ukraine abzumildern. Alle Antworten auf den EU-Fragebogen sind eingegangen. Jetzt bereitet die Kommission eine Stellungnahme f\u00fcr den Rat zum Antrag der Ukraine auf Aufnahme in die EU vo<\/em>r\u201c, schrieb Oliv\u00e9r V\u00e1rhelyi.<\/p>\n\n\n\n<p><strong>15:15<\/strong><strong><br><\/strong>Verwandte von Mariupol-Verteidigern <a href=\"https:\/\/suspilne.media\/239780-vtorgnenna-rosii-v-ukrainu-den-82-tekstovij-onlajn\/\">bitten <\/a>Xi Jinping, die humanit\u00e4re Situation in der Stadt zu beeinflussen und bei der Rettung der K\u00e4mpfer zu helfen.<\/p>\n\n\n\n<p><strong>16:20<\/strong><strong><br><\/strong>Russland <a href=\"https:\/\/www.ukrinform.ua\/rubric-ato\/3484679-rosia-moze-gotuvati-v-mariupoli-specoperaciu-z-polonenimi-ta-himikatami-informnapalm.html\">k\u00f6nnte <\/a>eine Provokation mit dem Einsatz von Gefangenen und Chemikalien vorbereiten.<\/p>\n\n\n\n<p><strong>17:15<\/strong><strong><br><\/strong>Putin <a href=\"https:\/\/nv.ua\/ukr\/world\/geopolitics\/volodimir-putin-pogrozhuye-finlyandiji-ta-shveciji-cherez-vstup-do-nato-ostanni-novini-50242606.html\">droht <\/a>der NATO, falls sie ihre milit\u00e4rische Infrastruktur ausbaut. \u201eD<em>er Ausbau der milit\u00e4rischen Infrastruktur in diesem Gebiet wird sicherlich unsere Reaktion hervorrufen. Wir werden uns ansehen, was es basierend auf der Bedrohung, die uns auferlegt wird, sein wird\u2026 Wir werden entsprechend darauf reagieren <\/em>\u201c, zitierte die russische Propaganda Putin.<\/p>\n\n\n\n<p><strong>18:05<\/strong><\/p>\n\n\n\n<p>Die schwedische Premierministerin Magdalena Andersson <a href=\"https:\/\/www.radiosvoboda.org\/a\/news-shvetsia-nato-chlenstvo\/31853182.html\">sagte <\/a>laut Radio Liberty, dass die Regierung beschlossen hat, sich um eine NATO-Mitgliedschaft zu bewerben.&nbsp;<\/p>\n\n\n\n<p>&#8220;<em>Die Regierung hat beschlossen, die NATO \u00fcber den Beitrittswunsch Schwedens zu informieren. Der schwedische Botschafter wird sich diesbez\u00fcglich mit der NATO in Kontakt setzen<\/em>.&#8221; sagte Andersson.&nbsp;<\/p>\n\n\n\n<p><strong>19:00<\/strong><\/p>\n\n\n\n<p>Der Generalstab berichtet, dass die Russen ihre Angriffe auf Donezk <a href=\"https:\/\/suspilne.media\/239780-vtorgnenna-rosii-v-ukrainu-den-82-tekstovij-onlajn\/\">konzentriert <\/a>haben.<\/p>\n\n\n\n<p><strong>19:40<\/strong><br>In einer Meldung des Generalstabs hei\u00dft es, der Feind <a href=\"https:\/\/www.ukrinform.ua\/rubric-ato\/3484854-vorog-namagaetsa-strimuvati-zsu-na-harkivsini-ta-gotuetsa-do-nastupu-bila-izuma.html\">bereite <\/a>sich auf eine Offensive in der N\u00e4he von Isjum vo. \u201eD<em>er Feind f\u00fchrt weiterhin Offensivoperationen in der \u00f6stlichen Operationszone durch. Der Feind konzentriert seine Hauptanstrengungen auf die Region Donezk. In Richtung Sloboschansk versucht er, die Offensive der Verteidigungskr\u00e4fte n\u00f6rdlich der Stadt Charkiw abzuhalten und sie daran zu hindern, die Staatsgrenze der Ukraine zu erreichen. Russland bereitet sich auf einen Sturm von Einheiten vor, die sich in dem Gebiet der Stadt Isjum konzentrieren<\/em> \u201c.<\/p>\n\n\n\n<figure class=\"wp-block-image\"><img decoding=\"async\" src=\"https:\/\/lh6.googleusercontent.com\/8NhbS0wrAsthEIZBHJS2056JQHW9oojPLPLuYUF9X9yLLRfSpapDfhvv3Gcspvrjr3ijdGddO6FKWrm3bJe_eMHJwItA_MmUX6uUib9xf1Nq_vKhdP4oyI2-rYiq30yoggmbDj0_WW8QrTUg7Q\" alt=\"\"\/><\/figure>\n\n\n\n<p><strong>20:40<\/strong><\/p>\n\n\n\n<p>Der Kommandant des Regiments Asow, Denys Prokopenko, <a href=\"https:\/\/nv.ua\/ukr\/ukraine\/events\/azovstal-zahisniki-mariupolya-vikonali-nakaz-zayaviv-azov-50242683.html\">sagte<\/a>, die Einheit habe ihre Aufgabe erf\u00fcllt und hoffe auf die Unterst\u00fctzung des ukrainischen Volkes. Die Verteidiger erinnerten daran, dass sie der ukrainischen Armee die M\u00f6glichkeit gaben, sich neu zu formieren, mehr Menschen auszubilden und eine gro\u00dfe Anzahl von Waffen von internationalen Partnern zu erhalten.<\/p>\n\n\n\n<p><strong>21:10<\/strong><\/p>\n\n\n\n<p>Recep Tayyip Erdo\u011fan, Pr\u00e4sident der Republik T\u00fcrkei, sagte, das Land werde den Wunsch Schwedens und Finnlands, Mitglieder der Nordatlantischen Allianz zu werden, nicht <a href=\"https:\/\/nv.ua\/world\/geopolitics\/erdogan-zayavil-chto-ne-podderzhit-vstuplenie-shvecii-i-finlyandii-v-nato-poslednie-novosti-50242686.html\">unterst\u00fctzen<\/a>. Der t\u00fcrkische Staatschef nannte Schweden eine \u201eBrutst\u00e4tte des Terrorismus\u201c.<\/p>\n\n\n\n<p><strong>21:30<\/strong><\/p>\n\n\n\n<p>&#8220;UNIAN&#8221; <a href=\"https:\/\/www.unian.ua\/world\/viyna-ukrajini-z-rosiyeyu-2022-yevrosoyuz-ne-viznaye-chastinoyu-rf-zhodnogo-zahoplenogo-kvadratnogo-kilometra-novini-svitu-11829102.html\">zitiert<\/a> die Worte von Josep Borrel, Leiter der diplomatischen Mission der EU, dass die Union keinen einzigen eroberten Quadratkilometer, als ein Teil Russlands anerkennt. \u201eWir erkennen keinen einzigen Quadratkilometer ukrainischen Landes an, das von den Russen besetzt ist. So wie wir die Krim nicht anerkannt haben, erkennen wir auch keinen Teil der Ukraine an, der zur Russischen F\u00f6deration erkl\u00e4rt wird. Wir verteidigen die territoriale Integrit\u00e4t der Ukraine. Und wenn wir sagen, wir hoffen, dass die Ukraine diesen Krieg gewinnen wird, bedeutet das sie (die Ukrainer \u2013 Anm. d. Red.) in der Lage sind, die Eindringlinge \u00fcber ihre Grenzen hinaus zu dr\u00e4ngen\u201c, sagte Borrell.<\/p>\n\n\n\n<p><strong>21:30<\/strong><\/p>\n\n\n\n<p>Der Berater des Pr\u00e4sidialamts, Oleksij Arestowytsch, <a href=\"https:\/\/nv.ua\/ukr\/ukraine\/events\/viyna-v-ukrajini-sogodni-boji-na-donbasi-16-travnya-situaciya-v-mariupoli-novini-ukrajini-50242424.html\">sagte <\/a>auf dem nationalen Telethon, dass Wolodymyr Selenskyj eine Erkl\u00e4rung zur Situation um Asow-Stahl abgeben k\u00f6nne.<\/p>\n\n\n\n<p><strong>21:55<\/strong><\/p>\n\n\n\n<p>Der Telegram-Kanal \u201c\u0413\u043e\u0440\u0434\u043e\u043d\u201d <a href=\"https:\/\/t.me\/gordonuacom\/15686\">zeigte<\/a> erste Aufnahmen der Evakuierung der schwer verwundeten Asow-K\u00e4mpfer.<\/p>\n\n\n\n<figure class=\"wp-block-image\"><img decoding=\"async\" src=\"https:\/\/lh3.googleusercontent.com\/IvKm9YdY7Q7u7QZmc-smH1naWlAH8IH3WzVtgC3z4ry4JD9dlZ3JAdDxOzgzUPk5GF8DS5UQb4Z7vPoDLGmWCff7L-VS-X9Qj9NPCBWcGHbRLzDGDDcgfGV-6fMdB0Yf6fwg6mL67CEz2T3SEA\" alt=\"\"\/><\/figure>\n\n\n\n<figure class=\"wp-block-image\"><img decoding=\"async\" src=\"https:\/\/lh3.googleusercontent.com\/3LxHZWU_zgnnTfVFJ2FLVK3v2bCbwdDPiVLFL5IRTBJ3WuC93_QeLS5kHCB1Nr37ARZ0BgSsJEtLivpW-_u7AztzuTa47Fg0DsWrkvXs2NvGUdPwkZ4vM1m-Pwm7aEiJdfqdJAxJTJnQqu93kA\" alt=\"\"\/><\/figure>\n\n\n\n<figure class=\"wp-block-image\"><img decoding=\"async\" src=\"https:\/\/lh6.googleusercontent.com\/gi0HDLRFLR3RqLdhxfRMw-a6BSltT0g5YRIJXwAObcfv4BKxOi4mjvfYxpCm2OiOrJpdeUdk_ZS6zP-YZQGFtF9UVILqEWcMTzvRz1OQQ9P98h4giZl3nKRDp8x_n6S1X1sIv4w2e427bWOY-Q\" alt=\"\"\/><\/figure>","protected":false},"excerpt":{"rendered":"<p>00:50 Soldaten eines Bataillons der Ukrainischen Territorialverteidigung haben die Russen zur\u00fcckgedr\u00e4ngt und die Staatsgrenze mit Russland in der Region Charkiw erreicht.&nbsp; 01:45Der Nato-Generalsekret\u00e4r Jens Stoltenberg sagte, dass die Ukraine \u201cin der Lage ist, den Krieg [gegen Russland] zu gewinnen\u201d, weil die strategischen Ziele des Kremls nicht erreicht werden.&nbsp; \u201cDer Krieg Russlands gegen die Ukraine l\u00e4uft [&hellip;]<\/p>","protected":false},"author":1,"featured_media":4938,"comment_status":"open","ping_status":"open","sticky":false,"template":"","format":"standard","meta":{"footnotes":""},"categories":[1,16],"tags":[],"topic":[],"class_list":["post-4940","post","type-post","status-publish","format-standard","has-post-thumbnail","hentry","category-uncategorized","category-german"],"mb":[],"yoast_head":"<!-- This site is optimized with the Yoast SEO Premium plugin v25.6 (Yoast SEO v25.6) - https:\/\/yoast.com\/wordpress\/plugins\/seo\/ -->\n<title>Nachrichten aus der Ukraine vom 16 Mai<\/title>\n<meta name=\"description\" content=\"Transatlantic Dialogue Center - Promoting International Peace and Security at Kyiv, Ukraine - Nachrichten aus der Ukraine vom 16. Mai\" \/>\n<meta name=\"robots\" content=\"index, follow, max-snippet:-1, max-image-preview:large, max-video-preview:-1\" \/>\n<link rel=\"canonical\" href=\"https:\/\/tdcenter.org\/de\/2022\/05\/17\/german-29-2\/\" \/>\n<meta property=\"og:locale\" content=\"de_DE\" \/>\n<meta property=\"og:type\" content=\"article\" \/>\n<meta property=\"og:title\" content=\"16.Mai, 2022 | T\u00e4gliches Briefing\" \/>\n<meta property=\"og:description\" content=\"Transatlantic Dialogue Center (TDC) is a non-governmental and non-partisan think tank that provides high-quality policy advice to private and public clients. The network of our friends and partners includes government officials, members of parliaments, businessmen, journalists, experts and analysts.\" \/>\n<meta property=\"og:url\" content=\"https:\/\/tdcenter.org\/de\/2022\/05\/17\/german-29-2\/\" \/>\n<meta property=\"og:site_name\" content=\"Transatlantic Dialogue Center\" \/>\n<meta property=\"article:publisher\" content=\"https:\/\/www.facebook.com\/Transatlantic-Dialogue-Center-105645698740463\" \/>\n<meta property=\"article:published_time\" content=\"2022-05-17T05:14:14+00:00\" \/>\n<meta property=\"article:modified_time\" content=\"2022-05-17T05:14:20+00:00\" \/>\n<meta property=\"og:image\" content=\"https:\/\/tdcenter.org\/wp-content\/uploads\/2022\/05\/photo_2022-05-14_13-17-29-2.jpg\" \/>\n\t<meta property=\"og:image:width\" content=\"1280\" \/>\n\t<meta property=\"og:image:height\" content=\"899\" \/>\n\t<meta property=\"og:image:type\" content=\"image\/jpeg\" \/>\n<meta name=\"author\" content=\"tdcadmin\" \/>\n<meta name=\"twitter:card\" content=\"summary_large_image\" \/>\n<meta name=\"twitter:label1\" content=\"Verfasst von\" \/>\n\t<meta name=\"twitter:data1\" content=\"tdcadmin\" \/>\n\t<meta name=\"twitter:label2\" content=\"Gesch\u00e4tzte Lesezeit\" \/>\n\t<meta name=\"twitter:data2\" content=\"6\u00a0Minuten\" \/>\n<script type=\"application\/ld+json\" class=\"yoast-schema-graph\">{\"@context\":\"https:\/\/schema.org\",\"@graph\":[{\"@type\":\"Article\",\"@id\":\"https:\/\/tdcenter.org\/2022\/05\/17\/german-29-2\/#article\",\"isPartOf\":{\"@id\":\"https:\/\/tdcenter.org\/2022\/05\/17\/german-29-2\/\"},\"author\":{\"name\":\"tdcadmin\",\"@id\":\"https:\/\/tdcenter.org\/#\/schema\/person\/93d6a1a71a5db737f83ae00987761c07\"},\"headline\":\"16.Mai, 2022 | T\u00e4gliches Briefing\",\"datePublished\":\"2022-05-17T05:14:14+00:00\",\"dateModified\":\"2022-05-17T05:14:20+00:00\",\"mainEntityOfPage\":{\"@id\":\"https:\/\/tdcenter.org\/2022\/05\/17\/german-29-2\/\"},\"wordCount\":998,\"commentCount\":0,\"publisher\":{\"@id\":\"https:\/\/tdcenter.org\/#organization\"},\"image\":{\"@id\":\"https:\/\/tdcenter.org\/2022\/05\/17\/german-29-2\/#primaryimage\"},\"thumbnailUrl\":\"https:\/\/tdcenter.org\/wp-content\/uploads\/2022\/05\/photo_2022-05-14_13-17-29-2.jpg\",\"articleSection\":[\"Briefings\",\"German\"],\"inLanguage\":\"de\",\"potentialAction\":[{\"@type\":\"CommentAction\",\"name\":\"Comment\",\"target\":[\"https:\/\/tdcenter.org\/2022\/05\/17\/german-29-2\/#respond\"]}]},{\"@type\":\"WebPage\",\"@id\":\"https:\/\/tdcenter.org\/2022\/05\/17\/german-29-2\/\",\"url\":\"https:\/\/tdcenter.org\/2022\/05\/17\/german-29-2\/\",\"name\":\"Nachrichten aus der Ukraine vom 16 Mai\",\"isPartOf\":{\"@id\":\"https:\/\/tdcenter.org\/#website\"},\"primaryImageOfPage\":{\"@id\":\"https:\/\/tdcenter.org\/2022\/05\/17\/german-29-2\/#primaryimage\"},\"image\":{\"@id\":\"https:\/\/tdcenter.org\/2022\/05\/17\/german-29-2\/#primaryimage\"},\"thumbnailUrl\":\"https:\/\/tdcenter.org\/wp-content\/uploads\/2022\/05\/photo_2022-05-14_13-17-29-2.jpg\",\"datePublished\":\"2022-05-17T05:14:14+00:00\",\"dateModified\":\"2022-05-17T05:14:20+00:00\",\"description\":\"Transatlantic Dialogue Center - Promoting International Peace and Security at Kyiv, Ukraine - Nachrichten aus der Ukraine vom 16. Mai\",\"breadcrumb\":{\"@id\":\"https:\/\/tdcenter.org\/2022\/05\/17\/german-29-2\/#breadcrumb\"},\"inLanguage\":\"de\",\"potentialAction\":[{\"@type\":\"ReadAction\",\"target\":[\"https:\/\/tdcenter.org\/2022\/05\/17\/german-29-2\/\"]}]},{\"@type\":\"ImageObject\",\"inLanguage\":\"de\",\"@id\":\"https:\/\/tdcenter.org\/2022\/05\/17\/german-29-2\/#primaryimage\",\"url\":\"https:\/\/tdcenter.org\/wp-content\/uploads\/2022\/05\/photo_2022-05-14_13-17-29-2.jpg\",\"contentUrl\":\"https:\/\/tdcenter.org\/wp-content\/uploads\/2022\/05\/photo_2022-05-14_13-17-29-2.jpg\",\"width\":1280,\"height\":899},{\"@type\":\"BreadcrumbList\",\"@id\":\"https:\/\/tdcenter.org\/2022\/05\/17\/german-29-2\/#breadcrumb\",\"itemListElement\":[{\"@type\":\"ListItem\",\"position\":1,\"name\":\"Home\",\"item\":\"https:\/\/tdcenter.org\/\"},{\"@type\":\"ListItem\",\"position\":2,\"name\":\"16.Mai, 2022 | T\u00e4gliches Briefing\"}]},{\"@type\":\"WebSite\",\"@id\":\"https:\/\/tdcenter.org\/#website\",\"url\":\"https:\/\/tdcenter.org\/\",\"name\":\"Transatlantic Dialogue Center\",\"description\":\"Promoting International Peace and Security\",\"publisher\":{\"@id\":\"https:\/\/tdcenter.org\/#organization\"},\"potentialAction\":[{\"@type\":\"SearchAction\",\"target\":{\"@type\":\"EntryPoint\",\"urlTemplate\":\"https:\/\/tdcenter.org\/?s={search_term_string}\"},\"query-input\":{\"@type\":\"PropertyValueSpecification\",\"valueRequired\":true,\"valueName\":\"search_term_string\"}}],\"inLanguage\":\"de\"},{\"@type\":\"Organization\",\"@id\":\"https:\/\/tdcenter.org\/#organization\",\"name\":\"Transatlantic Dialogue Center\",\"url\":\"https:\/\/tdcenter.org\/\",\"logo\":{\"@type\":\"ImageObject\",\"inLanguage\":\"de\",\"@id\":\"https:\/\/tdcenter.org\/#\/schema\/logo\/image\/\",\"url\":\"https:\/\/tdcenter.org\/wp-content\/uploads\/2022\/04\/google.png\",\"contentUrl\":\"https:\/\/tdcenter.org\/wp-content\/uploads\/2022\/04\/google.png\",\"width\":2568,\"height\":2487,\"caption\":\"Transatlantic Dialogue Center\"},\"image\":{\"@id\":\"https:\/\/tdcenter.org\/#\/schema\/logo\/image\/\"},\"sameAs\":[\"https:\/\/www.facebook.com\/Transatlantic-Dialogue-Center-105645698740463\",\"https:\/\/www.youtube.com\/channel\/UCpJuhU4JBfpv_jsldNOc5LA\"]},{\"@type\":\"Person\",\"@id\":\"https:\/\/tdcenter.org\/#\/schema\/person\/93d6a1a71a5db737f83ae00987761c07\",\"name\":\"tdcadmin\",\"image\":{\"@type\":\"ImageObject\",\"inLanguage\":\"de\",\"@id\":\"https:\/\/tdcenter.org\/#\/schema\/person\/image\/\",\"url\":\"https:\/\/tdcenter.org\/wp-content\/litespeed\/avatar\/591094187f87a3c5c4f3f5415d24bd3d.jpg?ver=1777459311\",\"contentUrl\":\"https:\/\/tdcenter.org\/wp-content\/litespeed\/avatar\/591094187f87a3c5c4f3f5415d24bd3d.jpg?ver=1777459311\",\"caption\":\"tdcadmin\"},\"sameAs\":[\"https:\/\/tdcenter.org\"]}]}<\/script>\n<!-- \/ Yoast SEO Premium plugin. -->","yoast_head_json":{"title":"Nachrichten aus der Ukraine vom 16 Mai","description":"Transatlantic Dialogue Center - Promoting International Peace and Security at Kyiv, Ukraine - Nachrichten aus der Ukraine vom 16. Mai","robots":{"index":"index","follow":"follow","max-snippet":"max-snippet:-1","max-image-preview":"max-image-preview:large","max-video-preview":"max-video-preview:-1"},"canonical":"https:\/\/tdcenter.org\/de\/2022\/05\/17\/german-29-2\/","og_locale":"de_DE","og_type":"article","og_title":"16.Mai, 2022 | T\u00e4gliches Briefing","og_description":"Transatlantic Dialogue Center (TDC) is a non-governmental and non-partisan think tank that provides high-quality policy advice to private and public clients. The network of our friends and partners includes government officials, members of parliaments, businessmen, journalists, experts and analysts.","og_url":"https:\/\/tdcenter.org\/de\/2022\/05\/17\/german-29-2\/","og_site_name":"Transatlantic Dialogue Center","article_publisher":"https:\/\/www.facebook.com\/Transatlantic-Dialogue-Center-105645698740463","article_published_time":"2022-05-17T05:14:14+00:00","article_modified_time":"2022-05-17T05:14:20+00:00","og_image":[{"width":1280,"height":899,"url":"https:\/\/tdcenter.org\/wp-content\/uploads\/2022\/05\/photo_2022-05-14_13-17-29-2.jpg","type":"image\/jpeg"}],"author":"tdcadmin","twitter_card":"summary_large_image","twitter_misc":{"Verfasst von":"tdcadmin","Gesch\u00e4tzte Lesezeit":"6\u00a0Minuten"},"schema":{"@context":"https:\/\/schema.org","@graph":[{"@type":"Article","@id":"https:\/\/tdcenter.org\/2022\/05\/17\/german-29-2\/#article","isPartOf":{"@id":"https:\/\/tdcenter.org\/2022\/05\/17\/german-29-2\/"},"author":{"name":"tdcadmin","@id":"https:\/\/tdcenter.org\/#\/schema\/person\/93d6a1a71a5db737f83ae00987761c07"},"headline":"16.Mai, 2022 | T\u00e4gliches Briefing","datePublished":"2022-05-17T05:14:14+00:00","dateModified":"2022-05-17T05:14:20+00:00","mainEntityOfPage":{"@id":"https:\/\/tdcenter.org\/2022\/05\/17\/german-29-2\/"},"wordCount":998,"commentCount":0,"publisher":{"@id":"https:\/\/tdcenter.org\/#organization"},"image":{"@id":"https:\/\/tdcenter.org\/2022\/05\/17\/german-29-2\/#primaryimage"},"thumbnailUrl":"https:\/\/tdcenter.org\/wp-content\/uploads\/2022\/05\/photo_2022-05-14_13-17-29-2.jpg","articleSection":["Briefings","German"],"inLanguage":"de","potentialAction":[{"@type":"CommentAction","name":"Comment","target":["https:\/\/tdcenter.org\/2022\/05\/17\/german-29-2\/#respond"]}]},{"@type":"WebPage","@id":"https:\/\/tdcenter.org\/2022\/05\/17\/german-29-2\/","url":"https:\/\/tdcenter.org\/2022\/05\/17\/german-29-2\/","name":"Nachrichten aus der Ukraine vom 16 Mai","isPartOf":{"@id":"https:\/\/tdcenter.org\/#website"},"primaryImageOfPage":{"@id":"https:\/\/tdcenter.org\/2022\/05\/17\/german-29-2\/#primaryimage"},"image":{"@id":"https:\/\/tdcenter.org\/2022\/05\/17\/german-29-2\/#primaryimage"},"thumbnailUrl":"https:\/\/tdcenter.org\/wp-content\/uploads\/2022\/05\/photo_2022-05-14_13-17-29-2.jpg","datePublished":"2022-05-17T05:14:14+00:00","dateModified":"2022-05-17T05:14:20+00:00","description":"Transatlantic Dialogue Center - Promoting International Peace and Security at Kyiv, Ukraine - Nachrichten aus der Ukraine vom 16. Mai","breadcrumb":{"@id":"https:\/\/tdcenter.org\/2022\/05\/17\/german-29-2\/#breadcrumb"},"inLanguage":"de","potentialAction":[{"@type":"ReadAction","target":["https:\/\/tdcenter.org\/2022\/05\/17\/german-29-2\/"]}]},{"@type":"ImageObject","inLanguage":"de","@id":"https:\/\/tdcenter.org\/2022\/05\/17\/german-29-2\/#primaryimage","url":"https:\/\/tdcenter.org\/wp-content\/uploads\/2022\/05\/photo_2022-05-14_13-17-29-2.jpg","contentUrl":"https:\/\/tdcenter.org\/wp-content\/uploads\/2022\/05\/photo_2022-05-14_13-17-29-2.jpg","width":1280,"height":899},{"@type":"BreadcrumbList","@id":"https:\/\/tdcenter.org\/2022\/05\/17\/german-29-2\/#breadcrumb","itemListElement":[{"@type":"ListItem","position":1,"name":"Home","item":"https:\/\/tdcenter.org\/"},{"@type":"ListItem","position":2,"name":"16.Mai, 2022 | T\u00e4gliches Briefing"}]},{"@type":"WebSite","@id":"https:\/\/tdcenter.org\/#website","url":"https:\/\/tdcenter.org\/","name":"Transatlantic Dialogue Center","description":"F\u00f6rderung des internationalen Friedens und der Sicherheit","publisher":{"@id":"https:\/\/tdcenter.org\/#organization"},"potentialAction":[{"@type":"SearchAction","target":{"@type":"EntryPoint","urlTemplate":"https:\/\/tdcenter.org\/?s={search_term_string}"},"query-input":{"@type":"PropertyValueSpecification","valueRequired":true,"valueName":"search_term_string"}}],"inLanguage":"de"},{"@type":"Organization","@id":"https:\/\/tdcenter.org\/#organization","name":"Transatlantic Dialogue Center","url":"https:\/\/tdcenter.org\/","logo":{"@type":"ImageObject","inLanguage":"de","@id":"https:\/\/tdcenter.org\/#\/schema\/logo\/image\/","url":"https:\/\/tdcenter.org\/wp-content\/uploads\/2022\/04\/google.png","contentUrl":"https:\/\/tdcenter.org\/wp-content\/uploads\/2022\/04\/google.png","width":2568,"height":2487,"caption":"Transatlantic Dialogue Center"},"image":{"@id":"https:\/\/tdcenter.org\/#\/schema\/logo\/image\/"},"sameAs":["https:\/\/www.facebook.com\/Transatlantic-Dialogue-Center-105645698740463","https:\/\/www.youtube.com\/channel\/UCpJuhU4JBfpv_jsldNOc5LA"]},{"@type":"Person","@id":"https:\/\/tdcenter.org\/#\/schema\/person\/93d6a1a71a5db737f83ae00987761c07","name":"tdcadmin","image":{"@type":"ImageObject","inLanguage":"de","@id":"https:\/\/tdcenter.org\/#\/schema\/person\/image\/","url":"https:\/\/tdcenter.org\/wp-content\/litespeed\/avatar\/591094187f87a3c5c4f3f5415d24bd3d.jpg?ver=1777459311","contentUrl":"https:\/\/tdcenter.org\/wp-content\/litespeed\/avatar\/591094187f87a3c5c4f3f5415d24bd3d.jpg?ver=1777459311","caption":"tdcadmin"},"sameAs":["https:\/\/tdcenter.org"]}]}},"mfb_rest_fields":["title","yoast_head","yoast_head_json","gutenberg_elementor_mode"],"_links":{"self":[{"href":"https:\/\/tdcenter.org\/de\/wp-json\/wp\/v2\/posts\/4940","targetHints":{"allow":["GET"]}}],"collection":[{"href":"https:\/\/tdcenter.org\/de\/wp-json\/wp\/v2\/posts"}],"about":[{"href":"https:\/\/tdcenter.org\/de\/wp-json\/wp\/v2\/types\/post"}],"author":[{"embeddable":true,"href":"https:\/\/tdcenter.org\/de\/wp-json\/wp\/v2\/users\/1"}],"replies":[{"embeddable":true,"href":"https:\/\/tdcenter.org\/de\/wp-json\/wp\/v2\/comments?post=4940"}],"version-history":[{"count":0,"href":"https:\/\/tdcenter.org\/de\/wp-json\/wp\/v2\/posts\/4940\/revisions"}],"wp:featuredmedia":[{"embeddable":true,"href":"https:\/\/tdcenter.org\/de\/wp-json\/wp\/v2\/media\/4938"}],"wp:attachment":[{"href":"https:\/\/tdcenter.org\/de\/wp-json\/wp\/v2\/media?parent=4940"}],"wp:term":[{"taxonomy":"category","embeddable":true,"href":"https:\/\/tdcenter.org\/de\/wp-json\/wp\/v2\/categories?post=4940"},{"taxonomy":"post_tag","embeddable":true,"href":"https:\/\/tdcenter.org\/de\/wp-json\/wp\/v2\/tags?post=4940"},{"taxonomy":"topic","embeddable":true,"href":"https:\/\/tdcenter.org\/de\/wp-json\/wp\/v2\/topic?post=4940"}],"curies":[{"name":"wp","href":"https:\/\/api.w.org\/{rel}","templated":true}]}}