{"id":4671,"date":"2022-05-07T09:54:23","date_gmt":"2022-05-07T06:54:23","guid":{"rendered":"https:\/\/tdcenter.org\/?p=4671"},"modified":"2022-05-07T09:54:30","modified_gmt":"2022-05-07T06:54:30","slug":"german-47-2","status":"publish","type":"post","link":"https:\/\/tdcenter.org\/de\/2022\/05\/07\/german-47-2\/","title":{"rendered":"06.Mai, 2022 | T\u00e4gliches Briefing"},"content":{"rendered":"<p><strong>00:00<\/strong><\/p>\n\n\n\n<p>\u200b\u200bInfolge des russischen Raketenangriffs auf die Gemeinde Lozowa in der Region Charkiw ist nach Angaben des B\u00fcrgermeisters von Lozova ein Mensch ums Leben gekommen. Die Russen haben auch Farmen in der Gemeinde Dergatschiw in der Region Charkiw zerst\u00f6rt oder gepl\u00fcndert, daher wird es dieses Jahr keine Aussaat geben.<\/p>\n\n\n\n<p><strong>06:40<\/strong><\/p>\n\n\n\n<p>In Mariupol blockieren die Russen weiterhin die Verteidigungskr\u00e4fte im Gebiet Asow-Stahl, und in einigen Gebieten haben sie die Luftangriffe mit Luftunterst\u00fctzung wieder aufgenommen, um die Kontrolle \u00fcber das Werk zu \u00fcbernehmen. Nach Angaben des Generalstabs.<\/p>\n\n\n\n<p><strong>07:30<\/strong><\/p>\n\n\n\n<p>Laut der Milit\u00e4rverwaltung von Saporischschja zwingen die Russen in Tschernihiwtsi die Bewohner, Papiere auszuf\u00fcllen, um ihr Landbesitz zu verweigern. So wollen sie es den Menschen wegnehmen.<\/p>\n\n\n\n<p><strong>09:00<\/strong><\/p>\n\n\n\n<p>Fast 500 weitere Ukrainer wurden aus Mariupol und Asow-Stahl evakuiert.<\/p>\n\n\n\n<figure class=\"wp-block-image\"><img decoding=\"async\" src=\"https:\/\/lh6.googleusercontent.com\/FcKpyXp7npDgvd1cHoYMR4rNHRAVVSMcE8DKlXOTWDHWByfFyBWZzuxplxZmvJpcngjZVr0BTbU-nJA5SQMos55PfUMaFYS4Iz2EEqap6H0nJJCg8FbQ3hflrF1v6bi8EbPKBFaBWGXITL8bFw\" alt=\"\"\/><\/figure>\n\n\n\n<p><strong>10:00<\/strong><\/p>\n\n\n\n<p>In einem Interview mit \u201cNW\u201d <a href=\"https:\/\/nv.ua\/ukr\/ukraine\/events\/krimskiy-mist-nebezpeka-z-bilorusi-ta-nastup-zsu-oleg-zhdanov-na-radio-nv-video-50239720.html\">sagte<\/a> der Milit\u00e4rexperte Oleg Schdanow, dass die Streitkr\u00e4fte einen lokalen Gegenangriff in den Gebieten Isjum und Charkiw durchgef\u00fchrt haben. Ziel ist es, eine 20.000-Mann gro\u00dfe Gruppe russischer Truppen zu zerschlagen und Bedingungen f\u00fcr die Befreiung der Ukraine zu schaffen.<\/p>\n\n\n\n<p><strong><br><\/strong><strong><br><\/strong><strong>10:30<\/strong><br>Laut Serhiy Haidai, Leiter der Luhansker Milit\u00e4rverwaltung, beschie\u00dft der Feind das gesamte Territorium der Region rund um die Uhr mit verschiedenen Waffentypen. Aber die ukrainischen Verteidiger besch\u00fctzen tapfer ihre Positionen. Die Evakuierung ist kompliziert. Insgesamt halten sich nach Sch\u00e4tzungen des regionalen Milit\u00e4rchefs etwa 50.000 Zivilisten in dem von der Ukraine kontrollierten Gebiet auf.<\/p>\n\n\n\n<p><strong>11:00<\/strong><br>Nach offiziellen Angaben ist die Zahl der im Krieg Russlands gegen die Ukraine get\u00f6teten Kinder auf 223 gestiegen: Ein 15-j\u00e4hriger Volont\u00e4r starb am 5. Mai im \u201cFeldman Ecopark\u201d im Charkiwer Gebiet und am 23. April im Dorf Nowoseliwka, Donezker Gebiet, starb ein 17-j\u00e4hriger Junge, es wurde gerade erst bekannt geworden.<\/p>\n\n\n\n<p><strong>11:20<\/strong><br>Russland klaut und exportiert Hunderttausende Tonnen Getreide aus den Regionen Cherson, Saporischschja, Luhansk und Donezk. Gleiches gilt f\u00fcr Gem\u00fcse und landwirtschaftliche Maschinen, die im Besitz ukrainischer Unternehmen sind. Die Beschlagnahme von Getreide und anderen Produkten, ihr illegaler Export und sogar Versuche, Gestohlenes ins Ausland zu verkaufen, verweisen unfreiwillig auf die Trag\u00f6die der 1930er Jahre &#8211; den Holodomor. Die russischen Besatzer erfinden nichts Neues und folgen sowjetischen Methoden.<\/p>\n\n\n\n<p><strong>11:30<\/strong><br>Im Bilhorod-Dnistrowskyj Gebiet haben Luftverteidigungskr\u00e4fte eine Rakete neutralisiert, mit der die Russen versuchten, auf die Infrastruktur der Region Odesa zu treffen.<\/p>\n\n\n\n<figure class=\"wp-block-image\"><img decoding=\"async\" src=\"https:\/\/lh6.googleusercontent.com\/O5hXQOjJF70slM4zU_DV8_uAXySix5nSHhrTUTpvlkS4Ra6tNogDKfBLxZ5tpbmWZ13ij2zeswAkQMIHAa2ZVZhWhTlnbVC_IIarnp_dcnsOA5ziQ2oeo0rRN-BdccBtUxKPhudU7X3c-Uq5rw\" alt=\"\"\/><\/figure>\n\n\n\n<p><strong>11:50<\/strong><\/p>\n\n\n\n<p>Russland hat vor, am 9. Mai eine \u201cParade der Gefangenen\u201d in Mariupol durchzuf\u00fchren, \u2013 so der Berater des Leiters des Pr\u00e4sidialamtes Mychajlo Podoljak. Er nannte diese Tatsache \u201cein demonstrativer Hohn seitens Russlands auf die Genfer Konvention\u201d und erinnerte daran, dass die Ukraine jede Person fixiert, wer sich mit Dem\u00fctigung und Foltern unserer Kriegsgefangenen besch\u00e4ftigt. \u201cDiese Verbrechen verj\u00e4hren nicht\u201d, \u2013 erkl\u00e4rte Podoljak<\/p>\n\n\n\n<p><strong>12:05<\/strong><\/p>\n\n\n\n<p>Der Feind began, Raketen- und Luftangriffe auf die Region Saporischschja aktiv anzuwenden, insbesondere auf die St\u00e4dte Huljajpole und Orichiw. Mit massierten Artilleriebombardements zerst\u00f6rt die russische Armee die zivile Infrastruktur dieser St\u00e4dte.<\/p>\n\n\n\n<p>Dar\u00fcber <a href=\"https:\/\/t.me\/zoda_gov_ua\/7431\">teilte<\/a> der Sprecher der Regionalen Milit\u00e4rverwaltung Saporischschja, Oberst der ukrainischen Streitkr\u00e4fte Iwan Arefjew mit.<\/p>\n\n\n\n<p><strong>12:30<\/strong><\/p>\n\n\n\n<p>In der besetzten Stadt Sorokine in der Region Luhansk werden Prozesse der Abfertigung von \u201cP\u00e4ssen der \u201cVolksrepublik Luhansk\u201deingeleitet f\u00fcr die ukrainischen B\u00fcrger, die aus den vor kurzem besetzten Territorien vertrieben wurden, \u2013 so die Hauptverwaltung f\u00fcr <a href=\"https:\/\/t.me\/DIUkraine\/450\">Aufkl\u00e4rung<\/a>.<\/p>\n\n\n\n<p>Es wird darauf hingewiesen, dass im Falle eines Verzichts auf die \u201eB\u00fcrgerschaft\u201c der Pseudo-Republik die Menschen jegliche Existenzgrundlage verlieren und in Bezug auf sie Repressionen angewendet werden.<\/p>\n\n\n\n<p><strong>13:20<\/strong><\/p>\n\n\n\n<p>Unter der zerst\u00f6rten Br\u00fccke in Irpin wurde eine k\u00fcnstlerische Installation \u201cMassaker von Butscha\u201d er\u00f6ffnet. Die Organisatoren installierten 60 Kreuze mit Kerzen, welche die in Butscha ausgegrabenen Leichen der von den russischen Milit\u00e4rs get\u00f6teten Menschen symbolisieren.<\/p>\n\n\n\n<figure class=\"wp-block-image\"><img decoding=\"async\" src=\"https:\/\/lh6.googleusercontent.com\/wPo-478p0pbK12uUItVOGpRsdE3LUh6SYV_Ik1ICXN4WXmL2QYqq2yPKIZI1B4wWq3Su4rDrsmI-LpLQpAeQPaglhgCj0-qJv8PNqzjgTKNaff9bZJkSQH4hbvi9UowAq3okmWhKwrjQSh3sOQ\" alt=\"\"\/><\/figure>\n\n\n\n<figure class=\"wp-block-image\"><img decoding=\"async\" src=\"https:\/\/lh6.googleusercontent.com\/6h4KUJ1ihDVwJjugRhZ2e8ZvJWi2o1sYsciW4lGjdzFO4rGtsaVoZIwsMvRfEMTiU7A7F4Zqstau1Wx2fW7ykY4Og8VGdq3QCjBxYKtwaMRknciPx2eDJnE5OwEEeFPRhIqe3AWnyyho8JL3Og\" alt=\"\"\/><\/figure>\n\n\n\n<figure class=\"wp-block-image\"><img decoding=\"async\" src=\"https:\/\/lh5.googleusercontent.com\/vyipFFxa_z2PmrXo7BECqywpXlkgVHdiFhsorshvDo3GXfb8qG0Rje2TIwvj1IQAfhev9hnmAz_ahp4ZYLLStZcwaCttLRpesVOfR7p78_Ic6aZamyF39vwU5YeXbjyb44gMIwc94-I9BKZsHg\" alt=\"\"\/><\/figure>\n\n\n\n<p><strong>14:30<\/strong><\/p>\n\n\n\n<p>Aus Charkiw werden Leichen der vernichteten russischen Milit\u00e4rs waggonweise abtransportiert, \u2013 so das <a href=\"https:\/\/www.facebook.com\/100069073844828\/posts\/310900921222367\/\">Verteidigungsministerium der Ukraine<\/a>.<\/p>\n\n\n\n<p>Stattdessen verzichtet Russland, nicht nur die Leichen der get\u00f6teten Kameraden abzuholen, sondern auch jegliche Verhandlungen zu diesem Thema zu f\u00fchren. Im Gegenteil: das russische Verteidigungsministerium befiel, die russischen Milit\u00e4rs in Gemeinschaftsgr\u00e4bern zu begraben, und wenn es unm\u00f6glich ist \u2013 ihre Leichen auf beliebige auf dem Gefechtsfeld zug\u00e4ngliche Weise zu vernichten.<\/p>\n\n\n\n<figure class=\"wp-block-image\"><img decoding=\"async\" src=\"https:\/\/lh4.googleusercontent.com\/Dr3YKM0wlael6P1wryf86pXhSHFI4s3jiNC4IEV6PGLNSzbWeQqVhwXzhXRqNcZ33K4_Lv62-Tmk_dcmJRCraVZdV9E9g5UDZWn81Nmzy0AqW6Rm_wgq9QSM6HMyA3j8ruiWzDCwdKfYYVMq3Q\" alt=\"\"\/><\/figure>\n\n\n\n<p><strong>15:15<\/strong>&nbsp;<\/p>\n\n\n\n<p>W\u00e4hrend des Waffenstillstandes auf dem Territorium des Werkes Asow-Stahl schoss die russische Armee ein Auto an, dass sich in die Richtung von Zivilisten bewegte, um sie zu evakuieren. Ein Soldat wurde get\u00f6tet, 6 Soldaten wurden verletzt, \u2013 wurde beim Regiment Asow <a href=\"https:\/\/t.me\/polkazov\/4464\">mitgeteilt<\/a>.<\/p>\n\n\n\n<figure class=\"wp-block-image\"><img decoding=\"async\" src=\"https:\/\/lh4.googleusercontent.com\/rtlD__s1bLfn0oxTOzza_lZqiAcVIOlC7ZFA1n3WdFuruXqejNGHQ7yTeUXhjTrBlP34fUVUNMqmtC5nDFP_fKV4Apzi4FFshtlwvlbPoqq9P_GhTeyYLckxDGa2iqiPZ9Jd_C4DPtcXuheTIg\" alt=\"\"\/><\/figure>\n\n\n\n<p><strong>16:10<\/strong><\/p>\n\n\n\n<p>In der Region Charkiw wurden w\u00e4hrend einer Sonderoperation des ukrainischen Inlandsgeheimdienstes 11 russische Scharfsch\u00fctzen gefangen, welche Positionen der ukrainischen Streitkr\u00e4fte beschossen. Die Festgenommenen geh\u00f6rten zum sogenannten \u201c115. Regiment der \u201cVolksrepublik Donezk\u201d, \u2013 teilte der Sprecher des Inlandsgeheimdienstes Artem Dechtjarenko mit.<\/p>\n\n\n\n<p><strong>17:40<\/strong><\/p>\n\n\n\n<p>Die russischen Milit\u00e4rs versuchen, Sewerodonezk in der Region Luhansk durch die anliegenden Siedlungen einzukesseln, \u2013 so der Leiter der st\u00e4dtischen Milit\u00e4r- und Ziviladministration Oleksandr Strjuk auf Sendung des Fernsehmarathons UA Razom.<\/p>\n\n\n\n<p>Die Besatzer versuchen, sich aus 3 Richtungen gleichzeitig zu n\u00e4hern, aber das Milit\u00e4r der ukrainischen Streitkr\u00e4fte h\u00e4lt die Verteidigung.<\/p>\n\n\n\n<p><strong>18:00<\/strong><\/p>\n\n\n\n<p>Ein weiterer Gefangenenaustausch fand statt. 41 Personen, darunter 11 Frauen, wurden zur\u00fcckgegeben. 28 Milit\u00e4rs und 13 Zivilisten kommen nach Hause zur\u00fcck, unter ihnen der Vorsteher einer ukrainischen orthodoxen Kirche.<\/p>\n\n\n\n<p>Dar\u00fcber <a href=\"https:\/\/t.me\/vereshchuk_iryna\/1336\">teilte<\/a> die Ministerin f\u00fcr Reintegration der vor\u00fcbergehend besetzten Gebiete der Ukraine Iryna Wereschtschuk mit.<\/p>\n\n\n\n<p><strong>18:50<\/strong><\/p>\n\n\n\n<p>Infolge der Gegenoffensive der ukrainischen Streitkr\u00e4fte wurde Kontrolle \u00fcber den Ortschaften Oleksandriwka, Fedoriwka, Ukrainka, Schestakowe, Peremoha und einen Teil des Dorfes Tscherkaski Tyschky in der Region Charkiw wiederhergestellt, \u2013 so der <a href=\"https:\/\/www.facebook.com\/100069092624537\/posts\/310792804567138\/\">Generalstab der Ukrainischen Streitkr\u00e4fte<\/a>.<\/p>\n\n\n\n<p><strong>20:00<\/strong><\/p>\n\n\n\n<p>Heute wurden aus Sewerodonezk drei Personen evakuiert, in der Stadt bleiben \u00fcber 15 Tausend Einwohner, \u2013 so der Leiter der Regionalen Milit\u00e4rverwaltung Luhansk <a href=\"https:\/\/t.me\/luhanskaVTSA\/2380?single\">Serhij Hajdaj<\/a><strong>.<\/strong><\/p>\n\n\n\n<p>Er teilte auch mit: \u201eDie Situation hat sich immer noch verschlechtert. Die russischen Milit\u00e4rs beschie\u00dfen das regionale Zentrum chaotisch mit schweren Waffen. Die Nachrichten sind entt\u00e4uschend \u2013 die Orks versuchen, Sewerodonezk zu umzingeln und brechen aus verschiedenen Richtungen durch. Unsere Verteidiger halten sie zur\u00fcck und wehren sie ab. Diese Schlachten finden sehr nah neben der Stadt statt\u201c.<\/p>\n\n\n\n<figure class=\"wp-block-image\"><img decoding=\"async\" src=\"https:\/\/lh6.googleusercontent.com\/DW3ffSmWzCdTOBetRJsE791RUPhR-zeVPZ0mATItB8cBQOGCLjuN3QdI1WfFXoTj1pFLXsbody05KpLudd_kC2vKnvUpbqcssuq6Hz8MEOU8XLmZmUkL3KAI5Tigfl2GeImfe_xJhJAKka-lKw\" alt=\"\"\/><\/figure>\n\n\n\n<p><strong>21:50<\/strong>&nbsp;<\/p>\n\n\n\n<p>\u201cHeute haben wir es geschafft, aus Asow-Stahl 50 Frauen, Kinder und \u00e4ltere Menschen zu befreien\u201d, \u2013 <a href=\"https:\/\/t.me\/vereshchuk_iryna\/1337\">teilte<\/a> die Ministerin f\u00fcr Reintegration der vor\u00fcbergehend besetzten Gebiete der Ukraine Iryna Wereschtschuk. Am Samstag, den 7. Mai, fr\u00fch wird die Evakuierungsoperation fortgesetzt.<\/p>\n\n\n\n<p><strong>22:00<\/strong><\/p>\n\n\n\n<p>Die Ukraine hat 49,3% von den f\u00fcr die laufende Pflanzsaison geplanten Fl\u00e4chen mit Getreide bestellt, \u2013 so das Ministerium f\u00fcr Agrarpolitik und Ern\u00e4hrung der Ukraine. Das macht 7,1 Mio. ha von den 14,4 Mio. ha aus, die das Ministerium geplant hat.<\/p>","protected":false},"excerpt":{"rendered":"<p>00:00 \u200b\u200bInfolge des russischen Raketenangriffs auf die Gemeinde Lozowa in der Region Charkiw ist nach Angaben des B\u00fcrgermeisters von Lozova ein Mensch ums Leben gekommen. Die Russen haben auch Farmen in der Gemeinde Dergatschiw in der Region Charkiw zerst\u00f6rt oder gepl\u00fcndert, daher wird es dieses Jahr keine Aussaat geben. 06:40 In Mariupol blockieren die Russen [&hellip;]<\/p>","protected":false},"author":1,"featured_media":4628,"comment_status":"open","ping_status":"open","sticky":false,"template":"","format":"standard","meta":{"footnotes":""},"categories":[1,16],"tags":[],"topic":[],"class_list":["post-4671","post","type-post","status-publish","format-standard","has-post-thumbnail","hentry","category-uncategorized","category-german"],"mb":[],"yoast_head":"<!-- This site is optimized with the Yoast SEO Premium plugin v25.6 (Yoast SEO v25.6) - https:\/\/yoast.com\/wordpress\/plugins\/seo\/ -->\n<title>Nachrichten aus der Ukraine vom 6 Mai<\/title>\n<meta name=\"description\" content=\"Transatlantic Dialogue Center - Promoting International Peace and Security at Kyiv, Ukraine - Nachrichten aus der Ukraine vom 06. Mai\" \/>\n<meta name=\"robots\" content=\"index, follow, max-snippet:-1, max-image-preview:large, max-video-preview:-1\" \/>\n<link rel=\"canonical\" href=\"https:\/\/tdcenter.org\/de\/2022\/05\/07\/german-47-2\/\" \/>\n<meta property=\"og:locale\" content=\"de_DE\" \/>\n<meta property=\"og:type\" content=\"article\" \/>\n<meta property=\"og:title\" content=\"06.Mai, 2022 | T\u00e4gliches Briefing\" \/>\n<meta property=\"og:description\" content=\"Transatlantic Dialogue Center (TDC) is a non-governmental and non-partisan think tank that provides high-quality policy advice to private and public clients. The network of our friends and partners includes government officials, members of parliaments, businessmen, journalists, experts and analysts.\" \/>\n<meta property=\"og:url\" content=\"https:\/\/tdcenter.org\/de\/2022\/05\/07\/german-47-2\/\" \/>\n<meta property=\"og:site_name\" content=\"Transatlantic Dialogue Center\" \/>\n<meta property=\"article:publisher\" content=\"https:\/\/www.facebook.com\/Transatlantic-Dialogue-Center-105645698740463\" \/>\n<meta property=\"article:published_time\" content=\"2022-05-07T06:54:23+00:00\" \/>\n<meta property=\"article:modified_time\" content=\"2022-05-07T06:54:30+00:00\" \/>\n<meta property=\"og:image\" content=\"https:\/\/tdcenter.org\/wp-content\/uploads\/2022\/05\/photo_2022-05-04_17-31-58.jpg\" \/>\n\t<meta property=\"og:image:width\" content=\"2560\" \/>\n\t<meta property=\"og:image:height\" content=\"1798\" \/>\n\t<meta property=\"og:image:type\" content=\"image\/jpeg\" \/>\n<meta name=\"author\" content=\"tdcadmin\" \/>\n<meta name=\"twitter:card\" content=\"summary_large_image\" \/>\n<meta name=\"twitter:label1\" content=\"Verfasst von\" \/>\n\t<meta name=\"twitter:data1\" content=\"tdcadmin\" \/>\n\t<meta name=\"twitter:label2\" content=\"Gesch\u00e4tzte Lesezeit\" \/>\n\t<meta name=\"twitter:data2\" content=\"7\u00a0Minuten\" \/>\n<script type=\"application\/ld+json\" class=\"yoast-schema-graph\">{\"@context\":\"https:\/\/schema.org\",\"@graph\":[{\"@type\":\"Article\",\"@id\":\"https:\/\/tdcenter.org\/2022\/05\/07\/german-47-2\/#article\",\"isPartOf\":{\"@id\":\"https:\/\/tdcenter.org\/2022\/05\/07\/german-47-2\/\"},\"author\":{\"name\":\"tdcadmin\",\"@id\":\"https:\/\/tdcenter.org\/#\/schema\/person\/93d6a1a71a5db737f83ae00987761c07\"},\"headline\":\"06.Mai, 2022 | T\u00e4gliches Briefing\",\"datePublished\":\"2022-05-07T06:54:23+00:00\",\"dateModified\":\"2022-05-07T06:54:30+00:00\",\"mainEntityOfPage\":{\"@id\":\"https:\/\/tdcenter.org\/2022\/05\/07\/german-47-2\/\"},\"wordCount\":1061,\"commentCount\":0,\"publisher\":{\"@id\":\"https:\/\/tdcenter.org\/#organization\"},\"image\":{\"@id\":\"https:\/\/tdcenter.org\/2022\/05\/07\/german-47-2\/#primaryimage\"},\"thumbnailUrl\":\"https:\/\/tdcenter.org\/wp-content\/uploads\/2022\/05\/photo_2022-05-04_17-31-58.jpg\",\"articleSection\":[\"Briefings\",\"German\"],\"inLanguage\":\"de\",\"potentialAction\":[{\"@type\":\"CommentAction\",\"name\":\"Comment\",\"target\":[\"https:\/\/tdcenter.org\/2022\/05\/07\/german-47-2\/#respond\"]}]},{\"@type\":\"WebPage\",\"@id\":\"https:\/\/tdcenter.org\/2022\/05\/07\/german-47-2\/\",\"url\":\"https:\/\/tdcenter.org\/2022\/05\/07\/german-47-2\/\",\"name\":\"Nachrichten aus der Ukraine vom 6 Mai\",\"isPartOf\":{\"@id\":\"https:\/\/tdcenter.org\/#website\"},\"primaryImageOfPage\":{\"@id\":\"https:\/\/tdcenter.org\/2022\/05\/07\/german-47-2\/#primaryimage\"},\"image\":{\"@id\":\"https:\/\/tdcenter.org\/2022\/05\/07\/german-47-2\/#primaryimage\"},\"thumbnailUrl\":\"https:\/\/tdcenter.org\/wp-content\/uploads\/2022\/05\/photo_2022-05-04_17-31-58.jpg\",\"datePublished\":\"2022-05-07T06:54:23+00:00\",\"dateModified\":\"2022-05-07T06:54:30+00:00\",\"description\":\"Transatlantic Dialogue Center - Promoting International Peace and Security at Kyiv, Ukraine - Nachrichten aus der Ukraine vom 06. Mai\",\"breadcrumb\":{\"@id\":\"https:\/\/tdcenter.org\/2022\/05\/07\/german-47-2\/#breadcrumb\"},\"inLanguage\":\"de\",\"potentialAction\":[{\"@type\":\"ReadAction\",\"target\":[\"https:\/\/tdcenter.org\/2022\/05\/07\/german-47-2\/\"]}]},{\"@type\":\"ImageObject\",\"inLanguage\":\"de\",\"@id\":\"https:\/\/tdcenter.org\/2022\/05\/07\/german-47-2\/#primaryimage\",\"url\":\"https:\/\/tdcenter.org\/wp-content\/uploads\/2022\/05\/photo_2022-05-04_17-31-58.jpg\",\"contentUrl\":\"https:\/\/tdcenter.org\/wp-content\/uploads\/2022\/05\/photo_2022-05-04_17-31-58.jpg\",\"width\":2560,\"height\":1798},{\"@type\":\"BreadcrumbList\",\"@id\":\"https:\/\/tdcenter.org\/2022\/05\/07\/german-47-2\/#breadcrumb\",\"itemListElement\":[{\"@type\":\"ListItem\",\"position\":1,\"name\":\"Home\",\"item\":\"https:\/\/tdcenter.org\/\"},{\"@type\":\"ListItem\",\"position\":2,\"name\":\"06.Mai, 2022 | T\u00e4gliches Briefing\"}]},{\"@type\":\"WebSite\",\"@id\":\"https:\/\/tdcenter.org\/#website\",\"url\":\"https:\/\/tdcenter.org\/\",\"name\":\"Transatlantic Dialogue Center\",\"description\":\"Promoting International Peace and Security\",\"publisher\":{\"@id\":\"https:\/\/tdcenter.org\/#organization\"},\"potentialAction\":[{\"@type\":\"SearchAction\",\"target\":{\"@type\":\"EntryPoint\",\"urlTemplate\":\"https:\/\/tdcenter.org\/?s={search_term_string}\"},\"query-input\":{\"@type\":\"PropertyValueSpecification\",\"valueRequired\":true,\"valueName\":\"search_term_string\"}}],\"inLanguage\":\"de\"},{\"@type\":\"Organization\",\"@id\":\"https:\/\/tdcenter.org\/#organization\",\"name\":\"Transatlantic Dialogue Center\",\"url\":\"https:\/\/tdcenter.org\/\",\"logo\":{\"@type\":\"ImageObject\",\"inLanguage\":\"de\",\"@id\":\"https:\/\/tdcenter.org\/#\/schema\/logo\/image\/\",\"url\":\"https:\/\/tdcenter.org\/wp-content\/uploads\/2022\/04\/google.png\",\"contentUrl\":\"https:\/\/tdcenter.org\/wp-content\/uploads\/2022\/04\/google.png\",\"width\":2568,\"height\":2487,\"caption\":\"Transatlantic Dialogue Center\"},\"image\":{\"@id\":\"https:\/\/tdcenter.org\/#\/schema\/logo\/image\/\"},\"sameAs\":[\"https:\/\/www.facebook.com\/Transatlantic-Dialogue-Center-105645698740463\",\"https:\/\/www.youtube.com\/channel\/UCpJuhU4JBfpv_jsldNOc5LA\"]},{\"@type\":\"Person\",\"@id\":\"https:\/\/tdcenter.org\/#\/schema\/person\/93d6a1a71a5db737f83ae00987761c07\",\"name\":\"tdcadmin\",\"image\":{\"@type\":\"ImageObject\",\"inLanguage\":\"de\",\"@id\":\"https:\/\/tdcenter.org\/#\/schema\/person\/image\/\",\"url\":\"https:\/\/secure.gravatar.com\/avatar\/198c4923e942ad48f3c056a1552d6b6dd5416f868f5f4884486644de304effa7?s=96&d=mm&r=g\",\"contentUrl\":\"https:\/\/secure.gravatar.com\/avatar\/198c4923e942ad48f3c056a1552d6b6dd5416f868f5f4884486644de304effa7?s=96&d=mm&r=g\",\"caption\":\"tdcadmin\"},\"sameAs\":[\"https:\/\/tdcenter.org\"]}]}<\/script>\n<!-- \/ Yoast SEO Premium plugin. -->","yoast_head_json":{"title":"Nachrichten aus der Ukraine vom 6 Mai","description":"Transatlantic Dialogue Center - Promoting International Peace and Security at Kyiv, Ukraine - Nachrichten aus der Ukraine vom 06. Mai","robots":{"index":"index","follow":"follow","max-snippet":"max-snippet:-1","max-image-preview":"max-image-preview:large","max-video-preview":"max-video-preview:-1"},"canonical":"https:\/\/tdcenter.org\/de\/2022\/05\/07\/german-47-2\/","og_locale":"de_DE","og_type":"article","og_title":"06.Mai, 2022 | T\u00e4gliches Briefing","og_description":"Transatlantic Dialogue Center (TDC) is a non-governmental and non-partisan think tank that provides high-quality policy advice to private and public clients. The network of our friends and partners includes government officials, members of parliaments, businessmen, journalists, experts and analysts.","og_url":"https:\/\/tdcenter.org\/de\/2022\/05\/07\/german-47-2\/","og_site_name":"Transatlantic Dialogue Center","article_publisher":"https:\/\/www.facebook.com\/Transatlantic-Dialogue-Center-105645698740463","article_published_time":"2022-05-07T06:54:23+00:00","article_modified_time":"2022-05-07T06:54:30+00:00","og_image":[{"width":2560,"height":1798,"url":"https:\/\/tdcenter.org\/wp-content\/uploads\/2022\/05\/photo_2022-05-04_17-31-58.jpg","type":"image\/jpeg"}],"author":"tdcadmin","twitter_card":"summary_large_image","twitter_misc":{"Verfasst von":"tdcadmin","Gesch\u00e4tzte Lesezeit":"7\u00a0Minuten"},"schema":{"@context":"https:\/\/schema.org","@graph":[{"@type":"Article","@id":"https:\/\/tdcenter.org\/2022\/05\/07\/german-47-2\/#article","isPartOf":{"@id":"https:\/\/tdcenter.org\/2022\/05\/07\/german-47-2\/"},"author":{"name":"tdcadmin","@id":"https:\/\/tdcenter.org\/#\/schema\/person\/93d6a1a71a5db737f83ae00987761c07"},"headline":"06.Mai, 2022 | T\u00e4gliches Briefing","datePublished":"2022-05-07T06:54:23+00:00","dateModified":"2022-05-07T06:54:30+00:00","mainEntityOfPage":{"@id":"https:\/\/tdcenter.org\/2022\/05\/07\/german-47-2\/"},"wordCount":1061,"commentCount":0,"publisher":{"@id":"https:\/\/tdcenter.org\/#organization"},"image":{"@id":"https:\/\/tdcenter.org\/2022\/05\/07\/german-47-2\/#primaryimage"},"thumbnailUrl":"https:\/\/tdcenter.org\/wp-content\/uploads\/2022\/05\/photo_2022-05-04_17-31-58.jpg","articleSection":["Briefings","German"],"inLanguage":"de","potentialAction":[{"@type":"CommentAction","name":"Comment","target":["https:\/\/tdcenter.org\/2022\/05\/07\/german-47-2\/#respond"]}]},{"@type":"WebPage","@id":"https:\/\/tdcenter.org\/2022\/05\/07\/german-47-2\/","url":"https:\/\/tdcenter.org\/2022\/05\/07\/german-47-2\/","name":"Nachrichten aus der Ukraine vom 6 Mai","isPartOf":{"@id":"https:\/\/tdcenter.org\/#website"},"primaryImageOfPage":{"@id":"https:\/\/tdcenter.org\/2022\/05\/07\/german-47-2\/#primaryimage"},"image":{"@id":"https:\/\/tdcenter.org\/2022\/05\/07\/german-47-2\/#primaryimage"},"thumbnailUrl":"https:\/\/tdcenter.org\/wp-content\/uploads\/2022\/05\/photo_2022-05-04_17-31-58.jpg","datePublished":"2022-05-07T06:54:23+00:00","dateModified":"2022-05-07T06:54:30+00:00","description":"Transatlantic Dialogue Center - Promoting International Peace and Security at Kyiv, Ukraine - Nachrichten aus der Ukraine vom 06. Mai","breadcrumb":{"@id":"https:\/\/tdcenter.org\/2022\/05\/07\/german-47-2\/#breadcrumb"},"inLanguage":"de","potentialAction":[{"@type":"ReadAction","target":["https:\/\/tdcenter.org\/2022\/05\/07\/german-47-2\/"]}]},{"@type":"ImageObject","inLanguage":"de","@id":"https:\/\/tdcenter.org\/2022\/05\/07\/german-47-2\/#primaryimage","url":"https:\/\/tdcenter.org\/wp-content\/uploads\/2022\/05\/photo_2022-05-04_17-31-58.jpg","contentUrl":"https:\/\/tdcenter.org\/wp-content\/uploads\/2022\/05\/photo_2022-05-04_17-31-58.jpg","width":2560,"height":1798},{"@type":"BreadcrumbList","@id":"https:\/\/tdcenter.org\/2022\/05\/07\/german-47-2\/#breadcrumb","itemListElement":[{"@type":"ListItem","position":1,"name":"Home","item":"https:\/\/tdcenter.org\/"},{"@type":"ListItem","position":2,"name":"06.Mai, 2022 | T\u00e4gliches Briefing"}]},{"@type":"WebSite","@id":"https:\/\/tdcenter.org\/#website","url":"https:\/\/tdcenter.org\/","name":"Transatlantic Dialogue Center","description":"F\u00f6rderung des internationalen Friedens und der Sicherheit","publisher":{"@id":"https:\/\/tdcenter.org\/#organization"},"potentialAction":[{"@type":"SearchAction","target":{"@type":"EntryPoint","urlTemplate":"https:\/\/tdcenter.org\/?s={search_term_string}"},"query-input":{"@type":"PropertyValueSpecification","valueRequired":true,"valueName":"search_term_string"}}],"inLanguage":"de"},{"@type":"Organization","@id":"https:\/\/tdcenter.org\/#organization","name":"Transatlantic Dialogue Center","url":"https:\/\/tdcenter.org\/","logo":{"@type":"ImageObject","inLanguage":"de","@id":"https:\/\/tdcenter.org\/#\/schema\/logo\/image\/","url":"https:\/\/tdcenter.org\/wp-content\/uploads\/2022\/04\/google.png","contentUrl":"https:\/\/tdcenter.org\/wp-content\/uploads\/2022\/04\/google.png","width":2568,"height":2487,"caption":"Transatlantic Dialogue Center"},"image":{"@id":"https:\/\/tdcenter.org\/#\/schema\/logo\/image\/"},"sameAs":["https:\/\/www.facebook.com\/Transatlantic-Dialogue-Center-105645698740463","https:\/\/www.youtube.com\/channel\/UCpJuhU4JBfpv_jsldNOc5LA"]},{"@type":"Person","@id":"https:\/\/tdcenter.org\/#\/schema\/person\/93d6a1a71a5db737f83ae00987761c07","name":"tdcadmin","image":{"@type":"ImageObject","inLanguage":"de","@id":"https:\/\/tdcenter.org\/#\/schema\/person\/image\/","url":"https:\/\/secure.gravatar.com\/avatar\/198c4923e942ad48f3c056a1552d6b6dd5416f868f5f4884486644de304effa7?s=96&d=mm&r=g","contentUrl":"https:\/\/secure.gravatar.com\/avatar\/198c4923e942ad48f3c056a1552d6b6dd5416f868f5f4884486644de304effa7?s=96&d=mm&r=g","caption":"tdcadmin"},"sameAs":["https:\/\/tdcenter.org"]}]}},"mfb_rest_fields":["title","yoast_head","yoast_head_json","gutenberg_elementor_mode"],"_links":{"self":[{"href":"https:\/\/tdcenter.org\/de\/wp-json\/wp\/v2\/posts\/4671","targetHints":{"allow":["GET"]}}],"collection":[{"href":"https:\/\/tdcenter.org\/de\/wp-json\/wp\/v2\/posts"}],"about":[{"href":"https:\/\/tdcenter.org\/de\/wp-json\/wp\/v2\/types\/post"}],"author":[{"embeddable":true,"href":"https:\/\/tdcenter.org\/de\/wp-json\/wp\/v2\/users\/1"}],"replies":[{"embeddable":true,"href":"https:\/\/tdcenter.org\/de\/wp-json\/wp\/v2\/comments?post=4671"}],"version-history":[{"count":0,"href":"https:\/\/tdcenter.org\/de\/wp-json\/wp\/v2\/posts\/4671\/revisions"}],"wp:featuredmedia":[{"embeddable":true,"href":"https:\/\/tdcenter.org\/de\/wp-json\/wp\/v2\/media\/4628"}],"wp:attachment":[{"href":"https:\/\/tdcenter.org\/de\/wp-json\/wp\/v2\/media?parent=4671"}],"wp:term":[{"taxonomy":"category","embeddable":true,"href":"https:\/\/tdcenter.org\/de\/wp-json\/wp\/v2\/categories?post=4671"},{"taxonomy":"post_tag","embeddable":true,"href":"https:\/\/tdcenter.org\/de\/wp-json\/wp\/v2\/tags?post=4671"},{"taxonomy":"topic","embeddable":true,"href":"https:\/\/tdcenter.org\/de\/wp-json\/wp\/v2\/topic?post=4671"}],"curies":[{"name":"wp","href":"https:\/\/api.w.org\/{rel}","templated":true}]}}