{"id":4636,"date":"2022-05-06T07:27:04","date_gmt":"2022-05-06T04:27:04","guid":{"rendered":"https:\/\/tdcenter.org\/?p=4636"},"modified":"2022-05-06T10:19:08","modified_gmt":"2022-05-06T07:19:08","slug":"french-37","status":"publish","type":"post","link":"https:\/\/tdcenter.org\/de\/2022\/05\/06\/french-37\/","title":{"rendered":"5 Mai 2022 | le briefing quotidien"},"content":{"rendered":"<p><strong>00:00<\/strong><\/p>\n\n\n\n<p>Les russes ont bombard\u00e9 plusieurs villages frontaliers de la r\u00e9gion de Soumy. Les colonies de Sopych, Bachivsk et Tovstodoubovo ont essuy\u00e9 des tirs de mortier. Il n&#8217;y a pas de victimes parmi la population.<\/p>\n\n\n\n<p><strong>01:00&nbsp;<\/strong><\/p>\n\n\n\n<p>Les villes de Dnipro, Mykola\u00efv, Odessa et Zaporizhzhia ont \u00e9t\u00e9 touch\u00e9es par les missiles. Dans la ville de Dnipro, le coup est tomb\u00e9 sur le centre-ville, \u00e9galement \u00e0 la suite de bombardements, l&#8217;infrastructure ferroviaire de Dnipro est endommag\u00e9e.&nbsp;<\/p>\n\n\n\n<p><strong>02:00<\/strong><\/p>\n\n\n\n<p>Le commandant du r\u00e9giment AZOV, Denys Prokopenko a publi\u00e9 <a href=\"https:\/\/www.youtube.com\/watch?v=sfut7dFTxRc\">l&#8217;appel vid\u00e9o<\/a> concernant la situation \u00e0 l&#8217;usine d&#8217;AZOVSTAL, o\u00f9 l&#8217;arm\u00e9e ukrainienne tient la d\u00e9fense circulaire. Il a qualifi\u00e9 la situation comme difficile, ayant aussi confirm\u00e9 la pr\u00e9sence de troupes russes sur le territoire de l&#8217;usine et a remerci\u00e9 le monde entier pour l&#8217;\u00e9norme soutien de la garnison ukrainienne. &#8220;Malgr\u00e9 tout, nous continuons \u00e0 ex\u00e9cuter l&#8217;ordre de garder la d\u00e9fense&#8221;, il a d\u00e9clar\u00e9.<\/p>\n\n\n\n<p><strong>03:00&nbsp;<\/strong><\/p>\n\n\n\n<p>Le 4 mai, le journaliste ukrainien Oleksandr Makhov a \u00e9t\u00e9 tu\u00e9 dans des combats pr\u00e8s de la ville d&#8217;Izyum. Oleksandr a \u00e9t\u00e9 rappel\u00e9 par de nombreux t\u00e9l\u00e9spectateurs pour ses reportages tr\u00e8s m\u00e9diatis\u00e9s. Il a \u00e9t\u00e9 le seul journaliste \u00e0 rejoindre l&#8217;\u00e9quipe ayant \u00e9vacu\u00e9 les ukrainiens de Wuhan au d\u00e9but de l&#8217;\u00e9pid\u00e9mie de coronavirus. Il \u00e9tait membre de la d\u00e9l\u00e9gation ukrainienne en Antarctique. Son dernier message au <a href=\"https:\/\/www.facebook.com\/profile.php?id=100000603522570\">r\u00e9seau social Facebook<\/a> contient les mots &#8220;Je veux que vous soyez fiers de notre arm\u00e9e. Nous nous battons avec notre pays. Pour notre maison&#8221;.<\/p>\n\n\n\n<figure class=\"wp-block-image\"><img decoding=\"async\" src=\"https:\/\/lh6.googleusercontent.com\/Hz-Gt0ZPM7bMHdeXVo9GfV9w02Ng8i1FkrlXKAECRjQiTy2pu7YvqZRyQuA5dmHJbDIZryoG2cwMX_DXxjG_tCtbgusPl9WfrO5WOOSTuiRdo-lb-S0Gkq7I_fSQw6RXFYPOtqLK-4T7jv8sSg\" alt=\"\"\/><\/figure>\n\n\n\n<p><strong>04:00<\/strong><\/p>\n\n\n\n<p>Au cours de 4 mai, les autorit\u00e9s ukrainiennes ont \u00e9vacu\u00e9 344 citoyens de Marioupol et de sa p\u00e9riph\u00e9rie. Cela a <a href=\"https:\/\/www.facebook.com\/100007211555008\/videos\/1116730885838474\/\">\u00e9t\u00e9 d\u00e9clar\u00e9<\/a> par le Pr\u00e9sident Volodymyr Zelenskyi dans son discours aux Ukrainiens \u00e0 la fin du 70-e jour de la guerre de la Russie avec l&#8217;Ukraine.&nbsp;<\/p>\n\n\n\n<p><strong>09:00&nbsp;<\/strong><\/p>\n\n\n\n<p>L\u2019habitant de Mariupol Igor avec son chien Zhouzha <a href=\"https:\/\/www.dw.com\/uk\/staryi-i-sobaka-200-kilometriv-pishoho-poriatunku-z-mariupolia\/av-61672893#spark_wn=1\">a pass\u00e9 200 kilom\u00e8tres<\/a>, ayant pour but de se rendre de la ville bloqu\u00e9e \u00e0 Zaporizhzhia.<\/p>\n\n\n\n<p><strong>10:00<\/strong><\/p>\n\n\n\n<p>Le blogueur Anatoliy Shariy a \u00e9t\u00e9 arr\u00eat\u00e9 en Espagne \u00e0 la demande des services sp\u00e9ciaux ukrainiens. Cela a \u00e9t\u00e9 rapport\u00e9 par le Service de s\u00e9curit\u00e9 de l&#8217;Ukraine. Il est accus\u00e9e de trahison et de crimes en vertu de l&#8217;article 161 du Code p\u00e9nal ukrainien (violation de l&#8217;\u00e9galit\u00e9 des citoyens en fonction de leur race, nationalit\u00e9, croyances religieuses, handicap et autres motifs). La d\u00e9tention a \u00e9t\u00e9 rendue possible gr\u00e2ce \u00e0 la coop\u00e9ration du SBU avec la police nationale en Espagne et le bureau de l&#8217;attach\u00e9 espagnol en Ukraine.<\/p>\n\n\n\n<figure class=\"wp-block-image\"><img decoding=\"async\" src=\"https:\/\/lh6.googleusercontent.com\/r21muYfI5WGva9SItabAdMiY5QYN2KopCfeTy6FERWMe3UHaIaJ7XlhhxHAgOGjBc25-cv6BFPQma0Yw5mIUT3hxMQzhSJQ0rJ43Csb4bGPCfji6ltuebDsM5O_ZRbIjZg2IapQ9AK8W3j9gEQ\" alt=\"\"\/><\/figure>\n\n\n\n<p><strong>10:30&nbsp;<\/strong><\/p>\n\n\n\n<p>&nbsp;La derni\u00e8re journ\u00e9e (4 mai), les occupants russes ont frapp\u00e9 les villages de Gorskoye et Komyshuvakha, les villes de Severodonetsk, Novodruzhesk et Lysychansk dans la r\u00e9gion de Louhansk. Cinq civils de la r\u00e9gion ont \u00e9t\u00e9 tu\u00e9s par des \u00e9clats d&#8217;obus.<\/p>\n\n\n\n<p><strong>11:00<\/strong><\/p>\n\n\n\n<p>Les pompiers ukrainiens ont localis\u00e9 un incendie de for\u00eat pr\u00e8s du poste de contr\u00f4le de Dytyatky dans la zone d&#8217;exclusion pr\u00e8s de la station nucl\u00e9aire de Tchernobyl. Il n&#8217;y a aucune menace de propagation du feu, mais l&#8217;extinction est compliqu\u00e9e par le fait que la for\u00eat a \u00e9t\u00e9 min\u00e9e pendant l&#8217;occupation militaire russe de Tchernobyl.&nbsp;<\/p>\n\n\n\n<p><em>Photos de la sc\u00e8ne: <\/em><a href=\"https:\/\/www.facebook.com\/photo?fbid=367245498776679&amp;set=pcb.367252445442651\">https:\/\/www.facebook.com\/photo?fbid=367245498776679&amp;set=pcb.367252445442651<\/a><\/p>\n\n\n\n<p>&nbsp;ainsi <a href=\"https:\/\/www.facebook.com\/photo?fbid=367245578776671&amp;set=pcb.367252445442651\">qu&#8217;ici<\/a>.<\/p>\n\n\n\n<p><strong>12:00<\/strong><\/p>\n\n\n\n<p>La plateforme mondiale United24, lanc\u00e9e \u00e0 l&#8217;initiative du pr\u00e9sident Volodymyr Zelensky, a commenc\u00e9 \u00e0 fonctionner en Ukraine. Avec l&#8217;aide du site Web <a href=\"https:\/\/u24.gov.ua\/\">https:\/\/u24.gov.ua\/<\/a>, chacun peut apporter sa contribution pour aider le syst\u00e8me m\u00e9dical \u00e0 surmonter les cons\u00e9quences de l&#8217;entr\u00e9e.<\/p>\n\n\n\n<p><strong>13.00<\/strong><\/p>\n\n\n\n<p>Dans la ville temporairement occup\u00e9e d&#8217;Energodar, dans la r\u00e9gion de Zaporijia, le TPP a \u00e9t\u00e9 ferm\u00e9. Le maire Dmytro Orlov a <a href=\"https:\/\/t.me\/orlovdmytroEn\/419\">expliqu\u00e9<\/a> qu&#8217;il s&#8217;agissait d&#8217;une mesure forc\u00e9e &#8211; l&#8217;entreprise a manqu\u00e9 de charbon et il est impossible d&#8217;organiser ses livraisons r\u00e9guli\u00e8res en raison de l&#8217;occupation.<\/p>\n\n\n\n<figure class=\"wp-block-image\"><img decoding=\"async\" src=\"https:\/\/lh6.googleusercontent.com\/n5Rq60qsK72M-cKY64ndBVTtkl7Qp7gKfrZrA9R3oqkcF2kS3h9-rCzYtrtGd4y9xMPz1ztUevWmUDBNJqnOVVLIeiKMwemalyq8UFY_1YfNehKetJavoEy0mF7DVq6_iEWy3pI\" alt=\"\"\/><\/figure>\n\n\n\n<p><strong>14.00<\/strong><\/p>\n\n\n\n<p>L&#8217;ombudsman Lyudmila Denisova a <a href=\"https:\/\/t.me\/denisovaombudsman\/5762\">racont\u00e9<\/a> des camps de &#8220;filtration&#8221; dans les villages de Bezymenne et Kozatske dans le district de Novoazovsk.<\/p>\n\n\n\n<p>Ils ont \u00e9t\u00e9 plac\u00e9s \u00e0 l&#8217;\u00e9cole et au club, o\u00f9 ils sont constamment sous la surveillance d&#8217;un convoi de soldats russes. Les gens dorment par terre dans les couloirs. Ils sont nourris de balanda [\u00e9d. tr\u00e8s rare soupe maigre]. Parmi les proc\u00e9dures hygi\u00e9niques, un seul \u00e9vier avec de l&#8217;eau froide est disponible pour des centaines de personnes. Les hommes sont battus et tortur\u00e9s pour la moindre d\u00e9sob\u00e9issance.&nbsp;<\/p>\n\n\n\n<p>Le premier cas de tuberculose a d\u00e9j\u00e0 \u00e9t\u00e9 enregistr\u00e9 \u00e0 l&#8217;\u00e9cole de Bezymennoye, alors les occupants ont transform\u00e9 le gymnase en une salle d&#8217;isolement o\u00f9 un grand nombre de personnes sont gard\u00e9es. Un homme est mort dans un camp du village de Kozatske en raison du refus des occupants d&#8217;appeler une ambulance.<\/p>\n\n\n\n<p>Les hommes ont \u00e9galement \u00e9t\u00e9 inform\u00e9s qu&#8217;ils participeraient au &#8220;d\u00e9fil\u00e9&#8221; du 9 mai \u00e0 Marioupol en tant que &#8220;prisonniers&#8221;.<\/p>\n\n\n\n<p><strong>15.00<\/strong><\/p>\n\n\n\n<p>Le commandant adjoint du r\u00e9giment Azov, le capitaine Sviatoslav Palamar, qui d\u00e9fend Marioupol, a <a href=\"https:\/\/t.me\/polkazov\/4462\">enregistr\u00e9<\/a> un message vid\u00e9o.<\/p>\n\n\n\n<p><img fetchpriority=\"high\" decoding=\"async\" src=\"https:\/\/lh6.googleusercontent.com\/I9gif72uI8MVnW8Rz6JVxvMbwCCBur4sXtHEaEd2QluOj8KSuqEPRQTkfknLn9jTRLl1CoOD5VcqslferPGBdu6X6zER_s3ir6KO24jZCqVPyGAriMcoeJPuNQ9dQS5dOAO81IQ\" width=\"401\" height=\"224\"><\/p>\n\n\n\n<p>&#8220;Nous appelons la communaut\u00e9 mondiale \u00e0 \u00e9vacuer les civils, et j&#8217;appelle personnellement le Commandant en chef supr\u00eame \u00e0 prendre soin des soldats bless\u00e9s qui meurent \u00e0 l&#8217;agonie \u00e0 cause d&#8217;un traitement inad\u00e9quat. Donnez l&#8217;opportunit\u00e9 de ramasser les corps des soldats afin que les Ukrainiens puissent dire au revoir \u00e0 leurs h\u00e9ros.&nbsp;<\/p>\n\n\n\n<p>R\u00e9pondre de mani\u00e8re appropri\u00e9e \u00e0 une situation critique dans laquelle l&#8217;ennemi n&#8217;adh\u00e8re \u00e0 aucune norme \u00e9thique, convention ou loi, d\u00e9truisant des personnes devant le monde entier, guid\u00e9 par la permissivit\u00e9 et l&#8217;impunit\u00e9 ! \u00bb<\/p>\n\n\n\n<p><strong>16.00<\/strong><\/p>\n\n\n\n<p>L&#8217;Ukraine est pr\u00eate \u00e0 arr\u00eater le transit du gaz russe sur son territoire si les pays europ\u00e9ens d\u00e9cident de l&#8217;abandonner, a <a href=\"https:\/\/www.ukrinform.ua\/rubric-economy\/3475705-ukraina-gotova-pripiniti-tranzit-akso-evropa-vidmovitsa-vid-gazu-rf-gerus.html\">d\u00e9clar\u00e9<\/a> le pr\u00e9sident de la commission de l&#8217;\u00e9nergie de la Verkhovna Rada.<\/p>\n\n\n\n<p>Il faut noter que malgr\u00e9 la guerre, le gaz russe est en transit vers l&#8217;Europe. Cela est d\u00fb \u00e0 un accord de transit entre Naftogaz et Gazprom, qui a \u00e9t\u00e9 sign\u00e9 fin 2019&nbsp; pour cinq ans.<\/p>\n\n\n\n<p><strong>17.00<\/strong><\/p>\n\n\n\n<figure class=\"wp-block-image\"><img decoding=\"async\" src=\"https:\/\/lh3.googleusercontent.com\/voMVV9y9I3ocg6AcgpiRytxe8ZgPOug7-y-euzu_0CmQzMZpwDg2LqnA2ciMsVS8qgFTE8HmG7DtTKkhzvkq9EMxq5btqsH8GJ2AJm7OrXxiZvoTFC3ttLqbBEbAog4rM_R_dy_6nWGa00oqDw\" alt=\"\"\/><\/figure>\n\n\n\n<p>La retrait\u00e9e Anna Ivanova, qui est sortie avec un drapeau bolchevique rouge pour rencontrer l&#8217;arm\u00e9e ukrainienne, ne <a href=\"https:\/\/www.pravda.com.ua\/news\/2022\/05\/5\/7344253\/\">jure<\/a> que l&#8217;arm\u00e9e russe pour sa maison d\u00e9truite.<\/p>\n\n\n\n<p>Contrairement \u00e0 la propagande, le fils d&#8217;Anna Ivanovna ne l&#8217;a pas emmen\u00e9e en Russie et elle-m\u00eame s&#8217;est rendu compte que sa maison \u00e9tait bombard\u00e9e par les occupants russes.<\/p>\n\n\n\n<p>Anna Ivanivna dit qu&#8217;elle a rejoint l&#8217;arm\u00e9e ukrainienne parce qu&#8217;elle pensait qu&#8217;ils \u00e9taient des occupants et qu&#8217;elle a essay\u00e9 de &#8220;se r\u00e9concilier&#8221; avec eux avec le drapeau bolchevique rouge afin qu&#8217;ils ne &#8220;d\u00e9truisent&#8221; pas le village et l&#8217;Ukraine. Mais maintenant, elle se sent comme une &#8220;tra\u00eetre&#8221;.<\/p>\n\n\n\n<p>Les forces arm\u00e9es ont exhort\u00e9 \u00e0 ne pas humilier ou harceler la vieille femme!<\/p>\n\n\n\n<p>Rappellerons que les r\u00e9seaux sociaux russes ont diffus\u00e9 une vid\u00e9o o\u00f9 la grand-m\u00e8re s&#8217;adressait aux \u00ab punisseurs ukrainiens \u00bb avec un drapeau rouge. Les occupants ont cr\u00e9\u00e9 l&#8217;image d&#8217;une femme qui r\u00eave de retrouver la Russie et de faire revivre l&#8217;Union sovi\u00e9tique.<\/p>\n\n\n\n<p><strong>18.00<\/strong><\/p>\n\n\n\n<p>66% des Europ\u00e9ens <a href=\"https:\/\/news.liga.net\/ua\/politics\/news\/66-evropeytsev-podderjivayut-vstuplenie-ukrainy-v-es-bolshe-vsego-v-portugalii\">soutiennent<\/a> l&#8217;adh\u00e9sion de l&#8217;Ukraine \u00e0 l&#8217;UE.<\/p>\n\n\n\n<figure class=\"wp-block-image\"><img decoding=\"async\" src=\"https:\/\/lh6.googleusercontent.com\/j-RSTvUEj834jq1LKBGi0ZhYfurT1wK43lARLvVJ7U_beHW2G3xb5dpXKjfmCb7_bakbLZVotL3oMuejexzH_1lwdeqyBJhIWbwmkZtZFgk_pevDyWILwddH1Avdw9dE9kcjjFo\" alt=\"\"\/><\/figure>\n\n\n\n<p>Le sondage a montr\u00e9 que 89% des Europ\u00e9ens sympathisent avec les Ukrainiens, 88% approuvent l&#8217;id\u00e9e d&#8217;inviter des personnes fuyant la guerre dans l&#8217;UE et 80% approuvent le soutien financier apport\u00e9 \u00e0 l&#8217;Ukraine.<\/p>\n\n\n\n<p><strong>19.00<\/strong><\/p>\n\n\n\n<p>Le d\u00e9tachement des forces sp\u00e9ciales d&#8217;Azov a <a href=\"https:\/\/t.me\/polkazov\/4463\">publi\u00e9<\/a> des images d&#8217;assaut d&#8217;Azovstal.<\/p>\n\n\n\n<p>&#8220;L&#8217;assaut sur Azovstal continue ! Les d\u00e9fenseurs gardent l&#8217;usine sous un feu nourri. L&#8217;ennemi utilise des avions, de l&#8217;artillerie et de l&#8217;infanterie.&#8221;<\/p>\n\n\n\n<figure class=\"wp-block-image\"><img decoding=\"async\" src=\"https:\/\/lh6.googleusercontent.com\/YII6tdBV5cuP_2exOpuOGaYdouY9kHWex1l_8Hbs_EN2iJmU9BT8BtqtwfNbJCsUzm7wz5wP9_Dvok9F8K37V7pOw9QatDJJgVvCoQzh9dQUF1YWgHXtDepTyAXXS5csYRCluyQ\" alt=\"\"\/><\/figure>\n\n\n\n<p><a href=\"https:\/\/t.me\/polkazov\/4463\">Vid\u00e9o<\/a><\/p>\n\n\n\n<p><strong>20.00<\/strong><\/p>\n\n\n\n<p>&#8220;Je n&#8217;ai jamais vu la mort avant la guerre. Je travaillait dans l&#8217;ambulance. Mais maintenant, en 2022, \u00e7a fait mal de voir des gens mourir de blessures purulentes aux mains en raison d&#8217;un manque d&#8217;antibiotiques \u00bb, a d\u00e9clar\u00e9 un m\u00e9decin qui aide les bless\u00e9s \u00e0 Azovstal.<\/p>\n\n\n\n<p><strong>21.00<\/strong><\/p>\n\n\n\n<p>Les autorit\u00e9s de Marioupol ont re\u00e7u des d\u00e9tails et des vid\u00e9os des camps de filtration des forces d&#8217;occupation russes dans le village de Bezimyane, qui est devenu un v\u00e9ritable ghetto pour les habitants de Marioupol. Les occupants ont expuls\u00e9 de force environ 2 000 personnes des districts de Guglino, Myrnyi et Volonterivka &#8211; elles sont d\u00e9tenues dans des camps de filtration dans les villages de Bezimyane et Kozatske.<\/p>\n\n\n\n<figure class=\"wp-block-image\"><img decoding=\"async\" src=\"https:\/\/lh4.googleusercontent.com\/kqFUGgiESdIJtSJJWEPyRhHSKli4pJnhjylYnQ3UkztpogAUPsnHrGu1T3OQfyig6NRupdbBquE2sJtxl9K5Krmk3Os0izvTgSuQZpisB0HAAUey-jVAj5JSn-DqR3k1n9ELvho\" alt=\"\"\/><\/figure>\n\n\n\n<p><strong>21.30<\/strong><\/p>\n\n\n\n<p>Apr\u00e8s que les forces d&#8217;occupation russes ont d\u00e9truit Marioupol, elles ont commenc\u00e9 \u00e0 d\u00e9truire les aiguilles en ukrainien et ont commenc\u00e9 \u00e0 en installer en russe.<\/p>\n\n\n\n<p><img decoding=\"async\" src=\"https:\/\/lh3.googleusercontent.com\/MGz2DGycaNrSoB7J2fd7223xK0aZ5hXYxVajr56iCQbQc8as9owqZNOOFX5Hk6xz7qOQzYgJLMLUr2HAQFd2NUgc_jW7j9fUaPXAXqOD0MJOut7QueeMSO8_3KetxhOG4T4f6Yw\" width=\"378\" height=\"282\"><\/p>","protected":false},"excerpt":{"rendered":"<p>00:00 Les russes ont bombard\u00e9 plusieurs villages frontaliers de la r\u00e9gion de Soumy. Les colonies de Sopych, Bachivsk et Tovstodoubovo ont essuy\u00e9 des tirs de mortier. Il n&#8217;y a pas de victimes parmi la population. 01:00&nbsp; Les villes de Dnipro, Mykola\u00efv, Odessa et Zaporizhzhia ont \u00e9t\u00e9 touch\u00e9es par les missiles. Dans la ville de Dnipro, [&hellip;]<\/p>","protected":false},"author":1,"featured_media":4626,"comment_status":"open","ping_status":"open","sticky":false,"template":"","format":"standard","meta":{"footnotes":""},"categories":[1,17],"tags":[],"topic":[],"class_list":["post-4636","post","type-post","status-publish","format-standard","has-post-thumbnail","hentry","category-uncategorized","category-french"],"mb":[],"yoast_head":"<!-- This site is optimized with the Yoast SEO Premium plugin v25.6 (Yoast SEO v25.6) - https:\/\/yoast.com\/wordpress\/plugins\/seo\/ -->\n<title>Nouvelles de l&#039;Ukraine du 5 Mai<\/title>\n<meta name=\"description\" content=\"Transatlantic Dialogue Center - Promoting International Peace and Security at Kyiv, Ukraine - Nouvelles de l&#039;Ukraine du 5 Mai\" \/>\n<meta name=\"robots\" content=\"index, follow, max-snippet:-1, max-image-preview:large, max-video-preview:-1\" \/>\n<link rel=\"canonical\" href=\"https:\/\/tdcenter.org\/de\/2022\/05\/06\/french-37\/\" \/>\n<meta property=\"og:locale\" content=\"de_DE\" \/>\n<meta property=\"og:type\" content=\"article\" \/>\n<meta property=\"og:title\" content=\"5 Mai 2022 | le briefing quotidien\" \/>\n<meta property=\"og:description\" content=\"Transatlantic Dialogue Center (TDC) is a non-governmental and non-partisan think tank that provides high-quality policy advice to private and public clients. The network of our friends and partners includes government officials, members of parliaments, businessmen, journalists, experts and analysts.\" \/>\n<meta property=\"og:url\" content=\"https:\/\/tdcenter.org\/de\/2022\/05\/06\/french-37\/\" \/>\n<meta property=\"og:site_name\" content=\"Transatlantic Dialogue Center\" \/>\n<meta property=\"article:publisher\" content=\"https:\/\/www.facebook.com\/Transatlantic-Dialogue-Center-105645698740463\" \/>\n<meta property=\"article:published_time\" content=\"2022-05-06T04:27:04+00:00\" \/>\n<meta property=\"article:modified_time\" content=\"2022-05-06T07:19:08+00:00\" \/>\n<meta property=\"og:image\" content=\"https:\/\/tdcenter.org\/wp-content\/uploads\/2022\/05\/photo_2022-05-04_17-31-59.jpg\" \/>\n\t<meta property=\"og:image:width\" content=\"2560\" \/>\n\t<meta property=\"og:image:height\" content=\"1798\" \/>\n\t<meta property=\"og:image:type\" content=\"image\/jpeg\" \/>\n<meta name=\"author\" content=\"tdcadmin\" \/>\n<meta name=\"twitter:card\" content=\"summary_large_image\" \/>\n<meta name=\"twitter:label1\" content=\"Verfasst von\" \/>\n\t<meta name=\"twitter:data1\" content=\"tdcadmin\" \/>\n\t<meta name=\"twitter:label2\" content=\"Gesch\u00e4tzte Lesezeit\" \/>\n\t<meta name=\"twitter:data2\" content=\"8\u00a0Minuten\" \/>\n<script type=\"application\/ld+json\" class=\"yoast-schema-graph\">{\"@context\":\"https:\/\/schema.org\",\"@graph\":[{\"@type\":\"Article\",\"@id\":\"https:\/\/tdcenter.org\/2022\/05\/06\/french-37\/#article\",\"isPartOf\":{\"@id\":\"https:\/\/tdcenter.org\/2022\/05\/06\/french-37\/\"},\"author\":{\"name\":\"tdcadmin\",\"@id\":\"https:\/\/tdcenter.org\/#\/schema\/person\/93d6a1a71a5db737f83ae00987761c07\"},\"headline\":\"5 Mai 2022 | le briefing quotidien\",\"datePublished\":\"2022-05-06T04:27:04+00:00\",\"dateModified\":\"2022-05-06T07:19:08+00:00\",\"mainEntityOfPage\":{\"@id\":\"https:\/\/tdcenter.org\/2022\/05\/06\/french-37\/\"},\"wordCount\":1474,\"commentCount\":0,\"publisher\":{\"@id\":\"https:\/\/tdcenter.org\/#organization\"},\"image\":{\"@id\":\"https:\/\/tdcenter.org\/2022\/05\/06\/french-37\/#primaryimage\"},\"thumbnailUrl\":\"https:\/\/tdcenter.org\/wp-content\/uploads\/2022\/05\/photo_2022-05-04_17-31-59.jpg\",\"articleSection\":[\"Briefings\",\"French\"],\"inLanguage\":\"de\",\"potentialAction\":[{\"@type\":\"CommentAction\",\"name\":\"Comment\",\"target\":[\"https:\/\/tdcenter.org\/2022\/05\/06\/french-37\/#respond\"]}]},{\"@type\":\"WebPage\",\"@id\":\"https:\/\/tdcenter.org\/2022\/05\/06\/french-37\/\",\"url\":\"https:\/\/tdcenter.org\/2022\/05\/06\/french-37\/\",\"name\":\"Nouvelles de l'Ukraine du 5 Mai\",\"isPartOf\":{\"@id\":\"https:\/\/tdcenter.org\/#website\"},\"primaryImageOfPage\":{\"@id\":\"https:\/\/tdcenter.org\/2022\/05\/06\/french-37\/#primaryimage\"},\"image\":{\"@id\":\"https:\/\/tdcenter.org\/2022\/05\/06\/french-37\/#primaryimage\"},\"thumbnailUrl\":\"https:\/\/tdcenter.org\/wp-content\/uploads\/2022\/05\/photo_2022-05-04_17-31-59.jpg\",\"datePublished\":\"2022-05-06T04:27:04+00:00\",\"dateModified\":\"2022-05-06T07:19:08+00:00\",\"description\":\"Transatlantic Dialogue Center - Promoting International Peace and Security at Kyiv, Ukraine - Nouvelles de l'Ukraine du 5 Mai\",\"breadcrumb\":{\"@id\":\"https:\/\/tdcenter.org\/2022\/05\/06\/french-37\/#breadcrumb\"},\"inLanguage\":\"de\",\"potentialAction\":[{\"@type\":\"ReadAction\",\"target\":[\"https:\/\/tdcenter.org\/2022\/05\/06\/french-37\/\"]}]},{\"@type\":\"ImageObject\",\"inLanguage\":\"de\",\"@id\":\"https:\/\/tdcenter.org\/2022\/05\/06\/french-37\/#primaryimage\",\"url\":\"https:\/\/tdcenter.org\/wp-content\/uploads\/2022\/05\/photo_2022-05-04_17-31-59.jpg\",\"contentUrl\":\"https:\/\/tdcenter.org\/wp-content\/uploads\/2022\/05\/photo_2022-05-04_17-31-59.jpg\",\"width\":2560,\"height\":1798},{\"@type\":\"BreadcrumbList\",\"@id\":\"https:\/\/tdcenter.org\/2022\/05\/06\/french-37\/#breadcrumb\",\"itemListElement\":[{\"@type\":\"ListItem\",\"position\":1,\"name\":\"Home\",\"item\":\"https:\/\/tdcenter.org\/\"},{\"@type\":\"ListItem\",\"position\":2,\"name\":\"5 Mai 2022 | le briefing quotidien\"}]},{\"@type\":\"WebSite\",\"@id\":\"https:\/\/tdcenter.org\/#website\",\"url\":\"https:\/\/tdcenter.org\/\",\"name\":\"Transatlantic Dialogue Center\",\"description\":\"Promoting International Peace and Security\",\"publisher\":{\"@id\":\"https:\/\/tdcenter.org\/#organization\"},\"potentialAction\":[{\"@type\":\"SearchAction\",\"target\":{\"@type\":\"EntryPoint\",\"urlTemplate\":\"https:\/\/tdcenter.org\/?s={search_term_string}\"},\"query-input\":{\"@type\":\"PropertyValueSpecification\",\"valueRequired\":true,\"valueName\":\"search_term_string\"}}],\"inLanguage\":\"de\"},{\"@type\":\"Organization\",\"@id\":\"https:\/\/tdcenter.org\/#organization\",\"name\":\"Transatlantic Dialogue Center\",\"url\":\"https:\/\/tdcenter.org\/\",\"logo\":{\"@type\":\"ImageObject\",\"inLanguage\":\"de\",\"@id\":\"https:\/\/tdcenter.org\/#\/schema\/logo\/image\/\",\"url\":\"https:\/\/tdcenter.org\/wp-content\/uploads\/2022\/04\/google.png\",\"contentUrl\":\"https:\/\/tdcenter.org\/wp-content\/uploads\/2022\/04\/google.png\",\"width\":2568,\"height\":2487,\"caption\":\"Transatlantic Dialogue Center\"},\"image\":{\"@id\":\"https:\/\/tdcenter.org\/#\/schema\/logo\/image\/\"},\"sameAs\":[\"https:\/\/www.facebook.com\/Transatlantic-Dialogue-Center-105645698740463\",\"https:\/\/www.youtube.com\/channel\/UCpJuhU4JBfpv_jsldNOc5LA\"]},{\"@type\":\"Person\",\"@id\":\"https:\/\/tdcenter.org\/#\/schema\/person\/93d6a1a71a5db737f83ae00987761c07\",\"name\":\"tdcadmin\",\"image\":{\"@type\":\"ImageObject\",\"inLanguage\":\"de\",\"@id\":\"https:\/\/tdcenter.org\/#\/schema\/person\/image\/\",\"url\":\"https:\/\/tdcenter.org\/wp-content\/litespeed\/avatar\/591094187f87a3c5c4f3f5415d24bd3d.jpg?ver=1777459311\",\"contentUrl\":\"https:\/\/tdcenter.org\/wp-content\/litespeed\/avatar\/591094187f87a3c5c4f3f5415d24bd3d.jpg?ver=1777459311\",\"caption\":\"tdcadmin\"},\"sameAs\":[\"https:\/\/tdcenter.org\"]}]}<\/script>\n<!-- \/ Yoast SEO Premium plugin. -->","yoast_head_json":{"title":"Nouvelles de l'Ukraine du 5 Mai","description":"Transatlantic Dialogue Center - Promoting International Peace and Security at Kyiv, Ukraine - Nouvelles de l'Ukraine du 5 Mai","robots":{"index":"index","follow":"follow","max-snippet":"max-snippet:-1","max-image-preview":"max-image-preview:large","max-video-preview":"max-video-preview:-1"},"canonical":"https:\/\/tdcenter.org\/de\/2022\/05\/06\/french-37\/","og_locale":"de_DE","og_type":"article","og_title":"5 Mai 2022 | le briefing quotidien","og_description":"Transatlantic Dialogue Center (TDC) is a non-governmental and non-partisan think tank that provides high-quality policy advice to private and public clients. The network of our friends and partners includes government officials, members of parliaments, businessmen, journalists, experts and analysts.","og_url":"https:\/\/tdcenter.org\/de\/2022\/05\/06\/french-37\/","og_site_name":"Transatlantic Dialogue Center","article_publisher":"https:\/\/www.facebook.com\/Transatlantic-Dialogue-Center-105645698740463","article_published_time":"2022-05-06T04:27:04+00:00","article_modified_time":"2022-05-06T07:19:08+00:00","og_image":[{"width":2560,"height":1798,"url":"https:\/\/tdcenter.org\/wp-content\/uploads\/2022\/05\/photo_2022-05-04_17-31-59.jpg","type":"image\/jpeg"}],"author":"tdcadmin","twitter_card":"summary_large_image","twitter_misc":{"Verfasst von":"tdcadmin","Gesch\u00e4tzte Lesezeit":"8\u00a0Minuten"},"schema":{"@context":"https:\/\/schema.org","@graph":[{"@type":"Article","@id":"https:\/\/tdcenter.org\/2022\/05\/06\/french-37\/#article","isPartOf":{"@id":"https:\/\/tdcenter.org\/2022\/05\/06\/french-37\/"},"author":{"name":"tdcadmin","@id":"https:\/\/tdcenter.org\/#\/schema\/person\/93d6a1a71a5db737f83ae00987761c07"},"headline":"5 Mai 2022 | le briefing quotidien","datePublished":"2022-05-06T04:27:04+00:00","dateModified":"2022-05-06T07:19:08+00:00","mainEntityOfPage":{"@id":"https:\/\/tdcenter.org\/2022\/05\/06\/french-37\/"},"wordCount":1474,"commentCount":0,"publisher":{"@id":"https:\/\/tdcenter.org\/#organization"},"image":{"@id":"https:\/\/tdcenter.org\/2022\/05\/06\/french-37\/#primaryimage"},"thumbnailUrl":"https:\/\/tdcenter.org\/wp-content\/uploads\/2022\/05\/photo_2022-05-04_17-31-59.jpg","articleSection":["Briefings","French"],"inLanguage":"de","potentialAction":[{"@type":"CommentAction","name":"Comment","target":["https:\/\/tdcenter.org\/2022\/05\/06\/french-37\/#respond"]}]},{"@type":"WebPage","@id":"https:\/\/tdcenter.org\/2022\/05\/06\/french-37\/","url":"https:\/\/tdcenter.org\/2022\/05\/06\/french-37\/","name":"Nouvelles de l'Ukraine du 5 Mai","isPartOf":{"@id":"https:\/\/tdcenter.org\/#website"},"primaryImageOfPage":{"@id":"https:\/\/tdcenter.org\/2022\/05\/06\/french-37\/#primaryimage"},"image":{"@id":"https:\/\/tdcenter.org\/2022\/05\/06\/french-37\/#primaryimage"},"thumbnailUrl":"https:\/\/tdcenter.org\/wp-content\/uploads\/2022\/05\/photo_2022-05-04_17-31-59.jpg","datePublished":"2022-05-06T04:27:04+00:00","dateModified":"2022-05-06T07:19:08+00:00","description":"Transatlantic Dialogue Center - Promoting International Peace and Security at Kyiv, Ukraine - Nouvelles de l'Ukraine du 5 Mai","breadcrumb":{"@id":"https:\/\/tdcenter.org\/2022\/05\/06\/french-37\/#breadcrumb"},"inLanguage":"de","potentialAction":[{"@type":"ReadAction","target":["https:\/\/tdcenter.org\/2022\/05\/06\/french-37\/"]}]},{"@type":"ImageObject","inLanguage":"de","@id":"https:\/\/tdcenter.org\/2022\/05\/06\/french-37\/#primaryimage","url":"https:\/\/tdcenter.org\/wp-content\/uploads\/2022\/05\/photo_2022-05-04_17-31-59.jpg","contentUrl":"https:\/\/tdcenter.org\/wp-content\/uploads\/2022\/05\/photo_2022-05-04_17-31-59.jpg","width":2560,"height":1798},{"@type":"BreadcrumbList","@id":"https:\/\/tdcenter.org\/2022\/05\/06\/french-37\/#breadcrumb","itemListElement":[{"@type":"ListItem","position":1,"name":"Home","item":"https:\/\/tdcenter.org\/"},{"@type":"ListItem","position":2,"name":"5 Mai 2022 | le briefing quotidien"}]},{"@type":"WebSite","@id":"https:\/\/tdcenter.org\/#website","url":"https:\/\/tdcenter.org\/","name":"Transatlantic Dialogue Center","description":"F\u00f6rderung des internationalen Friedens und der Sicherheit","publisher":{"@id":"https:\/\/tdcenter.org\/#organization"},"potentialAction":[{"@type":"SearchAction","target":{"@type":"EntryPoint","urlTemplate":"https:\/\/tdcenter.org\/?s={search_term_string}"},"query-input":{"@type":"PropertyValueSpecification","valueRequired":true,"valueName":"search_term_string"}}],"inLanguage":"de"},{"@type":"Organization","@id":"https:\/\/tdcenter.org\/#organization","name":"Transatlantic Dialogue Center","url":"https:\/\/tdcenter.org\/","logo":{"@type":"ImageObject","inLanguage":"de","@id":"https:\/\/tdcenter.org\/#\/schema\/logo\/image\/","url":"https:\/\/tdcenter.org\/wp-content\/uploads\/2022\/04\/google.png","contentUrl":"https:\/\/tdcenter.org\/wp-content\/uploads\/2022\/04\/google.png","width":2568,"height":2487,"caption":"Transatlantic Dialogue Center"},"image":{"@id":"https:\/\/tdcenter.org\/#\/schema\/logo\/image\/"},"sameAs":["https:\/\/www.facebook.com\/Transatlantic-Dialogue-Center-105645698740463","https:\/\/www.youtube.com\/channel\/UCpJuhU4JBfpv_jsldNOc5LA"]},{"@type":"Person","@id":"https:\/\/tdcenter.org\/#\/schema\/person\/93d6a1a71a5db737f83ae00987761c07","name":"tdcadmin","image":{"@type":"ImageObject","inLanguage":"de","@id":"https:\/\/tdcenter.org\/#\/schema\/person\/image\/","url":"https:\/\/tdcenter.org\/wp-content\/litespeed\/avatar\/591094187f87a3c5c4f3f5415d24bd3d.jpg?ver=1777459311","contentUrl":"https:\/\/tdcenter.org\/wp-content\/litespeed\/avatar\/591094187f87a3c5c4f3f5415d24bd3d.jpg?ver=1777459311","caption":"tdcadmin"},"sameAs":["https:\/\/tdcenter.org"]}]}},"mfb_rest_fields":["title","yoast_head","yoast_head_json","gutenberg_elementor_mode"],"_links":{"self":[{"href":"https:\/\/tdcenter.org\/de\/wp-json\/wp\/v2\/posts\/4636","targetHints":{"allow":["GET"]}}],"collection":[{"href":"https:\/\/tdcenter.org\/de\/wp-json\/wp\/v2\/posts"}],"about":[{"href":"https:\/\/tdcenter.org\/de\/wp-json\/wp\/v2\/types\/post"}],"author":[{"embeddable":true,"href":"https:\/\/tdcenter.org\/de\/wp-json\/wp\/v2\/users\/1"}],"replies":[{"embeddable":true,"href":"https:\/\/tdcenter.org\/de\/wp-json\/wp\/v2\/comments?post=4636"}],"version-history":[{"count":0,"href":"https:\/\/tdcenter.org\/de\/wp-json\/wp\/v2\/posts\/4636\/revisions"}],"wp:featuredmedia":[{"embeddable":true,"href":"https:\/\/tdcenter.org\/de\/wp-json\/wp\/v2\/media\/4626"}],"wp:attachment":[{"href":"https:\/\/tdcenter.org\/de\/wp-json\/wp\/v2\/media?parent=4636"}],"wp:term":[{"taxonomy":"category","embeddable":true,"href":"https:\/\/tdcenter.org\/de\/wp-json\/wp\/v2\/categories?post=4636"},{"taxonomy":"post_tag","embeddable":true,"href":"https:\/\/tdcenter.org\/de\/wp-json\/wp\/v2\/tags?post=4636"},{"taxonomy":"topic","embeddable":true,"href":"https:\/\/tdcenter.org\/de\/wp-json\/wp\/v2\/topic?post=4636"}],"curies":[{"name":"wp","href":"https:\/\/api.w.org\/{rel}","templated":true}]}}