{"id":38398,"date":"2023-12-13T16:08:50","date_gmt":"2023-12-13T14:08:50","guid":{"rendered":"https:\/\/tdcenter.org\/?p=38398"},"modified":"2026-09-03T10:54:05","modified_gmt":"2026-09-03T07:54:05","slug":"volodymyr-zelenskyy-in-argentina-a-new-chapter-in-relations-between-ukraine-and-latin-america","status":"publish","type":"post","link":"https:\/\/tdcenter.org\/de\/2023\/12\/13\/volodymyr-zelenskyy-in-argentina-a-new-chapter-in-relations-between-ukraine-and-latin-america\/","title":{"rendered":"Volodymyr Zelenskyy in Argentinien: Ein neues Kapitel in den Beziehungen zwischen der Ukraine und Lateinamerika"},"content":{"rendered":"<h4 class=\"wp-block-heading\" id=\"h-\"><\/h4>\n\n\n\n<div class=\"wp-block-quick-download-button-download-button aligncenter qdbn-wrapper\"><div class=\"qdbn\" data-plugin-name=\"qdbn\" data-style=\"small\" data-file=\"hide-file\" data-size=\"hide-size\"><div class=\"qdbn-download-button-inner\"><button type=\"button\" data-button-type=\"small\" class=\"g-btn f-l\" style=\"background-color:#0e107b;color:#ffffff;border-radius:25px;border:1px solid #e2e2e2\" data-attachment-id=\"40423\" data-page-id=\"18850\" data-post-id=\"\" data-have-external=\"false\" data-external-url=\"\" data-wait-duration=\"0\" data-target-blank=\"true\" data-msg=\"Please wait...\" data-member=\"0\" data-has-icon-dark=\"false\" title=\"Original-PDF auf Spanisch herunterladen\"><span class=\"download-btn-icon\"><svg xmlns=\"http:\/\/www.w3.org\/2000\/svg\" viewbox=\"0 0 24 24\" width=\"22\" height=\"22\" aria-hidden=\"true\"><path d=\"M18 11.3l-1-1.1-4 4V3h-1.5v11.3L7 10.2l-1 1.1 6.2 5.8 5.8-5.8zm.5 3.7v3.5h-13V15H4v5h16v-5h-1.5z\"><\/path><\/svg><\/span><span>Original-PDF auf Spanisch herunterladen<\/span><\/button><p class=\"up\" style=\"background:transparent;border-radius:0\"><i class=\"fi fi-pdf\"><\/i><\/p><p class=\"down\" style=\"background:transparent;border-radius:0\"><i class=\"fi-folder-o\"><\/i><span class=\"file-size\">376 KB<\/span><\/p><\/div><\/div><quick-download-button-info class=\"qdb-btn-info\"><\/quick-download-button-info><\/div>\n\n\n\n<figure class=\"wp-block-image alignwide size-large\"><img fetchpriority=\"high\" decoding=\"async\" width=\"1024\" height=\"432\" src=\"https:\/\/tdcenter.org\/wp-content\/uploads\/2024\/01\/image-1024x432.png\" alt=\"Cover image for: Volodymyr Zelenskyy in Argentina: A New Chapter in Relations Between Ukraine and Latin America\" class=\"wp-image-21574\" srcset=\"https:\/\/tdcenter.org\/wp-content\/uploads\/2024\/01\/image-1024x432.png 1024w, https:\/\/tdcenter.org\/wp-content\/uploads\/2024\/01\/image-600x253.png 600w, https:\/\/tdcenter.org\/wp-content\/uploads\/2024\/01\/image-768x324.png 768w, https:\/\/tdcenter.org\/wp-content\/uploads\/2024\/01\/image-18x8.png 18w, https:\/\/tdcenter.org\/wp-content\/uploads\/2024\/01\/image.png 1241w\" sizes=\"(max-width: 1024px) 100vw, 1024px\" \/><\/figure>\n\n\n\n<p class=\"wp-block-paragraph\">Die Anwesenheit des ukrainischen Pr\u00e4sidenten Volodymyr Zelenskyy bei der Amtseinf\u00fchrung von Pr\u00e4sident Javier Milei war von einer Reihe von Treffen mit verschiedenen lateinamerikanischen Regierungschefs gepr\u00e4gt. Die Bedeutung dieses Besuchs liegt darin, Unterst\u00fctzung f\u00fcr die gegen Russland verh\u00e4ngten Sanktionen zu suchen sowie die R\u00fcckendeckung des argentinischen Staates in multilateralen Organisationen und bei weiteren diplomatischen, politischen und wirtschaftlichen Ma\u00dfnahmen zu gewinnen, um die Position der Ukraine in Lateinamerika zu st\u00e4rken. <\/p>\n\n\n\n<p class=\"wp-block-paragraph\">Obwohl der Besuch des ukrainischen Staatschefs kurz war, blieb gen\u00fcgend Zeit f\u00fcr eine Reihe von Treffen mit den Pr\u00e4sidenten Ecuadors, Paraguays und Uruguays, mit denen er ein freundschaftliches Gespr\u00e4ch f\u00fchrte, in dem die Bedeutung der Region bei der Abwehr der russischen Invasion erl\u00e4utert wurde. In den Worten des ukrainischen Pr\u00e4sidenten: <em>\u201eDie kraftvolle, geeinte Stimme der lateinamerikanischen L\u00e4nder, die den Kampf des ukrainischen Volkes f\u00fcr Freiheit und Demokratie unterst\u00fctzen, ist f\u00fcr uns sehr wichtig\u201c<\/em>. <\/p>\n\n\n<div class=\"wp-block-image\">\n<figure class=\"alignleft size-full is-resized\"><img decoding=\"async\" width=\"441\" height=\"202\" src=\"https:\/\/tdcenter.org\/wp-content\/uploads\/2024\/01\/image-1.png\" alt=\"Cover image for: Volodymyr Zelenskyy in Argentina: A New Chapter in Relations Between Ukraine and Latin America\" class=\"wp-image-21575\" style=\"width:360px;height:auto\" srcset=\"https:\/\/tdcenter.org\/wp-content\/uploads\/2024\/01\/image-1.png 441w, https:\/\/tdcenter.org\/wp-content\/uploads\/2024\/01\/image-1-18x8.png 18w\" sizes=\"(max-width: 441px) 100vw, 441px\" \/><\/figure>\n<\/div>\n\n\n<p class=\"wp-block-paragraph\">Was die mit den einzelnen Staatschefs er\u00f6rterten Hauptpunkte betrifft, war das Treffen mit dem uruguayischen Pr\u00e4sidenten Luis Lacalle Pou am engsten, da der uruguayische Staat die territoriale Integrit\u00e4t der Ukraine unterst\u00fctzt und an einem dritten Treffen au\u00dfenpolitischer Berater zur Umsetzung der ukrainischen Friedensformel teilgenommen hat.<\/p>\n\n\n\n<p class=\"wp-block-paragraph\">Im Hinblick auf das Treffen mit dem ecuadorianischen Pr\u00e4sidenten Daniel Noboa und dem paraguayischen Pr\u00e4sidenten Santiago Pe\u00f1a dankte er ihnen f\u00fcr ihre Unterst\u00fctzung bei Abstimmungen in multilateralen Organisationen wie der UN, insbesondere zur Resolution, die eine \u201eEinstellung der Feindseligkeiten\u201c in der Ukraine und den Abzug russischer Truppen fordert. Ebenso zeigte Pr\u00e4sident Zelenskyy weiterhin gro\u00dfes Interesse daran, die bilateralen Beziehungen zu den dort versammelten lateinamerikanischen Pr\u00e4sidenten und erwartungsgem\u00e4\u00df auch zu seinem Gastgeber, Pr\u00e4sident Javier Milei, zu st\u00e4rken. <strong><br><\/strong><\/p>\n\n\n\n<p class=\"wp-block-paragraph\">Dar\u00fcber hinaus war das Treffen zwischen Zelenskyy und Milei von Gesten der Herzlichkeit sowie von Lob f\u00fcr den argentinischen Pr\u00e4sidenten gepr\u00e4gt, der als \u201elateinamerikanische F\u00fchrungspers\u00f6nlichkeit\u201c bezeichnet wurde; zugleich wurde die M\u00f6glichkeit eines Gipfeltreffens zwischen der Ukraine und verschiedenen Staats- und Regierungschefs aus Lateinamerika und der Karibik hervorgehoben, bei dem der argentinische Pr\u00e4sident eine wichtige Rolle spielen w\u00fcrde.&nbsp; <\/p>\n\n\n\n<p class=\"wp-block-paragraph\">Was die bilaterale Agenda betrifft, war Pr\u00e4sident Zelenskyy sehr daran interessiert, Fragen der Cybersicherheit und Desinformation anzusprechen, verwies auf russische Aktivit\u00e4ten bei Cyberangriffen und betonte die Bedeutung der Bek\u00e4mpfung russischer Propaganda in der Region. Es wurden jedoch auch Themen wie die Schaffung von Arbeitspl\u00e4tzen und die St\u00e4rkung der Wirtschaftsbeziehungen zwischen den beiden Staaten er\u00f6rtert. Ein relevantes Detail ist die Entscheidung von Pr\u00e4sident Milei, \u00fcber die Schenkung zweier au\u00dfer Dienst stehender russischer Mi-171E-Hubschrauber an den ukrainischen Staat zu verhandeln, als Teil eines m\u00f6glichen Verteidigungsabkommens mit den USA zum Kauf von F-16 Fighting Falcon-Flugzeugen. Ebenso ist die Abwesenheit des russischen Botschafters oder von Delegationen hervorzuheben, die der russische Staat zur Teilnahme an der Zeremonie entsandt hatte.<\/p>\n\n\n\n<div class=\"wp-block-columns is-layout-flex wp-container-core-columns-is-layout-7387b849 wp-block-columns-is-layout-flex\">\n<div class=\"wp-block-column is-layout-flow wp-block-column-is-layout-flow\"><div class=\"wp-block-image\">\n<figure class=\"aligncenter size-full is-resized\"><img decoding=\"async\" width=\"448\" height=\"299\" src=\"https:\/\/tdcenter.org\/wp-content\/uploads\/2024\/01\/image-2.png\" alt=\"Cover image for: Volodymyr Zelenskyy in Argentina: A New Chapter in Relations Between Ukraine and Latin America\" class=\"wp-image-21576\" style=\"width:449px;height:auto\" srcset=\"https:\/\/tdcenter.org\/wp-content\/uploads\/2024\/01\/image-2.png 448w, https:\/\/tdcenter.org\/wp-content\/uploads\/2024\/01\/image-2-18x12.png 18w\" sizes=\"(max-width: 448px) 100vw, 448px\" \/><figcaption class=\"wp-element-caption\">Das Treffen zwischen Volodymyr Zelensky und Pr\u00e4sident Javier Milei<\/figcaption><\/figure>\n<\/div><\/div>\n\n\n\n<div class=\"wp-block-column is-layout-flow wp-block-column-is-layout-flow\"><div class=\"wp-block-image\">\n<figure class=\"aligncenter size-full\"><img loading=\"lazy\" decoding=\"async\" width=\"461\" height=\"300\" src=\"https:\/\/tdcenter.org\/wp-content\/uploads\/2024\/01\/image-3.png\" alt=\"Cover image for: Volodymyr Zelenskyy in Argentina: A New Chapter in Relations Between Ukraine and Latin America\" class=\"wp-image-21577\" srcset=\"https:\/\/tdcenter.org\/wp-content\/uploads\/2024\/01\/image-3.png 461w, https:\/\/tdcenter.org\/wp-content\/uploads\/2024\/01\/image-3-18x12.png 18w\" sizes=\"(max-width: 461px) 100vw, 461px\" \/><\/figure>\n<\/div><\/div>\n<\/div>\n\n\n\n<p class=\"wp-block-paragraph\">In internationalen Fragen z\u00f6gerte Zelenskyy nicht zu betonen, dass der Krieg zwischen Israel und der Hamas Auswirkungen auf Russlands Invasion der Ukraine hat: Einerseits auf die Aufmerksamkeit der internationalen Gemeinschaft, die nun auf den pal\u00e4stinensisch-israelischen Konflikt gerichtet ist; andererseits auf die Mittel f\u00fcr Russlands Krieg gegen die Ukraine, da Ressourcen zur Bew\u00e4ltigung des Konflikts in Israel bereitgestellt wurden. &nbsp;<\/p>\n\n\n<div class=\"wp-block-image\">\n<figure class=\"alignright size-full is-resized\"><img loading=\"lazy\" decoding=\"async\" width=\"400\" height=\"223\" src=\"https:\/\/tdcenter.org\/wp-content\/uploads\/2024\/01\/image-4.png\" alt=\"Cover image for: Volodymyr Zelenskyy in Argentina: A New Chapter in Relations Between Ukraine and Latin America\" class=\"wp-image-21578\" style=\"width:319px;height:auto\" srcset=\"https:\/\/tdcenter.org\/wp-content\/uploads\/2024\/01\/image-4.png 400w, https:\/\/tdcenter.org\/wp-content\/uploads\/2024\/01\/image-4-18x10.png 18w\" sizes=\"(max-width: 400px) 100vw, 400px\" \/><figcaption class=\"wp-element-caption\"><em>Quelle: Reuters<\/em><\/figcaption><\/figure>\n<\/div>\n\n\n<p class=\"wp-block-paragraph\">Ein weiteres wichtiges Treffen fand zwischen Zelenskyy und Ministerpr\u00e4sident Viktor Orb\u00e1n statt; ohne weitere Einzelheiten zu nennen, erkl\u00e4rte der ukrainische Pr\u00e4sident, es seien \u201eeurop\u00e4ische Fragen\u201c er\u00f6rtert worden. Dabei darf nicht vergessen werden, dass Budapest den Beitritt Kyivs zur Europ\u00e4ischen Union ablehnt und deutliche Erkl\u00e4rungen abgegeben hat, die Spannungen zwischen den beiden Staaten ausgel\u00f6st haben. <\/p>\n\n\n\n<p class=\"wp-block-paragraph\">Zusammenfassend stellt die Anwesenheit des ukrainischen Pr\u00e4sidenten in Buenos Aires eine wichtige Ann\u00e4herung in den argentinisch-ukrainischen Beziehungen dar, die politische Verbindungen zu anderen L\u00e4ndern der Region er\u00f6ffnen k\u00f6nnte, welche bestimmte ideologische oder politische Grundlagen des neuen argentinischen Staatschefs teilen. Zugleich sollte Pr\u00e4sident Mileis F\u00e4higkeit, regionale Unterst\u00fctzung f\u00fcr die Ukraine anzuf\u00fchren, nicht \u00fcbersch\u00e4tzt werden, da die Beziehungen zum brasilianischen Pr\u00e4sidenten Lula Da Silva durch Meinungsverschiedenheiten mit der neuen argentinischen Regierung gepr\u00e4gt sind; zudem fehlten f\u00fchrende europ\u00e4ische und lateinamerikanische Politiker, etwa aus Kolumbien und Mexiko \u2013 L\u00e4ndern, die aufgrund ihres politischen und wirtschaftlichen Gewichts f\u00fcr die Region von zentraler Bedeutung sind.&nbsp; <\/p>\n\n\n\n<p class=\"wp-block-paragraph\">Diese Lage f\u00e4llt mit einer m\u00f6glichen Schw\u00e4chung der finanziellen Unterst\u00fctzung der US-Regierung f\u00fcr die Ukraine im Kampf gegen Russland zusammen, weshalb der ukrainische Pr\u00e4sident gr\u00f6\u00dfere Unterst\u00fctzung aus Lateinamerika ben\u00f6tigt.<\/p>\n\n\n\n<hr class=\"wp-block-separator has-alpha-channel-opacity\"\/>\n\n\n\n<p class=\"wp-block-paragraph\"><em>Haftungsausschluss: Die in den auf dieser Website ver\u00f6ffentlichten Dokumenten ge\u00e4u\u00dferten Ansichten, Gedanken und Meinungen sind ausschlie\u00dflich den Autoren zuzurechnen und spiegeln nicht zwangsl\u00e4ufig jene des Transatlantic Dialogue Center, seiner Aussch\u00fcsse oder seiner angeschlossenen Organisationen wider. Die Dokumente sollen Dialog und Diskussion anregen und stellen keine offiziellen politischen Positionen des Transatlantic Dialogue Center oder einer anderen Organisation dar, mit der die Autoren verbunden sein k\u00f6nnten.<\/em><\/p>","protected":false},"excerpt":{"rendered":"<p>Ukrainian President Volodymyr Zelenskyy\u2019s presence at President Javier Milei\u2019s inauguration was marked by a series of meetings with various Latin American heads of government. The importance of this visit lies in seeking support for the sanctions imposed on Russia, as well as securing the backing of the Argentine state in multilateral organizations and other diplomatic, [&hellip;]<\/p>\n","protected":false},"author":8,"featured_media":21576,"comment_status":"open","ping_status":"open","sticky":false,"template":"","format":"standard","meta":{"footnotes":""},"categories":[13,57],"tags":[],"topic":[113,86],"class_list":["post-38398","post","type-post","status-publish","format-standard","has-post-thumbnail","hentry","category-en-analyses","category-eng-latin-america-caribbean","topic-latin-america","topic-ukraine"],"mb":[],"yoast_head":"<!-- This site is optimized with the Yoast SEO Premium plugin v25.6 (Yoast SEO v25.6) - https:\/\/yoast.com\/wordpress\/plugins\/seo\/ -->\n<title>Zelenskyy in Argentina: Ukraine and Latin America | TDC<\/title>\n<meta name=\"description\" content=\"Analysis of Volodymyr Zelenskyy\u2019s visit to Javier Milei\u2019s inauguration and his meetings with Latin American leaders.\" \/>\n<meta name=\"robots\" content=\"index, follow, max-snippet:-1, max-image-preview:large, max-video-preview:-1\" \/>\n<link rel=\"canonical\" href=\"https:\/\/tdcenter.org\/de\/2023\/12\/13\/volodymyr-zelenskyy-in-argentina-a-new-chapter-in-relations-between-ukraine-and-latin-america\/\" \/>\n<meta property=\"og:locale\" content=\"de_DE\" \/>\n<meta property=\"og:type\" content=\"article\" \/>\n<meta property=\"og:title\" content=\"Zelenskyy in Argentina and Latin America\" \/>\n<meta property=\"og:description\" content=\"Analysis of Volodymyr Zelenskyy\u2019s visit to Javier Milei\u2019s inauguration and his meetings with Latin American leaders.\" \/>\n<meta property=\"og:url\" content=\"https:\/\/tdcenter.org\/de\/2023\/12\/13\/volodymyr-zelenskyy-in-argentina-a-new-chapter-in-relations-between-ukraine-and-latin-america\/\" \/>\n<meta property=\"og:site_name\" content=\"Transatlantic Dialogue Center\" \/>\n<meta property=\"article:publisher\" content=\"https:\/\/www.facebook.com\/Transatlantic-Dialogue-Center-105645698740463\" \/>\n<meta property=\"article:published_time\" content=\"2023-12-13T14:08:50+00:00\" \/>\n<meta property=\"article:modified_time\" content=\"2026-09-03T07:54:05+00:00\" \/>\n<meta property=\"og:image\" content=\"https:\/\/tdcenter.org\/wp-content\/uploads\/2024\/01\/image-2.png\" \/>\n\t<meta property=\"og:image:width\" content=\"448\" \/>\n\t<meta property=\"og:image:height\" content=\"299\" \/>\n\t<meta property=\"og:image:type\" content=\"image\/png\" \/>\n<meta name=\"author\" content=\"Alina Rohach\" \/>\n<meta name=\"twitter:card\" content=\"summary_large_image\" \/>\n<meta name=\"twitter:title\" content=\"Zelenskyy in Argentina and Latin America\" \/>\n<meta name=\"twitter:description\" content=\"Analysis of Volodymyr Zelenskyy\u2019s visit to Javier Milei\u2019s inauguration and his meetings with Latin American leaders.\" \/>\n<meta name=\"twitter:label1\" content=\"Verfasst von\" \/>\n\t<meta name=\"twitter:data1\" content=\"Alina Rohach\" \/>\n\t<meta name=\"twitter:label2\" content=\"Gesch\u00e4tzte Lesezeit\" \/>\n\t<meta name=\"twitter:data2\" content=\"4\u00a0Minuten\" \/>\n<script type=\"application\/ld+json\" class=\"yoast-schema-graph\">{\"@context\":\"https:\/\/schema.org\",\"@graph\":[{\"@type\":\"Article\",\"@id\":\"https:\/\/tdcenter.org\/2023\/12\/13\/volodymyr-zelenskyy-in-argentina-a-new-chapter-in-relations-between-ukraine-and-latin-america\/#article\",\"isPartOf\":{\"@id\":\"https:\/\/tdcenter.org\/2023\/12\/13\/volodymyr-zelenskyy-in-argentina-a-new-chapter-in-relations-between-ukraine-and-latin-america\/\"},\"author\":{\"name\":\"Alina Rohach\",\"@id\":\"https:\/\/tdcenter.org\/#\/schema\/person\/2b76b794dbb8257325dc72d4fdee35ec\"},\"headline\":\"Volodymyr Zelenskyy in Argentina: A New Chapter in Relations Between Ukraine and Latin America\",\"datePublished\":\"2023-12-13T14:08:50+00:00\",\"dateModified\":\"2026-09-03T07:54:05+00:00\",\"mainEntityOfPage\":{\"@id\":\"https:\/\/tdcenter.org\/2023\/12\/13\/volodymyr-zelenskyy-in-argentina-a-new-chapter-in-relations-between-ukraine-and-latin-america\/\"},\"wordCount\":823,\"commentCount\":0,\"publisher\":{\"@id\":\"https:\/\/tdcenter.org\/#organization\"},\"image\":{\"@id\":\"https:\/\/tdcenter.org\/2023\/12\/13\/volodymyr-zelenskyy-in-argentina-a-new-chapter-in-relations-between-ukraine-and-latin-america\/#primaryimage\"},\"thumbnailUrl\":\"https:\/\/tdcenter.org\/wp-content\/uploads\/2024\/01\/image-2.png\",\"articleSection\":[\"English Analyses\",\"Latin America &amp; Caribbean\"],\"inLanguage\":\"de\",\"potentialAction\":[{\"@type\":\"CommentAction\",\"name\":\"Comment\",\"target\":[\"https:\/\/tdcenter.org\/2023\/12\/13\/volodymyr-zelenskyy-in-argentina-a-new-chapter-in-relations-between-ukraine-and-latin-america\/#respond\"]}]},{\"@type\":\"WebPage\",\"@id\":\"https:\/\/tdcenter.org\/2023\/12\/13\/volodymyr-zelenskyy-in-argentina-a-new-chapter-in-relations-between-ukraine-and-latin-america\/\",\"url\":\"https:\/\/tdcenter.org\/2023\/12\/13\/volodymyr-zelenskyy-in-argentina-a-new-chapter-in-relations-between-ukraine-and-latin-america\/\",\"name\":\"Zelenskyy in Argentina: Ukraine and Latin America | TDC\",\"isPartOf\":{\"@id\":\"https:\/\/tdcenter.org\/#website\"},\"primaryImageOfPage\":{\"@id\":\"https:\/\/tdcenter.org\/2023\/12\/13\/volodymyr-zelenskyy-in-argentina-a-new-chapter-in-relations-between-ukraine-and-latin-america\/#primaryimage\"},\"image\":{\"@id\":\"https:\/\/tdcenter.org\/2023\/12\/13\/volodymyr-zelenskyy-in-argentina-a-new-chapter-in-relations-between-ukraine-and-latin-america\/#primaryimage\"},\"thumbnailUrl\":\"https:\/\/tdcenter.org\/wp-content\/uploads\/2024\/01\/image-2.png\",\"datePublished\":\"2023-12-13T14:08:50+00:00\",\"dateModified\":\"2026-09-03T07:54:05+00:00\",\"description\":\"Analysis of Volodymyr Zelenskyy\u2019s visit to Javier Milei\u2019s inauguration and his meetings with Latin American leaders.\",\"breadcrumb\":{\"@id\":\"https:\/\/tdcenter.org\/2023\/12\/13\/volodymyr-zelenskyy-in-argentina-a-new-chapter-in-relations-between-ukraine-and-latin-america\/#breadcrumb\"},\"inLanguage\":\"de\",\"potentialAction\":[{\"@type\":\"ReadAction\",\"target\":[\"https:\/\/tdcenter.org\/2023\/12\/13\/volodymyr-zelenskyy-in-argentina-a-new-chapter-in-relations-between-ukraine-and-latin-america\/\"]}]},{\"@type\":\"ImageObject\",\"inLanguage\":\"de\",\"@id\":\"https:\/\/tdcenter.org\/2023\/12\/13\/volodymyr-zelenskyy-in-argentina-a-new-chapter-in-relations-between-ukraine-and-latin-america\/#primaryimage\",\"url\":\"https:\/\/tdcenter.org\/wp-content\/uploads\/2024\/01\/image-2.png\",\"contentUrl\":\"https:\/\/tdcenter.org\/wp-content\/uploads\/2024\/01\/image-2.png\",\"width\":448,\"height\":299,\"caption\":\"Cover image for: Volodymyr Zelenskyy en Argentina: un nuevo cap\u00edtulo en las relaciones entre Ucrania y Am\u00e9rica Latina\"},{\"@type\":\"BreadcrumbList\",\"@id\":\"https:\/\/tdcenter.org\/2023\/12\/13\/volodymyr-zelenskyy-in-argentina-a-new-chapter-in-relations-between-ukraine-and-latin-america\/#breadcrumb\",\"itemListElement\":[{\"@type\":\"ListItem\",\"position\":1,\"name\":\"Home\",\"item\":\"https:\/\/tdcenter.org\/\"},{\"@type\":\"ListItem\",\"position\":2,\"name\":\"Volodymyr Zelenskyy in Argentina: A New Chapter in Relations Between Ukraine and Latin America\"}]},{\"@type\":\"WebSite\",\"@id\":\"https:\/\/tdcenter.org\/#website\",\"url\":\"https:\/\/tdcenter.org\/\",\"name\":\"Transatlantic Dialogue Center\",\"description\":\"Promoting International Peace and Security\",\"publisher\":{\"@id\":\"https:\/\/tdcenter.org\/#organization\"},\"potentialAction\":[{\"@type\":\"SearchAction\",\"target\":{\"@type\":\"EntryPoint\",\"urlTemplate\":\"https:\/\/tdcenter.org\/?s={search_term_string}\"},\"query-input\":{\"@type\":\"PropertyValueSpecification\",\"valueRequired\":true,\"valueName\":\"search_term_string\"}}],\"inLanguage\":\"de\"},{\"@type\":\"Organization\",\"@id\":\"https:\/\/tdcenter.org\/#organization\",\"name\":\"Transatlantic Dialogue Center\",\"url\":\"https:\/\/tdcenter.org\/\",\"logo\":{\"@type\":\"ImageObject\",\"inLanguage\":\"de\",\"@id\":\"https:\/\/tdcenter.org\/#\/schema\/logo\/image\/\",\"url\":\"https:\/\/tdcenter.org\/wp-content\/uploads\/2022\/04\/google.png\",\"contentUrl\":\"https:\/\/tdcenter.org\/wp-content\/uploads\/2022\/04\/google.png\",\"width\":2568,\"height\":2487,\"caption\":\"Transatlantic Dialogue Center\"},\"image\":{\"@id\":\"https:\/\/tdcenter.org\/#\/schema\/logo\/image\/\"},\"sameAs\":[\"https:\/\/www.facebook.com\/Transatlantic-Dialogue-Center-105645698740463\",\"https:\/\/www.youtube.com\/channel\/UCpJuhU4JBfpv_jsldNOc5LA\"]},{\"@type\":\"Person\",\"@id\":\"https:\/\/tdcenter.org\/#\/schema\/person\/2b76b794dbb8257325dc72d4fdee35ec\",\"name\":\"Alina Rohach\",\"image\":{\"@type\":\"ImageObject\",\"inLanguage\":\"de\",\"@id\":\"https:\/\/tdcenter.org\/#\/schema\/person\/image\/\",\"url\":\"https:\/\/tdcenter.org\/wp-content\/litespeed\/avatar\/61eca207869235575ab8e6c478a7ca66.jpg?ver=1788352841\",\"contentUrl\":\"https:\/\/tdcenter.org\/wp-content\/litespeed\/avatar\/61eca207869235575ab8e6c478a7ca66.jpg?ver=1788352841\",\"caption\":\"Alina Rohach\"}}]}<\/script>\n<!-- \/ Yoast SEO Premium plugin. -->","yoast_head_json":{"title":"Zelenskyy in Argentina: Ukraine and Latin America | TDC","description":"Analysis of Volodymyr Zelenskyy\u2019s visit to Javier Milei\u2019s inauguration and his meetings with Latin American leaders.","robots":{"index":"index","follow":"follow","max-snippet":"max-snippet:-1","max-image-preview":"max-image-preview:large","max-video-preview":"max-video-preview:-1"},"canonical":"https:\/\/tdcenter.org\/de\/2023\/12\/13\/volodymyr-zelenskyy-in-argentina-a-new-chapter-in-relations-between-ukraine-and-latin-america\/","og_locale":"de_DE","og_type":"article","og_title":"Zelenskyy in Argentina and Latin America","og_description":"Analysis of Volodymyr Zelenskyy\u2019s visit to Javier Milei\u2019s inauguration and his meetings with Latin American leaders.","og_url":"https:\/\/tdcenter.org\/de\/2023\/12\/13\/volodymyr-zelenskyy-in-argentina-a-new-chapter-in-relations-between-ukraine-and-latin-america\/","og_site_name":"Transatlantic Dialogue Center","article_publisher":"https:\/\/www.facebook.com\/Transatlantic-Dialogue-Center-105645698740463","article_published_time":"2023-12-13T14:08:50+00:00","article_modified_time":"2026-09-03T07:54:05+00:00","og_image":[{"width":448,"height":299,"url":"https:\/\/tdcenter.org\/wp-content\/uploads\/2024\/01\/image-2.png","type":"image\/png"}],"author":"Alina Rohach","twitter_card":"summary_large_image","twitter_title":"Zelenskyy in Argentina and Latin America","twitter_description":"Analysis of Volodymyr Zelenskyy\u2019s visit to Javier Milei\u2019s inauguration and his meetings with Latin American leaders.","twitter_misc":{"Verfasst von":"Alina Rohach","Gesch\u00e4tzte Lesezeit":"4\u00a0Minuten"},"schema":{"@context":"https:\/\/schema.org","@graph":[{"@type":"Article","@id":"https:\/\/tdcenter.org\/2023\/12\/13\/volodymyr-zelenskyy-in-argentina-a-new-chapter-in-relations-between-ukraine-and-latin-america\/#article","isPartOf":{"@id":"https:\/\/tdcenter.org\/2023\/12\/13\/volodymyr-zelenskyy-in-argentina-a-new-chapter-in-relations-between-ukraine-and-latin-america\/"},"author":{"name":"Alina Rohach","@id":"https:\/\/tdcenter.org\/#\/schema\/person\/2b76b794dbb8257325dc72d4fdee35ec"},"headline":"Volodymyr Zelenskyy in Argentina: A New Chapter in Relations Between Ukraine and Latin America","datePublished":"2023-12-13T14:08:50+00:00","dateModified":"2026-09-03T07:54:05+00:00","mainEntityOfPage":{"@id":"https:\/\/tdcenter.org\/2023\/12\/13\/volodymyr-zelenskyy-in-argentina-a-new-chapter-in-relations-between-ukraine-and-latin-america\/"},"wordCount":823,"commentCount":0,"publisher":{"@id":"https:\/\/tdcenter.org\/#organization"},"image":{"@id":"https:\/\/tdcenter.org\/2023\/12\/13\/volodymyr-zelenskyy-in-argentina-a-new-chapter-in-relations-between-ukraine-and-latin-america\/#primaryimage"},"thumbnailUrl":"https:\/\/tdcenter.org\/wp-content\/uploads\/2024\/01\/image-2.png","articleSection":["English Analyses","Latin America &amp; Caribbean"],"inLanguage":"de","potentialAction":[{"@type":"CommentAction","name":"Comment","target":["https:\/\/tdcenter.org\/2023\/12\/13\/volodymyr-zelenskyy-in-argentina-a-new-chapter-in-relations-between-ukraine-and-latin-america\/#respond"]}]},{"@type":"WebPage","@id":"https:\/\/tdcenter.org\/2023\/12\/13\/volodymyr-zelenskyy-in-argentina-a-new-chapter-in-relations-between-ukraine-and-latin-america\/","url":"https:\/\/tdcenter.org\/2023\/12\/13\/volodymyr-zelenskyy-in-argentina-a-new-chapter-in-relations-between-ukraine-and-latin-america\/","name":"Zelenskyy in Argentina: Ukraine and Latin America | TDC","isPartOf":{"@id":"https:\/\/tdcenter.org\/#website"},"primaryImageOfPage":{"@id":"https:\/\/tdcenter.org\/2023\/12\/13\/volodymyr-zelenskyy-in-argentina-a-new-chapter-in-relations-between-ukraine-and-latin-america\/#primaryimage"},"image":{"@id":"https:\/\/tdcenter.org\/2023\/12\/13\/volodymyr-zelenskyy-in-argentina-a-new-chapter-in-relations-between-ukraine-and-latin-america\/#primaryimage"},"thumbnailUrl":"https:\/\/tdcenter.org\/wp-content\/uploads\/2024\/01\/image-2.png","datePublished":"2023-12-13T14:08:50+00:00","dateModified":"2026-09-03T07:54:05+00:00","description":"Analysis of Volodymyr Zelenskyy\u2019s visit to Javier Milei\u2019s inauguration and his meetings with Latin American leaders.","breadcrumb":{"@id":"https:\/\/tdcenter.org\/2023\/12\/13\/volodymyr-zelenskyy-in-argentina-a-new-chapter-in-relations-between-ukraine-and-latin-america\/#breadcrumb"},"inLanguage":"de","potentialAction":[{"@type":"ReadAction","target":["https:\/\/tdcenter.org\/2023\/12\/13\/volodymyr-zelenskyy-in-argentina-a-new-chapter-in-relations-between-ukraine-and-latin-america\/"]}]},{"@type":"ImageObject","inLanguage":"de","@id":"https:\/\/tdcenter.org\/2023\/12\/13\/volodymyr-zelenskyy-in-argentina-a-new-chapter-in-relations-between-ukraine-and-latin-america\/#primaryimage","url":"https:\/\/tdcenter.org\/wp-content\/uploads\/2024\/01\/image-2.png","contentUrl":"https:\/\/tdcenter.org\/wp-content\/uploads\/2024\/01\/image-2.png","width":448,"height":299,"caption":"Cover image for: Volodymyr Zelenskyy en Argentina: un nuevo cap\u00edtulo en las relaciones entre Ucrania y Am\u00e9rica Latina"},{"@type":"BreadcrumbList","@id":"https:\/\/tdcenter.org\/2023\/12\/13\/volodymyr-zelenskyy-in-argentina-a-new-chapter-in-relations-between-ukraine-and-latin-america\/#breadcrumb","itemListElement":[{"@type":"ListItem","position":1,"name":"Home","item":"https:\/\/tdcenter.org\/"},{"@type":"ListItem","position":2,"name":"Volodymyr Zelenskyy in Argentina: A New Chapter in Relations Between Ukraine and Latin America"}]},{"@type":"WebSite","@id":"https:\/\/tdcenter.org\/#website","url":"https:\/\/tdcenter.org\/","name":"Transatlantic Dialogue Center","description":"F\u00f6rderung des internationalen Friedens und der Sicherheit","publisher":{"@id":"https:\/\/tdcenter.org\/#organization"},"potentialAction":[{"@type":"SearchAction","target":{"@type":"EntryPoint","urlTemplate":"https:\/\/tdcenter.org\/?s={search_term_string}"},"query-input":{"@type":"PropertyValueSpecification","valueRequired":true,"valueName":"search_term_string"}}],"inLanguage":"de"},{"@type":"Organization","@id":"https:\/\/tdcenter.org\/#organization","name":"Transatlantic Dialogue Center","url":"https:\/\/tdcenter.org\/","logo":{"@type":"ImageObject","inLanguage":"de","@id":"https:\/\/tdcenter.org\/#\/schema\/logo\/image\/","url":"https:\/\/tdcenter.org\/wp-content\/uploads\/2022\/04\/google.png","contentUrl":"https:\/\/tdcenter.org\/wp-content\/uploads\/2022\/04\/google.png","width":2568,"height":2487,"caption":"Transatlantic Dialogue Center"},"image":{"@id":"https:\/\/tdcenter.org\/#\/schema\/logo\/image\/"},"sameAs":["https:\/\/www.facebook.com\/Transatlantic-Dialogue-Center-105645698740463","https:\/\/www.youtube.com\/channel\/UCpJuhU4JBfpv_jsldNOc5LA"]},{"@type":"Person","@id":"https:\/\/tdcenter.org\/#\/schema\/person\/2b76b794dbb8257325dc72d4fdee35ec","name":"Alina Rohach","image":{"@type":"ImageObject","inLanguage":"de","@id":"https:\/\/tdcenter.org\/#\/schema\/person\/image\/","url":"https:\/\/tdcenter.org\/wp-content\/litespeed\/avatar\/61eca207869235575ab8e6c478a7ca66.jpg?ver=1788352841","contentUrl":"https:\/\/tdcenter.org\/wp-content\/litespeed\/avatar\/61eca207869235575ab8e6c478a7ca66.jpg?ver=1788352841","caption":"Alina Rohach"}}]}},"mfb_rest_fields":["title","yoast_head","yoast_head_json","gutenberg_elementor_mode"],"_links":{"self":[{"href":"https:\/\/tdcenter.org\/de\/wp-json\/wp\/v2\/posts\/38398","targetHints":{"allow":["GET"]}}],"collection":[{"href":"https:\/\/tdcenter.org\/de\/wp-json\/wp\/v2\/posts"}],"about":[{"href":"https:\/\/tdcenter.org\/de\/wp-json\/wp\/v2\/types\/post"}],"author":[{"embeddable":true,"href":"https:\/\/tdcenter.org\/de\/wp-json\/wp\/v2\/users\/8"}],"replies":[{"embeddable":true,"href":"https:\/\/tdcenter.org\/de\/wp-json\/wp\/v2\/comments?post=38398"}],"version-history":[{"count":1,"href":"https:\/\/tdcenter.org\/de\/wp-json\/wp\/v2\/posts\/38398\/revisions"}],"predecessor-version":[{"id":38406,"href":"https:\/\/tdcenter.org\/de\/wp-json\/wp\/v2\/posts\/38398\/revisions\/38406"}],"wp:featuredmedia":[{"embeddable":true,"href":"https:\/\/tdcenter.org\/de\/wp-json\/wp\/v2\/media\/21576"}],"wp:attachment":[{"href":"https:\/\/tdcenter.org\/de\/wp-json\/wp\/v2\/media?parent=38398"}],"wp:term":[{"taxonomy":"category","embeddable":true,"href":"https:\/\/tdcenter.org\/de\/wp-json\/wp\/v2\/categories?post=38398"},{"taxonomy":"post_tag","embeddable":true,"href":"https:\/\/tdcenter.org\/de\/wp-json\/wp\/v2\/tags?post=38398"},{"taxonomy":"topic","embeddable":true,"href":"https:\/\/tdcenter.org\/de\/wp-json\/wp\/v2\/topic?post=38398"}],"curies":[{"name":"wp","href":"https:\/\/api.w.org\/{rel}","templated":true}]}}