{"id":38361,"date":"2026-08-24T16:18:55","date_gmt":"2026-08-24T13:18:55","guid":{"rendered":"https:\/\/tdcenter.org\/?p=38361"},"modified":"2026-09-01T16:25:37","modified_gmt":"2026-09-01T13:25:37","slug":"anti-ukrainian-narratives-poland-social-media","status":"publish","type":"post","link":"https:\/\/tdcenter.org\/de\/2026\/08\/24\/anti-ukrainian-narratives-poland-social-media\/","title":{"rendered":"Daryna Sydorenko f\u00fcr New Eastern Europe: Wie antiukrainische Narrative von sozialen Medien in die Politik Polens gelangen"},"content":{"rendered":"<p class=\"wp-block-paragraph\"><\/p>\n\n\n\n<figure class=\"wp-block-image size-large\"><img fetchpriority=\"high\" decoding=\"async\" width=\"1024\" height=\"734\" src=\"https:\/\/tdcenter.org\/wp-content\/uploads\/2026\/09\/\u0424\u043e\u0440\u043c\u0430\u0442\u0443\u0432\u0430\u043d\u043d\u044f-\u0440\u043e\u0437\u043c\u0456\u0440\u0443-\u0434\u043b\u044f-\u043a\u0430\u0440\u0442\u0438\u043d\u043e\u043a-\u043d\u0430-\u0441\u0430\u0439\u0442\u0456-14-1024x734.png\" alt=\"\" class=\"wp-image-38360\" srcset=\"https:\/\/tdcenter.org\/wp-content\/uploads\/2026\/09\/\u0424\u043e\u0440\u043c\u0430\u0442\u0443\u0432\u0430\u043d\u043d\u044f-\u0440\u043e\u0437\u043c\u0456\u0440\u0443-\u0434\u043b\u044f-\u043a\u0430\u0440\u0442\u0438\u043d\u043e\u043a-\u043d\u0430-\u0441\u0430\u0439\u0442\u0456-14-1024x734.png 1024w, https:\/\/tdcenter.org\/wp-content\/uploads\/2026\/09\/\u0424\u043e\u0440\u043c\u0430\u0442\u0443\u0432\u0430\u043d\u043d\u044f-\u0440\u043e\u0437\u043c\u0456\u0440\u0443-\u0434\u043b\u044f-\u043a\u0430\u0440\u0442\u0438\u043d\u043e\u043a-\u043d\u0430-\u0441\u0430\u0439\u0442\u0456-14-600x430.png 600w, https:\/\/tdcenter.org\/wp-content\/uploads\/2026\/09\/\u0424\u043e\u0440\u043c\u0430\u0442\u0443\u0432\u0430\u043d\u043d\u044f-\u0440\u043e\u0437\u043c\u0456\u0440\u0443-\u0434\u043b\u044f-\u043a\u0430\u0440\u0442\u0438\u043d\u043e\u043a-\u043d\u0430-\u0441\u0430\u0439\u0442\u0456-14-768x550.png 768w, https:\/\/tdcenter.org\/wp-content\/uploads\/2026\/09\/\u0424\u043e\u0440\u043c\u0430\u0442\u0443\u0432\u0430\u043d\u043d\u044f-\u0440\u043e\u0437\u043c\u0456\u0440\u0443-\u0434\u043b\u044f-\u043a\u0430\u0440\u0442\u0438\u043d\u043e\u043a-\u043d\u0430-\u0441\u0430\u0439\u0442\u0456-14-1536x1101.png 1536w, https:\/\/tdcenter.org\/wp-content\/uploads\/2026\/09\/\u0424\u043e\u0440\u043c\u0430\u0442\u0443\u0432\u0430\u043d\u043d\u044f-\u0440\u043e\u0437\u043c\u0456\u0440\u0443-\u0434\u043b\u044f-\u043a\u0430\u0440\u0442\u0438\u043d\u043e\u043a-\u043d\u0430-\u0441\u0430\u0439\u0442\u0456-14-2048x1468.png 2048w, https:\/\/tdcenter.org\/wp-content\/uploads\/2026\/09\/\u0424\u043e\u0440\u043c\u0430\u0442\u0443\u0432\u0430\u043d\u043d\u044f-\u0440\u043e\u0437\u043c\u0456\u0440\u0443-\u0434\u043b\u044f-\u043a\u0430\u0440\u0442\u0438\u043d\u043e\u043a-\u043d\u0430-\u0441\u0430\u0439\u0442\u0456-14-18x12.png 18w\" sizes=\"(max-width: 1024px) 100vw, 1024px\" \/><\/figure>\n\n\n\n<p class=\"wp-block-paragraph translation-block\"><strong>Daryna Sydorenko<\/strong>, <em>Forschungsleiterin beim Transatlantic Dialogue Center<\/em> wurde in <strong>New Eastern Europe<\/strong> in dem Artikel \u201eFrom social media to politics: Poland\u2019s Ukraine debate\u201c vorgestellt.<\/p>\n\n\n\n<p class=\"wp-block-paragraph translation-block\">In dem Artikel \u00e4u\u00dferte sich <strong>Daryna<\/strong> dazu, wie die \u00f6ffentliche Debatte \u00fcber Ukrainerinnen und Ukrainer in Polen zunehmend politisiert wird. Auf Grundlage ihrer umfassenderen Arbeit zur Beobachtung von antiukrainischer Hassrede, Desinformation und Gewaltvorf\u00e4llen in Polen erkl\u00e4rte sie, dass sich der Kontext der Pr\u00e4senz von Ukrainerinnen und Ukrainern im Land in den vergangenen Jahren erheblich ver\u00e4ndert habe.<\/p>\n\n\n\n<p class=\"wp-block-paragraph translation-block\"><strong>Daryna<\/strong> stellte einen deutlichen Anstieg negativer Kommentare \u00fcber UkrainerInnen auf Facebook, TikTok, Telegram und sogar LinkedIn fest. Diese Narrative bewegen sich h\u00e4ufig zwischen anonymen Social-Media-Accounts, Telegram-Kan\u00e4len, politischen Akteuren und etablierten Medien und pr\u00e4gen so allm\u00e4hlich die \u00f6ffentliche Wahrnehmung.<\/p>\n\n\n\n<p class=\"wp-block-paragraph\">Eine der zentralen Tendenzen, auf die sie hinwies, ist die Art und Weise, wie scheinbar voneinander unabh\u00e4ngige Geschichten \u00fcber UkrainerInnen dargestellt werden, um umfassendere feindselige Narrative zu verst\u00e4rken. So kann die Medienberichterstattung die ukrainische Staatsangeh\u00f6rigkeit eines Verd\u00e4chtigen unverh\u00e4ltnism\u00e4\u00dfig stark hervorheben oder rei\u00dferische Schlagzeilen verwenden, die UkrainerInnen mit Kriminalit\u00e4t, Undankbarkeit oder einer Bedrohung f\u00fcr die polnische Gesellschaft in Verbindung bringen.<\/p>\n\n\n\n<p class=\"wp-block-paragraph translation-block\"><strong>Daryna<\/strong> verwies auch auf die Rolle polnischsprachiger Telegram-Kan\u00e4le bei der Verbreitung solcher Botschaften. Obwohl Telegram in Polen nicht die dominierende Plattform ist, dient es als weitgehend unregulierter Raum, in dem marginale Ideen n\u00e4her an den Mainstream r\u00fccken k\u00f6nnen. Eines der am weitesten verbreiteten Narrative stellt Ukrainerinnen und Ukrainer als Kriminelle und als Gefahr f\u00fcr Polen dar.<\/p>\n\n\n\n<p class=\"wp-block-paragraph\">Auch historische Themen werden zunehmend instrumentalisiert. Narrative im Zusammenhang mit Wolhynien, der UPA und den sogenannten \u201eBanderowzen\u201c werden zunehmend mit aktuellen Geschichten \u00fcber UkrainerInnen in Polen verkn\u00fcpft. Dadurch entstehen emotionale Verbindungen zwischen der Gewalt der Vergangenheit und der heutigen ukrainischen Gemeinschaft.<\/p>\n\n\n\n<p class=\"wp-block-paragraph translation-block\"><strong>Daryna<\/strong> betonte, dass Journalistinnen und Journalisten in diesem Umfeld eine besondere Verantwortung tragen. Zwar sollten wichtige Themen weiterhin aufgegriffen werden, doch Medien sollten sich bewusst sein, dass Schlagzeilen, Darstellungsweisen und eine selektive Schwerpunktsetzung unbeabsichtigt zur Verst\u00e4rkung von Hassnarrativen beitragen k\u00f6nnen.<\/p>\n\n\n\n<blockquote class=\"wp-block-quote is-layout-flow wp-block-quote-is-layout-flow\">\n<p class=\"wp-block-paragraph\">\u201eEs ist sehr wichtig, dass Journalistinnen und Journalisten nicht nur den russischen Propagandaraum beobachten, sondern auch sicherstellen, dass sie selbst nicht zu Verst\u00e4rkern dieser Gedanken, Stimmungen und Deutungsmuster werden\u201c, sagte Daryna Sydorenko gegen\u00fcber <em>New Eastern Europe<\/em>. <em>New Eastern Europe<\/em>.<\/p>\n<\/blockquote>\n\n\n\n<p class=\"wp-block-paragraph\">Lesen Sie den Artikel in <em><a href=\"https:\/\/neweasterneurope.eu\/2026\/08\/24\/from-social-media-to-politics-polands-ukraine-debate\/\">New Eastern Europe<\/a><\/em>.<\/p>\n\n\n\n<p class=\"wp-block-paragraph\"><\/p>\n\n\n\n<p class=\"wp-block-paragraph\"><\/p>","protected":false},"excerpt":{"rendered":"<p>Daryna Sydorenko, Director of Research at the Transatlantic Dialogue Center, was featured in New Eastern Europe in the article \u201cFrom social media to politics: Poland\u2019s Ukraine debate\u201d. In the article, Daryna commented on how the public debate around Ukrainians in Poland has become increasingly politicized. Drawing on her broader work monitoring anti-Ukrainian hate speech, disinformation, [&hellip;]<\/p>\n","protected":false},"author":24,"featured_media":38360,"comment_status":"open","ping_status":"open","sticky":false,"template":"","format":"standard","meta":{"footnotes":""},"categories":[29],"tags":[],"topic":[99,111,91,84,86,92],"class_list":["post-38361","post","type-post","status-publish","format-standard","has-post-thumbnail","hentry","category-media","topic-disinformation","topic-elections","topic-eu","topic-russia","topic-ukraine","topic-war"],"mb":[],"yoast_head":"<!-- This site is optimized with the Yoast SEO Premium plugin v25.6 (Yoast SEO v25.6) - https:\/\/yoast.com\/wordpress\/plugins\/seo\/ -->\n<title>Daryna Sydorenko for New Eastern Europe: how anti-Ukrainian narratives move from social media to politics in Poland - Transatlantic Dialogue Center<\/title>\n<meta name=\"description\" content=\"Daryna Sydorenko explains how anti-Ukrainian narratives, hate speech, Telegram channels, and media framing shape Poland\u2019s debate on Ukrainians.\" \/>\n<meta name=\"robots\" content=\"index, follow, max-snippet:-1, max-image-preview:large, max-video-preview:-1\" \/>\n<link rel=\"canonical\" href=\"https:\/\/tdcenter.org\/de\/2026\/08\/24\/anti-ukrainian-narratives-poland-social-media\/\" \/>\n<meta property=\"og:locale\" content=\"de_DE\" \/>\n<meta property=\"og:type\" content=\"article\" \/>\n<meta property=\"og:title\" content=\"Daryna Sydorenko for New Eastern Europe: how anti-Ukrainian narratives move from social media to politics in Poland\" \/>\n<meta property=\"og:description\" content=\"Transatlantic Dialogue Center (TDC) is a non-governmental and non-partisan think tank that provides high-quality policy advice to private and public clients. The network of our friends and partners includes government officials, members of parliaments, businessmen, journalists, experts and analysts.\" \/>\n<meta property=\"og:url\" content=\"https:\/\/tdcenter.org\/de\/2026\/08\/24\/anti-ukrainian-narratives-poland-social-media\/\" \/>\n<meta property=\"og:site_name\" content=\"Transatlantic Dialogue Center\" \/>\n<meta property=\"article:publisher\" content=\"https:\/\/www.facebook.com\/Transatlantic-Dialogue-Center-105645698740463\" \/>\n<meta property=\"article:published_time\" content=\"2026-08-24T13:18:55+00:00\" \/>\n<meta property=\"article:modified_time\" content=\"2026-09-01T13:25:37+00:00\" \/>\n<meta property=\"og:image\" content=\"https:\/\/tdcenter.org\/wp-content\/uploads\/2026\/09\/\u0424\u043e\u0440\u043c\u0430\u0442\u0443\u0432\u0430\u043d\u043d\u044f-\u0440\u043e\u0437\u043c\u0456\u0440\u0443-\u0434\u043b\u044f-\u043a\u0430\u0440\u0442\u0438\u043d\u043e\u043a-\u043d\u0430-\u0441\u0430\u0439\u0442\u0456-14-1024x734.png\" \/>\n\t<meta property=\"og:image:width\" content=\"1024\" \/>\n\t<meta property=\"og:image:height\" content=\"734\" \/>\n\t<meta property=\"og:image:type\" content=\"image\/png\" \/>\n<meta name=\"author\" content=\"Mariia Vynnychenko\" \/>\n<meta name=\"twitter:card\" content=\"summary_large_image\" \/>\n<meta name=\"twitter:label1\" content=\"Verfasst von\" \/>\n\t<meta name=\"twitter:data1\" content=\"Mariia Vynnychenko\" \/>\n\t<meta name=\"twitter:label2\" content=\"Gesch\u00e4tzte Lesezeit\" \/>\n\t<meta name=\"twitter:data2\" content=\"2\u00a0Minuten\" \/>\n<script type=\"application\/ld+json\" class=\"yoast-schema-graph\">{\"@context\":\"https:\/\/schema.org\",\"@graph\":[{\"@type\":\"Article\",\"@id\":\"https:\/\/tdcenter.org\/2026\/08\/24\/anti-ukrainian-narratives-poland-social-media\/#article\",\"isPartOf\":{\"@id\":\"https:\/\/tdcenter.org\/2026\/08\/24\/anti-ukrainian-narratives-poland-social-media\/\"},\"author\":{\"name\":\"Mariia Vynnychenko\",\"@id\":\"https:\/\/tdcenter.org\/#\/schema\/person\/bc2e601746d6789fafbf221c5a33970e\"},\"headline\":\"Daryna Sydorenko for New Eastern Europe: how anti-Ukrainian narratives move from social media to politics in Poland\",\"datePublished\":\"2026-08-24T13:18:55+00:00\",\"dateModified\":\"2026-09-01T13:25:37+00:00\",\"mainEntityOfPage\":{\"@id\":\"https:\/\/tdcenter.org\/2026\/08\/24\/anti-ukrainian-narratives-poland-social-media\/\"},\"wordCount\":353,\"commentCount\":0,\"publisher\":{\"@id\":\"https:\/\/tdcenter.org\/#organization\"},\"image\":{\"@id\":\"https:\/\/tdcenter.org\/2026\/08\/24\/anti-ukrainian-narratives-poland-social-media\/#primaryimage\"},\"thumbnailUrl\":\"https:\/\/tdcenter.org\/wp-content\/uploads\/2026\/09\/\u0424\u043e\u0440\u043c\u0430\u0442\u0443\u0432\u0430\u043d\u043d\u044f-\u0440\u043e\u0437\u043c\u0456\u0440\u0443-\u0434\u043b\u044f-\u043a\u0430\u0440\u0442\u0438\u043d\u043e\u043a-\u043d\u0430-\u0441\u0430\u0439\u0442\u0456-14.png\",\"articleSection\":[\"Media Mentions\"],\"inLanguage\":\"de\",\"potentialAction\":[{\"@type\":\"CommentAction\",\"name\":\"Comment\",\"target\":[\"https:\/\/tdcenter.org\/2026\/08\/24\/anti-ukrainian-narratives-poland-social-media\/#respond\"]}]},{\"@type\":\"WebPage\",\"@id\":\"https:\/\/tdcenter.org\/2026\/08\/24\/anti-ukrainian-narratives-poland-social-media\/\",\"url\":\"https:\/\/tdcenter.org\/2026\/08\/24\/anti-ukrainian-narratives-poland-social-media\/\",\"name\":\"Daryna Sydorenko for New Eastern Europe: how anti-Ukrainian narratives move from social media to politics in Poland - Transatlantic Dialogue Center\",\"isPartOf\":{\"@id\":\"https:\/\/tdcenter.org\/#website\"},\"primaryImageOfPage\":{\"@id\":\"https:\/\/tdcenter.org\/2026\/08\/24\/anti-ukrainian-narratives-poland-social-media\/#primaryimage\"},\"image\":{\"@id\":\"https:\/\/tdcenter.org\/2026\/08\/24\/anti-ukrainian-narratives-poland-social-media\/#primaryimage\"},\"thumbnailUrl\":\"https:\/\/tdcenter.org\/wp-content\/uploads\/2026\/09\/\u0424\u043e\u0440\u043c\u0430\u0442\u0443\u0432\u0430\u043d\u043d\u044f-\u0440\u043e\u0437\u043c\u0456\u0440\u0443-\u0434\u043b\u044f-\u043a\u0430\u0440\u0442\u0438\u043d\u043e\u043a-\u043d\u0430-\u0441\u0430\u0439\u0442\u0456-14.png\",\"datePublished\":\"2026-08-24T13:18:55+00:00\",\"dateModified\":\"2026-09-01T13:25:37+00:00\",\"description\":\"Daryna Sydorenko explains how anti-Ukrainian narratives, hate speech, Telegram channels, and media framing shape Poland\u2019s debate on Ukrainians.\",\"breadcrumb\":{\"@id\":\"https:\/\/tdcenter.org\/2026\/08\/24\/anti-ukrainian-narratives-poland-social-media\/#breadcrumb\"},\"inLanguage\":\"de\",\"potentialAction\":[{\"@type\":\"ReadAction\",\"target\":[\"https:\/\/tdcenter.org\/2026\/08\/24\/anti-ukrainian-narratives-poland-social-media\/\"]}]},{\"@type\":\"ImageObject\",\"inLanguage\":\"de\",\"@id\":\"https:\/\/tdcenter.org\/2026\/08\/24\/anti-ukrainian-narratives-poland-social-media\/#primaryimage\",\"url\":\"https:\/\/tdcenter.org\/wp-content\/uploads\/2026\/09\/\u0424\u043e\u0440\u043c\u0430\u0442\u0443\u0432\u0430\u043d\u043d\u044f-\u0440\u043e\u0437\u043c\u0456\u0440\u0443-\u0434\u043b\u044f-\u043a\u0430\u0440\u0442\u0438\u043d\u043e\u043a-\u043d\u0430-\u0441\u0430\u0439\u0442\u0456-14.png\",\"contentUrl\":\"https:\/\/tdcenter.org\/wp-content\/uploads\/2026\/09\/\u0424\u043e\u0440\u043c\u0430\u0442\u0443\u0432\u0430\u043d\u043d\u044f-\u0440\u043e\u0437\u043c\u0456\u0440\u0443-\u0434\u043b\u044f-\u043a\u0430\u0440\u0442\u0438\u043d\u043e\u043a-\u043d\u0430-\u0441\u0430\u0439\u0442\u0456-14.png\",\"width\":2558,\"height\":1833},{\"@type\":\"BreadcrumbList\",\"@id\":\"https:\/\/tdcenter.org\/2026\/08\/24\/anti-ukrainian-narratives-poland-social-media\/#breadcrumb\",\"itemListElement\":[{\"@type\":\"ListItem\",\"position\":1,\"name\":\"Home\",\"item\":\"https:\/\/tdcenter.org\/\"},{\"@type\":\"ListItem\",\"position\":2,\"name\":\"Daryna Sydorenko for New Eastern Europe: how anti-Ukrainian narratives move from social media to politics in Poland\"}]},{\"@type\":\"WebSite\",\"@id\":\"https:\/\/tdcenter.org\/#website\",\"url\":\"https:\/\/tdcenter.org\/\",\"name\":\"Transatlantic Dialogue Center\",\"description\":\"Promoting International Peace and Security\",\"publisher\":{\"@id\":\"https:\/\/tdcenter.org\/#organization\"},\"potentialAction\":[{\"@type\":\"SearchAction\",\"target\":{\"@type\":\"EntryPoint\",\"urlTemplate\":\"https:\/\/tdcenter.org\/?s={search_term_string}\"},\"query-input\":{\"@type\":\"PropertyValueSpecification\",\"valueRequired\":true,\"valueName\":\"search_term_string\"}}],\"inLanguage\":\"de\"},{\"@type\":\"Organization\",\"@id\":\"https:\/\/tdcenter.org\/#organization\",\"name\":\"Transatlantic Dialogue Center\",\"url\":\"https:\/\/tdcenter.org\/\",\"logo\":{\"@type\":\"ImageObject\",\"inLanguage\":\"de\",\"@id\":\"https:\/\/tdcenter.org\/#\/schema\/logo\/image\/\",\"url\":\"https:\/\/tdcenter.org\/wp-content\/uploads\/2022\/04\/google.png\",\"contentUrl\":\"https:\/\/tdcenter.org\/wp-content\/uploads\/2022\/04\/google.png\",\"width\":2568,\"height\":2487,\"caption\":\"Transatlantic Dialogue Center\"},\"image\":{\"@id\":\"https:\/\/tdcenter.org\/#\/schema\/logo\/image\/\"},\"sameAs\":[\"https:\/\/www.facebook.com\/Transatlantic-Dialogue-Center-105645698740463\",\"https:\/\/www.youtube.com\/channel\/UCpJuhU4JBfpv_jsldNOc5LA\"]},{\"@type\":\"Person\",\"@id\":\"https:\/\/tdcenter.org\/#\/schema\/person\/bc2e601746d6789fafbf221c5a33970e\",\"name\":\"Mariia Vynnychenko\",\"image\":{\"@type\":\"ImageObject\",\"inLanguage\":\"de\",\"@id\":\"https:\/\/tdcenter.org\/#\/schema\/person\/image\/\",\"url\":\"https:\/\/tdcenter.org\/wp-content\/litespeed\/avatar\/95f12161d97e619b9baac8e2e790e1a5.jpg?ver=1788194004\",\"contentUrl\":\"https:\/\/tdcenter.org\/wp-content\/litespeed\/avatar\/95f12161d97e619b9baac8e2e790e1a5.jpg?ver=1788194004\",\"caption\":\"Mariia Vynnychenko\"}}]}<\/script>\n<!-- \/ Yoast SEO Premium plugin. -->","yoast_head_json":{"title":"Daryna Sydorenko for New Eastern Europe: how anti-Ukrainian narratives move from social media to politics in Poland - Transatlantic Dialogue Center","description":"Daryna Sydorenko explains how anti-Ukrainian narratives, hate speech, Telegram channels, and media framing shape Poland\u2019s debate on Ukrainians.","robots":{"index":"index","follow":"follow","max-snippet":"max-snippet:-1","max-image-preview":"max-image-preview:large","max-video-preview":"max-video-preview:-1"},"canonical":"https:\/\/tdcenter.org\/de\/2026\/08\/24\/anti-ukrainian-narratives-poland-social-media\/","og_locale":"de_DE","og_type":"article","og_title":"Daryna Sydorenko for New Eastern Europe: how anti-Ukrainian narratives move from social media to politics in Poland","og_description":"Transatlantic Dialogue Center (TDC) is a non-governmental and non-partisan think tank that provides high-quality policy advice to private and public clients. The network of our friends and partners includes government officials, members of parliaments, businessmen, journalists, experts and analysts.","og_url":"https:\/\/tdcenter.org\/de\/2026\/08\/24\/anti-ukrainian-narratives-poland-social-media\/","og_site_name":"Transatlantic Dialogue Center","article_publisher":"https:\/\/www.facebook.com\/Transatlantic-Dialogue-Center-105645698740463","article_published_time":"2026-08-24T13:18:55+00:00","article_modified_time":"2026-09-01T13:25:37+00:00","og_image":[{"width":1024,"height":734,"url":"https:\/\/tdcenter.org\/wp-content\/uploads\/2026\/09\/\u0424\u043e\u0440\u043c\u0430\u0442\u0443\u0432\u0430\u043d\u043d\u044f-\u0440\u043e\u0437\u043c\u0456\u0440\u0443-\u0434\u043b\u044f-\u043a\u0430\u0440\u0442\u0438\u043d\u043e\u043a-\u043d\u0430-\u0441\u0430\u0439\u0442\u0456-14-1024x734.png","type":"image\/png"}],"author":"Mariia Vynnychenko","twitter_card":"summary_large_image","twitter_misc":{"Verfasst von":"Mariia Vynnychenko","Gesch\u00e4tzte Lesezeit":"2\u00a0Minuten"},"schema":{"@context":"https:\/\/schema.org","@graph":[{"@type":"Article","@id":"https:\/\/tdcenter.org\/2026\/08\/24\/anti-ukrainian-narratives-poland-social-media\/#article","isPartOf":{"@id":"https:\/\/tdcenter.org\/2026\/08\/24\/anti-ukrainian-narratives-poland-social-media\/"},"author":{"name":"Mariia Vynnychenko","@id":"https:\/\/tdcenter.org\/#\/schema\/person\/bc2e601746d6789fafbf221c5a33970e"},"headline":"Daryna Sydorenko for New Eastern Europe: how anti-Ukrainian narratives move from social media to politics in Poland","datePublished":"2026-08-24T13:18:55+00:00","dateModified":"2026-09-01T13:25:37+00:00","mainEntityOfPage":{"@id":"https:\/\/tdcenter.org\/2026\/08\/24\/anti-ukrainian-narratives-poland-social-media\/"},"wordCount":353,"commentCount":0,"publisher":{"@id":"https:\/\/tdcenter.org\/#organization"},"image":{"@id":"https:\/\/tdcenter.org\/2026\/08\/24\/anti-ukrainian-narratives-poland-social-media\/#primaryimage"},"thumbnailUrl":"https:\/\/tdcenter.org\/wp-content\/uploads\/2026\/09\/\u0424\u043e\u0440\u043c\u0430\u0442\u0443\u0432\u0430\u043d\u043d\u044f-\u0440\u043e\u0437\u043c\u0456\u0440\u0443-\u0434\u043b\u044f-\u043a\u0430\u0440\u0442\u0438\u043d\u043e\u043a-\u043d\u0430-\u0441\u0430\u0439\u0442\u0456-14.png","articleSection":["Media Mentions"],"inLanguage":"de","potentialAction":[{"@type":"CommentAction","name":"Comment","target":["https:\/\/tdcenter.org\/2026\/08\/24\/anti-ukrainian-narratives-poland-social-media\/#respond"]}]},{"@type":"WebPage","@id":"https:\/\/tdcenter.org\/2026\/08\/24\/anti-ukrainian-narratives-poland-social-media\/","url":"https:\/\/tdcenter.org\/2026\/08\/24\/anti-ukrainian-narratives-poland-social-media\/","name":"Daryna Sydorenko for New Eastern Europe: how anti-Ukrainian narratives move from social media to politics in Poland - Transatlantic Dialogue Center","isPartOf":{"@id":"https:\/\/tdcenter.org\/#website"},"primaryImageOfPage":{"@id":"https:\/\/tdcenter.org\/2026\/08\/24\/anti-ukrainian-narratives-poland-social-media\/#primaryimage"},"image":{"@id":"https:\/\/tdcenter.org\/2026\/08\/24\/anti-ukrainian-narratives-poland-social-media\/#primaryimage"},"thumbnailUrl":"https:\/\/tdcenter.org\/wp-content\/uploads\/2026\/09\/\u0424\u043e\u0440\u043c\u0430\u0442\u0443\u0432\u0430\u043d\u043d\u044f-\u0440\u043e\u0437\u043c\u0456\u0440\u0443-\u0434\u043b\u044f-\u043a\u0430\u0440\u0442\u0438\u043d\u043e\u043a-\u043d\u0430-\u0441\u0430\u0439\u0442\u0456-14.png","datePublished":"2026-08-24T13:18:55+00:00","dateModified":"2026-09-01T13:25:37+00:00","description":"Daryna Sydorenko explains how anti-Ukrainian narratives, hate speech, Telegram channels, and media framing shape Poland\u2019s debate on Ukrainians.","breadcrumb":{"@id":"https:\/\/tdcenter.org\/2026\/08\/24\/anti-ukrainian-narratives-poland-social-media\/#breadcrumb"},"inLanguage":"de","potentialAction":[{"@type":"ReadAction","target":["https:\/\/tdcenter.org\/2026\/08\/24\/anti-ukrainian-narratives-poland-social-media\/"]}]},{"@type":"ImageObject","inLanguage":"de","@id":"https:\/\/tdcenter.org\/2026\/08\/24\/anti-ukrainian-narratives-poland-social-media\/#primaryimage","url":"https:\/\/tdcenter.org\/wp-content\/uploads\/2026\/09\/\u0424\u043e\u0440\u043c\u0430\u0442\u0443\u0432\u0430\u043d\u043d\u044f-\u0440\u043e\u0437\u043c\u0456\u0440\u0443-\u0434\u043b\u044f-\u043a\u0430\u0440\u0442\u0438\u043d\u043e\u043a-\u043d\u0430-\u0441\u0430\u0439\u0442\u0456-14.png","contentUrl":"https:\/\/tdcenter.org\/wp-content\/uploads\/2026\/09\/\u0424\u043e\u0440\u043c\u0430\u0442\u0443\u0432\u0430\u043d\u043d\u044f-\u0440\u043e\u0437\u043c\u0456\u0440\u0443-\u0434\u043b\u044f-\u043a\u0430\u0440\u0442\u0438\u043d\u043e\u043a-\u043d\u0430-\u0441\u0430\u0439\u0442\u0456-14.png","width":2558,"height":1833},{"@type":"BreadcrumbList","@id":"https:\/\/tdcenter.org\/2026\/08\/24\/anti-ukrainian-narratives-poland-social-media\/#breadcrumb","itemListElement":[{"@type":"ListItem","position":1,"name":"Home","item":"https:\/\/tdcenter.org\/"},{"@type":"ListItem","position":2,"name":"Daryna Sydorenko for New Eastern Europe: how anti-Ukrainian narratives move from social media to politics in Poland"}]},{"@type":"WebSite","@id":"https:\/\/tdcenter.org\/#website","url":"https:\/\/tdcenter.org\/","name":"Transatlantic Dialogue Center","description":"F\u00f6rderung des internationalen Friedens und der Sicherheit","publisher":{"@id":"https:\/\/tdcenter.org\/#organization"},"potentialAction":[{"@type":"SearchAction","target":{"@type":"EntryPoint","urlTemplate":"https:\/\/tdcenter.org\/?s={search_term_string}"},"query-input":{"@type":"PropertyValueSpecification","valueRequired":true,"valueName":"search_term_string"}}],"inLanguage":"de"},{"@type":"Organization","@id":"https:\/\/tdcenter.org\/#organization","name":"Transatlantic Dialogue Center","url":"https:\/\/tdcenter.org\/","logo":{"@type":"ImageObject","inLanguage":"de","@id":"https:\/\/tdcenter.org\/#\/schema\/logo\/image\/","url":"https:\/\/tdcenter.org\/wp-content\/uploads\/2022\/04\/google.png","contentUrl":"https:\/\/tdcenter.org\/wp-content\/uploads\/2022\/04\/google.png","width":2568,"height":2487,"caption":"Transatlantic Dialogue Center"},"image":{"@id":"https:\/\/tdcenter.org\/#\/schema\/logo\/image\/"},"sameAs":["https:\/\/www.facebook.com\/Transatlantic-Dialogue-Center-105645698740463","https:\/\/www.youtube.com\/channel\/UCpJuhU4JBfpv_jsldNOc5LA"]},{"@type":"Person","@id":"https:\/\/tdcenter.org\/#\/schema\/person\/bc2e601746d6789fafbf221c5a33970e","name":"Mariia Vynnychenko","image":{"@type":"ImageObject","inLanguage":"de","@id":"https:\/\/tdcenter.org\/#\/schema\/person\/image\/","url":"https:\/\/tdcenter.org\/wp-content\/litespeed\/avatar\/95f12161d97e619b9baac8e2e790e1a5.jpg?ver=1788194004","contentUrl":"https:\/\/tdcenter.org\/wp-content\/litespeed\/avatar\/95f12161d97e619b9baac8e2e790e1a5.jpg?ver=1788194004","caption":"Mariia Vynnychenko"}}]}},"mfb_rest_fields":["title","yoast_head","yoast_head_json","gutenberg_elementor_mode"],"_links":{"self":[{"href":"https:\/\/tdcenter.org\/de\/wp-json\/wp\/v2\/posts\/38361","targetHints":{"allow":["GET"]}}],"collection":[{"href":"https:\/\/tdcenter.org\/de\/wp-json\/wp\/v2\/posts"}],"about":[{"href":"https:\/\/tdcenter.org\/de\/wp-json\/wp\/v2\/types\/post"}],"author":[{"embeddable":true,"href":"https:\/\/tdcenter.org\/de\/wp-json\/wp\/v2\/users\/24"}],"replies":[{"embeddable":true,"href":"https:\/\/tdcenter.org\/de\/wp-json\/wp\/v2\/comments?post=38361"}],"version-history":[{"count":1,"href":"https:\/\/tdcenter.org\/de\/wp-json\/wp\/v2\/posts\/38361\/revisions"}],"predecessor-version":[{"id":38362,"href":"https:\/\/tdcenter.org\/de\/wp-json\/wp\/v2\/posts\/38361\/revisions\/38362"}],"wp:featuredmedia":[{"embeddable":true,"href":"https:\/\/tdcenter.org\/de\/wp-json\/wp\/v2\/media\/38360"}],"wp:attachment":[{"href":"https:\/\/tdcenter.org\/de\/wp-json\/wp\/v2\/media?parent=38361"}],"wp:term":[{"taxonomy":"category","embeddable":true,"href":"https:\/\/tdcenter.org\/de\/wp-json\/wp\/v2\/categories?post=38361"},{"taxonomy":"post_tag","embeddable":true,"href":"https:\/\/tdcenter.org\/de\/wp-json\/wp\/v2\/tags?post=38361"},{"taxonomy":"topic","embeddable":true,"href":"https:\/\/tdcenter.org\/de\/wp-json\/wp\/v2\/topic?post=38361"}],"curies":[{"name":"wp","href":"https:\/\/api.w.org\/{rel}","templated":true}]}}