{"id":27250,"date":"2024-12-10T10:59:59","date_gmt":"2024-12-10T08:59:59","guid":{"rendered":"https:\/\/tdcenter.org\/?p=27250"},"modified":"2025-08-05T21:08:15","modified_gmt":"2025-08-05T18:08:15","slug":"tdc-co-organizes-parliamentary-breakfast-in-the-german-bundestag","status":"publish","type":"post","link":"https:\/\/tdcenter.org\/de\/2024\/12\/10\/tdc-co-organizes-parliamentary-breakfast-in-the-german-bundestag\/","title":{"rendered":"TDC Co-Organisiert Parlamentarisches Fr\u00fchst\u00fcck im Deutschen Bundestag"},"content":{"rendered":"<p>Am 4. Dezember 2024 fand im Deutschen Bundestag ein bedeutendes parlamentarisches Fr\u00fchst\u00fcck statt, das vom Transatlantic Dialogue Center (TDC) in Zusammenarbeit mit der Allianz Ukrainischer Organisationen und den Abgeordneten Roderich Kiesewetter (CDU), Robin Wagener (B\u00fcndnis 90\/Die Gr\u00fcnen) sowie Nils Schmid (SPD) organisiert wurde.<\/p>\n\n\n\n<p>Im Mittelpunkt der Veranstaltung stand die Frage: \u201eWas steht auf dem Spiel f\u00fcr Deutschland und die EU?\u201c \u2013 angesichts des russischen Angriffskriegs gegen die Ukraine.<\/p>\n\n\n\n<p>Die Expert:innen beleuchteten die Thematik aus verschiedenen Perspektiven:<\/p>\n\n\n\n<p>Milit\u00e4r &amp; Sicherheit \u2013 Gustav Gressel, PhD<\/p>\n\n\n\n<p>Wirtschaft \u2013 Prof. Dr. Stefan Kooths<\/p>\n\n\n\n<p>Zivilgesellschaft \u2013 Ljudmyla Melnyk<\/p>\n\n\n\n<p>Die Experten pl\u00e4dierten nachdr\u00fccklich f\u00fcr eine Unterst\u00fctzung der Ukraine und betonten die Notwendigkeit einer starken europ\u00e4ischen Zusammenarbeit. Ein Sieg Russlands w\u00fcrde gravierende Auswirkungen auf die europ\u00e4ische Stabilit\u00e4t und Sicherheit haben.<\/p>\n\n\n\n<p>Besonders hervorzuheben ist der Policy Brief des Kiel Institute for the World Economy mit dem Titel <a href=\"https:\/\/www.ifw-kiel.de\/de\/publikationen\/was-kostet-es-die-ukraine-nicht-zu-unterstuetzen-33411\/\">\u201eWas kostet es, die Ukraine nicht zu unterst\u00fctzen?\u201c<\/a> der die wirtschaftlichen Risiken einer unzureichenden Unterst\u00fctzung aufzeigt.<\/p>\n\n\n\n<p>An der Veranstaltung nahmen \u00fcber 60 Teilnehmer teil, darunter 18 Abgeordnete des Deutschen Bundestages.<\/p>\n\n\n\n<figure class=\"wp-block-image size-large\"><img fetchpriority=\"high\" decoding=\"async\" width=\"1024\" height=\"768\" src=\"https:\/\/tdcenter.org\/wp-content\/uploads\/2024\/12\/IMG_8926-1024x768.jpg\" alt=\"\" class=\"wp-image-27251\" srcset=\"https:\/\/tdcenter.org\/wp-content\/uploads\/2024\/12\/IMG_8926-1024x768.jpg 1024w, https:\/\/tdcenter.org\/wp-content\/uploads\/2024\/12\/IMG_8926-600x450.jpg 600w, https:\/\/tdcenter.org\/wp-content\/uploads\/2024\/12\/IMG_8926-768x576.jpg 768w, https:\/\/tdcenter.org\/wp-content\/uploads\/2024\/12\/IMG_8926-16x12.jpg 16w, https:\/\/tdcenter.org\/wp-content\/uploads\/2024\/12\/IMG_8926.jpg 1170w\" sizes=\"(max-width: 1024px) 100vw, 1024px\" \/><\/figure>\n\n\n\n<p><\/p>","protected":false},"excerpt":{"rendered":"<p>On December 4, 2024, a significant parliamentary breakfast took place in the German Bundestag, organized by the Transatlantic Dialogue Center in collaboration with the Alliance of Ukrainian Organizations and Members of Parliament Roderich Kiesewetter (CDU), Robin Wagener (B\u00fcndnis 90\/Die Gr\u00fcnen), and Nils Schmid (SPD). The focus of the event was on the question: \u201cWhat is [&hellip;]<\/p>","protected":false},"author":10,"featured_media":27251,"comment_status":"open","ping_status":"open","sticky":false,"template":"","format":"standard","meta":{"footnotes":""},"categories":[25,105],"tags":[],"topic":[],"class_list":["post-27250","post","type-post","status-publish","format-standard","has-post-thumbnail","hentry","category-events","category-german-ukrainian-partnership-program-events"],"mb":[],"yoast_head":"<!-- This site is optimized with the Yoast SEO Premium plugin v25.6 (Yoast SEO v25.6) - https:\/\/yoast.com\/wordpress\/plugins\/seo\/ -->\n<title>TDC Co-Organizes Parliamentary Breakfast in the German Bundestag - Transatlantic Dialogue Center<\/title>\n<meta name=\"description\" content=\"Transatlantic Dialogue Center (TDC) is a non-governmental and non-partisan think tank that provides high-quality policy advice to private and public clients. The network of our friends and partners includes government officials, members of parliaments, businessmen, journalists, experts and analysts.\" \/>\n<meta name=\"robots\" content=\"index, follow, max-snippet:-1, max-image-preview:large, max-video-preview:-1\" \/>\n<link rel=\"canonical\" href=\"https:\/\/tdcenter.org\/de\/2024\/12\/10\/tdc-co-organizes-parliamentary-breakfast-in-the-german-bundestag\/\" \/>\n<meta property=\"og:locale\" content=\"de_DE\" \/>\n<meta property=\"og:type\" content=\"article\" \/>\n<meta property=\"og:title\" content=\"TDC Co-Organizes Parliamentary Breakfast in the German Bundestag\" \/>\n<meta property=\"og:description\" content=\"Transatlantic Dialogue Center (TDC) is a non-governmental and non-partisan think tank that provides high-quality policy advice to private and public clients. The network of our friends and partners includes government officials, members of parliaments, businessmen, journalists, experts and analysts.\" \/>\n<meta property=\"og:url\" content=\"https:\/\/tdcenter.org\/de\/2024\/12\/10\/tdc-co-organizes-parliamentary-breakfast-in-the-german-bundestag\/\" \/>\n<meta property=\"og:site_name\" content=\"Transatlantic Dialogue Center\" \/>\n<meta property=\"article:publisher\" content=\"https:\/\/www.facebook.com\/Transatlantic-Dialogue-Center-105645698740463\" \/>\n<meta property=\"article:published_time\" content=\"2024-12-10T08:59:59+00:00\" \/>\n<meta property=\"article:modified_time\" content=\"2025-08-05T18:08:15+00:00\" \/>\n<meta property=\"og:image\" content=\"https:\/\/tdcenter.org\/wp-content\/uploads\/2024\/12\/IMG_8926.jpg\" \/>\n\t<meta property=\"og:image:width\" content=\"1170\" \/>\n\t<meta property=\"og:image:height\" content=\"877\" \/>\n\t<meta property=\"og:image:type\" content=\"image\/jpeg\" \/>\n<meta name=\"author\" content=\"Stepan Rusyn\" \/>\n<meta name=\"twitter:card\" content=\"summary_large_image\" \/>\n<meta name=\"twitter:label1\" content=\"Verfasst von\" \/>\n\t<meta name=\"twitter:data1\" content=\"Stepan Rusyn\" \/>\n\t<meta name=\"twitter:label2\" content=\"Gesch\u00e4tzte Lesezeit\" \/>\n\t<meta name=\"twitter:data2\" content=\"2\u00a0Minuten\" \/>\n<script type=\"application\/ld+json\" class=\"yoast-schema-graph\">{\"@context\":\"https:\/\/schema.org\",\"@graph\":[{\"@type\":\"Article\",\"@id\":\"https:\/\/tdcenter.org\/2024\/12\/10\/tdc-co-organizes-parliamentary-breakfast-in-the-german-bundestag\/#article\",\"isPartOf\":{\"@id\":\"https:\/\/tdcenter.org\/2024\/12\/10\/tdc-co-organizes-parliamentary-breakfast-in-the-german-bundestag\/\"},\"author\":{\"name\":\"Stepan Rusyn\",\"@id\":\"https:\/\/tdcenter.org\/#\/schema\/person\/10d9eb6be418ce623b4525c0dedbadfa\"},\"headline\":\"TDC Co-Organizes Parliamentary Breakfast in the German Bundestag\",\"datePublished\":\"2024-12-10T08:59:59+00:00\",\"dateModified\":\"2025-08-05T18:08:15+00:00\",\"mainEntityOfPage\":{\"@id\":\"https:\/\/tdcenter.org\/2024\/12\/10\/tdc-co-organizes-parliamentary-breakfast-in-the-german-bundestag\/\"},\"wordCount\":177,\"commentCount\":0,\"publisher\":{\"@id\":\"https:\/\/tdcenter.org\/#organization\"},\"image\":{\"@id\":\"https:\/\/tdcenter.org\/2024\/12\/10\/tdc-co-organizes-parliamentary-breakfast-in-the-german-bundestag\/#primaryimage\"},\"thumbnailUrl\":\"https:\/\/tdcenter.org\/wp-content\/uploads\/2024\/12\/IMG_8926.jpg\",\"articleSection\":[\"Events\",\"Events-German-Ukrainian Partnership Program\"],\"inLanguage\":\"de\",\"potentialAction\":[{\"@type\":\"CommentAction\",\"name\":\"Comment\",\"target\":[\"https:\/\/tdcenter.org\/2024\/12\/10\/tdc-co-organizes-parliamentary-breakfast-in-the-german-bundestag\/#respond\"]}]},{\"@type\":\"WebPage\",\"@id\":\"https:\/\/tdcenter.org\/2024\/12\/10\/tdc-co-organizes-parliamentary-breakfast-in-the-german-bundestag\/\",\"url\":\"https:\/\/tdcenter.org\/2024\/12\/10\/tdc-co-organizes-parliamentary-breakfast-in-the-german-bundestag\/\",\"name\":\"TDC Co-Organizes Parliamentary Breakfast in the German Bundestag - Transatlantic Dialogue Center\",\"isPartOf\":{\"@id\":\"https:\/\/tdcenter.org\/#website\"},\"primaryImageOfPage\":{\"@id\":\"https:\/\/tdcenter.org\/2024\/12\/10\/tdc-co-organizes-parliamentary-breakfast-in-the-german-bundestag\/#primaryimage\"},\"image\":{\"@id\":\"https:\/\/tdcenter.org\/2024\/12\/10\/tdc-co-organizes-parliamentary-breakfast-in-the-german-bundestag\/#primaryimage\"},\"thumbnailUrl\":\"https:\/\/tdcenter.org\/wp-content\/uploads\/2024\/12\/IMG_8926.jpg\",\"datePublished\":\"2024-12-10T08:59:59+00:00\",\"dateModified\":\"2025-08-05T18:08:15+00:00\",\"description\":\"Transatlantic Dialogue Center (TDC) is a non-governmental and non-partisan think tank that provides high-quality policy advice to private and public clients. The network of our friends and partners includes government officials, members of parliaments, businessmen, journalists, experts and analysts.\",\"breadcrumb\":{\"@id\":\"https:\/\/tdcenter.org\/2024\/12\/10\/tdc-co-organizes-parliamentary-breakfast-in-the-german-bundestag\/#breadcrumb\"},\"inLanguage\":\"de\",\"potentialAction\":[{\"@type\":\"ReadAction\",\"target\":[\"https:\/\/tdcenter.org\/2024\/12\/10\/tdc-co-organizes-parliamentary-breakfast-in-the-german-bundestag\/\"]}]},{\"@type\":\"ImageObject\",\"inLanguage\":\"de\",\"@id\":\"https:\/\/tdcenter.org\/2024\/12\/10\/tdc-co-organizes-parliamentary-breakfast-in-the-german-bundestag\/#primaryimage\",\"url\":\"https:\/\/tdcenter.org\/wp-content\/uploads\/2024\/12\/IMG_8926.jpg\",\"contentUrl\":\"https:\/\/tdcenter.org\/wp-content\/uploads\/2024\/12\/IMG_8926.jpg\",\"width\":1170,\"height\":877},{\"@type\":\"BreadcrumbList\",\"@id\":\"https:\/\/tdcenter.org\/2024\/12\/10\/tdc-co-organizes-parliamentary-breakfast-in-the-german-bundestag\/#breadcrumb\",\"itemListElement\":[{\"@type\":\"ListItem\",\"position\":1,\"name\":\"Home\",\"item\":\"https:\/\/tdcenter.org\/\"},{\"@type\":\"ListItem\",\"position\":2,\"name\":\"TDC Co-Organizes Parliamentary Breakfast in the German Bundestag\"}]},{\"@type\":\"WebSite\",\"@id\":\"https:\/\/tdcenter.org\/#website\",\"url\":\"https:\/\/tdcenter.org\/\",\"name\":\"Transatlantic Dialogue Center\",\"description\":\"Promoting International Peace and Security\",\"publisher\":{\"@id\":\"https:\/\/tdcenter.org\/#organization\"},\"potentialAction\":[{\"@type\":\"SearchAction\",\"target\":{\"@type\":\"EntryPoint\",\"urlTemplate\":\"https:\/\/tdcenter.org\/?s={search_term_string}\"},\"query-input\":{\"@type\":\"PropertyValueSpecification\",\"valueRequired\":true,\"valueName\":\"search_term_string\"}}],\"inLanguage\":\"de\"},{\"@type\":\"Organization\",\"@id\":\"https:\/\/tdcenter.org\/#organization\",\"name\":\"Transatlantic Dialogue Center\",\"url\":\"https:\/\/tdcenter.org\/\",\"logo\":{\"@type\":\"ImageObject\",\"inLanguage\":\"de\",\"@id\":\"https:\/\/tdcenter.org\/#\/schema\/logo\/image\/\",\"url\":\"https:\/\/tdcenter.org\/wp-content\/uploads\/2022\/04\/google.png\",\"contentUrl\":\"https:\/\/tdcenter.org\/wp-content\/uploads\/2022\/04\/google.png\",\"width\":2568,\"height\":2487,\"caption\":\"Transatlantic Dialogue Center\"},\"image\":{\"@id\":\"https:\/\/tdcenter.org\/#\/schema\/logo\/image\/\"},\"sameAs\":[\"https:\/\/www.facebook.com\/Transatlantic-Dialogue-Center-105645698740463\",\"https:\/\/www.youtube.com\/channel\/UCpJuhU4JBfpv_jsldNOc5LA\"]},{\"@type\":\"Person\",\"@id\":\"https:\/\/tdcenter.org\/#\/schema\/person\/10d9eb6be418ce623b4525c0dedbadfa\",\"name\":\"Stepan Rusyn\",\"image\":{\"@type\":\"ImageObject\",\"inLanguage\":\"de\",\"@id\":\"https:\/\/tdcenter.org\/#\/schema\/person\/image\/\",\"url\":\"https:\/\/secure.gravatar.com\/avatar\/6f181ae12d4d3e5fe77123d871e3ad5c5df2915e34dc1af5f12b62bdc1348f76?s=96&d=mm&r=g\",\"contentUrl\":\"https:\/\/secure.gravatar.com\/avatar\/6f181ae12d4d3e5fe77123d871e3ad5c5df2915e34dc1af5f12b62bdc1348f76?s=96&d=mm&r=g\",\"caption\":\"Stepan Rusyn\"}}]}<\/script>\n<!-- \/ Yoast SEO Premium plugin. -->","yoast_head_json":{"title":"TDC Co-Organizes Parliamentary Breakfast in the German Bundestag - Transatlantic Dialogue Center","description":"Transatlantic Dialogue Center (TDC) is a non-governmental and non-partisan think tank that provides high-quality policy advice to private and public clients. The network of our friends and partners includes government officials, members of parliaments, businessmen, journalists, experts and analysts.","robots":{"index":"index","follow":"follow","max-snippet":"max-snippet:-1","max-image-preview":"max-image-preview:large","max-video-preview":"max-video-preview:-1"},"canonical":"https:\/\/tdcenter.org\/de\/2024\/12\/10\/tdc-co-organizes-parliamentary-breakfast-in-the-german-bundestag\/","og_locale":"de_DE","og_type":"article","og_title":"TDC Co-Organizes Parliamentary Breakfast in the German Bundestag","og_description":"Transatlantic Dialogue Center (TDC) is a non-governmental and non-partisan think tank that provides high-quality policy advice to private and public clients. The network of our friends and partners includes government officials, members of parliaments, businessmen, journalists, experts and analysts.","og_url":"https:\/\/tdcenter.org\/de\/2024\/12\/10\/tdc-co-organizes-parliamentary-breakfast-in-the-german-bundestag\/","og_site_name":"Transatlantic Dialogue Center","article_publisher":"https:\/\/www.facebook.com\/Transatlantic-Dialogue-Center-105645698740463","article_published_time":"2024-12-10T08:59:59+00:00","article_modified_time":"2025-08-05T18:08:15+00:00","og_image":[{"width":1170,"height":877,"url":"https:\/\/tdcenter.org\/wp-content\/uploads\/2024\/12\/IMG_8926.jpg","type":"image\/jpeg"}],"author":"Stepan Rusyn","twitter_card":"summary_large_image","twitter_misc":{"Verfasst von":"Stepan Rusyn","Gesch\u00e4tzte Lesezeit":"2\u00a0Minuten"},"schema":{"@context":"https:\/\/schema.org","@graph":[{"@type":"Article","@id":"https:\/\/tdcenter.org\/2024\/12\/10\/tdc-co-organizes-parliamentary-breakfast-in-the-german-bundestag\/#article","isPartOf":{"@id":"https:\/\/tdcenter.org\/2024\/12\/10\/tdc-co-organizes-parliamentary-breakfast-in-the-german-bundestag\/"},"author":{"name":"Stepan Rusyn","@id":"https:\/\/tdcenter.org\/#\/schema\/person\/10d9eb6be418ce623b4525c0dedbadfa"},"headline":"TDC Co-Organizes Parliamentary Breakfast in the German Bundestag","datePublished":"2024-12-10T08:59:59+00:00","dateModified":"2025-08-05T18:08:15+00:00","mainEntityOfPage":{"@id":"https:\/\/tdcenter.org\/2024\/12\/10\/tdc-co-organizes-parliamentary-breakfast-in-the-german-bundestag\/"},"wordCount":177,"commentCount":0,"publisher":{"@id":"https:\/\/tdcenter.org\/#organization"},"image":{"@id":"https:\/\/tdcenter.org\/2024\/12\/10\/tdc-co-organizes-parliamentary-breakfast-in-the-german-bundestag\/#primaryimage"},"thumbnailUrl":"https:\/\/tdcenter.org\/wp-content\/uploads\/2024\/12\/IMG_8926.jpg","articleSection":["Events","Events-German-Ukrainian Partnership Program"],"inLanguage":"de","potentialAction":[{"@type":"CommentAction","name":"Comment","target":["https:\/\/tdcenter.org\/2024\/12\/10\/tdc-co-organizes-parliamentary-breakfast-in-the-german-bundestag\/#respond"]}]},{"@type":"WebPage","@id":"https:\/\/tdcenter.org\/2024\/12\/10\/tdc-co-organizes-parliamentary-breakfast-in-the-german-bundestag\/","url":"https:\/\/tdcenter.org\/2024\/12\/10\/tdc-co-organizes-parliamentary-breakfast-in-the-german-bundestag\/","name":"TDC Co-Organizes Parliamentary Breakfast in the German Bundestag - Transatlantic Dialogue Center","isPartOf":{"@id":"https:\/\/tdcenter.org\/#website"},"primaryImageOfPage":{"@id":"https:\/\/tdcenter.org\/2024\/12\/10\/tdc-co-organizes-parliamentary-breakfast-in-the-german-bundestag\/#primaryimage"},"image":{"@id":"https:\/\/tdcenter.org\/2024\/12\/10\/tdc-co-organizes-parliamentary-breakfast-in-the-german-bundestag\/#primaryimage"},"thumbnailUrl":"https:\/\/tdcenter.org\/wp-content\/uploads\/2024\/12\/IMG_8926.jpg","datePublished":"2024-12-10T08:59:59+00:00","dateModified":"2025-08-05T18:08:15+00:00","description":"Transatlantic Dialogue Center (TDC) is a non-governmental and non-partisan think tank that provides high-quality policy advice to private and public clients. The network of our friends and partners includes government officials, members of parliaments, businessmen, journalists, experts and analysts.","breadcrumb":{"@id":"https:\/\/tdcenter.org\/2024\/12\/10\/tdc-co-organizes-parliamentary-breakfast-in-the-german-bundestag\/#breadcrumb"},"inLanguage":"de","potentialAction":[{"@type":"ReadAction","target":["https:\/\/tdcenter.org\/2024\/12\/10\/tdc-co-organizes-parliamentary-breakfast-in-the-german-bundestag\/"]}]},{"@type":"ImageObject","inLanguage":"de","@id":"https:\/\/tdcenter.org\/2024\/12\/10\/tdc-co-organizes-parliamentary-breakfast-in-the-german-bundestag\/#primaryimage","url":"https:\/\/tdcenter.org\/wp-content\/uploads\/2024\/12\/IMG_8926.jpg","contentUrl":"https:\/\/tdcenter.org\/wp-content\/uploads\/2024\/12\/IMG_8926.jpg","width":1170,"height":877},{"@type":"BreadcrumbList","@id":"https:\/\/tdcenter.org\/2024\/12\/10\/tdc-co-organizes-parliamentary-breakfast-in-the-german-bundestag\/#breadcrumb","itemListElement":[{"@type":"ListItem","position":1,"name":"Home","item":"https:\/\/tdcenter.org\/"},{"@type":"ListItem","position":2,"name":"TDC Co-Organizes Parliamentary Breakfast in the German Bundestag"}]},{"@type":"WebSite","@id":"https:\/\/tdcenter.org\/#website","url":"https:\/\/tdcenter.org\/","name":"Transatlantic Dialogue Center","description":"F\u00f6rderung des internationalen Friedens und der Sicherheit","publisher":{"@id":"https:\/\/tdcenter.org\/#organization"},"potentialAction":[{"@type":"SearchAction","target":{"@type":"EntryPoint","urlTemplate":"https:\/\/tdcenter.org\/?s={search_term_string}"},"query-input":{"@type":"PropertyValueSpecification","valueRequired":true,"valueName":"search_term_string"}}],"inLanguage":"de"},{"@type":"Organization","@id":"https:\/\/tdcenter.org\/#organization","name":"Transatlantic Dialogue Center","url":"https:\/\/tdcenter.org\/","logo":{"@type":"ImageObject","inLanguage":"de","@id":"https:\/\/tdcenter.org\/#\/schema\/logo\/image\/","url":"https:\/\/tdcenter.org\/wp-content\/uploads\/2022\/04\/google.png","contentUrl":"https:\/\/tdcenter.org\/wp-content\/uploads\/2022\/04\/google.png","width":2568,"height":2487,"caption":"Transatlantic Dialogue Center"},"image":{"@id":"https:\/\/tdcenter.org\/#\/schema\/logo\/image\/"},"sameAs":["https:\/\/www.facebook.com\/Transatlantic-Dialogue-Center-105645698740463","https:\/\/www.youtube.com\/channel\/UCpJuhU4JBfpv_jsldNOc5LA"]},{"@type":"Person","@id":"https:\/\/tdcenter.org\/#\/schema\/person\/10d9eb6be418ce623b4525c0dedbadfa","name":"Stepan Rusyn","image":{"@type":"ImageObject","inLanguage":"de","@id":"https:\/\/tdcenter.org\/#\/schema\/person\/image\/","url":"https:\/\/secure.gravatar.com\/avatar\/6f181ae12d4d3e5fe77123d871e3ad5c5df2915e34dc1af5f12b62bdc1348f76?s=96&d=mm&r=g","contentUrl":"https:\/\/secure.gravatar.com\/avatar\/6f181ae12d4d3e5fe77123d871e3ad5c5df2915e34dc1af5f12b62bdc1348f76?s=96&d=mm&r=g","caption":"Stepan Rusyn"}}]}},"mfb_rest_fields":["title","yoast_head","yoast_head_json","gutenberg_elementor_mode"],"_links":{"self":[{"href":"https:\/\/tdcenter.org\/de\/wp-json\/wp\/v2\/posts\/27250","targetHints":{"allow":["GET"]}}],"collection":[{"href":"https:\/\/tdcenter.org\/de\/wp-json\/wp\/v2\/posts"}],"about":[{"href":"https:\/\/tdcenter.org\/de\/wp-json\/wp\/v2\/types\/post"}],"author":[{"embeddable":true,"href":"https:\/\/tdcenter.org\/de\/wp-json\/wp\/v2\/users\/10"}],"replies":[{"embeddable":true,"href":"https:\/\/tdcenter.org\/de\/wp-json\/wp\/v2\/comments?post=27250"}],"version-history":[{"count":1,"href":"https:\/\/tdcenter.org\/de\/wp-json\/wp\/v2\/posts\/27250\/revisions"}],"predecessor-version":[{"id":27255,"href":"https:\/\/tdcenter.org\/de\/wp-json\/wp\/v2\/posts\/27250\/revisions\/27255"}],"wp:featuredmedia":[{"embeddable":true,"href":"https:\/\/tdcenter.org\/de\/wp-json\/wp\/v2\/media\/27251"}],"wp:attachment":[{"href":"https:\/\/tdcenter.org\/de\/wp-json\/wp\/v2\/media?parent=27250"}],"wp:term":[{"taxonomy":"category","embeddable":true,"href":"https:\/\/tdcenter.org\/de\/wp-json\/wp\/v2\/categories?post=27250"},{"taxonomy":"post_tag","embeddable":true,"href":"https:\/\/tdcenter.org\/de\/wp-json\/wp\/v2\/tags?post=27250"},{"taxonomy":"topic","embeddable":true,"href":"https:\/\/tdcenter.org\/de\/wp-json\/wp\/v2\/topic?post=27250"}],"curies":[{"name":"wp","href":"https:\/\/api.w.org\/{rel}","templated":true}]}}