{"id":26455,"date":"2024-10-17T13:14:00","date_gmt":"2024-10-17T10:14:00","guid":{"rendered":"https:\/\/tdcenter.org\/?p=26455"},"modified":"2025-08-05T21:09:03","modified_gmt":"2025-08-05T18:09:03","slug":"strengthening-partnership-argentine-parliamentarians-meet-with-first-deputy-speaker-of-the-verkhovna-rada-of-ukraine","status":"publish","type":"post","link":"https:\/\/tdcenter.org\/de\/2024\/10\/17\/strengthening-partnership-argentine-parliamentarians-meet-with-first-deputy-speaker-of-the-verkhovna-rada-of-ukraine\/","title":{"rendered":"St\u00e4rkung der Partnerschaft: Argentinische Parlamentarier treffen sich mit dem Ersten stellvertretenden Sprecher der Werchowna Rada der Ukraine"},"content":{"rendered":"<p>Am 18. Oktober traf sich der Erste stellvertretende Sprecher der Werchowna Rada der Ukraine, Oleksandr Korniyenko, mit der Abgeordneten Lilia Lemoine aus der Abgeordnetenkammer des Nationalkongresses der Republik Argentinien und dem argentinischen Vertreter Ivan Dubois aus dem Parlament des S\u00fcdlichen Gemeinsamen Marktes (PARLASUR).<\/p>\n\n\n\n<p>W\u00e4hrend des Treffens diskutierten sie die St\u00e4rkung der interparlamentarischen Zusammenarbeit. Oleksandr Korniyenko betonte, dass der russische Aggressor durch seine unprovozierten Handlungen die Lebensmittelkrise verursacht habe. \u201e<em>Einer der Punkte in der Friedensformel von Wolodymyr Selenskyj konzentriert sich auf die Ern\u00e4hrungssicherheit, ein wesentlicher Aspekt, um einen gerechten, inklusiven und dauerhaften Frieden zu gew\u00e4hrleisten\u201c,<\/em> erkl\u00e4rte er.<\/p>\n\n\n\n<div class=\"wp-block-columns is-layout-flex wp-container-core-columns-is-layout-28f84493 wp-block-columns-is-layout-flex\">\n<div class=\"wp-block-column is-layout-flow wp-block-column-is-layout-flow\"><div class=\"wp-block-image\">\n<figure class=\"alignleft size-large is-resized\"><img fetchpriority=\"high\" decoding=\"async\" width=\"1024\" height=\"663\" src=\"https:\/\/tdcenter.org\/wp-content\/uploads\/2024\/11\/IMG_1310-1024x663.jpeg\" alt=\"\" class=\"wp-image-26462\" style=\"width:760px;height:auto\" srcset=\"https:\/\/tdcenter.org\/wp-content\/uploads\/2024\/11\/IMG_1310-1024x663.jpeg 1024w, https:\/\/tdcenter.org\/wp-content\/uploads\/2024\/11\/IMG_1310-600x388.jpeg 600w, https:\/\/tdcenter.org\/wp-content\/uploads\/2024\/11\/IMG_1310-768x497.jpeg 768w, https:\/\/tdcenter.org\/wp-content\/uploads\/2024\/11\/IMG_1310-1536x995.jpeg 1536w, https:\/\/tdcenter.org\/wp-content\/uploads\/2024\/11\/IMG_1310-18x12.jpeg 18w, https:\/\/tdcenter.org\/wp-content\/uploads\/2024\/11\/IMG_1310.jpeg 2048w\" sizes=\"(max-width: 1024px) 100vw, 1024px\" \/><\/figure>\n<\/div><\/div>\n\n\n\n<div class=\"wp-block-column is-layout-flow wp-block-column-is-layout-flow\"><div class=\"wp-block-image\">\n<figure class=\"alignright size-large is-resized\"><img decoding=\"async\" width=\"1024\" height=\"783\" src=\"https:\/\/tdcenter.org\/wp-content\/uploads\/2024\/11\/IMG_1309-1-1024x783.jpeg\" alt=\"\" class=\"wp-image-26463\" style=\"width:642px;height:auto\" srcset=\"https:\/\/tdcenter.org\/wp-content\/uploads\/2024\/11\/IMG_1309-1-1024x783.jpeg 1024w, https:\/\/tdcenter.org\/wp-content\/uploads\/2024\/11\/IMG_1309-1-600x459.jpeg 600w, https:\/\/tdcenter.org\/wp-content\/uploads\/2024\/11\/IMG_1309-1-768x587.jpeg 768w, https:\/\/tdcenter.org\/wp-content\/uploads\/2024\/11\/IMG_1309-1-1536x1175.jpeg 1536w, https:\/\/tdcenter.org\/wp-content\/uploads\/2024\/11\/IMG_1309-1-16x12.jpeg 16w, https:\/\/tdcenter.org\/wp-content\/uploads\/2024\/11\/IMG_1309-1.jpeg 2048w\" sizes=\"(max-width: 1024px) 100vw, 1024px\" \/><\/figure>\n<\/div><\/div>\n<\/div>\n\n\n\n<p>In diesem Zusammenhang stimmten die Parteien der Bedeutung ihrer gemeinsamen Aufgabe im Kampf gegen die russische Propaganda zu, die der Aggressor weltweit zu verbreiten sucht.<\/p>\n\n\n\n<p>W\u00e4hrend des Treffens informierte der Erste stellvertretende Sprecher auch seine Gespr\u00e4chspartner \u00fcber den Integrationsprozess der Ukraine in die Europ\u00e4ische Union, die erreichten Fortschritte in diesem Bereich und die n\u00e4chsten Schritte, an denen das ukrainische Parlament arbeitet.<\/p>\n\n\n\n<p>Abschlie\u00dfend dankte Oleksandr Kornijenko Argentinien f\u00fcr seine Unterst\u00fctzung der Ukraine und die Verabschiedung von Resolutionen im argentinischen Parlament zugunsten der Interessen der Ukraine.<\/p>\n\n\n\n<p>Der Besuch wurde vom\u00a0<strong>Transatlantic Dialogue Center<\/strong>\u00a0und\u00a0<strong>Resilient Ukraine<\/strong>.<\/p>","protected":false},"excerpt":{"rendered":"<p>On October 18, the First Deputy Speaker of the Verkhovna Rada of Ukraine, Oleksandr Korniyenko, met with Deputy Lilia Lemoine from the Chamber of Deputies of the National Congress of the Republic of Argentina and Argentine representative Ivan Dubois from the Parliament of the Southern Common Market (PARLASUR). During the meeting, they discussed strengthening interparliamentary [&hellip;]<\/p>","protected":false},"author":8,"featured_media":26463,"comment_status":"open","ping_status":"open","sticky":false,"template":"","format":"standard","meta":{"footnotes":""},"categories":[25,104],"tags":[],"topic":[],"class_list":["post-26455","post","type-post","status-publish","format-standard","has-post-thumbnail","hentry","category-events","category-spain-and-latin-america-cooperation-program-events"],"mb":[],"yoast_head":"<!-- This site is optimized with the Yoast SEO Premium plugin v25.6 (Yoast SEO v25.6) - https:\/\/yoast.com\/wordpress\/plugins\/seo\/ -->\n<title>Strengthening Partnership: Argentine Parliamentarians Meet with First Deputy Speaker of the Verkhovna Rada of Ukraine - Transatlantic Dialogue Center<\/title>\n<meta name=\"description\" content=\"Transatlantic Dialogue Center (TDC) is a non-governmental and non-partisan think tank that provides high-quality policy advice to private and public clients. The network of our friends and partners includes government officials, members of parliaments, businessmen, journalists, experts and analysts.\" \/>\n<meta name=\"robots\" content=\"index, follow, max-snippet:-1, max-image-preview:large, max-video-preview:-1\" \/>\n<link rel=\"canonical\" href=\"https:\/\/tdcenter.org\/de\/2024\/10\/17\/strengthening-partnership-argentine-parliamentarians-meet-with-first-deputy-speaker-of-the-verkhovna-rada-of-ukraine\/\" \/>\n<meta property=\"og:locale\" content=\"de_DE\" \/>\n<meta property=\"og:type\" content=\"article\" \/>\n<meta property=\"og:title\" content=\"Strengthening Partnership: Argentine Parliamentarians Meet with First Deputy Speaker of the Verkhovna Rada of Ukraine\" \/>\n<meta property=\"og:description\" content=\"Transatlantic Dialogue Center (TDC) is a non-governmental and non-partisan think tank that provides high-quality policy advice to private and public clients. The network of our friends and partners includes government officials, members of parliaments, businessmen, journalists, experts and analysts.\" \/>\n<meta property=\"og:url\" content=\"https:\/\/tdcenter.org\/de\/2024\/10\/17\/strengthening-partnership-argentine-parliamentarians-meet-with-first-deputy-speaker-of-the-verkhovna-rada-of-ukraine\/\" \/>\n<meta property=\"og:site_name\" content=\"Transatlantic Dialogue Center\" \/>\n<meta property=\"article:publisher\" content=\"https:\/\/www.facebook.com\/Transatlantic-Dialogue-Center-105645698740463\" \/>\n<meta property=\"article:published_time\" content=\"2024-10-17T10:14:00+00:00\" \/>\n<meta property=\"article:modified_time\" content=\"2025-08-05T18:09:03+00:00\" \/>\n<meta property=\"og:image\" content=\"https:\/\/tdcenter.org\/wp-content\/uploads\/2024\/11\/IMG_1309-1.jpeg\" \/>\n\t<meta property=\"og:image:width\" content=\"2048\" \/>\n\t<meta property=\"og:image:height\" content=\"1566\" \/>\n\t<meta property=\"og:image:type\" content=\"image\/jpeg\" \/>\n<meta name=\"author\" content=\"Alina Rohach\" \/>\n<meta name=\"twitter:card\" content=\"summary_large_image\" \/>\n<meta name=\"twitter:label1\" content=\"Verfasst von\" \/>\n\t<meta name=\"twitter:data1\" content=\"Alina Rohach\" \/>\n\t<meta name=\"twitter:label2\" content=\"Gesch\u00e4tzte Lesezeit\" \/>\n\t<meta name=\"twitter:data2\" content=\"2\u00a0Minuten\" \/>\n<script type=\"application\/ld+json\" class=\"yoast-schema-graph\">{\"@context\":\"https:\/\/schema.org\",\"@graph\":[{\"@type\":\"Article\",\"@id\":\"https:\/\/tdcenter.org\/2024\/10\/17\/strengthening-partnership-argentine-parliamentarians-meet-with-first-deputy-speaker-of-the-verkhovna-rada-of-ukraine\/#article\",\"isPartOf\":{\"@id\":\"https:\/\/tdcenter.org\/2024\/10\/17\/strengthening-partnership-argentine-parliamentarians-meet-with-first-deputy-speaker-of-the-verkhovna-rada-of-ukraine\/\"},\"author\":{\"name\":\"Alina Rohach\",\"@id\":\"https:\/\/tdcenter.org\/#\/schema\/person\/2b76b794dbb8257325dc72d4fdee35ec\"},\"headline\":\"Strengthening Partnership: Argentine Parliamentarians Meet with First Deputy Speaker of the Verkhovna Rada of Ukraine\",\"datePublished\":\"2024-10-17T10:14:00+00:00\",\"dateModified\":\"2025-08-05T18:09:03+00:00\",\"mainEntityOfPage\":{\"@id\":\"https:\/\/tdcenter.org\/2024\/10\/17\/strengthening-partnership-argentine-parliamentarians-meet-with-first-deputy-speaker-of-the-verkhovna-rada-of-ukraine\/\"},\"wordCount\":215,\"commentCount\":0,\"publisher\":{\"@id\":\"https:\/\/tdcenter.org\/#organization\"},\"image\":{\"@id\":\"https:\/\/tdcenter.org\/2024\/10\/17\/strengthening-partnership-argentine-parliamentarians-meet-with-first-deputy-speaker-of-the-verkhovna-rada-of-ukraine\/#primaryimage\"},\"thumbnailUrl\":\"https:\/\/tdcenter.org\/wp-content\/uploads\/2024\/11\/IMG_1309-1.jpeg\",\"articleSection\":[\"Events\",\"Events-Spain and Latin America Cooperation Program\"],\"inLanguage\":\"de\",\"potentialAction\":[{\"@type\":\"CommentAction\",\"name\":\"Comment\",\"target\":[\"https:\/\/tdcenter.org\/2024\/10\/17\/strengthening-partnership-argentine-parliamentarians-meet-with-first-deputy-speaker-of-the-verkhovna-rada-of-ukraine\/#respond\"]}]},{\"@type\":\"WebPage\",\"@id\":\"https:\/\/tdcenter.org\/2024\/10\/17\/strengthening-partnership-argentine-parliamentarians-meet-with-first-deputy-speaker-of-the-verkhovna-rada-of-ukraine\/\",\"url\":\"https:\/\/tdcenter.org\/2024\/10\/17\/strengthening-partnership-argentine-parliamentarians-meet-with-first-deputy-speaker-of-the-verkhovna-rada-of-ukraine\/\",\"name\":\"Strengthening Partnership: Argentine Parliamentarians Meet with First Deputy Speaker of the Verkhovna Rada of Ukraine - Transatlantic Dialogue Center\",\"isPartOf\":{\"@id\":\"https:\/\/tdcenter.org\/#website\"},\"primaryImageOfPage\":{\"@id\":\"https:\/\/tdcenter.org\/2024\/10\/17\/strengthening-partnership-argentine-parliamentarians-meet-with-first-deputy-speaker-of-the-verkhovna-rada-of-ukraine\/#primaryimage\"},\"image\":{\"@id\":\"https:\/\/tdcenter.org\/2024\/10\/17\/strengthening-partnership-argentine-parliamentarians-meet-with-first-deputy-speaker-of-the-verkhovna-rada-of-ukraine\/#primaryimage\"},\"thumbnailUrl\":\"https:\/\/tdcenter.org\/wp-content\/uploads\/2024\/11\/IMG_1309-1.jpeg\",\"datePublished\":\"2024-10-17T10:14:00+00:00\",\"dateModified\":\"2025-08-05T18:09:03+00:00\",\"description\":\"Transatlantic Dialogue Center (TDC) is a non-governmental and non-partisan think tank that provides high-quality policy advice to private and public clients. The network of our friends and partners includes government officials, members of parliaments, businessmen, journalists, experts and analysts.\",\"breadcrumb\":{\"@id\":\"https:\/\/tdcenter.org\/2024\/10\/17\/strengthening-partnership-argentine-parliamentarians-meet-with-first-deputy-speaker-of-the-verkhovna-rada-of-ukraine\/#breadcrumb\"},\"inLanguage\":\"de\",\"potentialAction\":[{\"@type\":\"ReadAction\",\"target\":[\"https:\/\/tdcenter.org\/2024\/10\/17\/strengthening-partnership-argentine-parliamentarians-meet-with-first-deputy-speaker-of-the-verkhovna-rada-of-ukraine\/\"]}]},{\"@type\":\"ImageObject\",\"inLanguage\":\"de\",\"@id\":\"https:\/\/tdcenter.org\/2024\/10\/17\/strengthening-partnership-argentine-parliamentarians-meet-with-first-deputy-speaker-of-the-verkhovna-rada-of-ukraine\/#primaryimage\",\"url\":\"https:\/\/tdcenter.org\/wp-content\/uploads\/2024\/11\/IMG_1309-1.jpeg\",\"contentUrl\":\"https:\/\/tdcenter.org\/wp-content\/uploads\/2024\/11\/IMG_1309-1.jpeg\",\"width\":2048,\"height\":1566},{\"@type\":\"BreadcrumbList\",\"@id\":\"https:\/\/tdcenter.org\/2024\/10\/17\/strengthening-partnership-argentine-parliamentarians-meet-with-first-deputy-speaker-of-the-verkhovna-rada-of-ukraine\/#breadcrumb\",\"itemListElement\":[{\"@type\":\"ListItem\",\"position\":1,\"name\":\"Home\",\"item\":\"https:\/\/tdcenter.org\/\"},{\"@type\":\"ListItem\",\"position\":2,\"name\":\"Strengthening Partnership: Argentine Parliamentarians Meet with First Deputy Speaker of the Verkhovna Rada of Ukraine\"}]},{\"@type\":\"WebSite\",\"@id\":\"https:\/\/tdcenter.org\/#website\",\"url\":\"https:\/\/tdcenter.org\/\",\"name\":\"Transatlantic Dialogue Center\",\"description\":\"Promoting International Peace and Security\",\"publisher\":{\"@id\":\"https:\/\/tdcenter.org\/#organization\"},\"potentialAction\":[{\"@type\":\"SearchAction\",\"target\":{\"@type\":\"EntryPoint\",\"urlTemplate\":\"https:\/\/tdcenter.org\/?s={search_term_string}\"},\"query-input\":{\"@type\":\"PropertyValueSpecification\",\"valueRequired\":true,\"valueName\":\"search_term_string\"}}],\"inLanguage\":\"de\"},{\"@type\":\"Organization\",\"@id\":\"https:\/\/tdcenter.org\/#organization\",\"name\":\"Transatlantic Dialogue Center\",\"url\":\"https:\/\/tdcenter.org\/\",\"logo\":{\"@type\":\"ImageObject\",\"inLanguage\":\"de\",\"@id\":\"https:\/\/tdcenter.org\/#\/schema\/logo\/image\/\",\"url\":\"https:\/\/tdcenter.org\/wp-content\/uploads\/2022\/04\/google.png\",\"contentUrl\":\"https:\/\/tdcenter.org\/wp-content\/uploads\/2022\/04\/google.png\",\"width\":2568,\"height\":2487,\"caption\":\"Transatlantic Dialogue Center\"},\"image\":{\"@id\":\"https:\/\/tdcenter.org\/#\/schema\/logo\/image\/\"},\"sameAs\":[\"https:\/\/www.facebook.com\/Transatlantic-Dialogue-Center-105645698740463\",\"https:\/\/www.youtube.com\/channel\/UCpJuhU4JBfpv_jsldNOc5LA\"]},{\"@type\":\"Person\",\"@id\":\"https:\/\/tdcenter.org\/#\/schema\/person\/2b76b794dbb8257325dc72d4fdee35ec\",\"name\":\"Alina Rohach\",\"image\":{\"@type\":\"ImageObject\",\"inLanguage\":\"de\",\"@id\":\"https:\/\/tdcenter.org\/#\/schema\/person\/image\/\",\"url\":\"https:\/\/secure.gravatar.com\/avatar\/04473bac214ce5c636f0bd292b4d6bb288add9a9d8b5e62300a75f6f9f6176db?s=96&d=mm&r=g\",\"contentUrl\":\"https:\/\/secure.gravatar.com\/avatar\/04473bac214ce5c636f0bd292b4d6bb288add9a9d8b5e62300a75f6f9f6176db?s=96&d=mm&r=g\",\"caption\":\"Alina Rohach\"}}]}<\/script>\n<!-- \/ Yoast SEO Premium plugin. -->","yoast_head_json":{"title":"Strengthening Partnership: Argentine Parliamentarians Meet with First Deputy Speaker of the Verkhovna Rada of Ukraine - Transatlantic Dialogue Center","description":"Transatlantic Dialogue Center (TDC) is a non-governmental and non-partisan think tank that provides high-quality policy advice to private and public clients. The network of our friends and partners includes government officials, members of parliaments, businessmen, journalists, experts and analysts.","robots":{"index":"index","follow":"follow","max-snippet":"max-snippet:-1","max-image-preview":"max-image-preview:large","max-video-preview":"max-video-preview:-1"},"canonical":"https:\/\/tdcenter.org\/de\/2024\/10\/17\/strengthening-partnership-argentine-parliamentarians-meet-with-first-deputy-speaker-of-the-verkhovna-rada-of-ukraine\/","og_locale":"de_DE","og_type":"article","og_title":"Strengthening Partnership: Argentine Parliamentarians Meet with First Deputy Speaker of the Verkhovna Rada of Ukraine","og_description":"Transatlantic Dialogue Center (TDC) is a non-governmental and non-partisan think tank that provides high-quality policy advice to private and public clients. The network of our friends and partners includes government officials, members of parliaments, businessmen, journalists, experts and analysts.","og_url":"https:\/\/tdcenter.org\/de\/2024\/10\/17\/strengthening-partnership-argentine-parliamentarians-meet-with-first-deputy-speaker-of-the-verkhovna-rada-of-ukraine\/","og_site_name":"Transatlantic Dialogue Center","article_publisher":"https:\/\/www.facebook.com\/Transatlantic-Dialogue-Center-105645698740463","article_published_time":"2024-10-17T10:14:00+00:00","article_modified_time":"2025-08-05T18:09:03+00:00","og_image":[{"width":2048,"height":1566,"url":"https:\/\/tdcenter.org\/wp-content\/uploads\/2024\/11\/IMG_1309-1.jpeg","type":"image\/jpeg"}],"author":"Alina Rohach","twitter_card":"summary_large_image","twitter_misc":{"Verfasst von":"Alina Rohach","Gesch\u00e4tzte Lesezeit":"2\u00a0Minuten"},"schema":{"@context":"https:\/\/schema.org","@graph":[{"@type":"Article","@id":"https:\/\/tdcenter.org\/2024\/10\/17\/strengthening-partnership-argentine-parliamentarians-meet-with-first-deputy-speaker-of-the-verkhovna-rada-of-ukraine\/#article","isPartOf":{"@id":"https:\/\/tdcenter.org\/2024\/10\/17\/strengthening-partnership-argentine-parliamentarians-meet-with-first-deputy-speaker-of-the-verkhovna-rada-of-ukraine\/"},"author":{"name":"Alina Rohach","@id":"https:\/\/tdcenter.org\/#\/schema\/person\/2b76b794dbb8257325dc72d4fdee35ec"},"headline":"Strengthening Partnership: Argentine Parliamentarians Meet with First Deputy Speaker of the Verkhovna Rada of Ukraine","datePublished":"2024-10-17T10:14:00+00:00","dateModified":"2025-08-05T18:09:03+00:00","mainEntityOfPage":{"@id":"https:\/\/tdcenter.org\/2024\/10\/17\/strengthening-partnership-argentine-parliamentarians-meet-with-first-deputy-speaker-of-the-verkhovna-rada-of-ukraine\/"},"wordCount":215,"commentCount":0,"publisher":{"@id":"https:\/\/tdcenter.org\/#organization"},"image":{"@id":"https:\/\/tdcenter.org\/2024\/10\/17\/strengthening-partnership-argentine-parliamentarians-meet-with-first-deputy-speaker-of-the-verkhovna-rada-of-ukraine\/#primaryimage"},"thumbnailUrl":"https:\/\/tdcenter.org\/wp-content\/uploads\/2024\/11\/IMG_1309-1.jpeg","articleSection":["Events","Events-Spain and Latin America Cooperation Program"],"inLanguage":"de","potentialAction":[{"@type":"CommentAction","name":"Comment","target":["https:\/\/tdcenter.org\/2024\/10\/17\/strengthening-partnership-argentine-parliamentarians-meet-with-first-deputy-speaker-of-the-verkhovna-rada-of-ukraine\/#respond"]}]},{"@type":"WebPage","@id":"https:\/\/tdcenter.org\/2024\/10\/17\/strengthening-partnership-argentine-parliamentarians-meet-with-first-deputy-speaker-of-the-verkhovna-rada-of-ukraine\/","url":"https:\/\/tdcenter.org\/2024\/10\/17\/strengthening-partnership-argentine-parliamentarians-meet-with-first-deputy-speaker-of-the-verkhovna-rada-of-ukraine\/","name":"Strengthening Partnership: Argentine Parliamentarians Meet with First Deputy Speaker of the Verkhovna Rada of Ukraine - Transatlantic Dialogue Center","isPartOf":{"@id":"https:\/\/tdcenter.org\/#website"},"primaryImageOfPage":{"@id":"https:\/\/tdcenter.org\/2024\/10\/17\/strengthening-partnership-argentine-parliamentarians-meet-with-first-deputy-speaker-of-the-verkhovna-rada-of-ukraine\/#primaryimage"},"image":{"@id":"https:\/\/tdcenter.org\/2024\/10\/17\/strengthening-partnership-argentine-parliamentarians-meet-with-first-deputy-speaker-of-the-verkhovna-rada-of-ukraine\/#primaryimage"},"thumbnailUrl":"https:\/\/tdcenter.org\/wp-content\/uploads\/2024\/11\/IMG_1309-1.jpeg","datePublished":"2024-10-17T10:14:00+00:00","dateModified":"2025-08-05T18:09:03+00:00","description":"Transatlantic Dialogue Center (TDC) is a non-governmental and non-partisan think tank that provides high-quality policy advice to private and public clients. The network of our friends and partners includes government officials, members of parliaments, businessmen, journalists, experts and analysts.","breadcrumb":{"@id":"https:\/\/tdcenter.org\/2024\/10\/17\/strengthening-partnership-argentine-parliamentarians-meet-with-first-deputy-speaker-of-the-verkhovna-rada-of-ukraine\/#breadcrumb"},"inLanguage":"de","potentialAction":[{"@type":"ReadAction","target":["https:\/\/tdcenter.org\/2024\/10\/17\/strengthening-partnership-argentine-parliamentarians-meet-with-first-deputy-speaker-of-the-verkhovna-rada-of-ukraine\/"]}]},{"@type":"ImageObject","inLanguage":"de","@id":"https:\/\/tdcenter.org\/2024\/10\/17\/strengthening-partnership-argentine-parliamentarians-meet-with-first-deputy-speaker-of-the-verkhovna-rada-of-ukraine\/#primaryimage","url":"https:\/\/tdcenter.org\/wp-content\/uploads\/2024\/11\/IMG_1309-1.jpeg","contentUrl":"https:\/\/tdcenter.org\/wp-content\/uploads\/2024\/11\/IMG_1309-1.jpeg","width":2048,"height":1566},{"@type":"BreadcrumbList","@id":"https:\/\/tdcenter.org\/2024\/10\/17\/strengthening-partnership-argentine-parliamentarians-meet-with-first-deputy-speaker-of-the-verkhovna-rada-of-ukraine\/#breadcrumb","itemListElement":[{"@type":"ListItem","position":1,"name":"Home","item":"https:\/\/tdcenter.org\/"},{"@type":"ListItem","position":2,"name":"Strengthening Partnership: Argentine Parliamentarians Meet with First Deputy Speaker of the Verkhovna Rada of Ukraine"}]},{"@type":"WebSite","@id":"https:\/\/tdcenter.org\/#website","url":"https:\/\/tdcenter.org\/","name":"Transatlantic Dialogue Center","description":"F\u00f6rderung des internationalen Friedens und der Sicherheit","publisher":{"@id":"https:\/\/tdcenter.org\/#organization"},"potentialAction":[{"@type":"SearchAction","target":{"@type":"EntryPoint","urlTemplate":"https:\/\/tdcenter.org\/?s={search_term_string}"},"query-input":{"@type":"PropertyValueSpecification","valueRequired":true,"valueName":"search_term_string"}}],"inLanguage":"de"},{"@type":"Organization","@id":"https:\/\/tdcenter.org\/#organization","name":"Transatlantic Dialogue Center","url":"https:\/\/tdcenter.org\/","logo":{"@type":"ImageObject","inLanguage":"de","@id":"https:\/\/tdcenter.org\/#\/schema\/logo\/image\/","url":"https:\/\/tdcenter.org\/wp-content\/uploads\/2022\/04\/google.png","contentUrl":"https:\/\/tdcenter.org\/wp-content\/uploads\/2022\/04\/google.png","width":2568,"height":2487,"caption":"Transatlantic Dialogue Center"},"image":{"@id":"https:\/\/tdcenter.org\/#\/schema\/logo\/image\/"},"sameAs":["https:\/\/www.facebook.com\/Transatlantic-Dialogue-Center-105645698740463","https:\/\/www.youtube.com\/channel\/UCpJuhU4JBfpv_jsldNOc5LA"]},{"@type":"Person","@id":"https:\/\/tdcenter.org\/#\/schema\/person\/2b76b794dbb8257325dc72d4fdee35ec","name":"Alina Rohach","image":{"@type":"ImageObject","inLanguage":"de","@id":"https:\/\/tdcenter.org\/#\/schema\/person\/image\/","url":"https:\/\/secure.gravatar.com\/avatar\/04473bac214ce5c636f0bd292b4d6bb288add9a9d8b5e62300a75f6f9f6176db?s=96&d=mm&r=g","contentUrl":"https:\/\/secure.gravatar.com\/avatar\/04473bac214ce5c636f0bd292b4d6bb288add9a9d8b5e62300a75f6f9f6176db?s=96&d=mm&r=g","caption":"Alina Rohach"}}]}},"mfb_rest_fields":["title","yoast_head","yoast_head_json","gutenberg_elementor_mode"],"_links":{"self":[{"href":"https:\/\/tdcenter.org\/de\/wp-json\/wp\/v2\/posts\/26455","targetHints":{"allow":["GET"]}}],"collection":[{"href":"https:\/\/tdcenter.org\/de\/wp-json\/wp\/v2\/posts"}],"about":[{"href":"https:\/\/tdcenter.org\/de\/wp-json\/wp\/v2\/types\/post"}],"author":[{"embeddable":true,"href":"https:\/\/tdcenter.org\/de\/wp-json\/wp\/v2\/users\/8"}],"replies":[{"embeddable":true,"href":"https:\/\/tdcenter.org\/de\/wp-json\/wp\/v2\/comments?post=26455"}],"version-history":[{"count":4,"href":"https:\/\/tdcenter.org\/de\/wp-json\/wp\/v2\/posts\/26455\/revisions"}],"predecessor-version":[{"id":26467,"href":"https:\/\/tdcenter.org\/de\/wp-json\/wp\/v2\/posts\/26455\/revisions\/26467"}],"wp:featuredmedia":[{"embeddable":true,"href":"https:\/\/tdcenter.org\/de\/wp-json\/wp\/v2\/media\/26463"}],"wp:attachment":[{"href":"https:\/\/tdcenter.org\/de\/wp-json\/wp\/v2\/media?parent=26455"}],"wp:term":[{"taxonomy":"category","embeddable":true,"href":"https:\/\/tdcenter.org\/de\/wp-json\/wp\/v2\/categories?post=26455"},{"taxonomy":"post_tag","embeddable":true,"href":"https:\/\/tdcenter.org\/de\/wp-json\/wp\/v2\/tags?post=26455"},{"taxonomy":"topic","embeddable":true,"href":"https:\/\/tdcenter.org\/de\/wp-json\/wp\/v2\/topic?post=26455"}],"curies":[{"name":"wp","href":"https:\/\/api.w.org\/{rel}","templated":true}]}}