{"id":26358,"date":"2024-10-15T14:53:12","date_gmt":"2024-10-15T11:53:12","guid":{"rendered":"https:\/\/tdcenter.org\/?p=26358"},"modified":"2025-08-05T21:09:32","modified_gmt":"2025-08-05T18:09:32","slug":"tdc-together-with-eurodefense-joven-espana-organized-an-international-conference-in-madrid","status":"publish","type":"post","link":"https:\/\/tdcenter.org\/de\/2024\/10\/15\/tdc-together-with-eurodefense-joven-espana-organized-an-international-conference-in-madrid\/","title":{"rendered":"TDC zusammen mit Eurodefense Joven Espa\u00f1a organisierte eine internationale Konferenz in Madrid"},"content":{"rendered":"<p>Am 15. Oktober organisierten <strong>Transatlantic Dialogue Center<\/strong> zusammen mit <strong>Eurodefense Joven Espa\u00f1a<\/strong> eine internationale Konferenz mit dem Titel <em>\u201eRusslands Invasion in der Ukraine und ihre Auswirkungen auf Europa\u201c<\/em> in Madrid.<\/p>\n\n\n\n<p>Auf der Konferenz trafen sich Experten, Akademiker, Beamte und andere wichtige Akteure aus Spanien und der Ukraine, um den Austausch von Ideen, Erfahrungen und bew\u00e4hrten Vorgehensweisen zu erleichtern. Ziel war es, die Herausforderungen zu bew\u00e4ltigen, die sich f\u00fcr Spanien und die Europ\u00e4ische Union im Allgemeinen aus der Invasion Russlands in der Ukraine ergeben.<\/p>\n\n\n\n<div class=\"wp-block-columns is-layout-flex wp-container-core-columns-is-layout-28f84493 wp-block-columns-is-layout-flex\">\n<div class=\"wp-block-column is-layout-flow wp-block-column-is-layout-flow\"><div class=\"wp-block-image\">\n<figure class=\"alignleft size-large\"><img fetchpriority=\"high\" decoding=\"async\" width=\"1024\" height=\"688\" src=\"https:\/\/tdcenter.org\/wp-content\/uploads\/2024\/11\/IMG_1285-1024x688.jpeg\" alt=\"\" class=\"wp-image-26362\" srcset=\"https:\/\/tdcenter.org\/wp-content\/uploads\/2024\/11\/IMG_1285-1024x688.jpeg 1024w, https:\/\/tdcenter.org\/wp-content\/uploads\/2024\/11\/IMG_1285-600x403.jpeg 600w, https:\/\/tdcenter.org\/wp-content\/uploads\/2024\/11\/IMG_1285-768x516.jpeg 768w, https:\/\/tdcenter.org\/wp-content\/uploads\/2024\/11\/IMG_1285-1536x1032.jpeg 1536w, https:\/\/tdcenter.org\/wp-content\/uploads\/2024\/11\/IMG_1285-18x12.jpeg 18w, https:\/\/tdcenter.org\/wp-content\/uploads\/2024\/11\/IMG_1285.jpeg 1884w\" sizes=\"(max-width: 1024px) 100vw, 1024px\" \/><\/figure>\n<\/div><\/div>\n\n\n\n<div class=\"wp-block-column is-layout-flow wp-block-column-is-layout-flow\"><div class=\"wp-block-image\">\n<figure class=\"alignright size-large\"><img decoding=\"async\" width=\"1024\" height=\"683\" src=\"https:\/\/tdcenter.org\/wp-content\/uploads\/2024\/11\/IMG_1284-1024x683.jpeg\" alt=\"\" class=\"wp-image-26363\" srcset=\"https:\/\/tdcenter.org\/wp-content\/uploads\/2024\/11\/IMG_1284-1024x683.jpeg 1024w, https:\/\/tdcenter.org\/wp-content\/uploads\/2024\/11\/IMG_1284-600x400.jpeg 600w, https:\/\/tdcenter.org\/wp-content\/uploads\/2024\/11\/IMG_1284-768x512.jpeg 768w, https:\/\/tdcenter.org\/wp-content\/uploads\/2024\/11\/IMG_1284-1536x1024.jpeg 1536w, https:\/\/tdcenter.org\/wp-content\/uploads\/2024\/11\/IMG_1284-18x12.jpeg 18w, https:\/\/tdcenter.org\/wp-content\/uploads\/2024\/11\/IMG_1284.jpeg 2048w\" sizes=\"(max-width: 1024px) 100vw, 1024px\" \/><\/figure>\n<\/div><\/div>\n<\/div>\n\n\n\n<p>Die Veranstaltung begann mit Er\u00f6ffnungsworten von Sergiy Pogoreltsev, dem au\u00dferordentlichen und bevollm\u00e4chtigten Botschafter der Ukraine im K\u00f6nigreich Spanien (Embajada de Ucrania en el Reino de Espa\u00f1a), Oleksandr Slyvchuk, Koordinator des Spanien- und Lateinamerika-Partnerschaftsprogramms des Transatlantic Dialogue Center, und Am\u00edn Lejarza de Bilbao Essalhi, Pr\u00e4sident von Eurodefense Joven Espa\u00f1a.<\/p>\n\n\n\n<p>Die erste Podiumsdiskussion <em>\u201eBeziehungen zwischen Spanien und der Ukraine seit der russischen Invasion\u201c<\/em> konzentrierte sich auf die Zusammenarbeit zwischen Spanien und der Ukraine in Schl\u00fcsselbereichen wie Wirtschaft, Politik und Verteidigung, insbesondere im Kontext des Krieges. Experten er\u00f6rterten die wirtschaftlichen, politischen und sozialen Auswirkungen der russischen Invasion in der Ukraine und deren Einfluss auf die Ukraine sowie auf den Rest Europas, insbesondere Spanien. Die Diskussion wurde von Jorge Raya Pons, Journalist und Leiter der internationalen Abteilung von El Espa\u00f1ol, moderiert.<\/p>\n\n\n\n<div class=\"wp-block-columns is-layout-flex wp-container-core-columns-is-layout-28f84493 wp-block-columns-is-layout-flex\">\n<div class=\"wp-block-column is-layout-flow wp-block-column-is-layout-flow\"><div class=\"wp-block-image\">\n<figure class=\"alignleft size-large\"><img decoding=\"async\" width=\"1024\" height=\"683\" src=\"https:\/\/tdcenter.org\/wp-content\/uploads\/2024\/11\/IMG_1286-1024x683.jpeg\" alt=\"\" class=\"wp-image-26365\" srcset=\"https:\/\/tdcenter.org\/wp-content\/uploads\/2024\/11\/IMG_1286-1024x683.jpeg 1024w, https:\/\/tdcenter.org\/wp-content\/uploads\/2024\/11\/IMG_1286-600x400.jpeg 600w, https:\/\/tdcenter.org\/wp-content\/uploads\/2024\/11\/IMG_1286-768x512.jpeg 768w, https:\/\/tdcenter.org\/wp-content\/uploads\/2024\/11\/IMG_1286-1536x1024.jpeg 1536w, https:\/\/tdcenter.org\/wp-content\/uploads\/2024\/11\/IMG_1286-18x12.jpeg 18w, https:\/\/tdcenter.org\/wp-content\/uploads\/2024\/11\/IMG_1286.jpeg 2048w\" sizes=\"(max-width: 1024px) 100vw, 1024px\" \/><\/figure>\n<\/div><\/div>\n\n\n\n<div class=\"wp-block-column is-layout-flow wp-block-column-is-layout-flow\"><div class=\"wp-block-image\">\n<figure class=\"alignright size-large\"><img loading=\"lazy\" decoding=\"async\" width=\"1024\" height=\"683\" src=\"https:\/\/tdcenter.org\/wp-content\/uploads\/2024\/11\/IMG_1289-1024x683.jpeg\" alt=\"\" class=\"wp-image-26366\" srcset=\"https:\/\/tdcenter.org\/wp-content\/uploads\/2024\/11\/IMG_1289-1024x683.jpeg 1024w, https:\/\/tdcenter.org\/wp-content\/uploads\/2024\/11\/IMG_1289-600x400.jpeg 600w, https:\/\/tdcenter.org\/wp-content\/uploads\/2024\/11\/IMG_1289-768x512.jpeg 768w, https:\/\/tdcenter.org\/wp-content\/uploads\/2024\/11\/IMG_1289-1536x1024.jpeg 1536w, https:\/\/tdcenter.org\/wp-content\/uploads\/2024\/11\/IMG_1289-18x12.jpeg 18w, https:\/\/tdcenter.org\/wp-content\/uploads\/2024\/11\/IMG_1289.jpeg 2048w\" sizes=\"(max-width: 1024px) 100vw, 1024px\" \/><\/figure>\n<\/div><\/div>\n<\/div>\n\n\n\n<p>Die Teilnehmer der Diskussion:<br>\u2013 Galyna Solovei, au\u00dferordentliche Professorin am Lehrstuhl f\u00fcr Internationale Beziehungen an der Nationale Universit\u00e4t Kyjiw-Mohyla-Akademie in der Ukraine, Professorin an der Universidad Pontificia de Comillas in Madrid;<br>\u2013 Carlos Moreno Blanco, Generaldirektor f\u00fcr Nordamerika, Osteuropa, Asien und den Pazifik im spanischen Au\u00dfenministerium f\u00fcr Ausw\u00e4rtige Angelegenheiten, Europ\u00e4ische Union und Zusammenarbeit;<br>\u2013 Jose Torreblanca, Direktor des Madrider B\u00fcros des Think Tanks European Council on Foreign Relations;<br>\u2013 Marc Marginedas, Journalist, Kriegsreporter bei El Peri\u00f3dico;<br>\u2013 Ana Alonso, Journalistin, Korrespondentin in Warschau f\u00fcr El Independiente.<\/p>\n\n\n\n<div class=\"wp-block-columns is-layout-flex wp-container-core-columns-is-layout-28f84493 wp-block-columns-is-layout-flex\">\n<div class=\"wp-block-column is-layout-flow wp-block-column-is-layout-flow\"><div class=\"wp-block-image\">\n<figure class=\"alignleft size-large is-resized\"><img loading=\"lazy\" decoding=\"async\" width=\"1024\" height=\"684\" src=\"https:\/\/tdcenter.org\/wp-content\/uploads\/2024\/11\/IMG_1290-1-1024x684.jpeg\" alt=\"\" class=\"wp-image-26370\" style=\"width:380px;height:auto\" srcset=\"https:\/\/tdcenter.org\/wp-content\/uploads\/2024\/11\/IMG_1290-1-1024x684.jpeg 1024w, https:\/\/tdcenter.org\/wp-content\/uploads\/2024\/11\/IMG_1290-1-600x400.jpeg 600w, https:\/\/tdcenter.org\/wp-content\/uploads\/2024\/11\/IMG_1290-1-768x513.jpeg 768w, https:\/\/tdcenter.org\/wp-content\/uploads\/2024\/11\/IMG_1290-1-1536x1025.jpeg 1536w, https:\/\/tdcenter.org\/wp-content\/uploads\/2024\/11\/IMG_1290-1-18x12.jpeg 18w, https:\/\/tdcenter.org\/wp-content\/uploads\/2024\/11\/IMG_1290-1.jpeg 2048w\" sizes=\"(max-width: 1024px) 100vw, 1024px\" \/><\/figure>\n<\/div><\/div>\n\n\n\n<div class=\"wp-block-column is-layout-flow wp-block-column-is-layout-flow\"><div class=\"wp-block-image\">\n<figure class=\"alignright size-large is-resized\"><img loading=\"lazy\" decoding=\"async\" width=\"1024\" height=\"566\" src=\"https:\/\/tdcenter.org\/wp-content\/uploads\/2024\/11\/IMG_1291-1024x566.jpeg\" alt=\"\" class=\"wp-image-26371\" style=\"width:461px;height:auto\" srcset=\"https:\/\/tdcenter.org\/wp-content\/uploads\/2024\/11\/IMG_1291-1024x566.jpeg 1024w, https:\/\/tdcenter.org\/wp-content\/uploads\/2024\/11\/IMG_1291-600x332.jpeg 600w, https:\/\/tdcenter.org\/wp-content\/uploads\/2024\/11\/IMG_1291-768x425.jpeg 768w, https:\/\/tdcenter.org\/wp-content\/uploads\/2024\/11\/IMG_1291-1536x850.jpeg 1536w, https:\/\/tdcenter.org\/wp-content\/uploads\/2024\/11\/IMG_1291-18x10.jpeg 18w, https:\/\/tdcenter.org\/wp-content\/uploads\/2024\/11\/IMG_1291.jpeg 1918w\" sizes=\"(max-width: 1024px) 100vw, 1024px\" \/><\/figure>\n<\/div><\/div>\n<\/div>\n\n\n\n<p>In der zweiten Sitzung der Konferenz mit dem Titel <em>\u201eKriegs\u00f6konomie: Die russische Invasion in der Ukraine\u201c<\/em> er\u00f6rterten Experten die Auswirkungen des Krieges auf die Weltwirtschaft, insbesondere auf Europa und Russland. Sie diskutierten die Risiken, langfristigen Prognosen und m\u00f6glichen Auswirkungen auf die wirtschaftliche und geopolitische Stabilit\u00e4t. Die Podiumsdiskussion wurde von Jorge Jraissati, Pr\u00e4sident der Economic Inclusion Group und Forscher an der IESE Business School, moderiert.<\/p>\n\n\n\n<div class=\"wp-block-columns is-layout-flex wp-container-core-columns-is-layout-28f84493 wp-block-columns-is-layout-flex\">\n<div class=\"wp-block-column is-layout-flow wp-block-column-is-layout-flow\"><div class=\"wp-block-image\">\n<figure class=\"alignleft size-large\"><img loading=\"lazy\" decoding=\"async\" width=\"1024\" height=\"683\" src=\"https:\/\/tdcenter.org\/wp-content\/uploads\/2024\/11\/IMG_1292-1024x683.jpeg\" alt=\"\" class=\"wp-image-26368\" srcset=\"https:\/\/tdcenter.org\/wp-content\/uploads\/2024\/11\/IMG_1292-1024x683.jpeg 1024w, https:\/\/tdcenter.org\/wp-content\/uploads\/2024\/11\/IMG_1292-600x400.jpeg 600w, https:\/\/tdcenter.org\/wp-content\/uploads\/2024\/11\/IMG_1292-768x512.jpeg 768w, https:\/\/tdcenter.org\/wp-content\/uploads\/2024\/11\/IMG_1292-1536x1024.jpeg 1536w, https:\/\/tdcenter.org\/wp-content\/uploads\/2024\/11\/IMG_1292-18x12.jpeg 18w, https:\/\/tdcenter.org\/wp-content\/uploads\/2024\/11\/IMG_1292.jpeg 2048w\" sizes=\"(max-width: 1024px) 100vw, 1024px\" \/><\/figure>\n<\/div><\/div>\n\n\n\n<div class=\"wp-block-column is-layout-flow wp-block-column-is-layout-flow\"><div class=\"wp-block-image\">\n<figure class=\"alignright size-large\"><img loading=\"lazy\" decoding=\"async\" width=\"1024\" height=\"683\" src=\"https:\/\/tdcenter.org\/wp-content\/uploads\/2024\/11\/IMG_1293-1024x683.jpeg\" alt=\"\" class=\"wp-image-26369\" srcset=\"https:\/\/tdcenter.org\/wp-content\/uploads\/2024\/11\/IMG_1293-1024x683.jpeg 1024w, https:\/\/tdcenter.org\/wp-content\/uploads\/2024\/11\/IMG_1293-600x400.jpeg 600w, https:\/\/tdcenter.org\/wp-content\/uploads\/2024\/11\/IMG_1293-768x512.jpeg 768w, https:\/\/tdcenter.org\/wp-content\/uploads\/2024\/11\/IMG_1293-1536x1024.jpeg 1536w, https:\/\/tdcenter.org\/wp-content\/uploads\/2024\/11\/IMG_1293-18x12.jpeg 18w, https:\/\/tdcenter.org\/wp-content\/uploads\/2024\/11\/IMG_1293.jpeg 2048w\" sizes=\"(max-width: 1024px) 100vw, 1024px\" \/><\/figure>\n<\/div><\/div>\n<\/div>\n\n\n\n<p>Die Teilnehmer der zweiten Podiumsdiskussion waren:<br>\u2013 Jos\u00e9 Manuel Amor, Managing Partner f\u00fcr Wirtschafts- und Marktanalyse bei Afi;<br>\u2013 Hugo Zunzarren, Professor f\u00fcr Wirtschaftliche Intelligenz an der Universit\u00e4t Autonoma Madrid \u2013 Institut f\u00fcr Forensische Wissenschaften;<br>\u2013 Gustavo D\u00edaz Matey, PhD, Vertragsprofessor an der Fakult\u00e4t f\u00fcr Politikwissenschaft und Soziologie der Universit\u00e4t Complutense Madrid, ehemaliger Business Intelligence Manager bei ICEX Spanien Export und Investitionen;<br>\u2013 Manuel Jos\u00e9 Gazapo Lapayese, Direktor f\u00fcr Institutionelle Beziehungen bei UNIVERSAE, PhD in Internationalen Beziehungen und internationaler Analyst;<br>\u2013 Luis Garv\u00eda Vega, Direktor des Masterprogramms in Risikomanagement an der ICADE, Professor f\u00fcr Finanzm\u00e4rkte an IEB, NYU und ICADE.<\/p>\n\n\n\n<div class=\"wp-block-columns is-layout-flex wp-container-core-columns-is-layout-28f84493 wp-block-columns-is-layout-flex\">\n<div class=\"wp-block-column is-layout-flow wp-block-column-is-layout-flow\"><div class=\"wp-block-image\">\n<figure class=\"alignleft size-large\"><img loading=\"lazy\" decoding=\"async\" width=\"683\" height=\"1024\" src=\"https:\/\/tdcenter.org\/wp-content\/uploads\/2024\/11\/IMG_1297-683x1024.jpeg\" alt=\"\" class=\"wp-image-26375\" srcset=\"https:\/\/tdcenter.org\/wp-content\/uploads\/2024\/11\/IMG_1297-683x1024.jpeg 683w, https:\/\/tdcenter.org\/wp-content\/uploads\/2024\/11\/IMG_1297-400x600.jpeg 400w, https:\/\/tdcenter.org\/wp-content\/uploads\/2024\/11\/IMG_1297-768x1152.jpeg 768w, https:\/\/tdcenter.org\/wp-content\/uploads\/2024\/11\/IMG_1297-1024x1536.jpeg 1024w, https:\/\/tdcenter.org\/wp-content\/uploads\/2024\/11\/IMG_1297-8x12.jpeg 8w, https:\/\/tdcenter.org\/wp-content\/uploads\/2024\/11\/IMG_1297.jpeg 1365w\" sizes=\"(max-width: 683px) 100vw, 683px\" \/><\/figure>\n<\/div><\/div>\n\n\n\n<div class=\"wp-block-column is-layout-flow wp-block-column-is-layout-flow\"><div class=\"wp-block-image\">\n<figure class=\"alignright size-large\"><img loading=\"lazy\" decoding=\"async\" width=\"683\" height=\"1024\" src=\"https:\/\/tdcenter.org\/wp-content\/uploads\/2024\/11\/IMG_1295-683x1024.jpeg\" alt=\"\" class=\"wp-image-26374\" srcset=\"https:\/\/tdcenter.org\/wp-content\/uploads\/2024\/11\/IMG_1295-683x1024.jpeg 683w, https:\/\/tdcenter.org\/wp-content\/uploads\/2024\/11\/IMG_1295-400x600.jpeg 400w, https:\/\/tdcenter.org\/wp-content\/uploads\/2024\/11\/IMG_1295-768x1152.jpeg 768w, https:\/\/tdcenter.org\/wp-content\/uploads\/2024\/11\/IMG_1295-1024x1536.jpeg 1024w, https:\/\/tdcenter.org\/wp-content\/uploads\/2024\/11\/IMG_1295-8x12.jpeg 8w, https:\/\/tdcenter.org\/wp-content\/uploads\/2024\/11\/IMG_1295.jpeg 1365w\" sizes=\"(max-width: 683px) 100vw, 683px\" \/><\/figure>\n<\/div><\/div>\n<\/div>\n\n\n\n<p>Die Organisation dieser Konferenz ist Teil des Projekts <em>\u201eEchoes of Ukraine: Amplifying Voices in Spain\u201c,<\/em> das vom TDC-Team mit Unterst\u00fctzung <strong>International Renaissance Foundation<\/strong> organisiert und wird gemeinsam mit der <strong>Europ\u00e4ischen Union<\/strong>.<\/p>\n\n\n\n<h1 class=\"wp-block-heading has-medium-font-size\">#IRFUkraine #MovingForwardTogether #EuRenaissance<\/h1>\n\n\n\n<p><\/p>","protected":false},"excerpt":{"rendered":"<p>On October 15, Transatlantic Dialogue Center together with Eurodefense Joven Espa\u00f1a organized an international conference entitled \u201cRussia\u2019s invasion of Ukraine and its impact on Europe\u201d in Madrid. The conference brought together experts, academics, officials and other key actors from Spain and Ukraine to facilitate the exchange of ideas, experiences and best practices on how to [&hellip;]<\/p>","protected":false},"author":8,"featured_media":26360,"comment_status":"open","ping_status":"open","sticky":false,"template":"","format":"standard","meta":{"footnotes":""},"categories":[25,104],"tags":[],"topic":[],"class_list":["post-26358","post","type-post","status-publish","format-standard","has-post-thumbnail","hentry","category-events","category-spain-and-latin-america-cooperation-program-events"],"mb":[],"yoast_head":"<!-- This site is optimized with the Yoast SEO Premium plugin v25.6 (Yoast SEO v25.6) - https:\/\/yoast.com\/wordpress\/plugins\/seo\/ -->\n<title>TDC together with Eurodefense Joven Espa\u00f1a organized an international conference in Madrid - Transatlantic Dialogue Center<\/title>\n<meta name=\"description\" content=\"Transatlantic Dialogue Center (TDC) is a non-governmental and non-partisan think tank that provides high-quality policy advice to private and public clients. The network of our friends and partners includes government officials, members of parliaments, businessmen, journalists, experts and analysts.\" \/>\n<meta name=\"robots\" content=\"index, follow, max-snippet:-1, max-image-preview:large, max-video-preview:-1\" \/>\n<link rel=\"canonical\" href=\"https:\/\/tdcenter.org\/de\/2024\/10\/15\/tdc-together-with-eurodefense-joven-espana-organized-an-international-conference-in-madrid\/\" \/>\n<meta property=\"og:locale\" content=\"de_DE\" \/>\n<meta property=\"og:type\" content=\"article\" \/>\n<meta property=\"og:title\" content=\"TDC together with Eurodefense Joven Espa\u00f1a organized an international conference in Madrid\" \/>\n<meta property=\"og:description\" content=\"Transatlantic Dialogue Center (TDC) is a non-governmental and non-partisan think tank that provides high-quality policy advice to private and public clients. The network of our friends and partners includes government officials, members of parliaments, businessmen, journalists, experts and analysts.\" \/>\n<meta property=\"og:url\" content=\"https:\/\/tdcenter.org\/de\/2024\/10\/15\/tdc-together-with-eurodefense-joven-espana-organized-an-international-conference-in-madrid\/\" \/>\n<meta property=\"og:site_name\" content=\"Transatlantic Dialogue Center\" \/>\n<meta property=\"article:publisher\" content=\"https:\/\/www.facebook.com\/Transatlantic-Dialogue-Center-105645698740463\" \/>\n<meta property=\"article:published_time\" content=\"2024-10-15T11:53:12+00:00\" \/>\n<meta property=\"article:modified_time\" content=\"2025-08-05T18:09:32+00:00\" \/>\n<meta property=\"og:image\" content=\"https:\/\/tdcenter.org\/wp-content\/uploads\/2024\/11\/IMG_1283.jpeg\" \/>\n\t<meta property=\"og:image:width\" content=\"2048\" \/>\n\t<meta property=\"og:image:height\" content=\"1365\" \/>\n\t<meta property=\"og:image:type\" content=\"image\/jpeg\" \/>\n<meta name=\"author\" content=\"Alina Rohach\" \/>\n<meta name=\"twitter:card\" content=\"summary_large_image\" \/>\n<meta name=\"twitter:label1\" content=\"Verfasst von\" \/>\n\t<meta name=\"twitter:data1\" content=\"Alina Rohach\" \/>\n\t<meta name=\"twitter:label2\" content=\"Gesch\u00e4tzte Lesezeit\" \/>\n\t<meta name=\"twitter:data2\" content=\"5\u00a0Minuten\" \/>\n<script type=\"application\/ld+json\" class=\"yoast-schema-graph\">{\"@context\":\"https:\/\/schema.org\",\"@graph\":[{\"@type\":\"Article\",\"@id\":\"https:\/\/tdcenter.org\/2024\/10\/15\/tdc-together-with-eurodefense-joven-espana-organized-an-international-conference-in-madrid\/#article\",\"isPartOf\":{\"@id\":\"https:\/\/tdcenter.org\/2024\/10\/15\/tdc-together-with-eurodefense-joven-espana-organized-an-international-conference-in-madrid\/\"},\"author\":{\"name\":\"Alina Rohach\",\"@id\":\"https:\/\/tdcenter.org\/#\/schema\/person\/2b76b794dbb8257325dc72d4fdee35ec\"},\"headline\":\"TDC together with Eurodefense Joven Espa\u00f1a organized an international conference in Madrid\",\"datePublished\":\"2024-10-15T11:53:12+00:00\",\"dateModified\":\"2025-08-05T18:09:32+00:00\",\"mainEntityOfPage\":{\"@id\":\"https:\/\/tdcenter.org\/2024\/10\/15\/tdc-together-with-eurodefense-joven-espana-organized-an-international-conference-in-madrid\/\"},\"wordCount\":528,\"commentCount\":0,\"publisher\":{\"@id\":\"https:\/\/tdcenter.org\/#organization\"},\"image\":{\"@id\":\"https:\/\/tdcenter.org\/2024\/10\/15\/tdc-together-with-eurodefense-joven-espana-organized-an-international-conference-in-madrid\/#primaryimage\"},\"thumbnailUrl\":\"https:\/\/tdcenter.org\/wp-content\/uploads\/2024\/11\/IMG_1283.jpeg\",\"articleSection\":[\"Events\",\"Events-Spain and Latin America Cooperation Program\"],\"inLanguage\":\"de\",\"potentialAction\":[{\"@type\":\"CommentAction\",\"name\":\"Comment\",\"target\":[\"https:\/\/tdcenter.org\/2024\/10\/15\/tdc-together-with-eurodefense-joven-espana-organized-an-international-conference-in-madrid\/#respond\"]}]},{\"@type\":\"WebPage\",\"@id\":\"https:\/\/tdcenter.org\/2024\/10\/15\/tdc-together-with-eurodefense-joven-espana-organized-an-international-conference-in-madrid\/\",\"url\":\"https:\/\/tdcenter.org\/2024\/10\/15\/tdc-together-with-eurodefense-joven-espana-organized-an-international-conference-in-madrid\/\",\"name\":\"TDC together with Eurodefense Joven Espa\u00f1a organized an international conference in Madrid - Transatlantic Dialogue Center\",\"isPartOf\":{\"@id\":\"https:\/\/tdcenter.org\/#website\"},\"primaryImageOfPage\":{\"@id\":\"https:\/\/tdcenter.org\/2024\/10\/15\/tdc-together-with-eurodefense-joven-espana-organized-an-international-conference-in-madrid\/#primaryimage\"},\"image\":{\"@id\":\"https:\/\/tdcenter.org\/2024\/10\/15\/tdc-together-with-eurodefense-joven-espana-organized-an-international-conference-in-madrid\/#primaryimage\"},\"thumbnailUrl\":\"https:\/\/tdcenter.org\/wp-content\/uploads\/2024\/11\/IMG_1283.jpeg\",\"datePublished\":\"2024-10-15T11:53:12+00:00\",\"dateModified\":\"2025-08-05T18:09:32+00:00\",\"description\":\"Transatlantic Dialogue Center (TDC) is a non-governmental and non-partisan think tank that provides high-quality policy advice to private and public clients. The network of our friends and partners includes government officials, members of parliaments, businessmen, journalists, experts and analysts.\",\"breadcrumb\":{\"@id\":\"https:\/\/tdcenter.org\/2024\/10\/15\/tdc-together-with-eurodefense-joven-espana-organized-an-international-conference-in-madrid\/#breadcrumb\"},\"inLanguage\":\"de\",\"potentialAction\":[{\"@type\":\"ReadAction\",\"target\":[\"https:\/\/tdcenter.org\/2024\/10\/15\/tdc-together-with-eurodefense-joven-espana-organized-an-international-conference-in-madrid\/\"]}]},{\"@type\":\"ImageObject\",\"inLanguage\":\"de\",\"@id\":\"https:\/\/tdcenter.org\/2024\/10\/15\/tdc-together-with-eurodefense-joven-espana-organized-an-international-conference-in-madrid\/#primaryimage\",\"url\":\"https:\/\/tdcenter.org\/wp-content\/uploads\/2024\/11\/IMG_1283.jpeg\",\"contentUrl\":\"https:\/\/tdcenter.org\/wp-content\/uploads\/2024\/11\/IMG_1283.jpeg\",\"width\":2048,\"height\":1365},{\"@type\":\"BreadcrumbList\",\"@id\":\"https:\/\/tdcenter.org\/2024\/10\/15\/tdc-together-with-eurodefense-joven-espana-organized-an-international-conference-in-madrid\/#breadcrumb\",\"itemListElement\":[{\"@type\":\"ListItem\",\"position\":1,\"name\":\"Home\",\"item\":\"https:\/\/tdcenter.org\/\"},{\"@type\":\"ListItem\",\"position\":2,\"name\":\"TDC together with Eurodefense Joven Espa\u00f1a organized an international conference in Madrid\"}]},{\"@type\":\"WebSite\",\"@id\":\"https:\/\/tdcenter.org\/#website\",\"url\":\"https:\/\/tdcenter.org\/\",\"name\":\"Transatlantic Dialogue Center\",\"description\":\"Promoting International Peace and Security\",\"publisher\":{\"@id\":\"https:\/\/tdcenter.org\/#organization\"},\"potentialAction\":[{\"@type\":\"SearchAction\",\"target\":{\"@type\":\"EntryPoint\",\"urlTemplate\":\"https:\/\/tdcenter.org\/?s={search_term_string}\"},\"query-input\":{\"@type\":\"PropertyValueSpecification\",\"valueRequired\":true,\"valueName\":\"search_term_string\"}}],\"inLanguage\":\"de\"},{\"@type\":\"Organization\",\"@id\":\"https:\/\/tdcenter.org\/#organization\",\"name\":\"Transatlantic Dialogue Center\",\"url\":\"https:\/\/tdcenter.org\/\",\"logo\":{\"@type\":\"ImageObject\",\"inLanguage\":\"de\",\"@id\":\"https:\/\/tdcenter.org\/#\/schema\/logo\/image\/\",\"url\":\"https:\/\/tdcenter.org\/wp-content\/uploads\/2022\/04\/google.png\",\"contentUrl\":\"https:\/\/tdcenter.org\/wp-content\/uploads\/2022\/04\/google.png\",\"width\":2568,\"height\":2487,\"caption\":\"Transatlantic Dialogue Center\"},\"image\":{\"@id\":\"https:\/\/tdcenter.org\/#\/schema\/logo\/image\/\"},\"sameAs\":[\"https:\/\/www.facebook.com\/Transatlantic-Dialogue-Center-105645698740463\",\"https:\/\/www.youtube.com\/channel\/UCpJuhU4JBfpv_jsldNOc5LA\"]},{\"@type\":\"Person\",\"@id\":\"https:\/\/tdcenter.org\/#\/schema\/person\/2b76b794dbb8257325dc72d4fdee35ec\",\"name\":\"Alina Rohach\",\"image\":{\"@type\":\"ImageObject\",\"inLanguage\":\"de\",\"@id\":\"https:\/\/tdcenter.org\/#\/schema\/person\/image\/\",\"url\":\"https:\/\/tdcenter.org\/wp-content\/litespeed\/avatar\/61eca207869235575ab8e6c478a7ca66.jpg?ver=1777459382\",\"contentUrl\":\"https:\/\/tdcenter.org\/wp-content\/litespeed\/avatar\/61eca207869235575ab8e6c478a7ca66.jpg?ver=1777459382\",\"caption\":\"Alina Rohach\"}}]}<\/script>\n<!-- \/ Yoast SEO Premium plugin. -->","yoast_head_json":{"title":"TDC together with Eurodefense Joven Espa\u00f1a organized an international conference in Madrid - Transatlantic Dialogue Center","description":"Transatlantic Dialogue Center (TDC) is a non-governmental and non-partisan think tank that provides high-quality policy advice to private and public clients. The network of our friends and partners includes government officials, members of parliaments, businessmen, journalists, experts and analysts.","robots":{"index":"index","follow":"follow","max-snippet":"max-snippet:-1","max-image-preview":"max-image-preview:large","max-video-preview":"max-video-preview:-1"},"canonical":"https:\/\/tdcenter.org\/de\/2024\/10\/15\/tdc-together-with-eurodefense-joven-espana-organized-an-international-conference-in-madrid\/","og_locale":"de_DE","og_type":"article","og_title":"TDC together with Eurodefense Joven Espa\u00f1a organized an international conference in Madrid","og_description":"Transatlantic Dialogue Center (TDC) is a non-governmental and non-partisan think tank that provides high-quality policy advice to private and public clients. The network of our friends and partners includes government officials, members of parliaments, businessmen, journalists, experts and analysts.","og_url":"https:\/\/tdcenter.org\/de\/2024\/10\/15\/tdc-together-with-eurodefense-joven-espana-organized-an-international-conference-in-madrid\/","og_site_name":"Transatlantic Dialogue Center","article_publisher":"https:\/\/www.facebook.com\/Transatlantic-Dialogue-Center-105645698740463","article_published_time":"2024-10-15T11:53:12+00:00","article_modified_time":"2025-08-05T18:09:32+00:00","og_image":[{"width":2048,"height":1365,"url":"https:\/\/tdcenter.org\/wp-content\/uploads\/2024\/11\/IMG_1283.jpeg","type":"image\/jpeg"}],"author":"Alina Rohach","twitter_card":"summary_large_image","twitter_misc":{"Verfasst von":"Alina Rohach","Gesch\u00e4tzte Lesezeit":"5\u00a0Minuten"},"schema":{"@context":"https:\/\/schema.org","@graph":[{"@type":"Article","@id":"https:\/\/tdcenter.org\/2024\/10\/15\/tdc-together-with-eurodefense-joven-espana-organized-an-international-conference-in-madrid\/#article","isPartOf":{"@id":"https:\/\/tdcenter.org\/2024\/10\/15\/tdc-together-with-eurodefense-joven-espana-organized-an-international-conference-in-madrid\/"},"author":{"name":"Alina Rohach","@id":"https:\/\/tdcenter.org\/#\/schema\/person\/2b76b794dbb8257325dc72d4fdee35ec"},"headline":"TDC together with Eurodefense Joven Espa\u00f1a organized an international conference in Madrid","datePublished":"2024-10-15T11:53:12+00:00","dateModified":"2025-08-05T18:09:32+00:00","mainEntityOfPage":{"@id":"https:\/\/tdcenter.org\/2024\/10\/15\/tdc-together-with-eurodefense-joven-espana-organized-an-international-conference-in-madrid\/"},"wordCount":528,"commentCount":0,"publisher":{"@id":"https:\/\/tdcenter.org\/#organization"},"image":{"@id":"https:\/\/tdcenter.org\/2024\/10\/15\/tdc-together-with-eurodefense-joven-espana-organized-an-international-conference-in-madrid\/#primaryimage"},"thumbnailUrl":"https:\/\/tdcenter.org\/wp-content\/uploads\/2024\/11\/IMG_1283.jpeg","articleSection":["Events","Events-Spain and Latin America Cooperation Program"],"inLanguage":"de","potentialAction":[{"@type":"CommentAction","name":"Comment","target":["https:\/\/tdcenter.org\/2024\/10\/15\/tdc-together-with-eurodefense-joven-espana-organized-an-international-conference-in-madrid\/#respond"]}]},{"@type":"WebPage","@id":"https:\/\/tdcenter.org\/2024\/10\/15\/tdc-together-with-eurodefense-joven-espana-organized-an-international-conference-in-madrid\/","url":"https:\/\/tdcenter.org\/2024\/10\/15\/tdc-together-with-eurodefense-joven-espana-organized-an-international-conference-in-madrid\/","name":"TDC together with Eurodefense Joven Espa\u00f1a organized an international conference in Madrid - Transatlantic Dialogue Center","isPartOf":{"@id":"https:\/\/tdcenter.org\/#website"},"primaryImageOfPage":{"@id":"https:\/\/tdcenter.org\/2024\/10\/15\/tdc-together-with-eurodefense-joven-espana-organized-an-international-conference-in-madrid\/#primaryimage"},"image":{"@id":"https:\/\/tdcenter.org\/2024\/10\/15\/tdc-together-with-eurodefense-joven-espana-organized-an-international-conference-in-madrid\/#primaryimage"},"thumbnailUrl":"https:\/\/tdcenter.org\/wp-content\/uploads\/2024\/11\/IMG_1283.jpeg","datePublished":"2024-10-15T11:53:12+00:00","dateModified":"2025-08-05T18:09:32+00:00","description":"Transatlantic Dialogue Center (TDC) is a non-governmental and non-partisan think tank that provides high-quality policy advice to private and public clients. The network of our friends and partners includes government officials, members of parliaments, businessmen, journalists, experts and analysts.","breadcrumb":{"@id":"https:\/\/tdcenter.org\/2024\/10\/15\/tdc-together-with-eurodefense-joven-espana-organized-an-international-conference-in-madrid\/#breadcrumb"},"inLanguage":"de","potentialAction":[{"@type":"ReadAction","target":["https:\/\/tdcenter.org\/2024\/10\/15\/tdc-together-with-eurodefense-joven-espana-organized-an-international-conference-in-madrid\/"]}]},{"@type":"ImageObject","inLanguage":"de","@id":"https:\/\/tdcenter.org\/2024\/10\/15\/tdc-together-with-eurodefense-joven-espana-organized-an-international-conference-in-madrid\/#primaryimage","url":"https:\/\/tdcenter.org\/wp-content\/uploads\/2024\/11\/IMG_1283.jpeg","contentUrl":"https:\/\/tdcenter.org\/wp-content\/uploads\/2024\/11\/IMG_1283.jpeg","width":2048,"height":1365},{"@type":"BreadcrumbList","@id":"https:\/\/tdcenter.org\/2024\/10\/15\/tdc-together-with-eurodefense-joven-espana-organized-an-international-conference-in-madrid\/#breadcrumb","itemListElement":[{"@type":"ListItem","position":1,"name":"Home","item":"https:\/\/tdcenter.org\/"},{"@type":"ListItem","position":2,"name":"TDC together with Eurodefense Joven Espa\u00f1a organized an international conference in Madrid"}]},{"@type":"WebSite","@id":"https:\/\/tdcenter.org\/#website","url":"https:\/\/tdcenter.org\/","name":"Transatlantic Dialogue Center","description":"F\u00f6rderung des internationalen Friedens und der Sicherheit","publisher":{"@id":"https:\/\/tdcenter.org\/#organization"},"potentialAction":[{"@type":"SearchAction","target":{"@type":"EntryPoint","urlTemplate":"https:\/\/tdcenter.org\/?s={search_term_string}"},"query-input":{"@type":"PropertyValueSpecification","valueRequired":true,"valueName":"search_term_string"}}],"inLanguage":"de"},{"@type":"Organization","@id":"https:\/\/tdcenter.org\/#organization","name":"Transatlantic Dialogue Center","url":"https:\/\/tdcenter.org\/","logo":{"@type":"ImageObject","inLanguage":"de","@id":"https:\/\/tdcenter.org\/#\/schema\/logo\/image\/","url":"https:\/\/tdcenter.org\/wp-content\/uploads\/2022\/04\/google.png","contentUrl":"https:\/\/tdcenter.org\/wp-content\/uploads\/2022\/04\/google.png","width":2568,"height":2487,"caption":"Transatlantic Dialogue Center"},"image":{"@id":"https:\/\/tdcenter.org\/#\/schema\/logo\/image\/"},"sameAs":["https:\/\/www.facebook.com\/Transatlantic-Dialogue-Center-105645698740463","https:\/\/www.youtube.com\/channel\/UCpJuhU4JBfpv_jsldNOc5LA"]},{"@type":"Person","@id":"https:\/\/tdcenter.org\/#\/schema\/person\/2b76b794dbb8257325dc72d4fdee35ec","name":"Alina Rohach","image":{"@type":"ImageObject","inLanguage":"de","@id":"https:\/\/tdcenter.org\/#\/schema\/person\/image\/","url":"https:\/\/tdcenter.org\/wp-content\/litespeed\/avatar\/61eca207869235575ab8e6c478a7ca66.jpg?ver=1777459382","contentUrl":"https:\/\/tdcenter.org\/wp-content\/litespeed\/avatar\/61eca207869235575ab8e6c478a7ca66.jpg?ver=1777459382","caption":"Alina Rohach"}}]}},"mfb_rest_fields":["title","yoast_head","yoast_head_json","gutenberg_elementor_mode"],"_links":{"self":[{"href":"https:\/\/tdcenter.org\/de\/wp-json\/wp\/v2\/posts\/26358","targetHints":{"allow":["GET"]}}],"collection":[{"href":"https:\/\/tdcenter.org\/de\/wp-json\/wp\/v2\/posts"}],"about":[{"href":"https:\/\/tdcenter.org\/de\/wp-json\/wp\/v2\/types\/post"}],"author":[{"embeddable":true,"href":"https:\/\/tdcenter.org\/de\/wp-json\/wp\/v2\/users\/8"}],"replies":[{"embeddable":true,"href":"https:\/\/tdcenter.org\/de\/wp-json\/wp\/v2\/comments?post=26358"}],"version-history":[{"count":7,"href":"https:\/\/tdcenter.org\/de\/wp-json\/wp\/v2\/posts\/26358\/revisions"}],"predecessor-version":[{"id":26378,"href":"https:\/\/tdcenter.org\/de\/wp-json\/wp\/v2\/posts\/26358\/revisions\/26378"}],"wp:featuredmedia":[{"embeddable":true,"href":"https:\/\/tdcenter.org\/de\/wp-json\/wp\/v2\/media\/26360"}],"wp:attachment":[{"href":"https:\/\/tdcenter.org\/de\/wp-json\/wp\/v2\/media?parent=26358"}],"wp:term":[{"taxonomy":"category","embeddable":true,"href":"https:\/\/tdcenter.org\/de\/wp-json\/wp\/v2\/categories?post=26358"},{"taxonomy":"post_tag","embeddable":true,"href":"https:\/\/tdcenter.org\/de\/wp-json\/wp\/v2\/tags?post=26358"},{"taxonomy":"topic","embeddable":true,"href":"https:\/\/tdcenter.org\/de\/wp-json\/wp\/v2\/topic?post=26358"}],"curies":[{"name":"wp","href":"https:\/\/api.w.org\/{rel}","templated":true}]}}