{"id":20117,"date":"2023-10-13T16:48:55","date_gmt":"2023-10-13T13:48:55","guid":{"rendered":"https:\/\/tdcenter.org\/?p=20117"},"modified":"2025-08-05T16:22:26","modified_gmt":"2025-08-05T13:22:26","slug":"tdc-met-with-the-president-of-antel","status":"publish","type":"post","link":"https:\/\/tdcenter.org\/de\/2023\/10\/13\/tdc-met-with-the-president-of-antel\/","title":{"rendered":"TDC trifft sich mit dem Pr\u00e4sidenten von Antel"},"content":{"rendered":"<p>Vertreter des TDC trafen sich in Begleitung von <em>Diego Guadalupe Brenna<\/em>, dem Honorarkonsul der Ukraine in Uruguay, mit <em>Gabriel Gurm\u00e9ndez<\/em>, dem Pr\u00e4sidenten von Antel, des staatlichen Telekommunikationsunternehmens Uruguays.<\/p>\n\n\n<div class=\"wp-block-image\">\n<figure class=\"aligncenter size-large\"><img fetchpriority=\"high\" decoding=\"async\" width=\"1024\" height=\"682\" src=\"https:\/\/tdcenter.org\/wp-content\/uploads\/2023\/10\/IMG_0120-1024x682.jpeg\" alt=\"\" class=\"wp-image-20119\" srcset=\"https:\/\/tdcenter.org\/wp-content\/uploads\/2023\/10\/IMG_0120-1024x682.jpeg 1024w, https:\/\/tdcenter.org\/wp-content\/uploads\/2023\/10\/IMG_0120-600x400.jpeg 600w, https:\/\/tdcenter.org\/wp-content\/uploads\/2023\/10\/IMG_0120-768x512.jpeg 768w, https:\/\/tdcenter.org\/wp-content\/uploads\/2023\/10\/IMG_0120-1536x1023.jpeg 1536w, https:\/\/tdcenter.org\/wp-content\/uploads\/2023\/10\/IMG_0120-18x12.jpeg 18w, https:\/\/tdcenter.org\/wp-content\/uploads\/2023\/10\/IMG_0120.jpeg 2048w\" sizes=\"(max-width: 1024px) 100vw, 1024px\" \/><\/figure>\n<\/div>\n\n\n<p>Im Jahr 2022, als der Krieg begann, wurden die russischen Staatsmedien in der Europ\u00e4ischen Union und in Kanada weitgehend und auf verschiedenen internationalen Plattformen verboten. In Lateinamerika kam es jedoch gr\u00f6\u00dftenteils nicht zu einer vergleichbaren Einschr\u00e4nkung. Die Regierungen, mit Ausnahme von Uruguay, verzichteten auf solche Ma\u00dfnahmen.&nbsp;<\/p>\n\n\n\n<p>Am 1. M\u00e4rz 2022 unterbrach Antel nach dem Vorbild der Europ\u00e4ischen Union das Signal des russischen Fernsehsenders RT auf seiner gr\u00f6\u00dften Plattform. Gurm\u00e9ndez bezeichnete RT als einen Sender, der <em>\"im Dienste der Propaganda und der Rechtfertigung der gewaltsamen milit\u00e4rischen Invasion Russlands in der Ukraine steht\"<\/em>.<\/p>\n\n\n\n<p>Die Ank\u00fcndigung des Antel-Pr\u00e4sidenten wurde kritisiert, weil sie angeblich gegen die Meinungsfreiheit versto\u00dfe und es wichtig sei, die russische Perspektive des Krieges zu ber\u00fccksichtigen. So bezeichnete der Direktor der lateinamerikanischen Beobachtungsstelle f\u00fcr Medienregulierung und -konvergenz (Observacom), Gustavo G\u00f3mez, die Ma\u00dfnahme als <em>\"staatliche Zensur\"<\/em>, obwohl er die russische Offensive ebenfalls verurteilte.<\/p>\n\n\n\n<p>Dieses Treffen ist im Zusammenhang mit der Bek\u00e4mpfung der russischen Propaganda \u00e4u\u00dferst wichtig. Wir untersuchen weiterhin die Erfahrungen der verschiedenen L\u00e4nder. Wir hoffen, dass die einzigartige Erfahrung Uruguays ein Beispiel f\u00fcr andere lateinamerikanische L\u00e4nder und der Beginn des Kampfes gegen russische Propaganda in der Region sein wird.<\/p>\n\n\n\n<p>Das TDC realisiert das Projekt mit Unterst\u00fctzung der&nbsp;<em><a href=\"https:\/\/www.irf.ua\/en\/\">International Renaissance Foundation<\/a>.<\/em><\/p>","protected":false},"excerpt":{"rendered":"<p>TDC representatives, accompanied by Diego Guadalupe Brenna, the Honorary Consul of Ukraine in Uruguay, met with Gabriel Gurm\u00e9ndez, President of Antel, the state-owned telecommunications company of Uruguay. In 2022, as the war commenced, Russian state media faced widespread bans in the European Union and Canada, extending to various international platforms. However, Latin America, for the [&hellip;]<\/p>","protected":false},"author":8,"featured_media":20119,"comment_status":"open","ping_status":"open","sticky":false,"template":"","format":"standard","meta":{"footnotes":""},"categories":[25,104],"tags":[],"topic":[],"class_list":["post-20117","post","type-post","status-publish","format-standard","has-post-thumbnail","hentry","category-events","category-spain-and-latin-america-cooperation-program-events"],"mb":[],"yoast_head":"<!-- This site is optimized with the Yoast SEO Premium plugin v25.6 (Yoast SEO v25.6) - https:\/\/yoast.com\/wordpress\/plugins\/seo\/ -->\n<title>TDC met with the President of Antel - Transatlantic Dialogue Center<\/title>\n<meta name=\"description\" content=\"Transatlantic Dialogue Center (TDC) is a non-governmental and non-partisan think tank that provides high-quality policy advice to private and public clients. The network of our friends and partners includes government officials, members of parliaments, businessmen, journalists, experts and analysts.\" \/>\n<meta name=\"robots\" content=\"index, follow, max-snippet:-1, max-image-preview:large, max-video-preview:-1\" \/>\n<link rel=\"canonical\" href=\"https:\/\/tdcenter.org\/de\/2023\/10\/13\/tdc-met-with-the-president-of-antel\/\" \/>\n<meta property=\"og:locale\" content=\"de_DE\" \/>\n<meta property=\"og:type\" content=\"article\" \/>\n<meta property=\"og:title\" content=\"TDC met with the President of Antel\" \/>\n<meta property=\"og:description\" content=\"Transatlantic Dialogue Center (TDC) is a non-governmental and non-partisan think tank that provides high-quality policy advice to private and public clients. The network of our friends and partners includes government officials, members of parliaments, businessmen, journalists, experts and analysts.\" \/>\n<meta property=\"og:url\" content=\"https:\/\/tdcenter.org\/de\/2023\/10\/13\/tdc-met-with-the-president-of-antel\/\" \/>\n<meta property=\"og:site_name\" content=\"Transatlantic Dialogue Center\" \/>\n<meta property=\"article:publisher\" content=\"https:\/\/www.facebook.com\/Transatlantic-Dialogue-Center-105645698740463\" \/>\n<meta property=\"article:published_time\" content=\"2023-10-13T13:48:55+00:00\" \/>\n<meta property=\"article:modified_time\" content=\"2025-08-05T13:22:26+00:00\" \/>\n<meta property=\"og:image\" content=\"https:\/\/tdcenter.org\/wp-content\/uploads\/2023\/10\/IMG_0120.jpeg\" \/>\n\t<meta property=\"og:image:width\" content=\"2048\" \/>\n\t<meta property=\"og:image:height\" content=\"1364\" \/>\n\t<meta property=\"og:image:type\" content=\"image\/jpeg\" \/>\n<meta name=\"author\" content=\"Alina Rohach\" \/>\n<meta name=\"twitter:card\" content=\"summary_large_image\" \/>\n<meta name=\"twitter:label1\" content=\"Verfasst von\" \/>\n\t<meta name=\"twitter:data1\" content=\"Alina Rohach\" \/>\n\t<meta name=\"twitter:label2\" content=\"Gesch\u00e4tzte Lesezeit\" \/>\n\t<meta name=\"twitter:data2\" content=\"2\u00a0Minuten\" \/>\n<script type=\"application\/ld+json\" class=\"yoast-schema-graph\">{\"@context\":\"https:\/\/schema.org\",\"@graph\":[{\"@type\":\"Article\",\"@id\":\"https:\/\/tdcenter.org\/2023\/10\/13\/tdc-met-with-the-president-of-antel\/#article\",\"isPartOf\":{\"@id\":\"https:\/\/tdcenter.org\/2023\/10\/13\/tdc-met-with-the-president-of-antel\/\"},\"author\":{\"name\":\"Alina Rohach\",\"@id\":\"https:\/\/tdcenter.org\/#\/schema\/person\/2b76b794dbb8257325dc72d4fdee35ec\"},\"headline\":\"TDC met with the President of Antel\",\"datePublished\":\"2023-10-13T13:48:55+00:00\",\"dateModified\":\"2025-08-05T13:22:26+00:00\",\"mainEntityOfPage\":{\"@id\":\"https:\/\/tdcenter.org\/2023\/10\/13\/tdc-met-with-the-president-of-antel\/\"},\"wordCount\":250,\"commentCount\":0,\"publisher\":{\"@id\":\"https:\/\/tdcenter.org\/#organization\"},\"image\":{\"@id\":\"https:\/\/tdcenter.org\/2023\/10\/13\/tdc-met-with-the-president-of-antel\/#primaryimage\"},\"thumbnailUrl\":\"https:\/\/tdcenter.org\/wp-content\/uploads\/2023\/10\/IMG_0120.jpeg\",\"articleSection\":[\"Events\",\"Events-Spain and Latin America Cooperation Program\"],\"inLanguage\":\"de\",\"potentialAction\":[{\"@type\":\"CommentAction\",\"name\":\"Comment\",\"target\":[\"https:\/\/tdcenter.org\/2023\/10\/13\/tdc-met-with-the-president-of-antel\/#respond\"]}]},{\"@type\":\"WebPage\",\"@id\":\"https:\/\/tdcenter.org\/2023\/10\/13\/tdc-met-with-the-president-of-antel\/\",\"url\":\"https:\/\/tdcenter.org\/2023\/10\/13\/tdc-met-with-the-president-of-antel\/\",\"name\":\"TDC met with the President of Antel - Transatlantic Dialogue Center\",\"isPartOf\":{\"@id\":\"https:\/\/tdcenter.org\/#website\"},\"primaryImageOfPage\":{\"@id\":\"https:\/\/tdcenter.org\/2023\/10\/13\/tdc-met-with-the-president-of-antel\/#primaryimage\"},\"image\":{\"@id\":\"https:\/\/tdcenter.org\/2023\/10\/13\/tdc-met-with-the-president-of-antel\/#primaryimage\"},\"thumbnailUrl\":\"https:\/\/tdcenter.org\/wp-content\/uploads\/2023\/10\/IMG_0120.jpeg\",\"datePublished\":\"2023-10-13T13:48:55+00:00\",\"dateModified\":\"2025-08-05T13:22:26+00:00\",\"description\":\"Transatlantic Dialogue Center (TDC) is a non-governmental and non-partisan think tank that provides high-quality policy advice to private and public clients. The network of our friends and partners includes government officials, members of parliaments, businessmen, journalists, experts and analysts.\",\"breadcrumb\":{\"@id\":\"https:\/\/tdcenter.org\/2023\/10\/13\/tdc-met-with-the-president-of-antel\/#breadcrumb\"},\"inLanguage\":\"de\",\"potentialAction\":[{\"@type\":\"ReadAction\",\"target\":[\"https:\/\/tdcenter.org\/2023\/10\/13\/tdc-met-with-the-president-of-antel\/\"]}]},{\"@type\":\"ImageObject\",\"inLanguage\":\"de\",\"@id\":\"https:\/\/tdcenter.org\/2023\/10\/13\/tdc-met-with-the-president-of-antel\/#primaryimage\",\"url\":\"https:\/\/tdcenter.org\/wp-content\/uploads\/2023\/10\/IMG_0120.jpeg\",\"contentUrl\":\"https:\/\/tdcenter.org\/wp-content\/uploads\/2023\/10\/IMG_0120.jpeg\",\"width\":2048,\"height\":1364},{\"@type\":\"BreadcrumbList\",\"@id\":\"https:\/\/tdcenter.org\/2023\/10\/13\/tdc-met-with-the-president-of-antel\/#breadcrumb\",\"itemListElement\":[{\"@type\":\"ListItem\",\"position\":1,\"name\":\"Home\",\"item\":\"https:\/\/tdcenter.org\/\"},{\"@type\":\"ListItem\",\"position\":2,\"name\":\"TDC met with the President of Antel\"}]},{\"@type\":\"WebSite\",\"@id\":\"https:\/\/tdcenter.org\/#website\",\"url\":\"https:\/\/tdcenter.org\/\",\"name\":\"Transatlantic Dialogue Center\",\"description\":\"Promoting International Peace and Security\",\"publisher\":{\"@id\":\"https:\/\/tdcenter.org\/#organization\"},\"potentialAction\":[{\"@type\":\"SearchAction\",\"target\":{\"@type\":\"EntryPoint\",\"urlTemplate\":\"https:\/\/tdcenter.org\/?s={search_term_string}\"},\"query-input\":{\"@type\":\"PropertyValueSpecification\",\"valueRequired\":true,\"valueName\":\"search_term_string\"}}],\"inLanguage\":\"de\"},{\"@type\":\"Organization\",\"@id\":\"https:\/\/tdcenter.org\/#organization\",\"name\":\"Transatlantic Dialogue Center\",\"url\":\"https:\/\/tdcenter.org\/\",\"logo\":{\"@type\":\"ImageObject\",\"inLanguage\":\"de\",\"@id\":\"https:\/\/tdcenter.org\/#\/schema\/logo\/image\/\",\"url\":\"https:\/\/tdcenter.org\/wp-content\/uploads\/2022\/04\/google.png\",\"contentUrl\":\"https:\/\/tdcenter.org\/wp-content\/uploads\/2022\/04\/google.png\",\"width\":2568,\"height\":2487,\"caption\":\"Transatlantic Dialogue Center\"},\"image\":{\"@id\":\"https:\/\/tdcenter.org\/#\/schema\/logo\/image\/\"},\"sameAs\":[\"https:\/\/www.facebook.com\/Transatlantic-Dialogue-Center-105645698740463\",\"https:\/\/www.youtube.com\/channel\/UCpJuhU4JBfpv_jsldNOc5LA\"]},{\"@type\":\"Person\",\"@id\":\"https:\/\/tdcenter.org\/#\/schema\/person\/2b76b794dbb8257325dc72d4fdee35ec\",\"name\":\"Alina Rohach\",\"image\":{\"@type\":\"ImageObject\",\"inLanguage\":\"de\",\"@id\":\"https:\/\/tdcenter.org\/#\/schema\/person\/image\/\",\"url\":\"https:\/\/tdcenter.org\/wp-content\/litespeed\/avatar\/61eca207869235575ab8e6c478a7ca66.jpg?ver=1777459382\",\"contentUrl\":\"https:\/\/tdcenter.org\/wp-content\/litespeed\/avatar\/61eca207869235575ab8e6c478a7ca66.jpg?ver=1777459382\",\"caption\":\"Alina Rohach\"}}]}<\/script>\n<!-- \/ Yoast SEO Premium plugin. -->","yoast_head_json":{"title":"TDC met with the President of Antel - Transatlantic Dialogue Center","description":"Transatlantic Dialogue Center (TDC) is a non-governmental and non-partisan think tank that provides high-quality policy advice to private and public clients. The network of our friends and partners includes government officials, members of parliaments, businessmen, journalists, experts and analysts.","robots":{"index":"index","follow":"follow","max-snippet":"max-snippet:-1","max-image-preview":"max-image-preview:large","max-video-preview":"max-video-preview:-1"},"canonical":"https:\/\/tdcenter.org\/de\/2023\/10\/13\/tdc-met-with-the-president-of-antel\/","og_locale":"de_DE","og_type":"article","og_title":"TDC met with the President of Antel","og_description":"Transatlantic Dialogue Center (TDC) is a non-governmental and non-partisan think tank that provides high-quality policy advice to private and public clients. The network of our friends and partners includes government officials, members of parliaments, businessmen, journalists, experts and analysts.","og_url":"https:\/\/tdcenter.org\/de\/2023\/10\/13\/tdc-met-with-the-president-of-antel\/","og_site_name":"Transatlantic Dialogue Center","article_publisher":"https:\/\/www.facebook.com\/Transatlantic-Dialogue-Center-105645698740463","article_published_time":"2023-10-13T13:48:55+00:00","article_modified_time":"2025-08-05T13:22:26+00:00","og_image":[{"width":2048,"height":1364,"url":"https:\/\/tdcenter.org\/wp-content\/uploads\/2023\/10\/IMG_0120.jpeg","type":"image\/jpeg"}],"author":"Alina Rohach","twitter_card":"summary_large_image","twitter_misc":{"Verfasst von":"Alina Rohach","Gesch\u00e4tzte Lesezeit":"2\u00a0Minuten"},"schema":{"@context":"https:\/\/schema.org","@graph":[{"@type":"Article","@id":"https:\/\/tdcenter.org\/2023\/10\/13\/tdc-met-with-the-president-of-antel\/#article","isPartOf":{"@id":"https:\/\/tdcenter.org\/2023\/10\/13\/tdc-met-with-the-president-of-antel\/"},"author":{"name":"Alina Rohach","@id":"https:\/\/tdcenter.org\/#\/schema\/person\/2b76b794dbb8257325dc72d4fdee35ec"},"headline":"TDC met with the President of Antel","datePublished":"2023-10-13T13:48:55+00:00","dateModified":"2025-08-05T13:22:26+00:00","mainEntityOfPage":{"@id":"https:\/\/tdcenter.org\/2023\/10\/13\/tdc-met-with-the-president-of-antel\/"},"wordCount":250,"commentCount":0,"publisher":{"@id":"https:\/\/tdcenter.org\/#organization"},"image":{"@id":"https:\/\/tdcenter.org\/2023\/10\/13\/tdc-met-with-the-president-of-antel\/#primaryimage"},"thumbnailUrl":"https:\/\/tdcenter.org\/wp-content\/uploads\/2023\/10\/IMG_0120.jpeg","articleSection":["Events","Events-Spain and Latin America Cooperation Program"],"inLanguage":"de","potentialAction":[{"@type":"CommentAction","name":"Comment","target":["https:\/\/tdcenter.org\/2023\/10\/13\/tdc-met-with-the-president-of-antel\/#respond"]}]},{"@type":"WebPage","@id":"https:\/\/tdcenter.org\/2023\/10\/13\/tdc-met-with-the-president-of-antel\/","url":"https:\/\/tdcenter.org\/2023\/10\/13\/tdc-met-with-the-president-of-antel\/","name":"TDC met with the President of Antel - Transatlantic Dialogue Center","isPartOf":{"@id":"https:\/\/tdcenter.org\/#website"},"primaryImageOfPage":{"@id":"https:\/\/tdcenter.org\/2023\/10\/13\/tdc-met-with-the-president-of-antel\/#primaryimage"},"image":{"@id":"https:\/\/tdcenter.org\/2023\/10\/13\/tdc-met-with-the-president-of-antel\/#primaryimage"},"thumbnailUrl":"https:\/\/tdcenter.org\/wp-content\/uploads\/2023\/10\/IMG_0120.jpeg","datePublished":"2023-10-13T13:48:55+00:00","dateModified":"2025-08-05T13:22:26+00:00","description":"Transatlantic Dialogue Center (TDC) is a non-governmental and non-partisan think tank that provides high-quality policy advice to private and public clients. The network of our friends and partners includes government officials, members of parliaments, businessmen, journalists, experts and analysts.","breadcrumb":{"@id":"https:\/\/tdcenter.org\/2023\/10\/13\/tdc-met-with-the-president-of-antel\/#breadcrumb"},"inLanguage":"de","potentialAction":[{"@type":"ReadAction","target":["https:\/\/tdcenter.org\/2023\/10\/13\/tdc-met-with-the-president-of-antel\/"]}]},{"@type":"ImageObject","inLanguage":"de","@id":"https:\/\/tdcenter.org\/2023\/10\/13\/tdc-met-with-the-president-of-antel\/#primaryimage","url":"https:\/\/tdcenter.org\/wp-content\/uploads\/2023\/10\/IMG_0120.jpeg","contentUrl":"https:\/\/tdcenter.org\/wp-content\/uploads\/2023\/10\/IMG_0120.jpeg","width":2048,"height":1364},{"@type":"BreadcrumbList","@id":"https:\/\/tdcenter.org\/2023\/10\/13\/tdc-met-with-the-president-of-antel\/#breadcrumb","itemListElement":[{"@type":"ListItem","position":1,"name":"Home","item":"https:\/\/tdcenter.org\/"},{"@type":"ListItem","position":2,"name":"TDC met with the President of Antel"}]},{"@type":"WebSite","@id":"https:\/\/tdcenter.org\/#website","url":"https:\/\/tdcenter.org\/","name":"Transatlantic Dialogue Center","description":"F\u00f6rderung des internationalen Friedens und der Sicherheit","publisher":{"@id":"https:\/\/tdcenter.org\/#organization"},"potentialAction":[{"@type":"SearchAction","target":{"@type":"EntryPoint","urlTemplate":"https:\/\/tdcenter.org\/?s={search_term_string}"},"query-input":{"@type":"PropertyValueSpecification","valueRequired":true,"valueName":"search_term_string"}}],"inLanguage":"de"},{"@type":"Organization","@id":"https:\/\/tdcenter.org\/#organization","name":"Transatlantic Dialogue Center","url":"https:\/\/tdcenter.org\/","logo":{"@type":"ImageObject","inLanguage":"de","@id":"https:\/\/tdcenter.org\/#\/schema\/logo\/image\/","url":"https:\/\/tdcenter.org\/wp-content\/uploads\/2022\/04\/google.png","contentUrl":"https:\/\/tdcenter.org\/wp-content\/uploads\/2022\/04\/google.png","width":2568,"height":2487,"caption":"Transatlantic Dialogue Center"},"image":{"@id":"https:\/\/tdcenter.org\/#\/schema\/logo\/image\/"},"sameAs":["https:\/\/www.facebook.com\/Transatlantic-Dialogue-Center-105645698740463","https:\/\/www.youtube.com\/channel\/UCpJuhU4JBfpv_jsldNOc5LA"]},{"@type":"Person","@id":"https:\/\/tdcenter.org\/#\/schema\/person\/2b76b794dbb8257325dc72d4fdee35ec","name":"Alina Rohach","image":{"@type":"ImageObject","inLanguage":"de","@id":"https:\/\/tdcenter.org\/#\/schema\/person\/image\/","url":"https:\/\/tdcenter.org\/wp-content\/litespeed\/avatar\/61eca207869235575ab8e6c478a7ca66.jpg?ver=1777459382","contentUrl":"https:\/\/tdcenter.org\/wp-content\/litespeed\/avatar\/61eca207869235575ab8e6c478a7ca66.jpg?ver=1777459382","caption":"Alina Rohach"}}]}},"mfb_rest_fields":["title","yoast_head","yoast_head_json","gutenberg_elementor_mode"],"_links":{"self":[{"href":"https:\/\/tdcenter.org\/de\/wp-json\/wp\/v2\/posts\/20117","targetHints":{"allow":["GET"]}}],"collection":[{"href":"https:\/\/tdcenter.org\/de\/wp-json\/wp\/v2\/posts"}],"about":[{"href":"https:\/\/tdcenter.org\/de\/wp-json\/wp\/v2\/types\/post"}],"author":[{"embeddable":true,"href":"https:\/\/tdcenter.org\/de\/wp-json\/wp\/v2\/users\/8"}],"replies":[{"embeddable":true,"href":"https:\/\/tdcenter.org\/de\/wp-json\/wp\/v2\/comments?post=20117"}],"version-history":[{"count":1,"href":"https:\/\/tdcenter.org\/de\/wp-json\/wp\/v2\/posts\/20117\/revisions"}],"predecessor-version":[{"id":31059,"href":"https:\/\/tdcenter.org\/de\/wp-json\/wp\/v2\/posts\/20117\/revisions\/31059"}],"wp:featuredmedia":[{"embeddable":true,"href":"https:\/\/tdcenter.org\/de\/wp-json\/wp\/v2\/media\/20119"}],"wp:attachment":[{"href":"https:\/\/tdcenter.org\/de\/wp-json\/wp\/v2\/media?parent=20117"}],"wp:term":[{"taxonomy":"category","embeddable":true,"href":"https:\/\/tdcenter.org\/de\/wp-json\/wp\/v2\/categories?post=20117"},{"taxonomy":"post_tag","embeddable":true,"href":"https:\/\/tdcenter.org\/de\/wp-json\/wp\/v2\/tags?post=20117"},{"taxonomy":"topic","embeddable":true,"href":"https:\/\/tdcenter.org\/de\/wp-json\/wp\/v2\/topic?post=20117"}],"curies":[{"name":"wp","href":"https:\/\/api.w.org\/{rel}","templated":true}]}}