{"id":19629,"date":"2023-09-22T12:43:18","date_gmt":"2023-09-22T09:43:18","guid":{"rendered":"https:\/\/tdcenter.org\/?p=19629"},"modified":"2025-08-05T16:23:31","modified_gmt":"2025-08-05T13:23:31","slug":"raising-awareness-about-the-kidnapping-of-ukrainian-children-in-the-bundestag","status":"publish","type":"post","link":"https:\/\/tdcenter.org\/de\/2023\/09\/22\/raising-awareness-about-the-kidnapping-of-ukrainian-children-in-the-bundestag\/","title":{"rendered":"Sensibilisierung f\u00fcr die Entf\u00fchrung ukrainischer Kinder im Bundestag"},"content":{"rendered":"<p>Im September hatte das Transatlantic Dialogue Center die Ehre, zur Organisation zweier bedeutender Veranstaltungen in Berlin beizutragen, bei denen es um die Entf\u00fchrung ukrainischer Kinder durch Russland in besetzten Gebieten ging.<\/p>\n\n\n\n<p>Eine interfraktionelle Gruppe von Parlamentariern im Deutschen Bundestag traf sich zusammen mit dem ukrainischen Botschafter, Oleksij Makejew, der ukrainischen Kinderrechtsbeauftragten, Darja Herassymtschuk, der Vertreterin der ukrainischen Generalstaatsanwaltschaft, Julija Ussenko, und Menschenrechtsaktivisten aus der Ukraine, um \u00fcber diese grausamen Verbrechen w\u00e4hrend des parlamentarischen Fr\u00fchst\u00fccks und der Podiumsdiskussion \u201eBring Back Kids to Ukraine\u201c zu diskutieren.<\/p>\n\n\n\n<div class=\"wp-block-columns is-layout-flex wp-container-core-columns-is-layout-28f84493 wp-block-columns-is-layout-flex\">\n<div class=\"wp-block-column is-layout-flow wp-block-column-is-layout-flow\"><div class=\"wp-block-image\">\n<figure class=\"alignleft size-large is-resized\"><img fetchpriority=\"high\" decoding=\"async\" src=\"https:\/\/tdcenter.org\/wp-content\/uploads\/2023\/09\/IMGL6262-1024x683.jpg\" alt=\"\" class=\"wp-image-19631\" style=\"width:407px;height:271px\" width=\"407\" height=\"271\" srcset=\"https:\/\/tdcenter.org\/wp-content\/uploads\/2023\/09\/IMGL6262-1024x683.jpg 1024w, https:\/\/tdcenter.org\/wp-content\/uploads\/2023\/09\/IMGL6262-600x400.jpg 600w, https:\/\/tdcenter.org\/wp-content\/uploads\/2023\/09\/IMGL6262-768x512.jpg 768w, https:\/\/tdcenter.org\/wp-content\/uploads\/2023\/09\/IMGL6262-1536x1024.jpg 1536w, https:\/\/tdcenter.org\/wp-content\/uploads\/2023\/09\/IMGL6262-2048x1365.jpg 2048w, https:\/\/tdcenter.org\/wp-content\/uploads\/2023\/09\/IMGL6262-18x12.jpg 18w\" sizes=\"(max-width: 407px) 100vw, 407px\" \/><\/figure>\n<\/div><\/div>\n\n\n\n<div class=\"wp-block-column is-layout-flow wp-block-column-is-layout-flow\"><div class=\"wp-block-image\">\n<figure class=\"alignright size-large is-resized\"><img decoding=\"async\" src=\"https:\/\/tdcenter.org\/wp-content\/uploads\/2023\/09\/IMG_6526cr-1-1024x700.jpeg\" alt=\"\" class=\"wp-image-19635\" style=\"width:396px;height:271px\" width=\"396\" height=\"271\" srcset=\"https:\/\/tdcenter.org\/wp-content\/uploads\/2023\/09\/IMG_6526cr-1-1024x700.jpeg 1024w, https:\/\/tdcenter.org\/wp-content\/uploads\/2023\/09\/IMG_6526cr-1-600x410.jpeg 600w, https:\/\/tdcenter.org\/wp-content\/uploads\/2023\/09\/IMG_6526cr-1-768x525.jpeg 768w, https:\/\/tdcenter.org\/wp-content\/uploads\/2023\/09\/IMG_6526cr-1-1536x1050.jpeg 1536w, https:\/\/tdcenter.org\/wp-content\/uploads\/2023\/09\/IMG_6526cr-1-18x12.jpeg 18w, https:\/\/tdcenter.org\/wp-content\/uploads\/2023\/09\/IMG_6526cr-1.jpeg 2048w\" sizes=\"(max-width: 396px) 100vw, 396px\" \/><\/figure>\n<\/div><\/div>\n<\/div>\n\n\n\n<p>Ziel der Diskussion war es, die Rolle der internationalen Zusammenarbeit, der Medien, der Diplomatie und der Zivilgesellschaft bei der Informierung der Weltgemeinschaft \u00fcber das Thema zu er\u00f6rtern. Au\u00dferdem wurde versucht, konkrete Schritte f\u00fcr die R\u00fcckkehr ukrainischer Kinder und die Verfolgung der Verantwortlichen f\u00fcr die Verletzung von Kinderrechten zu skizzieren.<\/p>\n\n\n<div class=\"wp-block-image\">\n<figure class=\"aligncenter size-large is-resized\"><img decoding=\"async\" src=\"https:\/\/tdcenter.org\/wp-content\/uploads\/2023\/09\/IMG_6572-1024x768.jpeg\" alt=\"\" class=\"wp-image-19636\" style=\"width:698px;height:524px\" width=\"698\" height=\"524\" srcset=\"https:\/\/tdcenter.org\/wp-content\/uploads\/2023\/09\/IMG_6572-1024x768.jpeg 1024w, https:\/\/tdcenter.org\/wp-content\/uploads\/2023\/09\/IMG_6572-600x450.jpeg 600w, https:\/\/tdcenter.org\/wp-content\/uploads\/2023\/09\/IMG_6572-768x576.jpeg 768w, https:\/\/tdcenter.org\/wp-content\/uploads\/2023\/09\/IMG_6572-1536x1152.jpeg 1536w, https:\/\/tdcenter.org\/wp-content\/uploads\/2023\/09\/IMG_6572-16x12.jpeg 16w, https:\/\/tdcenter.org\/wp-content\/uploads\/2023\/09\/IMG_6572.jpeg 2048w\" sizes=\"(max-width: 698px) 100vw, 698px\" \/><\/figure>\n<\/div>\n\n\n<p>Die deutschen Abgeordneten begr\u00fc\u00dften den 10-j\u00e4hrigen Illja Matwijenko herzlich, der in Begleitung von seiner Gro\u00dfmutter gekommen ist, um seine pers\u00f6nliche Geschichte der Entf\u00fchrung aus Mariupol und der Flucht aus Russland zu erz\u00e4hlen. Trotz allem, was er durchgemacht hat, strahlte Illja Hoffnung und Optimismus aus, die viele im Raum zu Tr\u00e4nen r\u00fchrte.<\/p>\n\n\n\n<p>Die Entf\u00fchrung von Kindern als Kriegswaffe stellt eine besonders abscheuliche Dimension dieses Konflikts dar. Den dokumentierten Beweisen zufolge hat Russland im Rahmen seiner anhaltenden Aggression rund 20.000 ukrainische Kinder entf\u00fchrt, wobei 503 auf tragische Weise ihr Leben verloren. Die deportierten Kinder werden in Russland Umerziehung, Zwangsrussifizierung und Adoption unterzogen.<\/p>\n\n\n\n<p>Dieser Krieg ist nicht nur milit\u00e4risch oder hybrid; er umfasst auch die Entf\u00fchrung von Kindern und die Ausbeutung der Schw\u00e4chsten. Gemeinsam mit seinen Partnern engagiert sich TDC daf\u00fcr, die Bem\u00fchungen der ukrainischen und der deutschen Regierung zu vereinen, um alle abgeschobenen ukrainischen Kinder in ihre H\u00e4user zur\u00fcckzubringen.<\/p>","protected":false},"excerpt":{"rendered":"<p>In September, the Transatlantic Dialogue Center had the honor of contributing to the organization of two significant events in Berlin addressing the issue of the kidnapping of Ukrainian children by Russia in occupied territories. An inter-factional group of parliamentarians in the German Bundestag, along with Ukrainian Ambassador Oleksii Makeiev, Ukrainian children rights\u2019 commissioner Daria Herasymchuk, [&hellip;]<\/p>","protected":false},"author":10,"featured_media":19631,"comment_status":"open","ping_status":"open","sticky":false,"template":"","format":"standard","meta":{"footnotes":""},"categories":[25,105],"tags":[],"topic":[],"class_list":["post-19629","post","type-post","status-publish","format-standard","has-post-thumbnail","hentry","category-events","category-german-ukrainian-partnership-program-events"],"mb":[],"yoast_head":"<!-- This site is optimized with the Yoast SEO Premium plugin v25.6 (Yoast SEO v25.6) - https:\/\/yoast.com\/wordpress\/plugins\/seo\/ -->\n<title>Raising awareness about the kidnapping of Ukrainian children in the Bundestag - Transatlantic Dialogue Center<\/title>\n<meta name=\"description\" content=\"Transatlantic Dialogue Center (TDC) is a non-governmental and non-partisan think tank that provides high-quality policy advice to private and public clients. The network of our friends and partners includes government officials, members of parliaments, businessmen, journalists, experts and analysts.\" \/>\n<meta name=\"robots\" content=\"index, follow, max-snippet:-1, max-image-preview:large, max-video-preview:-1\" \/>\n<link rel=\"canonical\" href=\"https:\/\/tdcenter.org\/de\/2023\/09\/22\/raising-awareness-about-the-kidnapping-of-ukrainian-children-in-the-bundestag\/\" \/>\n<meta property=\"og:locale\" content=\"de_DE\" \/>\n<meta property=\"og:type\" content=\"article\" \/>\n<meta property=\"og:title\" content=\"Raising awareness about the kidnapping of Ukrainian children in the Bundestag\" \/>\n<meta property=\"og:description\" content=\"Transatlantic Dialogue Center (TDC) is a non-governmental and non-partisan think tank that provides high-quality policy advice to private and public clients. The network of our friends and partners includes government officials, members of parliaments, businessmen, journalists, experts and analysts.\" \/>\n<meta property=\"og:url\" content=\"https:\/\/tdcenter.org\/de\/2023\/09\/22\/raising-awareness-about-the-kidnapping-of-ukrainian-children-in-the-bundestag\/\" \/>\n<meta property=\"og:site_name\" content=\"Transatlantic Dialogue Center\" \/>\n<meta property=\"article:publisher\" content=\"https:\/\/www.facebook.com\/Transatlantic-Dialogue-Center-105645698740463\" \/>\n<meta property=\"article:published_time\" content=\"2023-09-22T09:43:18+00:00\" \/>\n<meta property=\"article:modified_time\" content=\"2025-08-05T13:23:31+00:00\" \/>\n<meta property=\"og:image\" content=\"https:\/\/tdcenter.org\/wp-content\/uploads\/2023\/09\/IMGL6262-scaled.jpg\" \/>\n\t<meta property=\"og:image:width\" content=\"2560\" \/>\n\t<meta property=\"og:image:height\" content=\"1707\" \/>\n\t<meta property=\"og:image:type\" content=\"image\/jpeg\" \/>\n<meta name=\"author\" content=\"Stepan Rusyn\" \/>\n<meta name=\"twitter:card\" content=\"summary_large_image\" \/>\n<meta name=\"twitter:label1\" content=\"Verfasst von\" \/>\n\t<meta name=\"twitter:data1\" content=\"Stepan Rusyn\" \/>\n\t<meta name=\"twitter:label2\" content=\"Gesch\u00e4tzte Lesezeit\" \/>\n\t<meta name=\"twitter:data2\" content=\"2\u00a0Minuten\" \/>\n<script type=\"application\/ld+json\" class=\"yoast-schema-graph\">{\"@context\":\"https:\/\/schema.org\",\"@graph\":[{\"@type\":\"Article\",\"@id\":\"https:\/\/tdcenter.org\/2023\/09\/22\/raising-awareness-about-the-kidnapping-of-ukrainian-children-in-the-bundestag\/#article\",\"isPartOf\":{\"@id\":\"https:\/\/tdcenter.org\/2023\/09\/22\/raising-awareness-about-the-kidnapping-of-ukrainian-children-in-the-bundestag\/\"},\"author\":{\"name\":\"Stepan Rusyn\",\"@id\":\"https:\/\/tdcenter.org\/#\/schema\/person\/10d9eb6be418ce623b4525c0dedbadfa\"},\"headline\":\"Raising awareness about the kidnapping of Ukrainian children in the Bundestag\",\"datePublished\":\"2023-09-22T09:43:18+00:00\",\"dateModified\":\"2025-08-05T13:23:31+00:00\",\"mainEntityOfPage\":{\"@id\":\"https:\/\/tdcenter.org\/2023\/09\/22\/raising-awareness-about-the-kidnapping-of-ukrainian-children-in-the-bundestag\/\"},\"wordCount\":290,\"commentCount\":0,\"publisher\":{\"@id\":\"https:\/\/tdcenter.org\/#organization\"},\"image\":{\"@id\":\"https:\/\/tdcenter.org\/2023\/09\/22\/raising-awareness-about-the-kidnapping-of-ukrainian-children-in-the-bundestag\/#primaryimage\"},\"thumbnailUrl\":\"https:\/\/tdcenter.org\/wp-content\/uploads\/2023\/09\/IMGL6262-scaled.jpg\",\"articleSection\":[\"Events\",\"Events-German-Ukrainian Partnership Program\"],\"inLanguage\":\"de\",\"potentialAction\":[{\"@type\":\"CommentAction\",\"name\":\"Comment\",\"target\":[\"https:\/\/tdcenter.org\/2023\/09\/22\/raising-awareness-about-the-kidnapping-of-ukrainian-children-in-the-bundestag\/#respond\"]}]},{\"@type\":\"WebPage\",\"@id\":\"https:\/\/tdcenter.org\/2023\/09\/22\/raising-awareness-about-the-kidnapping-of-ukrainian-children-in-the-bundestag\/\",\"url\":\"https:\/\/tdcenter.org\/2023\/09\/22\/raising-awareness-about-the-kidnapping-of-ukrainian-children-in-the-bundestag\/\",\"name\":\"Raising awareness about the kidnapping of Ukrainian children in the Bundestag - Transatlantic Dialogue Center\",\"isPartOf\":{\"@id\":\"https:\/\/tdcenter.org\/#website\"},\"primaryImageOfPage\":{\"@id\":\"https:\/\/tdcenter.org\/2023\/09\/22\/raising-awareness-about-the-kidnapping-of-ukrainian-children-in-the-bundestag\/#primaryimage\"},\"image\":{\"@id\":\"https:\/\/tdcenter.org\/2023\/09\/22\/raising-awareness-about-the-kidnapping-of-ukrainian-children-in-the-bundestag\/#primaryimage\"},\"thumbnailUrl\":\"https:\/\/tdcenter.org\/wp-content\/uploads\/2023\/09\/IMGL6262-scaled.jpg\",\"datePublished\":\"2023-09-22T09:43:18+00:00\",\"dateModified\":\"2025-08-05T13:23:31+00:00\",\"description\":\"Transatlantic Dialogue Center (TDC) is a non-governmental and non-partisan think tank that provides high-quality policy advice to private and public clients. The network of our friends and partners includes government officials, members of parliaments, businessmen, journalists, experts and analysts.\",\"breadcrumb\":{\"@id\":\"https:\/\/tdcenter.org\/2023\/09\/22\/raising-awareness-about-the-kidnapping-of-ukrainian-children-in-the-bundestag\/#breadcrumb\"},\"inLanguage\":\"de\",\"potentialAction\":[{\"@type\":\"ReadAction\",\"target\":[\"https:\/\/tdcenter.org\/2023\/09\/22\/raising-awareness-about-the-kidnapping-of-ukrainian-children-in-the-bundestag\/\"]}]},{\"@type\":\"ImageObject\",\"inLanguage\":\"de\",\"@id\":\"https:\/\/tdcenter.org\/2023\/09\/22\/raising-awareness-about-the-kidnapping-of-ukrainian-children-in-the-bundestag\/#primaryimage\",\"url\":\"https:\/\/tdcenter.org\/wp-content\/uploads\/2023\/09\/IMGL6262-scaled.jpg\",\"contentUrl\":\"https:\/\/tdcenter.org\/wp-content\/uploads\/2023\/09\/IMGL6262-scaled.jpg\",\"width\":2560,\"height\":1707},{\"@type\":\"BreadcrumbList\",\"@id\":\"https:\/\/tdcenter.org\/2023\/09\/22\/raising-awareness-about-the-kidnapping-of-ukrainian-children-in-the-bundestag\/#breadcrumb\",\"itemListElement\":[{\"@type\":\"ListItem\",\"position\":1,\"name\":\"Home\",\"item\":\"https:\/\/tdcenter.org\/\"},{\"@type\":\"ListItem\",\"position\":2,\"name\":\"Raising awareness about the kidnapping of Ukrainian children in the Bundestag\"}]},{\"@type\":\"WebSite\",\"@id\":\"https:\/\/tdcenter.org\/#website\",\"url\":\"https:\/\/tdcenter.org\/\",\"name\":\"Transatlantic Dialogue Center\",\"description\":\"Promoting International Peace and Security\",\"publisher\":{\"@id\":\"https:\/\/tdcenter.org\/#organization\"},\"potentialAction\":[{\"@type\":\"SearchAction\",\"target\":{\"@type\":\"EntryPoint\",\"urlTemplate\":\"https:\/\/tdcenter.org\/?s={search_term_string}\"},\"query-input\":{\"@type\":\"PropertyValueSpecification\",\"valueRequired\":true,\"valueName\":\"search_term_string\"}}],\"inLanguage\":\"de\"},{\"@type\":\"Organization\",\"@id\":\"https:\/\/tdcenter.org\/#organization\",\"name\":\"Transatlantic Dialogue Center\",\"url\":\"https:\/\/tdcenter.org\/\",\"logo\":{\"@type\":\"ImageObject\",\"inLanguage\":\"de\",\"@id\":\"https:\/\/tdcenter.org\/#\/schema\/logo\/image\/\",\"url\":\"https:\/\/tdcenter.org\/wp-content\/uploads\/2022\/04\/google.png\",\"contentUrl\":\"https:\/\/tdcenter.org\/wp-content\/uploads\/2022\/04\/google.png\",\"width\":2568,\"height\":2487,\"caption\":\"Transatlantic Dialogue Center\"},\"image\":{\"@id\":\"https:\/\/tdcenter.org\/#\/schema\/logo\/image\/\"},\"sameAs\":[\"https:\/\/www.facebook.com\/Transatlantic-Dialogue-Center-105645698740463\",\"https:\/\/www.youtube.com\/channel\/UCpJuhU4JBfpv_jsldNOc5LA\"]},{\"@type\":\"Person\",\"@id\":\"https:\/\/tdcenter.org\/#\/schema\/person\/10d9eb6be418ce623b4525c0dedbadfa\",\"name\":\"Stepan Rusyn\",\"image\":{\"@type\":\"ImageObject\",\"inLanguage\":\"de\",\"@id\":\"https:\/\/tdcenter.org\/#\/schema\/person\/image\/\",\"url\":\"https:\/\/tdcenter.org\/wp-content\/litespeed\/avatar\/933c2b7a4204b3771069324be5fa5a24.jpg?ver=1777459430\",\"contentUrl\":\"https:\/\/tdcenter.org\/wp-content\/litespeed\/avatar\/933c2b7a4204b3771069324be5fa5a24.jpg?ver=1777459430\",\"caption\":\"Stepan Rusyn\"}}]}<\/script>\n<!-- \/ Yoast SEO Premium plugin. -->","yoast_head_json":{"title":"Raising awareness about the kidnapping of Ukrainian children in the Bundestag - Transatlantic Dialogue Center","description":"Transatlantic Dialogue Center (TDC) is a non-governmental and non-partisan think tank that provides high-quality policy advice to private and public clients. The network of our friends and partners includes government officials, members of parliaments, businessmen, journalists, experts and analysts.","robots":{"index":"index","follow":"follow","max-snippet":"max-snippet:-1","max-image-preview":"max-image-preview:large","max-video-preview":"max-video-preview:-1"},"canonical":"https:\/\/tdcenter.org\/de\/2023\/09\/22\/raising-awareness-about-the-kidnapping-of-ukrainian-children-in-the-bundestag\/","og_locale":"de_DE","og_type":"article","og_title":"Raising awareness about the kidnapping of Ukrainian children in the Bundestag","og_description":"Transatlantic Dialogue Center (TDC) is a non-governmental and non-partisan think tank that provides high-quality policy advice to private and public clients. The network of our friends and partners includes government officials, members of parliaments, businessmen, journalists, experts and analysts.","og_url":"https:\/\/tdcenter.org\/de\/2023\/09\/22\/raising-awareness-about-the-kidnapping-of-ukrainian-children-in-the-bundestag\/","og_site_name":"Transatlantic Dialogue Center","article_publisher":"https:\/\/www.facebook.com\/Transatlantic-Dialogue-Center-105645698740463","article_published_time":"2023-09-22T09:43:18+00:00","article_modified_time":"2025-08-05T13:23:31+00:00","og_image":[{"width":2560,"height":1707,"url":"https:\/\/tdcenter.org\/wp-content\/uploads\/2023\/09\/IMGL6262-scaled.jpg","type":"image\/jpeg"}],"author":"Stepan Rusyn","twitter_card":"summary_large_image","twitter_misc":{"Verfasst von":"Stepan Rusyn","Gesch\u00e4tzte Lesezeit":"2\u00a0Minuten"},"schema":{"@context":"https:\/\/schema.org","@graph":[{"@type":"Article","@id":"https:\/\/tdcenter.org\/2023\/09\/22\/raising-awareness-about-the-kidnapping-of-ukrainian-children-in-the-bundestag\/#article","isPartOf":{"@id":"https:\/\/tdcenter.org\/2023\/09\/22\/raising-awareness-about-the-kidnapping-of-ukrainian-children-in-the-bundestag\/"},"author":{"name":"Stepan Rusyn","@id":"https:\/\/tdcenter.org\/#\/schema\/person\/10d9eb6be418ce623b4525c0dedbadfa"},"headline":"Raising awareness about the kidnapping of Ukrainian children in the Bundestag","datePublished":"2023-09-22T09:43:18+00:00","dateModified":"2025-08-05T13:23:31+00:00","mainEntityOfPage":{"@id":"https:\/\/tdcenter.org\/2023\/09\/22\/raising-awareness-about-the-kidnapping-of-ukrainian-children-in-the-bundestag\/"},"wordCount":290,"commentCount":0,"publisher":{"@id":"https:\/\/tdcenter.org\/#organization"},"image":{"@id":"https:\/\/tdcenter.org\/2023\/09\/22\/raising-awareness-about-the-kidnapping-of-ukrainian-children-in-the-bundestag\/#primaryimage"},"thumbnailUrl":"https:\/\/tdcenter.org\/wp-content\/uploads\/2023\/09\/IMGL6262-scaled.jpg","articleSection":["Events","Events-German-Ukrainian Partnership Program"],"inLanguage":"de","potentialAction":[{"@type":"CommentAction","name":"Comment","target":["https:\/\/tdcenter.org\/2023\/09\/22\/raising-awareness-about-the-kidnapping-of-ukrainian-children-in-the-bundestag\/#respond"]}]},{"@type":"WebPage","@id":"https:\/\/tdcenter.org\/2023\/09\/22\/raising-awareness-about-the-kidnapping-of-ukrainian-children-in-the-bundestag\/","url":"https:\/\/tdcenter.org\/2023\/09\/22\/raising-awareness-about-the-kidnapping-of-ukrainian-children-in-the-bundestag\/","name":"Raising awareness about the kidnapping of Ukrainian children in the Bundestag - Transatlantic Dialogue Center","isPartOf":{"@id":"https:\/\/tdcenter.org\/#website"},"primaryImageOfPage":{"@id":"https:\/\/tdcenter.org\/2023\/09\/22\/raising-awareness-about-the-kidnapping-of-ukrainian-children-in-the-bundestag\/#primaryimage"},"image":{"@id":"https:\/\/tdcenter.org\/2023\/09\/22\/raising-awareness-about-the-kidnapping-of-ukrainian-children-in-the-bundestag\/#primaryimage"},"thumbnailUrl":"https:\/\/tdcenter.org\/wp-content\/uploads\/2023\/09\/IMGL6262-scaled.jpg","datePublished":"2023-09-22T09:43:18+00:00","dateModified":"2025-08-05T13:23:31+00:00","description":"Transatlantic Dialogue Center (TDC) is a non-governmental and non-partisan think tank that provides high-quality policy advice to private and public clients. The network of our friends and partners includes government officials, members of parliaments, businessmen, journalists, experts and analysts.","breadcrumb":{"@id":"https:\/\/tdcenter.org\/2023\/09\/22\/raising-awareness-about-the-kidnapping-of-ukrainian-children-in-the-bundestag\/#breadcrumb"},"inLanguage":"de","potentialAction":[{"@type":"ReadAction","target":["https:\/\/tdcenter.org\/2023\/09\/22\/raising-awareness-about-the-kidnapping-of-ukrainian-children-in-the-bundestag\/"]}]},{"@type":"ImageObject","inLanguage":"de","@id":"https:\/\/tdcenter.org\/2023\/09\/22\/raising-awareness-about-the-kidnapping-of-ukrainian-children-in-the-bundestag\/#primaryimage","url":"https:\/\/tdcenter.org\/wp-content\/uploads\/2023\/09\/IMGL6262-scaled.jpg","contentUrl":"https:\/\/tdcenter.org\/wp-content\/uploads\/2023\/09\/IMGL6262-scaled.jpg","width":2560,"height":1707},{"@type":"BreadcrumbList","@id":"https:\/\/tdcenter.org\/2023\/09\/22\/raising-awareness-about-the-kidnapping-of-ukrainian-children-in-the-bundestag\/#breadcrumb","itemListElement":[{"@type":"ListItem","position":1,"name":"Home","item":"https:\/\/tdcenter.org\/"},{"@type":"ListItem","position":2,"name":"Raising awareness about the kidnapping of Ukrainian children in the Bundestag"}]},{"@type":"WebSite","@id":"https:\/\/tdcenter.org\/#website","url":"https:\/\/tdcenter.org\/","name":"Transatlantic Dialogue Center","description":"F\u00f6rderung des internationalen Friedens und der Sicherheit","publisher":{"@id":"https:\/\/tdcenter.org\/#organization"},"potentialAction":[{"@type":"SearchAction","target":{"@type":"EntryPoint","urlTemplate":"https:\/\/tdcenter.org\/?s={search_term_string}"},"query-input":{"@type":"PropertyValueSpecification","valueRequired":true,"valueName":"search_term_string"}}],"inLanguage":"de"},{"@type":"Organization","@id":"https:\/\/tdcenter.org\/#organization","name":"Transatlantic Dialogue Center","url":"https:\/\/tdcenter.org\/","logo":{"@type":"ImageObject","inLanguage":"de","@id":"https:\/\/tdcenter.org\/#\/schema\/logo\/image\/","url":"https:\/\/tdcenter.org\/wp-content\/uploads\/2022\/04\/google.png","contentUrl":"https:\/\/tdcenter.org\/wp-content\/uploads\/2022\/04\/google.png","width":2568,"height":2487,"caption":"Transatlantic Dialogue Center"},"image":{"@id":"https:\/\/tdcenter.org\/#\/schema\/logo\/image\/"},"sameAs":["https:\/\/www.facebook.com\/Transatlantic-Dialogue-Center-105645698740463","https:\/\/www.youtube.com\/channel\/UCpJuhU4JBfpv_jsldNOc5LA"]},{"@type":"Person","@id":"https:\/\/tdcenter.org\/#\/schema\/person\/10d9eb6be418ce623b4525c0dedbadfa","name":"Stepan Rusyn","image":{"@type":"ImageObject","inLanguage":"de","@id":"https:\/\/tdcenter.org\/#\/schema\/person\/image\/","url":"https:\/\/tdcenter.org\/wp-content\/litespeed\/avatar\/933c2b7a4204b3771069324be5fa5a24.jpg?ver=1777459430","contentUrl":"https:\/\/tdcenter.org\/wp-content\/litespeed\/avatar\/933c2b7a4204b3771069324be5fa5a24.jpg?ver=1777459430","caption":"Stepan Rusyn"}}]}},"mfb_rest_fields":["title","yoast_head","yoast_head_json","gutenberg_elementor_mode"],"_links":{"self":[{"href":"https:\/\/tdcenter.org\/de\/wp-json\/wp\/v2\/posts\/19629","targetHints":{"allow":["GET"]}}],"collection":[{"href":"https:\/\/tdcenter.org\/de\/wp-json\/wp\/v2\/posts"}],"about":[{"href":"https:\/\/tdcenter.org\/de\/wp-json\/wp\/v2\/types\/post"}],"author":[{"embeddable":true,"href":"https:\/\/tdcenter.org\/de\/wp-json\/wp\/v2\/users\/10"}],"replies":[{"embeddable":true,"href":"https:\/\/tdcenter.org\/de\/wp-json\/wp\/v2\/comments?post=19629"}],"version-history":[{"count":1,"href":"https:\/\/tdcenter.org\/de\/wp-json\/wp\/v2\/posts\/19629\/revisions"}],"predecessor-version":[{"id":31063,"href":"https:\/\/tdcenter.org\/de\/wp-json\/wp\/v2\/posts\/19629\/revisions\/31063"}],"wp:featuredmedia":[{"embeddable":true,"href":"https:\/\/tdcenter.org\/de\/wp-json\/wp\/v2\/media\/19631"}],"wp:attachment":[{"href":"https:\/\/tdcenter.org\/de\/wp-json\/wp\/v2\/media?parent=19629"}],"wp:term":[{"taxonomy":"category","embeddable":true,"href":"https:\/\/tdcenter.org\/de\/wp-json\/wp\/v2\/categories?post=19629"},{"taxonomy":"post_tag","embeddable":true,"href":"https:\/\/tdcenter.org\/de\/wp-json\/wp\/v2\/tags?post=19629"},{"taxonomy":"topic","embeddable":true,"href":"https:\/\/tdcenter.org\/de\/wp-json\/wp\/v2\/topic?post=19629"}],"curies":[{"name":"wp","href":"https:\/\/api.w.org\/{rel}","templated":true}]}}