{"id":18797,"date":"2023-08-18T17:13:15","date_gmt":"2023-08-18T14:13:15","guid":{"rendered":"https:\/\/tdcenter.org\/?p=18797"},"modified":"2025-08-05T21:11:24","modified_gmt":"2025-08-05T18:11:24","slug":"tdc-and-latin-american-media-visited-kharkiv-region","status":"publish","type":"post","link":"https:\/\/tdcenter.org\/de\/2023\/08\/18\/tdc-and-latin-american-media-visited-kharkiv-region\/","title":{"rendered":"TDC und lateinamerikanische Medien besuchten die Region Charkiw"},"content":{"rendered":"<p>TDC organisierte einen Besuch der Delegation lateinamerikanischer Journalisten in der Region Charkiw, die seit dem ersten Tag der russischen Invasion in der Ukraine unter st\u00e4ndigem russischen Angriff steht. In Zusammenarbeit mit dem Kharkiv Media Hub gelang es ihnen, nicht nur Charkiw, sondern auch befreite St\u00e4dte der Region Charkiw wie Isjum und Kupjansk zu besuchen, die alle Schrecken der russischen Milit\u00e4raktionen erlebt haben.<\/p>\n\n\n\n<div class=\"wp-block-columns is-layout-flex wp-container-core-columns-is-layout-28f84493 wp-block-columns-is-layout-flex\">\n<div class=\"wp-block-column is-layout-flow wp-block-column-is-layout-flow\"><div class=\"wp-block-image\">\n<figure class=\"aligncenter size-large is-resized\"><img fetchpriority=\"high\" decoding=\"async\" src=\"https:\/\/tdcenter.org\/wp-content\/uploads\/2023\/08\/photo_2023-08-18_14-52-53-1024x768.jpg\" alt=\"\" class=\"wp-image-18799\" style=\"width:462px;height:347px\" width=\"462\" height=\"347\" srcset=\"https:\/\/tdcenter.org\/wp-content\/uploads\/2023\/08\/photo_2023-08-18_14-52-53-1024x768.jpg 1024w, https:\/\/tdcenter.org\/wp-content\/uploads\/2023\/08\/photo_2023-08-18_14-52-53-600x450.jpg 600w, https:\/\/tdcenter.org\/wp-content\/uploads\/2023\/08\/photo_2023-08-18_14-52-53-768x576.jpg 768w, https:\/\/tdcenter.org\/wp-content\/uploads\/2023\/08\/photo_2023-08-18_14-52-53-16x12.jpg 16w, https:\/\/tdcenter.org\/wp-content\/uploads\/2023\/08\/photo_2023-08-18_14-52-53.jpg 1280w\" sizes=\"(max-width: 462px) 100vw, 462px\" \/><\/figure>\n<\/div><\/div>\n\n\n\n<div class=\"wp-block-column is-layout-flow wp-block-column-is-layout-flow\"><div class=\"wp-block-image\">\n<figure class=\"aligncenter size-full is-resized\"><img decoding=\"async\" src=\"https:\/\/tdcenter.org\/wp-content\/uploads\/2023\/08\/367957675_2165707863638631_6259804723389641755_n.jpg\" alt=\"\" class=\"wp-image-18800\" style=\"width:518px;height:347px\" width=\"518\" height=\"347\" srcset=\"https:\/\/tdcenter.org\/wp-content\/uploads\/2023\/08\/367957675_2165707863638631_6259804723389641755_n.jpg 687w, https:\/\/tdcenter.org\/wp-content\/uploads\/2023\/08\/367957675_2165707863638631_6259804723389641755_n-600x403.jpg 600w, https:\/\/tdcenter.org\/wp-content\/uploads\/2023\/08\/367957675_2165707863638631_6259804723389641755_n-18x12.jpg 18w\" sizes=\"(max-width: 518px) 100vw, 518px\" \/><\/figure>\n<\/div><\/div>\n<\/div>\n\n\n\n<p>In der Stadt Isjum konnten lateinamerikanische Journalisten den Zustand der Stadt nach der Besetzung sehen: 80 % der mehrst\u00f6ckigen Geb\u00e4ude wurden zerst\u00f6rt. Sie besuchten Folterkammern, in denen Menschen festgehalten wurden, sprachen mit Opfern russischer Folterungen und sahen Massengr\u00e4ber ukrainischer Zivilisten und Milit\u00e4rangeh\u00f6riger. Timur Tertyschnyj, Leiter der Ermittlungsabteilung der Polizei von Isjum, gab an, dass 449 Menschen in einem der Massengr\u00e4ber gefunden wurden. Groben Sch\u00e4tzungen zufolge starben in Isjum w\u00e4hrend der Besatzung jedoch etwa tausend Menschen.<\/p>\n\n\n<div class=\"wp-block-image\">\n<figure class=\"aligncenter size-large is-resized\"><img decoding=\"async\" src=\"https:\/\/tdcenter.org\/wp-content\/uploads\/2023\/08\/Brown-Autumn-Photo-Collage-1024x688.png\" alt=\"\" class=\"wp-image-18829\" style=\"width:850px;height:571px\" width=\"850\" height=\"571\" srcset=\"https:\/\/tdcenter.org\/wp-content\/uploads\/2023\/08\/Brown-Autumn-Photo-Collage-1024x688.png 1024w, https:\/\/tdcenter.org\/wp-content\/uploads\/2023\/08\/Brown-Autumn-Photo-Collage-600x403.png 600w, https:\/\/tdcenter.org\/wp-content\/uploads\/2023\/08\/Brown-Autumn-Photo-Collage-768x516.png 768w, https:\/\/tdcenter.org\/wp-content\/uploads\/2023\/08\/Brown-Autumn-Photo-Collage-1536x1032.png 1536w, https:\/\/tdcenter.org\/wp-content\/uploads\/2023\/08\/Brown-Autumn-Photo-Collage-18x12.png 18w, https:\/\/tdcenter.org\/wp-content\/uploads\/2023\/08\/Brown-Autumn-Photo-Collage.png 2000w\" sizes=\"(max-width: 850px) 100vw, 850px\" \/><\/figure>\n<\/div>\n\n\n<p>Dar\u00fcber hinaus hatten die Vertreter der lateinamerikanischen Medien Gelegenheit, den stellvertretenden B\u00fcrgermeister von Isjum, Wolodymyr Mazokin, pers\u00f6nlich zu treffen. Herr Mazokin erz\u00e4hlte ihnen, wie die Stadt nach der Befreiung von den russischen Besatzern aussah und wie die Stadt heute lebt.<\/p>\n\n\n\n<div class=\"wp-block-columns is-layout-flex wp-container-core-columns-is-layout-28f84493 wp-block-columns-is-layout-flex\">\n<div class=\"wp-block-column is-layout-flow wp-block-column-is-layout-flow\">\n<figure class=\"wp-block-image size-full is-resized\"><img loading=\"lazy\" decoding=\"async\" src=\"https:\/\/tdcenter.org\/wp-content\/uploads\/2023\/08\/photo_2023-08-18_14-48-42.jpg\" alt=\"\" class=\"wp-image-18805\" style=\"width:456px;height:304px\" width=\"456\" height=\"304\" srcset=\"https:\/\/tdcenter.org\/wp-content\/uploads\/2023\/08\/photo_2023-08-18_14-48-42.jpg 1024w, https:\/\/tdcenter.org\/wp-content\/uploads\/2023\/08\/photo_2023-08-18_14-48-42-600x400.jpg 600w, https:\/\/tdcenter.org\/wp-content\/uploads\/2023\/08\/photo_2023-08-18_14-48-42-768x512.jpg 768w, https:\/\/tdcenter.org\/wp-content\/uploads\/2023\/08\/photo_2023-08-18_14-48-42-18x12.jpg 18w\" sizes=\"(max-width: 456px) 100vw, 456px\" \/><\/figure>\n<\/div>\n\n\n\n<div class=\"wp-block-column is-layout-flow wp-block-column-is-layout-flow\">\n<figure class=\"wp-block-image size-full is-resized\"><img loading=\"lazy\" decoding=\"async\" src=\"https:\/\/tdcenter.org\/wp-content\/uploads\/2023\/08\/photo_2023-08-18_14-57-04.jpg\" alt=\"\" class=\"wp-image-18806\" style=\"width:456px;height:304px\" width=\"456\" height=\"304\" srcset=\"https:\/\/tdcenter.org\/wp-content\/uploads\/2023\/08\/photo_2023-08-18_14-57-04.jpg 1024w, https:\/\/tdcenter.org\/wp-content\/uploads\/2023\/08\/photo_2023-08-18_14-57-04-600x400.jpg 600w, https:\/\/tdcenter.org\/wp-content\/uploads\/2023\/08\/photo_2023-08-18_14-57-04-768x512.jpg 768w, https:\/\/tdcenter.org\/wp-content\/uploads\/2023\/08\/photo_2023-08-18_14-57-04-18x12.jpg 18w\" sizes=\"(max-width: 456px) 100vw, 456px\" \/><\/figure>\n<\/div>\n<\/div>\n\n\n\n<p>Die Journalisten reisten auch in Richtung Kupjansk und in das Grenzgebiet zu Russland, wo sie Milit\u00e4rstellungen besuchten und mit den ukrainischen Milit\u00e4rs sprachen. Sie trafen sich auch mit dem ukrainischen Team, das die Minenr\u00e4umdrohnen entwickelt, trafen sich mit Luftaufkl\u00e4rern und Drohnenbetreibern und besuchten das Zentrum f\u00fcr forensische Innovation IntelligenT trident. <\/p>\n\n\n\n<div class=\"wp-block-columns is-layout-flex wp-container-core-columns-is-layout-28f84493 wp-block-columns-is-layout-flex\">\n<div class=\"wp-block-column is-layout-flow wp-block-column-is-layout-flow\">\n<figure class=\"wp-block-image size-large is-resized\"><img loading=\"lazy\" decoding=\"async\" src=\"https:\/\/tdcenter.org\/wp-content\/uploads\/2023\/08\/photo_2023-08-18_14-50-52-1-1024x768.jpg\" alt=\"\" class=\"wp-image-18833\" style=\"width:272px;height:204px\" width=\"272\" height=\"204\" srcset=\"https:\/\/tdcenter.org\/wp-content\/uploads\/2023\/08\/photo_2023-08-18_14-50-52-1-1024x768.jpg 1024w, https:\/\/tdcenter.org\/wp-content\/uploads\/2023\/08\/photo_2023-08-18_14-50-52-1-600x450.jpg 600w, https:\/\/tdcenter.org\/wp-content\/uploads\/2023\/08\/photo_2023-08-18_14-50-52-1-768x576.jpg 768w, https:\/\/tdcenter.org\/wp-content\/uploads\/2023\/08\/photo_2023-08-18_14-50-52-1-16x12.jpg 16w, https:\/\/tdcenter.org\/wp-content\/uploads\/2023\/08\/photo_2023-08-18_14-50-52-1.jpg 1280w\" sizes=\"(max-width: 272px) 100vw, 272px\" \/><\/figure>\n<\/div>\n\n\n\n<div class=\"wp-block-column is-layout-flow wp-block-column-is-layout-flow\">\n<figure class=\"wp-block-image size-full is-resized\"><img loading=\"lazy\" decoding=\"async\" src=\"https:\/\/tdcenter.org\/wp-content\/uploads\/2023\/08\/photo_2023-08-18_14-48-50-1.jpg\" alt=\"\" class=\"wp-image-18834\" style=\"width:304px;height:203px\" width=\"304\" height=\"203\" srcset=\"https:\/\/tdcenter.org\/wp-content\/uploads\/2023\/08\/photo_2023-08-18_14-48-50-1.jpg 1024w, https:\/\/tdcenter.org\/wp-content\/uploads\/2023\/08\/photo_2023-08-18_14-48-50-1-600x400.jpg 600w, https:\/\/tdcenter.org\/wp-content\/uploads\/2023\/08\/photo_2023-08-18_14-48-50-1-768x512.jpg 768w, https:\/\/tdcenter.org\/wp-content\/uploads\/2023\/08\/photo_2023-08-18_14-48-50-1-18x12.jpg 18w\" sizes=\"(max-width: 304px) 100vw, 304px\" \/><\/figure>\n<\/div>\n\n\n\n<div class=\"wp-block-column is-layout-flow wp-block-column-is-layout-flow\">\n<figure class=\"wp-block-image size-full is-resized\"><img loading=\"lazy\" decoding=\"async\" src=\"https:\/\/tdcenter.org\/wp-content\/uploads\/2023\/08\/photo_2023-08-18_14-48-44.jpg\" alt=\"\" class=\"wp-image-18835\" style=\"width:300px;height:200px\" width=\"300\" height=\"200\" srcset=\"https:\/\/tdcenter.org\/wp-content\/uploads\/2023\/08\/photo_2023-08-18_14-48-44.jpg 1024w, https:\/\/tdcenter.org\/wp-content\/uploads\/2023\/08\/photo_2023-08-18_14-48-44-600x400.jpg 600w, https:\/\/tdcenter.org\/wp-content\/uploads\/2023\/08\/photo_2023-08-18_14-48-44-768x512.jpg 768w, https:\/\/tdcenter.org\/wp-content\/uploads\/2023\/08\/photo_2023-08-18_14-48-44-18x12.jpg 18w\" sizes=\"(max-width: 300px) 100vw, 300px\" \/><\/figure>\n<\/div>\n<\/div>\n\n\n\n<p>Wassyl Bilous, Vertreter des Zentrums f\u00fcr forensische Innovation IntelligenT trident, sprach \u00fcber die Besonderheiten und Ergebnisse der Arbeit des Zentrums. Die vom Zentrum zur Verf\u00fcgung gestellten Videos und Fotos sind bereits Teil der Beweisgrundlage f\u00fcr weitere Verfahren gegen das Milit\u00e4r und die hochrangige Milit\u00e4rf\u00fchrung Russlands.<\/p>\n\n\n<div class=\"wp-block-image\">\n<figure class=\"aligncenter size-large is-resized\"><img loading=\"lazy\" decoding=\"async\" src=\"https:\/\/tdcenter.org\/wp-content\/uploads\/2023\/08\/photo_2023-08-18_14-50-53-1024x768.jpg\" alt=\"\" class=\"wp-image-18810\" style=\"width:596px;height:447px\" width=\"596\" height=\"447\" srcset=\"https:\/\/tdcenter.org\/wp-content\/uploads\/2023\/08\/photo_2023-08-18_14-50-53-1024x768.jpg 1024w, https:\/\/tdcenter.org\/wp-content\/uploads\/2023\/08\/photo_2023-08-18_14-50-53-600x450.jpg 600w, https:\/\/tdcenter.org\/wp-content\/uploads\/2023\/08\/photo_2023-08-18_14-50-53-768x576.jpg 768w, https:\/\/tdcenter.org\/wp-content\/uploads\/2023\/08\/photo_2023-08-18_14-50-53-16x12.jpg 16w, https:\/\/tdcenter.org\/wp-content\/uploads\/2023\/08\/photo_2023-08-18_14-50-53.jpg 1280w\" sizes=\"(max-width: 596px) 100vw, 596px\" \/><\/figure>\n<\/div>\n\n\n<p>Wie berichtet, geh\u00f6rt Nord-Saltiwka, das von Journalisten pers\u00f6nlich besucht wurde, zu den am st\u00e4rksten betroffenen Stadtteilen von Charkiw. Dieses Wohngebiet wurde von den Russen mehrere Monate lang st\u00e4ndig beschossen, was dazu f\u00fchrte, dass kein einziges Geb\u00e4ude unbesch\u00e4digt blieb.<\/p>\n\n\n\n<div class=\"wp-block-columns is-layout-flex wp-container-core-columns-is-layout-28f84493 wp-block-columns-is-layout-flex\">\n<div class=\"wp-block-column is-layout-flow wp-block-column-is-layout-flow\">\n<figure class=\"wp-block-image size-large\"><img loading=\"lazy\" decoding=\"async\" width=\"768\" height=\"1024\" src=\"https:\/\/tdcenter.org\/wp-content\/uploads\/2023\/08\/photo_2023-08-18_14-49-33-1-768x1024.jpg\" alt=\"\" class=\"wp-image-18823\" srcset=\"https:\/\/tdcenter.org\/wp-content\/uploads\/2023\/08\/photo_2023-08-18_14-49-33-1-768x1024.jpg 768w, https:\/\/tdcenter.org\/wp-content\/uploads\/2023\/08\/photo_2023-08-18_14-49-33-1-450x600.jpg 450w, https:\/\/tdcenter.org\/wp-content\/uploads\/2023\/08\/photo_2023-08-18_14-49-33-1-9x12.jpg 9w, https:\/\/tdcenter.org\/wp-content\/uploads\/2023\/08\/photo_2023-08-18_14-49-33-1.jpg 960w\" sizes=\"(max-width: 768px) 100vw, 768px\" \/><\/figure>\n<\/div>\n\n\n\n<div class=\"wp-block-column is-layout-flow wp-block-column-is-layout-flow\">\n<figure class=\"wp-block-image size-large\"><img loading=\"lazy\" decoding=\"async\" width=\"768\" height=\"1024\" src=\"https:\/\/tdcenter.org\/wp-content\/uploads\/2023\/08\/photo_2023-08-18_14-49-34-1-768x1024.jpg\" alt=\"\" class=\"wp-image-18824\" srcset=\"https:\/\/tdcenter.org\/wp-content\/uploads\/2023\/08\/photo_2023-08-18_14-49-34-1-768x1024.jpg 768w, https:\/\/tdcenter.org\/wp-content\/uploads\/2023\/08\/photo_2023-08-18_14-49-34-1-450x600.jpg 450w, https:\/\/tdcenter.org\/wp-content\/uploads\/2023\/08\/photo_2023-08-18_14-49-34-1-9x12.jpg 9w, https:\/\/tdcenter.org\/wp-content\/uploads\/2023\/08\/photo_2023-08-18_14-49-34-1.jpg 960w\" sizes=\"(max-width: 768px) 100vw, 768px\" \/><\/figure>\n<\/div>\n\n\n\n<div class=\"wp-block-column is-layout-flow wp-block-column-is-layout-flow\">\n<figure class=\"wp-block-image size-large\"><img loading=\"lazy\" decoding=\"async\" width=\"768\" height=\"1024\" src=\"https:\/\/tdcenter.org\/wp-content\/uploads\/2023\/08\/photo_2023-08-18_15-00-03-768x1024.jpg\" alt=\"\" class=\"wp-image-18825\" srcset=\"https:\/\/tdcenter.org\/wp-content\/uploads\/2023\/08\/photo_2023-08-18_15-00-03-768x1024.jpg 768w, https:\/\/tdcenter.org\/wp-content\/uploads\/2023\/08\/photo_2023-08-18_15-00-03-450x600.jpg 450w, https:\/\/tdcenter.org\/wp-content\/uploads\/2023\/08\/photo_2023-08-18_15-00-03-9x12.jpg 9w, https:\/\/tdcenter.org\/wp-content\/uploads\/2023\/08\/photo_2023-08-18_15-00-03.jpg 960w\" sizes=\"(max-width: 768px) 100vw, 768px\" \/><\/figure>\n<\/div>\n<\/div>\n\n\n\n<p>Sie besuchten auch den \u201eRaketenfriedhof\u201c in Charkiw, ein Zwischenlager f\u00fcr die neutralisierten \u00dcberreste russischer Munition. Laut Dmytro Tschubenko, einem Sprecher der regionalen Staatsanwaltschaft von Charkiw, werden die gesammelten Bomben- und Granatenfragmente als Beweis f\u00fcr Kriegsverbrechen durch russische Milit\u00e4rangeh\u00f6rige vorgelegt.<\/p>\n\n\n<div class=\"wp-block-image\">\n<figure class=\"alignleft size-full is-resized\"><img loading=\"lazy\" decoding=\"async\" src=\"https:\/\/tdcenter.org\/wp-content\/uploads\/2023\/08\/image-30.png\" alt=\"\" class=\"wp-image-18827\" style=\"width:404px;height:269px\" width=\"404\" height=\"269\" srcset=\"https:\/\/tdcenter.org\/wp-content\/uploads\/2023\/08\/image-30.png 1024w, https:\/\/tdcenter.org\/wp-content\/uploads\/2023\/08\/image-30-600x400.png 600w, https:\/\/tdcenter.org\/wp-content\/uploads\/2023\/08\/image-30-768x512.png 768w, https:\/\/tdcenter.org\/wp-content\/uploads\/2023\/08\/image-30-18x12.png 18w\" sizes=\"(max-width: 404px) 100vw, 404px\" \/><\/figure>\n<\/div>\n\n\n<p>Der Kharkiv Media Hub war Gastgeber eines Treffens mit Mamuka Mamulaschwili, Kommandeur der Georgischen Nationallegion, der seit 30 Jahren gegen die Russen k\u00e4mpft. Im Alter von 14 Jahren verteidigte er zusammen mit seinem Vater die Integrit\u00e4t Georgiens und geriet dann in russische Gefangenschaft, wo ihm klar wurde, dass er den Kampf gegen die aggressiven Bestrebungen Russlands fortsetzen musste. Mamuka sprach \u00fcber die Gr\u00fcndung der Georgischen Nationallegion, ihre Ziele und Grunds\u00e4tze, ihre Zusammensetzung und die Besonderheiten ihrer Aktivit\u00e4ten.<\/p>\n\n\n\n<p>Das TDC realisiert das Projekt mit Unterst\u00fctzung der&nbsp;<em><a href=\"https:\/\/www.irf.ua\/en\/\">International Renaissance Foundation<\/a>.<\/em><\/p>","protected":false},"excerpt":{"rendered":"<p>With the organization of TDC, a delegation of Latin American journalists visited the Kharkiv region, which has been under constant Russian attack since the first day of Russia&#8217;s full-scale invasion of Ukraine. In cooperation with Kharkiv Media Hub, they managed to visit not only Kharkiv city, but also such de-occupied cities of Kharkiv region as [&hellip;]<\/p>","protected":false},"author":8,"featured_media":18799,"comment_status":"open","ping_status":"open","sticky":false,"template":"","format":"standard","meta":{"footnotes":""},"categories":[25,104],"tags":[],"topic":[],"class_list":["post-18797","post","type-post","status-publish","format-standard","has-post-thumbnail","hentry","category-events","category-spain-and-latin-america-cooperation-program-events"],"mb":[],"yoast_head":"<!-- This site is optimized with the Yoast SEO Premium plugin v25.6 (Yoast SEO v25.6) - https:\/\/yoast.com\/wordpress\/plugins\/seo\/ -->\n<title>TDC and Latin American media visited Kharkiv region - Transatlantic Dialogue Center<\/title>\n<meta name=\"description\" content=\"TDC successfully coordinated a visit for media representatives from Spain and Latin America to Ukraine. The delegation gained firsthand insights into the ongoing developments in the region, fostering better understanding and accurate reporting of the situation. This initiative demonstrates TDC&#039;s commitment to promoting informed and unbiased coverage of critical issues.\" \/>\n<meta name=\"robots\" content=\"index, follow, max-snippet:-1, max-image-preview:large, max-video-preview:-1\" \/>\n<link rel=\"canonical\" href=\"https:\/\/tdcenter.org\/de\/2023\/08\/18\/tdc-and-latin-american-media-visited-kharkiv-region\/\" \/>\n<meta property=\"og:locale\" content=\"de_DE\" \/>\n<meta property=\"og:type\" content=\"article\" \/>\n<meta property=\"og:title\" content=\"TDC and Latin American media visited Kharkiv region\" \/>\n<meta property=\"og:description\" content=\"Transatlantic Dialogue Center (TDC) is a non-governmental and non-partisan think tank that provides high-quality policy advice to private and public clients. The network of our friends and partners includes government officials, members of parliaments, businessmen, journalists, experts and analysts.\" \/>\n<meta property=\"og:url\" content=\"https:\/\/tdcenter.org\/de\/2023\/08\/18\/tdc-and-latin-american-media-visited-kharkiv-region\/\" \/>\n<meta property=\"og:site_name\" content=\"Transatlantic Dialogue Center\" \/>\n<meta property=\"article:publisher\" content=\"https:\/\/www.facebook.com\/Transatlantic-Dialogue-Center-105645698740463\" \/>\n<meta property=\"article:published_time\" content=\"2023-08-18T14:13:15+00:00\" \/>\n<meta property=\"article:modified_time\" content=\"2025-08-05T18:11:24+00:00\" \/>\n<meta property=\"og:image\" content=\"https:\/\/tdcenter.org\/wp-content\/uploads\/2023\/08\/photo_2023-08-18_14-52-53.jpg\" \/>\n\t<meta property=\"og:image:width\" content=\"1280\" \/>\n\t<meta property=\"og:image:height\" content=\"960\" \/>\n\t<meta property=\"og:image:type\" content=\"image\/jpeg\" \/>\n<meta name=\"author\" content=\"Alina Rohach\" \/>\n<meta name=\"twitter:card\" content=\"summary_large_image\" \/>\n<meta name=\"twitter:label1\" content=\"Verfasst von\" \/>\n\t<meta name=\"twitter:data1\" content=\"Alina Rohach\" \/>\n\t<meta name=\"twitter:label2\" content=\"Gesch\u00e4tzte Lesezeit\" \/>\n\t<meta name=\"twitter:data2\" content=\"5\u00a0Minuten\" \/>\n<script type=\"application\/ld+json\" class=\"yoast-schema-graph\">{\"@context\":\"https:\/\/schema.org\",\"@graph\":[{\"@type\":\"Article\",\"@id\":\"https:\/\/tdcenter.org\/2023\/08\/18\/tdc-and-latin-american-media-visited-kharkiv-region\/#article\",\"isPartOf\":{\"@id\":\"https:\/\/tdcenter.org\/2023\/08\/18\/tdc-and-latin-american-media-visited-kharkiv-region\/\"},\"author\":{\"name\":\"Alina Rohach\",\"@id\":\"https:\/\/tdcenter.org\/#\/schema\/person\/2b76b794dbb8257325dc72d4fdee35ec\"},\"headline\":\"TDC and Latin American media visited Kharkiv region\",\"datePublished\":\"2023-08-18T14:13:15+00:00\",\"dateModified\":\"2025-08-05T18:11:24+00:00\",\"mainEntityOfPage\":{\"@id\":\"https:\/\/tdcenter.org\/2023\/08\/18\/tdc-and-latin-american-media-visited-kharkiv-region\/\"},\"wordCount\":493,\"commentCount\":0,\"publisher\":{\"@id\":\"https:\/\/tdcenter.org\/#organization\"},\"image\":{\"@id\":\"https:\/\/tdcenter.org\/2023\/08\/18\/tdc-and-latin-american-media-visited-kharkiv-region\/#primaryimage\"},\"thumbnailUrl\":\"https:\/\/tdcenter.org\/wp-content\/uploads\/2023\/08\/photo_2023-08-18_14-52-53.jpg\",\"articleSection\":[\"Events\",\"Events-Spain and Latin America Cooperation Program\"],\"inLanguage\":\"de\",\"potentialAction\":[{\"@type\":\"CommentAction\",\"name\":\"Comment\",\"target\":[\"https:\/\/tdcenter.org\/2023\/08\/18\/tdc-and-latin-american-media-visited-kharkiv-region\/#respond\"]}]},{\"@type\":\"WebPage\",\"@id\":\"https:\/\/tdcenter.org\/2023\/08\/18\/tdc-and-latin-american-media-visited-kharkiv-region\/\",\"url\":\"https:\/\/tdcenter.org\/2023\/08\/18\/tdc-and-latin-american-media-visited-kharkiv-region\/\",\"name\":\"TDC and Latin American media visited Kharkiv region - Transatlantic Dialogue Center\",\"isPartOf\":{\"@id\":\"https:\/\/tdcenter.org\/#website\"},\"primaryImageOfPage\":{\"@id\":\"https:\/\/tdcenter.org\/2023\/08\/18\/tdc-and-latin-american-media-visited-kharkiv-region\/#primaryimage\"},\"image\":{\"@id\":\"https:\/\/tdcenter.org\/2023\/08\/18\/tdc-and-latin-american-media-visited-kharkiv-region\/#primaryimage\"},\"thumbnailUrl\":\"https:\/\/tdcenter.org\/wp-content\/uploads\/2023\/08\/photo_2023-08-18_14-52-53.jpg\",\"datePublished\":\"2023-08-18T14:13:15+00:00\",\"dateModified\":\"2025-08-05T18:11:24+00:00\",\"description\":\"TDC successfully coordinated a visit for media representatives from Spain and Latin America to Ukraine. The delegation gained firsthand insights into the ongoing developments in the region, fostering better understanding and accurate reporting of the situation. This initiative demonstrates TDC's commitment to promoting informed and unbiased coverage of critical issues.\",\"breadcrumb\":{\"@id\":\"https:\/\/tdcenter.org\/2023\/08\/18\/tdc-and-latin-american-media-visited-kharkiv-region\/#breadcrumb\"},\"inLanguage\":\"de\",\"potentialAction\":[{\"@type\":\"ReadAction\",\"target\":[\"https:\/\/tdcenter.org\/2023\/08\/18\/tdc-and-latin-american-media-visited-kharkiv-region\/\"]}]},{\"@type\":\"ImageObject\",\"inLanguage\":\"de\",\"@id\":\"https:\/\/tdcenter.org\/2023\/08\/18\/tdc-and-latin-american-media-visited-kharkiv-region\/#primaryimage\",\"url\":\"https:\/\/tdcenter.org\/wp-content\/uploads\/2023\/08\/photo_2023-08-18_14-52-53.jpg\",\"contentUrl\":\"https:\/\/tdcenter.org\/wp-content\/uploads\/2023\/08\/photo_2023-08-18_14-52-53.jpg\",\"width\":1280,\"height\":960},{\"@type\":\"BreadcrumbList\",\"@id\":\"https:\/\/tdcenter.org\/2023\/08\/18\/tdc-and-latin-american-media-visited-kharkiv-region\/#breadcrumb\",\"itemListElement\":[{\"@type\":\"ListItem\",\"position\":1,\"name\":\"Home\",\"item\":\"https:\/\/tdcenter.org\/\"},{\"@type\":\"ListItem\",\"position\":2,\"name\":\"TDC and Latin American media visited Kharkiv region\"}]},{\"@type\":\"WebSite\",\"@id\":\"https:\/\/tdcenter.org\/#website\",\"url\":\"https:\/\/tdcenter.org\/\",\"name\":\"Transatlantic Dialogue Center\",\"description\":\"Promoting International Peace and Security\",\"publisher\":{\"@id\":\"https:\/\/tdcenter.org\/#organization\"},\"potentialAction\":[{\"@type\":\"SearchAction\",\"target\":{\"@type\":\"EntryPoint\",\"urlTemplate\":\"https:\/\/tdcenter.org\/?s={search_term_string}\"},\"query-input\":{\"@type\":\"PropertyValueSpecification\",\"valueRequired\":true,\"valueName\":\"search_term_string\"}}],\"inLanguage\":\"de\"},{\"@type\":\"Organization\",\"@id\":\"https:\/\/tdcenter.org\/#organization\",\"name\":\"Transatlantic Dialogue Center\",\"url\":\"https:\/\/tdcenter.org\/\",\"logo\":{\"@type\":\"ImageObject\",\"inLanguage\":\"de\",\"@id\":\"https:\/\/tdcenter.org\/#\/schema\/logo\/image\/\",\"url\":\"https:\/\/tdcenter.org\/wp-content\/uploads\/2022\/04\/google.png\",\"contentUrl\":\"https:\/\/tdcenter.org\/wp-content\/uploads\/2022\/04\/google.png\",\"width\":2568,\"height\":2487,\"caption\":\"Transatlantic Dialogue Center\"},\"image\":{\"@id\":\"https:\/\/tdcenter.org\/#\/schema\/logo\/image\/\"},\"sameAs\":[\"https:\/\/www.facebook.com\/Transatlantic-Dialogue-Center-105645698740463\",\"https:\/\/www.youtube.com\/channel\/UCpJuhU4JBfpv_jsldNOc5LA\"]},{\"@type\":\"Person\",\"@id\":\"https:\/\/tdcenter.org\/#\/schema\/person\/2b76b794dbb8257325dc72d4fdee35ec\",\"name\":\"Alina Rohach\",\"image\":{\"@type\":\"ImageObject\",\"inLanguage\":\"de\",\"@id\":\"https:\/\/tdcenter.org\/#\/schema\/person\/image\/\",\"url\":\"https:\/\/tdcenter.org\/wp-content\/litespeed\/avatar\/61eca207869235575ab8e6c478a7ca66.jpg?ver=1777459382\",\"contentUrl\":\"https:\/\/tdcenter.org\/wp-content\/litespeed\/avatar\/61eca207869235575ab8e6c478a7ca66.jpg?ver=1777459382\",\"caption\":\"Alina Rohach\"}}]}<\/script>\n<!-- \/ Yoast SEO Premium plugin. -->","yoast_head_json":{"title":"TDC and Latin American media visited Kharkiv region - Transatlantic Dialogue Center","description":"TDC successfully coordinated a visit for media representatives from Spain and Latin America to Ukraine. The delegation gained firsthand insights into the ongoing developments in the region, fostering better understanding and accurate reporting of the situation. This initiative demonstrates TDC's commitment to promoting informed and unbiased coverage of critical issues.","robots":{"index":"index","follow":"follow","max-snippet":"max-snippet:-1","max-image-preview":"max-image-preview:large","max-video-preview":"max-video-preview:-1"},"canonical":"https:\/\/tdcenter.org\/de\/2023\/08\/18\/tdc-and-latin-american-media-visited-kharkiv-region\/","og_locale":"de_DE","og_type":"article","og_title":"TDC and Latin American media visited Kharkiv region","og_description":"Transatlantic Dialogue Center (TDC) is a non-governmental and non-partisan think tank that provides high-quality policy advice to private and public clients. The network of our friends and partners includes government officials, members of parliaments, businessmen, journalists, experts and analysts.","og_url":"https:\/\/tdcenter.org\/de\/2023\/08\/18\/tdc-and-latin-american-media-visited-kharkiv-region\/","og_site_name":"Transatlantic Dialogue Center","article_publisher":"https:\/\/www.facebook.com\/Transatlantic-Dialogue-Center-105645698740463","article_published_time":"2023-08-18T14:13:15+00:00","article_modified_time":"2025-08-05T18:11:24+00:00","og_image":[{"width":1280,"height":960,"url":"https:\/\/tdcenter.org\/wp-content\/uploads\/2023\/08\/photo_2023-08-18_14-52-53.jpg","type":"image\/jpeg"}],"author":"Alina Rohach","twitter_card":"summary_large_image","twitter_misc":{"Verfasst von":"Alina Rohach","Gesch\u00e4tzte Lesezeit":"5\u00a0Minuten"},"schema":{"@context":"https:\/\/schema.org","@graph":[{"@type":"Article","@id":"https:\/\/tdcenter.org\/2023\/08\/18\/tdc-and-latin-american-media-visited-kharkiv-region\/#article","isPartOf":{"@id":"https:\/\/tdcenter.org\/2023\/08\/18\/tdc-and-latin-american-media-visited-kharkiv-region\/"},"author":{"name":"Alina Rohach","@id":"https:\/\/tdcenter.org\/#\/schema\/person\/2b76b794dbb8257325dc72d4fdee35ec"},"headline":"TDC and Latin American media visited Kharkiv region","datePublished":"2023-08-18T14:13:15+00:00","dateModified":"2025-08-05T18:11:24+00:00","mainEntityOfPage":{"@id":"https:\/\/tdcenter.org\/2023\/08\/18\/tdc-and-latin-american-media-visited-kharkiv-region\/"},"wordCount":493,"commentCount":0,"publisher":{"@id":"https:\/\/tdcenter.org\/#organization"},"image":{"@id":"https:\/\/tdcenter.org\/2023\/08\/18\/tdc-and-latin-american-media-visited-kharkiv-region\/#primaryimage"},"thumbnailUrl":"https:\/\/tdcenter.org\/wp-content\/uploads\/2023\/08\/photo_2023-08-18_14-52-53.jpg","articleSection":["Events","Events-Spain and Latin America Cooperation Program"],"inLanguage":"de","potentialAction":[{"@type":"CommentAction","name":"Comment","target":["https:\/\/tdcenter.org\/2023\/08\/18\/tdc-and-latin-american-media-visited-kharkiv-region\/#respond"]}]},{"@type":"WebPage","@id":"https:\/\/tdcenter.org\/2023\/08\/18\/tdc-and-latin-american-media-visited-kharkiv-region\/","url":"https:\/\/tdcenter.org\/2023\/08\/18\/tdc-and-latin-american-media-visited-kharkiv-region\/","name":"TDC and Latin American media visited Kharkiv region - Transatlantic Dialogue Center","isPartOf":{"@id":"https:\/\/tdcenter.org\/#website"},"primaryImageOfPage":{"@id":"https:\/\/tdcenter.org\/2023\/08\/18\/tdc-and-latin-american-media-visited-kharkiv-region\/#primaryimage"},"image":{"@id":"https:\/\/tdcenter.org\/2023\/08\/18\/tdc-and-latin-american-media-visited-kharkiv-region\/#primaryimage"},"thumbnailUrl":"https:\/\/tdcenter.org\/wp-content\/uploads\/2023\/08\/photo_2023-08-18_14-52-53.jpg","datePublished":"2023-08-18T14:13:15+00:00","dateModified":"2025-08-05T18:11:24+00:00","description":"TDC successfully coordinated a visit for media representatives from Spain and Latin America to Ukraine. The delegation gained firsthand insights into the ongoing developments in the region, fostering better understanding and accurate reporting of the situation. This initiative demonstrates TDC's commitment to promoting informed and unbiased coverage of critical issues.","breadcrumb":{"@id":"https:\/\/tdcenter.org\/2023\/08\/18\/tdc-and-latin-american-media-visited-kharkiv-region\/#breadcrumb"},"inLanguage":"de","potentialAction":[{"@type":"ReadAction","target":["https:\/\/tdcenter.org\/2023\/08\/18\/tdc-and-latin-american-media-visited-kharkiv-region\/"]}]},{"@type":"ImageObject","inLanguage":"de","@id":"https:\/\/tdcenter.org\/2023\/08\/18\/tdc-and-latin-american-media-visited-kharkiv-region\/#primaryimage","url":"https:\/\/tdcenter.org\/wp-content\/uploads\/2023\/08\/photo_2023-08-18_14-52-53.jpg","contentUrl":"https:\/\/tdcenter.org\/wp-content\/uploads\/2023\/08\/photo_2023-08-18_14-52-53.jpg","width":1280,"height":960},{"@type":"BreadcrumbList","@id":"https:\/\/tdcenter.org\/2023\/08\/18\/tdc-and-latin-american-media-visited-kharkiv-region\/#breadcrumb","itemListElement":[{"@type":"ListItem","position":1,"name":"Home","item":"https:\/\/tdcenter.org\/"},{"@type":"ListItem","position":2,"name":"TDC and Latin American media visited Kharkiv region"}]},{"@type":"WebSite","@id":"https:\/\/tdcenter.org\/#website","url":"https:\/\/tdcenter.org\/","name":"Transatlantic Dialogue Center","description":"F\u00f6rderung des internationalen Friedens und der Sicherheit","publisher":{"@id":"https:\/\/tdcenter.org\/#organization"},"potentialAction":[{"@type":"SearchAction","target":{"@type":"EntryPoint","urlTemplate":"https:\/\/tdcenter.org\/?s={search_term_string}"},"query-input":{"@type":"PropertyValueSpecification","valueRequired":true,"valueName":"search_term_string"}}],"inLanguage":"de"},{"@type":"Organization","@id":"https:\/\/tdcenter.org\/#organization","name":"Transatlantic Dialogue Center","url":"https:\/\/tdcenter.org\/","logo":{"@type":"ImageObject","inLanguage":"de","@id":"https:\/\/tdcenter.org\/#\/schema\/logo\/image\/","url":"https:\/\/tdcenter.org\/wp-content\/uploads\/2022\/04\/google.png","contentUrl":"https:\/\/tdcenter.org\/wp-content\/uploads\/2022\/04\/google.png","width":2568,"height":2487,"caption":"Transatlantic Dialogue Center"},"image":{"@id":"https:\/\/tdcenter.org\/#\/schema\/logo\/image\/"},"sameAs":["https:\/\/www.facebook.com\/Transatlantic-Dialogue-Center-105645698740463","https:\/\/www.youtube.com\/channel\/UCpJuhU4JBfpv_jsldNOc5LA"]},{"@type":"Person","@id":"https:\/\/tdcenter.org\/#\/schema\/person\/2b76b794dbb8257325dc72d4fdee35ec","name":"Alina Rohach","image":{"@type":"ImageObject","inLanguage":"de","@id":"https:\/\/tdcenter.org\/#\/schema\/person\/image\/","url":"https:\/\/tdcenter.org\/wp-content\/litespeed\/avatar\/61eca207869235575ab8e6c478a7ca66.jpg?ver=1777459382","contentUrl":"https:\/\/tdcenter.org\/wp-content\/litespeed\/avatar\/61eca207869235575ab8e6c478a7ca66.jpg?ver=1777459382","caption":"Alina Rohach"}}]}},"mfb_rest_fields":["title","yoast_head","yoast_head_json","gutenberg_elementor_mode"],"_links":{"self":[{"href":"https:\/\/tdcenter.org\/de\/wp-json\/wp\/v2\/posts\/18797","targetHints":{"allow":["GET"]}}],"collection":[{"href":"https:\/\/tdcenter.org\/de\/wp-json\/wp\/v2\/posts"}],"about":[{"href":"https:\/\/tdcenter.org\/de\/wp-json\/wp\/v2\/types\/post"}],"author":[{"embeddable":true,"href":"https:\/\/tdcenter.org\/de\/wp-json\/wp\/v2\/users\/8"}],"replies":[{"embeddable":true,"href":"https:\/\/tdcenter.org\/de\/wp-json\/wp\/v2\/comments?post=18797"}],"version-history":[{"count":1,"href":"https:\/\/tdcenter.org\/de\/wp-json\/wp\/v2\/posts\/18797\/revisions"}],"predecessor-version":[{"id":31190,"href":"https:\/\/tdcenter.org\/de\/wp-json\/wp\/v2\/posts\/18797\/revisions\/31190"}],"wp:featuredmedia":[{"embeddable":true,"href":"https:\/\/tdcenter.org\/de\/wp-json\/wp\/v2\/media\/18799"}],"wp:attachment":[{"href":"https:\/\/tdcenter.org\/de\/wp-json\/wp\/v2\/media?parent=18797"}],"wp:term":[{"taxonomy":"category","embeddable":true,"href":"https:\/\/tdcenter.org\/de\/wp-json\/wp\/v2\/categories?post=18797"},{"taxonomy":"post_tag","embeddable":true,"href":"https:\/\/tdcenter.org\/de\/wp-json\/wp\/v2\/tags?post=18797"},{"taxonomy":"topic","embeddable":true,"href":"https:\/\/tdcenter.org\/de\/wp-json\/wp\/v2\/topic?post=18797"}],"curies":[{"name":"wp","href":"https:\/\/api.w.org\/{rel}","templated":true}]}}