{"id":1288,"date":"2022-03-05T16:24:12","date_gmt":"2022-03-05T14:24:12","guid":{"rendered":"https:\/\/tdcenter.org\/?p=1288"},"modified":"2022-03-06T01:18:09","modified_gmt":"2022-03-05T23:18:09","slug":"rede-des-prasidenten-der-ukraine-04-03-22-2245","status":"publish","type":"post","link":"https:\/\/tdcenter.org\/de\/2022\/03\/05\/rede-des-prasidenten-der-ukraine-04-03-22-2245\/","title":{"rendered":"Rede des Pr\u00e4sidenten der Ukraine 04.03.22. 22:45"},"content":{"rendered":"<figure class=\"wp-block-embed is-type-video is-provider-youtube wp-block-embed-youtube wp-embed-aspect-16-9 wp-has-aspect-ratio\"><div class=\"wp-block-embed__wrapper\">\n<iframe title=\"Ansprache von Pr\u00e4sident Selenskyj an die Nation. 04.03.2022\" width=\"800\" height=\"450\" src=\"https:\/\/www.youtube.com\/embed\/-R6Z6BEc-3g?feature=oembed\" frameborder=\"0\" allow=\"accelerometer; autoplay; clipboard-write; encrypted-media; gyroscope; picture-in-picture\" allowfullscreen><\/iframe>\n<\/div><\/figure>\n\n\n\n<p>Das gro\u00dfe Volk des gro\u00dfen Landes. Das Land der St\u00e4rke, das Land der Freiheit. Das Volk der absoluten moralischen F\u00fchrung. Wir haben schon neun Tage der Dunkelheit durchgehalten, neun Tage des B\u00f6sen. Das ist dreimal l\u00e4nger, als die Dunkelheit und das B\u00f6se erwartet hatten. In diesen Augenblicken der h\u00f6chsten Gefahr haben wir so gut auf den Angriff reagiert, wie wir es gekonnt haben. Wir haben mit Heldentum, Solidarit\u00e4t und gegenseitiger Unterst\u00fctzung entgegnet. Wir haben auf unsere, ukrainische Art geantwortet. In solcher Weise, dass es in der Geschichte Europas f\u00fcr immer im Gedenken bleibt. Man wird mit Kindern dar\u00fcber sprechen, man wird es den Enkelkindern zeigen. Der ganze Kontinent wird die Stadt Charkiw, die Stadt Tschernihiw, die Stadt Sumy, die Stadt Wolnowacha, die Stadt Mariupol, die Stadt Mykolajiw\u2026 und viele unserer anderen sch\u00f6nen St\u00e4dte kennen. Die lebendigen St\u00e4dte. Die St\u00e4dte, die die schlimmste Invasion seit dem Zweiten Weltkrieg erlebt haben.<\/p>\n\n\n\n<p>Ich sage dies ausdr\u00fccklich als eine vollendete Tatsache. Wir haben es durchgehalten. Unabh\u00e4ngig davon, wie die Situation gerade ist.<\/p>\n\n\n\n<p>Strategisch ist alles klar. Die Ukrainer sind vereint. Von Uschhorod bis Charkiw. Von Kyjiw bis Cherson.<\/p>\n\n\n\n<p>Ukrainer jagen den Feind in der N\u00e4he von Kyjiw, sie k\u00e4mpfen f\u00fcr Okhtyrka, ahnden f\u00fcr Hostomel und werden sich f\u00fcr Cherson r\u00e4chen.<\/p>\n\n\n\n<p>F\u00fcr unser Cherson. Ukrainisches Cherson, das man heute versucht hat, zu dem\u00fctigen. Aber es hat nicht geklappt. Wir haben nicht angegeben.<\/p>\n\n\n\n<p>Die Ukrainer haben sich bewiesen. Sie lie\u00dfen sich nicht in einem billigen zynischen Schauspiel verspotten, mit Almosen statt Hilfe.<\/p>\n\n\n\n<p>Mit Propaganda statt Aufrichtigkeit. Russische Propagandisten betrachteten unser Volk als sich selbst.<\/p>\n\n\n\n<p>Aber sie haben gesehen, dass die EinwohnerInnen von Cherson eine W\u00fcrde haben. Sie haben Respekt f\u00fcr sich selbst. Sie haben Respekt f\u00fcr die Ukraine. Sie haben Respekt daf\u00fcr.<\/p>\n\n\n\n<p>Ich verstehe, wie schwierig die Entscheidung ist, dem bewaffneten Feind gegen\u00fcberzutreten. Ich sp\u00fcre, wie riskant es ist, aber ich sehe, dass unsere Leute das ablehnen, nach den Regeln der Besatzer zu spielen. Dass unsere Leute Ukrainer bleiben. Dass sie mit unserem Staat verbleiben, ungeachtet davon, dass sie vor\u00fcbergehend in Finsternis geraten sind. Wenn russische Politiker noch Augen haben, werden sie sehen, was die Ukraine ausmacht. Was unsere Freiheit ausmacht. Die Besatzer dachten, sie k\u00f6nnten den Ukrainern das Fernsehen abschalten.<\/p>\n\n\n\n<p>Die Verbindung abschalten. Dass sie Essen wegnehmen k\u00f6nnen. Dass sie Strom und Heizung abstellen k\u00f6nnen.<\/p>\n\n\n\n<p>Sie dachten, es w\u00fcrde die Ukrainer dazu zwingen, sich zu unterwerfen. Aber selbst wenn sie uns den Sauerstoff entziehen\u2026 atmen wir tief ein, um zu erwidern: \u201eVerschwinde aus unserem Land\u201c.<\/p>\n\n\n\n<p>Selbst in v\u00f6lliger Finsternis sehen wir die Wahrheit und werden k\u00e4mpfen, bis es uns schwarz vor den Augen wird, denn wir sind Krieger des Lichts.<\/p>\n\n\n\n<p>Und heute kann niemand auf der Erde sagen, dass diese W\u00f6rter pathetisch sind.<\/p>\n\n\n\n<p>Der neunte Tag des Krieges. F\u00fcr viele von uns ist es \u00fcblich, sich am neunten Tag an diejenigen von uns zu erinnern, die leider nicht mehr unter uns weilen.<\/p>\n\n\n\n<p>Ewiges Gedenken an alle, die f\u00fcr die Ukraine gestorben sind.<\/p>\n\n\n\n<p>Leider sieht es heute so aus, dass wir noch etwas gedenken m\u00fcssen.<\/p>\n\n\n\n<p>Und zwar der Garantien und Sicherheitsversprechen, der Entschlossenheit der B\u00fcndnisse, der Werte, die f\u00fcr manche tot zu sein scheinen.<\/p>\n\n\n\n<p>Heute fand der NATO-Gipfel statt. Schwacher Gipfel. Verwirrter Gipfel. 03:42 Der Gipfel, der zeigt, dass nicht alle den Freiheitskampf f\u00fcr Europa als das Ziel Nummer Eins sehen.<\/p>\n\n\n\n<p>S\u00e4mtliche NATO-Geheimdienste sind sich der Pl\u00e4ne des Feindes v\u00f6llig bewusst. Sie haben auch best\u00e4tigt, dass Russland die Offensive fortsetzen wolle.<\/p>\n\n\n\n<p>Wie ist es m\u00f6glich? Neun Tage lang haben wir einen erbitterten Krieg gesehen. Unsere St\u00e4dte werden zerst\u00f6rt, unser Volk, unsere Kinder&#8230; Wohnviertel, Kirchen, Schulen werden beschossen. Es wird alles zerst\u00f6rt, was ein normales, menschliches Leben erm\u00f6glicht, und sie wollen es weiterf\u00fchren.<\/p>\n\n\n\n<p>In dem Wissen, dass neue Angriffe und Opfer unmittelbar bevorstehen, hat die NATO bewusst entschieden, den Himmel \u00fcber der Ukraine nicht zu schlie\u00dfen.<\/p>\n\n\n\n<p>Wir glauben, dass die NATO-Staaten das Narrativ selbst geschaffen haben, dass die Schlie\u00dfung des Himmels \u00fcber der Ukraine eine direkte Aggression Russlands gegen die NATO provozieren w\u00fcrde.<\/p>\n\n\n\n<p>Das ist die Selbsthypnose derjenigen, die schwach und innerlich unsicher sind,<\/p>\n\n\n\n<p>obwohl sie eine Waffe besitzen, die um ein Vielfaches st\u00e4rker als unsere ist.<\/p>\n\n\n\n<p>Man sollte an Menschen denken, an die Menschlichkeit.<\/p>\n\n\n\n<p>Und woran haben Sie bei diesem Gipfel gedacht?<\/p>\n\n\n\n<p>Alle Menschen, die ab diesem Tag sterben, werden auch Ihretwegen sterben.<\/p>\n\n\n\n<p>Wegen Ihrer Schw\u00e4che, wegen Ihrer Uneinigkeit. Alles, was das B\u00fcndnis bisher geschafft hat, ist, 50 Tonnen Dieselkraftstoff \u00fcber sein Beschaffungssystem an die Ukraine weiterzuleiten. Wahrscheinlich, daf\u00fcr, dass wir das Budapester Memorandum damit niederbrennen k\u00f6nnten.<\/p>\n\n\n\n<p>Damit es besser brennt. Aber f\u00fcr uns hat es bereits im Feuer der russischen Truppen gebrannt. 05:24 Haben wir etwa solche NATO gewollt?<\/p>\n\n\n\n<p>Haben Sie etwa solche Allianz aufbauen wollen?<\/p>\n\n\n\n<p>Heute gab die F\u00fchrung der Allianz gr\u00fcnes Licht f\u00fcr weitere Bombenangriffe auf ukrainische St\u00e4dte und D\u00f6rfer und weigerte sich, eine Flugverbotszone zu errichten.<\/p>\n\n\n\n<p>Sie konnten den Himmel schlie\u00dfen, aber\u2026 Aber\u2026<\/p>\n\n\n\n<p>Ich wei\u00df nicht, wen Sie sch\u00fctzen k\u00f6nnen und ob Sie Ihre L\u00e4nder, die Allianz-L\u00e4nder, sch\u00fctzen k\u00f6nnen.<\/p>\n\n\n\n<p>Sie werden uns mit einem Liter Benzin f\u00fcr einen Liter unseres Blutes nicht abfinden. Des Blutes, das f\u00fcr unser gemeinsames Europa, f\u00fcr unsere gemeinsame Freiheit, f\u00fcr unsere gemeinsame Zukunft vergossen wurde.<\/p>\n\n\n\n<p>Aber ich bin dennoch den Freunden unseres Landes dankbar.<\/p>\n\n\n\n<p>In der NATO gibt es viele L\u00e4nder, die unsere Freunde, unsere Partner, m\u00e4chtige Partner sind.<\/p>\n\n\n\n<p>Die, die unserem Staat helfen. Trotz allem. Trotz allen Entscheidungen.<\/p>\n\n\n\n<p>Sie haben uns seit dem ersten Tag der Invasion geholfen und werden uns bis zum Sieg helfen, davon bin ich \u00fcberzeugt.<\/p>\n\n\n\n<p>Und deshalb f\u00fchlen wir uns nicht allein.<\/p>\n\n\n\n<p>Wir k\u00e4mpfen weiter, wir werden unseren Staat sch\u00fctzen, wir werden unser Land dank unserer Helden befreien.<\/p>\n\n\n\n<p>Heute habe ich 76 ukrainischen Helden Orden und Medaillen f\u00fcr ihren pers\u00f6nlichen Mut und Einsatz f\u00fcr unsere Verteidigung verliehen.<\/p>\n\n\n\n<p>Bedauerlicherweise wurden 37 davon posthum verliehen.<\/p>\n\n\n\n<p>Den Titel Held der Ukraine habe ich dem Generalleutnant Oleksandr Oleksijowytsch Pawlyuk, dem Kommandeur der Operation der Vereinten Kr\u00e4fte, verliehen.<\/p>\n\n\n\n<p>Den milit\u00e4rischen Rang eines Brigadegenerals habe ich dem Oberst Schworok Wolodymyr Wassyliowytsch, dem stellvertretenden Kommandeur des Osteinsatzkommandos der Landstreitkr\u00e4fte der Streitkr\u00e4fte der Ukraine, verliehen.<\/p>\n\n\n\n<p>Den milit\u00e4rischen Rang eines Brigadegenerals der Justiz habe ich dem Oberst der Justiz Serhij Mykolayowytsch Melnyk, Leiter des Instituts f\u00fcr Milit\u00e4rrecht der Nationalen Rechtsuniversit\u00e4t Jaroslaw des Weisen, verliehen.<\/p>\n\n\n\n<p>Den Rang eines Brigadegenerals habe ich dem Oberst Bogomolow Artem Jewhenowitsch, dem stellvertretenden Kommandeur des Westeinsatzkommandos, verliehen.<\/p>\n\n\n\n<p>Den Rang eines Generals habe ich dem Oberbefehlshaber der Streitkr\u00e4fte der Ukraine Walerij Fedorowytsch Salushny verliehen.<\/p>\n\n\n\n<p>Ruhm der Ukraine!<\/p>","protected":false},"excerpt":{"rendered":"<p>Das gro\u00dfe Volk des gro\u00dfen Landes. Das Land der St\u00e4rke, das Land der Freiheit. Das Volk der absoluten moralischen F\u00fchrung. Wir haben schon neun Tage der Dunkelheit durchgehalten, neun Tage des B\u00f6sen. Das ist dreimal l\u00e4nger, als die Dunkelheit und das B\u00f6se erwartet hatten. In diesen Augenblicken der h\u00f6chsten Gefahr haben wir so gut auf [&hellip;]<\/p>","protected":false},"author":1,"featured_media":1284,"comment_status":"open","ping_status":"open","sticky":false,"template":"","format":"standard","meta":{"footnotes":""},"categories":[1],"tags":[],"topic":[],"class_list":["post-1288","post","type-post","status-publish","format-standard","has-post-thumbnail","hentry","category-uncategorized"],"mb":[],"yoast_head":"<!-- This site is optimized with the Yoast SEO Premium plugin v25.6 (Yoast SEO v25.6) - https:\/\/yoast.com\/wordpress\/plugins\/seo\/ -->\n<title>Rede des Pr\u00e4sidenten der Ukraine 04.03.22. 22:45 - Transatlantic Dialogue Center<\/title>\n<meta name=\"description\" content=\"Transatlantic Dialogue Center (TDC) is a non-governmental and non-partisan think tank that provides high-quality policy advice to private and public clients. The network of our friends and partners includes government officials, members of parliaments, businessmen, journalists, experts and analysts.\" \/>\n<meta name=\"robots\" content=\"index, follow, max-snippet:-1, max-image-preview:large, max-video-preview:-1\" \/>\n<link rel=\"canonical\" href=\"https:\/\/tdcenter.org\/de\/2022\/03\/05\/rede-des-prasidenten-der-ukraine-04-03-22-2245\/\" \/>\n<meta property=\"og:locale\" content=\"de_DE\" \/>\n<meta property=\"og:type\" content=\"article\" \/>\n<meta property=\"og:title\" content=\"Rede des Pr\u00e4sidenten der Ukraine 04.03.22. 22:45\" \/>\n<meta property=\"og:description\" content=\"Transatlantic Dialogue Center (TDC) is a non-governmental and non-partisan think tank that provides high-quality policy advice to private and public clients. The network of our friends and partners includes government officials, members of parliaments, businessmen, journalists, experts and analysts.\" \/>\n<meta property=\"og:url\" content=\"https:\/\/tdcenter.org\/de\/2022\/03\/05\/rede-des-prasidenten-der-ukraine-04-03-22-2245\/\" \/>\n<meta property=\"og:site_name\" content=\"Transatlantic Dialogue Center\" \/>\n<meta property=\"article:publisher\" content=\"https:\/\/www.facebook.com\/Transatlantic-Dialogue-Center-105645698740463\" \/>\n<meta property=\"article:published_time\" content=\"2022-03-05T14:24:12+00:00\" \/>\n<meta property=\"article:modified_time\" content=\"2022-03-05T23:18:09+00:00\" \/>\n<meta property=\"og:image\" content=\"https:\/\/tdcenter.org\/wp-content\/uploads\/2022\/03\/152693-1_large.jpg\" \/>\n\t<meta property=\"og:image:width\" content=\"1140\" \/>\n\t<meta property=\"og:image:height\" content=\"760\" \/>\n\t<meta property=\"og:image:type\" content=\"image\/jpeg\" \/>\n<meta name=\"author\" content=\"tdcadmin\" \/>\n<meta name=\"twitter:card\" content=\"summary_large_image\" \/>\n<meta name=\"twitter:label1\" content=\"Verfasst von\" \/>\n\t<meta name=\"twitter:data1\" content=\"tdcadmin\" \/>\n\t<meta name=\"twitter:label2\" content=\"Gesch\u00e4tzte Lesezeit\" \/>\n\t<meta name=\"twitter:data2\" content=\"6\u00a0Minuten\" \/>\n<script type=\"application\/ld+json\" class=\"yoast-schema-graph\">{\"@context\":\"https:\/\/schema.org\",\"@graph\":[{\"@type\":\"Article\",\"@id\":\"https:\/\/tdcenter.org\/2022\/03\/05\/rede-des-prasidenten-der-ukraine-04-03-22-2245\/#article\",\"isPartOf\":{\"@id\":\"https:\/\/tdcenter.org\/2022\/03\/05\/rede-des-prasidenten-der-ukraine-04-03-22-2245\/\"},\"author\":{\"name\":\"tdcadmin\",\"@id\":\"https:\/\/tdcenter.org\/#\/schema\/person\/93d6a1a71a5db737f83ae00987761c07\"},\"headline\":\"Rede des Pr\u00e4sidenten der Ukraine 04.03.22. 22:45\",\"datePublished\":\"2022-03-05T14:24:12+00:00\",\"dateModified\":\"2022-03-05T23:18:09+00:00\",\"mainEntityOfPage\":{\"@id\":\"https:\/\/tdcenter.org\/2022\/03\/05\/rede-des-prasidenten-der-ukraine-04-03-22-2245\/\"},\"wordCount\":1169,\"commentCount\":0,\"publisher\":{\"@id\":\"https:\/\/tdcenter.org\/#organization\"},\"image\":{\"@id\":\"https:\/\/tdcenter.org\/2022\/03\/05\/rede-des-prasidenten-der-ukraine-04-03-22-2245\/#primaryimage\"},\"thumbnailUrl\":\"https:\/\/tdcenter.org\/wp-content\/uploads\/2022\/03\/152693-1_large.jpg\",\"articleSection\":[\"Briefings\"],\"inLanguage\":\"de\",\"potentialAction\":[{\"@type\":\"CommentAction\",\"name\":\"Comment\",\"target\":[\"https:\/\/tdcenter.org\/2022\/03\/05\/rede-des-prasidenten-der-ukraine-04-03-22-2245\/#respond\"]}]},{\"@type\":\"WebPage\",\"@id\":\"https:\/\/tdcenter.org\/2022\/03\/05\/rede-des-prasidenten-der-ukraine-04-03-22-2245\/\",\"url\":\"https:\/\/tdcenter.org\/2022\/03\/05\/rede-des-prasidenten-der-ukraine-04-03-22-2245\/\",\"name\":\"Rede des Pr\u00e4sidenten der Ukraine 04.03.22. 22:45 - Transatlantic Dialogue Center\",\"isPartOf\":{\"@id\":\"https:\/\/tdcenter.org\/#website\"},\"primaryImageOfPage\":{\"@id\":\"https:\/\/tdcenter.org\/2022\/03\/05\/rede-des-prasidenten-der-ukraine-04-03-22-2245\/#primaryimage\"},\"image\":{\"@id\":\"https:\/\/tdcenter.org\/2022\/03\/05\/rede-des-prasidenten-der-ukraine-04-03-22-2245\/#primaryimage\"},\"thumbnailUrl\":\"https:\/\/tdcenter.org\/wp-content\/uploads\/2022\/03\/152693-1_large.jpg\",\"datePublished\":\"2022-03-05T14:24:12+00:00\",\"dateModified\":\"2022-03-05T23:18:09+00:00\",\"description\":\"Transatlantic Dialogue Center (TDC) is a non-governmental and non-partisan think tank that provides high-quality policy advice to private and public clients. The network of our friends and partners includes government officials, members of parliaments, businessmen, journalists, experts and analysts.\",\"breadcrumb\":{\"@id\":\"https:\/\/tdcenter.org\/2022\/03\/05\/rede-des-prasidenten-der-ukraine-04-03-22-2245\/#breadcrumb\"},\"inLanguage\":\"de\",\"potentialAction\":[{\"@type\":\"ReadAction\",\"target\":[\"https:\/\/tdcenter.org\/2022\/03\/05\/rede-des-prasidenten-der-ukraine-04-03-22-2245\/\"]}]},{\"@type\":\"ImageObject\",\"inLanguage\":\"de\",\"@id\":\"https:\/\/tdcenter.org\/2022\/03\/05\/rede-des-prasidenten-der-ukraine-04-03-22-2245\/#primaryimage\",\"url\":\"https:\/\/tdcenter.org\/wp-content\/uploads\/2022\/03\/152693-1_large.jpg\",\"contentUrl\":\"https:\/\/tdcenter.org\/wp-content\/uploads\/2022\/03\/152693-1_large.jpg\",\"width\":1140,\"height\":760},{\"@type\":\"BreadcrumbList\",\"@id\":\"https:\/\/tdcenter.org\/2022\/03\/05\/rede-des-prasidenten-der-ukraine-04-03-22-2245\/#breadcrumb\",\"itemListElement\":[{\"@type\":\"ListItem\",\"position\":1,\"name\":\"Home\",\"item\":\"https:\/\/tdcenter.org\/\"},{\"@type\":\"ListItem\",\"position\":2,\"name\":\"Rede des Pr\u00e4sidenten der Ukraine 04.03.22. 22:45\"}]},{\"@type\":\"WebSite\",\"@id\":\"https:\/\/tdcenter.org\/#website\",\"url\":\"https:\/\/tdcenter.org\/\",\"name\":\"Transatlantic Dialogue Center\",\"description\":\"Promoting International Peace and Security\",\"publisher\":{\"@id\":\"https:\/\/tdcenter.org\/#organization\"},\"potentialAction\":[{\"@type\":\"SearchAction\",\"target\":{\"@type\":\"EntryPoint\",\"urlTemplate\":\"https:\/\/tdcenter.org\/?s={search_term_string}\"},\"query-input\":{\"@type\":\"PropertyValueSpecification\",\"valueRequired\":true,\"valueName\":\"search_term_string\"}}],\"inLanguage\":\"de\"},{\"@type\":\"Organization\",\"@id\":\"https:\/\/tdcenter.org\/#organization\",\"name\":\"Transatlantic Dialogue Center\",\"url\":\"https:\/\/tdcenter.org\/\",\"logo\":{\"@type\":\"ImageObject\",\"inLanguage\":\"de\",\"@id\":\"https:\/\/tdcenter.org\/#\/schema\/logo\/image\/\",\"url\":\"https:\/\/tdcenter.org\/wp-content\/uploads\/2022\/04\/google.png\",\"contentUrl\":\"https:\/\/tdcenter.org\/wp-content\/uploads\/2022\/04\/google.png\",\"width\":2568,\"height\":2487,\"caption\":\"Transatlantic Dialogue Center\"},\"image\":{\"@id\":\"https:\/\/tdcenter.org\/#\/schema\/logo\/image\/\"},\"sameAs\":[\"https:\/\/www.facebook.com\/Transatlantic-Dialogue-Center-105645698740463\",\"https:\/\/www.youtube.com\/channel\/UCpJuhU4JBfpv_jsldNOc5LA\"]},{\"@type\":\"Person\",\"@id\":\"https:\/\/tdcenter.org\/#\/schema\/person\/93d6a1a71a5db737f83ae00987761c07\",\"name\":\"tdcadmin\",\"image\":{\"@type\":\"ImageObject\",\"inLanguage\":\"de\",\"@id\":\"https:\/\/tdcenter.org\/#\/schema\/person\/image\/\",\"url\":\"https:\/\/tdcenter.org\/wp-content\/litespeed\/avatar\/591094187f87a3c5c4f3f5415d24bd3d.jpg?ver=1777459311\",\"contentUrl\":\"https:\/\/tdcenter.org\/wp-content\/litespeed\/avatar\/591094187f87a3c5c4f3f5415d24bd3d.jpg?ver=1777459311\",\"caption\":\"tdcadmin\"},\"sameAs\":[\"https:\/\/tdcenter.org\"]}]}<\/script>\n<!-- \/ Yoast SEO Premium plugin. -->","yoast_head_json":{"title":"Rede des Pr\u00e4sidenten der Ukraine 04.03.22. 22:45 - Transatlantic Dialogue Center","description":"Transatlantic Dialogue Center (TDC) is a non-governmental and non-partisan think tank that provides high-quality policy advice to private and public clients. The network of our friends and partners includes government officials, members of parliaments, businessmen, journalists, experts and analysts.","robots":{"index":"index","follow":"follow","max-snippet":"max-snippet:-1","max-image-preview":"max-image-preview:large","max-video-preview":"max-video-preview:-1"},"canonical":"https:\/\/tdcenter.org\/de\/2022\/03\/05\/rede-des-prasidenten-der-ukraine-04-03-22-2245\/","og_locale":"de_DE","og_type":"article","og_title":"Rede des Pr\u00e4sidenten der Ukraine 04.03.22. 22:45","og_description":"Transatlantic Dialogue Center (TDC) is a non-governmental and non-partisan think tank that provides high-quality policy advice to private and public clients. The network of our friends and partners includes government officials, members of parliaments, businessmen, journalists, experts and analysts.","og_url":"https:\/\/tdcenter.org\/de\/2022\/03\/05\/rede-des-prasidenten-der-ukraine-04-03-22-2245\/","og_site_name":"Transatlantic Dialogue Center","article_publisher":"https:\/\/www.facebook.com\/Transatlantic-Dialogue-Center-105645698740463","article_published_time":"2022-03-05T14:24:12+00:00","article_modified_time":"2022-03-05T23:18:09+00:00","og_image":[{"width":1140,"height":760,"url":"https:\/\/tdcenter.org\/wp-content\/uploads\/2022\/03\/152693-1_large.jpg","type":"image\/jpeg"}],"author":"tdcadmin","twitter_card":"summary_large_image","twitter_misc":{"Verfasst von":"tdcadmin","Gesch\u00e4tzte Lesezeit":"6\u00a0Minuten"},"schema":{"@context":"https:\/\/schema.org","@graph":[{"@type":"Article","@id":"https:\/\/tdcenter.org\/2022\/03\/05\/rede-des-prasidenten-der-ukraine-04-03-22-2245\/#article","isPartOf":{"@id":"https:\/\/tdcenter.org\/2022\/03\/05\/rede-des-prasidenten-der-ukraine-04-03-22-2245\/"},"author":{"name":"tdcadmin","@id":"https:\/\/tdcenter.org\/#\/schema\/person\/93d6a1a71a5db737f83ae00987761c07"},"headline":"Rede des Pr\u00e4sidenten der Ukraine 04.03.22. 22:45","datePublished":"2022-03-05T14:24:12+00:00","dateModified":"2022-03-05T23:18:09+00:00","mainEntityOfPage":{"@id":"https:\/\/tdcenter.org\/2022\/03\/05\/rede-des-prasidenten-der-ukraine-04-03-22-2245\/"},"wordCount":1169,"commentCount":0,"publisher":{"@id":"https:\/\/tdcenter.org\/#organization"},"image":{"@id":"https:\/\/tdcenter.org\/2022\/03\/05\/rede-des-prasidenten-der-ukraine-04-03-22-2245\/#primaryimage"},"thumbnailUrl":"https:\/\/tdcenter.org\/wp-content\/uploads\/2022\/03\/152693-1_large.jpg","articleSection":["Briefings"],"inLanguage":"de","potentialAction":[{"@type":"CommentAction","name":"Comment","target":["https:\/\/tdcenter.org\/2022\/03\/05\/rede-des-prasidenten-der-ukraine-04-03-22-2245\/#respond"]}]},{"@type":"WebPage","@id":"https:\/\/tdcenter.org\/2022\/03\/05\/rede-des-prasidenten-der-ukraine-04-03-22-2245\/","url":"https:\/\/tdcenter.org\/2022\/03\/05\/rede-des-prasidenten-der-ukraine-04-03-22-2245\/","name":"Rede des Pr\u00e4sidenten der Ukraine 04.03.22. 22:45 - Transatlantic Dialogue Center","isPartOf":{"@id":"https:\/\/tdcenter.org\/#website"},"primaryImageOfPage":{"@id":"https:\/\/tdcenter.org\/2022\/03\/05\/rede-des-prasidenten-der-ukraine-04-03-22-2245\/#primaryimage"},"image":{"@id":"https:\/\/tdcenter.org\/2022\/03\/05\/rede-des-prasidenten-der-ukraine-04-03-22-2245\/#primaryimage"},"thumbnailUrl":"https:\/\/tdcenter.org\/wp-content\/uploads\/2022\/03\/152693-1_large.jpg","datePublished":"2022-03-05T14:24:12+00:00","dateModified":"2022-03-05T23:18:09+00:00","description":"Transatlantic Dialogue Center (TDC) is a non-governmental and non-partisan think tank that provides high-quality policy advice to private and public clients. The network of our friends and partners includes government officials, members of parliaments, businessmen, journalists, experts and analysts.","breadcrumb":{"@id":"https:\/\/tdcenter.org\/2022\/03\/05\/rede-des-prasidenten-der-ukraine-04-03-22-2245\/#breadcrumb"},"inLanguage":"de","potentialAction":[{"@type":"ReadAction","target":["https:\/\/tdcenter.org\/2022\/03\/05\/rede-des-prasidenten-der-ukraine-04-03-22-2245\/"]}]},{"@type":"ImageObject","inLanguage":"de","@id":"https:\/\/tdcenter.org\/2022\/03\/05\/rede-des-prasidenten-der-ukraine-04-03-22-2245\/#primaryimage","url":"https:\/\/tdcenter.org\/wp-content\/uploads\/2022\/03\/152693-1_large.jpg","contentUrl":"https:\/\/tdcenter.org\/wp-content\/uploads\/2022\/03\/152693-1_large.jpg","width":1140,"height":760},{"@type":"BreadcrumbList","@id":"https:\/\/tdcenter.org\/2022\/03\/05\/rede-des-prasidenten-der-ukraine-04-03-22-2245\/#breadcrumb","itemListElement":[{"@type":"ListItem","position":1,"name":"Home","item":"https:\/\/tdcenter.org\/"},{"@type":"ListItem","position":2,"name":"Rede des Pr\u00e4sidenten der Ukraine 04.03.22. 22:45"}]},{"@type":"WebSite","@id":"https:\/\/tdcenter.org\/#website","url":"https:\/\/tdcenter.org\/","name":"Transatlantic Dialogue Center","description":"F\u00f6rderung des internationalen Friedens und der Sicherheit","publisher":{"@id":"https:\/\/tdcenter.org\/#organization"},"potentialAction":[{"@type":"SearchAction","target":{"@type":"EntryPoint","urlTemplate":"https:\/\/tdcenter.org\/?s={search_term_string}"},"query-input":{"@type":"PropertyValueSpecification","valueRequired":true,"valueName":"search_term_string"}}],"inLanguage":"de"},{"@type":"Organization","@id":"https:\/\/tdcenter.org\/#organization","name":"Transatlantic Dialogue Center","url":"https:\/\/tdcenter.org\/","logo":{"@type":"ImageObject","inLanguage":"de","@id":"https:\/\/tdcenter.org\/#\/schema\/logo\/image\/","url":"https:\/\/tdcenter.org\/wp-content\/uploads\/2022\/04\/google.png","contentUrl":"https:\/\/tdcenter.org\/wp-content\/uploads\/2022\/04\/google.png","width":2568,"height":2487,"caption":"Transatlantic Dialogue Center"},"image":{"@id":"https:\/\/tdcenter.org\/#\/schema\/logo\/image\/"},"sameAs":["https:\/\/www.facebook.com\/Transatlantic-Dialogue-Center-105645698740463","https:\/\/www.youtube.com\/channel\/UCpJuhU4JBfpv_jsldNOc5LA"]},{"@type":"Person","@id":"https:\/\/tdcenter.org\/#\/schema\/person\/93d6a1a71a5db737f83ae00987761c07","name":"tdcadmin","image":{"@type":"ImageObject","inLanguage":"de","@id":"https:\/\/tdcenter.org\/#\/schema\/person\/image\/","url":"https:\/\/tdcenter.org\/wp-content\/litespeed\/avatar\/591094187f87a3c5c4f3f5415d24bd3d.jpg?ver=1777459311","contentUrl":"https:\/\/tdcenter.org\/wp-content\/litespeed\/avatar\/591094187f87a3c5c4f3f5415d24bd3d.jpg?ver=1777459311","caption":"tdcadmin"},"sameAs":["https:\/\/tdcenter.org"]}]}},"mfb_rest_fields":["title","yoast_head","yoast_head_json","gutenberg_elementor_mode"],"_links":{"self":[{"href":"https:\/\/tdcenter.org\/de\/wp-json\/wp\/v2\/posts\/1288","targetHints":{"allow":["GET"]}}],"collection":[{"href":"https:\/\/tdcenter.org\/de\/wp-json\/wp\/v2\/posts"}],"about":[{"href":"https:\/\/tdcenter.org\/de\/wp-json\/wp\/v2\/types\/post"}],"author":[{"embeddable":true,"href":"https:\/\/tdcenter.org\/de\/wp-json\/wp\/v2\/users\/1"}],"replies":[{"embeddable":true,"href":"https:\/\/tdcenter.org\/de\/wp-json\/wp\/v2\/comments?post=1288"}],"version-history":[{"count":0,"href":"https:\/\/tdcenter.org\/de\/wp-json\/wp\/v2\/posts\/1288\/revisions"}],"wp:featuredmedia":[{"embeddable":true,"href":"https:\/\/tdcenter.org\/de\/wp-json\/wp\/v2\/media\/1284"}],"wp:attachment":[{"href":"https:\/\/tdcenter.org\/de\/wp-json\/wp\/v2\/media?parent=1288"}],"wp:term":[{"taxonomy":"category","embeddable":true,"href":"https:\/\/tdcenter.org\/de\/wp-json\/wp\/v2\/categories?post=1288"},{"taxonomy":"post_tag","embeddable":true,"href":"https:\/\/tdcenter.org\/de\/wp-json\/wp\/v2\/tags?post=1288"},{"taxonomy":"topic","embeddable":true,"href":"https:\/\/tdcenter.org\/de\/wp-json\/wp\/v2\/topic?post=1288"}],"curies":[{"name":"wp","href":"https:\/\/api.w.org\/{rel}","templated":true}]}}